{"id":1015,"date":"2013-09-22T09:30:12","date_gmt":"2013-09-22T07:30:12","guid":{"rendered":"http:\/\/elcabilo.com\/radio\/?p=1015"},"modified":"2013-09-22T09:36:40","modified_gmt":"2013-09-22T07:36:40","slug":"la-ciencia-de-cada-dia-5-bioquimica-del-vi","status":"publish","type":"post","link":"https:\/\/elcabilo.com\/radio\/2013\/09\/22\/la-ciencia-de-cada-dia-5-bioquimica-del-vi\/","title":{"rendered":"La ci\u00e8ncia de cada dia: 5.Bioqu\u00edmica del vi"},"content":{"rendered":"<p style=\"text-align: justify;\">El vi forma part de la nostra cultura. Des de segles elaborem el vi artesanalment en les cases de camp, cuidant el ra\u00efm durant tot l&#8217;any fins que arriba la festa de la verema. Despr\u00e9s, esperem pacientment a que el most evolucione poc a poc fins donar-nos aquesta beguda tan caracter\u00edstica i que pareix que en els \u00faltims anys est\u00e0 agafant m\u00e9s protagonisme.<\/p>\n<p style=\"text-align: justify;\">Per\u00f2, sabem que en tot el proc\u00e9s d&#8217;elaboraci\u00f3 del vi estan involucrades milers de subst\u00e0ncies qu\u00edmiques amb les seues reaccions? Sabem que s\u00f3n \u00a0microorganismes els encarregats fonamentalment de la transformaci\u00f3 del most en vi? Hui parlarem de la qu\u00edmica org\u00e0nica i totes aquestes subst\u00e0ncies i reaccions bioqu\u00edmiques importants en l&#8217;elaboraci\u00f3 del vi.<\/p>\n<p style=\"text-align: center;\"><a class=\"{skin:'blue', animate:true, width:'200', volume:0.6, autoplay:false, loop:false, showVolumeLevel:true, showTime:true, showRew:true, downloadable:true, downloadablesecurity:false, id3: false}\" id=\"mbmaplayer_1379714376150\" href=\"http:\/\/archive.org\/download\/ciencia_setembre_13\/Programa_05-Bioquimica_del_vi.mp3\">La ci\u00e8ncia de cada dia: 5\u00e9 programa<\/a><span class=\"map_params\" style=\"display: block; width: 100px; font-family: arial, sans-serif; padding: 5px; border-radius: 7px; background: #6f6f6f; color: #fff; text-decoration: none;\"> \u25b6 custom player<\/span><\/p>\n","protected":false},"excerpt":{"rendered":"<p>El vi forma part de la nostra cultura. Des de segles elaborem el vi artesanalment en les cases de camp, cuidant el ra\u00efm durant tot l&#8217;any fins que arriba la festa de la verema. Despr\u00e9s, esperem pacientment a que el most evolucione poc a poc fins donar-nos aquesta beguda tan caracter\u00edstica i que pareix que [&hellip;]<\/p>\n","protected":false},"author":272,"featured_media":1016,"comment_status":"open","ping_status":"open","sticky":false,"template":"","format":"standard","meta":{"_exactmetrics_skip_tracking":false,"footnotes":""},"categories":[9],"tags":[],"class_list":["post-1015","post","type-post","status-publish","format-standard","has-post-thumbnail","hentry","category-ciencia"],"aioseo_notices":[],"aioseo_head":"\n\t\t<!-- All in One SEO 5.0.1 - aioseo.com -->\n\t<meta name=\"description\" content=\"El vi forma part de la nostra cultura. Des de segles elaborem el vi artesanalment en les cases de camp, cuidant el ra\u00efm durant tot l&#039;any fins que arriba la festa de la verema. Despr\u00e9s, esperem pacientment a que el most evolucione poc a poc fins donar-nos aquesta beguda tan caracter\u00edstica i que pareix que\" \/>\n\t<meta name=\"robots\" content=\"max-image-preview:large\" \/>\n\t<meta name=\"author\" content=\"radio\"\/>\n\t<link rel=\"canonical\" href=\"https:\/\/elcabilo.com\/radio\/2013\/09\/22\/la-ciencia-de-cada-dia-5-bioquimica-del-vi\/\" \/>\n\t<meta name=\"generator\" content=\"All in One SEO (AIOSEO) 5.0.1\" \/>\n\t\t<meta property=\"og:locale\" content=\"ca_ES\" \/>\n\t\t<meta property=\"og:site_name\" content=\"Cabil\u00f3R\u00e0dio - La r\u00e0dio online de Sella\" \/>\n\t\t<meta property=\"og:type\" content=\"article\" \/>\n\t\t<meta property=\"og:title\" content=\"La ci\u00e8ncia de cada dia: 5.Bioqu\u00edmica del vi - Cabil\u00f3R\u00e0dio\" \/>\n\t\t<meta property=\"og:description\" content=\"El vi forma part de la nostra cultura. Des de segles elaborem el vi artesanalment en les cases de camp, cuidant el ra\u00efm durant tot l&#039;any fins que arriba la festa de la verema. Despr\u00e9s, esperem pacientment a que el most evolucione poc a poc fins donar-nos aquesta beguda tan caracter\u00edstica i que pareix que\" \/>\n\t\t<meta property=\"og:url\" content=\"https:\/\/elcabilo.com\/radio\/2013\/09\/22\/la-ciencia-de-cada-dia-5-bioquimica-del-vi\/\" \/>\n\t\t<meta property=\"og:image\" content=\"https:\/\/elcabilo.com\/radio\/files\/2023\/01\/cropped-logo_radio-1.gif\" \/>\n\t\t<meta property=\"og:image:secure_url\" content=\"https:\/\/elcabilo.com\/radio\/files\/2023\/01\/cropped-logo_radio-1.gif\" \/>\n\t\t<meta property=\"article:published_time\" content=\"2013-09-22T07:30:12+00:00\" \/>\n\t\t<meta property=\"article:modified_time\" content=\"2013-09-22T07:36:40+00:00\" \/>\n\t\t<meta name=\"twitter:card\" content=\"summary_large_image\" \/>\n\t\t<meta name=\"twitter:title\" content=\"La ci\u00e8ncia de cada dia: 5.Bioqu\u00edmica del vi - Cabil\u00f3R\u00e0dio\" \/>\n\t\t<meta name=\"twitter:description\" content=\"El vi forma part de la nostra cultura. Des de segles elaborem el vi artesanalment en les cases de camp, cuidant el ra\u00efm durant tot l&#039;any fins que arriba la festa de la verema. Despr\u00e9s, esperem pacientment a que el most evolucione poc a poc fins donar-nos aquesta beguda tan caracter\u00edstica i que pareix que\" \/>\n\t\t<meta name=\"twitter:image\" content=\"https:\/\/elcabilo.com\/radio\/files\/2023\/01\/cropped-logo_radio-1.gif\" \/>\n\t\t<script type=\"application\/ld+json\" class=\"aioseo-schema\">\n\t\t\t{\"@context\":\"https:\\\/\\\/schema.org\",\"@graph\":[{\"@type\":\"BlogPosting\",\"@id\":\"https:\\\/\\\/elcabilo.com\\\/radio\\\/2013\\\/09\\\/22\\\/la-ciencia-de-cada-dia-5-bioquimica-del-vi\\\/#blogposting\",\"name\":\"La ci\\u00e8ncia de cada dia: 5.Bioqu\\u00edmica del vi - Cabil\\u00f3R\\u00e0dio\",\"headline\":\"La ci\\u00e8ncia de cada dia: 5.Bioqu\\u00edmica del vi\",\"author\":{\"@id\":\"https:\\\/\\\/elcabilo.com\\\/radio\\\/author\\\/radio\\\/#author\"},\"publisher\":{\"@id\":\"https:\\\/\\\/elcabilo.com\\\/radio\\\/#organization\"},\"image\":{\"@type\":\"ImageObject\",\"url\":\"https:\\\/\\\/elcabilo.com\\\/radio\\\/files\\\/2013\\\/09\\\/ciencia05.jpg\",\"width\":900,\"height\":301},\"datePublished\":\"2013-09-22T09:30:12+02:00\",\"dateModified\":\"2013-09-22T09:36:40+02:00\",\"inLanguage\":\"ca\",\"commentCount\":5,\"mainEntityOfPage\":{\"@id\":\"https:\\\/\\\/elcabilo.com\\\/radio\\\/2013\\\/09\\\/22\\\/la-ciencia-de-cada-dia-5-bioquimica-del-vi\\\/#webpage\"},\"isPartOf\":{\"@id\":\"https:\\\/\\\/elcabilo.com\\\/radio\\\/2013\\\/09\\\/22\\\/la-ciencia-de-cada-dia-5-bioquimica-del-vi\\\/#webpage\"},\"articleSection\":\"La ci\\u00e8ncia de cada dia\"},{\"@type\":\"BreadcrumbList\",\"@id\":\"https:\\\/\\\/elcabilo.com\\\/radio\\\/2013\\\/09\\\/22\\\/la-ciencia-de-cada-dia-5-bioquimica-del-vi\\\/#breadcrumblist\",\"itemListElement\":[{\"@type\":\"ListItem\",\"@id\":\"https:\\\/\\\/elcabilo.com\\\/radio#listItem\",\"position\":1,\"name\":\"Home\",\"item\":\"https:\\\/\\\/elcabilo.com\\\/radio\",\"nextItem\":{\"@type\":\"ListItem\",\"@id\":\"https:\\\/\\\/elcabilo.com\\\/radio\\\/category\\\/programes\\\/#listItem\",\"name\":\"Programes\"}},{\"@type\":\"ListItem\",\"@id\":\"https:\\\/\\\/elcabilo.com\\\/radio\\\/category\\\/programes\\\/#listItem\",\"position\":2,\"name\":\"Programes\",\"item\":\"https:\\\/\\\/elcabilo.com\\\/radio\\\/category\\\/programes\\\/\",\"nextItem\":{\"@type\":\"ListItem\",\"@id\":\"https:\\\/\\\/elcabilo.com\\\/radio\\\/category\\\/programes\\\/ciencia\\\/#listItem\",\"name\":\"La ci\\u00e8ncia de cada dia\"},\"previousItem\":{\"@type\":\"ListItem\",\"@id\":\"https:\\\/\\\/elcabilo.com\\\/radio#listItem\",\"name\":\"Home\"}},{\"@type\":\"ListItem\",\"@id\":\"https:\\\/\\\/elcabilo.com\\\/radio\\\/category\\\/programes\\\/ciencia\\\/#listItem\",\"position\":3,\"name\":\"La ci\\u00e8ncia de cada dia\",\"item\":\"https:\\\/\\\/elcabilo.com\\\/radio\\\/category\\\/programes\\\/ciencia\\\/\",\"nextItem\":{\"@type\":\"ListItem\",\"@id\":\"https:\\\/\\\/elcabilo.com\\\/radio\\\/2013\\\/09\\\/22\\\/la-ciencia-de-cada-dia-5-bioquimica-del-vi\\\/#listItem\",\"name\":\"La ci\\u00e8ncia de cada dia: 5.Bioqu\\u00edmica del vi\"},\"previousItem\":{\"@type\":\"ListItem\",\"@id\":\"https:\\\/\\\/elcabilo.com\\\/radio\\\/category\\\/programes\\\/#listItem\",\"name\":\"Programes\"}},{\"@type\":\"ListItem\",\"@id\":\"https:\\\/\\\/elcabilo.com\\\/radio\\\/2013\\\/09\\\/22\\\/la-ciencia-de-cada-dia-5-bioquimica-del-vi\\\/#listItem\",\"position\":4,\"name\":\"La ci\\u00e8ncia de cada dia: 5.Bioqu\\u00edmica del vi\",\"previousItem\":{\"@type\":\"ListItem\",\"@id\":\"https:\\\/\\\/elcabilo.com\\\/radio\\\/category\\\/programes\\\/ciencia\\\/#listItem\",\"name\":\"La ci\\u00e8ncia de cada dia\"}}]},{\"@type\":\"Organization\",\"@id\":\"https:\\\/\\\/elcabilo.com\\\/radio\\\/#organization\",\"name\":\"Cabil\\u00f3 R\\u00e0dio\",\"description\":\"La r\\u00e0dio online de Sella\",\"url\":\"https:\\\/\\\/elcabilo.com\\\/radio\\\/\",\"logo\":{\"@type\":\"ImageObject\",\"url\":\"https:\\\/\\\/elcabilo.com\\\/radio\\\/files\\\/2023\\\/01\\\/cropped-logo_radio-1.gif\",\"@id\":\"https:\\\/\\\/elcabilo.com\\\/radio\\\/2013\\\/09\\\/22\\\/la-ciencia-de-cada-dia-5-bioquimica-del-vi\\\/#organizationLogo\",\"width\":250,\"height\":50},\"image\":{\"@id\":\"https:\\\/\\\/elcabilo.com\\\/radio\\\/2013\\\/09\\\/22\\\/la-ciencia-de-cada-dia-5-bioquimica-del-vi\\\/#organizationLogo\"}},{\"@type\":\"Person\",\"@id\":\"https:\\\/\\\/elcabilo.com\\\/radio\\\/author\\\/radio\\\/#author\",\"url\":\"https:\\\/\\\/elcabilo.com\\\/radio\\\/author\\\/radio\\\/\",\"name\":\"radio\",\"image\":{\"@type\":\"ImageObject\",\"@id\":\"https:\\\/\\\/elcabilo.com\\\/radio\\\/2013\\\/09\\\/22\\\/la-ciencia-de-cada-dia-5-bioquimica-del-vi\\\/#authorImage\",\"url\":\"https:\\\/\\\/secure.gravatar.com\\\/avatar\\\/bb687b465db46b8e9255d0921cc346091032a91fe77f93721088d5decb8a2d1a?s=96&d=mm&r=g\",\"width\":96,\"height\":96,\"caption\":\"radio\"}},{\"@type\":\"WebPage\",\"@id\":\"https:\\\/\\\/elcabilo.com\\\/radio\\\/2013\\\/09\\\/22\\\/la-ciencia-de-cada-dia-5-bioquimica-del-vi\\\/#webpage\",\"url\":\"https:\\\/\\\/elcabilo.com\\\/radio\\\/2013\\\/09\\\/22\\\/la-ciencia-de-cada-dia-5-bioquimica-del-vi\\\/\",\"name\":\"La ci\\u00e8ncia de cada dia: 5.Bioqu\\u00edmica del vi - Cabil\\u00f3R\\u00e0dio\",\"description\":\"El vi forma part de la nostra cultura. Des de segles elaborem el vi artesanalment en les cases de camp, cuidant el ra\\u00efm durant tot l'any fins que arriba la festa de la verema. Despr\\u00e9s, esperem pacientment a que el most evolucione poc a poc fins donar-nos aquesta beguda tan caracter\\u00edstica i que pareix que\",\"inLanguage\":\"ca\",\"isPartOf\":{\"@id\":\"https:\\\/\\\/elcabilo.com\\\/radio\\\/#website\"},\"breadcrumb\":{\"@id\":\"https:\\\/\\\/elcabilo.com\\\/radio\\\/2013\\\/09\\\/22\\\/la-ciencia-de-cada-dia-5-bioquimica-del-vi\\\/#breadcrumblist\"},\"author\":{\"@id\":\"https:\\\/\\\/elcabilo.com\\\/radio\\\/author\\\/radio\\\/#author\"},\"creator\":{\"@id\":\"https:\\\/\\\/elcabilo.com\\\/radio\\\/author\\\/radio\\\/#author\"},\"image\":{\"@type\":\"ImageObject\",\"url\":\"https:\\\/\\\/elcabilo.com\\\/radio\\\/files\\\/2013\\\/09\\\/ciencia05.jpg\",\"@id\":\"https:\\\/\\\/elcabilo.com\\\/radio\\\/2013\\\/09\\\/22\\\/la-ciencia-de-cada-dia-5-bioquimica-del-vi\\\/#mainImage\",\"width\":900,\"height\":301},\"primaryImageOfPage\":{\"@id\":\"https:\\\/\\\/elcabilo.com\\\/radio\\\/2013\\\/09\\\/22\\\/la-ciencia-de-cada-dia-5-bioquimica-del-vi\\\/#mainImage\"},\"datePublished\":\"2013-09-22T09:30:12+02:00\",\"dateModified\":\"2013-09-22T09:36:40+02:00\"},{\"@type\":\"WebSite\",\"@id\":\"https:\\\/\\\/elcabilo.com\\\/radio\\\/#website\",\"url\":\"https:\\\/\\\/elcabilo.com\\\/radio\\\/\",\"name\":\"Cabil\\u00f3 R\\u00e0dio\",\"description\":\"La r\\u00e0dio online de Sella\",\"inLanguage\":\"ca\",\"publisher\":{\"@id\":\"https:\\\/\\\/elcabilo.com\\\/radio\\\/#organization\"}}]}\n\t\t<\/script>\n\t\t<!-- All in One SEO -->\n\n","aioseo_head_json":{"title":"La ci\u00e8ncia de cada dia: 5.Bioqu\u00edmica del vi - Cabil\u00f3R\u00e0dio","description":"El vi forma part de la nostra cultura. Des de segles elaborem el vi artesanalment en les cases de camp, cuidant el ra\u00efm durant tot l'any fins que arriba la festa de la verema. Despr\u00e9s, esperem pacientment a que el most evolucione poc a poc fins donar-nos aquesta beguda tan caracter\u00edstica i que pareix que","canonical_url":"https:\/\/elcabilo.com\/radio\/2013\/09\/22\/la-ciencia-de-cada-dia-5-bioquimica-del-vi\/","robots":"max-image-preview:large","keywords":"","webmasterTools":{"miscellaneous":""},"schema":{"@context":"https:\/\/schema.org","@graph":[{"@type":"BlogPosting","@id":"https:\/\/elcabilo.com\/radio\/2013\/09\/22\/la-ciencia-de-cada-dia-5-bioquimica-del-vi\/#blogposting","name":"La ci\u00e8ncia de cada dia: 5.Bioqu\u00edmica del vi - Cabil\u00f3R\u00e0dio","headline":"La ci\u00e8ncia de cada dia: 5.Bioqu\u00edmica del vi","author":{"@id":"https:\/\/elcabilo.com\/radio\/author\/radio\/#author"},"publisher":{"@id":"https:\/\/elcabilo.com\/radio\/#organization"},"image":{"@type":"ImageObject","url":"https:\/\/elcabilo.com\/radio\/files\/2013\/09\/ciencia05.jpg","width":900,"height":301},"datePublished":"2013-09-22T09:30:12+02:00","dateModified":"2013-09-22T09:36:40+02:00","inLanguage":"ca","commentCount":5,"mainEntityOfPage":{"@id":"https:\/\/elcabilo.com\/radio\/2013\/09\/22\/la-ciencia-de-cada-dia-5-bioquimica-del-vi\/#webpage"},"isPartOf":{"@id":"https:\/\/elcabilo.com\/radio\/2013\/09\/22\/la-ciencia-de-cada-dia-5-bioquimica-del-vi\/#webpage"},"articleSection":"La ci\u00e8ncia de cada dia"},{"@type":"BreadcrumbList","@id":"https:\/\/elcabilo.com\/radio\/2013\/09\/22\/la-ciencia-de-cada-dia-5-bioquimica-del-vi\/#breadcrumblist","itemListElement":[{"@type":"ListItem","@id":"https:\/\/elcabilo.com\/radio#listItem","position":1,"name":"Home","item":"https:\/\/elcabilo.com\/radio","nextItem":{"@type":"ListItem","@id":"https:\/\/elcabilo.com\/radio\/category\/programes\/#listItem","name":"Programes"}},{"@type":"ListItem","@id":"https:\/\/elcabilo.com\/radio\/category\/programes\/#listItem","position":2,"name":"Programes","item":"https:\/\/elcabilo.com\/radio\/category\/programes\/","nextItem":{"@type":"ListItem","@id":"https:\/\/elcabilo.com\/radio\/category\/programes\/ciencia\/#listItem","name":"La ci\u00e8ncia de cada dia"},"previousItem":{"@type":"ListItem","@id":"https:\/\/elcabilo.com\/radio#listItem","name":"Home"}},{"@type":"ListItem","@id":"https:\/\/elcabilo.com\/radio\/category\/programes\/ciencia\/#listItem","position":3,"name":"La ci\u00e8ncia de cada dia","item":"https:\/\/elcabilo.com\/radio\/category\/programes\/ciencia\/","nextItem":{"@type":"ListItem","@id":"https:\/\/elcabilo.com\/radio\/2013\/09\/22\/la-ciencia-de-cada-dia-5-bioquimica-del-vi\/#listItem","name":"La ci\u00e8ncia de cada dia: 5.Bioqu\u00edmica del vi"},"previousItem":{"@type":"ListItem","@id":"https:\/\/elcabilo.com\/radio\/category\/programes\/#listItem","name":"Programes"}},{"@type":"ListItem","@id":"https:\/\/elcabilo.com\/radio\/2013\/09\/22\/la-ciencia-de-cada-dia-5-bioquimica-del-vi\/#listItem","position":4,"name":"La ci\u00e8ncia de cada dia: 5.Bioqu\u00edmica del vi","previousItem":{"@type":"ListItem","@id":"https:\/\/elcabilo.com\/radio\/category\/programes\/ciencia\/#listItem","name":"La ci\u00e8ncia de cada dia"}}]},{"@type":"Organization","@id":"https:\/\/elcabilo.com\/radio\/#organization","name":"Cabil\u00f3 R\u00e0dio","description":"La r\u00e0dio online de Sella","url":"https:\/\/elcabilo.com\/radio\/","logo":{"@type":"ImageObject","url":"https:\/\/elcabilo.com\/radio\/files\/2023\/01\/cropped-logo_radio-1.gif","@id":"https:\/\/elcabilo.com\/radio\/2013\/09\/22\/la-ciencia-de-cada-dia-5-bioquimica-del-vi\/#organizationLogo","width":250,"height":50},"image":{"@id":"https:\/\/elcabilo.com\/radio\/2013\/09\/22\/la-ciencia-de-cada-dia-5-bioquimica-del-vi\/#organizationLogo"}},{"@type":"Person","@id":"https:\/\/elcabilo.com\/radio\/author\/radio\/#author","url":"https:\/\/elcabilo.com\/radio\/author\/radio\/","name":"radio","image":{"@type":"ImageObject","@id":"https:\/\/elcabilo.com\/radio\/2013\/09\/22\/la-ciencia-de-cada-dia-5-bioquimica-del-vi\/#authorImage","url":"https:\/\/secure.gravatar.com\/avatar\/bb687b465db46b8e9255d0921cc346091032a91fe77f93721088d5decb8a2d1a?s=96&d=mm&r=g","width":96,"height":96,"caption":"radio"}},{"@type":"WebPage","@id":"https:\/\/elcabilo.com\/radio\/2013\/09\/22\/la-ciencia-de-cada-dia-5-bioquimica-del-vi\/#webpage","url":"https:\/\/elcabilo.com\/radio\/2013\/09\/22\/la-ciencia-de-cada-dia-5-bioquimica-del-vi\/","name":"La ci\u00e8ncia de cada dia: 5.Bioqu\u00edmica del vi - Cabil\u00f3R\u00e0dio","description":"El vi forma part de la nostra cultura. Des de segles elaborem el vi artesanalment en les cases de camp, cuidant el ra\u00efm durant tot l'any fins que arriba la festa de la verema. Despr\u00e9s, esperem pacientment a que el most evolucione poc a poc fins donar-nos aquesta beguda tan caracter\u00edstica i que pareix que","inLanguage":"ca","isPartOf":{"@id":"https:\/\/elcabilo.com\/radio\/#website"},"breadcrumb":{"@id":"https:\/\/elcabilo.com\/radio\/2013\/09\/22\/la-ciencia-de-cada-dia-5-bioquimica-del-vi\/#breadcrumblist"},"author":{"@id":"https:\/\/elcabilo.com\/radio\/author\/radio\/#author"},"creator":{"@id":"https:\/\/elcabilo.com\/radio\/author\/radio\/#author"},"image":{"@type":"ImageObject","url":"https:\/\/elcabilo.com\/radio\/files\/2013\/09\/ciencia05.jpg","@id":"https:\/\/elcabilo.com\/radio\/2013\/09\/22\/la-ciencia-de-cada-dia-5-bioquimica-del-vi\/#mainImage","width":900,"height":301},"primaryImageOfPage":{"@id":"https:\/\/elcabilo.com\/radio\/2013\/09\/22\/la-ciencia-de-cada-dia-5-bioquimica-del-vi\/#mainImage"},"datePublished":"2013-09-22T09:30:12+02:00","dateModified":"2013-09-22T09:36:40+02:00"},{"@type":"WebSite","@id":"https:\/\/elcabilo.com\/radio\/#website","url":"https:\/\/elcabilo.com\/radio\/","name":"Cabil\u00f3 R\u00e0dio","description":"La r\u00e0dio online de Sella","inLanguage":"ca","publisher":{"@id":"https:\/\/elcabilo.com\/radio\/#organization"}}]},"og:locale":"ca_ES","og:site_name":"Cabil\u00f3R\u00e0dio - La r\u00e0dio online de Sella","og:type":"article","og:title":"La ci\u00e8ncia de cada dia: 5.Bioqu\u00edmica del vi - Cabil\u00f3R\u00e0dio","og:description":"El vi forma part de la nostra cultura. Des de segles elaborem el vi artesanalment en les cases de camp, cuidant el ra\u00efm durant tot l'any fins que arriba la festa de la verema. Despr\u00e9s, esperem pacientment a que el most evolucione poc a poc fins donar-nos aquesta beguda tan caracter\u00edstica i que pareix que","og:url":"https:\/\/elcabilo.com\/radio\/2013\/09\/22\/la-ciencia-de-cada-dia-5-bioquimica-del-vi\/","og:image":"https:\/\/elcabilo.com\/radio\/files\/2023\/01\/cropped-logo_radio-1.gif","og:image:secure_url":"https:\/\/elcabilo.com\/radio\/files\/2023\/01\/cropped-logo_radio-1.gif","article:published_time":"2013-09-22T07:30:12+00:00","article:modified_time":"2013-09-22T07:36:40+00:00","twitter:card":"summary_large_image","twitter:title":"La ci\u00e8ncia de cada dia: 5.Bioqu\u00edmica del vi - Cabil\u00f3R\u00e0dio","twitter:description":"El vi forma part de la nostra cultura. Des de segles elaborem el vi artesanalment en les cases de camp, cuidant el ra\u00efm durant tot l'any fins que arriba la festa de la verema. Despr\u00e9s, esperem pacientment a que el most evolucione poc a poc fins donar-nos aquesta beguda tan caracter\u00edstica i que pareix que","twitter:image":"https:\/\/elcabilo.com\/radio\/files\/2023\/01\/cropped-logo_radio-1.gif"},"aioseo_meta_data":{"post_id":"1015","title":null,"description":null,"keywords":null,"keyphrases":null,"primary_term":null,"canonical_url":null,"og_title":null,"og_description":null,"og_object_type":"default","og_image_type":"default","og_image_url":null,"og_image_width":null,"og_image_height":null,"og_image_custom_url":null,"og_image_custom_fields":null,"og_video":null,"og_custom_url":null,"og_article_section":null,"og_article_tags":null,"twitter_use_og":false,"twitter_card":"default","twitter_image_type":"default","twitter_image_url":null,"twitter_image_custom_url":null,"twitter_image_custom_fields":null,"twitter_title":null,"twitter_description":null,"schema":{"blockGraphs":[],"customGraphs":[],"default":{"data":{"Article":[],"Course":[],"Dataset":[],"FAQPage":[],"Movie":[],"Person":[],"Product":[],"ProductReview":[],"Car":[],"Recipe":[],"Service":[],"SoftwareApplication":[],"WebPage":[]},"graphName":"","isEnabled":true},"graphs":[]},"schema_type":"default","schema_type_options":null,"pillar_content":false,"robots_default":true,"robots_noindex":false,"robots_noarchive":false,"robots_nosnippet":false,"robots_nofollow":false,"robots_noimageindex":false,"robots_noodp":false,"robots_notranslate":false,"robots_max_snippet":null,"robots_max_videopreview":null,"robots_max_imagepreview":"large","priority":null,"frequency":null,"local_seo":null,"breadcrumb_settings":null,"limit_modified_date":false,"ai":null,"created":"2023-01-27 22:09:38","updated":"2025-06-08 19:05:49","seo_analyzer_scan_date":null,"focus_keyword":null,"additional_keywords":null,"truseo_locale":null},"aioseo_breadcrumb":"<div class=\"aioseo-breadcrumbs\"><span class=\"aioseo-breadcrumb\">\n\t\t\t<a href=\"https:\/\/elcabilo.com\/radio\" title=\"Home\">Home<\/a>\n\t\t<\/span><span class=\"aioseo-breadcrumb-separator\">&raquo;<\/span><span class=\"aioseo-breadcrumb\">\n\t\t\t<a href=\"https:\/\/elcabilo.com\/radio\/category\/programes\/\" title=\"Programes\">Programes<\/a>\n\t\t<\/span><span class=\"aioseo-breadcrumb-separator\">&raquo;<\/span><span class=\"aioseo-breadcrumb\">\n\t\t\t<a href=\"https:\/\/elcabilo.com\/radio\/category\/programes\/ciencia\/\" title=\"La ci\u00e8ncia de cada dia\">La ci\u00e8ncia de cada dia<\/a>\n\t\t<\/span><span class=\"aioseo-breadcrumb-separator\">&raquo;<\/span><span class=\"aioseo-breadcrumb\">\n\t\t\tLa ci\u00e8ncia de cada dia: 5.Bioqu\u00edmica del vi\n\t\t<\/span><\/div>","aioseo_breadcrumb_json":[{"label":"Home","link":"https:\/\/elcabilo.com\/radio"},{"label":"Programes","link":"https:\/\/elcabilo.com\/radio\/category\/programes\/"},{"label":"La ci\u00e8ncia de cada dia","link":"https:\/\/elcabilo.com\/radio\/category\/programes\/ciencia\/"},{"label":"La ci\u00e8ncia de cada dia: 5.Bioqu\u00edmica del vi","link":"https:\/\/elcabilo.com\/radio\/2013\/09\/22\/la-ciencia-de-cada-dia-5-bioquimica-del-vi\/"}],"_links":{"self":[{"href":"https:\/\/elcabilo.com\/radio\/wp-json\/wp\/v2\/posts\/1015","targetHints":{"allow":["GET"]}}],"collection":[{"href":"https:\/\/elcabilo.com\/radio\/wp-json\/wp\/v2\/posts"}],"about":[{"href":"https:\/\/elcabilo.com\/radio\/wp-json\/wp\/v2\/types\/post"}],"author":[{"embeddable":true,"href":"https:\/\/elcabilo.com\/radio\/wp-json\/wp\/v2\/users\/272"}],"replies":[{"embeddable":true,"href":"https:\/\/elcabilo.com\/radio\/wp-json\/wp\/v2\/comments?post=1015"}],"version-history":[{"count":0,"href":"https:\/\/elcabilo.com\/radio\/wp-json\/wp\/v2\/posts\/1015\/revisions"}],"wp:featuredmedia":[{"embeddable":true,"href":"https:\/\/elcabilo.com\/radio\/wp-json\/wp\/v2\/media\/1016"}],"wp:attachment":[{"href":"https:\/\/elcabilo.com\/radio\/wp-json\/wp\/v2\/media?parent=1015"}],"wp:term":[{"taxonomy":"category","embeddable":true,"href":"https:\/\/elcabilo.com\/radio\/wp-json\/wp\/v2\/categories?post=1015"},{"taxonomy":"post_tag","embeddable":true,"href":"https:\/\/elcabilo.com\/radio\/wp-json\/wp\/v2\/tags?post=1015"}],"curies":[{"name":"wp","href":"https:\/\/api.w.org\/{rel}","templated":true}]}}