{"id":1047,"date":"2013-10-21T00:00:24","date_gmt":"2013-10-20T22:00:24","guid":{"rendered":"http:\/\/elcabilo.com\/radio\/?p=1047"},"modified":"2013-10-15T23:32:40","modified_gmt":"2013-10-15T21:32:40","slug":"larxiu-de-la-memoria-5-els-barrachina-rectors-de-sella","status":"publish","type":"post","link":"https:\/\/elcabilo.com\/radio\/2013\/10\/21\/larxiu-de-la-memoria-5-els-barrachina-rectors-de-sella\/","title":{"rendered":"L\u2019Arxiu de la Mem\u00f2ria: 5. Els Barrachina, rectors de Sella"},"content":{"rendered":"<p style=\"text-align: justify;\">La familia Barrachina, encap\u00e7alada per Mossen Jeroni, va dirigir l\u2019esgl\u00e9sia de\u00a0Sella durant 62 anys, entre 1665 i 1727. Una \u00e8poca en la qual es\u00a0consolidava una nova societat a l\u2019ombra del Bar\u00f3 i baix l\u2019advocaci\u00f3 de la\u00a0Mare de D\u00e9u del Roser. En aquest rograma ens endinsem en la foscor del\u00a0passat per retrobar-nos amb la hist\u00f2ria d\u2019aquesta important nissaga de\u00a0rectors i del seu esclau Mahamet, batejat com a Tomas Jeroni de Sella en la\u00a0pila batismal de la parr\u00f2quia de Santa Anna.<\/p>\n<p style=\"text-align: center;\"><a class=\"{skin:'blue', animate:true, width:'200', volume:0.6, autoplay:false, loop:false, showVolumeLevel:true, showTime:true, showRew:true, downloadable:true, downloadablesecurity:false, id3: false}\" id=\"mbmaplayer_1381872259791\" href=\"http:\/\/archive.org\/download\/arxiu_memoria_5\/els_barraxina.mp3\">L&#8217;arxiu de la mem\u00f2ria: 5\u00e9 programa<\/a><span class=\"map_params\" style=\"display: block; width: 100px; font-family: arial, sans-serif; padding: 5px; border-radius: 7px; background: #6f6f6f; color: #fff; text-decoration: none;\"> \u25b6 custom player<\/span><\/p>\n<p style=\"text-align: justify;\">\n","protected":false},"excerpt":{"rendered":"<p>La familia Barrachina, encap\u00e7alada per Mossen Jeroni, va dirigir l\u2019esgl\u00e9sia de\u00a0Sella durant 62 anys, entre 1665 i 1727. Una \u00e8poca en la qual es\u00a0consolidava una nova societat a l\u2019ombra del Bar\u00f3 i baix l\u2019advocaci\u00f3 de la\u00a0Mare de D\u00e9u del Roser. En aquest rograma ens endinsem en la foscor del\u00a0passat per retrobar-nos amb la hist\u00f2ria d\u2019aquesta [&hellip;]<\/p>\n","protected":false},"author":272,"featured_media":1052,"comment_status":"open","ping_status":"open","sticky":false,"template":"","format":"standard","meta":{"_exactmetrics_skip_tracking":false,"footnotes":""},"categories":[7],"tags":[],"class_list":["post-1047","post","type-post","status-publish","format-standard","has-post-thumbnail","hentry","category-larxiu-de-la-memoria"],"aioseo_notices":[],"aioseo_head":"\n\t\t<!-- All in One SEO 5.0.1 - aioseo.com -->\n\t<meta name=\"description\" content=\"La familia Barrachina, encap\u00e7alada per Mossen Jeroni, va dirigir l\u2019esgl\u00e9sia de Sella durant 62 anys, entre 1665 i 1727. Una \u00e8poca en la qual es consolidava una nova societat a l\u2019ombra del Bar\u00f3 i baix l\u2019advocaci\u00f3 de la Mare de D\u00e9u del Roser. En aquest rograma ens endinsem en la foscor del passat per retrobar-nos amb la hist\u00f2ria d\u2019aquesta\" \/>\n\t<meta name=\"robots\" content=\"max-image-preview:large\" \/>\n\t<meta name=\"author\" content=\"radio\"\/>\n\t<link rel=\"canonical\" href=\"https:\/\/elcabilo.com\/radio\/2013\/10\/21\/larxiu-de-la-memoria-5-els-barrachina-rectors-de-sella\/\" \/>\n\t<meta name=\"generator\" content=\"All in One SEO (AIOSEO) 5.0.1\" \/>\n\t\t<meta property=\"og:locale\" content=\"ca_ES\" \/>\n\t\t<meta property=\"og:site_name\" content=\"Cabil\u00f3R\u00e0dio - La r\u00e0dio online de Sella\" \/>\n\t\t<meta property=\"og:type\" content=\"article\" \/>\n\t\t<meta property=\"og:title\" content=\"L\u2019Arxiu de la Mem\u00f2ria: 5. Els Barrachina, rectors de Sella - Cabil\u00f3R\u00e0dio\" \/>\n\t\t<meta property=\"og:description\" content=\"La familia Barrachina, encap\u00e7alada per Mossen Jeroni, va dirigir l\u2019esgl\u00e9sia de Sella durant 62 anys, entre 1665 i 1727. Una \u00e8poca en la qual es consolidava una nova societat a l\u2019ombra del Bar\u00f3 i baix l\u2019advocaci\u00f3 de la Mare de D\u00e9u del Roser. En aquest rograma ens endinsem en la foscor del passat per retrobar-nos amb la hist\u00f2ria d\u2019aquesta\" \/>\n\t\t<meta property=\"og:url\" content=\"https:\/\/elcabilo.com\/radio\/2013\/10\/21\/larxiu-de-la-memoria-5-els-barrachina-rectors-de-sella\/\" \/>\n\t\t<meta property=\"og:image\" content=\"https:\/\/elcabilo.com\/radio\/files\/2023\/01\/cropped-logo_radio-1.gif\" \/>\n\t\t<meta property=\"og:image:secure_url\" content=\"https:\/\/elcabilo.com\/radio\/files\/2023\/01\/cropped-logo_radio-1.gif\" \/>\n\t\t<meta property=\"article:published_time\" content=\"2013-10-20T22:00:24+00:00\" \/>\n\t\t<meta property=\"article:modified_time\" content=\"2013-10-15T21:32:40+00:00\" \/>\n\t\t<meta name=\"twitter:card\" content=\"summary_large_image\" \/>\n\t\t<meta name=\"twitter:title\" content=\"L\u2019Arxiu de la Mem\u00f2ria: 5. Els Barrachina, rectors de Sella - Cabil\u00f3R\u00e0dio\" \/>\n\t\t<meta name=\"twitter:description\" content=\"La familia Barrachina, encap\u00e7alada per Mossen Jeroni, va dirigir l\u2019esgl\u00e9sia de Sella durant 62 anys, entre 1665 i 1727. Una \u00e8poca en la qual es consolidava una nova societat a l\u2019ombra del Bar\u00f3 i baix l\u2019advocaci\u00f3 de la Mare de D\u00e9u del Roser. En aquest rograma ens endinsem en la foscor del passat per retrobar-nos amb la hist\u00f2ria d\u2019aquesta\" \/>\n\t\t<meta name=\"twitter:image\" content=\"https:\/\/elcabilo.com\/radio\/files\/2023\/01\/cropped-logo_radio-1.gif\" \/>\n\t\t<script type=\"application\/ld+json\" class=\"aioseo-schema\">\n\t\t\t{\"@context\":\"https:\\\/\\\/schema.org\",\"@graph\":[{\"@type\":\"BlogPosting\",\"@id\":\"https:\\\/\\\/elcabilo.com\\\/radio\\\/2013\\\/10\\\/21\\\/larxiu-de-la-memoria-5-els-barrachina-rectors-de-sella\\\/#blogposting\",\"name\":\"L\\u2019Arxiu de la Mem\\u00f2ria: 5. Els Barrachina, rectors de Sella - Cabil\\u00f3R\\u00e0dio\",\"headline\":\"L\\u2019Arxiu de la Mem\\u00f2ria: 5. Els Barrachina, rectors de Sella\",\"author\":{\"@id\":\"https:\\\/\\\/elcabilo.com\\\/radio\\\/author\\\/radio\\\/#author\"},\"publisher\":{\"@id\":\"https:\\\/\\\/elcabilo.com\\\/radio\\\/#organization\"},\"image\":{\"@type\":\"ImageObject\",\"url\":\"https:\\\/\\\/elcabilo.com\\\/radio\\\/files\\\/2013\\\/10\\\/barrachina.png\",\"width\":300,\"height\":300},\"datePublished\":\"2013-10-21T00:00:24+02:00\",\"dateModified\":\"2013-10-15T23:32:40+02:00\",\"inLanguage\":\"ca\",\"commentCount\":7,\"mainEntityOfPage\":{\"@id\":\"https:\\\/\\\/elcabilo.com\\\/radio\\\/2013\\\/10\\\/21\\\/larxiu-de-la-memoria-5-els-barrachina-rectors-de-sella\\\/#webpage\"},\"isPartOf\":{\"@id\":\"https:\\\/\\\/elcabilo.com\\\/radio\\\/2013\\\/10\\\/21\\\/larxiu-de-la-memoria-5-els-barrachina-rectors-de-sella\\\/#webpage\"},\"articleSection\":\"L'Arxiu de la Mem\\u00f2ria\"},{\"@type\":\"BreadcrumbList\",\"@id\":\"https:\\\/\\\/elcabilo.com\\\/radio\\\/2013\\\/10\\\/21\\\/larxiu-de-la-memoria-5-els-barrachina-rectors-de-sella\\\/#breadcrumblist\",\"itemListElement\":[{\"@type\":\"ListItem\",\"@id\":\"https:\\\/\\\/elcabilo.com\\\/radio#listItem\",\"position\":1,\"name\":\"Home\",\"item\":\"https:\\\/\\\/elcabilo.com\\\/radio\",\"nextItem\":{\"@type\":\"ListItem\",\"@id\":\"https:\\\/\\\/elcabilo.com\\\/radio\\\/category\\\/programes\\\/#listItem\",\"name\":\"Programes\"}},{\"@type\":\"ListItem\",\"@id\":\"https:\\\/\\\/elcabilo.com\\\/radio\\\/category\\\/programes\\\/#listItem\",\"position\":2,\"name\":\"Programes\",\"item\":\"https:\\\/\\\/elcabilo.com\\\/radio\\\/category\\\/programes\\\/\",\"nextItem\":{\"@type\":\"ListItem\",\"@id\":\"https:\\\/\\\/elcabilo.com\\\/radio\\\/category\\\/programes\\\/larxiu-de-la-memoria\\\/#listItem\",\"name\":\"L'Arxiu de la Mem\\u00f2ria\"},\"previousItem\":{\"@type\":\"ListItem\",\"@id\":\"https:\\\/\\\/elcabilo.com\\\/radio#listItem\",\"name\":\"Home\"}},{\"@type\":\"ListItem\",\"@id\":\"https:\\\/\\\/elcabilo.com\\\/radio\\\/category\\\/programes\\\/larxiu-de-la-memoria\\\/#listItem\",\"position\":3,\"name\":\"L'Arxiu de la Mem\\u00f2ria\",\"item\":\"https:\\\/\\\/elcabilo.com\\\/radio\\\/category\\\/programes\\\/larxiu-de-la-memoria\\\/\",\"nextItem\":{\"@type\":\"ListItem\",\"@id\":\"https:\\\/\\\/elcabilo.com\\\/radio\\\/2013\\\/10\\\/21\\\/larxiu-de-la-memoria-5-els-barrachina-rectors-de-sella\\\/#listItem\",\"name\":\"L\\u2019Arxiu de la Mem\\u00f2ria: 5. Els Barrachina, rectors de Sella\"},\"previousItem\":{\"@type\":\"ListItem\",\"@id\":\"https:\\\/\\\/elcabilo.com\\\/radio\\\/category\\\/programes\\\/#listItem\",\"name\":\"Programes\"}},{\"@type\":\"ListItem\",\"@id\":\"https:\\\/\\\/elcabilo.com\\\/radio\\\/2013\\\/10\\\/21\\\/larxiu-de-la-memoria-5-els-barrachina-rectors-de-sella\\\/#listItem\",\"position\":4,\"name\":\"L\\u2019Arxiu de la Mem\\u00f2ria: 5. Els Barrachina, rectors de Sella\",\"previousItem\":{\"@type\":\"ListItem\",\"@id\":\"https:\\\/\\\/elcabilo.com\\\/radio\\\/category\\\/programes\\\/larxiu-de-la-memoria\\\/#listItem\",\"name\":\"L'Arxiu de la Mem\\u00f2ria\"}}]},{\"@type\":\"Organization\",\"@id\":\"https:\\\/\\\/elcabilo.com\\\/radio\\\/#organization\",\"name\":\"Cabil\\u00f3 R\\u00e0dio\",\"description\":\"La r\\u00e0dio online de Sella\",\"url\":\"https:\\\/\\\/elcabilo.com\\\/radio\\\/\",\"logo\":{\"@type\":\"ImageObject\",\"url\":\"https:\\\/\\\/elcabilo.com\\\/radio\\\/files\\\/2023\\\/01\\\/cropped-logo_radio-1.gif\",\"@id\":\"https:\\\/\\\/elcabilo.com\\\/radio\\\/2013\\\/10\\\/21\\\/larxiu-de-la-memoria-5-els-barrachina-rectors-de-sella\\\/#organizationLogo\",\"width\":250,\"height\":50},\"image\":{\"@id\":\"https:\\\/\\\/elcabilo.com\\\/radio\\\/2013\\\/10\\\/21\\\/larxiu-de-la-memoria-5-els-barrachina-rectors-de-sella\\\/#organizationLogo\"}},{\"@type\":\"Person\",\"@id\":\"https:\\\/\\\/elcabilo.com\\\/radio\\\/author\\\/radio\\\/#author\",\"url\":\"https:\\\/\\\/elcabilo.com\\\/radio\\\/author\\\/radio\\\/\",\"name\":\"radio\",\"image\":{\"@type\":\"ImageObject\",\"@id\":\"https:\\\/\\\/elcabilo.com\\\/radio\\\/2013\\\/10\\\/21\\\/larxiu-de-la-memoria-5-els-barrachina-rectors-de-sella\\\/#authorImage\",\"url\":\"https:\\\/\\\/secure.gravatar.com\\\/avatar\\\/bb687b465db46b8e9255d0921cc346091032a91fe77f93721088d5decb8a2d1a?s=96&d=mm&r=g\",\"width\":96,\"height\":96,\"caption\":\"radio\"}},{\"@type\":\"WebPage\",\"@id\":\"https:\\\/\\\/elcabilo.com\\\/radio\\\/2013\\\/10\\\/21\\\/larxiu-de-la-memoria-5-els-barrachina-rectors-de-sella\\\/#webpage\",\"url\":\"https:\\\/\\\/elcabilo.com\\\/radio\\\/2013\\\/10\\\/21\\\/larxiu-de-la-memoria-5-els-barrachina-rectors-de-sella\\\/\",\"name\":\"L\\u2019Arxiu de la Mem\\u00f2ria: 5. Els Barrachina, rectors de Sella - Cabil\\u00f3R\\u00e0dio\",\"description\":\"La familia Barrachina, encap\\u00e7alada per Mossen Jeroni, va dirigir l\\u2019esgl\\u00e9sia de Sella durant 62 anys, entre 1665 i 1727. Una \\u00e8poca en la qual es consolidava una nova societat a l\\u2019ombra del Bar\\u00f3 i baix l\\u2019advocaci\\u00f3 de la Mare de D\\u00e9u del Roser. En aquest rograma ens endinsem en la foscor del passat per retrobar-nos amb la hist\\u00f2ria d\\u2019aquesta\",\"inLanguage\":\"ca\",\"isPartOf\":{\"@id\":\"https:\\\/\\\/elcabilo.com\\\/radio\\\/#website\"},\"breadcrumb\":{\"@id\":\"https:\\\/\\\/elcabilo.com\\\/radio\\\/2013\\\/10\\\/21\\\/larxiu-de-la-memoria-5-els-barrachina-rectors-de-sella\\\/#breadcrumblist\"},\"author\":{\"@id\":\"https:\\\/\\\/elcabilo.com\\\/radio\\\/author\\\/radio\\\/#author\"},\"creator\":{\"@id\":\"https:\\\/\\\/elcabilo.com\\\/radio\\\/author\\\/radio\\\/#author\"},\"image\":{\"@type\":\"ImageObject\",\"url\":\"https:\\\/\\\/elcabilo.com\\\/radio\\\/files\\\/2013\\\/10\\\/barrachina.png\",\"@id\":\"https:\\\/\\\/elcabilo.com\\\/radio\\\/2013\\\/10\\\/21\\\/larxiu-de-la-memoria-5-els-barrachina-rectors-de-sella\\\/#mainImage\",\"width\":300,\"height\":300},\"primaryImageOfPage\":{\"@id\":\"https:\\\/\\\/elcabilo.com\\\/radio\\\/2013\\\/10\\\/21\\\/larxiu-de-la-memoria-5-els-barrachina-rectors-de-sella\\\/#mainImage\"},\"datePublished\":\"2013-10-21T00:00:24+02:00\",\"dateModified\":\"2013-10-15T23:32:40+02:00\"},{\"@type\":\"WebSite\",\"@id\":\"https:\\\/\\\/elcabilo.com\\\/radio\\\/#website\",\"url\":\"https:\\\/\\\/elcabilo.com\\\/radio\\\/\",\"name\":\"Cabil\\u00f3 R\\u00e0dio\",\"description\":\"La r\\u00e0dio online de Sella\",\"inLanguage\":\"ca\",\"publisher\":{\"@id\":\"https:\\\/\\\/elcabilo.com\\\/radio\\\/#organization\"}}]}\n\t\t<\/script>\n\t\t<!-- All in One SEO -->\n\n","aioseo_head_json":{"title":"L\u2019Arxiu de la Mem\u00f2ria: 5. Els Barrachina, rectors de Sella - Cabil\u00f3R\u00e0dio","description":"La familia Barrachina, encap\u00e7alada per Mossen Jeroni, va dirigir l\u2019esgl\u00e9sia de Sella durant 62 anys, entre 1665 i 1727. Una \u00e8poca en la qual es consolidava una nova societat a l\u2019ombra del Bar\u00f3 i baix l\u2019advocaci\u00f3 de la Mare de D\u00e9u del Roser. En aquest rograma ens endinsem en la foscor del passat per retrobar-nos amb la hist\u00f2ria d\u2019aquesta","canonical_url":"https:\/\/elcabilo.com\/radio\/2013\/10\/21\/larxiu-de-la-memoria-5-els-barrachina-rectors-de-sella\/","robots":"max-image-preview:large","keywords":"","webmasterTools":{"miscellaneous":""},"schema":{"@context":"https:\/\/schema.org","@graph":[{"@type":"BlogPosting","@id":"https:\/\/elcabilo.com\/radio\/2013\/10\/21\/larxiu-de-la-memoria-5-els-barrachina-rectors-de-sella\/#blogposting","name":"L\u2019Arxiu de la Mem\u00f2ria: 5. Els Barrachina, rectors de Sella - Cabil\u00f3R\u00e0dio","headline":"L\u2019Arxiu de la Mem\u00f2ria: 5. Els Barrachina, rectors de Sella","author":{"@id":"https:\/\/elcabilo.com\/radio\/author\/radio\/#author"},"publisher":{"@id":"https:\/\/elcabilo.com\/radio\/#organization"},"image":{"@type":"ImageObject","url":"https:\/\/elcabilo.com\/radio\/files\/2013\/10\/barrachina.png","width":300,"height":300},"datePublished":"2013-10-21T00:00:24+02:00","dateModified":"2013-10-15T23:32:40+02:00","inLanguage":"ca","commentCount":7,"mainEntityOfPage":{"@id":"https:\/\/elcabilo.com\/radio\/2013\/10\/21\/larxiu-de-la-memoria-5-els-barrachina-rectors-de-sella\/#webpage"},"isPartOf":{"@id":"https:\/\/elcabilo.com\/radio\/2013\/10\/21\/larxiu-de-la-memoria-5-els-barrachina-rectors-de-sella\/#webpage"},"articleSection":"L'Arxiu de la Mem\u00f2ria"},{"@type":"BreadcrumbList","@id":"https:\/\/elcabilo.com\/radio\/2013\/10\/21\/larxiu-de-la-memoria-5-els-barrachina-rectors-de-sella\/#breadcrumblist","itemListElement":[{"@type":"ListItem","@id":"https:\/\/elcabilo.com\/radio#listItem","position":1,"name":"Home","item":"https:\/\/elcabilo.com\/radio","nextItem":{"@type":"ListItem","@id":"https:\/\/elcabilo.com\/radio\/category\/programes\/#listItem","name":"Programes"}},{"@type":"ListItem","@id":"https:\/\/elcabilo.com\/radio\/category\/programes\/#listItem","position":2,"name":"Programes","item":"https:\/\/elcabilo.com\/radio\/category\/programes\/","nextItem":{"@type":"ListItem","@id":"https:\/\/elcabilo.com\/radio\/category\/programes\/larxiu-de-la-memoria\/#listItem","name":"L'Arxiu de la Mem\u00f2ria"},"previousItem":{"@type":"ListItem","@id":"https:\/\/elcabilo.com\/radio#listItem","name":"Home"}},{"@type":"ListItem","@id":"https:\/\/elcabilo.com\/radio\/category\/programes\/larxiu-de-la-memoria\/#listItem","position":3,"name":"L'Arxiu de la Mem\u00f2ria","item":"https:\/\/elcabilo.com\/radio\/category\/programes\/larxiu-de-la-memoria\/","nextItem":{"@type":"ListItem","@id":"https:\/\/elcabilo.com\/radio\/2013\/10\/21\/larxiu-de-la-memoria-5-els-barrachina-rectors-de-sella\/#listItem","name":"L\u2019Arxiu de la Mem\u00f2ria: 5. Els Barrachina, rectors de Sella"},"previousItem":{"@type":"ListItem","@id":"https:\/\/elcabilo.com\/radio\/category\/programes\/#listItem","name":"Programes"}},{"@type":"ListItem","@id":"https:\/\/elcabilo.com\/radio\/2013\/10\/21\/larxiu-de-la-memoria-5-els-barrachina-rectors-de-sella\/#listItem","position":4,"name":"L\u2019Arxiu de la Mem\u00f2ria: 5. Els Barrachina, rectors de Sella","previousItem":{"@type":"ListItem","@id":"https:\/\/elcabilo.com\/radio\/category\/programes\/larxiu-de-la-memoria\/#listItem","name":"L'Arxiu de la Mem\u00f2ria"}}]},{"@type":"Organization","@id":"https:\/\/elcabilo.com\/radio\/#organization","name":"Cabil\u00f3 R\u00e0dio","description":"La r\u00e0dio online de Sella","url":"https:\/\/elcabilo.com\/radio\/","logo":{"@type":"ImageObject","url":"https:\/\/elcabilo.com\/radio\/files\/2023\/01\/cropped-logo_radio-1.gif","@id":"https:\/\/elcabilo.com\/radio\/2013\/10\/21\/larxiu-de-la-memoria-5-els-barrachina-rectors-de-sella\/#organizationLogo","width":250,"height":50},"image":{"@id":"https:\/\/elcabilo.com\/radio\/2013\/10\/21\/larxiu-de-la-memoria-5-els-barrachina-rectors-de-sella\/#organizationLogo"}},{"@type":"Person","@id":"https:\/\/elcabilo.com\/radio\/author\/radio\/#author","url":"https:\/\/elcabilo.com\/radio\/author\/radio\/","name":"radio","image":{"@type":"ImageObject","@id":"https:\/\/elcabilo.com\/radio\/2013\/10\/21\/larxiu-de-la-memoria-5-els-barrachina-rectors-de-sella\/#authorImage","url":"https:\/\/secure.gravatar.com\/avatar\/bb687b465db46b8e9255d0921cc346091032a91fe77f93721088d5decb8a2d1a?s=96&d=mm&r=g","width":96,"height":96,"caption":"radio"}},{"@type":"WebPage","@id":"https:\/\/elcabilo.com\/radio\/2013\/10\/21\/larxiu-de-la-memoria-5-els-barrachina-rectors-de-sella\/#webpage","url":"https:\/\/elcabilo.com\/radio\/2013\/10\/21\/larxiu-de-la-memoria-5-els-barrachina-rectors-de-sella\/","name":"L\u2019Arxiu de la Mem\u00f2ria: 5. Els Barrachina, rectors de Sella - Cabil\u00f3R\u00e0dio","description":"La familia Barrachina, encap\u00e7alada per Mossen Jeroni, va dirigir l\u2019esgl\u00e9sia de Sella durant 62 anys, entre 1665 i 1727. Una \u00e8poca en la qual es consolidava una nova societat a l\u2019ombra del Bar\u00f3 i baix l\u2019advocaci\u00f3 de la Mare de D\u00e9u del Roser. En aquest rograma ens endinsem en la foscor del passat per retrobar-nos amb la hist\u00f2ria d\u2019aquesta","inLanguage":"ca","isPartOf":{"@id":"https:\/\/elcabilo.com\/radio\/#website"},"breadcrumb":{"@id":"https:\/\/elcabilo.com\/radio\/2013\/10\/21\/larxiu-de-la-memoria-5-els-barrachina-rectors-de-sella\/#breadcrumblist"},"author":{"@id":"https:\/\/elcabilo.com\/radio\/author\/radio\/#author"},"creator":{"@id":"https:\/\/elcabilo.com\/radio\/author\/radio\/#author"},"image":{"@type":"ImageObject","url":"https:\/\/elcabilo.com\/radio\/files\/2013\/10\/barrachina.png","@id":"https:\/\/elcabilo.com\/radio\/2013\/10\/21\/larxiu-de-la-memoria-5-els-barrachina-rectors-de-sella\/#mainImage","width":300,"height":300},"primaryImageOfPage":{"@id":"https:\/\/elcabilo.com\/radio\/2013\/10\/21\/larxiu-de-la-memoria-5-els-barrachina-rectors-de-sella\/#mainImage"},"datePublished":"2013-10-21T00:00:24+02:00","dateModified":"2013-10-15T23:32:40+02:00"},{"@type":"WebSite","@id":"https:\/\/elcabilo.com\/radio\/#website","url":"https:\/\/elcabilo.com\/radio\/","name":"Cabil\u00f3 R\u00e0dio","description":"La r\u00e0dio online de Sella","inLanguage":"ca","publisher":{"@id":"https:\/\/elcabilo.com\/radio\/#organization"}}]},"og:locale":"ca_ES","og:site_name":"Cabil\u00f3R\u00e0dio - La r\u00e0dio online de Sella","og:type":"article","og:title":"L\u2019Arxiu de la Mem\u00f2ria: 5. Els Barrachina, rectors de Sella - Cabil\u00f3R\u00e0dio","og:description":"La familia Barrachina, encap\u00e7alada per Mossen Jeroni, va dirigir l\u2019esgl\u00e9sia de Sella durant 62 anys, entre 1665 i 1727. Una \u00e8poca en la qual es consolidava una nova societat a l\u2019ombra del Bar\u00f3 i baix l\u2019advocaci\u00f3 de la Mare de D\u00e9u del Roser. En aquest rograma ens endinsem en la foscor del passat per retrobar-nos amb la hist\u00f2ria d\u2019aquesta","og:url":"https:\/\/elcabilo.com\/radio\/2013\/10\/21\/larxiu-de-la-memoria-5-els-barrachina-rectors-de-sella\/","og:image":"https:\/\/elcabilo.com\/radio\/files\/2023\/01\/cropped-logo_radio-1.gif","og:image:secure_url":"https:\/\/elcabilo.com\/radio\/files\/2023\/01\/cropped-logo_radio-1.gif","article:published_time":"2013-10-20T22:00:24+00:00","article:modified_time":"2013-10-15T21:32:40+00:00","twitter:card":"summary_large_image","twitter:title":"L\u2019Arxiu de la Mem\u00f2ria: 5. Els Barrachina, rectors de Sella - Cabil\u00f3R\u00e0dio","twitter:description":"La familia Barrachina, encap\u00e7alada per Mossen Jeroni, va dirigir l\u2019esgl\u00e9sia de Sella durant 62 anys, entre 1665 i 1727. Una \u00e8poca en la qual es consolidava una nova societat a l\u2019ombra del Bar\u00f3 i baix l\u2019advocaci\u00f3 de la Mare de D\u00e9u del Roser. En aquest rograma ens endinsem en la foscor del passat per retrobar-nos amb la hist\u00f2ria d\u2019aquesta","twitter:image":"https:\/\/elcabilo.com\/radio\/files\/2023\/01\/cropped-logo_radio-1.gif"},"aioseo_meta_data":{"post_id":"1047","title":null,"description":null,"keywords":null,"keyphrases":null,"primary_term":null,"canonical_url":null,"og_title":null,"og_description":null,"og_object_type":"default","og_image_type":"default","og_image_url":null,"og_image_width":null,"og_image_height":null,"og_image_custom_url":null,"og_image_custom_fields":null,"og_video":null,"og_custom_url":null,"og_article_section":null,"og_article_tags":null,"twitter_use_og":false,"twitter_card":"default","twitter_image_type":"default","twitter_image_url":null,"twitter_image_custom_url":null,"twitter_image_custom_fields":null,"twitter_title":null,"twitter_description":null,"schema":{"blockGraphs":[],"customGraphs":[],"default":{"data":{"Article":[],"Course":[],"Dataset":[],"FAQPage":[],"Movie":[],"Person":[],"Product":[],"ProductReview":[],"Car":[],"Recipe":[],"Service":[],"SoftwareApplication":[],"WebPage":[]},"graphName":"","isEnabled":true},"graphs":[]},"schema_type":"default","schema_type_options":null,"pillar_content":false,"robots_default":true,"robots_noindex":false,"robots_noarchive":false,"robots_nosnippet":false,"robots_nofollow":false,"robots_noimageindex":false,"robots_noodp":false,"robots_notranslate":false,"robots_max_snippet":null,"robots_max_videopreview":null,"robots_max_imagepreview":"large","priority":null,"frequency":null,"local_seo":null,"breadcrumb_settings":null,"limit_modified_date":false,"ai":null,"created":"2023-01-27 22:10:38","updated":"2025-06-08 19:08:21","seo_analyzer_scan_date":null,"focus_keyword":null,"additional_keywords":null,"truseo_locale":null},"aioseo_breadcrumb":"<div class=\"aioseo-breadcrumbs\"><span class=\"aioseo-breadcrumb\">\n\t\t\t<a href=\"https:\/\/elcabilo.com\/radio\" title=\"Home\">Home<\/a>\n\t\t<\/span><span class=\"aioseo-breadcrumb-separator\">&raquo;<\/span><span class=\"aioseo-breadcrumb\">\n\t\t\t<a href=\"https:\/\/elcabilo.com\/radio\/category\/programes\/\" title=\"Programes\">Programes<\/a>\n\t\t<\/span><span class=\"aioseo-breadcrumb-separator\">&raquo;<\/span><span class=\"aioseo-breadcrumb\">\n\t\t\t<a href=\"https:\/\/elcabilo.com\/radio\/category\/programes\/larxiu-de-la-memoria\/\" title=\"L&apos;Arxiu de la Mem\u00f2ria\">L'Arxiu de la Mem\u00f2ria<\/a>\n\t\t<\/span><span class=\"aioseo-breadcrumb-separator\">&raquo;<\/span><span class=\"aioseo-breadcrumb\">\n\t\t\tL\u2019Arxiu de la Mem\u00f2ria: 5. Els Barrachina, rectors de Sella\n\t\t<\/span><\/div>","aioseo_breadcrumb_json":[{"label":"Home","link":"https:\/\/elcabilo.com\/radio"},{"label":"Programes","link":"https:\/\/elcabilo.com\/radio\/category\/programes\/"},{"label":"L'Arxiu de la Mem\u00f2ria","link":"https:\/\/elcabilo.com\/radio\/category\/programes\/larxiu-de-la-memoria\/"},{"label":"L\u2019Arxiu de la Mem\u00f2ria: 5. Els Barrachina, rectors de Sella","link":"https:\/\/elcabilo.com\/radio\/2013\/10\/21\/larxiu-de-la-memoria-5-els-barrachina-rectors-de-sella\/"}],"_links":{"self":[{"href":"https:\/\/elcabilo.com\/radio\/wp-json\/wp\/v2\/posts\/1047","targetHints":{"allow":["GET"]}}],"collection":[{"href":"https:\/\/elcabilo.com\/radio\/wp-json\/wp\/v2\/posts"}],"about":[{"href":"https:\/\/elcabilo.com\/radio\/wp-json\/wp\/v2\/types\/post"}],"author":[{"embeddable":true,"href":"https:\/\/elcabilo.com\/radio\/wp-json\/wp\/v2\/users\/272"}],"replies":[{"embeddable":true,"href":"https:\/\/elcabilo.com\/radio\/wp-json\/wp\/v2\/comments?post=1047"}],"version-history":[{"count":0,"href":"https:\/\/elcabilo.com\/radio\/wp-json\/wp\/v2\/posts\/1047\/revisions"}],"wp:featuredmedia":[{"embeddable":true,"href":"https:\/\/elcabilo.com\/radio\/wp-json\/wp\/v2\/media\/1052"}],"wp:attachment":[{"href":"https:\/\/elcabilo.com\/radio\/wp-json\/wp\/v2\/media?parent=1047"}],"wp:term":[{"taxonomy":"category","embeddable":true,"href":"https:\/\/elcabilo.com\/radio\/wp-json\/wp\/v2\/categories?post=1047"},{"taxonomy":"post_tag","embeddable":true,"href":"https:\/\/elcabilo.com\/radio\/wp-json\/wp\/v2\/tags?post=1047"}],"curies":[{"name":"wp","href":"https:\/\/api.w.org\/{rel}","templated":true}]}}