{"id":1198,"date":"2014-01-19T10:00:24","date_gmt":"2014-01-19T09:00:24","guid":{"rendered":"http:\/\/elcabilo.com\/radio\/?p=1198"},"modified":"2014-01-19T10:29:14","modified_gmt":"2014-01-19T09:29:14","slug":"la-coveta-dels-somnis-gener-2014","status":"publish","type":"post","link":"https:\/\/elcabilo.com\/radio\/2014\/01\/19\/la-coveta-dels-somnis-gener-2014\/","title":{"rendered":"La coveta dels somnis: gener 2014"},"content":{"rendered":"<p style=\"text-align: justify;\">Al primer program de l\u00b4any, \u00c0ngela i David ens parlen dels esdeveniments culturals de desembre al poble.\u00a0Com sempre, a m\u00e9s de l&#8217;actualitat, podrem escoltar les seccions habituals del programa: el poble llig, el refrany, la can\u00e7\u00f3 i a l&#8217;espai creacions, escoltarem l&#8217;entrevista al nou president de la Uni\u00f3 Musical l&#8217;Aurora, J. A Blanes.<\/p>\n<p style=\"text-align: center;\"><a class=\"mb_map {skin:'blue', animate:true, width:'200', volume:0.6, autoplay:false, loop:false, showVolumeLevel:true, showTime:true, showRew:true, downloadable:true, downloadablesecurity:false, id3: false}\" id=\"mbmaplayer_1390049396681\" href=\"https:\/\/archive.org\/download\/lacoveta_gener_14\/la_coveta_gener_2014.mp3\">La Coveta dels Somnis: Gener 2014<\/a><\/p>\n","protected":false},"excerpt":{"rendered":"<p>Al primer program de l\u00b4any, \u00c0ngela i David ens parlen dels esdeveniments culturals de desembre al poble.\u00a0Com sempre, a m\u00e9s de l&#8217;actualitat, podrem escoltar les seccions habituals del programa: el poble llig, el refrany, la can\u00e7\u00f3 i a l&#8217;espai creacions, escoltarem l&#8217;entrevista al nou president de la Uni\u00f3 Musical l&#8217;Aurora, J. A Blanes. La Coveta [&hellip;]<\/p>\n","protected":false},"author":272,"featured_media":467,"comment_status":"open","ping_status":"open","sticky":false,"template":"","format":"standard","meta":{"_exactmetrics_skip_tracking":false,"footnotes":""},"categories":[15],"tags":[],"class_list":["post-1198","post","type-post","status-publish","format-standard","has-post-thumbnail","hentry","category-la-coveta-dels-somnis"],"aioseo_notices":[],"aioseo_head":"\n\t\t<!-- All in One SEO 5.0.1 - aioseo.com -->\n\t<meta name=\"description\" content=\"Al primer program de l\u00b4any, \u00c0ngela i David ens parlen dels esdeveniments culturals de desembre al poble. Com sempre, a m\u00e9s de l&#039;actualitat, podrem escoltar les seccions habituals del programa: el poble llig, el refrany, la can\u00e7\u00f3 i a l&#039;espai creacions, escoltarem l&#039;entrevista al nou president de la Uni\u00f3 Musical l&#039;Aurora, J. A Blanes. La Coveta\" \/>\n\t<meta name=\"robots\" content=\"max-image-preview:large\" \/>\n\t<meta name=\"author\" content=\"radio\"\/>\n\t<link rel=\"canonical\" href=\"https:\/\/elcabilo.com\/radio\/2014\/01\/19\/la-coveta-dels-somnis-gener-2014\/\" \/>\n\t<meta name=\"generator\" content=\"All in One SEO (AIOSEO) 5.0.1\" \/>\n\t\t<meta property=\"og:locale\" content=\"ca_ES\" \/>\n\t\t<meta property=\"og:site_name\" content=\"Cabil\u00f3R\u00e0dio - La r\u00e0dio online de Sella\" \/>\n\t\t<meta property=\"og:type\" content=\"article\" \/>\n\t\t<meta property=\"og:title\" content=\"La coveta dels somnis: gener 2014 - Cabil\u00f3R\u00e0dio\" \/>\n\t\t<meta property=\"og:description\" content=\"Al primer program de l\u00b4any, \u00c0ngela i David ens parlen dels esdeveniments culturals de desembre al poble. Com sempre, a m\u00e9s de l&#039;actualitat, podrem escoltar les seccions habituals del programa: el poble llig, el refrany, la can\u00e7\u00f3 i a l&#039;espai creacions, escoltarem l&#039;entrevista al nou president de la Uni\u00f3 Musical l&#039;Aurora, J. A Blanes. La Coveta\" \/>\n\t\t<meta property=\"og:url\" content=\"https:\/\/elcabilo.com\/radio\/2014\/01\/19\/la-coveta-dels-somnis-gener-2014\/\" \/>\n\t\t<meta property=\"og:image\" content=\"https:\/\/elcabilo.com\/radio\/files\/2023\/01\/cropped-logo_radio-1.gif\" \/>\n\t\t<meta property=\"og:image:secure_url\" content=\"https:\/\/elcabilo.com\/radio\/files\/2023\/01\/cropped-logo_radio-1.gif\" \/>\n\t\t<meta property=\"article:published_time\" content=\"2014-01-19T09:00:24+00:00\" \/>\n\t\t<meta property=\"article:modified_time\" content=\"2014-01-19T09:29:14+00:00\" \/>\n\t\t<meta name=\"twitter:card\" content=\"summary_large_image\" \/>\n\t\t<meta name=\"twitter:title\" content=\"La coveta dels somnis: gener 2014 - Cabil\u00f3R\u00e0dio\" \/>\n\t\t<meta name=\"twitter:description\" content=\"Al primer program de l\u00b4any, \u00c0ngela i David ens parlen dels esdeveniments culturals de desembre al poble. Com sempre, a m\u00e9s de l&#039;actualitat, podrem escoltar les seccions habituals del programa: el poble llig, el refrany, la can\u00e7\u00f3 i a l&#039;espai creacions, escoltarem l&#039;entrevista al nou president de la Uni\u00f3 Musical l&#039;Aurora, J. A Blanes. La Coveta\" \/>\n\t\t<meta name=\"twitter:image\" content=\"https:\/\/elcabilo.com\/radio\/files\/2023\/01\/cropped-logo_radio-1.gif\" \/>\n\t\t<script type=\"application\/ld+json\" class=\"aioseo-schema\">\n\t\t\t{\"@context\":\"https:\\\/\\\/schema.org\",\"@graph\":[{\"@type\":\"BlogPosting\",\"@id\":\"https:\\\/\\\/elcabilo.com\\\/radio\\\/2014\\\/01\\\/19\\\/la-coveta-dels-somnis-gener-2014\\\/#blogposting\",\"name\":\"La coveta dels somnis: gener 2014 - Cabil\\u00f3R\\u00e0dio\",\"headline\":\"La coveta dels somnis: gener 2014\",\"author\":{\"@id\":\"https:\\\/\\\/elcabilo.com\\\/radio\\\/author\\\/radio\\\/#author\"},\"publisher\":{\"@id\":\"https:\\\/\\\/elcabilo.com\\\/radio\\\/#organization\"},\"image\":{\"@type\":\"ImageObject\",\"url\":\"https:\\\/\\\/elcabilo.com\\\/radio\\\/files\\\/2013\\\/02\\\/covetalogo2.jpg\",\"width\":900,\"height\":300},\"datePublished\":\"2014-01-19T10:00:24+01:00\",\"dateModified\":\"2014-01-19T10:29:14+01:00\",\"inLanguage\":\"ca\",\"commentCount\":5,\"mainEntityOfPage\":{\"@id\":\"https:\\\/\\\/elcabilo.com\\\/radio\\\/2014\\\/01\\\/19\\\/la-coveta-dels-somnis-gener-2014\\\/#webpage\"},\"isPartOf\":{\"@id\":\"https:\\\/\\\/elcabilo.com\\\/radio\\\/2014\\\/01\\\/19\\\/la-coveta-dels-somnis-gener-2014\\\/#webpage\"},\"articleSection\":\"La coveta dels somnis\"},{\"@type\":\"BreadcrumbList\",\"@id\":\"https:\\\/\\\/elcabilo.com\\\/radio\\\/2014\\\/01\\\/19\\\/la-coveta-dels-somnis-gener-2014\\\/#breadcrumblist\",\"itemListElement\":[{\"@type\":\"ListItem\",\"@id\":\"https:\\\/\\\/elcabilo.com\\\/radio#listItem\",\"position\":1,\"name\":\"Home\",\"item\":\"https:\\\/\\\/elcabilo.com\\\/radio\",\"nextItem\":{\"@type\":\"ListItem\",\"@id\":\"https:\\\/\\\/elcabilo.com\\\/radio\\\/category\\\/programes\\\/#listItem\",\"name\":\"Programes\"}},{\"@type\":\"ListItem\",\"@id\":\"https:\\\/\\\/elcabilo.com\\\/radio\\\/category\\\/programes\\\/#listItem\",\"position\":2,\"name\":\"Programes\",\"item\":\"https:\\\/\\\/elcabilo.com\\\/radio\\\/category\\\/programes\\\/\",\"nextItem\":{\"@type\":\"ListItem\",\"@id\":\"https:\\\/\\\/elcabilo.com\\\/radio\\\/category\\\/programes\\\/la-coveta-dels-somnis\\\/#listItem\",\"name\":\"La coveta dels somnis\"},\"previousItem\":{\"@type\":\"ListItem\",\"@id\":\"https:\\\/\\\/elcabilo.com\\\/radio#listItem\",\"name\":\"Home\"}},{\"@type\":\"ListItem\",\"@id\":\"https:\\\/\\\/elcabilo.com\\\/radio\\\/category\\\/programes\\\/la-coveta-dels-somnis\\\/#listItem\",\"position\":3,\"name\":\"La coveta dels somnis\",\"item\":\"https:\\\/\\\/elcabilo.com\\\/radio\\\/category\\\/programes\\\/la-coveta-dels-somnis\\\/\",\"nextItem\":{\"@type\":\"ListItem\",\"@id\":\"https:\\\/\\\/elcabilo.com\\\/radio\\\/2014\\\/01\\\/19\\\/la-coveta-dels-somnis-gener-2014\\\/#listItem\",\"name\":\"La coveta dels somnis: gener 2014\"},\"previousItem\":{\"@type\":\"ListItem\",\"@id\":\"https:\\\/\\\/elcabilo.com\\\/radio\\\/category\\\/programes\\\/#listItem\",\"name\":\"Programes\"}},{\"@type\":\"ListItem\",\"@id\":\"https:\\\/\\\/elcabilo.com\\\/radio\\\/2014\\\/01\\\/19\\\/la-coveta-dels-somnis-gener-2014\\\/#listItem\",\"position\":4,\"name\":\"La coveta dels somnis: gener 2014\",\"previousItem\":{\"@type\":\"ListItem\",\"@id\":\"https:\\\/\\\/elcabilo.com\\\/radio\\\/category\\\/programes\\\/la-coveta-dels-somnis\\\/#listItem\",\"name\":\"La coveta dels somnis\"}}]},{\"@type\":\"Organization\",\"@id\":\"https:\\\/\\\/elcabilo.com\\\/radio\\\/#organization\",\"name\":\"Cabil\\u00f3 R\\u00e0dio\",\"description\":\"La r\\u00e0dio online de Sella\",\"url\":\"https:\\\/\\\/elcabilo.com\\\/radio\\\/\",\"logo\":{\"@type\":\"ImageObject\",\"url\":\"https:\\\/\\\/elcabilo.com\\\/radio\\\/files\\\/2023\\\/01\\\/cropped-logo_radio-1.gif\",\"@id\":\"https:\\\/\\\/elcabilo.com\\\/radio\\\/2014\\\/01\\\/19\\\/la-coveta-dels-somnis-gener-2014\\\/#organizationLogo\",\"width\":250,\"height\":50},\"image\":{\"@id\":\"https:\\\/\\\/elcabilo.com\\\/radio\\\/2014\\\/01\\\/19\\\/la-coveta-dels-somnis-gener-2014\\\/#organizationLogo\"}},{\"@type\":\"Person\",\"@id\":\"https:\\\/\\\/elcabilo.com\\\/radio\\\/author\\\/radio\\\/#author\",\"url\":\"https:\\\/\\\/elcabilo.com\\\/radio\\\/author\\\/radio\\\/\",\"name\":\"radio\",\"image\":{\"@type\":\"ImageObject\",\"@id\":\"https:\\\/\\\/elcabilo.com\\\/radio\\\/2014\\\/01\\\/19\\\/la-coveta-dels-somnis-gener-2014\\\/#authorImage\",\"url\":\"https:\\\/\\\/secure.gravatar.com\\\/avatar\\\/bb687b465db46b8e9255d0921cc346091032a91fe77f93721088d5decb8a2d1a?s=96&d=mm&r=g\",\"width\":96,\"height\":96,\"caption\":\"radio\"}},{\"@type\":\"WebPage\",\"@id\":\"https:\\\/\\\/elcabilo.com\\\/radio\\\/2014\\\/01\\\/19\\\/la-coveta-dels-somnis-gener-2014\\\/#webpage\",\"url\":\"https:\\\/\\\/elcabilo.com\\\/radio\\\/2014\\\/01\\\/19\\\/la-coveta-dels-somnis-gener-2014\\\/\",\"name\":\"La coveta dels somnis: gener 2014 - Cabil\\u00f3R\\u00e0dio\",\"description\":\"Al primer program de l\\u00b4any, \\u00c0ngela i David ens parlen dels esdeveniments culturals de desembre al poble. Com sempre, a m\\u00e9s de l'actualitat, podrem escoltar les seccions habituals del programa: el poble llig, el refrany, la can\\u00e7\\u00f3 i a l'espai creacions, escoltarem l'entrevista al nou president de la Uni\\u00f3 Musical l'Aurora, J. A Blanes. La Coveta\",\"inLanguage\":\"ca\",\"isPartOf\":{\"@id\":\"https:\\\/\\\/elcabilo.com\\\/radio\\\/#website\"},\"breadcrumb\":{\"@id\":\"https:\\\/\\\/elcabilo.com\\\/radio\\\/2014\\\/01\\\/19\\\/la-coveta-dels-somnis-gener-2014\\\/#breadcrumblist\"},\"author\":{\"@id\":\"https:\\\/\\\/elcabilo.com\\\/radio\\\/author\\\/radio\\\/#author\"},\"creator\":{\"@id\":\"https:\\\/\\\/elcabilo.com\\\/radio\\\/author\\\/radio\\\/#author\"},\"image\":{\"@type\":\"ImageObject\",\"url\":\"https:\\\/\\\/elcabilo.com\\\/radio\\\/files\\\/2013\\\/02\\\/covetalogo2.jpg\",\"@id\":\"https:\\\/\\\/elcabilo.com\\\/radio\\\/2014\\\/01\\\/19\\\/la-coveta-dels-somnis-gener-2014\\\/#mainImage\",\"width\":900,\"height\":300},\"primaryImageOfPage\":{\"@id\":\"https:\\\/\\\/elcabilo.com\\\/radio\\\/2014\\\/01\\\/19\\\/la-coveta-dels-somnis-gener-2014\\\/#mainImage\"},\"datePublished\":\"2014-01-19T10:00:24+01:00\",\"dateModified\":\"2014-01-19T10:29:14+01:00\"},{\"@type\":\"WebSite\",\"@id\":\"https:\\\/\\\/elcabilo.com\\\/radio\\\/#website\",\"url\":\"https:\\\/\\\/elcabilo.com\\\/radio\\\/\",\"name\":\"Cabil\\u00f3 R\\u00e0dio\",\"description\":\"La r\\u00e0dio online de Sella\",\"inLanguage\":\"ca\",\"publisher\":{\"@id\":\"https:\\\/\\\/elcabilo.com\\\/radio\\\/#organization\"}}]}\n\t\t<\/script>\n\t\t<!-- All in One SEO -->\n\n","aioseo_head_json":{"title":"La coveta dels somnis: gener 2014 - Cabil\u00f3R\u00e0dio","description":"Al primer program de l\u00b4any, \u00c0ngela i David ens parlen dels esdeveniments culturals de desembre al poble. Com sempre, a m\u00e9s de l'actualitat, podrem escoltar les seccions habituals del programa: el poble llig, el refrany, la can\u00e7\u00f3 i a l'espai creacions, escoltarem l'entrevista al nou president de la Uni\u00f3 Musical l'Aurora, J. A Blanes. La Coveta","canonical_url":"https:\/\/elcabilo.com\/radio\/2014\/01\/19\/la-coveta-dels-somnis-gener-2014\/","robots":"max-image-preview:large","keywords":"","webmasterTools":{"miscellaneous":""},"schema":{"@context":"https:\/\/schema.org","@graph":[{"@type":"BlogPosting","@id":"https:\/\/elcabilo.com\/radio\/2014\/01\/19\/la-coveta-dels-somnis-gener-2014\/#blogposting","name":"La coveta dels somnis: gener 2014 - Cabil\u00f3R\u00e0dio","headline":"La coveta dels somnis: gener 2014","author":{"@id":"https:\/\/elcabilo.com\/radio\/author\/radio\/#author"},"publisher":{"@id":"https:\/\/elcabilo.com\/radio\/#organization"},"image":{"@type":"ImageObject","url":"https:\/\/elcabilo.com\/radio\/files\/2013\/02\/covetalogo2.jpg","width":900,"height":300},"datePublished":"2014-01-19T10:00:24+01:00","dateModified":"2014-01-19T10:29:14+01:00","inLanguage":"ca","commentCount":5,"mainEntityOfPage":{"@id":"https:\/\/elcabilo.com\/radio\/2014\/01\/19\/la-coveta-dels-somnis-gener-2014\/#webpage"},"isPartOf":{"@id":"https:\/\/elcabilo.com\/radio\/2014\/01\/19\/la-coveta-dels-somnis-gener-2014\/#webpage"},"articleSection":"La coveta dels somnis"},{"@type":"BreadcrumbList","@id":"https:\/\/elcabilo.com\/radio\/2014\/01\/19\/la-coveta-dels-somnis-gener-2014\/#breadcrumblist","itemListElement":[{"@type":"ListItem","@id":"https:\/\/elcabilo.com\/radio#listItem","position":1,"name":"Home","item":"https:\/\/elcabilo.com\/radio","nextItem":{"@type":"ListItem","@id":"https:\/\/elcabilo.com\/radio\/category\/programes\/#listItem","name":"Programes"}},{"@type":"ListItem","@id":"https:\/\/elcabilo.com\/radio\/category\/programes\/#listItem","position":2,"name":"Programes","item":"https:\/\/elcabilo.com\/radio\/category\/programes\/","nextItem":{"@type":"ListItem","@id":"https:\/\/elcabilo.com\/radio\/category\/programes\/la-coveta-dels-somnis\/#listItem","name":"La coveta dels somnis"},"previousItem":{"@type":"ListItem","@id":"https:\/\/elcabilo.com\/radio#listItem","name":"Home"}},{"@type":"ListItem","@id":"https:\/\/elcabilo.com\/radio\/category\/programes\/la-coveta-dels-somnis\/#listItem","position":3,"name":"La coveta dels somnis","item":"https:\/\/elcabilo.com\/radio\/category\/programes\/la-coveta-dels-somnis\/","nextItem":{"@type":"ListItem","@id":"https:\/\/elcabilo.com\/radio\/2014\/01\/19\/la-coveta-dels-somnis-gener-2014\/#listItem","name":"La coveta dels somnis: gener 2014"},"previousItem":{"@type":"ListItem","@id":"https:\/\/elcabilo.com\/radio\/category\/programes\/#listItem","name":"Programes"}},{"@type":"ListItem","@id":"https:\/\/elcabilo.com\/radio\/2014\/01\/19\/la-coveta-dels-somnis-gener-2014\/#listItem","position":4,"name":"La coveta dels somnis: gener 2014","previousItem":{"@type":"ListItem","@id":"https:\/\/elcabilo.com\/radio\/category\/programes\/la-coveta-dels-somnis\/#listItem","name":"La coveta dels somnis"}}]},{"@type":"Organization","@id":"https:\/\/elcabilo.com\/radio\/#organization","name":"Cabil\u00f3 R\u00e0dio","description":"La r\u00e0dio online de Sella","url":"https:\/\/elcabilo.com\/radio\/","logo":{"@type":"ImageObject","url":"https:\/\/elcabilo.com\/radio\/files\/2023\/01\/cropped-logo_radio-1.gif","@id":"https:\/\/elcabilo.com\/radio\/2014\/01\/19\/la-coveta-dels-somnis-gener-2014\/#organizationLogo","width":250,"height":50},"image":{"@id":"https:\/\/elcabilo.com\/radio\/2014\/01\/19\/la-coveta-dels-somnis-gener-2014\/#organizationLogo"}},{"@type":"Person","@id":"https:\/\/elcabilo.com\/radio\/author\/radio\/#author","url":"https:\/\/elcabilo.com\/radio\/author\/radio\/","name":"radio","image":{"@type":"ImageObject","@id":"https:\/\/elcabilo.com\/radio\/2014\/01\/19\/la-coveta-dels-somnis-gener-2014\/#authorImage","url":"https:\/\/secure.gravatar.com\/avatar\/bb687b465db46b8e9255d0921cc346091032a91fe77f93721088d5decb8a2d1a?s=96&d=mm&r=g","width":96,"height":96,"caption":"radio"}},{"@type":"WebPage","@id":"https:\/\/elcabilo.com\/radio\/2014\/01\/19\/la-coveta-dels-somnis-gener-2014\/#webpage","url":"https:\/\/elcabilo.com\/radio\/2014\/01\/19\/la-coveta-dels-somnis-gener-2014\/","name":"La coveta dels somnis: gener 2014 - Cabil\u00f3R\u00e0dio","description":"Al primer program de l\u00b4any, \u00c0ngela i David ens parlen dels esdeveniments culturals de desembre al poble. Com sempre, a m\u00e9s de l'actualitat, podrem escoltar les seccions habituals del programa: el poble llig, el refrany, la can\u00e7\u00f3 i a l'espai creacions, escoltarem l'entrevista al nou president de la Uni\u00f3 Musical l'Aurora, J. A Blanes. La Coveta","inLanguage":"ca","isPartOf":{"@id":"https:\/\/elcabilo.com\/radio\/#website"},"breadcrumb":{"@id":"https:\/\/elcabilo.com\/radio\/2014\/01\/19\/la-coveta-dels-somnis-gener-2014\/#breadcrumblist"},"author":{"@id":"https:\/\/elcabilo.com\/radio\/author\/radio\/#author"},"creator":{"@id":"https:\/\/elcabilo.com\/radio\/author\/radio\/#author"},"image":{"@type":"ImageObject","url":"https:\/\/elcabilo.com\/radio\/files\/2013\/02\/covetalogo2.jpg","@id":"https:\/\/elcabilo.com\/radio\/2014\/01\/19\/la-coveta-dels-somnis-gener-2014\/#mainImage","width":900,"height":300},"primaryImageOfPage":{"@id":"https:\/\/elcabilo.com\/radio\/2014\/01\/19\/la-coveta-dels-somnis-gener-2014\/#mainImage"},"datePublished":"2014-01-19T10:00:24+01:00","dateModified":"2014-01-19T10:29:14+01:00"},{"@type":"WebSite","@id":"https:\/\/elcabilo.com\/radio\/#website","url":"https:\/\/elcabilo.com\/radio\/","name":"Cabil\u00f3 R\u00e0dio","description":"La r\u00e0dio online de Sella","inLanguage":"ca","publisher":{"@id":"https:\/\/elcabilo.com\/radio\/#organization"}}]},"og:locale":"ca_ES","og:site_name":"Cabil\u00f3R\u00e0dio - La r\u00e0dio online de Sella","og:type":"article","og:title":"La coveta dels somnis: gener 2014 - Cabil\u00f3R\u00e0dio","og:description":"Al primer program de l\u00b4any, \u00c0ngela i David ens parlen dels esdeveniments culturals de desembre al poble. Com sempre, a m\u00e9s de l'actualitat, podrem escoltar les seccions habituals del programa: el poble llig, el refrany, la can\u00e7\u00f3 i a l'espai creacions, escoltarem l'entrevista al nou president de la Uni\u00f3 Musical l'Aurora, J. A Blanes. La Coveta","og:url":"https:\/\/elcabilo.com\/radio\/2014\/01\/19\/la-coveta-dels-somnis-gener-2014\/","og:image":"https:\/\/elcabilo.com\/radio\/files\/2023\/01\/cropped-logo_radio-1.gif","og:image:secure_url":"https:\/\/elcabilo.com\/radio\/files\/2023\/01\/cropped-logo_radio-1.gif","article:published_time":"2014-01-19T09:00:24+00:00","article:modified_time":"2014-01-19T09:29:14+00:00","twitter:card":"summary_large_image","twitter:title":"La coveta dels somnis: gener 2014 - Cabil\u00f3R\u00e0dio","twitter:description":"Al primer program de l\u00b4any, \u00c0ngela i David ens parlen dels esdeveniments culturals de desembre al poble. Com sempre, a m\u00e9s de l'actualitat, podrem escoltar les seccions habituals del programa: el poble llig, el refrany, la can\u00e7\u00f3 i a l'espai creacions, escoltarem l'entrevista al nou president de la Uni\u00f3 Musical l'Aurora, J. A Blanes. La Coveta","twitter:image":"https:\/\/elcabilo.com\/radio\/files\/2023\/01\/cropped-logo_radio-1.gif"},"aioseo_meta_data":{"post_id":"1198","title":null,"description":null,"keywords":null,"keyphrases":null,"primary_term":null,"canonical_url":null,"og_title":null,"og_description":null,"og_object_type":"default","og_image_type":"default","og_image_url":null,"og_image_width":null,"og_image_height":null,"og_image_custom_url":null,"og_image_custom_fields":null,"og_video":null,"og_custom_url":null,"og_article_section":null,"og_article_tags":null,"twitter_use_og":false,"twitter_card":"default","twitter_image_type":"default","twitter_image_url":null,"twitter_image_custom_url":null,"twitter_image_custom_fields":null,"twitter_title":null,"twitter_description":null,"schema":{"blockGraphs":[],"customGraphs":[],"default":{"data":{"Article":[],"Course":[],"Dataset":[],"FAQPage":[],"Movie":[],"Person":[],"Product":[],"ProductReview":[],"Car":[],"Recipe":[],"Service":[],"SoftwareApplication":[],"WebPage":[]},"graphName":"","isEnabled":true},"graphs":[]},"schema_type":"default","schema_type_options":null,"pillar_content":false,"robots_default":true,"robots_noindex":false,"robots_noarchive":false,"robots_nosnippet":false,"robots_nofollow":false,"robots_noimageindex":false,"robots_noodp":false,"robots_notranslate":false,"robots_max_snippet":null,"robots_max_videopreview":null,"robots_max_imagepreview":"large","priority":null,"frequency":null,"local_seo":null,"breadcrumb_settings":null,"limit_modified_date":false,"ai":null,"created":"2023-01-27 22:13:49","updated":"2025-06-08 19:14:39","seo_analyzer_scan_date":null,"focus_keyword":null,"additional_keywords":null,"truseo_locale":null},"aioseo_breadcrumb":"<div class=\"aioseo-breadcrumbs\"><span class=\"aioseo-breadcrumb\">\n\t\t\t<a href=\"https:\/\/elcabilo.com\/radio\" title=\"Home\">Home<\/a>\n\t\t<\/span><span class=\"aioseo-breadcrumb-separator\">&raquo;<\/span><span class=\"aioseo-breadcrumb\">\n\t\t\t<a href=\"https:\/\/elcabilo.com\/radio\/category\/programes\/\" title=\"Programes\">Programes<\/a>\n\t\t<\/span><span class=\"aioseo-breadcrumb-separator\">&raquo;<\/span><span class=\"aioseo-breadcrumb\">\n\t\t\t<a href=\"https:\/\/elcabilo.com\/radio\/category\/programes\/la-coveta-dels-somnis\/\" title=\"La coveta dels somnis\">La coveta dels somnis<\/a>\n\t\t<\/span><span class=\"aioseo-breadcrumb-separator\">&raquo;<\/span><span class=\"aioseo-breadcrumb\">\n\t\t\tLa coveta dels somnis: gener 2014\n\t\t<\/span><\/div>","aioseo_breadcrumb_json":[{"label":"Home","link":"https:\/\/elcabilo.com\/radio"},{"label":"Programes","link":"https:\/\/elcabilo.com\/radio\/category\/programes\/"},{"label":"La coveta dels somnis","link":"https:\/\/elcabilo.com\/radio\/category\/programes\/la-coveta-dels-somnis\/"},{"label":"La coveta dels somnis: gener 2014","link":"https:\/\/elcabilo.com\/radio\/2014\/01\/19\/la-coveta-dels-somnis-gener-2014\/"}],"_links":{"self":[{"href":"https:\/\/elcabilo.com\/radio\/wp-json\/wp\/v2\/posts\/1198","targetHints":{"allow":["GET"]}}],"collection":[{"href":"https:\/\/elcabilo.com\/radio\/wp-json\/wp\/v2\/posts"}],"about":[{"href":"https:\/\/elcabilo.com\/radio\/wp-json\/wp\/v2\/types\/post"}],"author":[{"embeddable":true,"href":"https:\/\/elcabilo.com\/radio\/wp-json\/wp\/v2\/users\/272"}],"replies":[{"embeddable":true,"href":"https:\/\/elcabilo.com\/radio\/wp-json\/wp\/v2\/comments?post=1198"}],"version-history":[{"count":0,"href":"https:\/\/elcabilo.com\/radio\/wp-json\/wp\/v2\/posts\/1198\/revisions"}],"wp:featuredmedia":[{"embeddable":true,"href":"https:\/\/elcabilo.com\/radio\/wp-json\/wp\/v2\/media\/467"}],"wp:attachment":[{"href":"https:\/\/elcabilo.com\/radio\/wp-json\/wp\/v2\/media?parent=1198"}],"wp:term":[{"taxonomy":"category","embeddable":true,"href":"https:\/\/elcabilo.com\/radio\/wp-json\/wp\/v2\/categories?post=1198"},{"taxonomy":"post_tag","embeddable":true,"href":"https:\/\/elcabilo.com\/radio\/wp-json\/wp\/v2\/tags?post=1198"}],"curies":[{"name":"wp","href":"https:\/\/api.w.org\/{rel}","templated":true}]}}