{"id":1211,"date":"2014-01-20T00:00:06","date_gmt":"2014-01-19T23:00:06","guid":{"rendered":"http:\/\/elcabilo.com\/radio\/?p=1211"},"modified":"2014-01-19T21:49:23","modified_gmt":"2014-01-19T20:49:23","slug":"larxiu-de-la-memoria-6-un-ministre-a-la-font-de-larc","status":"publish","type":"post","link":"https:\/\/elcabilo.com\/radio\/2014\/01\/20\/larxiu-de-la-memoria-6-un-ministre-a-la-font-de-larc\/","title":{"rendered":"L&#8217;arxiu de la mem\u00f2ria: 6.Un ministre a la Font de l&#8217;Arc"},"content":{"rendered":"<p style=\"text-align: justify;\"><span style=\"color: #000000;\">En aquest nou programa de l\u2019Arxiu de la Mem\u00f2ria rescatem de l\u2019oblit la visita que Indalecio Prieto, ministre d\u2019obres p\u00fabliques del govern de la Rep\u00fablica, va realitzar a la Font de l\u2019Arc el 25 de gener de 1933. Tot i ser un fet extraordinari, poca gent recorda que el ministre va ser rebut a Sella per una multitud entusiasta, per\u00f2 que possiblement desconeixia els plans que la Comunitat de Regants de la Vila Joiosa i la Confederaci\u00f3 Hidrogr\u00e0fica del X\u00faquer tenien per a aprofitar les aig\u00fces de la font de l\u2019Arc: l\u2019anomenat Canal de Sella.<\/span><\/p>\n<p style=\"text-align: center;\"><span style=\"color: #000000;\">\u00a0<a class=\"mb_map {skin:'blue', animate:true, width:'200', volume:0.6, autoplay:false, loop:false, showVolumeLevel:true, showTime:true, showRew:true, downloadable:true, downloadablesecurity:false, id3: false}\" id=\"mbmaplayer_1390163898516\" href=\"https:\/\/archive.org\/download\/arxiu_gener_14\/ministre_arc.mp3\">L&#8217;arxiu: 6.Un ministre a la Font de l&#8217;Arc<\/a><\/span><\/p>\n<p style=\"text-align: justify;\"><span style=\"color: #000000;\">Podreu trobar m\u00e9s informaci\u00f3 i fotografies de l\u2019esdeveniment a <a href=\"https:\/\/elcabilo.com\/larxiu\/\">https:\/\/elcabilo.com\/larxiu\/<\/a><\/span><\/p>\n","protected":false},"excerpt":{"rendered":"<p>En aquest nou programa de l\u2019Arxiu de la Mem\u00f2ria rescatem de l\u2019oblit la visita que Indalecio Prieto, ministre d\u2019obres p\u00fabliques del govern de la Rep\u00fablica, va realitzar a la Font de l\u2019Arc el 25 de gener de 1933. Tot i ser un fet extraordinari, poca gent recorda que el ministre va ser rebut a Sella [&hellip;]<\/p>\n","protected":false},"author":272,"featured_media":1213,"comment_status":"open","ping_status":"open","sticky":false,"template":"","format":"standard","meta":{"_exactmetrics_skip_tracking":false,"footnotes":""},"categories":[7],"tags":[],"class_list":["post-1211","post","type-post","status-publish","format-standard","has-post-thumbnail","hentry","category-larxiu-de-la-memoria"],"aioseo_notices":[],"aioseo_head":"\n\t\t<!-- All in One SEO 5.0.1 - aioseo.com -->\n\t<meta name=\"description\" content=\"En aquest nou programa de l\u2019Arxiu de la Mem\u00f2ria rescatem de l\u2019oblit la visita que Indalecio Prieto, ministre d\u2019obres p\u00fabliques del govern de la Rep\u00fablica, va realitzar a la Font de l\u2019Arc el 25 de gener de 1933. Tot i ser un fet extraordinari, poca gent recorda que el ministre va ser rebut a Sella\" \/>\n\t<meta name=\"robots\" content=\"max-image-preview:large\" \/>\n\t<meta name=\"author\" content=\"radio\"\/>\n\t<link rel=\"canonical\" href=\"https:\/\/elcabilo.com\/radio\/2014\/01\/20\/larxiu-de-la-memoria-6-un-ministre-a-la-font-de-larc\/\" \/>\n\t<meta name=\"generator\" content=\"All in One SEO (AIOSEO) 5.0.1\" \/>\n\t\t<meta property=\"og:locale\" content=\"ca_ES\" \/>\n\t\t<meta property=\"og:site_name\" content=\"Cabil\u00f3R\u00e0dio - La r\u00e0dio online de Sella\" \/>\n\t\t<meta property=\"og:type\" content=\"article\" \/>\n\t\t<meta property=\"og:title\" content=\"L\u2019arxiu de la mem\u00f2ria: 6.Un ministre a la Font de l\u2019Arc - Cabil\u00f3R\u00e0dio\" \/>\n\t\t<meta property=\"og:description\" content=\"En aquest nou programa de l\u2019Arxiu de la Mem\u00f2ria rescatem de l\u2019oblit la visita que Indalecio Prieto, ministre d\u2019obres p\u00fabliques del govern de la Rep\u00fablica, va realitzar a la Font de l\u2019Arc el 25 de gener de 1933. Tot i ser un fet extraordinari, poca gent recorda que el ministre va ser rebut a Sella\" \/>\n\t\t<meta property=\"og:url\" content=\"https:\/\/elcabilo.com\/radio\/2014\/01\/20\/larxiu-de-la-memoria-6-un-ministre-a-la-font-de-larc\/\" \/>\n\t\t<meta property=\"og:image\" content=\"https:\/\/elcabilo.com\/radio\/files\/2023\/01\/cropped-logo_radio-1.gif\" \/>\n\t\t<meta property=\"og:image:secure_url\" content=\"https:\/\/elcabilo.com\/radio\/files\/2023\/01\/cropped-logo_radio-1.gif\" \/>\n\t\t<meta property=\"article:published_time\" content=\"2014-01-19T23:00:06+00:00\" \/>\n\t\t<meta property=\"article:modified_time\" content=\"2014-01-19T20:49:23+00:00\" \/>\n\t\t<meta name=\"twitter:card\" content=\"summary_large_image\" \/>\n\t\t<meta name=\"twitter:title\" content=\"L\u2019arxiu de la mem\u00f2ria: 6.Un ministre a la Font de l\u2019Arc - Cabil\u00f3R\u00e0dio\" \/>\n\t\t<meta name=\"twitter:description\" content=\"En aquest nou programa de l\u2019Arxiu de la Mem\u00f2ria rescatem de l\u2019oblit la visita que Indalecio Prieto, ministre d\u2019obres p\u00fabliques del govern de la Rep\u00fablica, va realitzar a la Font de l\u2019Arc el 25 de gener de 1933. Tot i ser un fet extraordinari, poca gent recorda que el ministre va ser rebut a Sella\" \/>\n\t\t<meta name=\"twitter:image\" content=\"https:\/\/elcabilo.com\/radio\/files\/2023\/01\/cropped-logo_radio-1.gif\" \/>\n\t\t<script type=\"application\/ld+json\" class=\"aioseo-schema\">\n\t\t\t{\"@context\":\"https:\\\/\\\/schema.org\",\"@graph\":[{\"@type\":\"BlogPosting\",\"@id\":\"https:\\\/\\\/elcabilo.com\\\/radio\\\/2014\\\/01\\\/20\\\/larxiu-de-la-memoria-6-un-ministre-a-la-font-de-larc\\\/#blogposting\",\"name\":\"L\\u2019arxiu de la mem\\u00f2ria: 6.Un ministre a la Font de l\\u2019Arc - Cabil\\u00f3R\\u00e0dio\",\"headline\":\"L&#8217;arxiu de la mem\\u00f2ria: 6.Un ministre a la Font de l&#8217;Arc\",\"author\":{\"@id\":\"https:\\\/\\\/elcabilo.com\\\/radio\\\/author\\\/radio\\\/#author\"},\"publisher\":{\"@id\":\"https:\\\/\\\/elcabilo.com\\\/radio\\\/#organization\"},\"image\":{\"@type\":\"ImageObject\",\"url\":\"https:\\\/\\\/elcabilo.com\\\/radio\\\/files\\\/2014\\\/01\\\/ministre_arc.jpg\",\"width\":348,\"height\":252},\"datePublished\":\"2014-01-20T00:00:06+01:00\",\"dateModified\":\"2014-01-19T21:49:23+01:00\",\"inLanguage\":\"ca\",\"commentCount\":12,\"mainEntityOfPage\":{\"@id\":\"https:\\\/\\\/elcabilo.com\\\/radio\\\/2014\\\/01\\\/20\\\/larxiu-de-la-memoria-6-un-ministre-a-la-font-de-larc\\\/#webpage\"},\"isPartOf\":{\"@id\":\"https:\\\/\\\/elcabilo.com\\\/radio\\\/2014\\\/01\\\/20\\\/larxiu-de-la-memoria-6-un-ministre-a-la-font-de-larc\\\/#webpage\"},\"articleSection\":\"L'Arxiu de la Mem\\u00f2ria\"},{\"@type\":\"BreadcrumbList\",\"@id\":\"https:\\\/\\\/elcabilo.com\\\/radio\\\/2014\\\/01\\\/20\\\/larxiu-de-la-memoria-6-un-ministre-a-la-font-de-larc\\\/#breadcrumblist\",\"itemListElement\":[{\"@type\":\"ListItem\",\"@id\":\"https:\\\/\\\/elcabilo.com\\\/radio#listItem\",\"position\":1,\"name\":\"Home\",\"item\":\"https:\\\/\\\/elcabilo.com\\\/radio\",\"nextItem\":{\"@type\":\"ListItem\",\"@id\":\"https:\\\/\\\/elcabilo.com\\\/radio\\\/category\\\/programes\\\/#listItem\",\"name\":\"Programes\"}},{\"@type\":\"ListItem\",\"@id\":\"https:\\\/\\\/elcabilo.com\\\/radio\\\/category\\\/programes\\\/#listItem\",\"position\":2,\"name\":\"Programes\",\"item\":\"https:\\\/\\\/elcabilo.com\\\/radio\\\/category\\\/programes\\\/\",\"nextItem\":{\"@type\":\"ListItem\",\"@id\":\"https:\\\/\\\/elcabilo.com\\\/radio\\\/category\\\/programes\\\/larxiu-de-la-memoria\\\/#listItem\",\"name\":\"L'Arxiu de la Mem\\u00f2ria\"},\"previousItem\":{\"@type\":\"ListItem\",\"@id\":\"https:\\\/\\\/elcabilo.com\\\/radio#listItem\",\"name\":\"Home\"}},{\"@type\":\"ListItem\",\"@id\":\"https:\\\/\\\/elcabilo.com\\\/radio\\\/category\\\/programes\\\/larxiu-de-la-memoria\\\/#listItem\",\"position\":3,\"name\":\"L'Arxiu de la Mem\\u00f2ria\",\"item\":\"https:\\\/\\\/elcabilo.com\\\/radio\\\/category\\\/programes\\\/larxiu-de-la-memoria\\\/\",\"nextItem\":{\"@type\":\"ListItem\",\"@id\":\"https:\\\/\\\/elcabilo.com\\\/radio\\\/2014\\\/01\\\/20\\\/larxiu-de-la-memoria-6-un-ministre-a-la-font-de-larc\\\/#listItem\",\"name\":\"L&#8217;arxiu de la mem\\u00f2ria: 6.Un ministre a la Font de l&#8217;Arc\"},\"previousItem\":{\"@type\":\"ListItem\",\"@id\":\"https:\\\/\\\/elcabilo.com\\\/radio\\\/category\\\/programes\\\/#listItem\",\"name\":\"Programes\"}},{\"@type\":\"ListItem\",\"@id\":\"https:\\\/\\\/elcabilo.com\\\/radio\\\/2014\\\/01\\\/20\\\/larxiu-de-la-memoria-6-un-ministre-a-la-font-de-larc\\\/#listItem\",\"position\":4,\"name\":\"L&#8217;arxiu de la mem\\u00f2ria: 6.Un ministre a la Font de l&#8217;Arc\",\"previousItem\":{\"@type\":\"ListItem\",\"@id\":\"https:\\\/\\\/elcabilo.com\\\/radio\\\/category\\\/programes\\\/larxiu-de-la-memoria\\\/#listItem\",\"name\":\"L'Arxiu de la Mem\\u00f2ria\"}}]},{\"@type\":\"Organization\",\"@id\":\"https:\\\/\\\/elcabilo.com\\\/radio\\\/#organization\",\"name\":\"Cabil\\u00f3 R\\u00e0dio\",\"description\":\"La r\\u00e0dio online de Sella\",\"url\":\"https:\\\/\\\/elcabilo.com\\\/radio\\\/\",\"logo\":{\"@type\":\"ImageObject\",\"url\":\"https:\\\/\\\/elcabilo.com\\\/radio\\\/files\\\/2023\\\/01\\\/cropped-logo_radio-1.gif\",\"@id\":\"https:\\\/\\\/elcabilo.com\\\/radio\\\/2014\\\/01\\\/20\\\/larxiu-de-la-memoria-6-un-ministre-a-la-font-de-larc\\\/#organizationLogo\",\"width\":250,\"height\":50},\"image\":{\"@id\":\"https:\\\/\\\/elcabilo.com\\\/radio\\\/2014\\\/01\\\/20\\\/larxiu-de-la-memoria-6-un-ministre-a-la-font-de-larc\\\/#organizationLogo\"}},{\"@type\":\"Person\",\"@id\":\"https:\\\/\\\/elcabilo.com\\\/radio\\\/author\\\/radio\\\/#author\",\"url\":\"https:\\\/\\\/elcabilo.com\\\/radio\\\/author\\\/radio\\\/\",\"name\":\"radio\",\"image\":{\"@type\":\"ImageObject\",\"@id\":\"https:\\\/\\\/elcabilo.com\\\/radio\\\/2014\\\/01\\\/20\\\/larxiu-de-la-memoria-6-un-ministre-a-la-font-de-larc\\\/#authorImage\",\"url\":\"https:\\\/\\\/secure.gravatar.com\\\/avatar\\\/bb687b465db46b8e9255d0921cc346091032a91fe77f93721088d5decb8a2d1a?s=96&d=mm&r=g\",\"width\":96,\"height\":96,\"caption\":\"radio\"}},{\"@type\":\"WebPage\",\"@id\":\"https:\\\/\\\/elcabilo.com\\\/radio\\\/2014\\\/01\\\/20\\\/larxiu-de-la-memoria-6-un-ministre-a-la-font-de-larc\\\/#webpage\",\"url\":\"https:\\\/\\\/elcabilo.com\\\/radio\\\/2014\\\/01\\\/20\\\/larxiu-de-la-memoria-6-un-ministre-a-la-font-de-larc\\\/\",\"name\":\"L\\u2019arxiu de la mem\\u00f2ria: 6.Un ministre a la Font de l\\u2019Arc - Cabil\\u00f3R\\u00e0dio\",\"description\":\"En aquest nou programa de l\\u2019Arxiu de la Mem\\u00f2ria rescatem de l\\u2019oblit la visita que Indalecio Prieto, ministre d\\u2019obres p\\u00fabliques del govern de la Rep\\u00fablica, va realitzar a la Font de l\\u2019Arc el 25 de gener de 1933. Tot i ser un fet extraordinari, poca gent recorda que el ministre va ser rebut a Sella\",\"inLanguage\":\"ca\",\"isPartOf\":{\"@id\":\"https:\\\/\\\/elcabilo.com\\\/radio\\\/#website\"},\"breadcrumb\":{\"@id\":\"https:\\\/\\\/elcabilo.com\\\/radio\\\/2014\\\/01\\\/20\\\/larxiu-de-la-memoria-6-un-ministre-a-la-font-de-larc\\\/#breadcrumblist\"},\"author\":{\"@id\":\"https:\\\/\\\/elcabilo.com\\\/radio\\\/author\\\/radio\\\/#author\"},\"creator\":{\"@id\":\"https:\\\/\\\/elcabilo.com\\\/radio\\\/author\\\/radio\\\/#author\"},\"image\":{\"@type\":\"ImageObject\",\"url\":\"https:\\\/\\\/elcabilo.com\\\/radio\\\/files\\\/2014\\\/01\\\/ministre_arc.jpg\",\"@id\":\"https:\\\/\\\/elcabilo.com\\\/radio\\\/2014\\\/01\\\/20\\\/larxiu-de-la-memoria-6-un-ministre-a-la-font-de-larc\\\/#mainImage\",\"width\":348,\"height\":252},\"primaryImageOfPage\":{\"@id\":\"https:\\\/\\\/elcabilo.com\\\/radio\\\/2014\\\/01\\\/20\\\/larxiu-de-la-memoria-6-un-ministre-a-la-font-de-larc\\\/#mainImage\"},\"datePublished\":\"2014-01-20T00:00:06+01:00\",\"dateModified\":\"2014-01-19T21:49:23+01:00\"},{\"@type\":\"WebSite\",\"@id\":\"https:\\\/\\\/elcabilo.com\\\/radio\\\/#website\",\"url\":\"https:\\\/\\\/elcabilo.com\\\/radio\\\/\",\"name\":\"Cabil\\u00f3 R\\u00e0dio\",\"description\":\"La r\\u00e0dio online de Sella\",\"inLanguage\":\"ca\",\"publisher\":{\"@id\":\"https:\\\/\\\/elcabilo.com\\\/radio\\\/#organization\"}}]}\n\t\t<\/script>\n\t\t<!-- All in One SEO -->\n\n","aioseo_head_json":{"title":"L\u2019arxiu de la mem\u00f2ria: 6.Un ministre a la Font de l\u2019Arc - Cabil\u00f3R\u00e0dio","description":"En aquest nou programa de l\u2019Arxiu de la Mem\u00f2ria rescatem de l\u2019oblit la visita que Indalecio Prieto, ministre d\u2019obres p\u00fabliques del govern de la Rep\u00fablica, va realitzar a la Font de l\u2019Arc el 25 de gener de 1933. Tot i ser un fet extraordinari, poca gent recorda que el ministre va ser rebut a Sella","canonical_url":"https:\/\/elcabilo.com\/radio\/2014\/01\/20\/larxiu-de-la-memoria-6-un-ministre-a-la-font-de-larc\/","robots":"max-image-preview:large","keywords":"","webmasterTools":{"miscellaneous":""},"schema":{"@context":"https:\/\/schema.org","@graph":[{"@type":"BlogPosting","@id":"https:\/\/elcabilo.com\/radio\/2014\/01\/20\/larxiu-de-la-memoria-6-un-ministre-a-la-font-de-larc\/#blogposting","name":"L\u2019arxiu de la mem\u00f2ria: 6.Un ministre a la Font de l\u2019Arc - Cabil\u00f3R\u00e0dio","headline":"L&#8217;arxiu de la mem\u00f2ria: 6.Un ministre a la Font de l&#8217;Arc","author":{"@id":"https:\/\/elcabilo.com\/radio\/author\/radio\/#author"},"publisher":{"@id":"https:\/\/elcabilo.com\/radio\/#organization"},"image":{"@type":"ImageObject","url":"https:\/\/elcabilo.com\/radio\/files\/2014\/01\/ministre_arc.jpg","width":348,"height":252},"datePublished":"2014-01-20T00:00:06+01:00","dateModified":"2014-01-19T21:49:23+01:00","inLanguage":"ca","commentCount":12,"mainEntityOfPage":{"@id":"https:\/\/elcabilo.com\/radio\/2014\/01\/20\/larxiu-de-la-memoria-6-un-ministre-a-la-font-de-larc\/#webpage"},"isPartOf":{"@id":"https:\/\/elcabilo.com\/radio\/2014\/01\/20\/larxiu-de-la-memoria-6-un-ministre-a-la-font-de-larc\/#webpage"},"articleSection":"L'Arxiu de la Mem\u00f2ria"},{"@type":"BreadcrumbList","@id":"https:\/\/elcabilo.com\/radio\/2014\/01\/20\/larxiu-de-la-memoria-6-un-ministre-a-la-font-de-larc\/#breadcrumblist","itemListElement":[{"@type":"ListItem","@id":"https:\/\/elcabilo.com\/radio#listItem","position":1,"name":"Home","item":"https:\/\/elcabilo.com\/radio","nextItem":{"@type":"ListItem","@id":"https:\/\/elcabilo.com\/radio\/category\/programes\/#listItem","name":"Programes"}},{"@type":"ListItem","@id":"https:\/\/elcabilo.com\/radio\/category\/programes\/#listItem","position":2,"name":"Programes","item":"https:\/\/elcabilo.com\/radio\/category\/programes\/","nextItem":{"@type":"ListItem","@id":"https:\/\/elcabilo.com\/radio\/category\/programes\/larxiu-de-la-memoria\/#listItem","name":"L'Arxiu de la Mem\u00f2ria"},"previousItem":{"@type":"ListItem","@id":"https:\/\/elcabilo.com\/radio#listItem","name":"Home"}},{"@type":"ListItem","@id":"https:\/\/elcabilo.com\/radio\/category\/programes\/larxiu-de-la-memoria\/#listItem","position":3,"name":"L'Arxiu de la Mem\u00f2ria","item":"https:\/\/elcabilo.com\/radio\/category\/programes\/larxiu-de-la-memoria\/","nextItem":{"@type":"ListItem","@id":"https:\/\/elcabilo.com\/radio\/2014\/01\/20\/larxiu-de-la-memoria-6-un-ministre-a-la-font-de-larc\/#listItem","name":"L&#8217;arxiu de la mem\u00f2ria: 6.Un ministre a la Font de l&#8217;Arc"},"previousItem":{"@type":"ListItem","@id":"https:\/\/elcabilo.com\/radio\/category\/programes\/#listItem","name":"Programes"}},{"@type":"ListItem","@id":"https:\/\/elcabilo.com\/radio\/2014\/01\/20\/larxiu-de-la-memoria-6-un-ministre-a-la-font-de-larc\/#listItem","position":4,"name":"L&#8217;arxiu de la mem\u00f2ria: 6.Un ministre a la Font de l&#8217;Arc","previousItem":{"@type":"ListItem","@id":"https:\/\/elcabilo.com\/radio\/category\/programes\/larxiu-de-la-memoria\/#listItem","name":"L'Arxiu de la Mem\u00f2ria"}}]},{"@type":"Organization","@id":"https:\/\/elcabilo.com\/radio\/#organization","name":"Cabil\u00f3 R\u00e0dio","description":"La r\u00e0dio online de Sella","url":"https:\/\/elcabilo.com\/radio\/","logo":{"@type":"ImageObject","url":"https:\/\/elcabilo.com\/radio\/files\/2023\/01\/cropped-logo_radio-1.gif","@id":"https:\/\/elcabilo.com\/radio\/2014\/01\/20\/larxiu-de-la-memoria-6-un-ministre-a-la-font-de-larc\/#organizationLogo","width":250,"height":50},"image":{"@id":"https:\/\/elcabilo.com\/radio\/2014\/01\/20\/larxiu-de-la-memoria-6-un-ministre-a-la-font-de-larc\/#organizationLogo"}},{"@type":"Person","@id":"https:\/\/elcabilo.com\/radio\/author\/radio\/#author","url":"https:\/\/elcabilo.com\/radio\/author\/radio\/","name":"radio","image":{"@type":"ImageObject","@id":"https:\/\/elcabilo.com\/radio\/2014\/01\/20\/larxiu-de-la-memoria-6-un-ministre-a-la-font-de-larc\/#authorImage","url":"https:\/\/secure.gravatar.com\/avatar\/bb687b465db46b8e9255d0921cc346091032a91fe77f93721088d5decb8a2d1a?s=96&d=mm&r=g","width":96,"height":96,"caption":"radio"}},{"@type":"WebPage","@id":"https:\/\/elcabilo.com\/radio\/2014\/01\/20\/larxiu-de-la-memoria-6-un-ministre-a-la-font-de-larc\/#webpage","url":"https:\/\/elcabilo.com\/radio\/2014\/01\/20\/larxiu-de-la-memoria-6-un-ministre-a-la-font-de-larc\/","name":"L\u2019arxiu de la mem\u00f2ria: 6.Un ministre a la Font de l\u2019Arc - Cabil\u00f3R\u00e0dio","description":"En aquest nou programa de l\u2019Arxiu de la Mem\u00f2ria rescatem de l\u2019oblit la visita que Indalecio Prieto, ministre d\u2019obres p\u00fabliques del govern de la Rep\u00fablica, va realitzar a la Font de l\u2019Arc el 25 de gener de 1933. Tot i ser un fet extraordinari, poca gent recorda que el ministre va ser rebut a Sella","inLanguage":"ca","isPartOf":{"@id":"https:\/\/elcabilo.com\/radio\/#website"},"breadcrumb":{"@id":"https:\/\/elcabilo.com\/radio\/2014\/01\/20\/larxiu-de-la-memoria-6-un-ministre-a-la-font-de-larc\/#breadcrumblist"},"author":{"@id":"https:\/\/elcabilo.com\/radio\/author\/radio\/#author"},"creator":{"@id":"https:\/\/elcabilo.com\/radio\/author\/radio\/#author"},"image":{"@type":"ImageObject","url":"https:\/\/elcabilo.com\/radio\/files\/2014\/01\/ministre_arc.jpg","@id":"https:\/\/elcabilo.com\/radio\/2014\/01\/20\/larxiu-de-la-memoria-6-un-ministre-a-la-font-de-larc\/#mainImage","width":348,"height":252},"primaryImageOfPage":{"@id":"https:\/\/elcabilo.com\/radio\/2014\/01\/20\/larxiu-de-la-memoria-6-un-ministre-a-la-font-de-larc\/#mainImage"},"datePublished":"2014-01-20T00:00:06+01:00","dateModified":"2014-01-19T21:49:23+01:00"},{"@type":"WebSite","@id":"https:\/\/elcabilo.com\/radio\/#website","url":"https:\/\/elcabilo.com\/radio\/","name":"Cabil\u00f3 R\u00e0dio","description":"La r\u00e0dio online de Sella","inLanguage":"ca","publisher":{"@id":"https:\/\/elcabilo.com\/radio\/#organization"}}]},"og:locale":"ca_ES","og:site_name":"Cabil\u00f3R\u00e0dio - La r\u00e0dio online de Sella","og:type":"article","og:title":"L\u2019arxiu de la mem\u00f2ria: 6.Un ministre a la Font de l\u2019Arc - Cabil\u00f3R\u00e0dio","og:description":"En aquest nou programa de l\u2019Arxiu de la Mem\u00f2ria rescatem de l\u2019oblit la visita que Indalecio Prieto, ministre d\u2019obres p\u00fabliques del govern de la Rep\u00fablica, va realitzar a la Font de l\u2019Arc el 25 de gener de 1933. Tot i ser un fet extraordinari, poca gent recorda que el ministre va ser rebut a Sella","og:url":"https:\/\/elcabilo.com\/radio\/2014\/01\/20\/larxiu-de-la-memoria-6-un-ministre-a-la-font-de-larc\/","og:image":"https:\/\/elcabilo.com\/radio\/files\/2023\/01\/cropped-logo_radio-1.gif","og:image:secure_url":"https:\/\/elcabilo.com\/radio\/files\/2023\/01\/cropped-logo_radio-1.gif","article:published_time":"2014-01-19T23:00:06+00:00","article:modified_time":"2014-01-19T20:49:23+00:00","twitter:card":"summary_large_image","twitter:title":"L\u2019arxiu de la mem\u00f2ria: 6.Un ministre a la Font de l\u2019Arc - Cabil\u00f3R\u00e0dio","twitter:description":"En aquest nou programa de l\u2019Arxiu de la Mem\u00f2ria rescatem de l\u2019oblit la visita que Indalecio Prieto, ministre d\u2019obres p\u00fabliques del govern de la Rep\u00fablica, va realitzar a la Font de l\u2019Arc el 25 de gener de 1933. Tot i ser un fet extraordinari, poca gent recorda que el ministre va ser rebut a Sella","twitter:image":"https:\/\/elcabilo.com\/radio\/files\/2023\/01\/cropped-logo_radio-1.gif"},"aioseo_meta_data":{"post_id":"1211","title":null,"description":null,"keywords":null,"keyphrases":null,"primary_term":null,"canonical_url":null,"og_title":null,"og_description":null,"og_object_type":"default","og_image_type":"default","og_image_url":null,"og_image_width":null,"og_image_height":null,"og_image_custom_url":null,"og_image_custom_fields":null,"og_video":null,"og_custom_url":null,"og_article_section":null,"og_article_tags":null,"twitter_use_og":false,"twitter_card":"default","twitter_image_type":"default","twitter_image_url":null,"twitter_image_custom_url":null,"twitter_image_custom_fields":null,"twitter_title":null,"twitter_description":null,"schema":{"blockGraphs":[],"customGraphs":[],"default":{"data":{"Article":[],"Course":[],"Dataset":[],"FAQPage":[],"Movie":[],"Person":[],"Product":[],"ProductReview":[],"Car":[],"Recipe":[],"Service":[],"SoftwareApplication":[],"WebPage":[]},"graphName":"","isEnabled":true},"graphs":[]},"schema_type":"default","schema_type_options":null,"pillar_content":false,"robots_default":true,"robots_noindex":false,"robots_noarchive":false,"robots_nosnippet":false,"robots_nofollow":false,"robots_noimageindex":false,"robots_noodp":false,"robots_notranslate":false,"robots_max_snippet":null,"robots_max_videopreview":null,"robots_max_imagepreview":"large","priority":null,"frequency":null,"local_seo":null,"breadcrumb_settings":null,"limit_modified_date":false,"ai":null,"created":"2023-01-27 22:15:06","updated":"2025-06-08 19:24:04","seo_analyzer_scan_date":null,"focus_keyword":null,"additional_keywords":null,"truseo_locale":null},"aioseo_breadcrumb":"<div class=\"aioseo-breadcrumbs\"><span class=\"aioseo-breadcrumb\">\n\t\t\t<a href=\"https:\/\/elcabilo.com\/radio\" title=\"Home\">Home<\/a>\n\t\t<\/span><span class=\"aioseo-breadcrumb-separator\">&raquo;<\/span><span class=\"aioseo-breadcrumb\">\n\t\t\t<a href=\"https:\/\/elcabilo.com\/radio\/category\/programes\/\" title=\"Programes\">Programes<\/a>\n\t\t<\/span><span class=\"aioseo-breadcrumb-separator\">&raquo;<\/span><span class=\"aioseo-breadcrumb\">\n\t\t\t<a href=\"https:\/\/elcabilo.com\/radio\/category\/programes\/larxiu-de-la-memoria\/\" title=\"L&apos;Arxiu de la Mem\u00f2ria\">L'Arxiu de la Mem\u00f2ria<\/a>\n\t\t<\/span><span class=\"aioseo-breadcrumb-separator\">&raquo;<\/span><span class=\"aioseo-breadcrumb\">\n\t\t\tL\u2019arxiu de la mem\u00f2ria: 6.Un ministre a la Font de l\u2019Arc\n\t\t<\/span><\/div>","aioseo_breadcrumb_json":[{"label":"Home","link":"https:\/\/elcabilo.com\/radio"},{"label":"Programes","link":"https:\/\/elcabilo.com\/radio\/category\/programes\/"},{"label":"L'Arxiu de la Mem\u00f2ria","link":"https:\/\/elcabilo.com\/radio\/category\/programes\/larxiu-de-la-memoria\/"},{"label":"L&#8217;arxiu de la mem\u00f2ria: 6.Un ministre a la Font de l&#8217;Arc","link":"https:\/\/elcabilo.com\/radio\/2014\/01\/20\/larxiu-de-la-memoria-6-un-ministre-a-la-font-de-larc\/"}],"_links":{"self":[{"href":"https:\/\/elcabilo.com\/radio\/wp-json\/wp\/v2\/posts\/1211","targetHints":{"allow":["GET"]}}],"collection":[{"href":"https:\/\/elcabilo.com\/radio\/wp-json\/wp\/v2\/posts"}],"about":[{"href":"https:\/\/elcabilo.com\/radio\/wp-json\/wp\/v2\/types\/post"}],"author":[{"embeddable":true,"href":"https:\/\/elcabilo.com\/radio\/wp-json\/wp\/v2\/users\/272"}],"replies":[{"embeddable":true,"href":"https:\/\/elcabilo.com\/radio\/wp-json\/wp\/v2\/comments?post=1211"}],"version-history":[{"count":0,"href":"https:\/\/elcabilo.com\/radio\/wp-json\/wp\/v2\/posts\/1211\/revisions"}],"wp:featuredmedia":[{"embeddable":true,"href":"https:\/\/elcabilo.com\/radio\/wp-json\/wp\/v2\/media\/1213"}],"wp:attachment":[{"href":"https:\/\/elcabilo.com\/radio\/wp-json\/wp\/v2\/media?parent=1211"}],"wp:term":[{"taxonomy":"category","embeddable":true,"href":"https:\/\/elcabilo.com\/radio\/wp-json\/wp\/v2\/categories?post=1211"},{"taxonomy":"post_tag","embeddable":true,"href":"https:\/\/elcabilo.com\/radio\/wp-json\/wp\/v2\/tags?post=1211"}],"curies":[{"name":"wp","href":"https:\/\/api.w.org\/{rel}","templated":true}]}}