{"id":1228,"date":"2014-01-27T00:00:34","date_gmt":"2014-01-26T23:00:34","guid":{"rendered":"http:\/\/elcabilo.com\/radio\/?p=1228"},"modified":"2014-01-27T23:16:56","modified_gmt":"2014-01-27T22:16:56","slug":"connectat-8e-programa","status":"publish","type":"post","link":"https:\/\/elcabilo.com\/radio\/2014\/01\/27\/connectat-8e-programa\/","title":{"rendered":"Connecta&#8217;t: 8\u00e9 programa"},"content":{"rendered":"<p><\/br><\/br><\/br>Per que tapes la webcam?<\/p>\n<p style=\"text-align: center;\"><a class=\"mb_map {skin:'blue', animate:true, width:'200', volume:0.6, autoplay:false, loop:false, showVolumeLevel:true, showTime:true, showRew:true, downloadable:true, downloadablesecurity:false, id3: false}\" id=\"mbmaplayer_1390860542605\" href=\"https:\/\/archive.org\/download\/Connectat-Gener2014\/Connectat_Gener14.mp3\">Connecta&#8217;t: 8\u00e9 programa<\/a><\/p>\n<p><!--more--><br \/>\n<\/br><\/br><\/br><\/p>\n<p style=\"text-align: left;\">Enlla\u00e7os.<\/p>\n<p>Blog de Chema Alonso. Articles amb l\u2019etiqueta: Webcam<\/p>\n<p><a href=\"http:\/\/www.elladodelmal.com\/search\/label\/webcam\" target=\"_blank\">http:\/\/www.elladodelmal.com\/search\/label\/webcam<\/a><\/p>\n<p>Noticia en la cadena ser. Ve\u00efns de Saragossa espiats a trav\u00e9s de les seues webcams.<\/p>\n<p><a href=\"http:\/\/www.cadenaser.com\/tecnologia\/audios\/chema-alonso-recomiendo-tapar-webcam-sentarse-arreglado-delante\/csrcsrpor\/20130522csrcsrtec_1\/Aes\/\" target=\"_blank\">http:\/\/www.cadenaser.com\/tecnologia\/audios\/chema-alonso-recomiendo-tapar-webcam-sentarse-arreglado-delante\/csrcsrpor\/20130522csrcsrtec_1\/Aes\/<\/a><\/p>\n","protected":false},"excerpt":{"rendered":"<p>Per que tapes la webcam? Connecta&#8217;t: 8\u00e9 programa<\/p>\n","protected":false},"author":272,"featured_media":1229,"comment_status":"open","ping_status":"open","sticky":false,"template":"","format":"standard","meta":{"_exactmetrics_skip_tracking":false,"footnotes":""},"categories":[18],"tags":[],"class_list":["post-1228","post","type-post","status-publish","format-standard","has-post-thumbnail","hentry","category-connectat"],"aioseo_notices":[],"aioseo_head":"\n\t\t<!-- All in One SEO 5.0.1 - aioseo.com -->\n\t<meta name=\"description\" content=\"Per que tapes la webcam? Connecta&#039;t: 8\u00e9 programa Enlla\u00e7os. Blog de Chema Alonso. Articles amb l\u2019etiqueta: Webcam http:\/\/www.elladodelmal.com\/search\/label\/webcam Noticia en la cadena ser. Ve\u00efns de Saragossa espiats a trav\u00e9s de les seues webcams. http:\/\/www.cadenaser.com\/tecnologia\/audios\/chema-alonso-recomiendo-tapar-webcam-sentarse-arreglado-delante\/csrcsrpor\/20130522csrcsrtec_1\/Aes\/\" \/>\n\t<meta name=\"robots\" content=\"max-image-preview:large\" \/>\n\t<meta name=\"author\" content=\"radio\"\/>\n\t<link rel=\"canonical\" href=\"https:\/\/elcabilo.com\/radio\/2014\/01\/27\/connectat-8e-programa\/\" \/>\n\t<meta name=\"generator\" content=\"All in One SEO (AIOSEO) 5.0.1\" \/>\n\t\t<meta property=\"og:locale\" content=\"ca_ES\" \/>\n\t\t<meta property=\"og:site_name\" content=\"Cabil\u00f3R\u00e0dio - La r\u00e0dio online de Sella\" \/>\n\t\t<meta property=\"og:type\" content=\"article\" \/>\n\t\t<meta property=\"og:title\" content=\"Connecta\u2019t: 8\u00e9 programa - Cabil\u00f3R\u00e0dio\" \/>\n\t\t<meta property=\"og:description\" content=\"Per que tapes la webcam? Connecta&#039;t: 8\u00e9 programa Enlla\u00e7os. Blog de Chema Alonso. Articles amb l\u2019etiqueta: Webcam http:\/\/www.elladodelmal.com\/search\/label\/webcam Noticia en la cadena ser. Ve\u00efns de Saragossa espiats a trav\u00e9s de les seues webcams. http:\/\/www.cadenaser.com\/tecnologia\/audios\/chema-alonso-recomiendo-tapar-webcam-sentarse-arreglado-delante\/csrcsrpor\/20130522csrcsrtec_1\/Aes\/\" \/>\n\t\t<meta property=\"og:url\" content=\"https:\/\/elcabilo.com\/radio\/2014\/01\/27\/connectat-8e-programa\/\" \/>\n\t\t<meta property=\"og:image\" content=\"https:\/\/elcabilo.com\/radio\/files\/2023\/01\/cropped-logo_radio-1.gif\" \/>\n\t\t<meta property=\"og:image:secure_url\" content=\"https:\/\/elcabilo.com\/radio\/files\/2023\/01\/cropped-logo_radio-1.gif\" \/>\n\t\t<meta property=\"article:published_time\" content=\"2014-01-26T23:00:34+00:00\" \/>\n\t\t<meta property=\"article:modified_time\" content=\"2014-01-27T22:16:56+00:00\" \/>\n\t\t<meta name=\"twitter:card\" content=\"summary_large_image\" \/>\n\t\t<meta name=\"twitter:title\" content=\"Connecta\u2019t: 8\u00e9 programa - Cabil\u00f3R\u00e0dio\" \/>\n\t\t<meta name=\"twitter:description\" content=\"Per que tapes la webcam? Connecta&#039;t: 8\u00e9 programa Enlla\u00e7os. Blog de Chema Alonso. Articles amb l\u2019etiqueta: Webcam http:\/\/www.elladodelmal.com\/search\/label\/webcam Noticia en la cadena ser. Ve\u00efns de Saragossa espiats a trav\u00e9s de les seues webcams. http:\/\/www.cadenaser.com\/tecnologia\/audios\/chema-alonso-recomiendo-tapar-webcam-sentarse-arreglado-delante\/csrcsrpor\/20130522csrcsrtec_1\/Aes\/\" \/>\n\t\t<meta name=\"twitter:image\" content=\"https:\/\/elcabilo.com\/radio\/files\/2023\/01\/cropped-logo_radio-1.gif\" \/>\n\t\t<script type=\"application\/ld+json\" class=\"aioseo-schema\">\n\t\t\t{\"@context\":\"https:\\\/\\\/schema.org\",\"@graph\":[{\"@type\":\"BlogPosting\",\"@id\":\"https:\\\/\\\/elcabilo.com\\\/radio\\\/2014\\\/01\\\/27\\\/connectat-8e-programa\\\/#blogposting\",\"name\":\"Connecta\\u2019t: 8\\u00e9 programa - Cabil\\u00f3R\\u00e0dio\",\"headline\":\"Connecta&#8217;t: 8\\u00e9 programa\",\"author\":{\"@id\":\"https:\\\/\\\/elcabilo.com\\\/radio\\\/author\\\/radio\\\/#author\"},\"publisher\":{\"@id\":\"https:\\\/\\\/elcabilo.com\\\/radio\\\/#organization\"},\"image\":{\"@type\":\"ImageObject\",\"url\":\"https:\\\/\\\/elcabilo.com\\\/radio\\\/files\\\/2014\\\/01\\\/spyeye3.jpg\",\"width\":500,\"height\":343},\"datePublished\":\"2014-01-27T00:00:34+01:00\",\"dateModified\":\"2014-01-27T23:16:56+01:00\",\"inLanguage\":\"ca\",\"commentCount\":1,\"mainEntityOfPage\":{\"@id\":\"https:\\\/\\\/elcabilo.com\\\/radio\\\/2014\\\/01\\\/27\\\/connectat-8e-programa\\\/#webpage\"},\"isPartOf\":{\"@id\":\"https:\\\/\\\/elcabilo.com\\\/radio\\\/2014\\\/01\\\/27\\\/connectat-8e-programa\\\/#webpage\"},\"articleSection\":\"Connecta't\"},{\"@type\":\"BreadcrumbList\",\"@id\":\"https:\\\/\\\/elcabilo.com\\\/radio\\\/2014\\\/01\\\/27\\\/connectat-8e-programa\\\/#breadcrumblist\",\"itemListElement\":[{\"@type\":\"ListItem\",\"@id\":\"https:\\\/\\\/elcabilo.com\\\/radio#listItem\",\"position\":1,\"name\":\"Home\",\"item\":\"https:\\\/\\\/elcabilo.com\\\/radio\",\"nextItem\":{\"@type\":\"ListItem\",\"@id\":\"https:\\\/\\\/elcabilo.com\\\/radio\\\/category\\\/programes\\\/#listItem\",\"name\":\"Programes\"}},{\"@type\":\"ListItem\",\"@id\":\"https:\\\/\\\/elcabilo.com\\\/radio\\\/category\\\/programes\\\/#listItem\",\"position\":2,\"name\":\"Programes\",\"item\":\"https:\\\/\\\/elcabilo.com\\\/radio\\\/category\\\/programes\\\/\",\"nextItem\":{\"@type\":\"ListItem\",\"@id\":\"https:\\\/\\\/elcabilo.com\\\/radio\\\/category\\\/programes\\\/connectat\\\/#listItem\",\"name\":\"Connecta't\"},\"previousItem\":{\"@type\":\"ListItem\",\"@id\":\"https:\\\/\\\/elcabilo.com\\\/radio#listItem\",\"name\":\"Home\"}},{\"@type\":\"ListItem\",\"@id\":\"https:\\\/\\\/elcabilo.com\\\/radio\\\/category\\\/programes\\\/connectat\\\/#listItem\",\"position\":3,\"name\":\"Connecta't\",\"item\":\"https:\\\/\\\/elcabilo.com\\\/radio\\\/category\\\/programes\\\/connectat\\\/\",\"nextItem\":{\"@type\":\"ListItem\",\"@id\":\"https:\\\/\\\/elcabilo.com\\\/radio\\\/2014\\\/01\\\/27\\\/connectat-8e-programa\\\/#listItem\",\"name\":\"Connecta&#8217;t: 8\\u00e9 programa\"},\"previousItem\":{\"@type\":\"ListItem\",\"@id\":\"https:\\\/\\\/elcabilo.com\\\/radio\\\/category\\\/programes\\\/#listItem\",\"name\":\"Programes\"}},{\"@type\":\"ListItem\",\"@id\":\"https:\\\/\\\/elcabilo.com\\\/radio\\\/2014\\\/01\\\/27\\\/connectat-8e-programa\\\/#listItem\",\"position\":4,\"name\":\"Connecta&#8217;t: 8\\u00e9 programa\",\"previousItem\":{\"@type\":\"ListItem\",\"@id\":\"https:\\\/\\\/elcabilo.com\\\/radio\\\/category\\\/programes\\\/connectat\\\/#listItem\",\"name\":\"Connecta't\"}}]},{\"@type\":\"Organization\",\"@id\":\"https:\\\/\\\/elcabilo.com\\\/radio\\\/#organization\",\"name\":\"Cabil\\u00f3 R\\u00e0dio\",\"description\":\"La r\\u00e0dio online de Sella\",\"url\":\"https:\\\/\\\/elcabilo.com\\\/radio\\\/\",\"logo\":{\"@type\":\"ImageObject\",\"url\":\"https:\\\/\\\/elcabilo.com\\\/radio\\\/files\\\/2023\\\/01\\\/cropped-logo_radio-1.gif\",\"@id\":\"https:\\\/\\\/elcabilo.com\\\/radio\\\/2014\\\/01\\\/27\\\/connectat-8e-programa\\\/#organizationLogo\",\"width\":250,\"height\":50},\"image\":{\"@id\":\"https:\\\/\\\/elcabilo.com\\\/radio\\\/2014\\\/01\\\/27\\\/connectat-8e-programa\\\/#organizationLogo\"}},{\"@type\":\"Person\",\"@id\":\"https:\\\/\\\/elcabilo.com\\\/radio\\\/author\\\/radio\\\/#author\",\"url\":\"https:\\\/\\\/elcabilo.com\\\/radio\\\/author\\\/radio\\\/\",\"name\":\"radio\",\"image\":{\"@type\":\"ImageObject\",\"@id\":\"https:\\\/\\\/elcabilo.com\\\/radio\\\/2014\\\/01\\\/27\\\/connectat-8e-programa\\\/#authorImage\",\"url\":\"https:\\\/\\\/secure.gravatar.com\\\/avatar\\\/bb687b465db46b8e9255d0921cc346091032a91fe77f93721088d5decb8a2d1a?s=96&d=mm&r=g\",\"width\":96,\"height\":96,\"caption\":\"radio\"}},{\"@type\":\"WebPage\",\"@id\":\"https:\\\/\\\/elcabilo.com\\\/radio\\\/2014\\\/01\\\/27\\\/connectat-8e-programa\\\/#webpage\",\"url\":\"https:\\\/\\\/elcabilo.com\\\/radio\\\/2014\\\/01\\\/27\\\/connectat-8e-programa\\\/\",\"name\":\"Connecta\\u2019t: 8\\u00e9 programa - Cabil\\u00f3R\\u00e0dio\",\"description\":\"Per que tapes la webcam? Connecta't: 8\\u00e9 programa Enlla\\u00e7os. Blog de Chema Alonso. Articles amb l\\u2019etiqueta: Webcam http:\\\/\\\/www.elladodelmal.com\\\/search\\\/label\\\/webcam Noticia en la cadena ser. Ve\\u00efns de Saragossa espiats a trav\\u00e9s de les seues webcams. http:\\\/\\\/www.cadenaser.com\\\/tecnologia\\\/audios\\\/chema-alonso-recomiendo-tapar-webcam-sentarse-arreglado-delante\\\/csrcsrpor\\\/20130522csrcsrtec_1\\\/Aes\\\/\",\"inLanguage\":\"ca\",\"isPartOf\":{\"@id\":\"https:\\\/\\\/elcabilo.com\\\/radio\\\/#website\"},\"breadcrumb\":{\"@id\":\"https:\\\/\\\/elcabilo.com\\\/radio\\\/2014\\\/01\\\/27\\\/connectat-8e-programa\\\/#breadcrumblist\"},\"author\":{\"@id\":\"https:\\\/\\\/elcabilo.com\\\/radio\\\/author\\\/radio\\\/#author\"},\"creator\":{\"@id\":\"https:\\\/\\\/elcabilo.com\\\/radio\\\/author\\\/radio\\\/#author\"},\"image\":{\"@type\":\"ImageObject\",\"url\":\"https:\\\/\\\/elcabilo.com\\\/radio\\\/files\\\/2014\\\/01\\\/spyeye3.jpg\",\"@id\":\"https:\\\/\\\/elcabilo.com\\\/radio\\\/2014\\\/01\\\/27\\\/connectat-8e-programa\\\/#mainImage\",\"width\":500,\"height\":343},\"primaryImageOfPage\":{\"@id\":\"https:\\\/\\\/elcabilo.com\\\/radio\\\/2014\\\/01\\\/27\\\/connectat-8e-programa\\\/#mainImage\"},\"datePublished\":\"2014-01-27T00:00:34+01:00\",\"dateModified\":\"2014-01-27T23:16:56+01:00\"},{\"@type\":\"WebSite\",\"@id\":\"https:\\\/\\\/elcabilo.com\\\/radio\\\/#website\",\"url\":\"https:\\\/\\\/elcabilo.com\\\/radio\\\/\",\"name\":\"Cabil\\u00f3 R\\u00e0dio\",\"description\":\"La r\\u00e0dio online de Sella\",\"inLanguage\":\"ca\",\"publisher\":{\"@id\":\"https:\\\/\\\/elcabilo.com\\\/radio\\\/#organization\"}}]}\n\t\t<\/script>\n\t\t<!-- All in One SEO -->\n\n","aioseo_head_json":{"title":"Connecta\u2019t: 8\u00e9 programa - Cabil\u00f3R\u00e0dio","description":"Per que tapes la webcam? Connecta't: 8\u00e9 programa Enlla\u00e7os. Blog de Chema Alonso. Articles amb l\u2019etiqueta: Webcam http:\/\/www.elladodelmal.com\/search\/label\/webcam Noticia en la cadena ser. Ve\u00efns de Saragossa espiats a trav\u00e9s de les seues webcams. http:\/\/www.cadenaser.com\/tecnologia\/audios\/chema-alonso-recomiendo-tapar-webcam-sentarse-arreglado-delante\/csrcsrpor\/20130522csrcsrtec_1\/Aes\/","canonical_url":"https:\/\/elcabilo.com\/radio\/2014\/01\/27\/connectat-8e-programa\/","robots":"max-image-preview:large","keywords":"","webmasterTools":{"miscellaneous":""},"schema":{"@context":"https:\/\/schema.org","@graph":[{"@type":"BlogPosting","@id":"https:\/\/elcabilo.com\/radio\/2014\/01\/27\/connectat-8e-programa\/#blogposting","name":"Connecta\u2019t: 8\u00e9 programa - Cabil\u00f3R\u00e0dio","headline":"Connecta&#8217;t: 8\u00e9 programa","author":{"@id":"https:\/\/elcabilo.com\/radio\/author\/radio\/#author"},"publisher":{"@id":"https:\/\/elcabilo.com\/radio\/#organization"},"image":{"@type":"ImageObject","url":"https:\/\/elcabilo.com\/radio\/files\/2014\/01\/spyeye3.jpg","width":500,"height":343},"datePublished":"2014-01-27T00:00:34+01:00","dateModified":"2014-01-27T23:16:56+01:00","inLanguage":"ca","commentCount":1,"mainEntityOfPage":{"@id":"https:\/\/elcabilo.com\/radio\/2014\/01\/27\/connectat-8e-programa\/#webpage"},"isPartOf":{"@id":"https:\/\/elcabilo.com\/radio\/2014\/01\/27\/connectat-8e-programa\/#webpage"},"articleSection":"Connecta't"},{"@type":"BreadcrumbList","@id":"https:\/\/elcabilo.com\/radio\/2014\/01\/27\/connectat-8e-programa\/#breadcrumblist","itemListElement":[{"@type":"ListItem","@id":"https:\/\/elcabilo.com\/radio#listItem","position":1,"name":"Home","item":"https:\/\/elcabilo.com\/radio","nextItem":{"@type":"ListItem","@id":"https:\/\/elcabilo.com\/radio\/category\/programes\/#listItem","name":"Programes"}},{"@type":"ListItem","@id":"https:\/\/elcabilo.com\/radio\/category\/programes\/#listItem","position":2,"name":"Programes","item":"https:\/\/elcabilo.com\/radio\/category\/programes\/","nextItem":{"@type":"ListItem","@id":"https:\/\/elcabilo.com\/radio\/category\/programes\/connectat\/#listItem","name":"Connecta't"},"previousItem":{"@type":"ListItem","@id":"https:\/\/elcabilo.com\/radio#listItem","name":"Home"}},{"@type":"ListItem","@id":"https:\/\/elcabilo.com\/radio\/category\/programes\/connectat\/#listItem","position":3,"name":"Connecta't","item":"https:\/\/elcabilo.com\/radio\/category\/programes\/connectat\/","nextItem":{"@type":"ListItem","@id":"https:\/\/elcabilo.com\/radio\/2014\/01\/27\/connectat-8e-programa\/#listItem","name":"Connecta&#8217;t: 8\u00e9 programa"},"previousItem":{"@type":"ListItem","@id":"https:\/\/elcabilo.com\/radio\/category\/programes\/#listItem","name":"Programes"}},{"@type":"ListItem","@id":"https:\/\/elcabilo.com\/radio\/2014\/01\/27\/connectat-8e-programa\/#listItem","position":4,"name":"Connecta&#8217;t: 8\u00e9 programa","previousItem":{"@type":"ListItem","@id":"https:\/\/elcabilo.com\/radio\/category\/programes\/connectat\/#listItem","name":"Connecta't"}}]},{"@type":"Organization","@id":"https:\/\/elcabilo.com\/radio\/#organization","name":"Cabil\u00f3 R\u00e0dio","description":"La r\u00e0dio online de Sella","url":"https:\/\/elcabilo.com\/radio\/","logo":{"@type":"ImageObject","url":"https:\/\/elcabilo.com\/radio\/files\/2023\/01\/cropped-logo_radio-1.gif","@id":"https:\/\/elcabilo.com\/radio\/2014\/01\/27\/connectat-8e-programa\/#organizationLogo","width":250,"height":50},"image":{"@id":"https:\/\/elcabilo.com\/radio\/2014\/01\/27\/connectat-8e-programa\/#organizationLogo"}},{"@type":"Person","@id":"https:\/\/elcabilo.com\/radio\/author\/radio\/#author","url":"https:\/\/elcabilo.com\/radio\/author\/radio\/","name":"radio","image":{"@type":"ImageObject","@id":"https:\/\/elcabilo.com\/radio\/2014\/01\/27\/connectat-8e-programa\/#authorImage","url":"https:\/\/secure.gravatar.com\/avatar\/bb687b465db46b8e9255d0921cc346091032a91fe77f93721088d5decb8a2d1a?s=96&d=mm&r=g","width":96,"height":96,"caption":"radio"}},{"@type":"WebPage","@id":"https:\/\/elcabilo.com\/radio\/2014\/01\/27\/connectat-8e-programa\/#webpage","url":"https:\/\/elcabilo.com\/radio\/2014\/01\/27\/connectat-8e-programa\/","name":"Connecta\u2019t: 8\u00e9 programa - Cabil\u00f3R\u00e0dio","description":"Per que tapes la webcam? Connecta't: 8\u00e9 programa Enlla\u00e7os. Blog de Chema Alonso. Articles amb l\u2019etiqueta: Webcam http:\/\/www.elladodelmal.com\/search\/label\/webcam Noticia en la cadena ser. Ve\u00efns de Saragossa espiats a trav\u00e9s de les seues webcams. http:\/\/www.cadenaser.com\/tecnologia\/audios\/chema-alonso-recomiendo-tapar-webcam-sentarse-arreglado-delante\/csrcsrpor\/20130522csrcsrtec_1\/Aes\/","inLanguage":"ca","isPartOf":{"@id":"https:\/\/elcabilo.com\/radio\/#website"},"breadcrumb":{"@id":"https:\/\/elcabilo.com\/radio\/2014\/01\/27\/connectat-8e-programa\/#breadcrumblist"},"author":{"@id":"https:\/\/elcabilo.com\/radio\/author\/radio\/#author"},"creator":{"@id":"https:\/\/elcabilo.com\/radio\/author\/radio\/#author"},"image":{"@type":"ImageObject","url":"https:\/\/elcabilo.com\/radio\/files\/2014\/01\/spyeye3.jpg","@id":"https:\/\/elcabilo.com\/radio\/2014\/01\/27\/connectat-8e-programa\/#mainImage","width":500,"height":343},"primaryImageOfPage":{"@id":"https:\/\/elcabilo.com\/radio\/2014\/01\/27\/connectat-8e-programa\/#mainImage"},"datePublished":"2014-01-27T00:00:34+01:00","dateModified":"2014-01-27T23:16:56+01:00"},{"@type":"WebSite","@id":"https:\/\/elcabilo.com\/radio\/#website","url":"https:\/\/elcabilo.com\/radio\/","name":"Cabil\u00f3 R\u00e0dio","description":"La r\u00e0dio online de Sella","inLanguage":"ca","publisher":{"@id":"https:\/\/elcabilo.com\/radio\/#organization"}}]},"og:locale":"ca_ES","og:site_name":"Cabil\u00f3R\u00e0dio - La r\u00e0dio online de Sella","og:type":"article","og:title":"Connecta\u2019t: 8\u00e9 programa - Cabil\u00f3R\u00e0dio","og:description":"Per que tapes la webcam? Connecta't: 8\u00e9 programa Enlla\u00e7os. Blog de Chema Alonso. Articles amb l\u2019etiqueta: Webcam http:\/\/www.elladodelmal.com\/search\/label\/webcam Noticia en la cadena ser. Ve\u00efns de Saragossa espiats a trav\u00e9s de les seues webcams. http:\/\/www.cadenaser.com\/tecnologia\/audios\/chema-alonso-recomiendo-tapar-webcam-sentarse-arreglado-delante\/csrcsrpor\/20130522csrcsrtec_1\/Aes\/","og:url":"https:\/\/elcabilo.com\/radio\/2014\/01\/27\/connectat-8e-programa\/","og:image":"https:\/\/elcabilo.com\/radio\/files\/2023\/01\/cropped-logo_radio-1.gif","og:image:secure_url":"https:\/\/elcabilo.com\/radio\/files\/2023\/01\/cropped-logo_radio-1.gif","article:published_time":"2014-01-26T23:00:34+00:00","article:modified_time":"2014-01-27T22:16:56+00:00","twitter:card":"summary_large_image","twitter:title":"Connecta\u2019t: 8\u00e9 programa - Cabil\u00f3R\u00e0dio","twitter:description":"Per que tapes la webcam? Connecta't: 8\u00e9 programa Enlla\u00e7os. Blog de Chema Alonso. Articles amb l\u2019etiqueta: Webcam http:\/\/www.elladodelmal.com\/search\/label\/webcam Noticia en la cadena ser. Ve\u00efns de Saragossa espiats a trav\u00e9s de les seues webcams. http:\/\/www.cadenaser.com\/tecnologia\/audios\/chema-alonso-recomiendo-tapar-webcam-sentarse-arreglado-delante\/csrcsrpor\/20130522csrcsrtec_1\/Aes\/","twitter:image":"https:\/\/elcabilo.com\/radio\/files\/2023\/01\/cropped-logo_radio-1.gif"},"aioseo_meta_data":{"post_id":"1228","title":null,"description":null,"keywords":null,"keyphrases":null,"primary_term":null,"canonical_url":null,"og_title":null,"og_description":null,"og_object_type":"default","og_image_type":"default","og_image_url":null,"og_image_width":null,"og_image_height":null,"og_image_custom_url":null,"og_image_custom_fields":null,"og_video":null,"og_custom_url":null,"og_article_section":null,"og_article_tags":null,"twitter_use_og":false,"twitter_card":"default","twitter_image_type":"default","twitter_image_url":null,"twitter_image_custom_url":null,"twitter_image_custom_fields":null,"twitter_title":null,"twitter_description":null,"schema":{"blockGraphs":[],"customGraphs":[],"default":{"data":{"Article":[],"Course":[],"Dataset":[],"FAQPage":[],"Movie":[],"Person":[],"Product":[],"ProductReview":[],"Car":[],"Recipe":[],"Service":[],"SoftwareApplication":[],"WebPage":[]},"graphName":"","isEnabled":true},"graphs":[]},"schema_type":"default","schema_type_options":null,"pillar_content":false,"robots_default":true,"robots_noindex":false,"robots_noarchive":false,"robots_nosnippet":false,"robots_nofollow":false,"robots_noimageindex":false,"robots_noodp":false,"robots_notranslate":false,"robots_max_snippet":null,"robots_max_videopreview":null,"robots_max_imagepreview":"large","priority":null,"frequency":null,"local_seo":null,"breadcrumb_settings":null,"limit_modified_date":false,"ai":null,"created":"2023-01-27 22:15:06","updated":"2025-06-08 19:24:04","seo_analyzer_scan_date":null,"focus_keyword":null,"additional_keywords":null,"truseo_locale":null},"aioseo_breadcrumb":"<div class=\"aioseo-breadcrumbs\"><span class=\"aioseo-breadcrumb\">\n\t\t\t<a href=\"https:\/\/elcabilo.com\/radio\" title=\"Home\">Home<\/a>\n\t\t<\/span><span class=\"aioseo-breadcrumb-separator\">&raquo;<\/span><span class=\"aioseo-breadcrumb\">\n\t\t\t<a href=\"https:\/\/elcabilo.com\/radio\/category\/programes\/\" title=\"Programes\">Programes<\/a>\n\t\t<\/span><span class=\"aioseo-breadcrumb-separator\">&raquo;<\/span><span class=\"aioseo-breadcrumb\">\n\t\t\t<a href=\"https:\/\/elcabilo.com\/radio\/category\/programes\/connectat\/\" title=\"Connecta&apos;t\">Connecta't<\/a>\n\t\t<\/span><span class=\"aioseo-breadcrumb-separator\">&raquo;<\/span><span class=\"aioseo-breadcrumb\">\n\t\t\tConnecta\u2019t: 8\u00e9 programa\n\t\t<\/span><\/div>","aioseo_breadcrumb_json":[{"label":"Home","link":"https:\/\/elcabilo.com\/radio"},{"label":"Programes","link":"https:\/\/elcabilo.com\/radio\/category\/programes\/"},{"label":"Connecta't","link":"https:\/\/elcabilo.com\/radio\/category\/programes\/connectat\/"},{"label":"Connecta&#8217;t: 8\u00e9 programa","link":"https:\/\/elcabilo.com\/radio\/2014\/01\/27\/connectat-8e-programa\/"}],"_links":{"self":[{"href":"https:\/\/elcabilo.com\/radio\/wp-json\/wp\/v2\/posts\/1228","targetHints":{"allow":["GET"]}}],"collection":[{"href":"https:\/\/elcabilo.com\/radio\/wp-json\/wp\/v2\/posts"}],"about":[{"href":"https:\/\/elcabilo.com\/radio\/wp-json\/wp\/v2\/types\/post"}],"author":[{"embeddable":true,"href":"https:\/\/elcabilo.com\/radio\/wp-json\/wp\/v2\/users\/272"}],"replies":[{"embeddable":true,"href":"https:\/\/elcabilo.com\/radio\/wp-json\/wp\/v2\/comments?post=1228"}],"version-history":[{"count":0,"href":"https:\/\/elcabilo.com\/radio\/wp-json\/wp\/v2\/posts\/1228\/revisions"}],"wp:featuredmedia":[{"embeddable":true,"href":"https:\/\/elcabilo.com\/radio\/wp-json\/wp\/v2\/media\/1229"}],"wp:attachment":[{"href":"https:\/\/elcabilo.com\/radio\/wp-json\/wp\/v2\/media?parent=1228"}],"wp:term":[{"taxonomy":"category","embeddable":true,"href":"https:\/\/elcabilo.com\/radio\/wp-json\/wp\/v2\/categories?post=1228"},{"taxonomy":"post_tag","embeddable":true,"href":"https:\/\/elcabilo.com\/radio\/wp-json\/wp\/v2\/tags?post=1228"}],"curies":[{"name":"wp","href":"https:\/\/api.w.org\/{rel}","templated":true}]}}