{"id":1333,"date":"2014-03-31T00:00:36","date_gmt":"2014-03-30T22:00:36","guid":{"rendered":"http:\/\/elcabilo.com\/radio\/?p=1333"},"modified":"2018-11-11T21:54:58","modified_gmt":"2018-11-11T20:54:58","slug":"larxiu-de-la-memoria-7-els-germans-alemany-en-la-i-guerra-mundial","status":"publish","type":"post","link":"https:\/\/elcabilo.com\/radio\/2014\/03\/31\/larxiu-de-la-memoria-7-els-germans-alemany-en-la-i-guerra-mundial\/","title":{"rendered":"L&#8217;Arxiu de la Mem\u00f2ria: 7. Els germans Alemany en la I Guerra Mundial"},"content":{"rendered":"<p style=\"text-align: justify;\">Cabil\u00f3 R\u00e0dio vol sumar-se als actes commemoratius del centenari del comen\u00e7ament de la Primera Guerra Mundial amb la narraci\u00f3 d&#8217;aquesta desconeguda hist\u00f2ria protagonitzada per dos germans de Sella. El llarg conflicte b\u00e8l\u00b7lic va suposar que Fran\u00e7a rebera milers de joves espanyols, majorit\u00e0riament procedents del m\u00f3n rural, per a suplir la mancan\u00e7a dels bra\u00e7os que estaven lluitant al front. Molts sellards es van veure espentats a provar fortuna a un pa\u00eds en guerra, desenvolupant perilloses faenes que els feren testimonis de la crudesa de la coneguda com Gran Guerra.<\/p>\n<p style=\"text-align: center;\"><a id=\"mbmaplayer_1396215682670\" class=\"mb_map {skin:'blue', animate:true, width:'200', volume:0.6, autoplay:false, loop:false, showVolumeLevel:true, showTime:true, showRew:true, downloadable:true, downloadablesecurity:false, id3: false}\" href=\"https:\/\/archive.org\/download\/arxiu_marc_2014\/Guerra_Mundial.mp3\">L&#8217;arxiu de la mem\u00f2ria: Programa 7<\/a><\/p>\n<p>M\u00e9s informaci\u00f3 a <a href=\"https:\/\/elcabilo.com\/larxiu\/2014\/04\/05\/sellards-en-la-gran-guerra\/\" target=\"_blank\" rel=\"noopener\">https:\/\/elcabilo.com\/larxiu\/<\/a><\/p>\n","protected":false},"excerpt":{"rendered":"<p>Cabil\u00f3 R\u00e0dio vol sumar-se als actes commemoratius del centenari del comen\u00e7ament de la Primera Guerra Mundial amb la narraci\u00f3 d&#8217;aquesta desconeguda hist\u00f2ria protagonitzada per dos germans de Sella. El llarg conflicte b\u00e8l\u00b7lic va suposar que Fran\u00e7a rebera milers de joves espanyols, majorit\u00e0riament procedents del m\u00f3n rural, per a suplir la mancan\u00e7a dels bra\u00e7os que estaven [&hellip;]<\/p>\n","protected":false},"author":272,"featured_media":1334,"comment_status":"open","ping_status":"open","sticky":false,"template":"","format":"standard","meta":{"_exactmetrics_skip_tracking":false,"footnotes":""},"categories":[7],"tags":[],"class_list":["post-1333","post","type-post","status-publish","format-standard","has-post-thumbnail","hentry","category-larxiu-de-la-memoria"],"aioseo_notices":[],"aioseo_head":"\n\t\t<!-- All in One SEO 5.0.1 - aioseo.com -->\n\t<meta name=\"description\" content=\"Cabil\u00f3 R\u00e0dio vol sumar-se als actes commemoratius del centenari del comen\u00e7ament de la Primera Guerra Mundial amb la narraci\u00f3 d&#039;aquesta desconeguda hist\u00f2ria protagonitzada per dos germans de Sella. El llarg conflicte b\u00e8l\u00b7lic va suposar que Fran\u00e7a rebera milers de joves espanyols, majorit\u00e0riament procedents del m\u00f3n rural, per a suplir la mancan\u00e7a dels bra\u00e7os que estaven\" \/>\n\t<meta name=\"robots\" content=\"max-image-preview:large\" \/>\n\t<meta name=\"author\" content=\"radio\"\/>\n\t<link rel=\"canonical\" href=\"https:\/\/elcabilo.com\/radio\/2014\/03\/31\/larxiu-de-la-memoria-7-els-germans-alemany-en-la-i-guerra-mundial\/\" \/>\n\t<meta name=\"generator\" content=\"All in One SEO (AIOSEO) 5.0.1\" \/>\n\t\t<meta property=\"og:locale\" content=\"ca_ES\" \/>\n\t\t<meta property=\"og:site_name\" content=\"Cabil\u00f3R\u00e0dio - La r\u00e0dio online de Sella\" \/>\n\t\t<meta property=\"og:type\" content=\"article\" \/>\n\t\t<meta property=\"og:title\" content=\"L\u2019Arxiu de la Mem\u00f2ria: 7. Els germans Alemany en la I Guerra Mundial - Cabil\u00f3R\u00e0dio\" \/>\n\t\t<meta property=\"og:description\" content=\"Cabil\u00f3 R\u00e0dio vol sumar-se als actes commemoratius del centenari del comen\u00e7ament de la Primera Guerra Mundial amb la narraci\u00f3 d&#039;aquesta desconeguda hist\u00f2ria protagonitzada per dos germans de Sella. El llarg conflicte b\u00e8l\u00b7lic va suposar que Fran\u00e7a rebera milers de joves espanyols, majorit\u00e0riament procedents del m\u00f3n rural, per a suplir la mancan\u00e7a dels bra\u00e7os que estaven\" \/>\n\t\t<meta property=\"og:url\" content=\"https:\/\/elcabilo.com\/radio\/2014\/03\/31\/larxiu-de-la-memoria-7-els-germans-alemany-en-la-i-guerra-mundial\/\" \/>\n\t\t<meta property=\"og:image\" content=\"https:\/\/elcabilo.com\/radio\/files\/2023\/01\/cropped-logo_radio-1.gif\" \/>\n\t\t<meta property=\"og:image:secure_url\" content=\"https:\/\/elcabilo.com\/radio\/files\/2023\/01\/cropped-logo_radio-1.gif\" \/>\n\t\t<meta property=\"article:published_time\" content=\"2014-03-30T22:00:36+00:00\" \/>\n\t\t<meta property=\"article:modified_time\" content=\"2018-11-11T20:54:58+00:00\" \/>\n\t\t<meta name=\"twitter:card\" content=\"summary_large_image\" \/>\n\t\t<meta name=\"twitter:title\" content=\"L\u2019Arxiu de la Mem\u00f2ria: 7. Els germans Alemany en la I Guerra Mundial - Cabil\u00f3R\u00e0dio\" \/>\n\t\t<meta name=\"twitter:description\" content=\"Cabil\u00f3 R\u00e0dio vol sumar-se als actes commemoratius del centenari del comen\u00e7ament de la Primera Guerra Mundial amb la narraci\u00f3 d&#039;aquesta desconeguda hist\u00f2ria protagonitzada per dos germans de Sella. El llarg conflicte b\u00e8l\u00b7lic va suposar que Fran\u00e7a rebera milers de joves espanyols, majorit\u00e0riament procedents del m\u00f3n rural, per a suplir la mancan\u00e7a dels bra\u00e7os que estaven\" \/>\n\t\t<meta name=\"twitter:image\" content=\"https:\/\/elcabilo.com\/radio\/files\/2023\/01\/cropped-logo_radio-1.gif\" \/>\n\t\t<script type=\"application\/ld+json\" class=\"aioseo-schema\">\n\t\t\t{\"@context\":\"https:\\\/\\\/schema.org\",\"@graph\":[{\"@type\":\"BlogPosting\",\"@id\":\"https:\\\/\\\/elcabilo.com\\\/radio\\\/2014\\\/03\\\/31\\\/larxiu-de-la-memoria-7-els-germans-alemany-en-la-i-guerra-mundial\\\/#blogposting\",\"name\":\"L\\u2019Arxiu de la Mem\\u00f2ria: 7. Els germans Alemany en la I Guerra Mundial - Cabil\\u00f3R\\u00e0dio\",\"headline\":\"L&#8217;Arxiu de la Mem\\u00f2ria: 7. Els germans Alemany en la I Guerra Mundial\",\"author\":{\"@id\":\"https:\\\/\\\/elcabilo.com\\\/radio\\\/author\\\/radio\\\/#author\"},\"publisher\":{\"@id\":\"https:\\\/\\\/elcabilo.com\\\/radio\\\/#organization\"},\"image\":{\"@type\":\"ImageObject\",\"url\":\"https:\\\/\\\/elcabilo.com\\\/radio\\\/files\\\/2014\\\/03\\\/arxiu_guerra_mundia.jpg\",\"width\":323,\"height\":447},\"datePublished\":\"2014-03-31T00:00:36+02:00\",\"dateModified\":\"2018-11-11T21:54:58+01:00\",\"inLanguage\":\"ca\",\"commentCount\":12,\"mainEntityOfPage\":{\"@id\":\"https:\\\/\\\/elcabilo.com\\\/radio\\\/2014\\\/03\\\/31\\\/larxiu-de-la-memoria-7-els-germans-alemany-en-la-i-guerra-mundial\\\/#webpage\"},\"isPartOf\":{\"@id\":\"https:\\\/\\\/elcabilo.com\\\/radio\\\/2014\\\/03\\\/31\\\/larxiu-de-la-memoria-7-els-germans-alemany-en-la-i-guerra-mundial\\\/#webpage\"},\"articleSection\":\"L'Arxiu de la Mem\\u00f2ria\"},{\"@type\":\"BreadcrumbList\",\"@id\":\"https:\\\/\\\/elcabilo.com\\\/radio\\\/2014\\\/03\\\/31\\\/larxiu-de-la-memoria-7-els-germans-alemany-en-la-i-guerra-mundial\\\/#breadcrumblist\",\"itemListElement\":[{\"@type\":\"ListItem\",\"@id\":\"https:\\\/\\\/elcabilo.com\\\/radio#listItem\",\"position\":1,\"name\":\"Home\",\"item\":\"https:\\\/\\\/elcabilo.com\\\/radio\",\"nextItem\":{\"@type\":\"ListItem\",\"@id\":\"https:\\\/\\\/elcabilo.com\\\/radio\\\/category\\\/programes\\\/#listItem\",\"name\":\"Programes\"}},{\"@type\":\"ListItem\",\"@id\":\"https:\\\/\\\/elcabilo.com\\\/radio\\\/category\\\/programes\\\/#listItem\",\"position\":2,\"name\":\"Programes\",\"item\":\"https:\\\/\\\/elcabilo.com\\\/radio\\\/category\\\/programes\\\/\",\"nextItem\":{\"@type\":\"ListItem\",\"@id\":\"https:\\\/\\\/elcabilo.com\\\/radio\\\/category\\\/programes\\\/larxiu-de-la-memoria\\\/#listItem\",\"name\":\"L'Arxiu de la Mem\\u00f2ria\"},\"previousItem\":{\"@type\":\"ListItem\",\"@id\":\"https:\\\/\\\/elcabilo.com\\\/radio#listItem\",\"name\":\"Home\"}},{\"@type\":\"ListItem\",\"@id\":\"https:\\\/\\\/elcabilo.com\\\/radio\\\/category\\\/programes\\\/larxiu-de-la-memoria\\\/#listItem\",\"position\":3,\"name\":\"L'Arxiu de la Mem\\u00f2ria\",\"item\":\"https:\\\/\\\/elcabilo.com\\\/radio\\\/category\\\/programes\\\/larxiu-de-la-memoria\\\/\",\"nextItem\":{\"@type\":\"ListItem\",\"@id\":\"https:\\\/\\\/elcabilo.com\\\/radio\\\/2014\\\/03\\\/31\\\/larxiu-de-la-memoria-7-els-germans-alemany-en-la-i-guerra-mundial\\\/#listItem\",\"name\":\"L&#8217;Arxiu de la Mem\\u00f2ria: 7. Els germans Alemany en la I Guerra Mundial\"},\"previousItem\":{\"@type\":\"ListItem\",\"@id\":\"https:\\\/\\\/elcabilo.com\\\/radio\\\/category\\\/programes\\\/#listItem\",\"name\":\"Programes\"}},{\"@type\":\"ListItem\",\"@id\":\"https:\\\/\\\/elcabilo.com\\\/radio\\\/2014\\\/03\\\/31\\\/larxiu-de-la-memoria-7-els-germans-alemany-en-la-i-guerra-mundial\\\/#listItem\",\"position\":4,\"name\":\"L&#8217;Arxiu de la Mem\\u00f2ria: 7. Els germans Alemany en la I Guerra Mundial\",\"previousItem\":{\"@type\":\"ListItem\",\"@id\":\"https:\\\/\\\/elcabilo.com\\\/radio\\\/category\\\/programes\\\/larxiu-de-la-memoria\\\/#listItem\",\"name\":\"L'Arxiu de la Mem\\u00f2ria\"}}]},{\"@type\":\"Organization\",\"@id\":\"https:\\\/\\\/elcabilo.com\\\/radio\\\/#organization\",\"name\":\"Cabil\\u00f3 R\\u00e0dio\",\"description\":\"La r\\u00e0dio online de Sella\",\"url\":\"https:\\\/\\\/elcabilo.com\\\/radio\\\/\",\"logo\":{\"@type\":\"ImageObject\",\"url\":\"https:\\\/\\\/elcabilo.com\\\/radio\\\/files\\\/2023\\\/01\\\/cropped-logo_radio-1.gif\",\"@id\":\"https:\\\/\\\/elcabilo.com\\\/radio\\\/2014\\\/03\\\/31\\\/larxiu-de-la-memoria-7-els-germans-alemany-en-la-i-guerra-mundial\\\/#organizationLogo\",\"width\":250,\"height\":50},\"image\":{\"@id\":\"https:\\\/\\\/elcabilo.com\\\/radio\\\/2014\\\/03\\\/31\\\/larxiu-de-la-memoria-7-els-germans-alemany-en-la-i-guerra-mundial\\\/#organizationLogo\"}},{\"@type\":\"Person\",\"@id\":\"https:\\\/\\\/elcabilo.com\\\/radio\\\/author\\\/radio\\\/#author\",\"url\":\"https:\\\/\\\/elcabilo.com\\\/radio\\\/author\\\/radio\\\/\",\"name\":\"radio\",\"image\":{\"@type\":\"ImageObject\",\"@id\":\"https:\\\/\\\/elcabilo.com\\\/radio\\\/2014\\\/03\\\/31\\\/larxiu-de-la-memoria-7-els-germans-alemany-en-la-i-guerra-mundial\\\/#authorImage\",\"url\":\"https:\\\/\\\/secure.gravatar.com\\\/avatar\\\/bb687b465db46b8e9255d0921cc346091032a91fe77f93721088d5decb8a2d1a?s=96&d=mm&r=g\",\"width\":96,\"height\":96,\"caption\":\"radio\"}},{\"@type\":\"WebPage\",\"@id\":\"https:\\\/\\\/elcabilo.com\\\/radio\\\/2014\\\/03\\\/31\\\/larxiu-de-la-memoria-7-els-germans-alemany-en-la-i-guerra-mundial\\\/#webpage\",\"url\":\"https:\\\/\\\/elcabilo.com\\\/radio\\\/2014\\\/03\\\/31\\\/larxiu-de-la-memoria-7-els-germans-alemany-en-la-i-guerra-mundial\\\/\",\"name\":\"L\\u2019Arxiu de la Mem\\u00f2ria: 7. Els germans Alemany en la I Guerra Mundial - Cabil\\u00f3R\\u00e0dio\",\"description\":\"Cabil\\u00f3 R\\u00e0dio vol sumar-se als actes commemoratius del centenari del comen\\u00e7ament de la Primera Guerra Mundial amb la narraci\\u00f3 d'aquesta desconeguda hist\\u00f2ria protagonitzada per dos germans de Sella. El llarg conflicte b\\u00e8l\\u00b7lic va suposar que Fran\\u00e7a rebera milers de joves espanyols, majorit\\u00e0riament procedents del m\\u00f3n rural, per a suplir la mancan\\u00e7a dels bra\\u00e7os que estaven\",\"inLanguage\":\"ca\",\"isPartOf\":{\"@id\":\"https:\\\/\\\/elcabilo.com\\\/radio\\\/#website\"},\"breadcrumb\":{\"@id\":\"https:\\\/\\\/elcabilo.com\\\/radio\\\/2014\\\/03\\\/31\\\/larxiu-de-la-memoria-7-els-germans-alemany-en-la-i-guerra-mundial\\\/#breadcrumblist\"},\"author\":{\"@id\":\"https:\\\/\\\/elcabilo.com\\\/radio\\\/author\\\/radio\\\/#author\"},\"creator\":{\"@id\":\"https:\\\/\\\/elcabilo.com\\\/radio\\\/author\\\/radio\\\/#author\"},\"image\":{\"@type\":\"ImageObject\",\"url\":\"https:\\\/\\\/elcabilo.com\\\/radio\\\/files\\\/2014\\\/03\\\/arxiu_guerra_mundia.jpg\",\"@id\":\"https:\\\/\\\/elcabilo.com\\\/radio\\\/2014\\\/03\\\/31\\\/larxiu-de-la-memoria-7-els-germans-alemany-en-la-i-guerra-mundial\\\/#mainImage\",\"width\":323,\"height\":447},\"primaryImageOfPage\":{\"@id\":\"https:\\\/\\\/elcabilo.com\\\/radio\\\/2014\\\/03\\\/31\\\/larxiu-de-la-memoria-7-els-germans-alemany-en-la-i-guerra-mundial\\\/#mainImage\"},\"datePublished\":\"2014-03-31T00:00:36+02:00\",\"dateModified\":\"2018-11-11T21:54:58+01:00\"},{\"@type\":\"WebSite\",\"@id\":\"https:\\\/\\\/elcabilo.com\\\/radio\\\/#website\",\"url\":\"https:\\\/\\\/elcabilo.com\\\/radio\\\/\",\"name\":\"Cabil\\u00f3 R\\u00e0dio\",\"description\":\"La r\\u00e0dio online de Sella\",\"inLanguage\":\"ca\",\"publisher\":{\"@id\":\"https:\\\/\\\/elcabilo.com\\\/radio\\\/#organization\"}}]}\n\t\t<\/script>\n\t\t<!-- All in One SEO -->\n\n","aioseo_head_json":{"title":"L\u2019Arxiu de la Mem\u00f2ria: 7. Els germans Alemany en la I Guerra Mundial - Cabil\u00f3R\u00e0dio","description":"Cabil\u00f3 R\u00e0dio vol sumar-se als actes commemoratius del centenari del comen\u00e7ament de la Primera Guerra Mundial amb la narraci\u00f3 d'aquesta desconeguda hist\u00f2ria protagonitzada per dos germans de Sella. El llarg conflicte b\u00e8l\u00b7lic va suposar que Fran\u00e7a rebera milers de joves espanyols, majorit\u00e0riament procedents del m\u00f3n rural, per a suplir la mancan\u00e7a dels bra\u00e7os que estaven","canonical_url":"https:\/\/elcabilo.com\/radio\/2014\/03\/31\/larxiu-de-la-memoria-7-els-germans-alemany-en-la-i-guerra-mundial\/","robots":"max-image-preview:large","keywords":"","webmasterTools":{"miscellaneous":""},"schema":{"@context":"https:\/\/schema.org","@graph":[{"@type":"BlogPosting","@id":"https:\/\/elcabilo.com\/radio\/2014\/03\/31\/larxiu-de-la-memoria-7-els-germans-alemany-en-la-i-guerra-mundial\/#blogposting","name":"L\u2019Arxiu de la Mem\u00f2ria: 7. Els germans Alemany en la I Guerra Mundial - Cabil\u00f3R\u00e0dio","headline":"L&#8217;Arxiu de la Mem\u00f2ria: 7. Els germans Alemany en la I Guerra Mundial","author":{"@id":"https:\/\/elcabilo.com\/radio\/author\/radio\/#author"},"publisher":{"@id":"https:\/\/elcabilo.com\/radio\/#organization"},"image":{"@type":"ImageObject","url":"https:\/\/elcabilo.com\/radio\/files\/2014\/03\/arxiu_guerra_mundia.jpg","width":323,"height":447},"datePublished":"2014-03-31T00:00:36+02:00","dateModified":"2018-11-11T21:54:58+01:00","inLanguage":"ca","commentCount":12,"mainEntityOfPage":{"@id":"https:\/\/elcabilo.com\/radio\/2014\/03\/31\/larxiu-de-la-memoria-7-els-germans-alemany-en-la-i-guerra-mundial\/#webpage"},"isPartOf":{"@id":"https:\/\/elcabilo.com\/radio\/2014\/03\/31\/larxiu-de-la-memoria-7-els-germans-alemany-en-la-i-guerra-mundial\/#webpage"},"articleSection":"L'Arxiu de la Mem\u00f2ria"},{"@type":"BreadcrumbList","@id":"https:\/\/elcabilo.com\/radio\/2014\/03\/31\/larxiu-de-la-memoria-7-els-germans-alemany-en-la-i-guerra-mundial\/#breadcrumblist","itemListElement":[{"@type":"ListItem","@id":"https:\/\/elcabilo.com\/radio#listItem","position":1,"name":"Home","item":"https:\/\/elcabilo.com\/radio","nextItem":{"@type":"ListItem","@id":"https:\/\/elcabilo.com\/radio\/category\/programes\/#listItem","name":"Programes"}},{"@type":"ListItem","@id":"https:\/\/elcabilo.com\/radio\/category\/programes\/#listItem","position":2,"name":"Programes","item":"https:\/\/elcabilo.com\/radio\/category\/programes\/","nextItem":{"@type":"ListItem","@id":"https:\/\/elcabilo.com\/radio\/category\/programes\/larxiu-de-la-memoria\/#listItem","name":"L'Arxiu de la Mem\u00f2ria"},"previousItem":{"@type":"ListItem","@id":"https:\/\/elcabilo.com\/radio#listItem","name":"Home"}},{"@type":"ListItem","@id":"https:\/\/elcabilo.com\/radio\/category\/programes\/larxiu-de-la-memoria\/#listItem","position":3,"name":"L'Arxiu de la Mem\u00f2ria","item":"https:\/\/elcabilo.com\/radio\/category\/programes\/larxiu-de-la-memoria\/","nextItem":{"@type":"ListItem","@id":"https:\/\/elcabilo.com\/radio\/2014\/03\/31\/larxiu-de-la-memoria-7-els-germans-alemany-en-la-i-guerra-mundial\/#listItem","name":"L&#8217;Arxiu de la Mem\u00f2ria: 7. Els germans Alemany en la I Guerra Mundial"},"previousItem":{"@type":"ListItem","@id":"https:\/\/elcabilo.com\/radio\/category\/programes\/#listItem","name":"Programes"}},{"@type":"ListItem","@id":"https:\/\/elcabilo.com\/radio\/2014\/03\/31\/larxiu-de-la-memoria-7-els-germans-alemany-en-la-i-guerra-mundial\/#listItem","position":4,"name":"L&#8217;Arxiu de la Mem\u00f2ria: 7. Els germans Alemany en la I Guerra Mundial","previousItem":{"@type":"ListItem","@id":"https:\/\/elcabilo.com\/radio\/category\/programes\/larxiu-de-la-memoria\/#listItem","name":"L'Arxiu de la Mem\u00f2ria"}}]},{"@type":"Organization","@id":"https:\/\/elcabilo.com\/radio\/#organization","name":"Cabil\u00f3 R\u00e0dio","description":"La r\u00e0dio online de Sella","url":"https:\/\/elcabilo.com\/radio\/","logo":{"@type":"ImageObject","url":"https:\/\/elcabilo.com\/radio\/files\/2023\/01\/cropped-logo_radio-1.gif","@id":"https:\/\/elcabilo.com\/radio\/2014\/03\/31\/larxiu-de-la-memoria-7-els-germans-alemany-en-la-i-guerra-mundial\/#organizationLogo","width":250,"height":50},"image":{"@id":"https:\/\/elcabilo.com\/radio\/2014\/03\/31\/larxiu-de-la-memoria-7-els-germans-alemany-en-la-i-guerra-mundial\/#organizationLogo"}},{"@type":"Person","@id":"https:\/\/elcabilo.com\/radio\/author\/radio\/#author","url":"https:\/\/elcabilo.com\/radio\/author\/radio\/","name":"radio","image":{"@type":"ImageObject","@id":"https:\/\/elcabilo.com\/radio\/2014\/03\/31\/larxiu-de-la-memoria-7-els-germans-alemany-en-la-i-guerra-mundial\/#authorImage","url":"https:\/\/secure.gravatar.com\/avatar\/bb687b465db46b8e9255d0921cc346091032a91fe77f93721088d5decb8a2d1a?s=96&d=mm&r=g","width":96,"height":96,"caption":"radio"}},{"@type":"WebPage","@id":"https:\/\/elcabilo.com\/radio\/2014\/03\/31\/larxiu-de-la-memoria-7-els-germans-alemany-en-la-i-guerra-mundial\/#webpage","url":"https:\/\/elcabilo.com\/radio\/2014\/03\/31\/larxiu-de-la-memoria-7-els-germans-alemany-en-la-i-guerra-mundial\/","name":"L\u2019Arxiu de la Mem\u00f2ria: 7. Els germans Alemany en la I Guerra Mundial - Cabil\u00f3R\u00e0dio","description":"Cabil\u00f3 R\u00e0dio vol sumar-se als actes commemoratius del centenari del comen\u00e7ament de la Primera Guerra Mundial amb la narraci\u00f3 d'aquesta desconeguda hist\u00f2ria protagonitzada per dos germans de Sella. El llarg conflicte b\u00e8l\u00b7lic va suposar que Fran\u00e7a rebera milers de joves espanyols, majorit\u00e0riament procedents del m\u00f3n rural, per a suplir la mancan\u00e7a dels bra\u00e7os que estaven","inLanguage":"ca","isPartOf":{"@id":"https:\/\/elcabilo.com\/radio\/#website"},"breadcrumb":{"@id":"https:\/\/elcabilo.com\/radio\/2014\/03\/31\/larxiu-de-la-memoria-7-els-germans-alemany-en-la-i-guerra-mundial\/#breadcrumblist"},"author":{"@id":"https:\/\/elcabilo.com\/radio\/author\/radio\/#author"},"creator":{"@id":"https:\/\/elcabilo.com\/radio\/author\/radio\/#author"},"image":{"@type":"ImageObject","url":"https:\/\/elcabilo.com\/radio\/files\/2014\/03\/arxiu_guerra_mundia.jpg","@id":"https:\/\/elcabilo.com\/radio\/2014\/03\/31\/larxiu-de-la-memoria-7-els-germans-alemany-en-la-i-guerra-mundial\/#mainImage","width":323,"height":447},"primaryImageOfPage":{"@id":"https:\/\/elcabilo.com\/radio\/2014\/03\/31\/larxiu-de-la-memoria-7-els-germans-alemany-en-la-i-guerra-mundial\/#mainImage"},"datePublished":"2014-03-31T00:00:36+02:00","dateModified":"2018-11-11T21:54:58+01:00"},{"@type":"WebSite","@id":"https:\/\/elcabilo.com\/radio\/#website","url":"https:\/\/elcabilo.com\/radio\/","name":"Cabil\u00f3 R\u00e0dio","description":"La r\u00e0dio online de Sella","inLanguage":"ca","publisher":{"@id":"https:\/\/elcabilo.com\/radio\/#organization"}}]},"og:locale":"ca_ES","og:site_name":"Cabil\u00f3R\u00e0dio - La r\u00e0dio online de Sella","og:type":"article","og:title":"L\u2019Arxiu de la Mem\u00f2ria: 7. Els germans Alemany en la I Guerra Mundial - Cabil\u00f3R\u00e0dio","og:description":"Cabil\u00f3 R\u00e0dio vol sumar-se als actes commemoratius del centenari del comen\u00e7ament de la Primera Guerra Mundial amb la narraci\u00f3 d'aquesta desconeguda hist\u00f2ria protagonitzada per dos germans de Sella. El llarg conflicte b\u00e8l\u00b7lic va suposar que Fran\u00e7a rebera milers de joves espanyols, majorit\u00e0riament procedents del m\u00f3n rural, per a suplir la mancan\u00e7a dels bra\u00e7os que estaven","og:url":"https:\/\/elcabilo.com\/radio\/2014\/03\/31\/larxiu-de-la-memoria-7-els-germans-alemany-en-la-i-guerra-mundial\/","og:image":"https:\/\/elcabilo.com\/radio\/files\/2023\/01\/cropped-logo_radio-1.gif","og:image:secure_url":"https:\/\/elcabilo.com\/radio\/files\/2023\/01\/cropped-logo_radio-1.gif","article:published_time":"2014-03-30T22:00:36+00:00","article:modified_time":"2018-11-11T20:54:58+00:00","twitter:card":"summary_large_image","twitter:title":"L\u2019Arxiu de la Mem\u00f2ria: 7. Els germans Alemany en la I Guerra Mundial - Cabil\u00f3R\u00e0dio","twitter:description":"Cabil\u00f3 R\u00e0dio vol sumar-se als actes commemoratius del centenari del comen\u00e7ament de la Primera Guerra Mundial amb la narraci\u00f3 d'aquesta desconeguda hist\u00f2ria protagonitzada per dos germans de Sella. El llarg conflicte b\u00e8l\u00b7lic va suposar que Fran\u00e7a rebera milers de joves espanyols, majorit\u00e0riament procedents del m\u00f3n rural, per a suplir la mancan\u00e7a dels bra\u00e7os que estaven","twitter:image":"https:\/\/elcabilo.com\/radio\/files\/2023\/01\/cropped-logo_radio-1.gif"},"aioseo_meta_data":{"post_id":"1333","title":null,"description":null,"keywords":null,"keyphrases":null,"primary_term":null,"canonical_url":null,"og_title":null,"og_description":null,"og_object_type":"default","og_image_type":"default","og_image_url":null,"og_image_width":null,"og_image_height":null,"og_image_custom_url":null,"og_image_custom_fields":null,"og_video":null,"og_custom_url":null,"og_article_section":null,"og_article_tags":null,"twitter_use_og":false,"twitter_card":"default","twitter_image_type":"default","twitter_image_url":null,"twitter_image_custom_url":null,"twitter_image_custom_fields":null,"twitter_title":null,"twitter_description":null,"schema":{"blockGraphs":[],"customGraphs":[],"default":{"data":{"Article":[],"Course":[],"Dataset":[],"FAQPage":[],"Movie":[],"Person":[],"Product":[],"ProductReview":[],"Car":[],"Recipe":[],"Service":[],"SoftwareApplication":[],"WebPage":[]},"graphName":"","isEnabled":true},"graphs":[]},"schema_type":"default","schema_type_options":null,"pillar_content":false,"robots_default":true,"robots_noindex":false,"robots_noarchive":false,"robots_nosnippet":false,"robots_nofollow":false,"robots_noimageindex":false,"robots_noodp":false,"robots_notranslate":false,"robots_max_snippet":null,"robots_max_videopreview":null,"robots_max_imagepreview":"large","priority":null,"frequency":null,"local_seo":null,"breadcrumb_settings":null,"limit_modified_date":false,"ai":null,"created":"2023-01-27 22:16:24","updated":"2025-06-08 19:25:18","seo_analyzer_scan_date":null,"focus_keyword":null,"additional_keywords":null,"truseo_locale":null},"aioseo_breadcrumb":"<div class=\"aioseo-breadcrumbs\"><span class=\"aioseo-breadcrumb\">\n\t\t\t<a href=\"https:\/\/elcabilo.com\/radio\" title=\"Home\">Home<\/a>\n\t\t<\/span><span class=\"aioseo-breadcrumb-separator\">&raquo;<\/span><span class=\"aioseo-breadcrumb\">\n\t\t\t<a href=\"https:\/\/elcabilo.com\/radio\/category\/programes\/\" title=\"Programes\">Programes<\/a>\n\t\t<\/span><span class=\"aioseo-breadcrumb-separator\">&raquo;<\/span><span class=\"aioseo-breadcrumb\">\n\t\t\t<a href=\"https:\/\/elcabilo.com\/radio\/category\/programes\/larxiu-de-la-memoria\/\" title=\"L&apos;Arxiu de la Mem\u00f2ria\">L'Arxiu de la Mem\u00f2ria<\/a>\n\t\t<\/span><span class=\"aioseo-breadcrumb-separator\">&raquo;<\/span><span class=\"aioseo-breadcrumb\">\n\t\t\tL\u2019Arxiu de la Mem\u00f2ria: 7. Els germans Alemany en la I Guerra Mundial\n\t\t<\/span><\/div>","aioseo_breadcrumb_json":[{"label":"Home","link":"https:\/\/elcabilo.com\/radio"},{"label":"Programes","link":"https:\/\/elcabilo.com\/radio\/category\/programes\/"},{"label":"L'Arxiu de la Mem\u00f2ria","link":"https:\/\/elcabilo.com\/radio\/category\/programes\/larxiu-de-la-memoria\/"},{"label":"L&#8217;Arxiu de la Mem\u00f2ria: 7. Els germans Alemany en la I Guerra Mundial","link":"https:\/\/elcabilo.com\/radio\/2014\/03\/31\/larxiu-de-la-memoria-7-els-germans-alemany-en-la-i-guerra-mundial\/"}],"_links":{"self":[{"href":"https:\/\/elcabilo.com\/radio\/wp-json\/wp\/v2\/posts\/1333","targetHints":{"allow":["GET"]}}],"collection":[{"href":"https:\/\/elcabilo.com\/radio\/wp-json\/wp\/v2\/posts"}],"about":[{"href":"https:\/\/elcabilo.com\/radio\/wp-json\/wp\/v2\/types\/post"}],"author":[{"embeddable":true,"href":"https:\/\/elcabilo.com\/radio\/wp-json\/wp\/v2\/users\/272"}],"replies":[{"embeddable":true,"href":"https:\/\/elcabilo.com\/radio\/wp-json\/wp\/v2\/comments?post=1333"}],"version-history":[{"count":1,"href":"https:\/\/elcabilo.com\/radio\/wp-json\/wp\/v2\/posts\/1333\/revisions"}],"predecessor-version":[{"id":1804,"href":"https:\/\/elcabilo.com\/radio\/wp-json\/wp\/v2\/posts\/1333\/revisions\/1804"}],"wp:featuredmedia":[{"embeddable":true,"href":"https:\/\/elcabilo.com\/radio\/wp-json\/wp\/v2\/media\/1334"}],"wp:attachment":[{"href":"https:\/\/elcabilo.com\/radio\/wp-json\/wp\/v2\/media?parent=1333"}],"wp:term":[{"taxonomy":"category","embeddable":true,"href":"https:\/\/elcabilo.com\/radio\/wp-json\/wp\/v2\/categories?post=1333"},{"taxonomy":"post_tag","embeddable":true,"href":"https:\/\/elcabilo.com\/radio\/wp-json\/wp\/v2\/tags?post=1333"}],"curies":[{"name":"wp","href":"https:\/\/api.w.org\/{rel}","templated":true}]}}