{"id":1378,"date":"2014-04-29T00:00:22","date_gmt":"2014-04-28T22:00:22","guid":{"rendered":"http:\/\/elcabilo.com\/radio\/?p=1378"},"modified":"2014-04-29T17:14:20","modified_gmt":"2014-04-29T15:14:20","slug":"joc-i-partida-programa-14","status":"publish","type":"post","link":"https:\/\/elcabilo.com\/radio\/2014\/04\/29\/joc-i-partida-programa-14\/","title":{"rendered":"Joc i partida: Programa 14"},"content":{"rendered":"<p style=\"text-align: justify;\">Despr\u00e9s de les vacances de Setmana Santa torna el programa Joc i Partida on vos informaren com va la Lliga de Llargues i Palma i algunes cosetes m\u00e9s. Avui Jorge Garcia Climent, traure de l\u2019equip de primera a palma, ser\u00e0 el convidat de David i Antonio.<\/p>\n<p style=\"text-align: center;\"><a class=\"mb_map {skin:'blue', animate:true, width:'200', volume:0.6, autoplay:false, loop:false, showVolumeLevel:true, showTime:true, showRew:true, downloadable:true, downloadablesecurity:false, id3: false}\" id=\"mbmaplayer_1397410484608\" href=\"https:\/\/archive.org\/download\/joc_i_partida_abril14\/Joc_i_partida_Abril_14.mp3\">Joc i partida 14<\/a><\/p>\n<p>&nbsp;<\/p>\n","protected":false},"excerpt":{"rendered":"<p>Despr\u00e9s de les vacances de Setmana Santa torna el programa Joc i Partida on vos informaren com va la Lliga de Llargues i Palma i algunes cosetes m\u00e9s. Avui Jorge Garcia Climent, traure de l\u2019equip de primera a palma, ser\u00e0 el convidat de David i Antonio. Joc i partida 14 &nbsp;<\/p>\n","protected":false},"author":272,"featured_media":73,"comment_status":"open","ping_status":"open","sticky":false,"template":"","format":"standard","meta":{"_exactmetrics_skip_tracking":false,"footnotes":""},"categories":[8],"tags":[],"class_list":["post-1378","post","type-post","status-publish","format-standard","has-post-thumbnail","hentry","category-joc-i-partida"],"aioseo_notices":[],"aioseo_head":"\n\t\t<!-- All in One SEO 5.0.1 - aioseo.com -->\n\t<meta name=\"description\" content=\"Despr\u00e9s de les vacances de Setmana Santa torna el programa Joc i Partida on vos informaren com va la Lliga de Llargues i Palma i algunes cosetes m\u00e9s. Avui Jorge Garcia Climent, traure de l\u2019equip de primera a palma, ser\u00e0 el convidat de David i Antonio. Joc i partida 14\" \/>\n\t<meta name=\"robots\" content=\"max-image-preview:large\" \/>\n\t<meta name=\"author\" content=\"radio\"\/>\n\t<link rel=\"canonical\" href=\"https:\/\/elcabilo.com\/radio\/2014\/04\/29\/joc-i-partida-programa-14\/\" \/>\n\t<meta name=\"generator\" content=\"All in One SEO (AIOSEO) 5.0.1\" \/>\n\t\t<meta property=\"og:locale\" content=\"ca_ES\" \/>\n\t\t<meta property=\"og:site_name\" content=\"Cabil\u00f3R\u00e0dio - La r\u00e0dio online de Sella\" \/>\n\t\t<meta property=\"og:type\" content=\"article\" \/>\n\t\t<meta property=\"og:title\" content=\"Joc i partida: Programa 14 - Cabil\u00f3R\u00e0dio\" \/>\n\t\t<meta property=\"og:description\" content=\"Despr\u00e9s de les vacances de Setmana Santa torna el programa Joc i Partida on vos informaren com va la Lliga de Llargues i Palma i algunes cosetes m\u00e9s. Avui Jorge Garcia Climent, traure de l\u2019equip de primera a palma, ser\u00e0 el convidat de David i Antonio. Joc i partida 14\" \/>\n\t\t<meta property=\"og:url\" content=\"https:\/\/elcabilo.com\/radio\/2014\/04\/29\/joc-i-partida-programa-14\/\" \/>\n\t\t<meta property=\"og:image\" content=\"https:\/\/elcabilo.com\/radio\/files\/2023\/01\/cropped-logo_radio-1.gif\" \/>\n\t\t<meta property=\"og:image:secure_url\" content=\"https:\/\/elcabilo.com\/radio\/files\/2023\/01\/cropped-logo_radio-1.gif\" \/>\n\t\t<meta property=\"article:published_time\" content=\"2014-04-28T22:00:22+00:00\" \/>\n\t\t<meta property=\"article:modified_time\" content=\"2014-04-29T15:14:20+00:00\" \/>\n\t\t<meta name=\"twitter:card\" content=\"summary_large_image\" \/>\n\t\t<meta name=\"twitter:title\" content=\"Joc i partida: Programa 14 - Cabil\u00f3R\u00e0dio\" \/>\n\t\t<meta name=\"twitter:description\" content=\"Despr\u00e9s de les vacances de Setmana Santa torna el programa Joc i Partida on vos informaren com va la Lliga de Llargues i Palma i algunes cosetes m\u00e9s. Avui Jorge Garcia Climent, traure de l\u2019equip de primera a palma, ser\u00e0 el convidat de David i Antonio. Joc i partida 14\" \/>\n\t\t<meta name=\"twitter:image\" content=\"https:\/\/elcabilo.com\/radio\/files\/2023\/01\/cropped-logo_radio-1.gif\" \/>\n\t\t<script type=\"application\/ld+json\" class=\"aioseo-schema\">\n\t\t\t{\"@context\":\"https:\\\/\\\/schema.org\",\"@graph\":[{\"@type\":\"BlogPosting\",\"@id\":\"https:\\\/\\\/elcabilo.com\\\/radio\\\/2014\\\/04\\\/29\\\/joc-i-partida-programa-14\\\/#blogposting\",\"name\":\"Joc i partida: Programa 14 - Cabil\\u00f3R\\u00e0dio\",\"headline\":\"Joc i partida: Programa 14\",\"author\":{\"@id\":\"https:\\\/\\\/elcabilo.com\\\/radio\\\/author\\\/radio\\\/#author\"},\"publisher\":{\"@id\":\"https:\\\/\\\/elcabilo.com\\\/radio\\\/#organization\"},\"image\":{\"@type\":\"ImageObject\",\"url\":\"https:\\\/\\\/elcabilo.com\\\/radio\\\/files\\\/2012\\\/12\\\/pilotaradio1.jpg\",\"width\":900,\"height\":300},\"datePublished\":\"2014-04-29T00:00:22+02:00\",\"dateModified\":\"2014-04-29T17:14:20+02:00\",\"inLanguage\":\"ca\",\"commentCount\":5,\"mainEntityOfPage\":{\"@id\":\"https:\\\/\\\/elcabilo.com\\\/radio\\\/2014\\\/04\\\/29\\\/joc-i-partida-programa-14\\\/#webpage\"},\"isPartOf\":{\"@id\":\"https:\\\/\\\/elcabilo.com\\\/radio\\\/2014\\\/04\\\/29\\\/joc-i-partida-programa-14\\\/#webpage\"},\"articleSection\":\"Joc i partida\"},{\"@type\":\"BreadcrumbList\",\"@id\":\"https:\\\/\\\/elcabilo.com\\\/radio\\\/2014\\\/04\\\/29\\\/joc-i-partida-programa-14\\\/#breadcrumblist\",\"itemListElement\":[{\"@type\":\"ListItem\",\"@id\":\"https:\\\/\\\/elcabilo.com\\\/radio#listItem\",\"position\":1,\"name\":\"Home\",\"item\":\"https:\\\/\\\/elcabilo.com\\\/radio\",\"nextItem\":{\"@type\":\"ListItem\",\"@id\":\"https:\\\/\\\/elcabilo.com\\\/radio\\\/category\\\/programes\\\/#listItem\",\"name\":\"Programes\"}},{\"@type\":\"ListItem\",\"@id\":\"https:\\\/\\\/elcabilo.com\\\/radio\\\/category\\\/programes\\\/#listItem\",\"position\":2,\"name\":\"Programes\",\"item\":\"https:\\\/\\\/elcabilo.com\\\/radio\\\/category\\\/programes\\\/\",\"nextItem\":{\"@type\":\"ListItem\",\"@id\":\"https:\\\/\\\/elcabilo.com\\\/radio\\\/category\\\/programes\\\/joc-i-partida\\\/#listItem\",\"name\":\"Joc i partida\"},\"previousItem\":{\"@type\":\"ListItem\",\"@id\":\"https:\\\/\\\/elcabilo.com\\\/radio#listItem\",\"name\":\"Home\"}},{\"@type\":\"ListItem\",\"@id\":\"https:\\\/\\\/elcabilo.com\\\/radio\\\/category\\\/programes\\\/joc-i-partida\\\/#listItem\",\"position\":3,\"name\":\"Joc i partida\",\"item\":\"https:\\\/\\\/elcabilo.com\\\/radio\\\/category\\\/programes\\\/joc-i-partida\\\/\",\"nextItem\":{\"@type\":\"ListItem\",\"@id\":\"https:\\\/\\\/elcabilo.com\\\/radio\\\/2014\\\/04\\\/29\\\/joc-i-partida-programa-14\\\/#listItem\",\"name\":\"Joc i partida: Programa 14\"},\"previousItem\":{\"@type\":\"ListItem\",\"@id\":\"https:\\\/\\\/elcabilo.com\\\/radio\\\/category\\\/programes\\\/#listItem\",\"name\":\"Programes\"}},{\"@type\":\"ListItem\",\"@id\":\"https:\\\/\\\/elcabilo.com\\\/radio\\\/2014\\\/04\\\/29\\\/joc-i-partida-programa-14\\\/#listItem\",\"position\":4,\"name\":\"Joc i partida: Programa 14\",\"previousItem\":{\"@type\":\"ListItem\",\"@id\":\"https:\\\/\\\/elcabilo.com\\\/radio\\\/category\\\/programes\\\/joc-i-partida\\\/#listItem\",\"name\":\"Joc i partida\"}}]},{\"@type\":\"Organization\",\"@id\":\"https:\\\/\\\/elcabilo.com\\\/radio\\\/#organization\",\"name\":\"Cabil\\u00f3 R\\u00e0dio\",\"description\":\"La r\\u00e0dio online de Sella\",\"url\":\"https:\\\/\\\/elcabilo.com\\\/radio\\\/\",\"logo\":{\"@type\":\"ImageObject\",\"url\":\"https:\\\/\\\/elcabilo.com\\\/radio\\\/files\\\/2023\\\/01\\\/cropped-logo_radio-1.gif\",\"@id\":\"https:\\\/\\\/elcabilo.com\\\/radio\\\/2014\\\/04\\\/29\\\/joc-i-partida-programa-14\\\/#organizationLogo\",\"width\":250,\"height\":50},\"image\":{\"@id\":\"https:\\\/\\\/elcabilo.com\\\/radio\\\/2014\\\/04\\\/29\\\/joc-i-partida-programa-14\\\/#organizationLogo\"}},{\"@type\":\"Person\",\"@id\":\"https:\\\/\\\/elcabilo.com\\\/radio\\\/author\\\/radio\\\/#author\",\"url\":\"https:\\\/\\\/elcabilo.com\\\/radio\\\/author\\\/radio\\\/\",\"name\":\"radio\",\"image\":{\"@type\":\"ImageObject\",\"@id\":\"https:\\\/\\\/elcabilo.com\\\/radio\\\/2014\\\/04\\\/29\\\/joc-i-partida-programa-14\\\/#authorImage\",\"url\":\"https:\\\/\\\/secure.gravatar.com\\\/avatar\\\/bb687b465db46b8e9255d0921cc346091032a91fe77f93721088d5decb8a2d1a?s=96&d=mm&r=g\",\"width\":96,\"height\":96,\"caption\":\"radio\"}},{\"@type\":\"WebPage\",\"@id\":\"https:\\\/\\\/elcabilo.com\\\/radio\\\/2014\\\/04\\\/29\\\/joc-i-partida-programa-14\\\/#webpage\",\"url\":\"https:\\\/\\\/elcabilo.com\\\/radio\\\/2014\\\/04\\\/29\\\/joc-i-partida-programa-14\\\/\",\"name\":\"Joc i partida: Programa 14 - Cabil\\u00f3R\\u00e0dio\",\"description\":\"Despr\\u00e9s de les vacances de Setmana Santa torna el programa Joc i Partida on vos informaren com va la Lliga de Llargues i Palma i algunes cosetes m\\u00e9s. Avui Jorge Garcia Climent, traure de l\\u2019equip de primera a palma, ser\\u00e0 el convidat de David i Antonio. Joc i partida 14\",\"inLanguage\":\"ca\",\"isPartOf\":{\"@id\":\"https:\\\/\\\/elcabilo.com\\\/radio\\\/#website\"},\"breadcrumb\":{\"@id\":\"https:\\\/\\\/elcabilo.com\\\/radio\\\/2014\\\/04\\\/29\\\/joc-i-partida-programa-14\\\/#breadcrumblist\"},\"author\":{\"@id\":\"https:\\\/\\\/elcabilo.com\\\/radio\\\/author\\\/radio\\\/#author\"},\"creator\":{\"@id\":\"https:\\\/\\\/elcabilo.com\\\/radio\\\/author\\\/radio\\\/#author\"},\"image\":{\"@type\":\"ImageObject\",\"url\":\"https:\\\/\\\/elcabilo.com\\\/radio\\\/files\\\/2012\\\/12\\\/pilotaradio1.jpg\",\"@id\":\"https:\\\/\\\/elcabilo.com\\\/radio\\\/2014\\\/04\\\/29\\\/joc-i-partida-programa-14\\\/#mainImage\",\"width\":900,\"height\":300},\"primaryImageOfPage\":{\"@id\":\"https:\\\/\\\/elcabilo.com\\\/radio\\\/2014\\\/04\\\/29\\\/joc-i-partida-programa-14\\\/#mainImage\"},\"datePublished\":\"2014-04-29T00:00:22+02:00\",\"dateModified\":\"2014-04-29T17:14:20+02:00\"},{\"@type\":\"WebSite\",\"@id\":\"https:\\\/\\\/elcabilo.com\\\/radio\\\/#website\",\"url\":\"https:\\\/\\\/elcabilo.com\\\/radio\\\/\",\"name\":\"Cabil\\u00f3 R\\u00e0dio\",\"description\":\"La r\\u00e0dio online de Sella\",\"inLanguage\":\"ca\",\"publisher\":{\"@id\":\"https:\\\/\\\/elcabilo.com\\\/radio\\\/#organization\"}}]}\n\t\t<\/script>\n\t\t<!-- All in One SEO -->\n\n","aioseo_head_json":{"title":"Joc i partida: Programa 14 - Cabil\u00f3R\u00e0dio","description":"Despr\u00e9s de les vacances de Setmana Santa torna el programa Joc i Partida on vos informaren com va la Lliga de Llargues i Palma i algunes cosetes m\u00e9s. Avui Jorge Garcia Climent, traure de l\u2019equip de primera a palma, ser\u00e0 el convidat de David i Antonio. Joc i partida 14","canonical_url":"https:\/\/elcabilo.com\/radio\/2014\/04\/29\/joc-i-partida-programa-14\/","robots":"max-image-preview:large","keywords":"","webmasterTools":{"miscellaneous":""},"schema":{"@context":"https:\/\/schema.org","@graph":[{"@type":"BlogPosting","@id":"https:\/\/elcabilo.com\/radio\/2014\/04\/29\/joc-i-partida-programa-14\/#blogposting","name":"Joc i partida: Programa 14 - Cabil\u00f3R\u00e0dio","headline":"Joc i partida: Programa 14","author":{"@id":"https:\/\/elcabilo.com\/radio\/author\/radio\/#author"},"publisher":{"@id":"https:\/\/elcabilo.com\/radio\/#organization"},"image":{"@type":"ImageObject","url":"https:\/\/elcabilo.com\/radio\/files\/2012\/12\/pilotaradio1.jpg","width":900,"height":300},"datePublished":"2014-04-29T00:00:22+02:00","dateModified":"2014-04-29T17:14:20+02:00","inLanguage":"ca","commentCount":5,"mainEntityOfPage":{"@id":"https:\/\/elcabilo.com\/radio\/2014\/04\/29\/joc-i-partida-programa-14\/#webpage"},"isPartOf":{"@id":"https:\/\/elcabilo.com\/radio\/2014\/04\/29\/joc-i-partida-programa-14\/#webpage"},"articleSection":"Joc i partida"},{"@type":"BreadcrumbList","@id":"https:\/\/elcabilo.com\/radio\/2014\/04\/29\/joc-i-partida-programa-14\/#breadcrumblist","itemListElement":[{"@type":"ListItem","@id":"https:\/\/elcabilo.com\/radio#listItem","position":1,"name":"Home","item":"https:\/\/elcabilo.com\/radio","nextItem":{"@type":"ListItem","@id":"https:\/\/elcabilo.com\/radio\/category\/programes\/#listItem","name":"Programes"}},{"@type":"ListItem","@id":"https:\/\/elcabilo.com\/radio\/category\/programes\/#listItem","position":2,"name":"Programes","item":"https:\/\/elcabilo.com\/radio\/category\/programes\/","nextItem":{"@type":"ListItem","@id":"https:\/\/elcabilo.com\/radio\/category\/programes\/joc-i-partida\/#listItem","name":"Joc i partida"},"previousItem":{"@type":"ListItem","@id":"https:\/\/elcabilo.com\/radio#listItem","name":"Home"}},{"@type":"ListItem","@id":"https:\/\/elcabilo.com\/radio\/category\/programes\/joc-i-partida\/#listItem","position":3,"name":"Joc i partida","item":"https:\/\/elcabilo.com\/radio\/category\/programes\/joc-i-partida\/","nextItem":{"@type":"ListItem","@id":"https:\/\/elcabilo.com\/radio\/2014\/04\/29\/joc-i-partida-programa-14\/#listItem","name":"Joc i partida: Programa 14"},"previousItem":{"@type":"ListItem","@id":"https:\/\/elcabilo.com\/radio\/category\/programes\/#listItem","name":"Programes"}},{"@type":"ListItem","@id":"https:\/\/elcabilo.com\/radio\/2014\/04\/29\/joc-i-partida-programa-14\/#listItem","position":4,"name":"Joc i partida: Programa 14","previousItem":{"@type":"ListItem","@id":"https:\/\/elcabilo.com\/radio\/category\/programes\/joc-i-partida\/#listItem","name":"Joc i partida"}}]},{"@type":"Organization","@id":"https:\/\/elcabilo.com\/radio\/#organization","name":"Cabil\u00f3 R\u00e0dio","description":"La r\u00e0dio online de Sella","url":"https:\/\/elcabilo.com\/radio\/","logo":{"@type":"ImageObject","url":"https:\/\/elcabilo.com\/radio\/files\/2023\/01\/cropped-logo_radio-1.gif","@id":"https:\/\/elcabilo.com\/radio\/2014\/04\/29\/joc-i-partida-programa-14\/#organizationLogo","width":250,"height":50},"image":{"@id":"https:\/\/elcabilo.com\/radio\/2014\/04\/29\/joc-i-partida-programa-14\/#organizationLogo"}},{"@type":"Person","@id":"https:\/\/elcabilo.com\/radio\/author\/radio\/#author","url":"https:\/\/elcabilo.com\/radio\/author\/radio\/","name":"radio","image":{"@type":"ImageObject","@id":"https:\/\/elcabilo.com\/radio\/2014\/04\/29\/joc-i-partida-programa-14\/#authorImage","url":"https:\/\/secure.gravatar.com\/avatar\/bb687b465db46b8e9255d0921cc346091032a91fe77f93721088d5decb8a2d1a?s=96&d=mm&r=g","width":96,"height":96,"caption":"radio"}},{"@type":"WebPage","@id":"https:\/\/elcabilo.com\/radio\/2014\/04\/29\/joc-i-partida-programa-14\/#webpage","url":"https:\/\/elcabilo.com\/radio\/2014\/04\/29\/joc-i-partida-programa-14\/","name":"Joc i partida: Programa 14 - Cabil\u00f3R\u00e0dio","description":"Despr\u00e9s de les vacances de Setmana Santa torna el programa Joc i Partida on vos informaren com va la Lliga de Llargues i Palma i algunes cosetes m\u00e9s. Avui Jorge Garcia Climent, traure de l\u2019equip de primera a palma, ser\u00e0 el convidat de David i Antonio. Joc i partida 14","inLanguage":"ca","isPartOf":{"@id":"https:\/\/elcabilo.com\/radio\/#website"},"breadcrumb":{"@id":"https:\/\/elcabilo.com\/radio\/2014\/04\/29\/joc-i-partida-programa-14\/#breadcrumblist"},"author":{"@id":"https:\/\/elcabilo.com\/radio\/author\/radio\/#author"},"creator":{"@id":"https:\/\/elcabilo.com\/radio\/author\/radio\/#author"},"image":{"@type":"ImageObject","url":"https:\/\/elcabilo.com\/radio\/files\/2012\/12\/pilotaradio1.jpg","@id":"https:\/\/elcabilo.com\/radio\/2014\/04\/29\/joc-i-partida-programa-14\/#mainImage","width":900,"height":300},"primaryImageOfPage":{"@id":"https:\/\/elcabilo.com\/radio\/2014\/04\/29\/joc-i-partida-programa-14\/#mainImage"},"datePublished":"2014-04-29T00:00:22+02:00","dateModified":"2014-04-29T17:14:20+02:00"},{"@type":"WebSite","@id":"https:\/\/elcabilo.com\/radio\/#website","url":"https:\/\/elcabilo.com\/radio\/","name":"Cabil\u00f3 R\u00e0dio","description":"La r\u00e0dio online de Sella","inLanguage":"ca","publisher":{"@id":"https:\/\/elcabilo.com\/radio\/#organization"}}]},"og:locale":"ca_ES","og:site_name":"Cabil\u00f3R\u00e0dio - La r\u00e0dio online de Sella","og:type":"article","og:title":"Joc i partida: Programa 14 - Cabil\u00f3R\u00e0dio","og:description":"Despr\u00e9s de les vacances de Setmana Santa torna el programa Joc i Partida on vos informaren com va la Lliga de Llargues i Palma i algunes cosetes m\u00e9s. Avui Jorge Garcia Climent, traure de l\u2019equip de primera a palma, ser\u00e0 el convidat de David i Antonio. Joc i partida 14","og:url":"https:\/\/elcabilo.com\/radio\/2014\/04\/29\/joc-i-partida-programa-14\/","og:image":"https:\/\/elcabilo.com\/radio\/files\/2023\/01\/cropped-logo_radio-1.gif","og:image:secure_url":"https:\/\/elcabilo.com\/radio\/files\/2023\/01\/cropped-logo_radio-1.gif","article:published_time":"2014-04-28T22:00:22+00:00","article:modified_time":"2014-04-29T15:14:20+00:00","twitter:card":"summary_large_image","twitter:title":"Joc i partida: Programa 14 - Cabil\u00f3R\u00e0dio","twitter:description":"Despr\u00e9s de les vacances de Setmana Santa torna el programa Joc i Partida on vos informaren com va la Lliga de Llargues i Palma i algunes cosetes m\u00e9s. Avui Jorge Garcia Climent, traure de l\u2019equip de primera a palma, ser\u00e0 el convidat de David i Antonio. Joc i partida 14","twitter:image":"https:\/\/elcabilo.com\/radio\/files\/2023\/01\/cropped-logo_radio-1.gif"},"aioseo_meta_data":{"post_id":"1378","title":null,"description":null,"keywords":null,"keyphrases":null,"primary_term":null,"canonical_url":null,"og_title":null,"og_description":null,"og_object_type":"default","og_image_type":"default","og_image_url":null,"og_image_width":null,"og_image_height":null,"og_image_custom_url":null,"og_image_custom_fields":null,"og_video":null,"og_custom_url":null,"og_article_section":null,"og_article_tags":null,"twitter_use_og":false,"twitter_card":"default","twitter_image_type":"default","twitter_image_url":null,"twitter_image_custom_url":null,"twitter_image_custom_fields":null,"twitter_title":null,"twitter_description":null,"schema":{"blockGraphs":[],"customGraphs":[],"default":{"data":{"Article":[],"Course":[],"Dataset":[],"FAQPage":[],"Movie":[],"Person":[],"Product":[],"ProductReview":[],"Car":[],"Recipe":[],"Service":[],"SoftwareApplication":[],"WebPage":[]},"graphName":"","isEnabled":true},"graphs":[]},"schema_type":"default","schema_type_options":null,"pillar_content":false,"robots_default":true,"robots_noindex":false,"robots_noarchive":false,"robots_nosnippet":false,"robots_nofollow":false,"robots_noimageindex":false,"robots_noodp":false,"robots_notranslate":false,"robots_max_snippet":null,"robots_max_videopreview":null,"robots_max_imagepreview":"large","priority":null,"frequency":null,"local_seo":null,"breadcrumb_settings":null,"limit_modified_date":false,"ai":null,"created":"2023-01-27 22:17:38","updated":"2025-06-08 19:26:33","seo_analyzer_scan_date":null,"focus_keyword":null,"additional_keywords":null,"truseo_locale":null},"aioseo_breadcrumb":"<div class=\"aioseo-breadcrumbs\"><span class=\"aioseo-breadcrumb\">\n\t\t\t<a href=\"https:\/\/elcabilo.com\/radio\" title=\"Home\">Home<\/a>\n\t\t<\/span><span class=\"aioseo-breadcrumb-separator\">&raquo;<\/span><span class=\"aioseo-breadcrumb\">\n\t\t\t<a href=\"https:\/\/elcabilo.com\/radio\/category\/programes\/\" title=\"Programes\">Programes<\/a>\n\t\t<\/span><span class=\"aioseo-breadcrumb-separator\">&raquo;<\/span><span class=\"aioseo-breadcrumb\">\n\t\t\t<a href=\"https:\/\/elcabilo.com\/radio\/category\/programes\/joc-i-partida\/\" title=\"Joc i partida\">Joc i partida<\/a>\n\t\t<\/span><span class=\"aioseo-breadcrumb-separator\">&raquo;<\/span><span class=\"aioseo-breadcrumb\">\n\t\t\tJoc i partida: Programa 14\n\t\t<\/span><\/div>","aioseo_breadcrumb_json":[{"label":"Home","link":"https:\/\/elcabilo.com\/radio"},{"label":"Programes","link":"https:\/\/elcabilo.com\/radio\/category\/programes\/"},{"label":"Joc i partida","link":"https:\/\/elcabilo.com\/radio\/category\/programes\/joc-i-partida\/"},{"label":"Joc i partida: Programa 14","link":"https:\/\/elcabilo.com\/radio\/2014\/04\/29\/joc-i-partida-programa-14\/"}],"_links":{"self":[{"href":"https:\/\/elcabilo.com\/radio\/wp-json\/wp\/v2\/posts\/1378","targetHints":{"allow":["GET"]}}],"collection":[{"href":"https:\/\/elcabilo.com\/radio\/wp-json\/wp\/v2\/posts"}],"about":[{"href":"https:\/\/elcabilo.com\/radio\/wp-json\/wp\/v2\/types\/post"}],"author":[{"embeddable":true,"href":"https:\/\/elcabilo.com\/radio\/wp-json\/wp\/v2\/users\/272"}],"replies":[{"embeddable":true,"href":"https:\/\/elcabilo.com\/radio\/wp-json\/wp\/v2\/comments?post=1378"}],"version-history":[{"count":0,"href":"https:\/\/elcabilo.com\/radio\/wp-json\/wp\/v2\/posts\/1378\/revisions"}],"wp:featuredmedia":[{"embeddable":true,"href":"https:\/\/elcabilo.com\/radio\/wp-json\/wp\/v2\/media\/73"}],"wp:attachment":[{"href":"https:\/\/elcabilo.com\/radio\/wp-json\/wp\/v2\/media?parent=1378"}],"wp:term":[{"taxonomy":"category","embeddable":true,"href":"https:\/\/elcabilo.com\/radio\/wp-json\/wp\/v2\/categories?post=1378"},{"taxonomy":"post_tag","embeddable":true,"href":"https:\/\/elcabilo.com\/radio\/wp-json\/wp\/v2\/tags?post=1378"}],"curies":[{"name":"wp","href":"https:\/\/api.w.org\/{rel}","templated":true}]}}