{"id":1393,"date":"2014-05-18T20:00:54","date_gmt":"2014-05-18T18:00:54","guid":{"rendered":"http:\/\/elcabilo.com\/radio\/?p=1393"},"modified":"2014-05-18T19:35:40","modified_gmt":"2014-05-18T17:35:40","slug":"entrevista-amb-jose-m-garcia-sobirania-alimentaria","status":"publish","type":"post","link":"https:\/\/elcabilo.com\/radio\/2014\/05\/18\/entrevista-amb-jose-m-garcia-sobirania-alimentaria\/","title":{"rendered":"Entrevista amb Jos\u00e9 M. Garcia: Sobirania Aliment\u00e0ria"},"content":{"rendered":"<p style=\"text-align: justify;\">Vos deixem a continuaci\u00f3 l\u2019entrevista completa que vam fer a Jos\u00e9 Miguel Garc\u00eda sobre la Sobirania Aliment\u00e0ria, publicada al magaz\u00edn de maig de 2014.<\/p>\n<p style=\"text-align: center;\"><a id=\"mbmaplayer_1397410484608\" class=\"mb_map {skin:'blue', animate:true, width:'200', volume:0.6, autoplay:false, loop:false, showVolumeLevel:true, showTime:true, showRew:true, downloadable:true, downloadablesecurity:false, id3: false}\" href=\"https:\/\/archive.org\/download\/entrevistamaigcompleta\/entrevita_josemiguel_completa.mp3\">Sobirania alimentaria<\/a><\/p>\n<p>&nbsp;<\/p>\n","protected":false},"excerpt":{"rendered":"<p>Vos deixem a continuaci\u00f3 l\u2019entrevista completa que vam fer a Jos\u00e9 Miguel Garc\u00eda sobre la Sobirania Aliment\u00e0ria, publicada al magaz\u00edn de maig de 2014. Sobirania alimentaria &nbsp;<\/p>\n","protected":false},"author":272,"featured_media":223,"comment_status":"open","ping_status":"open","sticky":false,"template":"","format":"standard","meta":{"_exactmetrics_skip_tracking":false,"_exactmetrics_sitenote_active":false,"_exactmetrics_sitenote_note":"","_exactmetrics_sitenote_category":0,"footnotes":""},"categories":[23],"tags":[],"class_list":["post-1393","post","type-post","status-publish","format-standard","has-post-thumbnail","hentry","category-entrevistes"],"aioseo_notices":[],"_links":{"self":[{"href":"https:\/\/elcabilo.com\/radio\/wp-json\/wp\/v2\/posts\/1393","targetHints":{"allow":["GET"]}}],"collection":[{"href":"https:\/\/elcabilo.com\/radio\/wp-json\/wp\/v2\/posts"}],"about":[{"href":"https:\/\/elcabilo.com\/radio\/wp-json\/wp\/v2\/types\/post"}],"author":[{"embeddable":true,"href":"https:\/\/elcabilo.com\/radio\/wp-json\/wp\/v2\/users\/272"}],"replies":[{"embeddable":true,"href":"https:\/\/elcabilo.com\/radio\/wp-json\/wp\/v2\/comments?post=1393"}],"version-history":[{"count":0,"href":"https:\/\/elcabilo.com\/radio\/wp-json\/wp\/v2\/posts\/1393\/revisions"}],"wp:featuredmedia":[{"embeddable":true,"href":"https:\/\/elcabilo.com\/radio\/wp-json\/wp\/v2\/media\/223"}],"wp:attachment":[{"href":"https:\/\/elcabilo.com\/radio\/wp-json\/wp\/v2\/media?parent=1393"}],"wp:term":[{"taxonomy":"category","embeddable":true,"href":"https:\/\/elcabilo.com\/radio\/wp-json\/wp\/v2\/categories?post=1393"},{"taxonomy":"post_tag","embeddable":true,"href":"https:\/\/elcabilo.com\/radio\/wp-json\/wp\/v2\/tags?post=1393"}],"curies":[{"name":"wp","href":"https:\/\/api.w.org\/{rel}","templated":true}]}}