{"id":1393,"date":"2014-05-18T20:00:54","date_gmt":"2014-05-18T18:00:54","guid":{"rendered":"http:\/\/elcabilo.com\/radio\/?p=1393"},"modified":"2014-05-18T19:35:40","modified_gmt":"2014-05-18T17:35:40","slug":"entrevista-amb-jose-m-garcia-sobirania-alimentaria","status":"publish","type":"post","link":"https:\/\/elcabilo.com\/radio\/2014\/05\/18\/entrevista-amb-jose-m-garcia-sobirania-alimentaria\/","title":{"rendered":"Entrevista amb Jos\u00e9 M. Garcia: Sobirania Aliment\u00e0ria"},"content":{"rendered":"<p style=\"text-align: justify;\">Vos deixem a continuaci\u00f3 l\u2019entrevista completa que vam fer a Jos\u00e9 Miguel Garc\u00eda sobre la Sobirania Aliment\u00e0ria, publicada al magaz\u00edn de maig de 2014.<\/p>\n<p style=\"text-align: center;\"><a id=\"mbmaplayer_1397410484608\" class=\"mb_map {skin:'blue', animate:true, width:'200', volume:0.6, autoplay:false, loop:false, showVolumeLevel:true, showTime:true, showRew:true, downloadable:true, downloadablesecurity:false, id3: false}\" href=\"https:\/\/archive.org\/download\/entrevistamaigcompleta\/entrevita_josemiguel_completa.mp3\">Sobirania alimentaria<\/a><\/p>\n<p>&nbsp;<\/p>\n","protected":false},"excerpt":{"rendered":"<p>Vos deixem a continuaci\u00f3 l\u2019entrevista completa que vam fer a Jos\u00e9 Miguel Garc\u00eda sobre la Sobirania Aliment\u00e0ria, publicada al magaz\u00edn de maig de 2014. Sobirania alimentaria &nbsp;<\/p>\n","protected":false},"author":272,"featured_media":223,"comment_status":"open","ping_status":"open","sticky":false,"template":"","format":"standard","meta":{"_exactmetrics_skip_tracking":false,"footnotes":""},"categories":[23],"tags":[],"class_list":["post-1393","post","type-post","status-publish","format-standard","has-post-thumbnail","hentry","category-entrevistes"],"aioseo_notices":[],"aioseo_head":"\n\t\t<!-- All in One SEO 5.0.1 - aioseo.com -->\n\t<meta name=\"description\" content=\"Vos deixem a continuaci\u00f3 l\u2019entrevista completa que vam fer a Jos\u00e9 Miguel Garc\u00eda sobre la Sobirania Aliment\u00e0ria, publicada al magaz\u00edn de maig de 2014. Sobirania alimentaria\" \/>\n\t<meta name=\"robots\" content=\"max-image-preview:large\" \/>\n\t<meta name=\"author\" content=\"radio\"\/>\n\t<link rel=\"canonical\" href=\"https:\/\/elcabilo.com\/radio\/2014\/05\/18\/entrevista-amb-jose-m-garcia-sobirania-alimentaria\/\" \/>\n\t<meta name=\"generator\" content=\"All in One SEO (AIOSEO) 5.0.1\" \/>\n\t\t<meta property=\"og:locale\" content=\"ca_ES\" \/>\n\t\t<meta property=\"og:site_name\" content=\"Cabil\u00f3R\u00e0dio - La r\u00e0dio online de Sella\" \/>\n\t\t<meta property=\"og:type\" content=\"article\" \/>\n\t\t<meta property=\"og:title\" content=\"Entrevista amb Jos\u00e9 M. Garcia: Sobirania Aliment\u00e0ria - Cabil\u00f3R\u00e0dio\" \/>\n\t\t<meta property=\"og:description\" content=\"Vos deixem a continuaci\u00f3 l\u2019entrevista completa que vam fer a Jos\u00e9 Miguel Garc\u00eda sobre la Sobirania Aliment\u00e0ria, publicada al magaz\u00edn de maig de 2014. Sobirania alimentaria\" \/>\n\t\t<meta property=\"og:url\" content=\"https:\/\/elcabilo.com\/radio\/2014\/05\/18\/entrevista-amb-jose-m-garcia-sobirania-alimentaria\/\" \/>\n\t\t<meta property=\"og:image\" content=\"https:\/\/elcabilo.com\/radio\/files\/2023\/01\/cropped-logo_radio-1.gif\" \/>\n\t\t<meta property=\"og:image:secure_url\" content=\"https:\/\/elcabilo.com\/radio\/files\/2023\/01\/cropped-logo_radio-1.gif\" \/>\n\t\t<meta property=\"article:published_time\" content=\"2014-05-18T18:00:54+00:00\" \/>\n\t\t<meta property=\"article:modified_time\" content=\"2014-05-18T17:35:40+00:00\" \/>\n\t\t<meta name=\"twitter:card\" content=\"summary_large_image\" \/>\n\t\t<meta name=\"twitter:title\" content=\"Entrevista amb Jos\u00e9 M. Garcia: Sobirania Aliment\u00e0ria - Cabil\u00f3R\u00e0dio\" \/>\n\t\t<meta name=\"twitter:description\" content=\"Vos deixem a continuaci\u00f3 l\u2019entrevista completa que vam fer a Jos\u00e9 Miguel Garc\u00eda sobre la Sobirania Aliment\u00e0ria, publicada al magaz\u00edn de maig de 2014. Sobirania alimentaria\" \/>\n\t\t<meta name=\"twitter:image\" content=\"https:\/\/elcabilo.com\/radio\/files\/2023\/01\/cropped-logo_radio-1.gif\" \/>\n\t\t<script type=\"application\/ld+json\" class=\"aioseo-schema\">\n\t\t\t{\"@context\":\"https:\\\/\\\/schema.org\",\"@graph\":[{\"@type\":\"BlogPosting\",\"@id\":\"https:\\\/\\\/elcabilo.com\\\/radio\\\/2014\\\/05\\\/18\\\/entrevista-amb-jose-m-garcia-sobirania-alimentaria\\\/#blogposting\",\"name\":\"Entrevista amb Jos\\u00e9 M. Garcia: Sobirania Aliment\\u00e0ria - Cabil\\u00f3R\\u00e0dio\",\"headline\":\"Entrevista amb Jos\\u00e9 M. Garcia: Sobirania Aliment\\u00e0ria\",\"author\":{\"@id\":\"https:\\\/\\\/elcabilo.com\\\/radio\\\/author\\\/radio\\\/#author\"},\"publisher\":{\"@id\":\"https:\\\/\\\/elcabilo.com\\\/radio\\\/#organization\"},\"image\":{\"@type\":\"ImageObject\",\"url\":\"https:\\\/\\\/elcabilo.com\\\/radio\\\/files\\\/2013\\\/01\\\/magazin2.jpg\",\"width\":900,\"height\":300},\"datePublished\":\"2014-05-18T20:00:54+02:00\",\"dateModified\":\"2014-05-18T19:35:40+02:00\",\"inLanguage\":\"ca\",\"commentCount\":3,\"mainEntityOfPage\":{\"@id\":\"https:\\\/\\\/elcabilo.com\\\/radio\\\/2014\\\/05\\\/18\\\/entrevista-amb-jose-m-garcia-sobirania-alimentaria\\\/#webpage\"},\"isPartOf\":{\"@id\":\"https:\\\/\\\/elcabilo.com\\\/radio\\\/2014\\\/05\\\/18\\\/entrevista-amb-jose-m-garcia-sobirania-alimentaria\\\/#webpage\"},\"articleSection\":\"Entrevistes\"},{\"@type\":\"BreadcrumbList\",\"@id\":\"https:\\\/\\\/elcabilo.com\\\/radio\\\/2014\\\/05\\\/18\\\/entrevista-amb-jose-m-garcia-sobirania-alimentaria\\\/#breadcrumblist\",\"itemListElement\":[{\"@type\":\"ListItem\",\"@id\":\"https:\\\/\\\/elcabilo.com\\\/radio#listItem\",\"position\":1,\"name\":\"Home\",\"item\":\"https:\\\/\\\/elcabilo.com\\\/radio\",\"nextItem\":{\"@type\":\"ListItem\",\"@id\":\"https:\\\/\\\/elcabilo.com\\\/radio\\\/category\\\/entrevistes\\\/#listItem\",\"name\":\"Entrevistes\"}},{\"@type\":\"ListItem\",\"@id\":\"https:\\\/\\\/elcabilo.com\\\/radio\\\/category\\\/entrevistes\\\/#listItem\",\"position\":2,\"name\":\"Entrevistes\",\"item\":\"https:\\\/\\\/elcabilo.com\\\/radio\\\/category\\\/entrevistes\\\/\",\"nextItem\":{\"@type\":\"ListItem\",\"@id\":\"https:\\\/\\\/elcabilo.com\\\/radio\\\/2014\\\/05\\\/18\\\/entrevista-amb-jose-m-garcia-sobirania-alimentaria\\\/#listItem\",\"name\":\"Entrevista amb Jos\\u00e9 M. Garcia: Sobirania Aliment\\u00e0ria\"},\"previousItem\":{\"@type\":\"ListItem\",\"@id\":\"https:\\\/\\\/elcabilo.com\\\/radio#listItem\",\"name\":\"Home\"}},{\"@type\":\"ListItem\",\"@id\":\"https:\\\/\\\/elcabilo.com\\\/radio\\\/2014\\\/05\\\/18\\\/entrevista-amb-jose-m-garcia-sobirania-alimentaria\\\/#listItem\",\"position\":3,\"name\":\"Entrevista amb Jos\\u00e9 M. Garcia: Sobirania Aliment\\u00e0ria\",\"previousItem\":{\"@type\":\"ListItem\",\"@id\":\"https:\\\/\\\/elcabilo.com\\\/radio\\\/category\\\/entrevistes\\\/#listItem\",\"name\":\"Entrevistes\"}}]},{\"@type\":\"Organization\",\"@id\":\"https:\\\/\\\/elcabilo.com\\\/radio\\\/#organization\",\"name\":\"Cabil\\u00f3 R\\u00e0dio\",\"description\":\"La r\\u00e0dio online de Sella\",\"url\":\"https:\\\/\\\/elcabilo.com\\\/radio\\\/\",\"logo\":{\"@type\":\"ImageObject\",\"url\":\"https:\\\/\\\/elcabilo.com\\\/radio\\\/files\\\/2023\\\/01\\\/cropped-logo_radio-1.gif\",\"@id\":\"https:\\\/\\\/elcabilo.com\\\/radio\\\/2014\\\/05\\\/18\\\/entrevista-amb-jose-m-garcia-sobirania-alimentaria\\\/#organizationLogo\",\"width\":250,\"height\":50},\"image\":{\"@id\":\"https:\\\/\\\/elcabilo.com\\\/radio\\\/2014\\\/05\\\/18\\\/entrevista-amb-jose-m-garcia-sobirania-alimentaria\\\/#organizationLogo\"}},{\"@type\":\"Person\",\"@id\":\"https:\\\/\\\/elcabilo.com\\\/radio\\\/author\\\/radio\\\/#author\",\"url\":\"https:\\\/\\\/elcabilo.com\\\/radio\\\/author\\\/radio\\\/\",\"name\":\"radio\",\"image\":{\"@type\":\"ImageObject\",\"@id\":\"https:\\\/\\\/elcabilo.com\\\/radio\\\/2014\\\/05\\\/18\\\/entrevista-amb-jose-m-garcia-sobirania-alimentaria\\\/#authorImage\",\"url\":\"https:\\\/\\\/secure.gravatar.com\\\/avatar\\\/bb687b465db46b8e9255d0921cc346091032a91fe77f93721088d5decb8a2d1a?s=96&d=mm&r=g\",\"width\":96,\"height\":96,\"caption\":\"radio\"}},{\"@type\":\"WebPage\",\"@id\":\"https:\\\/\\\/elcabilo.com\\\/radio\\\/2014\\\/05\\\/18\\\/entrevista-amb-jose-m-garcia-sobirania-alimentaria\\\/#webpage\",\"url\":\"https:\\\/\\\/elcabilo.com\\\/radio\\\/2014\\\/05\\\/18\\\/entrevista-amb-jose-m-garcia-sobirania-alimentaria\\\/\",\"name\":\"Entrevista amb Jos\\u00e9 M. Garcia: Sobirania Aliment\\u00e0ria - Cabil\\u00f3R\\u00e0dio\",\"description\":\"Vos deixem a continuaci\\u00f3 l\\u2019entrevista completa que vam fer a Jos\\u00e9 Miguel Garc\\u00eda sobre la Sobirania Aliment\\u00e0ria, publicada al magaz\\u00edn de maig de 2014. Sobirania alimentaria\",\"inLanguage\":\"ca\",\"isPartOf\":{\"@id\":\"https:\\\/\\\/elcabilo.com\\\/radio\\\/#website\"},\"breadcrumb\":{\"@id\":\"https:\\\/\\\/elcabilo.com\\\/radio\\\/2014\\\/05\\\/18\\\/entrevista-amb-jose-m-garcia-sobirania-alimentaria\\\/#breadcrumblist\"},\"author\":{\"@id\":\"https:\\\/\\\/elcabilo.com\\\/radio\\\/author\\\/radio\\\/#author\"},\"creator\":{\"@id\":\"https:\\\/\\\/elcabilo.com\\\/radio\\\/author\\\/radio\\\/#author\"},\"image\":{\"@type\":\"ImageObject\",\"url\":\"https:\\\/\\\/elcabilo.com\\\/radio\\\/files\\\/2013\\\/01\\\/magazin2.jpg\",\"@id\":\"https:\\\/\\\/elcabilo.com\\\/radio\\\/2014\\\/05\\\/18\\\/entrevista-amb-jose-m-garcia-sobirania-alimentaria\\\/#mainImage\",\"width\":900,\"height\":300},\"primaryImageOfPage\":{\"@id\":\"https:\\\/\\\/elcabilo.com\\\/radio\\\/2014\\\/05\\\/18\\\/entrevista-amb-jose-m-garcia-sobirania-alimentaria\\\/#mainImage\"},\"datePublished\":\"2014-05-18T20:00:54+02:00\",\"dateModified\":\"2014-05-18T19:35:40+02:00\"},{\"@type\":\"WebSite\",\"@id\":\"https:\\\/\\\/elcabilo.com\\\/radio\\\/#website\",\"url\":\"https:\\\/\\\/elcabilo.com\\\/radio\\\/\",\"name\":\"Cabil\\u00f3 R\\u00e0dio\",\"description\":\"La r\\u00e0dio online de Sella\",\"inLanguage\":\"ca\",\"publisher\":{\"@id\":\"https:\\\/\\\/elcabilo.com\\\/radio\\\/#organization\"}}]}\n\t\t<\/script>\n\t\t<!-- All in One SEO -->\n\n","aioseo_head_json":{"title":"Entrevista amb Jos\u00e9 M. Garcia: Sobirania Aliment\u00e0ria - Cabil\u00f3R\u00e0dio","description":"Vos deixem a continuaci\u00f3 l\u2019entrevista completa que vam fer a Jos\u00e9 Miguel Garc\u00eda sobre la Sobirania Aliment\u00e0ria, publicada al magaz\u00edn de maig de 2014. Sobirania alimentaria","canonical_url":"https:\/\/elcabilo.com\/radio\/2014\/05\/18\/entrevista-amb-jose-m-garcia-sobirania-alimentaria\/","robots":"max-image-preview:large","keywords":"","webmasterTools":{"miscellaneous":""},"schema":{"@context":"https:\/\/schema.org","@graph":[{"@type":"BlogPosting","@id":"https:\/\/elcabilo.com\/radio\/2014\/05\/18\/entrevista-amb-jose-m-garcia-sobirania-alimentaria\/#blogposting","name":"Entrevista amb Jos\u00e9 M. Garcia: Sobirania Aliment\u00e0ria - Cabil\u00f3R\u00e0dio","headline":"Entrevista amb Jos\u00e9 M. Garcia: Sobirania Aliment\u00e0ria","author":{"@id":"https:\/\/elcabilo.com\/radio\/author\/radio\/#author"},"publisher":{"@id":"https:\/\/elcabilo.com\/radio\/#organization"},"image":{"@type":"ImageObject","url":"https:\/\/elcabilo.com\/radio\/files\/2013\/01\/magazin2.jpg","width":900,"height":300},"datePublished":"2014-05-18T20:00:54+02:00","dateModified":"2014-05-18T19:35:40+02:00","inLanguage":"ca","commentCount":3,"mainEntityOfPage":{"@id":"https:\/\/elcabilo.com\/radio\/2014\/05\/18\/entrevista-amb-jose-m-garcia-sobirania-alimentaria\/#webpage"},"isPartOf":{"@id":"https:\/\/elcabilo.com\/radio\/2014\/05\/18\/entrevista-amb-jose-m-garcia-sobirania-alimentaria\/#webpage"},"articleSection":"Entrevistes"},{"@type":"BreadcrumbList","@id":"https:\/\/elcabilo.com\/radio\/2014\/05\/18\/entrevista-amb-jose-m-garcia-sobirania-alimentaria\/#breadcrumblist","itemListElement":[{"@type":"ListItem","@id":"https:\/\/elcabilo.com\/radio#listItem","position":1,"name":"Home","item":"https:\/\/elcabilo.com\/radio","nextItem":{"@type":"ListItem","@id":"https:\/\/elcabilo.com\/radio\/category\/entrevistes\/#listItem","name":"Entrevistes"}},{"@type":"ListItem","@id":"https:\/\/elcabilo.com\/radio\/category\/entrevistes\/#listItem","position":2,"name":"Entrevistes","item":"https:\/\/elcabilo.com\/radio\/category\/entrevistes\/","nextItem":{"@type":"ListItem","@id":"https:\/\/elcabilo.com\/radio\/2014\/05\/18\/entrevista-amb-jose-m-garcia-sobirania-alimentaria\/#listItem","name":"Entrevista amb Jos\u00e9 M. Garcia: Sobirania Aliment\u00e0ria"},"previousItem":{"@type":"ListItem","@id":"https:\/\/elcabilo.com\/radio#listItem","name":"Home"}},{"@type":"ListItem","@id":"https:\/\/elcabilo.com\/radio\/2014\/05\/18\/entrevista-amb-jose-m-garcia-sobirania-alimentaria\/#listItem","position":3,"name":"Entrevista amb Jos\u00e9 M. Garcia: Sobirania Aliment\u00e0ria","previousItem":{"@type":"ListItem","@id":"https:\/\/elcabilo.com\/radio\/category\/entrevistes\/#listItem","name":"Entrevistes"}}]},{"@type":"Organization","@id":"https:\/\/elcabilo.com\/radio\/#organization","name":"Cabil\u00f3 R\u00e0dio","description":"La r\u00e0dio online de Sella","url":"https:\/\/elcabilo.com\/radio\/","logo":{"@type":"ImageObject","url":"https:\/\/elcabilo.com\/radio\/files\/2023\/01\/cropped-logo_radio-1.gif","@id":"https:\/\/elcabilo.com\/radio\/2014\/05\/18\/entrevista-amb-jose-m-garcia-sobirania-alimentaria\/#organizationLogo","width":250,"height":50},"image":{"@id":"https:\/\/elcabilo.com\/radio\/2014\/05\/18\/entrevista-amb-jose-m-garcia-sobirania-alimentaria\/#organizationLogo"}},{"@type":"Person","@id":"https:\/\/elcabilo.com\/radio\/author\/radio\/#author","url":"https:\/\/elcabilo.com\/radio\/author\/radio\/","name":"radio","image":{"@type":"ImageObject","@id":"https:\/\/elcabilo.com\/radio\/2014\/05\/18\/entrevista-amb-jose-m-garcia-sobirania-alimentaria\/#authorImage","url":"https:\/\/secure.gravatar.com\/avatar\/bb687b465db46b8e9255d0921cc346091032a91fe77f93721088d5decb8a2d1a?s=96&d=mm&r=g","width":96,"height":96,"caption":"radio"}},{"@type":"WebPage","@id":"https:\/\/elcabilo.com\/radio\/2014\/05\/18\/entrevista-amb-jose-m-garcia-sobirania-alimentaria\/#webpage","url":"https:\/\/elcabilo.com\/radio\/2014\/05\/18\/entrevista-amb-jose-m-garcia-sobirania-alimentaria\/","name":"Entrevista amb Jos\u00e9 M. Garcia: Sobirania Aliment\u00e0ria - Cabil\u00f3R\u00e0dio","description":"Vos deixem a continuaci\u00f3 l\u2019entrevista completa que vam fer a Jos\u00e9 Miguel Garc\u00eda sobre la Sobirania Aliment\u00e0ria, publicada al magaz\u00edn de maig de 2014. Sobirania alimentaria","inLanguage":"ca","isPartOf":{"@id":"https:\/\/elcabilo.com\/radio\/#website"},"breadcrumb":{"@id":"https:\/\/elcabilo.com\/radio\/2014\/05\/18\/entrevista-amb-jose-m-garcia-sobirania-alimentaria\/#breadcrumblist"},"author":{"@id":"https:\/\/elcabilo.com\/radio\/author\/radio\/#author"},"creator":{"@id":"https:\/\/elcabilo.com\/radio\/author\/radio\/#author"},"image":{"@type":"ImageObject","url":"https:\/\/elcabilo.com\/radio\/files\/2013\/01\/magazin2.jpg","@id":"https:\/\/elcabilo.com\/radio\/2014\/05\/18\/entrevista-amb-jose-m-garcia-sobirania-alimentaria\/#mainImage","width":900,"height":300},"primaryImageOfPage":{"@id":"https:\/\/elcabilo.com\/radio\/2014\/05\/18\/entrevista-amb-jose-m-garcia-sobirania-alimentaria\/#mainImage"},"datePublished":"2014-05-18T20:00:54+02:00","dateModified":"2014-05-18T19:35:40+02:00"},{"@type":"WebSite","@id":"https:\/\/elcabilo.com\/radio\/#website","url":"https:\/\/elcabilo.com\/radio\/","name":"Cabil\u00f3 R\u00e0dio","description":"La r\u00e0dio online de Sella","inLanguage":"ca","publisher":{"@id":"https:\/\/elcabilo.com\/radio\/#organization"}}]},"og:locale":"ca_ES","og:site_name":"Cabil\u00f3R\u00e0dio - La r\u00e0dio online de Sella","og:type":"article","og:title":"Entrevista amb Jos\u00e9 M. Garcia: Sobirania Aliment\u00e0ria - Cabil\u00f3R\u00e0dio","og:description":"Vos deixem a continuaci\u00f3 l\u2019entrevista completa que vam fer a Jos\u00e9 Miguel Garc\u00eda sobre la Sobirania Aliment\u00e0ria, publicada al magaz\u00edn de maig de 2014. Sobirania alimentaria","og:url":"https:\/\/elcabilo.com\/radio\/2014\/05\/18\/entrevista-amb-jose-m-garcia-sobirania-alimentaria\/","og:image":"https:\/\/elcabilo.com\/radio\/files\/2023\/01\/cropped-logo_radio-1.gif","og:image:secure_url":"https:\/\/elcabilo.com\/radio\/files\/2023\/01\/cropped-logo_radio-1.gif","article:published_time":"2014-05-18T18:00:54+00:00","article:modified_time":"2014-05-18T17:35:40+00:00","twitter:card":"summary_large_image","twitter:title":"Entrevista amb Jos\u00e9 M. Garcia: Sobirania Aliment\u00e0ria - Cabil\u00f3R\u00e0dio","twitter:description":"Vos deixem a continuaci\u00f3 l\u2019entrevista completa que vam fer a Jos\u00e9 Miguel Garc\u00eda sobre la Sobirania Aliment\u00e0ria, publicada al magaz\u00edn de maig de 2014. Sobirania alimentaria","twitter:image":"https:\/\/elcabilo.com\/radio\/files\/2023\/01\/cropped-logo_radio-1.gif"},"aioseo_meta_data":{"post_id":"1393","title":null,"description":null,"keywords":null,"keyphrases":null,"primary_term":null,"canonical_url":null,"og_title":null,"og_description":null,"og_object_type":"default","og_image_type":"default","og_image_url":null,"og_image_width":null,"og_image_height":null,"og_image_custom_url":null,"og_image_custom_fields":null,"og_video":null,"og_custom_url":null,"og_article_section":null,"og_article_tags":null,"twitter_use_og":false,"twitter_card":"default","twitter_image_type":"default","twitter_image_url":null,"twitter_image_custom_url":null,"twitter_image_custom_fields":null,"twitter_title":null,"twitter_description":null,"schema":{"blockGraphs":[],"customGraphs":[],"default":{"data":{"Article":[],"Course":[],"Dataset":[],"FAQPage":[],"Movie":[],"Person":[],"Product":[],"ProductReview":[],"Car":[],"Recipe":[],"Service":[],"SoftwareApplication":[],"WebPage":[]},"graphName":"","isEnabled":true},"graphs":[]},"schema_type":"default","schema_type_options":null,"pillar_content":false,"robots_default":true,"robots_noindex":false,"robots_noarchive":false,"robots_nosnippet":false,"robots_nofollow":false,"robots_noimageindex":false,"robots_noodp":false,"robots_notranslate":false,"robots_max_snippet":null,"robots_max_videopreview":null,"robots_max_imagepreview":"large","priority":null,"frequency":null,"local_seo":null,"breadcrumb_settings":null,"limit_modified_date":false,"ai":null,"created":"2023-01-27 22:17:38","updated":"2025-06-08 19:26:33","seo_analyzer_scan_date":null,"focus_keyword":null,"additional_keywords":null,"truseo_locale":null},"aioseo_breadcrumb":"<div class=\"aioseo-breadcrumbs\"><span class=\"aioseo-breadcrumb\">\n\t\t\t<a href=\"https:\/\/elcabilo.com\/radio\" title=\"Home\">Home<\/a>\n\t\t<\/span><span class=\"aioseo-breadcrumb-separator\">&raquo;<\/span><span class=\"aioseo-breadcrumb\">\n\t\t\t<a href=\"https:\/\/elcabilo.com\/radio\/category\/entrevistes\/\" title=\"Entrevistes\">Entrevistes<\/a>\n\t\t<\/span><span class=\"aioseo-breadcrumb-separator\">&raquo;<\/span><span class=\"aioseo-breadcrumb\">\n\t\t\tEntrevista amb Jos\u00e9 M. Garcia: Sobirania Aliment\u00e0ria\n\t\t<\/span><\/div>","aioseo_breadcrumb_json":[{"label":"Home","link":"https:\/\/elcabilo.com\/radio"},{"label":"Entrevistes","link":"https:\/\/elcabilo.com\/radio\/category\/entrevistes\/"},{"label":"Entrevista amb Jos\u00e9 M. Garcia: Sobirania Aliment\u00e0ria","link":"https:\/\/elcabilo.com\/radio\/2014\/05\/18\/entrevista-amb-jose-m-garcia-sobirania-alimentaria\/"}],"_links":{"self":[{"href":"https:\/\/elcabilo.com\/radio\/wp-json\/wp\/v2\/posts\/1393","targetHints":{"allow":["GET"]}}],"collection":[{"href":"https:\/\/elcabilo.com\/radio\/wp-json\/wp\/v2\/posts"}],"about":[{"href":"https:\/\/elcabilo.com\/radio\/wp-json\/wp\/v2\/types\/post"}],"author":[{"embeddable":true,"href":"https:\/\/elcabilo.com\/radio\/wp-json\/wp\/v2\/users\/272"}],"replies":[{"embeddable":true,"href":"https:\/\/elcabilo.com\/radio\/wp-json\/wp\/v2\/comments?post=1393"}],"version-history":[{"count":0,"href":"https:\/\/elcabilo.com\/radio\/wp-json\/wp\/v2\/posts\/1393\/revisions"}],"wp:featuredmedia":[{"embeddable":true,"href":"https:\/\/elcabilo.com\/radio\/wp-json\/wp\/v2\/media\/223"}],"wp:attachment":[{"href":"https:\/\/elcabilo.com\/radio\/wp-json\/wp\/v2\/media?parent=1393"}],"wp:term":[{"taxonomy":"category","embeddable":true,"href":"https:\/\/elcabilo.com\/radio\/wp-json\/wp\/v2\/categories?post=1393"},{"taxonomy":"post_tag","embeddable":true,"href":"https:\/\/elcabilo.com\/radio\/wp-json\/wp\/v2\/tags?post=1393"}],"curies":[{"name":"wp","href":"https:\/\/api.w.org\/{rel}","templated":true}]}}