{"id":1419,"date":"2014-06-03T00:00:38","date_gmt":"2014-06-02T22:00:38","guid":{"rendered":"http:\/\/elcabilo.com\/radio\/?p=1419"},"modified":"2014-06-02T22:58:47","modified_gmt":"2014-06-02T20:58:47","slug":"la-ciencia-de-cada-dia-9-lastronomia","status":"publish","type":"post","link":"https:\/\/elcabilo.com\/radio\/2014\/06\/03\/la-ciencia-de-cada-dia-9-lastronomia\/","title":{"rendered":"La ci\u00e8ncia de cada dia: 9. L&#8217;Astronomia"},"content":{"rendered":"<p style=\"text-align: justify;\">Esta setmana el tema central del programa \u00e9s l&#8217;Astronomia, aix\u00ed, amb maj\u00fascules. I per parlar-ne tenim un convidat de luxe, Bernat Mart\u00ednez, gran coneixedor del tema i amb el qual fem un rep\u00e0s de tota la hist\u00f2ria de l&#8217;Astronomia i de l&#8217;evoluci\u00f3 del pensament al voltant de la nostra posici\u00f3 dins de l&#8217;univers.<\/p>\n<p style=\"text-align: justify;\">A m\u00e9s, amb el col\u00b7laborador d&#8217;aquesta setmana, que torna a ser l&#8217;amic Sergio Garcia, expliquem algunes de les \u00faltimes not\u00edcies sobre aven\u00e7os cient\u00edfics que ens han paregut interessants.<\/p>\n<p style=\"text-align: center;\"><a id=\"mbmaplayer_1397410484608\" class=\"mb_map {skin:'blue', animate:true, width:'200', volume:0.6, autoplay:false, loop:false, showVolumeLevel:true, showTime:true, showRew:true, downloadable:true, downloadablesecurity:false, id3: false}\" href=\"https:\/\/archive.org\/download\/ciencia_juny_14\/Programa_09-Astronomia.mp3\">Ci\u00e8ncia: 9.Astronomia<\/a><\/p>\n<p style=\"text-align: justify;\">Si vols m\u00e9s informaci\u00f3 sobre el que s&#8217;ha contat al programa, es deixem\u00a0alguns enlla\u00e7os (polsa en llegir m\u00e9s, si no els veus):<\/p>\n<p><!--more--><\/p>\n<p><b>Tema central.<br \/>\n<\/b><i>Astronomia:<\/i> <a href=\"https:\/\/connect.umh.es\/p40881031\/\">https:\/\/connect.umh.es\/p40881031\/<\/a><\/p>\n<p><b>Not\u00edcies d&#8217;actualitat<\/b><\/p>\n<p>&#8211; <i>Pacients amb paraplegia recuperen el moviment<\/i>: <span lang=\"CA\" style=\"color: black;\"><a title=\"http:\/\/bit.ly\/1g0UeHr\" href=\"http:\/\/t.co\/8rtPwxt8Qd\" target=\"_blank\">http:\/\/bit.ly\/1g0UeHr<\/a><br \/>\n<\/span><\/p>\n<p>&#8211; <i>Reinici del sistema immune per evitar el rebuig d&#8217;un \u00f3rgan<\/i>: <\/span><span lang=\"CA\" style=\"color: black;\"><a title=\"http:\/\/ow.ly\/vlKOK\" href=\"http:\/\/t.co\/J0xYNfDxq5\" target=\"_blank\">http:\/\/ow.ly\/vlKOK<\/a><br \/>\n<\/span><\/p>\n<p>&#8211; <i>Piles de combustible en paper<\/i>: <\/span><span lang=\"CA\" style=\"color: black;\"><a title=\"http:\/\/bit.ly\/1knC1VY\" href=\"http:\/\/t.co\/AVQmZX4hgM\" target=\"_blank\">http:\/\/bit.ly\/1knC1VY\u00a0<\/a>\u00a0<a href=\"http:\/\/t.co\/WYR0L4Kl9i\" target=\"_blank\">pic.twitter.com\/WYR0L4Kl9i<\/a><br \/>\n<\/span><\/p>\n<p>&#8211; <i>Esquizofr\u00e8nia per l&#8217;ab\u00fas del c\u00e0nnabis<\/i>: <\/span><span lang=\"CA\" style=\"color: black;\"><a href=\"http:\/\/www.agenciasinc.es\/Noticias\/Identifican-un-mecanismo-que-provoca-psicosis-y-esquizofrenia-por-el-abuso-de-cannabis\">http:\/\/www.agenciasinc.es\/Noticias\/Identifican-un-mecanismo-que-provoca-psicosis-y-esquizofrenia-por-el-abuso-de-cannabis<\/a><br \/>\n<\/span><\/p>\n<p>&#8211; <i>Reconstrucci\u00f3 d&#8217;ossos de mono<\/i>: <\/span><span lang=\"CA\" style=\"color: black;\"><a href=\"http:\/\/www.agenciasinc.es\/Noticias\/Reconstruyen-huesos-de-monos-gracias-a-la-reprogramacion-celular\">http:\/\/www.agenciasinc.es\/Noticias\/Reconstruyen-huesos-de-monos-gracias-a-la-reprogramacion-celular<\/a><br \/>\n<\/span><\/p>\n<p>&#8211; <i>Identificaci\u00f3 dels marcadors de l&#8217;oli d&#8217;oliva<\/i>: <\/span><span lang=\"CA\" style=\"color: black;\"><a title=\"http:\/\/bit.ly\/1hwSzFn\" href=\"http:\/\/t.co\/xDzawceP3t\" target=\"_blank\">http:\/\/bit.ly\/1hwSzFn<\/a><\/span><\/p>\n","protected":false},"excerpt":{"rendered":"<p>Esta setmana el tema central del programa \u00e9s l&#8217;Astronomia, aix\u00ed, amb maj\u00fascules. I per parlar-ne tenim un convidat de luxe, Bernat Mart\u00ednez, gran coneixedor del tema i amb el qual fem un rep\u00e0s de tota la hist\u00f2ria de l&#8217;Astronomia i de l&#8217;evoluci\u00f3 del pensament al voltant de la nostra posici\u00f3 dins de l&#8217;univers. A m\u00e9s, [&hellip;]<\/p>\n","protected":false},"author":272,"featured_media":1423,"comment_status":"open","ping_status":"open","sticky":false,"template":"","format":"standard","meta":{"_exactmetrics_skip_tracking":false,"footnotes":""},"categories":[9],"tags":[],"class_list":["post-1419","post","type-post","status-publish","format-standard","has-post-thumbnail","hentry","category-ciencia"],"aioseo_notices":[],"aioseo_head":"\n\t\t<!-- All in One SEO 5.0.1 - aioseo.com -->\n\t<meta name=\"description\" content=\"Esta setmana el tema central del programa \u00e9s l&#039;Astronomia, aix\u00ed, amb maj\u00fascules. I per parlar-ne tenim un convidat de luxe, Bernat Mart\u00ednez, gran coneixedor del tema i amb el qual fem un rep\u00e0s de tota la hist\u00f2ria de l&#039;Astronomia i de l&#039;evoluci\u00f3 del pensament al voltant de la nostra posici\u00f3 dins de l&#039;univers. A m\u00e9s,\" \/>\n\t<meta name=\"robots\" content=\"max-image-preview:large\" \/>\n\t<meta name=\"author\" content=\"radio\"\/>\n\t<link rel=\"canonical\" href=\"https:\/\/elcabilo.com\/radio\/2014\/06\/03\/la-ciencia-de-cada-dia-9-lastronomia\/\" \/>\n\t<meta name=\"generator\" content=\"All in One SEO (AIOSEO) 5.0.1\" \/>\n\t\t<meta property=\"og:locale\" content=\"ca_ES\" \/>\n\t\t<meta property=\"og:site_name\" content=\"Cabil\u00f3R\u00e0dio - La r\u00e0dio online de Sella\" \/>\n\t\t<meta property=\"og:type\" content=\"article\" \/>\n\t\t<meta property=\"og:title\" content=\"La ci\u00e8ncia de cada dia: 9. L\u2019Astronomia - Cabil\u00f3R\u00e0dio\" \/>\n\t\t<meta property=\"og:description\" content=\"Esta setmana el tema central del programa \u00e9s l&#039;Astronomia, aix\u00ed, amb maj\u00fascules. I per parlar-ne tenim un convidat de luxe, Bernat Mart\u00ednez, gran coneixedor del tema i amb el qual fem un rep\u00e0s de tota la hist\u00f2ria de l&#039;Astronomia i de l&#039;evoluci\u00f3 del pensament al voltant de la nostra posici\u00f3 dins de l&#039;univers. A m\u00e9s,\" \/>\n\t\t<meta property=\"og:url\" content=\"https:\/\/elcabilo.com\/radio\/2014\/06\/03\/la-ciencia-de-cada-dia-9-lastronomia\/\" \/>\n\t\t<meta property=\"og:image\" content=\"https:\/\/elcabilo.com\/radio\/files\/2023\/01\/cropped-logo_radio-1.gif\" \/>\n\t\t<meta property=\"og:image:secure_url\" content=\"https:\/\/elcabilo.com\/radio\/files\/2023\/01\/cropped-logo_radio-1.gif\" \/>\n\t\t<meta property=\"article:published_time\" content=\"2014-06-02T22:00:38+00:00\" \/>\n\t\t<meta property=\"article:modified_time\" content=\"2014-06-02T20:58:47+00:00\" \/>\n\t\t<meta name=\"twitter:card\" content=\"summary_large_image\" \/>\n\t\t<meta name=\"twitter:title\" content=\"La ci\u00e8ncia de cada dia: 9. L\u2019Astronomia - Cabil\u00f3R\u00e0dio\" \/>\n\t\t<meta name=\"twitter:description\" content=\"Esta setmana el tema central del programa \u00e9s l&#039;Astronomia, aix\u00ed, amb maj\u00fascules. I per parlar-ne tenim un convidat de luxe, Bernat Mart\u00ednez, gran coneixedor del tema i amb el qual fem un rep\u00e0s de tota la hist\u00f2ria de l&#039;Astronomia i de l&#039;evoluci\u00f3 del pensament al voltant de la nostra posici\u00f3 dins de l&#039;univers. A m\u00e9s,\" \/>\n\t\t<meta name=\"twitter:image\" content=\"https:\/\/elcabilo.com\/radio\/files\/2023\/01\/cropped-logo_radio-1.gif\" \/>\n\t\t<script type=\"application\/ld+json\" class=\"aioseo-schema\">\n\t\t\t{\"@context\":\"https:\\\/\\\/schema.org\",\"@graph\":[{\"@type\":\"BlogPosting\",\"@id\":\"https:\\\/\\\/elcabilo.com\\\/radio\\\/2014\\\/06\\\/03\\\/la-ciencia-de-cada-dia-9-lastronomia\\\/#blogposting\",\"name\":\"La ci\\u00e8ncia de cada dia: 9. L\\u2019Astronomia - Cabil\\u00f3R\\u00e0dio\",\"headline\":\"La ci\\u00e8ncia de cada dia: 9. L&#8217;Astronomia\",\"author\":{\"@id\":\"https:\\\/\\\/elcabilo.com\\\/radio\\\/author\\\/radio\\\/#author\"},\"publisher\":{\"@id\":\"https:\\\/\\\/elcabilo.com\\\/radio\\\/#organization\"},\"image\":{\"@type\":\"ImageObject\",\"url\":\"https:\\\/\\\/elcabilo.com\\\/radio\\\/files\\\/2014\\\/06\\\/astronomia.jpg\",\"width\":1194,\"height\":399},\"datePublished\":\"2014-06-03T00:00:38+02:00\",\"dateModified\":\"2014-06-02T22:58:47+02:00\",\"inLanguage\":\"ca\",\"commentCount\":11,\"mainEntityOfPage\":{\"@id\":\"https:\\\/\\\/elcabilo.com\\\/radio\\\/2014\\\/06\\\/03\\\/la-ciencia-de-cada-dia-9-lastronomia\\\/#webpage\"},\"isPartOf\":{\"@id\":\"https:\\\/\\\/elcabilo.com\\\/radio\\\/2014\\\/06\\\/03\\\/la-ciencia-de-cada-dia-9-lastronomia\\\/#webpage\"},\"articleSection\":\"La ci\\u00e8ncia de cada dia\"},{\"@type\":\"BreadcrumbList\",\"@id\":\"https:\\\/\\\/elcabilo.com\\\/radio\\\/2014\\\/06\\\/03\\\/la-ciencia-de-cada-dia-9-lastronomia\\\/#breadcrumblist\",\"itemListElement\":[{\"@type\":\"ListItem\",\"@id\":\"https:\\\/\\\/elcabilo.com\\\/radio#listItem\",\"position\":1,\"name\":\"Home\",\"item\":\"https:\\\/\\\/elcabilo.com\\\/radio\",\"nextItem\":{\"@type\":\"ListItem\",\"@id\":\"https:\\\/\\\/elcabilo.com\\\/radio\\\/category\\\/programes\\\/#listItem\",\"name\":\"Programes\"}},{\"@type\":\"ListItem\",\"@id\":\"https:\\\/\\\/elcabilo.com\\\/radio\\\/category\\\/programes\\\/#listItem\",\"position\":2,\"name\":\"Programes\",\"item\":\"https:\\\/\\\/elcabilo.com\\\/radio\\\/category\\\/programes\\\/\",\"nextItem\":{\"@type\":\"ListItem\",\"@id\":\"https:\\\/\\\/elcabilo.com\\\/radio\\\/category\\\/programes\\\/ciencia\\\/#listItem\",\"name\":\"La ci\\u00e8ncia de cada dia\"},\"previousItem\":{\"@type\":\"ListItem\",\"@id\":\"https:\\\/\\\/elcabilo.com\\\/radio#listItem\",\"name\":\"Home\"}},{\"@type\":\"ListItem\",\"@id\":\"https:\\\/\\\/elcabilo.com\\\/radio\\\/category\\\/programes\\\/ciencia\\\/#listItem\",\"position\":3,\"name\":\"La ci\\u00e8ncia de cada dia\",\"item\":\"https:\\\/\\\/elcabilo.com\\\/radio\\\/category\\\/programes\\\/ciencia\\\/\",\"nextItem\":{\"@type\":\"ListItem\",\"@id\":\"https:\\\/\\\/elcabilo.com\\\/radio\\\/2014\\\/06\\\/03\\\/la-ciencia-de-cada-dia-9-lastronomia\\\/#listItem\",\"name\":\"La ci\\u00e8ncia de cada dia: 9. L&#8217;Astronomia\"},\"previousItem\":{\"@type\":\"ListItem\",\"@id\":\"https:\\\/\\\/elcabilo.com\\\/radio\\\/category\\\/programes\\\/#listItem\",\"name\":\"Programes\"}},{\"@type\":\"ListItem\",\"@id\":\"https:\\\/\\\/elcabilo.com\\\/radio\\\/2014\\\/06\\\/03\\\/la-ciencia-de-cada-dia-9-lastronomia\\\/#listItem\",\"position\":4,\"name\":\"La ci\\u00e8ncia de cada dia: 9. L&#8217;Astronomia\",\"previousItem\":{\"@type\":\"ListItem\",\"@id\":\"https:\\\/\\\/elcabilo.com\\\/radio\\\/category\\\/programes\\\/ciencia\\\/#listItem\",\"name\":\"La ci\\u00e8ncia de cada dia\"}}]},{\"@type\":\"Organization\",\"@id\":\"https:\\\/\\\/elcabilo.com\\\/radio\\\/#organization\",\"name\":\"Cabil\\u00f3 R\\u00e0dio\",\"description\":\"La r\\u00e0dio online de Sella\",\"url\":\"https:\\\/\\\/elcabilo.com\\\/radio\\\/\",\"logo\":{\"@type\":\"ImageObject\",\"url\":\"https:\\\/\\\/elcabilo.com\\\/radio\\\/files\\\/2023\\\/01\\\/cropped-logo_radio-1.gif\",\"@id\":\"https:\\\/\\\/elcabilo.com\\\/radio\\\/2014\\\/06\\\/03\\\/la-ciencia-de-cada-dia-9-lastronomia\\\/#organizationLogo\",\"width\":250,\"height\":50},\"image\":{\"@id\":\"https:\\\/\\\/elcabilo.com\\\/radio\\\/2014\\\/06\\\/03\\\/la-ciencia-de-cada-dia-9-lastronomia\\\/#organizationLogo\"}},{\"@type\":\"Person\",\"@id\":\"https:\\\/\\\/elcabilo.com\\\/radio\\\/author\\\/radio\\\/#author\",\"url\":\"https:\\\/\\\/elcabilo.com\\\/radio\\\/author\\\/radio\\\/\",\"name\":\"radio\",\"image\":{\"@type\":\"ImageObject\",\"@id\":\"https:\\\/\\\/elcabilo.com\\\/radio\\\/2014\\\/06\\\/03\\\/la-ciencia-de-cada-dia-9-lastronomia\\\/#authorImage\",\"url\":\"https:\\\/\\\/secure.gravatar.com\\\/avatar\\\/bb687b465db46b8e9255d0921cc346091032a91fe77f93721088d5decb8a2d1a?s=96&d=mm&r=g\",\"width\":96,\"height\":96,\"caption\":\"radio\"}},{\"@type\":\"WebPage\",\"@id\":\"https:\\\/\\\/elcabilo.com\\\/radio\\\/2014\\\/06\\\/03\\\/la-ciencia-de-cada-dia-9-lastronomia\\\/#webpage\",\"url\":\"https:\\\/\\\/elcabilo.com\\\/radio\\\/2014\\\/06\\\/03\\\/la-ciencia-de-cada-dia-9-lastronomia\\\/\",\"name\":\"La ci\\u00e8ncia de cada dia: 9. L\\u2019Astronomia - Cabil\\u00f3R\\u00e0dio\",\"description\":\"Esta setmana el tema central del programa \\u00e9s l'Astronomia, aix\\u00ed, amb maj\\u00fascules. I per parlar-ne tenim un convidat de luxe, Bernat Mart\\u00ednez, gran coneixedor del tema i amb el qual fem un rep\\u00e0s de tota la hist\\u00f2ria de l'Astronomia i de l'evoluci\\u00f3 del pensament al voltant de la nostra posici\\u00f3 dins de l'univers. A m\\u00e9s,\",\"inLanguage\":\"ca\",\"isPartOf\":{\"@id\":\"https:\\\/\\\/elcabilo.com\\\/radio\\\/#website\"},\"breadcrumb\":{\"@id\":\"https:\\\/\\\/elcabilo.com\\\/radio\\\/2014\\\/06\\\/03\\\/la-ciencia-de-cada-dia-9-lastronomia\\\/#breadcrumblist\"},\"author\":{\"@id\":\"https:\\\/\\\/elcabilo.com\\\/radio\\\/author\\\/radio\\\/#author\"},\"creator\":{\"@id\":\"https:\\\/\\\/elcabilo.com\\\/radio\\\/author\\\/radio\\\/#author\"},\"image\":{\"@type\":\"ImageObject\",\"url\":\"https:\\\/\\\/elcabilo.com\\\/radio\\\/files\\\/2014\\\/06\\\/astronomia.jpg\",\"@id\":\"https:\\\/\\\/elcabilo.com\\\/radio\\\/2014\\\/06\\\/03\\\/la-ciencia-de-cada-dia-9-lastronomia\\\/#mainImage\",\"width\":1194,\"height\":399},\"primaryImageOfPage\":{\"@id\":\"https:\\\/\\\/elcabilo.com\\\/radio\\\/2014\\\/06\\\/03\\\/la-ciencia-de-cada-dia-9-lastronomia\\\/#mainImage\"},\"datePublished\":\"2014-06-03T00:00:38+02:00\",\"dateModified\":\"2014-06-02T22:58:47+02:00\"},{\"@type\":\"WebSite\",\"@id\":\"https:\\\/\\\/elcabilo.com\\\/radio\\\/#website\",\"url\":\"https:\\\/\\\/elcabilo.com\\\/radio\\\/\",\"name\":\"Cabil\\u00f3 R\\u00e0dio\",\"description\":\"La r\\u00e0dio online de Sella\",\"inLanguage\":\"ca\",\"publisher\":{\"@id\":\"https:\\\/\\\/elcabilo.com\\\/radio\\\/#organization\"}}]}\n\t\t<\/script>\n\t\t<!-- All in One SEO -->\n\n","aioseo_head_json":{"title":"La ci\u00e8ncia de cada dia: 9. L\u2019Astronomia - Cabil\u00f3R\u00e0dio","description":"Esta setmana el tema central del programa \u00e9s l'Astronomia, aix\u00ed, amb maj\u00fascules. I per parlar-ne tenim un convidat de luxe, Bernat Mart\u00ednez, gran coneixedor del tema i amb el qual fem un rep\u00e0s de tota la hist\u00f2ria de l'Astronomia i de l'evoluci\u00f3 del pensament al voltant de la nostra posici\u00f3 dins de l'univers. A m\u00e9s,","canonical_url":"https:\/\/elcabilo.com\/radio\/2014\/06\/03\/la-ciencia-de-cada-dia-9-lastronomia\/","robots":"max-image-preview:large","keywords":"","webmasterTools":{"miscellaneous":""},"schema":{"@context":"https:\/\/schema.org","@graph":[{"@type":"BlogPosting","@id":"https:\/\/elcabilo.com\/radio\/2014\/06\/03\/la-ciencia-de-cada-dia-9-lastronomia\/#blogposting","name":"La ci\u00e8ncia de cada dia: 9. L\u2019Astronomia - Cabil\u00f3R\u00e0dio","headline":"La ci\u00e8ncia de cada dia: 9. L&#8217;Astronomia","author":{"@id":"https:\/\/elcabilo.com\/radio\/author\/radio\/#author"},"publisher":{"@id":"https:\/\/elcabilo.com\/radio\/#organization"},"image":{"@type":"ImageObject","url":"https:\/\/elcabilo.com\/radio\/files\/2014\/06\/astronomia.jpg","width":1194,"height":399},"datePublished":"2014-06-03T00:00:38+02:00","dateModified":"2014-06-02T22:58:47+02:00","inLanguage":"ca","commentCount":11,"mainEntityOfPage":{"@id":"https:\/\/elcabilo.com\/radio\/2014\/06\/03\/la-ciencia-de-cada-dia-9-lastronomia\/#webpage"},"isPartOf":{"@id":"https:\/\/elcabilo.com\/radio\/2014\/06\/03\/la-ciencia-de-cada-dia-9-lastronomia\/#webpage"},"articleSection":"La ci\u00e8ncia de cada dia"},{"@type":"BreadcrumbList","@id":"https:\/\/elcabilo.com\/radio\/2014\/06\/03\/la-ciencia-de-cada-dia-9-lastronomia\/#breadcrumblist","itemListElement":[{"@type":"ListItem","@id":"https:\/\/elcabilo.com\/radio#listItem","position":1,"name":"Home","item":"https:\/\/elcabilo.com\/radio","nextItem":{"@type":"ListItem","@id":"https:\/\/elcabilo.com\/radio\/category\/programes\/#listItem","name":"Programes"}},{"@type":"ListItem","@id":"https:\/\/elcabilo.com\/radio\/category\/programes\/#listItem","position":2,"name":"Programes","item":"https:\/\/elcabilo.com\/radio\/category\/programes\/","nextItem":{"@type":"ListItem","@id":"https:\/\/elcabilo.com\/radio\/category\/programes\/ciencia\/#listItem","name":"La ci\u00e8ncia de cada dia"},"previousItem":{"@type":"ListItem","@id":"https:\/\/elcabilo.com\/radio#listItem","name":"Home"}},{"@type":"ListItem","@id":"https:\/\/elcabilo.com\/radio\/category\/programes\/ciencia\/#listItem","position":3,"name":"La ci\u00e8ncia de cada dia","item":"https:\/\/elcabilo.com\/radio\/category\/programes\/ciencia\/","nextItem":{"@type":"ListItem","@id":"https:\/\/elcabilo.com\/radio\/2014\/06\/03\/la-ciencia-de-cada-dia-9-lastronomia\/#listItem","name":"La ci\u00e8ncia de cada dia: 9. L&#8217;Astronomia"},"previousItem":{"@type":"ListItem","@id":"https:\/\/elcabilo.com\/radio\/category\/programes\/#listItem","name":"Programes"}},{"@type":"ListItem","@id":"https:\/\/elcabilo.com\/radio\/2014\/06\/03\/la-ciencia-de-cada-dia-9-lastronomia\/#listItem","position":4,"name":"La ci\u00e8ncia de cada dia: 9. L&#8217;Astronomia","previousItem":{"@type":"ListItem","@id":"https:\/\/elcabilo.com\/radio\/category\/programes\/ciencia\/#listItem","name":"La ci\u00e8ncia de cada dia"}}]},{"@type":"Organization","@id":"https:\/\/elcabilo.com\/radio\/#organization","name":"Cabil\u00f3 R\u00e0dio","description":"La r\u00e0dio online de Sella","url":"https:\/\/elcabilo.com\/radio\/","logo":{"@type":"ImageObject","url":"https:\/\/elcabilo.com\/radio\/files\/2023\/01\/cropped-logo_radio-1.gif","@id":"https:\/\/elcabilo.com\/radio\/2014\/06\/03\/la-ciencia-de-cada-dia-9-lastronomia\/#organizationLogo","width":250,"height":50},"image":{"@id":"https:\/\/elcabilo.com\/radio\/2014\/06\/03\/la-ciencia-de-cada-dia-9-lastronomia\/#organizationLogo"}},{"@type":"Person","@id":"https:\/\/elcabilo.com\/radio\/author\/radio\/#author","url":"https:\/\/elcabilo.com\/radio\/author\/radio\/","name":"radio","image":{"@type":"ImageObject","@id":"https:\/\/elcabilo.com\/radio\/2014\/06\/03\/la-ciencia-de-cada-dia-9-lastronomia\/#authorImage","url":"https:\/\/secure.gravatar.com\/avatar\/bb687b465db46b8e9255d0921cc346091032a91fe77f93721088d5decb8a2d1a?s=96&d=mm&r=g","width":96,"height":96,"caption":"radio"}},{"@type":"WebPage","@id":"https:\/\/elcabilo.com\/radio\/2014\/06\/03\/la-ciencia-de-cada-dia-9-lastronomia\/#webpage","url":"https:\/\/elcabilo.com\/radio\/2014\/06\/03\/la-ciencia-de-cada-dia-9-lastronomia\/","name":"La ci\u00e8ncia de cada dia: 9. L\u2019Astronomia - Cabil\u00f3R\u00e0dio","description":"Esta setmana el tema central del programa \u00e9s l'Astronomia, aix\u00ed, amb maj\u00fascules. I per parlar-ne tenim un convidat de luxe, Bernat Mart\u00ednez, gran coneixedor del tema i amb el qual fem un rep\u00e0s de tota la hist\u00f2ria de l'Astronomia i de l'evoluci\u00f3 del pensament al voltant de la nostra posici\u00f3 dins de l'univers. A m\u00e9s,","inLanguage":"ca","isPartOf":{"@id":"https:\/\/elcabilo.com\/radio\/#website"},"breadcrumb":{"@id":"https:\/\/elcabilo.com\/radio\/2014\/06\/03\/la-ciencia-de-cada-dia-9-lastronomia\/#breadcrumblist"},"author":{"@id":"https:\/\/elcabilo.com\/radio\/author\/radio\/#author"},"creator":{"@id":"https:\/\/elcabilo.com\/radio\/author\/radio\/#author"},"image":{"@type":"ImageObject","url":"https:\/\/elcabilo.com\/radio\/files\/2014\/06\/astronomia.jpg","@id":"https:\/\/elcabilo.com\/radio\/2014\/06\/03\/la-ciencia-de-cada-dia-9-lastronomia\/#mainImage","width":1194,"height":399},"primaryImageOfPage":{"@id":"https:\/\/elcabilo.com\/radio\/2014\/06\/03\/la-ciencia-de-cada-dia-9-lastronomia\/#mainImage"},"datePublished":"2014-06-03T00:00:38+02:00","dateModified":"2014-06-02T22:58:47+02:00"},{"@type":"WebSite","@id":"https:\/\/elcabilo.com\/radio\/#website","url":"https:\/\/elcabilo.com\/radio\/","name":"Cabil\u00f3 R\u00e0dio","description":"La r\u00e0dio online de Sella","inLanguage":"ca","publisher":{"@id":"https:\/\/elcabilo.com\/radio\/#organization"}}]},"og:locale":"ca_ES","og:site_name":"Cabil\u00f3R\u00e0dio - La r\u00e0dio online de Sella","og:type":"article","og:title":"La ci\u00e8ncia de cada dia: 9. L\u2019Astronomia - Cabil\u00f3R\u00e0dio","og:description":"Esta setmana el tema central del programa \u00e9s l'Astronomia, aix\u00ed, amb maj\u00fascules. I per parlar-ne tenim un convidat de luxe, Bernat Mart\u00ednez, gran coneixedor del tema i amb el qual fem un rep\u00e0s de tota la hist\u00f2ria de l'Astronomia i de l'evoluci\u00f3 del pensament al voltant de la nostra posici\u00f3 dins de l'univers. A m\u00e9s,","og:url":"https:\/\/elcabilo.com\/radio\/2014\/06\/03\/la-ciencia-de-cada-dia-9-lastronomia\/","og:image":"https:\/\/elcabilo.com\/radio\/files\/2023\/01\/cropped-logo_radio-1.gif","og:image:secure_url":"https:\/\/elcabilo.com\/radio\/files\/2023\/01\/cropped-logo_radio-1.gif","article:published_time":"2014-06-02T22:00:38+00:00","article:modified_time":"2014-06-02T20:58:47+00:00","twitter:card":"summary_large_image","twitter:title":"La ci\u00e8ncia de cada dia: 9. L\u2019Astronomia - Cabil\u00f3R\u00e0dio","twitter:description":"Esta setmana el tema central del programa \u00e9s l'Astronomia, aix\u00ed, amb maj\u00fascules. I per parlar-ne tenim un convidat de luxe, Bernat Mart\u00ednez, gran coneixedor del tema i amb el qual fem un rep\u00e0s de tota la hist\u00f2ria de l'Astronomia i de l'evoluci\u00f3 del pensament al voltant de la nostra posici\u00f3 dins de l'univers. A m\u00e9s,","twitter:image":"https:\/\/elcabilo.com\/radio\/files\/2023\/01\/cropped-logo_radio-1.gif"},"aioseo_meta_data":{"post_id":"1419","title":null,"description":null,"keywords":null,"keyphrases":null,"primary_term":null,"canonical_url":null,"og_title":null,"og_description":null,"og_object_type":"default","og_image_type":"default","og_image_url":null,"og_image_width":null,"og_image_height":null,"og_image_custom_url":null,"og_image_custom_fields":null,"og_video":null,"og_custom_url":null,"og_article_section":null,"og_article_tags":null,"twitter_use_og":false,"twitter_card":"default","twitter_image_type":"default","twitter_image_url":null,"twitter_image_custom_url":null,"twitter_image_custom_fields":null,"twitter_title":null,"twitter_description":null,"schema":{"blockGraphs":[],"customGraphs":[],"default":{"data":{"Article":[],"Course":[],"Dataset":[],"FAQPage":[],"Movie":[],"Person":[],"Product":[],"ProductReview":[],"Car":[],"Recipe":[],"Service":[],"SoftwareApplication":[],"WebPage":[]},"graphName":"","isEnabled":true},"graphs":[]},"schema_type":"default","schema_type_options":null,"pillar_content":false,"robots_default":true,"robots_noindex":false,"robots_noarchive":false,"robots_nosnippet":false,"robots_nofollow":false,"robots_noimageindex":false,"robots_noodp":false,"robots_notranslate":false,"robots_max_snippet":null,"robots_max_videopreview":null,"robots_max_imagepreview":"large","priority":null,"frequency":null,"local_seo":null,"breadcrumb_settings":null,"limit_modified_date":false,"ai":null,"created":"2023-01-27 22:17:38","updated":"2025-06-08 19:26:33","seo_analyzer_scan_date":null,"focus_keyword":null,"additional_keywords":null,"truseo_locale":null},"aioseo_breadcrumb":"<div class=\"aioseo-breadcrumbs\"><span class=\"aioseo-breadcrumb\">\n\t\t\t<a href=\"https:\/\/elcabilo.com\/radio\" title=\"Home\">Home<\/a>\n\t\t<\/span><span class=\"aioseo-breadcrumb-separator\">&raquo;<\/span><span class=\"aioseo-breadcrumb\">\n\t\t\t<a href=\"https:\/\/elcabilo.com\/radio\/category\/programes\/\" title=\"Programes\">Programes<\/a>\n\t\t<\/span><span class=\"aioseo-breadcrumb-separator\">&raquo;<\/span><span class=\"aioseo-breadcrumb\">\n\t\t\t<a href=\"https:\/\/elcabilo.com\/radio\/category\/programes\/ciencia\/\" title=\"La ci\u00e8ncia de cada dia\">La ci\u00e8ncia de cada dia<\/a>\n\t\t<\/span><span class=\"aioseo-breadcrumb-separator\">&raquo;<\/span><span class=\"aioseo-breadcrumb\">\n\t\t\tLa ci\u00e8ncia de cada dia: 9. L\u2019Astronomia\n\t\t<\/span><\/div>","aioseo_breadcrumb_json":[{"label":"Home","link":"https:\/\/elcabilo.com\/radio"},{"label":"Programes","link":"https:\/\/elcabilo.com\/radio\/category\/programes\/"},{"label":"La ci\u00e8ncia de cada dia","link":"https:\/\/elcabilo.com\/radio\/category\/programes\/ciencia\/"},{"label":"La ci\u00e8ncia de cada dia: 9. L&#8217;Astronomia","link":"https:\/\/elcabilo.com\/radio\/2014\/06\/03\/la-ciencia-de-cada-dia-9-lastronomia\/"}],"_links":{"self":[{"href":"https:\/\/elcabilo.com\/radio\/wp-json\/wp\/v2\/posts\/1419","targetHints":{"allow":["GET"]}}],"collection":[{"href":"https:\/\/elcabilo.com\/radio\/wp-json\/wp\/v2\/posts"}],"about":[{"href":"https:\/\/elcabilo.com\/radio\/wp-json\/wp\/v2\/types\/post"}],"author":[{"embeddable":true,"href":"https:\/\/elcabilo.com\/radio\/wp-json\/wp\/v2\/users\/272"}],"replies":[{"embeddable":true,"href":"https:\/\/elcabilo.com\/radio\/wp-json\/wp\/v2\/comments?post=1419"}],"version-history":[{"count":0,"href":"https:\/\/elcabilo.com\/radio\/wp-json\/wp\/v2\/posts\/1419\/revisions"}],"wp:featuredmedia":[{"embeddable":true,"href":"https:\/\/elcabilo.com\/radio\/wp-json\/wp\/v2\/media\/1423"}],"wp:attachment":[{"href":"https:\/\/elcabilo.com\/radio\/wp-json\/wp\/v2\/media?parent=1419"}],"wp:term":[{"taxonomy":"category","embeddable":true,"href":"https:\/\/elcabilo.com\/radio\/wp-json\/wp\/v2\/categories?post=1419"},{"taxonomy":"post_tag","embeddable":true,"href":"https:\/\/elcabilo.com\/radio\/wp-json\/wp\/v2\/tags?post=1419"}],"curies":[{"name":"wp","href":"https:\/\/api.w.org\/{rel}","templated":true}]}}