{"id":1435,"date":"2014-06-15T23:00:57","date_gmt":"2014-06-15T21:00:57","guid":{"rendered":"http:\/\/elcabilo.com\/radio\/?p=1435"},"modified":"2014-06-15T23:15:58","modified_gmt":"2014-06-15T21:15:58","slug":"cabilonets-al-grupo-programa-10","status":"publish","type":"post","link":"https:\/\/elcabilo.com\/radio\/2014\/06\/15\/cabilonets-al-grupo-programa-10\/","title":{"rendered":"Cabilonets al grupo: programa 10"},"content":{"rendered":"<p style=\"text-align: justify;\">Els xiquets de l\u2019escola de Sella ens conten on han anat de viatge de fi de curs i com ho han passat. A m\u00e9s, tamb\u00e9 ens parlaran de la trobada d\u2019escoles en valenci\u00e0 a Orxeta i totes les activitats que hi va haver.<\/p>\n<p style=\"text-align: center;\"><a id=\"mbmaplayer_1397410484608\" class=\"mb_map {skin:'blue', animate:true, width:'200', volume:0.6, autoplay:false, loop:false, showVolumeLevel:true, showTime:true, showRew:true, downloadable:true, downloadablesecurity:false, id3: false}\" href=\"https:\/\/archive.org\/download\/cabilonets_juny2014\/cabilonets_juny14.mp3\">Cabilonets &#8211; Juny 2014<\/a><\/p>\n","protected":false},"excerpt":{"rendered":"<p>Els xiquets de l\u2019escola de Sella ens conten on han anat de viatge de fi de curs i com ho han passat. A m\u00e9s, tamb\u00e9 ens parlaran de la trobada d\u2019escoles en valenci\u00e0 a Orxeta i totes les activitats que hi va haver. Cabilonets &#8211; Juny 2014<\/p>\n","protected":false},"author":272,"featured_media":370,"comment_status":"open","ping_status":"open","sticky":false,"template":"","format":"standard","meta":{"_exactmetrics_skip_tracking":false,"footnotes":""},"categories":[12],"tags":[],"class_list":["post-1435","post","type-post","status-publish","format-standard","has-post-thumbnail","hentry","category-cabilonets-al-grupo"],"aioseo_notices":[],"aioseo_head":"\n\t\t<!-- All in One SEO 5.0.1 - aioseo.com -->\n\t<meta name=\"description\" content=\"Els xiquets de l\u2019escola de Sella ens conten on han anat de viatge de fi de curs i com ho han passat. A m\u00e9s, tamb\u00e9 ens parlaran de la trobada d\u2019escoles en valenci\u00e0 a Orxeta i totes les activitats que hi va haver. Cabilonets - Juny 2014\" \/>\n\t<meta name=\"robots\" content=\"max-image-preview:large\" \/>\n\t<meta name=\"author\" content=\"radio\"\/>\n\t<link rel=\"canonical\" href=\"https:\/\/elcabilo.com\/radio\/2014\/06\/15\/cabilonets-al-grupo-programa-10\/\" \/>\n\t<meta name=\"generator\" content=\"All in One SEO (AIOSEO) 5.0.1\" \/>\n\t\t<meta property=\"og:locale\" content=\"ca_ES\" \/>\n\t\t<meta property=\"og:site_name\" content=\"Cabil\u00f3R\u00e0dio - La r\u00e0dio online de Sella\" \/>\n\t\t<meta property=\"og:type\" content=\"article\" \/>\n\t\t<meta property=\"og:title\" content=\"Cabilonets al grupo: programa 10 - Cabil\u00f3R\u00e0dio\" \/>\n\t\t<meta property=\"og:description\" content=\"Els xiquets de l\u2019escola de Sella ens conten on han anat de viatge de fi de curs i com ho han passat. A m\u00e9s, tamb\u00e9 ens parlaran de la trobada d\u2019escoles en valenci\u00e0 a Orxeta i totes les activitats que hi va haver. Cabilonets - Juny 2014\" \/>\n\t\t<meta property=\"og:url\" content=\"https:\/\/elcabilo.com\/radio\/2014\/06\/15\/cabilonets-al-grupo-programa-10\/\" \/>\n\t\t<meta property=\"og:image\" content=\"https:\/\/elcabilo.com\/radio\/files\/2023\/01\/cropped-logo_radio-1.gif\" \/>\n\t\t<meta property=\"og:image:secure_url\" content=\"https:\/\/elcabilo.com\/radio\/files\/2023\/01\/cropped-logo_radio-1.gif\" \/>\n\t\t<meta property=\"article:published_time\" content=\"2014-06-15T21:00:57+00:00\" \/>\n\t\t<meta property=\"article:modified_time\" content=\"2014-06-15T21:15:58+00:00\" \/>\n\t\t<meta name=\"twitter:card\" content=\"summary_large_image\" \/>\n\t\t<meta name=\"twitter:title\" content=\"Cabilonets al grupo: programa 10 - Cabil\u00f3R\u00e0dio\" \/>\n\t\t<meta name=\"twitter:description\" content=\"Els xiquets de l\u2019escola de Sella ens conten on han anat de viatge de fi de curs i com ho han passat. A m\u00e9s, tamb\u00e9 ens parlaran de la trobada d\u2019escoles en valenci\u00e0 a Orxeta i totes les activitats que hi va haver. Cabilonets - Juny 2014\" \/>\n\t\t<meta name=\"twitter:image\" content=\"https:\/\/elcabilo.com\/radio\/files\/2023\/01\/cropped-logo_radio-1.gif\" \/>\n\t\t<script type=\"application\/ld+json\" class=\"aioseo-schema\">\n\t\t\t{\"@context\":\"https:\\\/\\\/schema.org\",\"@graph\":[{\"@type\":\"BlogPosting\",\"@id\":\"https:\\\/\\\/elcabilo.com\\\/radio\\\/2014\\\/06\\\/15\\\/cabilonets-al-grupo-programa-10\\\/#blogposting\",\"name\":\"Cabilonets al grupo: programa 10 - Cabil\\u00f3R\\u00e0dio\",\"headline\":\"Cabilonets al grupo: programa 10\",\"author\":{\"@id\":\"https:\\\/\\\/elcabilo.com\\\/radio\\\/author\\\/radio\\\/#author\"},\"publisher\":{\"@id\":\"https:\\\/\\\/elcabilo.com\\\/radio\\\/#organization\"},\"image\":{\"@type\":\"ImageObject\",\"url\":\"https:\\\/\\\/elcabilo.com\\\/radio\\\/files\\\/2013\\\/01\\\/cabilonets_g2.jpg\",\"width\":900,\"height\":250},\"datePublished\":\"2014-06-15T23:00:57+02:00\",\"dateModified\":\"2014-06-15T23:15:58+02:00\",\"inLanguage\":\"ca\",\"commentCount\":7,\"mainEntityOfPage\":{\"@id\":\"https:\\\/\\\/elcabilo.com\\\/radio\\\/2014\\\/06\\\/15\\\/cabilonets-al-grupo-programa-10\\\/#webpage\"},\"isPartOf\":{\"@id\":\"https:\\\/\\\/elcabilo.com\\\/radio\\\/2014\\\/06\\\/15\\\/cabilonets-al-grupo-programa-10\\\/#webpage\"},\"articleSection\":\"Cabilonets al grupo\"},{\"@type\":\"BreadcrumbList\",\"@id\":\"https:\\\/\\\/elcabilo.com\\\/radio\\\/2014\\\/06\\\/15\\\/cabilonets-al-grupo-programa-10\\\/#breadcrumblist\",\"itemListElement\":[{\"@type\":\"ListItem\",\"@id\":\"https:\\\/\\\/elcabilo.com\\\/radio#listItem\",\"position\":1,\"name\":\"Home\",\"item\":\"https:\\\/\\\/elcabilo.com\\\/radio\",\"nextItem\":{\"@type\":\"ListItem\",\"@id\":\"https:\\\/\\\/elcabilo.com\\\/radio\\\/category\\\/programes\\\/#listItem\",\"name\":\"Programes\"}},{\"@type\":\"ListItem\",\"@id\":\"https:\\\/\\\/elcabilo.com\\\/radio\\\/category\\\/programes\\\/#listItem\",\"position\":2,\"name\":\"Programes\",\"item\":\"https:\\\/\\\/elcabilo.com\\\/radio\\\/category\\\/programes\\\/\",\"nextItem\":{\"@type\":\"ListItem\",\"@id\":\"https:\\\/\\\/elcabilo.com\\\/radio\\\/category\\\/programes\\\/cabilonets-al-grupo\\\/#listItem\",\"name\":\"Cabilonets al grupo\"},\"previousItem\":{\"@type\":\"ListItem\",\"@id\":\"https:\\\/\\\/elcabilo.com\\\/radio#listItem\",\"name\":\"Home\"}},{\"@type\":\"ListItem\",\"@id\":\"https:\\\/\\\/elcabilo.com\\\/radio\\\/category\\\/programes\\\/cabilonets-al-grupo\\\/#listItem\",\"position\":3,\"name\":\"Cabilonets al grupo\",\"item\":\"https:\\\/\\\/elcabilo.com\\\/radio\\\/category\\\/programes\\\/cabilonets-al-grupo\\\/\",\"nextItem\":{\"@type\":\"ListItem\",\"@id\":\"https:\\\/\\\/elcabilo.com\\\/radio\\\/2014\\\/06\\\/15\\\/cabilonets-al-grupo-programa-10\\\/#listItem\",\"name\":\"Cabilonets al grupo: programa 10\"},\"previousItem\":{\"@type\":\"ListItem\",\"@id\":\"https:\\\/\\\/elcabilo.com\\\/radio\\\/category\\\/programes\\\/#listItem\",\"name\":\"Programes\"}},{\"@type\":\"ListItem\",\"@id\":\"https:\\\/\\\/elcabilo.com\\\/radio\\\/2014\\\/06\\\/15\\\/cabilonets-al-grupo-programa-10\\\/#listItem\",\"position\":4,\"name\":\"Cabilonets al grupo: programa 10\",\"previousItem\":{\"@type\":\"ListItem\",\"@id\":\"https:\\\/\\\/elcabilo.com\\\/radio\\\/category\\\/programes\\\/cabilonets-al-grupo\\\/#listItem\",\"name\":\"Cabilonets al grupo\"}}]},{\"@type\":\"Organization\",\"@id\":\"https:\\\/\\\/elcabilo.com\\\/radio\\\/#organization\",\"name\":\"Cabil\\u00f3 R\\u00e0dio\",\"description\":\"La r\\u00e0dio online de Sella\",\"url\":\"https:\\\/\\\/elcabilo.com\\\/radio\\\/\",\"logo\":{\"@type\":\"ImageObject\",\"url\":\"https:\\\/\\\/elcabilo.com\\\/radio\\\/files\\\/2023\\\/01\\\/cropped-logo_radio-1.gif\",\"@id\":\"https:\\\/\\\/elcabilo.com\\\/radio\\\/2014\\\/06\\\/15\\\/cabilonets-al-grupo-programa-10\\\/#organizationLogo\",\"width\":250,\"height\":50},\"image\":{\"@id\":\"https:\\\/\\\/elcabilo.com\\\/radio\\\/2014\\\/06\\\/15\\\/cabilonets-al-grupo-programa-10\\\/#organizationLogo\"}},{\"@type\":\"Person\",\"@id\":\"https:\\\/\\\/elcabilo.com\\\/radio\\\/author\\\/radio\\\/#author\",\"url\":\"https:\\\/\\\/elcabilo.com\\\/radio\\\/author\\\/radio\\\/\",\"name\":\"radio\",\"image\":{\"@type\":\"ImageObject\",\"@id\":\"https:\\\/\\\/elcabilo.com\\\/radio\\\/2014\\\/06\\\/15\\\/cabilonets-al-grupo-programa-10\\\/#authorImage\",\"url\":\"https:\\\/\\\/secure.gravatar.com\\\/avatar\\\/bb687b465db46b8e9255d0921cc346091032a91fe77f93721088d5decb8a2d1a?s=96&d=mm&r=g\",\"width\":96,\"height\":96,\"caption\":\"radio\"}},{\"@type\":\"WebPage\",\"@id\":\"https:\\\/\\\/elcabilo.com\\\/radio\\\/2014\\\/06\\\/15\\\/cabilonets-al-grupo-programa-10\\\/#webpage\",\"url\":\"https:\\\/\\\/elcabilo.com\\\/radio\\\/2014\\\/06\\\/15\\\/cabilonets-al-grupo-programa-10\\\/\",\"name\":\"Cabilonets al grupo: programa 10 - Cabil\\u00f3R\\u00e0dio\",\"description\":\"Els xiquets de l\\u2019escola de Sella ens conten on han anat de viatge de fi de curs i com ho han passat. A m\\u00e9s, tamb\\u00e9 ens parlaran de la trobada d\\u2019escoles en valenci\\u00e0 a Orxeta i totes les activitats que hi va haver. Cabilonets - Juny 2014\",\"inLanguage\":\"ca\",\"isPartOf\":{\"@id\":\"https:\\\/\\\/elcabilo.com\\\/radio\\\/#website\"},\"breadcrumb\":{\"@id\":\"https:\\\/\\\/elcabilo.com\\\/radio\\\/2014\\\/06\\\/15\\\/cabilonets-al-grupo-programa-10\\\/#breadcrumblist\"},\"author\":{\"@id\":\"https:\\\/\\\/elcabilo.com\\\/radio\\\/author\\\/radio\\\/#author\"},\"creator\":{\"@id\":\"https:\\\/\\\/elcabilo.com\\\/radio\\\/author\\\/radio\\\/#author\"},\"image\":{\"@type\":\"ImageObject\",\"url\":\"https:\\\/\\\/elcabilo.com\\\/radio\\\/files\\\/2013\\\/01\\\/cabilonets_g2.jpg\",\"@id\":\"https:\\\/\\\/elcabilo.com\\\/radio\\\/2014\\\/06\\\/15\\\/cabilonets-al-grupo-programa-10\\\/#mainImage\",\"width\":900,\"height\":250},\"primaryImageOfPage\":{\"@id\":\"https:\\\/\\\/elcabilo.com\\\/radio\\\/2014\\\/06\\\/15\\\/cabilonets-al-grupo-programa-10\\\/#mainImage\"},\"datePublished\":\"2014-06-15T23:00:57+02:00\",\"dateModified\":\"2014-06-15T23:15:58+02:00\"},{\"@type\":\"WebSite\",\"@id\":\"https:\\\/\\\/elcabilo.com\\\/radio\\\/#website\",\"url\":\"https:\\\/\\\/elcabilo.com\\\/radio\\\/\",\"name\":\"Cabil\\u00f3 R\\u00e0dio\",\"description\":\"La r\\u00e0dio online de Sella\",\"inLanguage\":\"ca\",\"publisher\":{\"@id\":\"https:\\\/\\\/elcabilo.com\\\/radio\\\/#organization\"}}]}\n\t\t<\/script>\n\t\t<!-- All in One SEO -->\n\n","aioseo_head_json":{"title":"Cabilonets al grupo: programa 10 - Cabil\u00f3R\u00e0dio","description":"Els xiquets de l\u2019escola de Sella ens conten on han anat de viatge de fi de curs i com ho han passat. A m\u00e9s, tamb\u00e9 ens parlaran de la trobada d\u2019escoles en valenci\u00e0 a Orxeta i totes les activitats que hi va haver. Cabilonets - Juny 2014","canonical_url":"https:\/\/elcabilo.com\/radio\/2014\/06\/15\/cabilonets-al-grupo-programa-10\/","robots":"max-image-preview:large","keywords":"","webmasterTools":{"miscellaneous":""},"schema":{"@context":"https:\/\/schema.org","@graph":[{"@type":"BlogPosting","@id":"https:\/\/elcabilo.com\/radio\/2014\/06\/15\/cabilonets-al-grupo-programa-10\/#blogposting","name":"Cabilonets al grupo: programa 10 - Cabil\u00f3R\u00e0dio","headline":"Cabilonets al grupo: programa 10","author":{"@id":"https:\/\/elcabilo.com\/radio\/author\/radio\/#author"},"publisher":{"@id":"https:\/\/elcabilo.com\/radio\/#organization"},"image":{"@type":"ImageObject","url":"https:\/\/elcabilo.com\/radio\/files\/2013\/01\/cabilonets_g2.jpg","width":900,"height":250},"datePublished":"2014-06-15T23:00:57+02:00","dateModified":"2014-06-15T23:15:58+02:00","inLanguage":"ca","commentCount":7,"mainEntityOfPage":{"@id":"https:\/\/elcabilo.com\/radio\/2014\/06\/15\/cabilonets-al-grupo-programa-10\/#webpage"},"isPartOf":{"@id":"https:\/\/elcabilo.com\/radio\/2014\/06\/15\/cabilonets-al-grupo-programa-10\/#webpage"},"articleSection":"Cabilonets al grupo"},{"@type":"BreadcrumbList","@id":"https:\/\/elcabilo.com\/radio\/2014\/06\/15\/cabilonets-al-grupo-programa-10\/#breadcrumblist","itemListElement":[{"@type":"ListItem","@id":"https:\/\/elcabilo.com\/radio#listItem","position":1,"name":"Home","item":"https:\/\/elcabilo.com\/radio","nextItem":{"@type":"ListItem","@id":"https:\/\/elcabilo.com\/radio\/category\/programes\/#listItem","name":"Programes"}},{"@type":"ListItem","@id":"https:\/\/elcabilo.com\/radio\/category\/programes\/#listItem","position":2,"name":"Programes","item":"https:\/\/elcabilo.com\/radio\/category\/programes\/","nextItem":{"@type":"ListItem","@id":"https:\/\/elcabilo.com\/radio\/category\/programes\/cabilonets-al-grupo\/#listItem","name":"Cabilonets al grupo"},"previousItem":{"@type":"ListItem","@id":"https:\/\/elcabilo.com\/radio#listItem","name":"Home"}},{"@type":"ListItem","@id":"https:\/\/elcabilo.com\/radio\/category\/programes\/cabilonets-al-grupo\/#listItem","position":3,"name":"Cabilonets al grupo","item":"https:\/\/elcabilo.com\/radio\/category\/programes\/cabilonets-al-grupo\/","nextItem":{"@type":"ListItem","@id":"https:\/\/elcabilo.com\/radio\/2014\/06\/15\/cabilonets-al-grupo-programa-10\/#listItem","name":"Cabilonets al grupo: programa 10"},"previousItem":{"@type":"ListItem","@id":"https:\/\/elcabilo.com\/radio\/category\/programes\/#listItem","name":"Programes"}},{"@type":"ListItem","@id":"https:\/\/elcabilo.com\/radio\/2014\/06\/15\/cabilonets-al-grupo-programa-10\/#listItem","position":4,"name":"Cabilonets al grupo: programa 10","previousItem":{"@type":"ListItem","@id":"https:\/\/elcabilo.com\/radio\/category\/programes\/cabilonets-al-grupo\/#listItem","name":"Cabilonets al grupo"}}]},{"@type":"Organization","@id":"https:\/\/elcabilo.com\/radio\/#organization","name":"Cabil\u00f3 R\u00e0dio","description":"La r\u00e0dio online de Sella","url":"https:\/\/elcabilo.com\/radio\/","logo":{"@type":"ImageObject","url":"https:\/\/elcabilo.com\/radio\/files\/2023\/01\/cropped-logo_radio-1.gif","@id":"https:\/\/elcabilo.com\/radio\/2014\/06\/15\/cabilonets-al-grupo-programa-10\/#organizationLogo","width":250,"height":50},"image":{"@id":"https:\/\/elcabilo.com\/radio\/2014\/06\/15\/cabilonets-al-grupo-programa-10\/#organizationLogo"}},{"@type":"Person","@id":"https:\/\/elcabilo.com\/radio\/author\/radio\/#author","url":"https:\/\/elcabilo.com\/radio\/author\/radio\/","name":"radio","image":{"@type":"ImageObject","@id":"https:\/\/elcabilo.com\/radio\/2014\/06\/15\/cabilonets-al-grupo-programa-10\/#authorImage","url":"https:\/\/secure.gravatar.com\/avatar\/bb687b465db46b8e9255d0921cc346091032a91fe77f93721088d5decb8a2d1a?s=96&d=mm&r=g","width":96,"height":96,"caption":"radio"}},{"@type":"WebPage","@id":"https:\/\/elcabilo.com\/radio\/2014\/06\/15\/cabilonets-al-grupo-programa-10\/#webpage","url":"https:\/\/elcabilo.com\/radio\/2014\/06\/15\/cabilonets-al-grupo-programa-10\/","name":"Cabilonets al grupo: programa 10 - Cabil\u00f3R\u00e0dio","description":"Els xiquets de l\u2019escola de Sella ens conten on han anat de viatge de fi de curs i com ho han passat. A m\u00e9s, tamb\u00e9 ens parlaran de la trobada d\u2019escoles en valenci\u00e0 a Orxeta i totes les activitats que hi va haver. Cabilonets - Juny 2014","inLanguage":"ca","isPartOf":{"@id":"https:\/\/elcabilo.com\/radio\/#website"},"breadcrumb":{"@id":"https:\/\/elcabilo.com\/radio\/2014\/06\/15\/cabilonets-al-grupo-programa-10\/#breadcrumblist"},"author":{"@id":"https:\/\/elcabilo.com\/radio\/author\/radio\/#author"},"creator":{"@id":"https:\/\/elcabilo.com\/radio\/author\/radio\/#author"},"image":{"@type":"ImageObject","url":"https:\/\/elcabilo.com\/radio\/files\/2013\/01\/cabilonets_g2.jpg","@id":"https:\/\/elcabilo.com\/radio\/2014\/06\/15\/cabilonets-al-grupo-programa-10\/#mainImage","width":900,"height":250},"primaryImageOfPage":{"@id":"https:\/\/elcabilo.com\/radio\/2014\/06\/15\/cabilonets-al-grupo-programa-10\/#mainImage"},"datePublished":"2014-06-15T23:00:57+02:00","dateModified":"2014-06-15T23:15:58+02:00"},{"@type":"WebSite","@id":"https:\/\/elcabilo.com\/radio\/#website","url":"https:\/\/elcabilo.com\/radio\/","name":"Cabil\u00f3 R\u00e0dio","description":"La r\u00e0dio online de Sella","inLanguage":"ca","publisher":{"@id":"https:\/\/elcabilo.com\/radio\/#organization"}}]},"og:locale":"ca_ES","og:site_name":"Cabil\u00f3R\u00e0dio - La r\u00e0dio online de Sella","og:type":"article","og:title":"Cabilonets al grupo: programa 10 - Cabil\u00f3R\u00e0dio","og:description":"Els xiquets de l\u2019escola de Sella ens conten on han anat de viatge de fi de curs i com ho han passat. A m\u00e9s, tamb\u00e9 ens parlaran de la trobada d\u2019escoles en valenci\u00e0 a Orxeta i totes les activitats que hi va haver. Cabilonets - Juny 2014","og:url":"https:\/\/elcabilo.com\/radio\/2014\/06\/15\/cabilonets-al-grupo-programa-10\/","og:image":"https:\/\/elcabilo.com\/radio\/files\/2023\/01\/cropped-logo_radio-1.gif","og:image:secure_url":"https:\/\/elcabilo.com\/radio\/files\/2023\/01\/cropped-logo_radio-1.gif","article:published_time":"2014-06-15T21:00:57+00:00","article:modified_time":"2014-06-15T21:15:58+00:00","twitter:card":"summary_large_image","twitter:title":"Cabilonets al grupo: programa 10 - Cabil\u00f3R\u00e0dio","twitter:description":"Els xiquets de l\u2019escola de Sella ens conten on han anat de viatge de fi de curs i com ho han passat. A m\u00e9s, tamb\u00e9 ens parlaran de la trobada d\u2019escoles en valenci\u00e0 a Orxeta i totes les activitats que hi va haver. Cabilonets - Juny 2014","twitter:image":"https:\/\/elcabilo.com\/radio\/files\/2023\/01\/cropped-logo_radio-1.gif"},"aioseo_meta_data":{"post_id":"1435","title":null,"description":null,"keywords":null,"keyphrases":null,"primary_term":null,"canonical_url":null,"og_title":null,"og_description":null,"og_object_type":"default","og_image_type":"default","og_image_url":null,"og_image_width":null,"og_image_height":null,"og_image_custom_url":null,"og_image_custom_fields":null,"og_video":null,"og_custom_url":null,"og_article_section":null,"og_article_tags":null,"twitter_use_og":false,"twitter_card":"default","twitter_image_type":"default","twitter_image_url":null,"twitter_image_custom_url":null,"twitter_image_custom_fields":null,"twitter_title":null,"twitter_description":null,"schema":{"blockGraphs":[],"customGraphs":[],"default":{"data":{"Article":[],"Course":[],"Dataset":[],"FAQPage":[],"Movie":[],"Person":[],"Product":[],"ProductReview":[],"Car":[],"Recipe":[],"Service":[],"SoftwareApplication":[],"WebPage":[]},"graphName":"","isEnabled":true},"graphs":[]},"schema_type":"default","schema_type_options":null,"pillar_content":false,"robots_default":true,"robots_noindex":false,"robots_noarchive":false,"robots_nosnippet":false,"robots_nofollow":false,"robots_noimageindex":false,"robots_noodp":false,"robots_notranslate":false,"robots_max_snippet":null,"robots_max_videopreview":null,"robots_max_imagepreview":"large","priority":null,"frequency":null,"local_seo":null,"breadcrumb_settings":null,"limit_modified_date":false,"ai":null,"created":"2023-01-27 22:18:46","updated":"2025-06-08 19:31:31","seo_analyzer_scan_date":null,"focus_keyword":null,"additional_keywords":null,"truseo_locale":null},"aioseo_breadcrumb":"<div class=\"aioseo-breadcrumbs\"><span class=\"aioseo-breadcrumb\">\n\t\t\t<a href=\"https:\/\/elcabilo.com\/radio\" title=\"Home\">Home<\/a>\n\t\t<\/span><span class=\"aioseo-breadcrumb-separator\">&raquo;<\/span><span class=\"aioseo-breadcrumb\">\n\t\t\t<a href=\"https:\/\/elcabilo.com\/radio\/category\/programes\/\" title=\"Programes\">Programes<\/a>\n\t\t<\/span><span class=\"aioseo-breadcrumb-separator\">&raquo;<\/span><span class=\"aioseo-breadcrumb\">\n\t\t\t<a href=\"https:\/\/elcabilo.com\/radio\/category\/programes\/cabilonets-al-grupo\/\" title=\"Cabilonets al grupo\">Cabilonets al grupo<\/a>\n\t\t<\/span><span class=\"aioseo-breadcrumb-separator\">&raquo;<\/span><span class=\"aioseo-breadcrumb\">\n\t\t\tCabilonets al grupo: programa 10\n\t\t<\/span><\/div>","aioseo_breadcrumb_json":[{"label":"Home","link":"https:\/\/elcabilo.com\/radio"},{"label":"Programes","link":"https:\/\/elcabilo.com\/radio\/category\/programes\/"},{"label":"Cabilonets al grupo","link":"https:\/\/elcabilo.com\/radio\/category\/programes\/cabilonets-al-grupo\/"},{"label":"Cabilonets al grupo: programa 10","link":"https:\/\/elcabilo.com\/radio\/2014\/06\/15\/cabilonets-al-grupo-programa-10\/"}],"_links":{"self":[{"href":"https:\/\/elcabilo.com\/radio\/wp-json\/wp\/v2\/posts\/1435","targetHints":{"allow":["GET"]}}],"collection":[{"href":"https:\/\/elcabilo.com\/radio\/wp-json\/wp\/v2\/posts"}],"about":[{"href":"https:\/\/elcabilo.com\/radio\/wp-json\/wp\/v2\/types\/post"}],"author":[{"embeddable":true,"href":"https:\/\/elcabilo.com\/radio\/wp-json\/wp\/v2\/users\/272"}],"replies":[{"embeddable":true,"href":"https:\/\/elcabilo.com\/radio\/wp-json\/wp\/v2\/comments?post=1435"}],"version-history":[{"count":0,"href":"https:\/\/elcabilo.com\/radio\/wp-json\/wp\/v2\/posts\/1435\/revisions"}],"wp:featuredmedia":[{"embeddable":true,"href":"https:\/\/elcabilo.com\/radio\/wp-json\/wp\/v2\/media\/370"}],"wp:attachment":[{"href":"https:\/\/elcabilo.com\/radio\/wp-json\/wp\/v2\/media?parent=1435"}],"wp:term":[{"taxonomy":"category","embeddable":true,"href":"https:\/\/elcabilo.com\/radio\/wp-json\/wp\/v2\/categories?post=1435"},{"taxonomy":"post_tag","embeddable":true,"href":"https:\/\/elcabilo.com\/radio\/wp-json\/wp\/v2\/tags?post=1435"}],"curies":[{"name":"wp","href":"https:\/\/api.w.org\/{rel}","templated":true}]}}