{"id":1448,"date":"2014-06-23T00:00:01","date_gmt":"2014-06-22T22:00:01","guid":{"rendered":"http:\/\/elcabilo.com\/radio\/?p=1448"},"modified":"2014-06-22T23:46:28","modified_gmt":"2014-06-22T21:46:28","slug":"la-coveta-del-somnis-juny-2014","status":"publish","type":"post","link":"https:\/\/elcabilo.com\/radio\/2014\/06\/23\/la-coveta-del-somnis-juny-2014\/","title":{"rendered":"La coveta del somnis: juny 2014"},"content":{"rendered":"<p style=\"text-align: justify;\">En juny David i \u00c0ngela ens parlen de la participaci\u00f3 de Sella a la trobada d&#8217;escoles en valenci\u00e0 d&#8217;Orxeta, del concert de Sant Gatxo i Mugroman a Alacant, del concert de la Rondalla de Sella i l&#8217;orquestra de pols i plectre de Xixona a l&#8217;esglesia de Sella, avancen el concert de Komfusi\u00f3 a l&#8217;auditori de la Vila, amb el cor de les Talaies i ens informen sobre les xarrades en angl\u00e9s que es fan a Sella amb la colaboraci\u00f3n de Stephen Green.<\/p>\n<p style=\"text-align: justify;\">Com sempre, a m\u00e9s de l\u2019actualitat, podrem escoltar les seccions habituals del programa: el poble llig, ens fem res\u00f3 de #laditadeldivendres i con sempre tenim la can\u00e7\u00f3 del m\u00e9s. En creacions, parlarem en Jaume Soriano i tamb\u00e9 connectarem telef\u00f2nicament amb Jaume Silvestre.<\/p>\n<p style=\"text-align: center;\"><a id=\"mbmaplayer_1397410484608\" class=\"mb_map {skin:'blue', animate:true, width:'200', volume:0.6, autoplay:false, loop:false, showVolumeLevel:true, showTime:true, showRew:true, downloadable:true, downloadablesecurity:false, id3: false}\" href=\"https:\/\/archive.org\/download\/Lacoveta06_2014\/Lacovetadelssomnis_2014-06.mp3\">La coveta dels somnis &#8211; Juny 2014<\/a><\/p>\n","protected":false},"excerpt":{"rendered":"<p>En juny David i \u00c0ngela ens parlen de la participaci\u00f3 de Sella a la trobada d&#8217;escoles en valenci\u00e0 d&#8217;Orxeta, del concert de Sant Gatxo i Mugroman a Alacant, del concert de la Rondalla de Sella i l&#8217;orquestra de pols i plectre de Xixona a l&#8217;esglesia de Sella, avancen el concert de Komfusi\u00f3 a l&#8217;auditori de [&hellip;]<\/p>\n","protected":false},"author":272,"featured_media":467,"comment_status":"open","ping_status":"open","sticky":false,"template":"","format":"standard","meta":{"_exactmetrics_skip_tracking":false,"footnotes":""},"categories":[15],"tags":[],"class_list":["post-1448","post","type-post","status-publish","format-standard","has-post-thumbnail","hentry","category-la-coveta-dels-somnis"],"aioseo_notices":[],"aioseo_head":"\n\t\t<!-- All in One SEO 5.0.1 - aioseo.com -->\n\t<meta name=\"description\" content=\"En juny David i \u00c0ngela ens parlen de la participaci\u00f3 de Sella a la trobada d&#039;escoles en valenci\u00e0 d&#039;Orxeta, del concert de Sant Gatxo i Mugroman a Alacant, del concert de la Rondalla de Sella i l&#039;orquestra de pols i plectre de Xixona a l&#039;esglesia de Sella, avancen el concert de Komfusi\u00f3 a l&#039;auditori de\" \/>\n\t<meta name=\"robots\" content=\"max-image-preview:large\" \/>\n\t<meta name=\"author\" content=\"radio\"\/>\n\t<link rel=\"canonical\" href=\"https:\/\/elcabilo.com\/radio\/2014\/06\/23\/la-coveta-del-somnis-juny-2014\/\" \/>\n\t<meta name=\"generator\" content=\"All in One SEO (AIOSEO) 5.0.1\" \/>\n\t\t<meta property=\"og:locale\" content=\"ca_ES\" \/>\n\t\t<meta property=\"og:site_name\" content=\"Cabil\u00f3R\u00e0dio - La r\u00e0dio online de Sella\" \/>\n\t\t<meta property=\"og:type\" content=\"article\" \/>\n\t\t<meta property=\"og:title\" content=\"La coveta del somnis: juny 2014 - Cabil\u00f3R\u00e0dio\" \/>\n\t\t<meta property=\"og:description\" content=\"En juny David i \u00c0ngela ens parlen de la participaci\u00f3 de Sella a la trobada d&#039;escoles en valenci\u00e0 d&#039;Orxeta, del concert de Sant Gatxo i Mugroman a Alacant, del concert de la Rondalla de Sella i l&#039;orquestra de pols i plectre de Xixona a l&#039;esglesia de Sella, avancen el concert de Komfusi\u00f3 a l&#039;auditori de\" \/>\n\t\t<meta property=\"og:url\" content=\"https:\/\/elcabilo.com\/radio\/2014\/06\/23\/la-coveta-del-somnis-juny-2014\/\" \/>\n\t\t<meta property=\"og:image\" content=\"https:\/\/elcabilo.com\/radio\/files\/2023\/01\/cropped-logo_radio-1.gif\" \/>\n\t\t<meta property=\"og:image:secure_url\" content=\"https:\/\/elcabilo.com\/radio\/files\/2023\/01\/cropped-logo_radio-1.gif\" \/>\n\t\t<meta property=\"article:published_time\" content=\"2014-06-22T22:00:01+00:00\" \/>\n\t\t<meta property=\"article:modified_time\" content=\"2014-06-22T21:46:28+00:00\" \/>\n\t\t<meta name=\"twitter:card\" content=\"summary_large_image\" \/>\n\t\t<meta name=\"twitter:title\" content=\"La coveta del somnis: juny 2014 - Cabil\u00f3R\u00e0dio\" \/>\n\t\t<meta name=\"twitter:description\" content=\"En juny David i \u00c0ngela ens parlen de la participaci\u00f3 de Sella a la trobada d&#039;escoles en valenci\u00e0 d&#039;Orxeta, del concert de Sant Gatxo i Mugroman a Alacant, del concert de la Rondalla de Sella i l&#039;orquestra de pols i plectre de Xixona a l&#039;esglesia de Sella, avancen el concert de Komfusi\u00f3 a l&#039;auditori de\" \/>\n\t\t<meta name=\"twitter:image\" content=\"https:\/\/elcabilo.com\/radio\/files\/2023\/01\/cropped-logo_radio-1.gif\" \/>\n\t\t<script type=\"application\/ld+json\" class=\"aioseo-schema\">\n\t\t\t{\"@context\":\"https:\\\/\\\/schema.org\",\"@graph\":[{\"@type\":\"BlogPosting\",\"@id\":\"https:\\\/\\\/elcabilo.com\\\/radio\\\/2014\\\/06\\\/23\\\/la-coveta-del-somnis-juny-2014\\\/#blogposting\",\"name\":\"La coveta del somnis: juny 2014 - Cabil\\u00f3R\\u00e0dio\",\"headline\":\"La coveta del somnis: juny 2014\",\"author\":{\"@id\":\"https:\\\/\\\/elcabilo.com\\\/radio\\\/author\\\/radio\\\/#author\"},\"publisher\":{\"@id\":\"https:\\\/\\\/elcabilo.com\\\/radio\\\/#organization\"},\"image\":{\"@type\":\"ImageObject\",\"url\":\"https:\\\/\\\/elcabilo.com\\\/radio\\\/files\\\/2013\\\/02\\\/covetalogo2.jpg\",\"width\":900,\"height\":300},\"datePublished\":\"2014-06-23T00:00:01+02:00\",\"dateModified\":\"2014-06-22T23:46:28+02:00\",\"inLanguage\":\"ca\",\"commentCount\":7,\"mainEntityOfPage\":{\"@id\":\"https:\\\/\\\/elcabilo.com\\\/radio\\\/2014\\\/06\\\/23\\\/la-coveta-del-somnis-juny-2014\\\/#webpage\"},\"isPartOf\":{\"@id\":\"https:\\\/\\\/elcabilo.com\\\/radio\\\/2014\\\/06\\\/23\\\/la-coveta-del-somnis-juny-2014\\\/#webpage\"},\"articleSection\":\"La coveta dels somnis\"},{\"@type\":\"BreadcrumbList\",\"@id\":\"https:\\\/\\\/elcabilo.com\\\/radio\\\/2014\\\/06\\\/23\\\/la-coveta-del-somnis-juny-2014\\\/#breadcrumblist\",\"itemListElement\":[{\"@type\":\"ListItem\",\"@id\":\"https:\\\/\\\/elcabilo.com\\\/radio#listItem\",\"position\":1,\"name\":\"Home\",\"item\":\"https:\\\/\\\/elcabilo.com\\\/radio\",\"nextItem\":{\"@type\":\"ListItem\",\"@id\":\"https:\\\/\\\/elcabilo.com\\\/radio\\\/category\\\/programes\\\/#listItem\",\"name\":\"Programes\"}},{\"@type\":\"ListItem\",\"@id\":\"https:\\\/\\\/elcabilo.com\\\/radio\\\/category\\\/programes\\\/#listItem\",\"position\":2,\"name\":\"Programes\",\"item\":\"https:\\\/\\\/elcabilo.com\\\/radio\\\/category\\\/programes\\\/\",\"nextItem\":{\"@type\":\"ListItem\",\"@id\":\"https:\\\/\\\/elcabilo.com\\\/radio\\\/category\\\/programes\\\/la-coveta-dels-somnis\\\/#listItem\",\"name\":\"La coveta dels somnis\"},\"previousItem\":{\"@type\":\"ListItem\",\"@id\":\"https:\\\/\\\/elcabilo.com\\\/radio#listItem\",\"name\":\"Home\"}},{\"@type\":\"ListItem\",\"@id\":\"https:\\\/\\\/elcabilo.com\\\/radio\\\/category\\\/programes\\\/la-coveta-dels-somnis\\\/#listItem\",\"position\":3,\"name\":\"La coveta dels somnis\",\"item\":\"https:\\\/\\\/elcabilo.com\\\/radio\\\/category\\\/programes\\\/la-coveta-dels-somnis\\\/\",\"nextItem\":{\"@type\":\"ListItem\",\"@id\":\"https:\\\/\\\/elcabilo.com\\\/radio\\\/2014\\\/06\\\/23\\\/la-coveta-del-somnis-juny-2014\\\/#listItem\",\"name\":\"La coveta del somnis: juny 2014\"},\"previousItem\":{\"@type\":\"ListItem\",\"@id\":\"https:\\\/\\\/elcabilo.com\\\/radio\\\/category\\\/programes\\\/#listItem\",\"name\":\"Programes\"}},{\"@type\":\"ListItem\",\"@id\":\"https:\\\/\\\/elcabilo.com\\\/radio\\\/2014\\\/06\\\/23\\\/la-coveta-del-somnis-juny-2014\\\/#listItem\",\"position\":4,\"name\":\"La coveta del somnis: juny 2014\",\"previousItem\":{\"@type\":\"ListItem\",\"@id\":\"https:\\\/\\\/elcabilo.com\\\/radio\\\/category\\\/programes\\\/la-coveta-dels-somnis\\\/#listItem\",\"name\":\"La coveta dels somnis\"}}]},{\"@type\":\"Organization\",\"@id\":\"https:\\\/\\\/elcabilo.com\\\/radio\\\/#organization\",\"name\":\"Cabil\\u00f3 R\\u00e0dio\",\"description\":\"La r\\u00e0dio online de Sella\",\"url\":\"https:\\\/\\\/elcabilo.com\\\/radio\\\/\",\"logo\":{\"@type\":\"ImageObject\",\"url\":\"https:\\\/\\\/elcabilo.com\\\/radio\\\/files\\\/2023\\\/01\\\/cropped-logo_radio-1.gif\",\"@id\":\"https:\\\/\\\/elcabilo.com\\\/radio\\\/2014\\\/06\\\/23\\\/la-coveta-del-somnis-juny-2014\\\/#organizationLogo\",\"width\":250,\"height\":50},\"image\":{\"@id\":\"https:\\\/\\\/elcabilo.com\\\/radio\\\/2014\\\/06\\\/23\\\/la-coveta-del-somnis-juny-2014\\\/#organizationLogo\"}},{\"@type\":\"Person\",\"@id\":\"https:\\\/\\\/elcabilo.com\\\/radio\\\/author\\\/radio\\\/#author\",\"url\":\"https:\\\/\\\/elcabilo.com\\\/radio\\\/author\\\/radio\\\/\",\"name\":\"radio\",\"image\":{\"@type\":\"ImageObject\",\"@id\":\"https:\\\/\\\/elcabilo.com\\\/radio\\\/2014\\\/06\\\/23\\\/la-coveta-del-somnis-juny-2014\\\/#authorImage\",\"url\":\"https:\\\/\\\/secure.gravatar.com\\\/avatar\\\/bb687b465db46b8e9255d0921cc346091032a91fe77f93721088d5decb8a2d1a?s=96&d=mm&r=g\",\"width\":96,\"height\":96,\"caption\":\"radio\"}},{\"@type\":\"WebPage\",\"@id\":\"https:\\\/\\\/elcabilo.com\\\/radio\\\/2014\\\/06\\\/23\\\/la-coveta-del-somnis-juny-2014\\\/#webpage\",\"url\":\"https:\\\/\\\/elcabilo.com\\\/radio\\\/2014\\\/06\\\/23\\\/la-coveta-del-somnis-juny-2014\\\/\",\"name\":\"La coveta del somnis: juny 2014 - Cabil\\u00f3R\\u00e0dio\",\"description\":\"En juny David i \\u00c0ngela ens parlen de la participaci\\u00f3 de Sella a la trobada d'escoles en valenci\\u00e0 d'Orxeta, del concert de Sant Gatxo i Mugroman a Alacant, del concert de la Rondalla de Sella i l'orquestra de pols i plectre de Xixona a l'esglesia de Sella, avancen el concert de Komfusi\\u00f3 a l'auditori de\",\"inLanguage\":\"ca\",\"isPartOf\":{\"@id\":\"https:\\\/\\\/elcabilo.com\\\/radio\\\/#website\"},\"breadcrumb\":{\"@id\":\"https:\\\/\\\/elcabilo.com\\\/radio\\\/2014\\\/06\\\/23\\\/la-coveta-del-somnis-juny-2014\\\/#breadcrumblist\"},\"author\":{\"@id\":\"https:\\\/\\\/elcabilo.com\\\/radio\\\/author\\\/radio\\\/#author\"},\"creator\":{\"@id\":\"https:\\\/\\\/elcabilo.com\\\/radio\\\/author\\\/radio\\\/#author\"},\"image\":{\"@type\":\"ImageObject\",\"url\":\"https:\\\/\\\/elcabilo.com\\\/radio\\\/files\\\/2013\\\/02\\\/covetalogo2.jpg\",\"@id\":\"https:\\\/\\\/elcabilo.com\\\/radio\\\/2014\\\/06\\\/23\\\/la-coveta-del-somnis-juny-2014\\\/#mainImage\",\"width\":900,\"height\":300},\"primaryImageOfPage\":{\"@id\":\"https:\\\/\\\/elcabilo.com\\\/radio\\\/2014\\\/06\\\/23\\\/la-coveta-del-somnis-juny-2014\\\/#mainImage\"},\"datePublished\":\"2014-06-23T00:00:01+02:00\",\"dateModified\":\"2014-06-22T23:46:28+02:00\"},{\"@type\":\"WebSite\",\"@id\":\"https:\\\/\\\/elcabilo.com\\\/radio\\\/#website\",\"url\":\"https:\\\/\\\/elcabilo.com\\\/radio\\\/\",\"name\":\"Cabil\\u00f3 R\\u00e0dio\",\"description\":\"La r\\u00e0dio online de Sella\",\"inLanguage\":\"ca\",\"publisher\":{\"@id\":\"https:\\\/\\\/elcabilo.com\\\/radio\\\/#organization\"}}]}\n\t\t<\/script>\n\t\t<!-- All in One SEO -->\n\n","aioseo_head_json":{"title":"La coveta del somnis: juny 2014 - Cabil\u00f3R\u00e0dio","description":"En juny David i \u00c0ngela ens parlen de la participaci\u00f3 de Sella a la trobada d'escoles en valenci\u00e0 d'Orxeta, del concert de Sant Gatxo i Mugroman a Alacant, del concert de la Rondalla de Sella i l'orquestra de pols i plectre de Xixona a l'esglesia de Sella, avancen el concert de Komfusi\u00f3 a l'auditori de","canonical_url":"https:\/\/elcabilo.com\/radio\/2014\/06\/23\/la-coveta-del-somnis-juny-2014\/","robots":"max-image-preview:large","keywords":"","webmasterTools":{"miscellaneous":""},"schema":{"@context":"https:\/\/schema.org","@graph":[{"@type":"BlogPosting","@id":"https:\/\/elcabilo.com\/radio\/2014\/06\/23\/la-coveta-del-somnis-juny-2014\/#blogposting","name":"La coveta del somnis: juny 2014 - Cabil\u00f3R\u00e0dio","headline":"La coveta del somnis: juny 2014","author":{"@id":"https:\/\/elcabilo.com\/radio\/author\/radio\/#author"},"publisher":{"@id":"https:\/\/elcabilo.com\/radio\/#organization"},"image":{"@type":"ImageObject","url":"https:\/\/elcabilo.com\/radio\/files\/2013\/02\/covetalogo2.jpg","width":900,"height":300},"datePublished":"2014-06-23T00:00:01+02:00","dateModified":"2014-06-22T23:46:28+02:00","inLanguage":"ca","commentCount":7,"mainEntityOfPage":{"@id":"https:\/\/elcabilo.com\/radio\/2014\/06\/23\/la-coveta-del-somnis-juny-2014\/#webpage"},"isPartOf":{"@id":"https:\/\/elcabilo.com\/radio\/2014\/06\/23\/la-coveta-del-somnis-juny-2014\/#webpage"},"articleSection":"La coveta dels somnis"},{"@type":"BreadcrumbList","@id":"https:\/\/elcabilo.com\/radio\/2014\/06\/23\/la-coveta-del-somnis-juny-2014\/#breadcrumblist","itemListElement":[{"@type":"ListItem","@id":"https:\/\/elcabilo.com\/radio#listItem","position":1,"name":"Home","item":"https:\/\/elcabilo.com\/radio","nextItem":{"@type":"ListItem","@id":"https:\/\/elcabilo.com\/radio\/category\/programes\/#listItem","name":"Programes"}},{"@type":"ListItem","@id":"https:\/\/elcabilo.com\/radio\/category\/programes\/#listItem","position":2,"name":"Programes","item":"https:\/\/elcabilo.com\/radio\/category\/programes\/","nextItem":{"@type":"ListItem","@id":"https:\/\/elcabilo.com\/radio\/category\/programes\/la-coveta-dels-somnis\/#listItem","name":"La coveta dels somnis"},"previousItem":{"@type":"ListItem","@id":"https:\/\/elcabilo.com\/radio#listItem","name":"Home"}},{"@type":"ListItem","@id":"https:\/\/elcabilo.com\/radio\/category\/programes\/la-coveta-dels-somnis\/#listItem","position":3,"name":"La coveta dels somnis","item":"https:\/\/elcabilo.com\/radio\/category\/programes\/la-coveta-dels-somnis\/","nextItem":{"@type":"ListItem","@id":"https:\/\/elcabilo.com\/radio\/2014\/06\/23\/la-coveta-del-somnis-juny-2014\/#listItem","name":"La coveta del somnis: juny 2014"},"previousItem":{"@type":"ListItem","@id":"https:\/\/elcabilo.com\/radio\/category\/programes\/#listItem","name":"Programes"}},{"@type":"ListItem","@id":"https:\/\/elcabilo.com\/radio\/2014\/06\/23\/la-coveta-del-somnis-juny-2014\/#listItem","position":4,"name":"La coveta del somnis: juny 2014","previousItem":{"@type":"ListItem","@id":"https:\/\/elcabilo.com\/radio\/category\/programes\/la-coveta-dels-somnis\/#listItem","name":"La coveta dels somnis"}}]},{"@type":"Organization","@id":"https:\/\/elcabilo.com\/radio\/#organization","name":"Cabil\u00f3 R\u00e0dio","description":"La r\u00e0dio online de Sella","url":"https:\/\/elcabilo.com\/radio\/","logo":{"@type":"ImageObject","url":"https:\/\/elcabilo.com\/radio\/files\/2023\/01\/cropped-logo_radio-1.gif","@id":"https:\/\/elcabilo.com\/radio\/2014\/06\/23\/la-coveta-del-somnis-juny-2014\/#organizationLogo","width":250,"height":50},"image":{"@id":"https:\/\/elcabilo.com\/radio\/2014\/06\/23\/la-coveta-del-somnis-juny-2014\/#organizationLogo"}},{"@type":"Person","@id":"https:\/\/elcabilo.com\/radio\/author\/radio\/#author","url":"https:\/\/elcabilo.com\/radio\/author\/radio\/","name":"radio","image":{"@type":"ImageObject","@id":"https:\/\/elcabilo.com\/radio\/2014\/06\/23\/la-coveta-del-somnis-juny-2014\/#authorImage","url":"https:\/\/secure.gravatar.com\/avatar\/bb687b465db46b8e9255d0921cc346091032a91fe77f93721088d5decb8a2d1a?s=96&d=mm&r=g","width":96,"height":96,"caption":"radio"}},{"@type":"WebPage","@id":"https:\/\/elcabilo.com\/radio\/2014\/06\/23\/la-coveta-del-somnis-juny-2014\/#webpage","url":"https:\/\/elcabilo.com\/radio\/2014\/06\/23\/la-coveta-del-somnis-juny-2014\/","name":"La coveta del somnis: juny 2014 - Cabil\u00f3R\u00e0dio","description":"En juny David i \u00c0ngela ens parlen de la participaci\u00f3 de Sella a la trobada d'escoles en valenci\u00e0 d'Orxeta, del concert de Sant Gatxo i Mugroman a Alacant, del concert de la Rondalla de Sella i l'orquestra de pols i plectre de Xixona a l'esglesia de Sella, avancen el concert de Komfusi\u00f3 a l'auditori de","inLanguage":"ca","isPartOf":{"@id":"https:\/\/elcabilo.com\/radio\/#website"},"breadcrumb":{"@id":"https:\/\/elcabilo.com\/radio\/2014\/06\/23\/la-coveta-del-somnis-juny-2014\/#breadcrumblist"},"author":{"@id":"https:\/\/elcabilo.com\/radio\/author\/radio\/#author"},"creator":{"@id":"https:\/\/elcabilo.com\/radio\/author\/radio\/#author"},"image":{"@type":"ImageObject","url":"https:\/\/elcabilo.com\/radio\/files\/2013\/02\/covetalogo2.jpg","@id":"https:\/\/elcabilo.com\/radio\/2014\/06\/23\/la-coveta-del-somnis-juny-2014\/#mainImage","width":900,"height":300},"primaryImageOfPage":{"@id":"https:\/\/elcabilo.com\/radio\/2014\/06\/23\/la-coveta-del-somnis-juny-2014\/#mainImage"},"datePublished":"2014-06-23T00:00:01+02:00","dateModified":"2014-06-22T23:46:28+02:00"},{"@type":"WebSite","@id":"https:\/\/elcabilo.com\/radio\/#website","url":"https:\/\/elcabilo.com\/radio\/","name":"Cabil\u00f3 R\u00e0dio","description":"La r\u00e0dio online de Sella","inLanguage":"ca","publisher":{"@id":"https:\/\/elcabilo.com\/radio\/#organization"}}]},"og:locale":"ca_ES","og:site_name":"Cabil\u00f3R\u00e0dio - La r\u00e0dio online de Sella","og:type":"article","og:title":"La coveta del somnis: juny 2014 - Cabil\u00f3R\u00e0dio","og:description":"En juny David i \u00c0ngela ens parlen de la participaci\u00f3 de Sella a la trobada d'escoles en valenci\u00e0 d'Orxeta, del concert de Sant Gatxo i Mugroman a Alacant, del concert de la Rondalla de Sella i l'orquestra de pols i plectre de Xixona a l'esglesia de Sella, avancen el concert de Komfusi\u00f3 a l'auditori de","og:url":"https:\/\/elcabilo.com\/radio\/2014\/06\/23\/la-coveta-del-somnis-juny-2014\/","og:image":"https:\/\/elcabilo.com\/radio\/files\/2023\/01\/cropped-logo_radio-1.gif","og:image:secure_url":"https:\/\/elcabilo.com\/radio\/files\/2023\/01\/cropped-logo_radio-1.gif","article:published_time":"2014-06-22T22:00:01+00:00","article:modified_time":"2014-06-22T21:46:28+00:00","twitter:card":"summary_large_image","twitter:title":"La coveta del somnis: juny 2014 - Cabil\u00f3R\u00e0dio","twitter:description":"En juny David i \u00c0ngela ens parlen de la participaci\u00f3 de Sella a la trobada d'escoles en valenci\u00e0 d'Orxeta, del concert de Sant Gatxo i Mugroman a Alacant, del concert de la Rondalla de Sella i l'orquestra de pols i plectre de Xixona a l'esglesia de Sella, avancen el concert de Komfusi\u00f3 a l'auditori de","twitter:image":"https:\/\/elcabilo.com\/radio\/files\/2023\/01\/cropped-logo_radio-1.gif"},"aioseo_meta_data":{"post_id":"1448","title":null,"description":null,"keywords":null,"keyphrases":null,"primary_term":null,"canonical_url":null,"og_title":null,"og_description":null,"og_object_type":"default","og_image_type":"default","og_image_url":null,"og_image_width":null,"og_image_height":null,"og_image_custom_url":null,"og_image_custom_fields":null,"og_video":null,"og_custom_url":null,"og_article_section":null,"og_article_tags":null,"twitter_use_og":false,"twitter_card":"default","twitter_image_type":"default","twitter_image_url":null,"twitter_image_custom_url":null,"twitter_image_custom_fields":null,"twitter_title":null,"twitter_description":null,"schema":{"blockGraphs":[],"customGraphs":[],"default":{"data":{"Article":[],"Course":[],"Dataset":[],"FAQPage":[],"Movie":[],"Person":[],"Product":[],"ProductReview":[],"Car":[],"Recipe":[],"Service":[],"SoftwareApplication":[],"WebPage":[]},"graphName":"","isEnabled":true},"graphs":[]},"schema_type":"default","schema_type_options":null,"pillar_content":false,"robots_default":true,"robots_noindex":false,"robots_noarchive":false,"robots_nosnippet":false,"robots_nofollow":false,"robots_noimageindex":false,"robots_noodp":false,"robots_notranslate":false,"robots_max_snippet":null,"robots_max_videopreview":null,"robots_max_imagepreview":"large","priority":null,"frequency":null,"local_seo":null,"breadcrumb_settings":null,"limit_modified_date":false,"ai":null,"created":"2023-01-27 22:18:46","updated":"2025-06-08 19:31:31","seo_analyzer_scan_date":null,"focus_keyword":null,"additional_keywords":null,"truseo_locale":null},"aioseo_breadcrumb":"<div class=\"aioseo-breadcrumbs\"><span class=\"aioseo-breadcrumb\">\n\t\t\t<a href=\"https:\/\/elcabilo.com\/radio\" title=\"Home\">Home<\/a>\n\t\t<\/span><span class=\"aioseo-breadcrumb-separator\">&raquo;<\/span><span class=\"aioseo-breadcrumb\">\n\t\t\t<a href=\"https:\/\/elcabilo.com\/radio\/category\/programes\/\" title=\"Programes\">Programes<\/a>\n\t\t<\/span><span class=\"aioseo-breadcrumb-separator\">&raquo;<\/span><span class=\"aioseo-breadcrumb\">\n\t\t\t<a href=\"https:\/\/elcabilo.com\/radio\/category\/programes\/la-coveta-dels-somnis\/\" title=\"La coveta dels somnis\">La coveta dels somnis<\/a>\n\t\t<\/span><span class=\"aioseo-breadcrumb-separator\">&raquo;<\/span><span class=\"aioseo-breadcrumb\">\n\t\t\tLa coveta del somnis: juny 2014\n\t\t<\/span><\/div>","aioseo_breadcrumb_json":[{"label":"Home","link":"https:\/\/elcabilo.com\/radio"},{"label":"Programes","link":"https:\/\/elcabilo.com\/radio\/category\/programes\/"},{"label":"La coveta dels somnis","link":"https:\/\/elcabilo.com\/radio\/category\/programes\/la-coveta-dels-somnis\/"},{"label":"La coveta del somnis: juny 2014","link":"https:\/\/elcabilo.com\/radio\/2014\/06\/23\/la-coveta-del-somnis-juny-2014\/"}],"_links":{"self":[{"href":"https:\/\/elcabilo.com\/radio\/wp-json\/wp\/v2\/posts\/1448","targetHints":{"allow":["GET"]}}],"collection":[{"href":"https:\/\/elcabilo.com\/radio\/wp-json\/wp\/v2\/posts"}],"about":[{"href":"https:\/\/elcabilo.com\/radio\/wp-json\/wp\/v2\/types\/post"}],"author":[{"embeddable":true,"href":"https:\/\/elcabilo.com\/radio\/wp-json\/wp\/v2\/users\/272"}],"replies":[{"embeddable":true,"href":"https:\/\/elcabilo.com\/radio\/wp-json\/wp\/v2\/comments?post=1448"}],"version-history":[{"count":0,"href":"https:\/\/elcabilo.com\/radio\/wp-json\/wp\/v2\/posts\/1448\/revisions"}],"wp:featuredmedia":[{"embeddable":true,"href":"https:\/\/elcabilo.com\/radio\/wp-json\/wp\/v2\/media\/467"}],"wp:attachment":[{"href":"https:\/\/elcabilo.com\/radio\/wp-json\/wp\/v2\/media?parent=1448"}],"wp:term":[{"taxonomy":"category","embeddable":true,"href":"https:\/\/elcabilo.com\/radio\/wp-json\/wp\/v2\/categories?post=1448"},{"taxonomy":"post_tag","embeddable":true,"href":"https:\/\/elcabilo.com\/radio\/wp-json\/wp\/v2\/tags?post=1448"}],"curies":[{"name":"wp","href":"https:\/\/api.w.org\/{rel}","templated":true}]}}