{"id":1469,"date":"2014-07-08T00:00:57","date_gmt":"2014-07-07T22:00:57","guid":{"rendered":"http:\/\/elcabilo.com\/radio\/?p=1469"},"modified":"2014-07-08T21:17:12","modified_gmt":"2014-07-08T19:17:12","slug":"la-ciencia-de-cada-dia-10-biodiversitat","status":"publish","type":"post","link":"https:\/\/elcabilo.com\/radio\/2014\/07\/08\/la-ciencia-de-cada-dia-10-biodiversitat\/","title":{"rendered":"La ci\u00e8ncia de cada dia: 10. Biodiversitat"},"content":{"rendered":"<p style=\"text-align: justify;\">El programa de hui l&#8217;hem preparat en pocs dies i es nota la informalitat i un poc la improvisaci\u00f3, per\u00f2 no deixa de ser rigor\u00f2s. Esta vegada tenim col\u00b7laborant a l&#8217;amic Pablo Gim\u00e9nez, qui ens ajuda a explicar algunes not\u00edcies d&#8217;actualitat cient\u00edfica. I en el tema central, parlem de la Biodiversitat, de la seua distribuci\u00f3 geogr\u00e0fica, els origens i de la seua import\u00e0ncia. La persona que ha vingut a parlar del tema la deixe com a sorpresa, per\u00f2 vos podreu imaginar qui \u00e9s&#8230;<\/p>\n<p style=\"text-align: center;\"><a id=\"mbmaplayer_1397410484608\" class=\"mb_map {skin:'blue', animate:true, width:'200', volume:0.6, autoplay:false, loop:false, showVolumeLevel:true, showTime:true, showRew:true, downloadable:true, downloadablesecurity:false, id3: false}\" href=\"https:\/\/archive.org\/download\/ciencia_juliol14\/Programa_10-Biodiversitat.mp3\">Ci\u00e8ncia: 10. Biodiversitat<\/a><\/p>\n<p>M\u00e9s informaci\u00f3 sobre les not\u00edcies (polsa llegir m\u00e9s):<br \/>\n<!--more--><\/p>\n<div>\n<div>\n<div>\n<div>\n<div>\n<div>\n<ol>\n<li>Cor virtual per a l&#8217;estudi d&#8217;enfermetats card\u00edaques:\u00a0<a href=\"http:\/\/www.agenciasinc.es\/Noticias\/Primer-corazon-virtual-completo-para-el-estudio-de-enfermedades-cardiacas\" target=\"_blank\" shape=\"rect\">http:\/\/www.agenciasinc.es\/Noticias\/Primer-corazon-virtual-completo-para-el-estudio-de-enfermedades-cardiacas<\/a><\/li>\n<li>Aerodin\u00e0mica de Brazuca, el bal\u00f3 del Mundial:<a href=\"http:\/\/francis.naukas.com\/2014\/06\/08\/francis-en-rosavientos-noticias-para-manana-3\/\" target=\"_blank\" shape=\"rect\">http:\/\/francis.naukas.com\/2014\/06\/08\/francis-en-rosavientos-noticias-para-manana-3\/<\/a><span style=\"color: #000000;\"> ; <\/span><a href=\"http:\/\/www.agenciasinc.es\/Noticias\/Brazuca-el-balon-del-Mundial-de-futbol-es-el-mas-estable-gracias-a-la-ciencia\" target=\"_blank\" shape=\"rect\">http:\/\/www.agenciasinc.es\/Noticias\/Brazuca-el-balon-del-Mundial-de-futbol-es-el-mas-estable-gracias-a-la-ciencia<\/a><span style=\"color: #000000;\"> ; <\/span><a href=\"http:\/\/linkis.com\/vozpopuli.com\/next\/skBtQ\" shape=\"rect\">http:\/\/linkis.com\/vozpopuli.com\/next\/skBtQ<\/a><\/li>\n<li>Sistema per prevenir l&#8217;arribada de la sequera:<a href=\"http:\/\/www.agenciasinc.es\/Noticias\/Una-spin-off-de-Cartagena-desarrolla-un-sistema-para-prevenir-los-efectos-de-la-sequia\" target=\"_blank\" shape=\"rect\">http:\/\/www.agenciasinc.es\/Noticias\/Una-spin-off-de-Cartagena-desarrolla-un-sistema-para-prevenir-los-efectos-de-la-sequia<\/a> ; <a href=\"http:\/\/earthobservatory.nasa.gov\/\">http:\/\/earthobservatory.nasa.gov\/<\/a><\/li>\n<li>Revisi\u00f3 de la polaritzaci\u00f3 en mode B del fons de microones: <a href=\"http:\/\/culturacientifica.com\/2014\/06\/06\/cuando-ver-para-creer-es-suficiente\/\">http:\/\/culturacientifica.com\/2014\/06\/06\/cuando-ver-para-creer-es-suficiente\/<\/a> ; <a href=\"http:\/\/francis.naukas.com\/2014\/06\/24\/canibalismo-galactico-y-bicep2\/\">http:\/\/francis.naukas.com\/2014\/06\/24\/canibalismo-galactico-y-bicep2\/<\/a><\/li>\n<li>Desc\u00e0rrega del Mediterrani en l&#8217;Atl\u00e0ntic:<a href=\"http:\/\/www.agenciasinc.es\/Noticias\/El-Mediterraneo-descargo-en-el-Atlantico-hace-tres-millones-de-anos\" target=\"_blank\" shape=\"rect\">http:\/\/www.agenciasinc.es\/Noticias\/El-Mediterraneo-descargo-en-el-Atlantico-hace-tres-millones-de-anos<\/a><\/li>\n<li>Proves de que la Lluna va sorgir per un impacte:<a href=\"http:\/\/www.agenciasinc.es\/Noticias\/Nuevas-pruebas-de-que-la-Luna-surgio-del-gran-choque-entre-Theia-y-la-Tierra\" target=\"_blank\" shape=\"rect\">http:\/\/www.agenciasinc.es\/Noticias\/Nuevas-pruebas-de-que-la-Luna-surgio-del-gran-choque-entre-Theia-y-la-Tierra<\/a><span style=\"color: #000000;\"> ; <\/span><a href=\"http:\/\/vozpopuli.com\/next\/44356-nuevas-pruebas-de-que-la-luna-se-formo-por-un-gran-impacto\" shape=\"rect\">http:\/\/vozpopuli.com\/next\/44356-nuevas-pruebas-de-que-la-luna-se-formo-por-un-gran-impacto<\/a><\/li>\n<\/ol>\n<\/div>\n<\/div>\n<\/div>\n<\/div>\n<\/div>\n<\/div>\n","protected":false},"excerpt":{"rendered":"<p>El programa de hui l&#8217;hem preparat en pocs dies i es nota la informalitat i un poc la improvisaci\u00f3, per\u00f2 no deixa de ser rigor\u00f2s. Esta vegada tenim col\u00b7laborant a l&#8217;amic Pablo Gim\u00e9nez, qui ens ajuda a explicar algunes not\u00edcies d&#8217;actualitat cient\u00edfica. I en el tema central, parlem de la Biodiversitat, de la seua distribuci\u00f3 [&hellip;]<\/p>\n","protected":false},"author":272,"featured_media":1475,"comment_status":"open","ping_status":"open","sticky":false,"template":"","format":"standard","meta":{"_exactmetrics_skip_tracking":false,"footnotes":""},"categories":[9],"tags":[],"class_list":["post-1469","post","type-post","status-publish","format-standard","has-post-thumbnail","hentry","category-ciencia"],"aioseo_notices":[],"aioseo_head":"\n\t\t<!-- All in One SEO 5.0.1 - aioseo.com -->\n\t<meta name=\"description\" content=\"El programa de hui l&#039;hem preparat en pocs dies i es nota la informalitat i un poc la improvisaci\u00f3, per\u00f2 no deixa de ser rigor\u00f2s. Esta vegada tenim col\u00b7laborant a l&#039;amic Pablo Gim\u00e9nez, qui ens ajuda a explicar algunes not\u00edcies d&#039;actualitat cient\u00edfica. I en el tema central, parlem de la Biodiversitat, de la seua distribuci\u00f3\" \/>\n\t<meta name=\"robots\" content=\"max-image-preview:large\" \/>\n\t<meta name=\"author\" content=\"radio\"\/>\n\t<link rel=\"canonical\" href=\"https:\/\/elcabilo.com\/radio\/2014\/07\/08\/la-ciencia-de-cada-dia-10-biodiversitat\/\" \/>\n\t<meta name=\"generator\" content=\"All in One SEO (AIOSEO) 5.0.1\" \/>\n\t\t<meta property=\"og:locale\" content=\"ca_ES\" \/>\n\t\t<meta property=\"og:site_name\" content=\"Cabil\u00f3R\u00e0dio - La r\u00e0dio online de Sella\" \/>\n\t\t<meta property=\"og:type\" content=\"article\" \/>\n\t\t<meta property=\"og:title\" content=\"La ci\u00e8ncia de cada dia: 10. Biodiversitat - Cabil\u00f3R\u00e0dio\" \/>\n\t\t<meta property=\"og:description\" content=\"El programa de hui l&#039;hem preparat en pocs dies i es nota la informalitat i un poc la improvisaci\u00f3, per\u00f2 no deixa de ser rigor\u00f2s. Esta vegada tenim col\u00b7laborant a l&#039;amic Pablo Gim\u00e9nez, qui ens ajuda a explicar algunes not\u00edcies d&#039;actualitat cient\u00edfica. I en el tema central, parlem de la Biodiversitat, de la seua distribuci\u00f3\" \/>\n\t\t<meta property=\"og:url\" content=\"https:\/\/elcabilo.com\/radio\/2014\/07\/08\/la-ciencia-de-cada-dia-10-biodiversitat\/\" \/>\n\t\t<meta property=\"og:image\" content=\"https:\/\/elcabilo.com\/radio\/files\/2023\/01\/cropped-logo_radio-1.gif\" \/>\n\t\t<meta property=\"og:image:secure_url\" content=\"https:\/\/elcabilo.com\/radio\/files\/2023\/01\/cropped-logo_radio-1.gif\" \/>\n\t\t<meta property=\"article:published_time\" content=\"2014-07-07T22:00:57+00:00\" \/>\n\t\t<meta property=\"article:modified_time\" content=\"2014-07-08T19:17:12+00:00\" \/>\n\t\t<meta name=\"twitter:card\" content=\"summary_large_image\" \/>\n\t\t<meta name=\"twitter:title\" content=\"La ci\u00e8ncia de cada dia: 10. Biodiversitat - Cabil\u00f3R\u00e0dio\" \/>\n\t\t<meta name=\"twitter:description\" content=\"El programa de hui l&#039;hem preparat en pocs dies i es nota la informalitat i un poc la improvisaci\u00f3, per\u00f2 no deixa de ser rigor\u00f2s. Esta vegada tenim col\u00b7laborant a l&#039;amic Pablo Gim\u00e9nez, qui ens ajuda a explicar algunes not\u00edcies d&#039;actualitat cient\u00edfica. I en el tema central, parlem de la Biodiversitat, de la seua distribuci\u00f3\" \/>\n\t\t<meta name=\"twitter:image\" content=\"https:\/\/elcabilo.com\/radio\/files\/2023\/01\/cropped-logo_radio-1.gif\" \/>\n\t\t<script type=\"application\/ld+json\" class=\"aioseo-schema\">\n\t\t\t{\"@context\":\"https:\\\/\\\/schema.org\",\"@graph\":[{\"@type\":\"BlogPosting\",\"@id\":\"https:\\\/\\\/elcabilo.com\\\/radio\\\/2014\\\/07\\\/08\\\/la-ciencia-de-cada-dia-10-biodiversitat\\\/#blogposting\",\"name\":\"La ci\\u00e8ncia de cada dia: 10. Biodiversitat - Cabil\\u00f3R\\u00e0dio\",\"headline\":\"La ci\\u00e8ncia de cada dia: 10. Biodiversitat\",\"author\":{\"@id\":\"https:\\\/\\\/elcabilo.com\\\/radio\\\/author\\\/radio\\\/#author\"},\"publisher\":{\"@id\":\"https:\\\/\\\/elcabilo.com\\\/radio\\\/#organization\"},\"image\":{\"@type\":\"ImageObject\",\"url\":\"https:\\\/\\\/elcabilo.com\\\/radio\\\/files\\\/2014\\\/07\\\/biodiversitat.jpg\",\"width\":1063,\"height\":355},\"datePublished\":\"2014-07-08T00:00:57+02:00\",\"dateModified\":\"2014-07-08T21:17:12+02:00\",\"inLanguage\":\"ca\",\"commentCount\":8,\"mainEntityOfPage\":{\"@id\":\"https:\\\/\\\/elcabilo.com\\\/radio\\\/2014\\\/07\\\/08\\\/la-ciencia-de-cada-dia-10-biodiversitat\\\/#webpage\"},\"isPartOf\":{\"@id\":\"https:\\\/\\\/elcabilo.com\\\/radio\\\/2014\\\/07\\\/08\\\/la-ciencia-de-cada-dia-10-biodiversitat\\\/#webpage\"},\"articleSection\":\"La ci\\u00e8ncia de cada dia\"},{\"@type\":\"BreadcrumbList\",\"@id\":\"https:\\\/\\\/elcabilo.com\\\/radio\\\/2014\\\/07\\\/08\\\/la-ciencia-de-cada-dia-10-biodiversitat\\\/#breadcrumblist\",\"itemListElement\":[{\"@type\":\"ListItem\",\"@id\":\"https:\\\/\\\/elcabilo.com\\\/radio#listItem\",\"position\":1,\"name\":\"Home\",\"item\":\"https:\\\/\\\/elcabilo.com\\\/radio\",\"nextItem\":{\"@type\":\"ListItem\",\"@id\":\"https:\\\/\\\/elcabilo.com\\\/radio\\\/category\\\/programes\\\/#listItem\",\"name\":\"Programes\"}},{\"@type\":\"ListItem\",\"@id\":\"https:\\\/\\\/elcabilo.com\\\/radio\\\/category\\\/programes\\\/#listItem\",\"position\":2,\"name\":\"Programes\",\"item\":\"https:\\\/\\\/elcabilo.com\\\/radio\\\/category\\\/programes\\\/\",\"nextItem\":{\"@type\":\"ListItem\",\"@id\":\"https:\\\/\\\/elcabilo.com\\\/radio\\\/category\\\/programes\\\/ciencia\\\/#listItem\",\"name\":\"La ci\\u00e8ncia de cada dia\"},\"previousItem\":{\"@type\":\"ListItem\",\"@id\":\"https:\\\/\\\/elcabilo.com\\\/radio#listItem\",\"name\":\"Home\"}},{\"@type\":\"ListItem\",\"@id\":\"https:\\\/\\\/elcabilo.com\\\/radio\\\/category\\\/programes\\\/ciencia\\\/#listItem\",\"position\":3,\"name\":\"La ci\\u00e8ncia de cada dia\",\"item\":\"https:\\\/\\\/elcabilo.com\\\/radio\\\/category\\\/programes\\\/ciencia\\\/\",\"nextItem\":{\"@type\":\"ListItem\",\"@id\":\"https:\\\/\\\/elcabilo.com\\\/radio\\\/2014\\\/07\\\/08\\\/la-ciencia-de-cada-dia-10-biodiversitat\\\/#listItem\",\"name\":\"La ci\\u00e8ncia de cada dia: 10. Biodiversitat\"},\"previousItem\":{\"@type\":\"ListItem\",\"@id\":\"https:\\\/\\\/elcabilo.com\\\/radio\\\/category\\\/programes\\\/#listItem\",\"name\":\"Programes\"}},{\"@type\":\"ListItem\",\"@id\":\"https:\\\/\\\/elcabilo.com\\\/radio\\\/2014\\\/07\\\/08\\\/la-ciencia-de-cada-dia-10-biodiversitat\\\/#listItem\",\"position\":4,\"name\":\"La ci\\u00e8ncia de cada dia: 10. Biodiversitat\",\"previousItem\":{\"@type\":\"ListItem\",\"@id\":\"https:\\\/\\\/elcabilo.com\\\/radio\\\/category\\\/programes\\\/ciencia\\\/#listItem\",\"name\":\"La ci\\u00e8ncia de cada dia\"}}]},{\"@type\":\"Organization\",\"@id\":\"https:\\\/\\\/elcabilo.com\\\/radio\\\/#organization\",\"name\":\"Cabil\\u00f3 R\\u00e0dio\",\"description\":\"La r\\u00e0dio online de Sella\",\"url\":\"https:\\\/\\\/elcabilo.com\\\/radio\\\/\",\"logo\":{\"@type\":\"ImageObject\",\"url\":\"https:\\\/\\\/elcabilo.com\\\/radio\\\/files\\\/2023\\\/01\\\/cropped-logo_radio-1.gif\",\"@id\":\"https:\\\/\\\/elcabilo.com\\\/radio\\\/2014\\\/07\\\/08\\\/la-ciencia-de-cada-dia-10-biodiversitat\\\/#organizationLogo\",\"width\":250,\"height\":50},\"image\":{\"@id\":\"https:\\\/\\\/elcabilo.com\\\/radio\\\/2014\\\/07\\\/08\\\/la-ciencia-de-cada-dia-10-biodiversitat\\\/#organizationLogo\"}},{\"@type\":\"Person\",\"@id\":\"https:\\\/\\\/elcabilo.com\\\/radio\\\/author\\\/radio\\\/#author\",\"url\":\"https:\\\/\\\/elcabilo.com\\\/radio\\\/author\\\/radio\\\/\",\"name\":\"radio\",\"image\":{\"@type\":\"ImageObject\",\"@id\":\"https:\\\/\\\/elcabilo.com\\\/radio\\\/2014\\\/07\\\/08\\\/la-ciencia-de-cada-dia-10-biodiversitat\\\/#authorImage\",\"url\":\"https:\\\/\\\/secure.gravatar.com\\\/avatar\\\/bb687b465db46b8e9255d0921cc346091032a91fe77f93721088d5decb8a2d1a?s=96&d=mm&r=g\",\"width\":96,\"height\":96,\"caption\":\"radio\"}},{\"@type\":\"WebPage\",\"@id\":\"https:\\\/\\\/elcabilo.com\\\/radio\\\/2014\\\/07\\\/08\\\/la-ciencia-de-cada-dia-10-biodiversitat\\\/#webpage\",\"url\":\"https:\\\/\\\/elcabilo.com\\\/radio\\\/2014\\\/07\\\/08\\\/la-ciencia-de-cada-dia-10-biodiversitat\\\/\",\"name\":\"La ci\\u00e8ncia de cada dia: 10. Biodiversitat - Cabil\\u00f3R\\u00e0dio\",\"description\":\"El programa de hui l'hem preparat en pocs dies i es nota la informalitat i un poc la improvisaci\\u00f3, per\\u00f2 no deixa de ser rigor\\u00f2s. Esta vegada tenim col\\u00b7laborant a l'amic Pablo Gim\\u00e9nez, qui ens ajuda a explicar algunes not\\u00edcies d'actualitat cient\\u00edfica. I en el tema central, parlem de la Biodiversitat, de la seua distribuci\\u00f3\",\"inLanguage\":\"ca\",\"isPartOf\":{\"@id\":\"https:\\\/\\\/elcabilo.com\\\/radio\\\/#website\"},\"breadcrumb\":{\"@id\":\"https:\\\/\\\/elcabilo.com\\\/radio\\\/2014\\\/07\\\/08\\\/la-ciencia-de-cada-dia-10-biodiversitat\\\/#breadcrumblist\"},\"author\":{\"@id\":\"https:\\\/\\\/elcabilo.com\\\/radio\\\/author\\\/radio\\\/#author\"},\"creator\":{\"@id\":\"https:\\\/\\\/elcabilo.com\\\/radio\\\/author\\\/radio\\\/#author\"},\"image\":{\"@type\":\"ImageObject\",\"url\":\"https:\\\/\\\/elcabilo.com\\\/radio\\\/files\\\/2014\\\/07\\\/biodiversitat.jpg\",\"@id\":\"https:\\\/\\\/elcabilo.com\\\/radio\\\/2014\\\/07\\\/08\\\/la-ciencia-de-cada-dia-10-biodiversitat\\\/#mainImage\",\"width\":1063,\"height\":355},\"primaryImageOfPage\":{\"@id\":\"https:\\\/\\\/elcabilo.com\\\/radio\\\/2014\\\/07\\\/08\\\/la-ciencia-de-cada-dia-10-biodiversitat\\\/#mainImage\"},\"datePublished\":\"2014-07-08T00:00:57+02:00\",\"dateModified\":\"2014-07-08T21:17:12+02:00\"},{\"@type\":\"WebSite\",\"@id\":\"https:\\\/\\\/elcabilo.com\\\/radio\\\/#website\",\"url\":\"https:\\\/\\\/elcabilo.com\\\/radio\\\/\",\"name\":\"Cabil\\u00f3 R\\u00e0dio\",\"description\":\"La r\\u00e0dio online de Sella\",\"inLanguage\":\"ca\",\"publisher\":{\"@id\":\"https:\\\/\\\/elcabilo.com\\\/radio\\\/#organization\"}}]}\n\t\t<\/script>\n\t\t<!-- All in One SEO -->\n\n","aioseo_head_json":{"title":"La ci\u00e8ncia de cada dia: 10. Biodiversitat - Cabil\u00f3R\u00e0dio","description":"El programa de hui l'hem preparat en pocs dies i es nota la informalitat i un poc la improvisaci\u00f3, per\u00f2 no deixa de ser rigor\u00f2s. Esta vegada tenim col\u00b7laborant a l'amic Pablo Gim\u00e9nez, qui ens ajuda a explicar algunes not\u00edcies d'actualitat cient\u00edfica. I en el tema central, parlem de la Biodiversitat, de la seua distribuci\u00f3","canonical_url":"https:\/\/elcabilo.com\/radio\/2014\/07\/08\/la-ciencia-de-cada-dia-10-biodiversitat\/","robots":"max-image-preview:large","keywords":"","webmasterTools":{"miscellaneous":""},"schema":{"@context":"https:\/\/schema.org","@graph":[{"@type":"BlogPosting","@id":"https:\/\/elcabilo.com\/radio\/2014\/07\/08\/la-ciencia-de-cada-dia-10-biodiversitat\/#blogposting","name":"La ci\u00e8ncia de cada dia: 10. Biodiversitat - Cabil\u00f3R\u00e0dio","headline":"La ci\u00e8ncia de cada dia: 10. Biodiversitat","author":{"@id":"https:\/\/elcabilo.com\/radio\/author\/radio\/#author"},"publisher":{"@id":"https:\/\/elcabilo.com\/radio\/#organization"},"image":{"@type":"ImageObject","url":"https:\/\/elcabilo.com\/radio\/files\/2014\/07\/biodiversitat.jpg","width":1063,"height":355},"datePublished":"2014-07-08T00:00:57+02:00","dateModified":"2014-07-08T21:17:12+02:00","inLanguage":"ca","commentCount":8,"mainEntityOfPage":{"@id":"https:\/\/elcabilo.com\/radio\/2014\/07\/08\/la-ciencia-de-cada-dia-10-biodiversitat\/#webpage"},"isPartOf":{"@id":"https:\/\/elcabilo.com\/radio\/2014\/07\/08\/la-ciencia-de-cada-dia-10-biodiversitat\/#webpage"},"articleSection":"La ci\u00e8ncia de cada dia"},{"@type":"BreadcrumbList","@id":"https:\/\/elcabilo.com\/radio\/2014\/07\/08\/la-ciencia-de-cada-dia-10-biodiversitat\/#breadcrumblist","itemListElement":[{"@type":"ListItem","@id":"https:\/\/elcabilo.com\/radio#listItem","position":1,"name":"Home","item":"https:\/\/elcabilo.com\/radio","nextItem":{"@type":"ListItem","@id":"https:\/\/elcabilo.com\/radio\/category\/programes\/#listItem","name":"Programes"}},{"@type":"ListItem","@id":"https:\/\/elcabilo.com\/radio\/category\/programes\/#listItem","position":2,"name":"Programes","item":"https:\/\/elcabilo.com\/radio\/category\/programes\/","nextItem":{"@type":"ListItem","@id":"https:\/\/elcabilo.com\/radio\/category\/programes\/ciencia\/#listItem","name":"La ci\u00e8ncia de cada dia"},"previousItem":{"@type":"ListItem","@id":"https:\/\/elcabilo.com\/radio#listItem","name":"Home"}},{"@type":"ListItem","@id":"https:\/\/elcabilo.com\/radio\/category\/programes\/ciencia\/#listItem","position":3,"name":"La ci\u00e8ncia de cada dia","item":"https:\/\/elcabilo.com\/radio\/category\/programes\/ciencia\/","nextItem":{"@type":"ListItem","@id":"https:\/\/elcabilo.com\/radio\/2014\/07\/08\/la-ciencia-de-cada-dia-10-biodiversitat\/#listItem","name":"La ci\u00e8ncia de cada dia: 10. Biodiversitat"},"previousItem":{"@type":"ListItem","@id":"https:\/\/elcabilo.com\/radio\/category\/programes\/#listItem","name":"Programes"}},{"@type":"ListItem","@id":"https:\/\/elcabilo.com\/radio\/2014\/07\/08\/la-ciencia-de-cada-dia-10-biodiversitat\/#listItem","position":4,"name":"La ci\u00e8ncia de cada dia: 10. Biodiversitat","previousItem":{"@type":"ListItem","@id":"https:\/\/elcabilo.com\/radio\/category\/programes\/ciencia\/#listItem","name":"La ci\u00e8ncia de cada dia"}}]},{"@type":"Organization","@id":"https:\/\/elcabilo.com\/radio\/#organization","name":"Cabil\u00f3 R\u00e0dio","description":"La r\u00e0dio online de Sella","url":"https:\/\/elcabilo.com\/radio\/","logo":{"@type":"ImageObject","url":"https:\/\/elcabilo.com\/radio\/files\/2023\/01\/cropped-logo_radio-1.gif","@id":"https:\/\/elcabilo.com\/radio\/2014\/07\/08\/la-ciencia-de-cada-dia-10-biodiversitat\/#organizationLogo","width":250,"height":50},"image":{"@id":"https:\/\/elcabilo.com\/radio\/2014\/07\/08\/la-ciencia-de-cada-dia-10-biodiversitat\/#organizationLogo"}},{"@type":"Person","@id":"https:\/\/elcabilo.com\/radio\/author\/radio\/#author","url":"https:\/\/elcabilo.com\/radio\/author\/radio\/","name":"radio","image":{"@type":"ImageObject","@id":"https:\/\/elcabilo.com\/radio\/2014\/07\/08\/la-ciencia-de-cada-dia-10-biodiversitat\/#authorImage","url":"https:\/\/secure.gravatar.com\/avatar\/bb687b465db46b8e9255d0921cc346091032a91fe77f93721088d5decb8a2d1a?s=96&d=mm&r=g","width":96,"height":96,"caption":"radio"}},{"@type":"WebPage","@id":"https:\/\/elcabilo.com\/radio\/2014\/07\/08\/la-ciencia-de-cada-dia-10-biodiversitat\/#webpage","url":"https:\/\/elcabilo.com\/radio\/2014\/07\/08\/la-ciencia-de-cada-dia-10-biodiversitat\/","name":"La ci\u00e8ncia de cada dia: 10. Biodiversitat - Cabil\u00f3R\u00e0dio","description":"El programa de hui l'hem preparat en pocs dies i es nota la informalitat i un poc la improvisaci\u00f3, per\u00f2 no deixa de ser rigor\u00f2s. Esta vegada tenim col\u00b7laborant a l'amic Pablo Gim\u00e9nez, qui ens ajuda a explicar algunes not\u00edcies d'actualitat cient\u00edfica. I en el tema central, parlem de la Biodiversitat, de la seua distribuci\u00f3","inLanguage":"ca","isPartOf":{"@id":"https:\/\/elcabilo.com\/radio\/#website"},"breadcrumb":{"@id":"https:\/\/elcabilo.com\/radio\/2014\/07\/08\/la-ciencia-de-cada-dia-10-biodiversitat\/#breadcrumblist"},"author":{"@id":"https:\/\/elcabilo.com\/radio\/author\/radio\/#author"},"creator":{"@id":"https:\/\/elcabilo.com\/radio\/author\/radio\/#author"},"image":{"@type":"ImageObject","url":"https:\/\/elcabilo.com\/radio\/files\/2014\/07\/biodiversitat.jpg","@id":"https:\/\/elcabilo.com\/radio\/2014\/07\/08\/la-ciencia-de-cada-dia-10-biodiversitat\/#mainImage","width":1063,"height":355},"primaryImageOfPage":{"@id":"https:\/\/elcabilo.com\/radio\/2014\/07\/08\/la-ciencia-de-cada-dia-10-biodiversitat\/#mainImage"},"datePublished":"2014-07-08T00:00:57+02:00","dateModified":"2014-07-08T21:17:12+02:00"},{"@type":"WebSite","@id":"https:\/\/elcabilo.com\/radio\/#website","url":"https:\/\/elcabilo.com\/radio\/","name":"Cabil\u00f3 R\u00e0dio","description":"La r\u00e0dio online de Sella","inLanguage":"ca","publisher":{"@id":"https:\/\/elcabilo.com\/radio\/#organization"}}]},"og:locale":"ca_ES","og:site_name":"Cabil\u00f3R\u00e0dio - La r\u00e0dio online de Sella","og:type":"article","og:title":"La ci\u00e8ncia de cada dia: 10. Biodiversitat - Cabil\u00f3R\u00e0dio","og:description":"El programa de hui l'hem preparat en pocs dies i es nota la informalitat i un poc la improvisaci\u00f3, per\u00f2 no deixa de ser rigor\u00f2s. Esta vegada tenim col\u00b7laborant a l'amic Pablo Gim\u00e9nez, qui ens ajuda a explicar algunes not\u00edcies d'actualitat cient\u00edfica. I en el tema central, parlem de la Biodiversitat, de la seua distribuci\u00f3","og:url":"https:\/\/elcabilo.com\/radio\/2014\/07\/08\/la-ciencia-de-cada-dia-10-biodiversitat\/","og:image":"https:\/\/elcabilo.com\/radio\/files\/2023\/01\/cropped-logo_radio-1.gif","og:image:secure_url":"https:\/\/elcabilo.com\/radio\/files\/2023\/01\/cropped-logo_radio-1.gif","article:published_time":"2014-07-07T22:00:57+00:00","article:modified_time":"2014-07-08T19:17:12+00:00","twitter:card":"summary_large_image","twitter:title":"La ci\u00e8ncia de cada dia: 10. Biodiversitat - Cabil\u00f3R\u00e0dio","twitter:description":"El programa de hui l'hem preparat en pocs dies i es nota la informalitat i un poc la improvisaci\u00f3, per\u00f2 no deixa de ser rigor\u00f2s. Esta vegada tenim col\u00b7laborant a l'amic Pablo Gim\u00e9nez, qui ens ajuda a explicar algunes not\u00edcies d'actualitat cient\u00edfica. I en el tema central, parlem de la Biodiversitat, de la seua distribuci\u00f3","twitter:image":"https:\/\/elcabilo.com\/radio\/files\/2023\/01\/cropped-logo_radio-1.gif"},"aioseo_meta_data":{"post_id":"1469","title":null,"description":null,"keywords":null,"keyphrases":null,"primary_term":null,"canonical_url":null,"og_title":null,"og_description":null,"og_object_type":"default","og_image_type":"default","og_image_url":null,"og_image_width":null,"og_image_height":null,"og_image_custom_url":null,"og_image_custom_fields":null,"og_video":null,"og_custom_url":null,"og_article_section":null,"og_article_tags":null,"twitter_use_og":false,"twitter_card":"default","twitter_image_type":"default","twitter_image_url":null,"twitter_image_custom_url":null,"twitter_image_custom_fields":null,"twitter_title":null,"twitter_description":null,"schema":{"blockGraphs":[],"customGraphs":[],"default":{"data":{"Article":[],"Course":[],"Dataset":[],"FAQPage":[],"Movie":[],"Person":[],"Product":[],"ProductReview":[],"Car":[],"Recipe":[],"Service":[],"SoftwareApplication":[],"WebPage":[]},"graphName":"","isEnabled":true},"graphs":[]},"schema_type":"default","schema_type_options":null,"pillar_content":false,"robots_default":true,"robots_noindex":false,"robots_noarchive":false,"robots_nosnippet":false,"robots_nofollow":false,"robots_noimageindex":false,"robots_noodp":false,"robots_notranslate":false,"robots_max_snippet":null,"robots_max_videopreview":null,"robots_max_imagepreview":"large","priority":null,"frequency":null,"local_seo":null,"breadcrumb_settings":null,"limit_modified_date":false,"ai":null,"created":"2023-01-27 22:18:46","updated":"2025-06-08 19:31:31","seo_analyzer_scan_date":null,"focus_keyword":null,"additional_keywords":null,"truseo_locale":null},"aioseo_breadcrumb":"<div class=\"aioseo-breadcrumbs\"><span class=\"aioseo-breadcrumb\">\n\t\t\t<a href=\"https:\/\/elcabilo.com\/radio\" title=\"Home\">Home<\/a>\n\t\t<\/span><span class=\"aioseo-breadcrumb-separator\">&raquo;<\/span><span class=\"aioseo-breadcrumb\">\n\t\t\t<a href=\"https:\/\/elcabilo.com\/radio\/category\/programes\/\" title=\"Programes\">Programes<\/a>\n\t\t<\/span><span class=\"aioseo-breadcrumb-separator\">&raquo;<\/span><span class=\"aioseo-breadcrumb\">\n\t\t\t<a href=\"https:\/\/elcabilo.com\/radio\/category\/programes\/ciencia\/\" title=\"La ci\u00e8ncia de cada dia\">La ci\u00e8ncia de cada dia<\/a>\n\t\t<\/span><span class=\"aioseo-breadcrumb-separator\">&raquo;<\/span><span class=\"aioseo-breadcrumb\">\n\t\t\tLa ci\u00e8ncia de cada dia: 10. Biodiversitat\n\t\t<\/span><\/div>","aioseo_breadcrumb_json":[{"label":"Home","link":"https:\/\/elcabilo.com\/radio"},{"label":"Programes","link":"https:\/\/elcabilo.com\/radio\/category\/programes\/"},{"label":"La ci\u00e8ncia de cada dia","link":"https:\/\/elcabilo.com\/radio\/category\/programes\/ciencia\/"},{"label":"La ci\u00e8ncia de cada dia: 10. Biodiversitat","link":"https:\/\/elcabilo.com\/radio\/2014\/07\/08\/la-ciencia-de-cada-dia-10-biodiversitat\/"}],"_links":{"self":[{"href":"https:\/\/elcabilo.com\/radio\/wp-json\/wp\/v2\/posts\/1469","targetHints":{"allow":["GET"]}}],"collection":[{"href":"https:\/\/elcabilo.com\/radio\/wp-json\/wp\/v2\/posts"}],"about":[{"href":"https:\/\/elcabilo.com\/radio\/wp-json\/wp\/v2\/types\/post"}],"author":[{"embeddable":true,"href":"https:\/\/elcabilo.com\/radio\/wp-json\/wp\/v2\/users\/272"}],"replies":[{"embeddable":true,"href":"https:\/\/elcabilo.com\/radio\/wp-json\/wp\/v2\/comments?post=1469"}],"version-history":[{"count":0,"href":"https:\/\/elcabilo.com\/radio\/wp-json\/wp\/v2\/posts\/1469\/revisions"}],"wp:featuredmedia":[{"embeddable":true,"href":"https:\/\/elcabilo.com\/radio\/wp-json\/wp\/v2\/media\/1475"}],"wp:attachment":[{"href":"https:\/\/elcabilo.com\/radio\/wp-json\/wp\/v2\/media?parent=1469"}],"wp:term":[{"taxonomy":"category","embeddable":true,"href":"https:\/\/elcabilo.com\/radio\/wp-json\/wp\/v2\/categories?post=1469"},{"taxonomy":"post_tag","embeddable":true,"href":"https:\/\/elcabilo.com\/radio\/wp-json\/wp\/v2\/tags?post=1469"}],"curies":[{"name":"wp","href":"https:\/\/api.w.org\/{rel}","templated":true}]}}