{"id":1521,"date":"2014-09-08T00:00:11","date_gmt":"2014-09-07T22:00:11","guid":{"rendered":"http:\/\/elcabilo.com\/radio\/?p=1521"},"modified":"2014-09-09T23:58:36","modified_gmt":"2014-09-09T21:58:36","slug":"la-ciencia-de-cada-dia-11-el-cancer","status":"publish","type":"post","link":"https:\/\/elcabilo.com\/radio\/2014\/09\/08\/la-ciencia-de-cada-dia-11-el-cancer\/","title":{"rendered":"La Ci\u00e8ncia de cada dia: 11. La malaltia del c\u00e0ncer"},"content":{"rendered":"<p style=\"text-align: justify;\">El c\u00e0ncer \u00e9s una malaltia que cada vegada \u00e9s m\u00e9s comuna per\u00f2 que, encara, quan parlem d&#8217;ella, baixem un poc la veu com si f\u00f3ra un tab\u00fa. Tal volta ho fem per la seua perillositat i perqu\u00e8 el que sabem d&#8217;ella ve d&#8217;informacions disperses.<\/p>\n<p style=\"text-align: justify;\">Hui tenim de convidat a Vicent P\u00e9rez, m\u00e9s conegut com Vicen, qui ens ajudar\u00e0 a explicar algunes not\u00edcies d&#8217;actualitat cient\u00edfica i qui, gr\u00e0cies a la seua formaci\u00f3 en biologia molecular, ens explicar\u00e0 tot el que necessitem saber sobre el c\u00e0ncer.<\/p>\n<div style=\"text-align: justify;\"><\/div>\n<div style=\"text-align: center;\"><a id=\"mbmaplayer_1410119919951\" class=\"mb_map {skin:'blue', animate:true, width:'200', volume:0.6, autoplay:false, loop:false, showVolumeLevel:true, showTime:true, showRew:true, downloadable:true, downloadablesecurity:false, id3: false}\" href=\"https:\/\/archive.org\/download\/Ciencia_11\/Programa_11-Malaltia_del_cancer.mp3\">La ci\u00e8ncia de cada dia &#8211; Programa 11<\/a><\/div>\n<p>Si vols m\u00e9s informaci\u00f3 sobre les not\u00edcies que contem (polsa <em>llegir m\u00e9s<\/em>):<\/p>\n<p><!--more--><\/p>\n<p><span lang=\"CA\">&#8211; Apropament de la nau Rosetta al sat\u00e8l\u00b7lit: <\/span><span lang=\"CA\"><a href=\"http:\/\/www.elmundo.es\/ciencia\/2014\/08\/06\/53e1ef51e2704e597a8b456c.html\">http:\/\/www.elmundo.es\/ciencia\/2014\/08\/06\/53e1ef51e2704e597a8b456c.html<\/a><\/span> \/ <span lang=\"CA\"><a href=\"http:\/\/vozpopuli.com\/next\/47628-por-que-la-mision-rosetta-deberia-ponerte-los-pelos-de-punta\">http:\/\/vozpopuli.com\/next\/47628-por-que-la-mision-rosetta-deberia-ponerte-los-pelos-de-punta<\/a><\/span><\/p>\n<p>&#8211; Regeneraci\u00f3 de la cua de les sargantanes: <span lang=\"CA\"><a href=\"http:\/\/www.huffingtonpost.com\/2014\/08\/21\/lizards-regrow-tails-humans_n_5694899.html\">http:\/\/www.huffingtonpost.com\/2014\/08\/21\/lizards-regrow-tails-humans_n_5694899.html<\/a><\/span><\/p>\n<p><span lang=\"CA\">&#8211; Vidres per obtenir energia solar: <a href=\"http:\/\/vozpopuli.com\/next\/48251-este-cristal-deja-pasar-la-luz-y-obtiene-energia-solar\">http:\/\/vozpopuli.com\/next\/48251-este-cristal-deja-pasar-la-luz-y-obtiene-energia-solar<\/a><\/span><\/p>\n<p>&#8211; Explicaci\u00f3 del parkinson gr\u00e0cies als prions: <span lang=\"CA\"><a href=\"http:\/\/www.agenciasinc.es\/Reportajes\/Priones-que-saltan-del-intestino-al-cerebro-la-ultima-explicacion-del-parkinson\">http:\/\/www.agenciasinc.es\/Reportajes\/Priones-que-saltan-del-intestino-al-cerebro-la-ultima-explicacion-del-parkinson<\/a><\/span><\/p>\n<p>&#8211; Radicals hidroxil formats en la superf\u00edcie dels n\u00favols: <a href=\"http:\/\/www.dicat.csic.es\/dicat\/ca\/noticias\/355-la-superficie-dels-nuvols-produeix-una-inesperada-quantitat-de-radicals-hidroxil-netejadors-de-l-atmosfera\">http:\/\/www.dicat.csic.es\/dicat\/ca\/noticias\/355-la-superficie-dels-nuvols-produeix-una-inesperada-quantitat-de-radicals-hidroxil-netejadors-de-l-atmosfera<\/a><\/p>\n","protected":false},"excerpt":{"rendered":"<p>El c\u00e0ncer \u00e9s una malaltia que cada vegada \u00e9s m\u00e9s comuna per\u00f2 que, encara, quan parlem d&#8217;ella, baixem un poc la veu com si f\u00f3ra un tab\u00fa. Tal volta ho fem per la seua perillositat i perqu\u00e8 el que sabem d&#8217;ella ve d&#8217;informacions disperses. Hui tenim de convidat a Vicent P\u00e9rez, m\u00e9s conegut com Vicen, [&hellip;]<\/p>\n","protected":false},"author":272,"featured_media":1522,"comment_status":"open","ping_status":"open","sticky":false,"template":"","format":"standard","meta":{"_exactmetrics_skip_tracking":false,"footnotes":""},"categories":[9],"tags":[],"class_list":["post-1521","post","type-post","status-publish","format-standard","has-post-thumbnail","hentry","category-ciencia"],"aioseo_notices":[],"aioseo_head":"\n\t\t<!-- All in One SEO 5.0.1 - aioseo.com -->\n\t<meta name=\"description\" content=\"El c\u00e0ncer \u00e9s una malaltia que cada vegada \u00e9s m\u00e9s comuna per\u00f2 que, encara, quan parlem d&#039;ella, baixem un poc la veu com si f\u00f3ra un tab\u00fa. Tal volta ho fem per la seua perillositat i perqu\u00e8 el que sabem d&#039;ella ve d&#039;informacions disperses. Hui tenim de convidat a Vicent P\u00e9rez, m\u00e9s conegut com Vicen,\" \/>\n\t<meta name=\"robots\" content=\"max-image-preview:large\" \/>\n\t<meta name=\"author\" content=\"radio\"\/>\n\t<link rel=\"canonical\" href=\"https:\/\/elcabilo.com\/radio\/2014\/09\/08\/la-ciencia-de-cada-dia-11-el-cancer\/\" \/>\n\t<meta name=\"generator\" content=\"All in One SEO (AIOSEO) 5.0.1\" \/>\n\t\t<meta property=\"og:locale\" content=\"ca_ES\" \/>\n\t\t<meta property=\"og:site_name\" content=\"Cabil\u00f3R\u00e0dio - La r\u00e0dio online de Sella\" \/>\n\t\t<meta property=\"og:type\" content=\"article\" \/>\n\t\t<meta property=\"og:title\" content=\"La Ci\u00e8ncia de cada dia: 11. La malaltia del c\u00e0ncer - Cabil\u00f3R\u00e0dio\" \/>\n\t\t<meta property=\"og:description\" content=\"El c\u00e0ncer \u00e9s una malaltia que cada vegada \u00e9s m\u00e9s comuna per\u00f2 que, encara, quan parlem d&#039;ella, baixem un poc la veu com si f\u00f3ra un tab\u00fa. Tal volta ho fem per la seua perillositat i perqu\u00e8 el que sabem d&#039;ella ve d&#039;informacions disperses. Hui tenim de convidat a Vicent P\u00e9rez, m\u00e9s conegut com Vicen,\" \/>\n\t\t<meta property=\"og:url\" content=\"https:\/\/elcabilo.com\/radio\/2014\/09\/08\/la-ciencia-de-cada-dia-11-el-cancer\/\" \/>\n\t\t<meta property=\"og:image\" content=\"https:\/\/elcabilo.com\/radio\/files\/2023\/01\/cropped-logo_radio-1.gif\" \/>\n\t\t<meta property=\"og:image:secure_url\" content=\"https:\/\/elcabilo.com\/radio\/files\/2023\/01\/cropped-logo_radio-1.gif\" \/>\n\t\t<meta property=\"article:published_time\" content=\"2014-09-07T22:00:11+00:00\" \/>\n\t\t<meta property=\"article:modified_time\" content=\"2014-09-09T21:58:36+00:00\" \/>\n\t\t<meta name=\"twitter:card\" content=\"summary_large_image\" \/>\n\t\t<meta name=\"twitter:title\" content=\"La Ci\u00e8ncia de cada dia: 11. La malaltia del c\u00e0ncer - Cabil\u00f3R\u00e0dio\" \/>\n\t\t<meta name=\"twitter:description\" content=\"El c\u00e0ncer \u00e9s una malaltia que cada vegada \u00e9s m\u00e9s comuna per\u00f2 que, encara, quan parlem d&#039;ella, baixem un poc la veu com si f\u00f3ra un tab\u00fa. Tal volta ho fem per la seua perillositat i perqu\u00e8 el que sabem d&#039;ella ve d&#039;informacions disperses. Hui tenim de convidat a Vicent P\u00e9rez, m\u00e9s conegut com Vicen,\" \/>\n\t\t<meta name=\"twitter:image\" content=\"https:\/\/elcabilo.com\/radio\/files\/2023\/01\/cropped-logo_radio-1.gif\" \/>\n\t\t<script type=\"application\/ld+json\" class=\"aioseo-schema\">\n\t\t\t{\"@context\":\"https:\\\/\\\/schema.org\",\"@graph\":[{\"@type\":\"BlogPosting\",\"@id\":\"https:\\\/\\\/elcabilo.com\\\/radio\\\/2014\\\/09\\\/08\\\/la-ciencia-de-cada-dia-11-el-cancer\\\/#blogposting\",\"name\":\"La Ci\\u00e8ncia de cada dia: 11. La malaltia del c\\u00e0ncer - Cabil\\u00f3R\\u00e0dio\",\"headline\":\"La Ci\\u00e8ncia de cada dia: 11. La malaltia del c\\u00e0ncer\",\"author\":{\"@id\":\"https:\\\/\\\/elcabilo.com\\\/radio\\\/author\\\/radio\\\/#author\"},\"publisher\":{\"@id\":\"https:\\\/\\\/elcabilo.com\\\/radio\\\/#organization\"},\"image\":{\"@type\":\"ImageObject\",\"url\":\"https:\\\/\\\/elcabilo.com\\\/radio\\\/files\\\/2014\\\/09\\\/ciencia-setembre-14.jpg\",\"width\":593,\"height\":197},\"datePublished\":\"2014-09-08T00:00:11+02:00\",\"dateModified\":\"2014-09-09T23:58:36+02:00\",\"inLanguage\":\"ca\",\"commentCount\":8,\"mainEntityOfPage\":{\"@id\":\"https:\\\/\\\/elcabilo.com\\\/radio\\\/2014\\\/09\\\/08\\\/la-ciencia-de-cada-dia-11-el-cancer\\\/#webpage\"},\"isPartOf\":{\"@id\":\"https:\\\/\\\/elcabilo.com\\\/radio\\\/2014\\\/09\\\/08\\\/la-ciencia-de-cada-dia-11-el-cancer\\\/#webpage\"},\"articleSection\":\"La ci\\u00e8ncia de cada dia\"},{\"@type\":\"BreadcrumbList\",\"@id\":\"https:\\\/\\\/elcabilo.com\\\/radio\\\/2014\\\/09\\\/08\\\/la-ciencia-de-cada-dia-11-el-cancer\\\/#breadcrumblist\",\"itemListElement\":[{\"@type\":\"ListItem\",\"@id\":\"https:\\\/\\\/elcabilo.com\\\/radio#listItem\",\"position\":1,\"name\":\"Home\",\"item\":\"https:\\\/\\\/elcabilo.com\\\/radio\",\"nextItem\":{\"@type\":\"ListItem\",\"@id\":\"https:\\\/\\\/elcabilo.com\\\/radio\\\/category\\\/programes\\\/#listItem\",\"name\":\"Programes\"}},{\"@type\":\"ListItem\",\"@id\":\"https:\\\/\\\/elcabilo.com\\\/radio\\\/category\\\/programes\\\/#listItem\",\"position\":2,\"name\":\"Programes\",\"item\":\"https:\\\/\\\/elcabilo.com\\\/radio\\\/category\\\/programes\\\/\",\"nextItem\":{\"@type\":\"ListItem\",\"@id\":\"https:\\\/\\\/elcabilo.com\\\/radio\\\/category\\\/programes\\\/ciencia\\\/#listItem\",\"name\":\"La ci\\u00e8ncia de cada dia\"},\"previousItem\":{\"@type\":\"ListItem\",\"@id\":\"https:\\\/\\\/elcabilo.com\\\/radio#listItem\",\"name\":\"Home\"}},{\"@type\":\"ListItem\",\"@id\":\"https:\\\/\\\/elcabilo.com\\\/radio\\\/category\\\/programes\\\/ciencia\\\/#listItem\",\"position\":3,\"name\":\"La ci\\u00e8ncia de cada dia\",\"item\":\"https:\\\/\\\/elcabilo.com\\\/radio\\\/category\\\/programes\\\/ciencia\\\/\",\"nextItem\":{\"@type\":\"ListItem\",\"@id\":\"https:\\\/\\\/elcabilo.com\\\/radio\\\/2014\\\/09\\\/08\\\/la-ciencia-de-cada-dia-11-el-cancer\\\/#listItem\",\"name\":\"La Ci\\u00e8ncia de cada dia: 11. La malaltia del c\\u00e0ncer\"},\"previousItem\":{\"@type\":\"ListItem\",\"@id\":\"https:\\\/\\\/elcabilo.com\\\/radio\\\/category\\\/programes\\\/#listItem\",\"name\":\"Programes\"}},{\"@type\":\"ListItem\",\"@id\":\"https:\\\/\\\/elcabilo.com\\\/radio\\\/2014\\\/09\\\/08\\\/la-ciencia-de-cada-dia-11-el-cancer\\\/#listItem\",\"position\":4,\"name\":\"La Ci\\u00e8ncia de cada dia: 11. La malaltia del c\\u00e0ncer\",\"previousItem\":{\"@type\":\"ListItem\",\"@id\":\"https:\\\/\\\/elcabilo.com\\\/radio\\\/category\\\/programes\\\/ciencia\\\/#listItem\",\"name\":\"La ci\\u00e8ncia de cada dia\"}}]},{\"@type\":\"Organization\",\"@id\":\"https:\\\/\\\/elcabilo.com\\\/radio\\\/#organization\",\"name\":\"Cabil\\u00f3 R\\u00e0dio\",\"description\":\"La r\\u00e0dio online de Sella\",\"url\":\"https:\\\/\\\/elcabilo.com\\\/radio\\\/\",\"logo\":{\"@type\":\"ImageObject\",\"url\":\"https:\\\/\\\/elcabilo.com\\\/radio\\\/files\\\/2023\\\/01\\\/cropped-logo_radio-1.gif\",\"@id\":\"https:\\\/\\\/elcabilo.com\\\/radio\\\/2014\\\/09\\\/08\\\/la-ciencia-de-cada-dia-11-el-cancer\\\/#organizationLogo\",\"width\":250,\"height\":50},\"image\":{\"@id\":\"https:\\\/\\\/elcabilo.com\\\/radio\\\/2014\\\/09\\\/08\\\/la-ciencia-de-cada-dia-11-el-cancer\\\/#organizationLogo\"}},{\"@type\":\"Person\",\"@id\":\"https:\\\/\\\/elcabilo.com\\\/radio\\\/author\\\/radio\\\/#author\",\"url\":\"https:\\\/\\\/elcabilo.com\\\/radio\\\/author\\\/radio\\\/\",\"name\":\"radio\",\"image\":{\"@type\":\"ImageObject\",\"@id\":\"https:\\\/\\\/elcabilo.com\\\/radio\\\/2014\\\/09\\\/08\\\/la-ciencia-de-cada-dia-11-el-cancer\\\/#authorImage\",\"url\":\"https:\\\/\\\/secure.gravatar.com\\\/avatar\\\/bb687b465db46b8e9255d0921cc346091032a91fe77f93721088d5decb8a2d1a?s=96&d=mm&r=g\",\"width\":96,\"height\":96,\"caption\":\"radio\"}},{\"@type\":\"WebPage\",\"@id\":\"https:\\\/\\\/elcabilo.com\\\/radio\\\/2014\\\/09\\\/08\\\/la-ciencia-de-cada-dia-11-el-cancer\\\/#webpage\",\"url\":\"https:\\\/\\\/elcabilo.com\\\/radio\\\/2014\\\/09\\\/08\\\/la-ciencia-de-cada-dia-11-el-cancer\\\/\",\"name\":\"La Ci\\u00e8ncia de cada dia: 11. La malaltia del c\\u00e0ncer - Cabil\\u00f3R\\u00e0dio\",\"description\":\"El c\\u00e0ncer \\u00e9s una malaltia que cada vegada \\u00e9s m\\u00e9s comuna per\\u00f2 que, encara, quan parlem d'ella, baixem un poc la veu com si f\\u00f3ra un tab\\u00fa. Tal volta ho fem per la seua perillositat i perqu\\u00e8 el que sabem d'ella ve d'informacions disperses. Hui tenim de convidat a Vicent P\\u00e9rez, m\\u00e9s conegut com Vicen,\",\"inLanguage\":\"ca\",\"isPartOf\":{\"@id\":\"https:\\\/\\\/elcabilo.com\\\/radio\\\/#website\"},\"breadcrumb\":{\"@id\":\"https:\\\/\\\/elcabilo.com\\\/radio\\\/2014\\\/09\\\/08\\\/la-ciencia-de-cada-dia-11-el-cancer\\\/#breadcrumblist\"},\"author\":{\"@id\":\"https:\\\/\\\/elcabilo.com\\\/radio\\\/author\\\/radio\\\/#author\"},\"creator\":{\"@id\":\"https:\\\/\\\/elcabilo.com\\\/radio\\\/author\\\/radio\\\/#author\"},\"image\":{\"@type\":\"ImageObject\",\"url\":\"https:\\\/\\\/elcabilo.com\\\/radio\\\/files\\\/2014\\\/09\\\/ciencia-setembre-14.jpg\",\"@id\":\"https:\\\/\\\/elcabilo.com\\\/radio\\\/2014\\\/09\\\/08\\\/la-ciencia-de-cada-dia-11-el-cancer\\\/#mainImage\",\"width\":593,\"height\":197},\"primaryImageOfPage\":{\"@id\":\"https:\\\/\\\/elcabilo.com\\\/radio\\\/2014\\\/09\\\/08\\\/la-ciencia-de-cada-dia-11-el-cancer\\\/#mainImage\"},\"datePublished\":\"2014-09-08T00:00:11+02:00\",\"dateModified\":\"2014-09-09T23:58:36+02:00\"},{\"@type\":\"WebSite\",\"@id\":\"https:\\\/\\\/elcabilo.com\\\/radio\\\/#website\",\"url\":\"https:\\\/\\\/elcabilo.com\\\/radio\\\/\",\"name\":\"Cabil\\u00f3 R\\u00e0dio\",\"description\":\"La r\\u00e0dio online de Sella\",\"inLanguage\":\"ca\",\"publisher\":{\"@id\":\"https:\\\/\\\/elcabilo.com\\\/radio\\\/#organization\"}}]}\n\t\t<\/script>\n\t\t<!-- All in One SEO -->\n\n","aioseo_head_json":{"title":"La Ci\u00e8ncia de cada dia: 11. La malaltia del c\u00e0ncer - Cabil\u00f3R\u00e0dio","description":"El c\u00e0ncer \u00e9s una malaltia que cada vegada \u00e9s m\u00e9s comuna per\u00f2 que, encara, quan parlem d'ella, baixem un poc la veu com si f\u00f3ra un tab\u00fa. Tal volta ho fem per la seua perillositat i perqu\u00e8 el que sabem d'ella ve d'informacions disperses. Hui tenim de convidat a Vicent P\u00e9rez, m\u00e9s conegut com Vicen,","canonical_url":"https:\/\/elcabilo.com\/radio\/2014\/09\/08\/la-ciencia-de-cada-dia-11-el-cancer\/","robots":"max-image-preview:large","keywords":"","webmasterTools":{"miscellaneous":""},"schema":{"@context":"https:\/\/schema.org","@graph":[{"@type":"BlogPosting","@id":"https:\/\/elcabilo.com\/radio\/2014\/09\/08\/la-ciencia-de-cada-dia-11-el-cancer\/#blogposting","name":"La Ci\u00e8ncia de cada dia: 11. La malaltia del c\u00e0ncer - Cabil\u00f3R\u00e0dio","headline":"La Ci\u00e8ncia de cada dia: 11. La malaltia del c\u00e0ncer","author":{"@id":"https:\/\/elcabilo.com\/radio\/author\/radio\/#author"},"publisher":{"@id":"https:\/\/elcabilo.com\/radio\/#organization"},"image":{"@type":"ImageObject","url":"https:\/\/elcabilo.com\/radio\/files\/2014\/09\/ciencia-setembre-14.jpg","width":593,"height":197},"datePublished":"2014-09-08T00:00:11+02:00","dateModified":"2014-09-09T23:58:36+02:00","inLanguage":"ca","commentCount":8,"mainEntityOfPage":{"@id":"https:\/\/elcabilo.com\/radio\/2014\/09\/08\/la-ciencia-de-cada-dia-11-el-cancer\/#webpage"},"isPartOf":{"@id":"https:\/\/elcabilo.com\/radio\/2014\/09\/08\/la-ciencia-de-cada-dia-11-el-cancer\/#webpage"},"articleSection":"La ci\u00e8ncia de cada dia"},{"@type":"BreadcrumbList","@id":"https:\/\/elcabilo.com\/radio\/2014\/09\/08\/la-ciencia-de-cada-dia-11-el-cancer\/#breadcrumblist","itemListElement":[{"@type":"ListItem","@id":"https:\/\/elcabilo.com\/radio#listItem","position":1,"name":"Home","item":"https:\/\/elcabilo.com\/radio","nextItem":{"@type":"ListItem","@id":"https:\/\/elcabilo.com\/radio\/category\/programes\/#listItem","name":"Programes"}},{"@type":"ListItem","@id":"https:\/\/elcabilo.com\/radio\/category\/programes\/#listItem","position":2,"name":"Programes","item":"https:\/\/elcabilo.com\/radio\/category\/programes\/","nextItem":{"@type":"ListItem","@id":"https:\/\/elcabilo.com\/radio\/category\/programes\/ciencia\/#listItem","name":"La ci\u00e8ncia de cada dia"},"previousItem":{"@type":"ListItem","@id":"https:\/\/elcabilo.com\/radio#listItem","name":"Home"}},{"@type":"ListItem","@id":"https:\/\/elcabilo.com\/radio\/category\/programes\/ciencia\/#listItem","position":3,"name":"La ci\u00e8ncia de cada dia","item":"https:\/\/elcabilo.com\/radio\/category\/programes\/ciencia\/","nextItem":{"@type":"ListItem","@id":"https:\/\/elcabilo.com\/radio\/2014\/09\/08\/la-ciencia-de-cada-dia-11-el-cancer\/#listItem","name":"La Ci\u00e8ncia de cada dia: 11. La malaltia del c\u00e0ncer"},"previousItem":{"@type":"ListItem","@id":"https:\/\/elcabilo.com\/radio\/category\/programes\/#listItem","name":"Programes"}},{"@type":"ListItem","@id":"https:\/\/elcabilo.com\/radio\/2014\/09\/08\/la-ciencia-de-cada-dia-11-el-cancer\/#listItem","position":4,"name":"La Ci\u00e8ncia de cada dia: 11. La malaltia del c\u00e0ncer","previousItem":{"@type":"ListItem","@id":"https:\/\/elcabilo.com\/radio\/category\/programes\/ciencia\/#listItem","name":"La ci\u00e8ncia de cada dia"}}]},{"@type":"Organization","@id":"https:\/\/elcabilo.com\/radio\/#organization","name":"Cabil\u00f3 R\u00e0dio","description":"La r\u00e0dio online de Sella","url":"https:\/\/elcabilo.com\/radio\/","logo":{"@type":"ImageObject","url":"https:\/\/elcabilo.com\/radio\/files\/2023\/01\/cropped-logo_radio-1.gif","@id":"https:\/\/elcabilo.com\/radio\/2014\/09\/08\/la-ciencia-de-cada-dia-11-el-cancer\/#organizationLogo","width":250,"height":50},"image":{"@id":"https:\/\/elcabilo.com\/radio\/2014\/09\/08\/la-ciencia-de-cada-dia-11-el-cancer\/#organizationLogo"}},{"@type":"Person","@id":"https:\/\/elcabilo.com\/radio\/author\/radio\/#author","url":"https:\/\/elcabilo.com\/radio\/author\/radio\/","name":"radio","image":{"@type":"ImageObject","@id":"https:\/\/elcabilo.com\/radio\/2014\/09\/08\/la-ciencia-de-cada-dia-11-el-cancer\/#authorImage","url":"https:\/\/secure.gravatar.com\/avatar\/bb687b465db46b8e9255d0921cc346091032a91fe77f93721088d5decb8a2d1a?s=96&d=mm&r=g","width":96,"height":96,"caption":"radio"}},{"@type":"WebPage","@id":"https:\/\/elcabilo.com\/radio\/2014\/09\/08\/la-ciencia-de-cada-dia-11-el-cancer\/#webpage","url":"https:\/\/elcabilo.com\/radio\/2014\/09\/08\/la-ciencia-de-cada-dia-11-el-cancer\/","name":"La Ci\u00e8ncia de cada dia: 11. La malaltia del c\u00e0ncer - Cabil\u00f3R\u00e0dio","description":"El c\u00e0ncer \u00e9s una malaltia que cada vegada \u00e9s m\u00e9s comuna per\u00f2 que, encara, quan parlem d'ella, baixem un poc la veu com si f\u00f3ra un tab\u00fa. Tal volta ho fem per la seua perillositat i perqu\u00e8 el que sabem d'ella ve d'informacions disperses. Hui tenim de convidat a Vicent P\u00e9rez, m\u00e9s conegut com Vicen,","inLanguage":"ca","isPartOf":{"@id":"https:\/\/elcabilo.com\/radio\/#website"},"breadcrumb":{"@id":"https:\/\/elcabilo.com\/radio\/2014\/09\/08\/la-ciencia-de-cada-dia-11-el-cancer\/#breadcrumblist"},"author":{"@id":"https:\/\/elcabilo.com\/radio\/author\/radio\/#author"},"creator":{"@id":"https:\/\/elcabilo.com\/radio\/author\/radio\/#author"},"image":{"@type":"ImageObject","url":"https:\/\/elcabilo.com\/radio\/files\/2014\/09\/ciencia-setembre-14.jpg","@id":"https:\/\/elcabilo.com\/radio\/2014\/09\/08\/la-ciencia-de-cada-dia-11-el-cancer\/#mainImage","width":593,"height":197},"primaryImageOfPage":{"@id":"https:\/\/elcabilo.com\/radio\/2014\/09\/08\/la-ciencia-de-cada-dia-11-el-cancer\/#mainImage"},"datePublished":"2014-09-08T00:00:11+02:00","dateModified":"2014-09-09T23:58:36+02:00"},{"@type":"WebSite","@id":"https:\/\/elcabilo.com\/radio\/#website","url":"https:\/\/elcabilo.com\/radio\/","name":"Cabil\u00f3 R\u00e0dio","description":"La r\u00e0dio online de Sella","inLanguage":"ca","publisher":{"@id":"https:\/\/elcabilo.com\/radio\/#organization"}}]},"og:locale":"ca_ES","og:site_name":"Cabil\u00f3R\u00e0dio - La r\u00e0dio online de Sella","og:type":"article","og:title":"La Ci\u00e8ncia de cada dia: 11. La malaltia del c\u00e0ncer - Cabil\u00f3R\u00e0dio","og:description":"El c\u00e0ncer \u00e9s una malaltia que cada vegada \u00e9s m\u00e9s comuna per\u00f2 que, encara, quan parlem d'ella, baixem un poc la veu com si f\u00f3ra un tab\u00fa. Tal volta ho fem per la seua perillositat i perqu\u00e8 el que sabem d'ella ve d'informacions disperses. Hui tenim de convidat a Vicent P\u00e9rez, m\u00e9s conegut com Vicen,","og:url":"https:\/\/elcabilo.com\/radio\/2014\/09\/08\/la-ciencia-de-cada-dia-11-el-cancer\/","og:image":"https:\/\/elcabilo.com\/radio\/files\/2023\/01\/cropped-logo_radio-1.gif","og:image:secure_url":"https:\/\/elcabilo.com\/radio\/files\/2023\/01\/cropped-logo_radio-1.gif","article:published_time":"2014-09-07T22:00:11+00:00","article:modified_time":"2014-09-09T21:58:36+00:00","twitter:card":"summary_large_image","twitter:title":"La Ci\u00e8ncia de cada dia: 11. La malaltia del c\u00e0ncer - Cabil\u00f3R\u00e0dio","twitter:description":"El c\u00e0ncer \u00e9s una malaltia que cada vegada \u00e9s m\u00e9s comuna per\u00f2 que, encara, quan parlem d'ella, baixem un poc la veu com si f\u00f3ra un tab\u00fa. Tal volta ho fem per la seua perillositat i perqu\u00e8 el que sabem d'ella ve d'informacions disperses. Hui tenim de convidat a Vicent P\u00e9rez, m\u00e9s conegut com Vicen,","twitter:image":"https:\/\/elcabilo.com\/radio\/files\/2023\/01\/cropped-logo_radio-1.gif"},"aioseo_meta_data":{"post_id":"1521","title":null,"description":null,"keywords":null,"keyphrases":null,"primary_term":null,"canonical_url":null,"og_title":null,"og_description":null,"og_object_type":"default","og_image_type":"default","og_image_url":null,"og_image_width":null,"og_image_height":null,"og_image_custom_url":null,"og_image_custom_fields":null,"og_video":null,"og_custom_url":null,"og_article_section":null,"og_article_tags":null,"twitter_use_og":false,"twitter_card":"default","twitter_image_type":"default","twitter_image_url":null,"twitter_image_custom_url":null,"twitter_image_custom_fields":null,"twitter_title":null,"twitter_description":null,"schema":{"blockGraphs":[],"customGraphs":[],"default":{"data":{"Article":[],"Course":[],"Dataset":[],"FAQPage":[],"Movie":[],"Person":[],"Product":[],"ProductReview":[],"Car":[],"Recipe":[],"Service":[],"SoftwareApplication":[],"WebPage":[]},"graphName":"","isEnabled":true},"graphs":[]},"schema_type":"default","schema_type_options":null,"pillar_content":false,"robots_default":true,"robots_noindex":false,"robots_noarchive":false,"robots_nosnippet":false,"robots_nofollow":false,"robots_noimageindex":false,"robots_noodp":false,"robots_notranslate":false,"robots_max_snippet":null,"robots_max_videopreview":null,"robots_max_imagepreview":"large","priority":null,"frequency":null,"local_seo":null,"breadcrumb_settings":null,"limit_modified_date":false,"ai":null,"created":"2023-01-27 22:19:39","updated":"2025-06-08 19:34:09","seo_analyzer_scan_date":null,"focus_keyword":null,"additional_keywords":null,"truseo_locale":null},"aioseo_breadcrumb":"<div class=\"aioseo-breadcrumbs\"><span class=\"aioseo-breadcrumb\">\n\t\t\t<a href=\"https:\/\/elcabilo.com\/radio\" title=\"Home\">Home<\/a>\n\t\t<\/span><span class=\"aioseo-breadcrumb-separator\">&raquo;<\/span><span class=\"aioseo-breadcrumb\">\n\t\t\t<a href=\"https:\/\/elcabilo.com\/radio\/category\/programes\/\" title=\"Programes\">Programes<\/a>\n\t\t<\/span><span class=\"aioseo-breadcrumb-separator\">&raquo;<\/span><span class=\"aioseo-breadcrumb\">\n\t\t\t<a href=\"https:\/\/elcabilo.com\/radio\/category\/programes\/ciencia\/\" title=\"La ci\u00e8ncia de cada dia\">La ci\u00e8ncia de cada dia<\/a>\n\t\t<\/span><span class=\"aioseo-breadcrumb-separator\">&raquo;<\/span><span class=\"aioseo-breadcrumb\">\n\t\t\tLa Ci\u00e8ncia de cada dia: 11. La malaltia del c\u00e0ncer\n\t\t<\/span><\/div>","aioseo_breadcrumb_json":[{"label":"Home","link":"https:\/\/elcabilo.com\/radio"},{"label":"Programes","link":"https:\/\/elcabilo.com\/radio\/category\/programes\/"},{"label":"La ci\u00e8ncia de cada dia","link":"https:\/\/elcabilo.com\/radio\/category\/programes\/ciencia\/"},{"label":"La Ci\u00e8ncia de cada dia: 11. La malaltia del c\u00e0ncer","link":"https:\/\/elcabilo.com\/radio\/2014\/09\/08\/la-ciencia-de-cada-dia-11-el-cancer\/"}],"_links":{"self":[{"href":"https:\/\/elcabilo.com\/radio\/wp-json\/wp\/v2\/posts\/1521","targetHints":{"allow":["GET"]}}],"collection":[{"href":"https:\/\/elcabilo.com\/radio\/wp-json\/wp\/v2\/posts"}],"about":[{"href":"https:\/\/elcabilo.com\/radio\/wp-json\/wp\/v2\/types\/post"}],"author":[{"embeddable":true,"href":"https:\/\/elcabilo.com\/radio\/wp-json\/wp\/v2\/users\/272"}],"replies":[{"embeddable":true,"href":"https:\/\/elcabilo.com\/radio\/wp-json\/wp\/v2\/comments?post=1521"}],"version-history":[{"count":0,"href":"https:\/\/elcabilo.com\/radio\/wp-json\/wp\/v2\/posts\/1521\/revisions"}],"wp:featuredmedia":[{"embeddable":true,"href":"https:\/\/elcabilo.com\/radio\/wp-json\/wp\/v2\/media\/1522"}],"wp:attachment":[{"href":"https:\/\/elcabilo.com\/radio\/wp-json\/wp\/v2\/media?parent=1521"}],"wp:term":[{"taxonomy":"category","embeddable":true,"href":"https:\/\/elcabilo.com\/radio\/wp-json\/wp\/v2\/categories?post=1521"},{"taxonomy":"post_tag","embeddable":true,"href":"https:\/\/elcabilo.com\/radio\/wp-json\/wp\/v2\/tags?post=1521"}],"curies":[{"name":"wp","href":"https:\/\/api.w.org\/{rel}","templated":true}]}}