{"id":153,"date":"2012-12-24T00:00:35","date_gmt":"2012-12-23T23:00:35","guid":{"rendered":"http:\/\/elcabilo.com\/radio\/?p=153"},"modified":"2013-01-15T21:33:05","modified_gmt":"2013-01-15T20:33:05","slug":"la-tributeca-1","status":"publish","type":"post","link":"https:\/\/elcabilo.com\/radio\/2012\/12\/24\/la-tributeca-1\/","title":{"rendered":"La tributeca 1"},"content":{"rendered":"<p style=\"text-align: justify;\">Un programa nuevo, joven, inquieto\u2026 donde siempre estamos atentos a cualquier novedad de esos temas que nos interesan como son la ecologia, grupos de consumo, productos artesanos, agricultura, movimientos alternativos, ferias, trobadas, festivales, anecdotas\u2026 En fin, un sin fin de informacion del mundo rural, donde cada programa intentaremos desde nuestra corta experiencia en el mundo de la radio transmitiros como vivir alternativamente.<\/p>\n<p style=\"text-align: justify;\">En el primer programa presentamos el proyecto La Tribu y\u00a0 despu\u00e9s de presentar al resto de tributecos nos metimos de lleno con la seccion de ecologia de Mabel, que nos cont\u00f3 que fauna podemos encontrar en los montes sellardos.<\/p>\n<p style=\"text-align: justify;\">La siguiente seccion corri\u00f3 a cargo de Anscari quien nos cont\u00f3 la labor que desempe\u00f1a La Dol\u00e7a Revoluci\u00f3, asociaci\u00f3n que nace para transmitir el poder curativo de las plantas. En este programa nos habla mas concretamente de la estevia.<\/p>\n<p style=\"text-align: justify;\">Por ultimo Xavi nos dej\u00f3 en su seccion de Tecnolog\u00edas Libres una valiosa informaci\u00f3n acerca de software libre y el inicio de estos movimientos.<\/p>\n<p style=\"text-align: justify;\">Acabamos con un breve repaso de la agenda cultural de la provincia donde recomendamos conciertos, monologos, teatro, exposiciones\u2026<\/p>\n<p style=\"text-align: center;\"><a class=\"{skin:'blue', width:'200', volume:0.5, autoplay:false, showVolumeLevel:true, showTime:true, showRew:true, downloadable:true}\" id=\"mbmaplayer_1358281929323\" href=\"http:\/\/archive.org\/download\/la_tributeca_desembre_2012\/tributeca1.mp3\">La tributeca &#8211; Programa 1<\/a><textarea class=\"map_params\" style=\"display: block; padding: 3px; background: #444; color: #fff; text-decoration: none;\" disabled=\"disabled\">map :: {skin:&#8217;blue&#8217;, width:&#8217;200&#8242;, volume:0.5, autoplay:false, showVolumeLevel:true, showTime:true, showRew:true, downloadable:true}<\/textarea><\/p>\n<p>\u00a0\u00a0En el\u00a0pr\u00f3ximo\u00a0programa tendremos nuevas secciones donde descubriremos otros mundos.<\/p>\n<p style=\"text-align: justify;\">Hasta la proxima!!<\/p>\n","protected":false},"excerpt":{"rendered":"<p>Un programa nuevo, joven, inquieto\u2026 donde siempre estamos atentos a cualquier novedad de esos temas que nos interesan como son la ecologia, grupos de consumo, productos artesanos, agricultura, movimientos alternativos, ferias, trobadas, festivales, anecdotas\u2026 En fin, un sin fin de informacion del mundo rural, donde cada programa intentaremos desde nuestra corta experiencia en el mundo [&hellip;]<\/p>\n","protected":false},"author":272,"featured_media":154,"comment_status":"open","ping_status":"open","sticky":false,"template":"","format":"standard","meta":{"_exactmetrics_skip_tracking":false,"_exactmetrics_sitenote_active":false,"_exactmetrics_sitenote_note":"","_exactmetrics_sitenote_category":0,"footnotes":""},"categories":[11],"tags":[],"class_list":["post-153","post","type-post","status-publish","format-standard","has-post-thumbnail","hentry","category-la-tributeca"],"aioseo_notices":[],"_links":{"self":[{"href":"https:\/\/elcabilo.com\/radio\/wp-json\/wp\/v2\/posts\/153","targetHints":{"allow":["GET"]}}],"collection":[{"href":"https:\/\/elcabilo.com\/radio\/wp-json\/wp\/v2\/posts"}],"about":[{"href":"https:\/\/elcabilo.com\/radio\/wp-json\/wp\/v2\/types\/post"}],"author":[{"embeddable":true,"href":"https:\/\/elcabilo.com\/radio\/wp-json\/wp\/v2\/users\/272"}],"replies":[{"embeddable":true,"href":"https:\/\/elcabilo.com\/radio\/wp-json\/wp\/v2\/comments?post=153"}],"version-history":[{"count":0,"href":"https:\/\/elcabilo.com\/radio\/wp-json\/wp\/v2\/posts\/153\/revisions"}],"wp:featuredmedia":[{"embeddable":true,"href":"https:\/\/elcabilo.com\/radio\/wp-json\/wp\/v2\/media\/154"}],"wp:attachment":[{"href":"https:\/\/elcabilo.com\/radio\/wp-json\/wp\/v2\/media?parent=153"}],"wp:term":[{"taxonomy":"category","embeddable":true,"href":"https:\/\/elcabilo.com\/radio\/wp-json\/wp\/v2\/categories?post=153"},{"taxonomy":"post_tag","embeddable":true,"href":"https:\/\/elcabilo.com\/radio\/wp-json\/wp\/v2\/tags?post=153"}],"curies":[{"name":"wp","href":"https:\/\/api.w.org\/{rel}","templated":true}]}}