{"id":1563,"date":"2014-11-16T18:00:58","date_gmt":"2014-11-16T17:00:58","guid":{"rendered":"http:\/\/elcabilo.com\/radio\/?p=1563"},"modified":"2014-11-16T18:03:04","modified_gmt":"2014-11-16T17:03:04","slug":"el-magazin-de-novembre-2014","status":"publish","type":"post","link":"https:\/\/elcabilo.com\/radio\/2014\/11\/16\/el-magazin-de-novembre-2014\/","title":{"rendered":"El magaz\u00edn de Novembre 2014"},"content":{"rendered":"<p style=\"text-align: justify;\">Torna el magaz\u00edn amb tota l&#8217;actualitat del moment a Cabil\u00f3 R\u00e0dio. Hui parlem sobre \u00a0l&#8217;avan\u00e7 de\u00a0les obres del nou carrer Vicent Soler Carrer\u00f3,\u00a0l\u2019Ajuntament oferta un nou PAMER per a desembre a Sella, obri la peixcateria despr\u00e9s de quasi nou mesos tancada, continuen els problemes amb els excrements de gos, s\u2019oferix un curs d\u2019angl\u00e8s comercial a Sella.<\/p>\n<p style=\"text-align: justify;\">A m\u00e9s a m\u00e9s, parlem amb\u00a0la nova comissi\u00f3 de festes i \u00a0com sempre, fem un rep\u00e0s de l\u2019activitat cultural, la pilota i recordem l\u2019agenda cultural i d\u2019oci del poble de Sella i la Marina Baixa, durant les setmanes seg\u00fcents.<\/p>\n<p style=\"text-align: center;\"><a id=\"mbmaplayer_1393799084452\" class=\"mb_map {skin:'blue', animate:true, width:'200', volume:0.6, autoplay:false, loop:false, showVolumeLevel:true, showTime:true, showRew:true, downloadable:true, downloadablesecurity:false, id3: false}\" href=\"https:\/\/archive.org\/download\/Magazin_Nov2014\/Magazin_Novembre_2014.mp3\">El magaz\u00edn de novembre 2014<\/a><\/p>\n<p>Si no veus la guia d&#8217;audici\u00f3 polsa<em> llegir mes<\/em>,&#8230;<\/p>\n<p dir=\"ltr\"><!--more--><\/p>\n<p dir=\"ltr\"><strong>Gu\u00eda audici\u00f3:<\/strong><\/p>\n<p dir=\"ltr\">Not\u00edcies &#8212;&#8212;&#8212;&#8211; 00:00<br \/>\nEntrevista &#8212;&#8212;&#8212;\u00a009:25<br \/>\nCultura &#8212;&#8212;&#8212;&#8212;-\u00a012:10<br \/>\nCan\u00e7\u00f3 del mes &#8212; 21:13<br \/>\nEsports &#8212;&#8212;&#8212;&#8212;-\u00a025:54<br \/>\nAgenda &#8212;&#8212;&#8212;&#8212;&#8211;\u00a031:38<\/p>\n","protected":false},"excerpt":{"rendered":"<p>Torna el magaz\u00edn amb tota l&#8217;actualitat del moment a Cabil\u00f3 R\u00e0dio. Hui parlem sobre \u00a0l&#8217;avan\u00e7 de\u00a0les obres del nou carrer Vicent Soler Carrer\u00f3,\u00a0l\u2019Ajuntament oferta un nou PAMER per a desembre a Sella, obri la peixcateria despr\u00e9s de quasi nou mesos tancada, continuen els problemes amb els excrements de gos, s\u2019oferix un curs d\u2019angl\u00e8s comercial a [&hellip;]<\/p>\n","protected":false},"author":272,"featured_media":223,"comment_status":"open","ping_status":"open","sticky":false,"template":"","format":"standard","meta":{"_exactmetrics_skip_tracking":false,"footnotes":""},"categories":[3],"tags":[],"class_list":["post-1563","post","type-post","status-publish","format-standard","has-post-thumbnail","hentry","category-magazin"],"aioseo_notices":[],"aioseo_head":"\n\t\t<!-- All in One SEO 5.0.1 - aioseo.com -->\n\t<meta name=\"description\" content=\"Torna el magaz\u00edn amb tota l&#039;actualitat del moment a Cabil\u00f3 R\u00e0dio. Hui parlem sobre l&#039;avan\u00e7 de les obres del nou carrer Vicent Soler Carrer\u00f3, l\u2019Ajuntament oferta un nou PAMER per a desembre a Sella, obri la peixcateria despr\u00e9s de quasi nou mesos tancada, continuen els problemes amb els excrements de gos, s\u2019oferix un curs d\u2019angl\u00e8s comercial a\" \/>\n\t<meta name=\"robots\" content=\"max-image-preview:large\" \/>\n\t<meta name=\"author\" content=\"radio\"\/>\n\t<link rel=\"canonical\" href=\"https:\/\/elcabilo.com\/radio\/2014\/11\/16\/el-magazin-de-novembre-2014\/\" \/>\n\t<meta name=\"generator\" content=\"All in One SEO (AIOSEO) 5.0.1\" \/>\n\t\t<meta property=\"og:locale\" content=\"ca_ES\" \/>\n\t\t<meta property=\"og:site_name\" content=\"Cabil\u00f3R\u00e0dio - La r\u00e0dio online de Sella\" \/>\n\t\t<meta property=\"og:type\" content=\"article\" \/>\n\t\t<meta property=\"og:title\" content=\"El magaz\u00edn de Novembre 2014 - Cabil\u00f3R\u00e0dio\" \/>\n\t\t<meta property=\"og:description\" content=\"Torna el magaz\u00edn amb tota l&#039;actualitat del moment a Cabil\u00f3 R\u00e0dio. Hui parlem sobre l&#039;avan\u00e7 de les obres del nou carrer Vicent Soler Carrer\u00f3, l\u2019Ajuntament oferta un nou PAMER per a desembre a Sella, obri la peixcateria despr\u00e9s de quasi nou mesos tancada, continuen els problemes amb els excrements de gos, s\u2019oferix un curs d\u2019angl\u00e8s comercial a\" \/>\n\t\t<meta property=\"og:url\" content=\"https:\/\/elcabilo.com\/radio\/2014\/11\/16\/el-magazin-de-novembre-2014\/\" \/>\n\t\t<meta property=\"og:image\" content=\"https:\/\/elcabilo.com\/radio\/files\/2023\/01\/cropped-logo_radio-1.gif\" \/>\n\t\t<meta property=\"og:image:secure_url\" content=\"https:\/\/elcabilo.com\/radio\/files\/2023\/01\/cropped-logo_radio-1.gif\" \/>\n\t\t<meta property=\"article:published_time\" content=\"2014-11-16T17:00:58+00:00\" \/>\n\t\t<meta property=\"article:modified_time\" content=\"2014-11-16T17:03:04+00:00\" \/>\n\t\t<meta name=\"twitter:card\" content=\"summary_large_image\" \/>\n\t\t<meta name=\"twitter:title\" content=\"El magaz\u00edn de Novembre 2014 - Cabil\u00f3R\u00e0dio\" \/>\n\t\t<meta name=\"twitter:description\" content=\"Torna el magaz\u00edn amb tota l&#039;actualitat del moment a Cabil\u00f3 R\u00e0dio. Hui parlem sobre l&#039;avan\u00e7 de les obres del nou carrer Vicent Soler Carrer\u00f3, l\u2019Ajuntament oferta un nou PAMER per a desembre a Sella, obri la peixcateria despr\u00e9s de quasi nou mesos tancada, continuen els problemes amb els excrements de gos, s\u2019oferix un curs d\u2019angl\u00e8s comercial a\" \/>\n\t\t<meta name=\"twitter:image\" content=\"https:\/\/elcabilo.com\/radio\/files\/2023\/01\/cropped-logo_radio-1.gif\" \/>\n\t\t<script type=\"application\/ld+json\" class=\"aioseo-schema\">\n\t\t\t{\"@context\":\"https:\\\/\\\/schema.org\",\"@graph\":[{\"@type\":\"BlogPosting\",\"@id\":\"https:\\\/\\\/elcabilo.com\\\/radio\\\/2014\\\/11\\\/16\\\/el-magazin-de-novembre-2014\\\/#blogposting\",\"name\":\"El magaz\\u00edn de Novembre 2014 - Cabil\\u00f3R\\u00e0dio\",\"headline\":\"El magaz\\u00edn de Novembre 2014\",\"author\":{\"@id\":\"https:\\\/\\\/elcabilo.com\\\/radio\\\/author\\\/radio\\\/#author\"},\"publisher\":{\"@id\":\"https:\\\/\\\/elcabilo.com\\\/radio\\\/#organization\"},\"image\":{\"@type\":\"ImageObject\",\"url\":\"https:\\\/\\\/elcabilo.com\\\/radio\\\/files\\\/2013\\\/01\\\/magazin2.jpg\",\"width\":900,\"height\":300},\"datePublished\":\"2014-11-16T18:00:58+01:00\",\"dateModified\":\"2014-11-16T18:03:04+01:00\",\"inLanguage\":\"ca\",\"mainEntityOfPage\":{\"@id\":\"https:\\\/\\\/elcabilo.com\\\/radio\\\/2014\\\/11\\\/16\\\/el-magazin-de-novembre-2014\\\/#webpage\"},\"isPartOf\":{\"@id\":\"https:\\\/\\\/elcabilo.com\\\/radio\\\/2014\\\/11\\\/16\\\/el-magazin-de-novembre-2014\\\/#webpage\"},\"articleSection\":\"El magaz\\u00edn\"},{\"@type\":\"BreadcrumbList\",\"@id\":\"https:\\\/\\\/elcabilo.com\\\/radio\\\/2014\\\/11\\\/16\\\/el-magazin-de-novembre-2014\\\/#breadcrumblist\",\"itemListElement\":[{\"@type\":\"ListItem\",\"@id\":\"https:\\\/\\\/elcabilo.com\\\/radio#listItem\",\"position\":1,\"name\":\"Home\",\"item\":\"https:\\\/\\\/elcabilo.com\\\/radio\",\"nextItem\":{\"@type\":\"ListItem\",\"@id\":\"https:\\\/\\\/elcabilo.com\\\/radio\\\/category\\\/magazin\\\/#listItem\",\"name\":\"El magaz\\u00edn\"}},{\"@type\":\"ListItem\",\"@id\":\"https:\\\/\\\/elcabilo.com\\\/radio\\\/category\\\/magazin\\\/#listItem\",\"position\":2,\"name\":\"El magaz\\u00edn\",\"item\":\"https:\\\/\\\/elcabilo.com\\\/radio\\\/category\\\/magazin\\\/\",\"nextItem\":{\"@type\":\"ListItem\",\"@id\":\"https:\\\/\\\/elcabilo.com\\\/radio\\\/2014\\\/11\\\/16\\\/el-magazin-de-novembre-2014\\\/#listItem\",\"name\":\"El magaz\\u00edn de Novembre 2014\"},\"previousItem\":{\"@type\":\"ListItem\",\"@id\":\"https:\\\/\\\/elcabilo.com\\\/radio#listItem\",\"name\":\"Home\"}},{\"@type\":\"ListItem\",\"@id\":\"https:\\\/\\\/elcabilo.com\\\/radio\\\/2014\\\/11\\\/16\\\/el-magazin-de-novembre-2014\\\/#listItem\",\"position\":3,\"name\":\"El magaz\\u00edn de Novembre 2014\",\"previousItem\":{\"@type\":\"ListItem\",\"@id\":\"https:\\\/\\\/elcabilo.com\\\/radio\\\/category\\\/magazin\\\/#listItem\",\"name\":\"El magaz\\u00edn\"}}]},{\"@type\":\"Organization\",\"@id\":\"https:\\\/\\\/elcabilo.com\\\/radio\\\/#organization\",\"name\":\"Cabil\\u00f3 R\\u00e0dio\",\"description\":\"La r\\u00e0dio online de Sella\",\"url\":\"https:\\\/\\\/elcabilo.com\\\/radio\\\/\",\"logo\":{\"@type\":\"ImageObject\",\"url\":\"https:\\\/\\\/elcabilo.com\\\/radio\\\/files\\\/2023\\\/01\\\/cropped-logo_radio-1.gif\",\"@id\":\"https:\\\/\\\/elcabilo.com\\\/radio\\\/2014\\\/11\\\/16\\\/el-magazin-de-novembre-2014\\\/#organizationLogo\",\"width\":250,\"height\":50},\"image\":{\"@id\":\"https:\\\/\\\/elcabilo.com\\\/radio\\\/2014\\\/11\\\/16\\\/el-magazin-de-novembre-2014\\\/#organizationLogo\"}},{\"@type\":\"Person\",\"@id\":\"https:\\\/\\\/elcabilo.com\\\/radio\\\/author\\\/radio\\\/#author\",\"url\":\"https:\\\/\\\/elcabilo.com\\\/radio\\\/author\\\/radio\\\/\",\"name\":\"radio\",\"image\":{\"@type\":\"ImageObject\",\"@id\":\"https:\\\/\\\/elcabilo.com\\\/radio\\\/2014\\\/11\\\/16\\\/el-magazin-de-novembre-2014\\\/#authorImage\",\"url\":\"https:\\\/\\\/secure.gravatar.com\\\/avatar\\\/bb687b465db46b8e9255d0921cc346091032a91fe77f93721088d5decb8a2d1a?s=96&d=mm&r=g\",\"width\":96,\"height\":96,\"caption\":\"radio\"}},{\"@type\":\"WebPage\",\"@id\":\"https:\\\/\\\/elcabilo.com\\\/radio\\\/2014\\\/11\\\/16\\\/el-magazin-de-novembre-2014\\\/#webpage\",\"url\":\"https:\\\/\\\/elcabilo.com\\\/radio\\\/2014\\\/11\\\/16\\\/el-magazin-de-novembre-2014\\\/\",\"name\":\"El magaz\\u00edn de Novembre 2014 - Cabil\\u00f3R\\u00e0dio\",\"description\":\"Torna el magaz\\u00edn amb tota l'actualitat del moment a Cabil\\u00f3 R\\u00e0dio. Hui parlem sobre l'avan\\u00e7 de les obres del nou carrer Vicent Soler Carrer\\u00f3, l\\u2019Ajuntament oferta un nou PAMER per a desembre a Sella, obri la peixcateria despr\\u00e9s de quasi nou mesos tancada, continuen els problemes amb els excrements de gos, s\\u2019oferix un curs d\\u2019angl\\u00e8s comercial a\",\"inLanguage\":\"ca\",\"isPartOf\":{\"@id\":\"https:\\\/\\\/elcabilo.com\\\/radio\\\/#website\"},\"breadcrumb\":{\"@id\":\"https:\\\/\\\/elcabilo.com\\\/radio\\\/2014\\\/11\\\/16\\\/el-magazin-de-novembre-2014\\\/#breadcrumblist\"},\"author\":{\"@id\":\"https:\\\/\\\/elcabilo.com\\\/radio\\\/author\\\/radio\\\/#author\"},\"creator\":{\"@id\":\"https:\\\/\\\/elcabilo.com\\\/radio\\\/author\\\/radio\\\/#author\"},\"image\":{\"@type\":\"ImageObject\",\"url\":\"https:\\\/\\\/elcabilo.com\\\/radio\\\/files\\\/2013\\\/01\\\/magazin2.jpg\",\"@id\":\"https:\\\/\\\/elcabilo.com\\\/radio\\\/2014\\\/11\\\/16\\\/el-magazin-de-novembre-2014\\\/#mainImage\",\"width\":900,\"height\":300},\"primaryImageOfPage\":{\"@id\":\"https:\\\/\\\/elcabilo.com\\\/radio\\\/2014\\\/11\\\/16\\\/el-magazin-de-novembre-2014\\\/#mainImage\"},\"datePublished\":\"2014-11-16T18:00:58+01:00\",\"dateModified\":\"2014-11-16T18:03:04+01:00\"},{\"@type\":\"WebSite\",\"@id\":\"https:\\\/\\\/elcabilo.com\\\/radio\\\/#website\",\"url\":\"https:\\\/\\\/elcabilo.com\\\/radio\\\/\",\"name\":\"Cabil\\u00f3 R\\u00e0dio\",\"description\":\"La r\\u00e0dio online de Sella\",\"inLanguage\":\"ca\",\"publisher\":{\"@id\":\"https:\\\/\\\/elcabilo.com\\\/radio\\\/#organization\"}}]}\n\t\t<\/script>\n\t\t<!-- All in One SEO -->\n\n","aioseo_head_json":{"title":"El magaz\u00edn de Novembre 2014 - Cabil\u00f3R\u00e0dio","description":"Torna el magaz\u00edn amb tota l'actualitat del moment a Cabil\u00f3 R\u00e0dio. Hui parlem sobre l'avan\u00e7 de les obres del nou carrer Vicent Soler Carrer\u00f3, l\u2019Ajuntament oferta un nou PAMER per a desembre a Sella, obri la peixcateria despr\u00e9s de quasi nou mesos tancada, continuen els problemes amb els excrements de gos, s\u2019oferix un curs d\u2019angl\u00e8s comercial a","canonical_url":"https:\/\/elcabilo.com\/radio\/2014\/11\/16\/el-magazin-de-novembre-2014\/","robots":"max-image-preview:large","keywords":"","webmasterTools":{"miscellaneous":""},"schema":{"@context":"https:\/\/schema.org","@graph":[{"@type":"BlogPosting","@id":"https:\/\/elcabilo.com\/radio\/2014\/11\/16\/el-magazin-de-novembre-2014\/#blogposting","name":"El magaz\u00edn de Novembre 2014 - Cabil\u00f3R\u00e0dio","headline":"El magaz\u00edn de Novembre 2014","author":{"@id":"https:\/\/elcabilo.com\/radio\/author\/radio\/#author"},"publisher":{"@id":"https:\/\/elcabilo.com\/radio\/#organization"},"image":{"@type":"ImageObject","url":"https:\/\/elcabilo.com\/radio\/files\/2013\/01\/magazin2.jpg","width":900,"height":300},"datePublished":"2014-11-16T18:00:58+01:00","dateModified":"2014-11-16T18:03:04+01:00","inLanguage":"ca","mainEntityOfPage":{"@id":"https:\/\/elcabilo.com\/radio\/2014\/11\/16\/el-magazin-de-novembre-2014\/#webpage"},"isPartOf":{"@id":"https:\/\/elcabilo.com\/radio\/2014\/11\/16\/el-magazin-de-novembre-2014\/#webpage"},"articleSection":"El magaz\u00edn"},{"@type":"BreadcrumbList","@id":"https:\/\/elcabilo.com\/radio\/2014\/11\/16\/el-magazin-de-novembre-2014\/#breadcrumblist","itemListElement":[{"@type":"ListItem","@id":"https:\/\/elcabilo.com\/radio#listItem","position":1,"name":"Home","item":"https:\/\/elcabilo.com\/radio","nextItem":{"@type":"ListItem","@id":"https:\/\/elcabilo.com\/radio\/category\/magazin\/#listItem","name":"El magaz\u00edn"}},{"@type":"ListItem","@id":"https:\/\/elcabilo.com\/radio\/category\/magazin\/#listItem","position":2,"name":"El magaz\u00edn","item":"https:\/\/elcabilo.com\/radio\/category\/magazin\/","nextItem":{"@type":"ListItem","@id":"https:\/\/elcabilo.com\/radio\/2014\/11\/16\/el-magazin-de-novembre-2014\/#listItem","name":"El magaz\u00edn de Novembre 2014"},"previousItem":{"@type":"ListItem","@id":"https:\/\/elcabilo.com\/radio#listItem","name":"Home"}},{"@type":"ListItem","@id":"https:\/\/elcabilo.com\/radio\/2014\/11\/16\/el-magazin-de-novembre-2014\/#listItem","position":3,"name":"El magaz\u00edn de Novembre 2014","previousItem":{"@type":"ListItem","@id":"https:\/\/elcabilo.com\/radio\/category\/magazin\/#listItem","name":"El magaz\u00edn"}}]},{"@type":"Organization","@id":"https:\/\/elcabilo.com\/radio\/#organization","name":"Cabil\u00f3 R\u00e0dio","description":"La r\u00e0dio online de Sella","url":"https:\/\/elcabilo.com\/radio\/","logo":{"@type":"ImageObject","url":"https:\/\/elcabilo.com\/radio\/files\/2023\/01\/cropped-logo_radio-1.gif","@id":"https:\/\/elcabilo.com\/radio\/2014\/11\/16\/el-magazin-de-novembre-2014\/#organizationLogo","width":250,"height":50},"image":{"@id":"https:\/\/elcabilo.com\/radio\/2014\/11\/16\/el-magazin-de-novembre-2014\/#organizationLogo"}},{"@type":"Person","@id":"https:\/\/elcabilo.com\/radio\/author\/radio\/#author","url":"https:\/\/elcabilo.com\/radio\/author\/radio\/","name":"radio","image":{"@type":"ImageObject","@id":"https:\/\/elcabilo.com\/radio\/2014\/11\/16\/el-magazin-de-novembre-2014\/#authorImage","url":"https:\/\/secure.gravatar.com\/avatar\/bb687b465db46b8e9255d0921cc346091032a91fe77f93721088d5decb8a2d1a?s=96&d=mm&r=g","width":96,"height":96,"caption":"radio"}},{"@type":"WebPage","@id":"https:\/\/elcabilo.com\/radio\/2014\/11\/16\/el-magazin-de-novembre-2014\/#webpage","url":"https:\/\/elcabilo.com\/radio\/2014\/11\/16\/el-magazin-de-novembre-2014\/","name":"El magaz\u00edn de Novembre 2014 - Cabil\u00f3R\u00e0dio","description":"Torna el magaz\u00edn amb tota l'actualitat del moment a Cabil\u00f3 R\u00e0dio. Hui parlem sobre l'avan\u00e7 de les obres del nou carrer Vicent Soler Carrer\u00f3, l\u2019Ajuntament oferta un nou PAMER per a desembre a Sella, obri la peixcateria despr\u00e9s de quasi nou mesos tancada, continuen els problemes amb els excrements de gos, s\u2019oferix un curs d\u2019angl\u00e8s comercial a","inLanguage":"ca","isPartOf":{"@id":"https:\/\/elcabilo.com\/radio\/#website"},"breadcrumb":{"@id":"https:\/\/elcabilo.com\/radio\/2014\/11\/16\/el-magazin-de-novembre-2014\/#breadcrumblist"},"author":{"@id":"https:\/\/elcabilo.com\/radio\/author\/radio\/#author"},"creator":{"@id":"https:\/\/elcabilo.com\/radio\/author\/radio\/#author"},"image":{"@type":"ImageObject","url":"https:\/\/elcabilo.com\/radio\/files\/2013\/01\/magazin2.jpg","@id":"https:\/\/elcabilo.com\/radio\/2014\/11\/16\/el-magazin-de-novembre-2014\/#mainImage","width":900,"height":300},"primaryImageOfPage":{"@id":"https:\/\/elcabilo.com\/radio\/2014\/11\/16\/el-magazin-de-novembre-2014\/#mainImage"},"datePublished":"2014-11-16T18:00:58+01:00","dateModified":"2014-11-16T18:03:04+01:00"},{"@type":"WebSite","@id":"https:\/\/elcabilo.com\/radio\/#website","url":"https:\/\/elcabilo.com\/radio\/","name":"Cabil\u00f3 R\u00e0dio","description":"La r\u00e0dio online de Sella","inLanguage":"ca","publisher":{"@id":"https:\/\/elcabilo.com\/radio\/#organization"}}]},"og:locale":"ca_ES","og:site_name":"Cabil\u00f3R\u00e0dio - La r\u00e0dio online de Sella","og:type":"article","og:title":"El magaz\u00edn de Novembre 2014 - Cabil\u00f3R\u00e0dio","og:description":"Torna el magaz\u00edn amb tota l'actualitat del moment a Cabil\u00f3 R\u00e0dio. Hui parlem sobre l'avan\u00e7 de les obres del nou carrer Vicent Soler Carrer\u00f3, l\u2019Ajuntament oferta un nou PAMER per a desembre a Sella, obri la peixcateria despr\u00e9s de quasi nou mesos tancada, continuen els problemes amb els excrements de gos, s\u2019oferix un curs d\u2019angl\u00e8s comercial a","og:url":"https:\/\/elcabilo.com\/radio\/2014\/11\/16\/el-magazin-de-novembre-2014\/","og:image":"https:\/\/elcabilo.com\/radio\/files\/2023\/01\/cropped-logo_radio-1.gif","og:image:secure_url":"https:\/\/elcabilo.com\/radio\/files\/2023\/01\/cropped-logo_radio-1.gif","article:published_time":"2014-11-16T17:00:58+00:00","article:modified_time":"2014-11-16T17:03:04+00:00","twitter:card":"summary_large_image","twitter:title":"El magaz\u00edn de Novembre 2014 - Cabil\u00f3R\u00e0dio","twitter:description":"Torna el magaz\u00edn amb tota l'actualitat del moment a Cabil\u00f3 R\u00e0dio. Hui parlem sobre l'avan\u00e7 de les obres del nou carrer Vicent Soler Carrer\u00f3, l\u2019Ajuntament oferta un nou PAMER per a desembre a Sella, obri la peixcateria despr\u00e9s de quasi nou mesos tancada, continuen els problemes amb els excrements de gos, s\u2019oferix un curs d\u2019angl\u00e8s comercial a","twitter:image":"https:\/\/elcabilo.com\/radio\/files\/2023\/01\/cropped-logo_radio-1.gif"},"aioseo_meta_data":{"post_id":"1563","title":null,"description":null,"keywords":null,"keyphrases":null,"primary_term":null,"canonical_url":null,"og_title":null,"og_description":null,"og_object_type":"default","og_image_type":"default","og_image_url":null,"og_image_width":null,"og_image_height":null,"og_image_custom_url":null,"og_image_custom_fields":null,"og_video":null,"og_custom_url":null,"og_article_section":null,"og_article_tags":null,"twitter_use_og":false,"twitter_card":"default","twitter_image_type":"default","twitter_image_url":null,"twitter_image_custom_url":null,"twitter_image_custom_fields":null,"twitter_title":null,"twitter_description":null,"schema":{"blockGraphs":[],"customGraphs":[],"default":{"data":{"Article":[],"Course":[],"Dataset":[],"FAQPage":[],"Movie":[],"Person":[],"Product":[],"ProductReview":[],"Car":[],"Recipe":[],"Service":[],"SoftwareApplication":[],"WebPage":[]},"graphName":"","isEnabled":true},"graphs":[]},"schema_type":"default","schema_type_options":null,"pillar_content":false,"robots_default":true,"robots_noindex":false,"robots_noarchive":false,"robots_nosnippet":false,"robots_nofollow":false,"robots_noimageindex":false,"robots_noodp":false,"robots_notranslate":false,"robots_max_snippet":null,"robots_max_videopreview":null,"robots_max_imagepreview":"large","priority":null,"frequency":null,"local_seo":null,"breadcrumb_settings":null,"limit_modified_date":false,"ai":null,"created":"2023-01-27 22:20:40","updated":"2025-06-08 19:42:51","seo_analyzer_scan_date":null,"focus_keyword":null,"additional_keywords":null,"truseo_locale":null},"aioseo_breadcrumb":"<div class=\"aioseo-breadcrumbs\"><span class=\"aioseo-breadcrumb\">\n\t\t\t<a href=\"https:\/\/elcabilo.com\/radio\" title=\"Home\">Home<\/a>\n\t\t<\/span><span class=\"aioseo-breadcrumb-separator\">&raquo;<\/span><span class=\"aioseo-breadcrumb\">\n\t\t\t<a href=\"https:\/\/elcabilo.com\/radio\/category\/magazin\/\" title=\"El magaz\u00edn\">El magaz\u00edn<\/a>\n\t\t<\/span><span class=\"aioseo-breadcrumb-separator\">&raquo;<\/span><span class=\"aioseo-breadcrumb\">\n\t\t\tEl magaz\u00edn de Novembre 2014\n\t\t<\/span><\/div>","aioseo_breadcrumb_json":[{"label":"Home","link":"https:\/\/elcabilo.com\/radio"},{"label":"El magaz\u00edn","link":"https:\/\/elcabilo.com\/radio\/category\/magazin\/"},{"label":"El magaz\u00edn de Novembre 2014","link":"https:\/\/elcabilo.com\/radio\/2014\/11\/16\/el-magazin-de-novembre-2014\/"}],"_links":{"self":[{"href":"https:\/\/elcabilo.com\/radio\/wp-json\/wp\/v2\/posts\/1563","targetHints":{"allow":["GET"]}}],"collection":[{"href":"https:\/\/elcabilo.com\/radio\/wp-json\/wp\/v2\/posts"}],"about":[{"href":"https:\/\/elcabilo.com\/radio\/wp-json\/wp\/v2\/types\/post"}],"author":[{"embeddable":true,"href":"https:\/\/elcabilo.com\/radio\/wp-json\/wp\/v2\/users\/272"}],"replies":[{"embeddable":true,"href":"https:\/\/elcabilo.com\/radio\/wp-json\/wp\/v2\/comments?post=1563"}],"version-history":[{"count":0,"href":"https:\/\/elcabilo.com\/radio\/wp-json\/wp\/v2\/posts\/1563\/revisions"}],"wp:featuredmedia":[{"embeddable":true,"href":"https:\/\/elcabilo.com\/radio\/wp-json\/wp\/v2\/media\/223"}],"wp:attachment":[{"href":"https:\/\/elcabilo.com\/radio\/wp-json\/wp\/v2\/media?parent=1563"}],"wp:term":[{"taxonomy":"category","embeddable":true,"href":"https:\/\/elcabilo.com\/radio\/wp-json\/wp\/v2\/categories?post=1563"},{"taxonomy":"post_tag","embeddable":true,"href":"https:\/\/elcabilo.com\/radio\/wp-json\/wp\/v2\/tags?post=1563"}],"curies":[{"name":"wp","href":"https:\/\/api.w.org\/{rel}","templated":true}]}}