{"id":1567,"date":"2014-11-24T00:00:28","date_gmt":"2014-11-23T23:00:28","guid":{"rendered":"http:\/\/elcabilo.com\/radio\/?p=1567"},"modified":"2014-11-24T00:14:25","modified_gmt":"2014-11-23T23:14:25","slug":"concert-santa-cecilia-2014-de-la-rondalla-de-sella","status":"publish","type":"post","link":"https:\/\/elcabilo.com\/radio\/2014\/11\/24\/concert-santa-cecilia-2014-de-la-rondalla-de-sella\/","title":{"rendered":"Concert Santa Cecilia 2014 de la Rondalla de Sella"},"content":{"rendered":"<p style=\"text-align: justify;\">Podeu escoltar el concert que ha realitzat la Rondalla de Sella amb motiu de la festivitat de Santa Cecilia el passat 22 de novembre. La Rondalla est\u00e0 dirigida per En Jos\u00e9 Ignacio Baeza Blasco que a meitat del concert ha volgut agrair l&#8217;esfor\u00e7 realitzat pels musics des de que ell els dirigeix.<\/p>\n<p style=\"text-align: center;\"><a id=\"mbmaplayer_1393799084452\" class=\"mb_map {skin:'blue', animate:true, width:'200', volume:0.6, autoplay:false, loop:false, showVolumeLevel:true, showTime:true, showRew:true, downloadable:true, downloadablesecurity:false, id3: false}\" href=\"https:\/\/archive.org\/download\/Rondalla_Cecilia_14\/Rodalla_StaCecilia_2014.mp3\">Concert de la rondalla 2014<\/a><\/p>\n<p style=\"text-align: justify;\">El programa d&#8217;aquest fant\u00e0stic concert \u00e9s el seg\u00fcent:<\/p>\n<p>1. El Abanico (pasdoble) de A.Javaloyes.<br \/>\n2. La Missi\u00f3 (selecci\u00f3) de Ennio Morricone.<br \/>\n3. Simfonia N\u00ba 40 (1\u00ba Moviment) de W.A. Mozart.<br \/>\n4. Ag\u00fcero (pasdoble taur\u00ed) de Jos\u00e9 Franco.<br \/>\n5. John Williams in concert (Selecci\u00f3) de John Williams.<br \/>\n6. Cole Porter (Selecci\u00f3) de Cole Porter.<\/p>\n","protected":false},"excerpt":{"rendered":"<p>Podeu escoltar el concert que ha realitzat la Rondalla de Sella amb motiu de la festivitat de Santa Cecilia el passat 22 de novembre. La Rondalla est\u00e0 dirigida per En Jos\u00e9 Ignacio Baeza Blasco que a meitat del concert ha volgut agrair l&#8217;esfor\u00e7 realitzat pels musics des de que ell els dirigeix. Concert de la [&hellip;]<\/p>\n","protected":false},"author":272,"featured_media":1570,"comment_status":"open","ping_status":"open","sticky":false,"template":"","format":"standard","meta":{"_exactmetrics_skip_tracking":false,"footnotes":""},"categories":[15],"tags":[],"class_list":["post-1567","post","type-post","status-publish","format-standard","has-post-thumbnail","hentry","category-la-coveta-dels-somnis"],"aioseo_notices":[],"aioseo_head":"\n\t\t<!-- All in One SEO 5.0.1 - aioseo.com -->\n\t<meta name=\"description\" content=\"Podeu escoltar el concert que ha realitzat la Rondalla de Sella amb motiu de la festivitat de Santa Cecilia el passat 22 de novembre. La Rondalla est\u00e0 dirigida per En Jos\u00e9 Ignacio Baeza Blasco que a meitat del concert ha volgut agrair l&#039;esfor\u00e7 realitzat pels musics des de que ell els dirigeix. Concert de la\" \/>\n\t<meta name=\"robots\" content=\"max-image-preview:large\" \/>\n\t<meta name=\"author\" content=\"radio\"\/>\n\t<link rel=\"canonical\" href=\"https:\/\/elcabilo.com\/radio\/2014\/11\/24\/concert-santa-cecilia-2014-de-la-rondalla-de-sella\/\" \/>\n\t<meta name=\"generator\" content=\"All in One SEO (AIOSEO) 5.0.1\" \/>\n\t\t<meta property=\"og:locale\" content=\"ca_ES\" \/>\n\t\t<meta property=\"og:site_name\" content=\"Cabil\u00f3R\u00e0dio - La r\u00e0dio online de Sella\" \/>\n\t\t<meta property=\"og:type\" content=\"article\" \/>\n\t\t<meta property=\"og:title\" content=\"Concert Santa Cecilia 2014 de la Rondalla de Sella - Cabil\u00f3R\u00e0dio\" \/>\n\t\t<meta property=\"og:description\" content=\"Podeu escoltar el concert que ha realitzat la Rondalla de Sella amb motiu de la festivitat de Santa Cecilia el passat 22 de novembre. La Rondalla est\u00e0 dirigida per En Jos\u00e9 Ignacio Baeza Blasco que a meitat del concert ha volgut agrair l&#039;esfor\u00e7 realitzat pels musics des de que ell els dirigeix. Concert de la\" \/>\n\t\t<meta property=\"og:url\" content=\"https:\/\/elcabilo.com\/radio\/2014\/11\/24\/concert-santa-cecilia-2014-de-la-rondalla-de-sella\/\" \/>\n\t\t<meta property=\"og:image\" content=\"https:\/\/elcabilo.com\/radio\/files\/2023\/01\/cropped-logo_radio-1.gif\" \/>\n\t\t<meta property=\"og:image:secure_url\" content=\"https:\/\/elcabilo.com\/radio\/files\/2023\/01\/cropped-logo_radio-1.gif\" \/>\n\t\t<meta property=\"article:published_time\" content=\"2014-11-23T23:00:28+00:00\" \/>\n\t\t<meta property=\"article:modified_time\" content=\"2014-11-23T23:14:25+00:00\" \/>\n\t\t<meta name=\"twitter:card\" content=\"summary_large_image\" \/>\n\t\t<meta name=\"twitter:title\" content=\"Concert Santa Cecilia 2014 de la Rondalla de Sella - Cabil\u00f3R\u00e0dio\" \/>\n\t\t<meta name=\"twitter:description\" content=\"Podeu escoltar el concert que ha realitzat la Rondalla de Sella amb motiu de la festivitat de Santa Cecilia el passat 22 de novembre. La Rondalla est\u00e0 dirigida per En Jos\u00e9 Ignacio Baeza Blasco que a meitat del concert ha volgut agrair l&#039;esfor\u00e7 realitzat pels musics des de que ell els dirigeix. Concert de la\" \/>\n\t\t<meta name=\"twitter:image\" content=\"https:\/\/elcabilo.com\/radio\/files\/2023\/01\/cropped-logo_radio-1.gif\" \/>\n\t\t<script type=\"application\/ld+json\" class=\"aioseo-schema\">\n\t\t\t{\"@context\":\"https:\\\/\\\/schema.org\",\"@graph\":[{\"@type\":\"BlogPosting\",\"@id\":\"https:\\\/\\\/elcabilo.com\\\/radio\\\/2014\\\/11\\\/24\\\/concert-santa-cecilia-2014-de-la-rondalla-de-sella\\\/#blogposting\",\"name\":\"Concert Santa Cecilia 2014 de la Rondalla de Sella - Cabil\\u00f3R\\u00e0dio\",\"headline\":\"Concert Santa Cecilia 2014 de la Rondalla de Sella\",\"author\":{\"@id\":\"https:\\\/\\\/elcabilo.com\\\/radio\\\/author\\\/radio\\\/#author\"},\"publisher\":{\"@id\":\"https:\\\/\\\/elcabilo.com\\\/radio\\\/#organization\"},\"image\":{\"@type\":\"ImageObject\",\"url\":\"https:\\\/\\\/elcabilo.com\\\/radio\\\/files\\\/2014\\\/11\\\/Ronda_Cecilia14.jpg\",\"width\":690,\"height\":226},\"datePublished\":\"2014-11-24T00:00:28+01:00\",\"dateModified\":\"2014-11-24T00:14:25+01:00\",\"inLanguage\":\"ca\",\"mainEntityOfPage\":{\"@id\":\"https:\\\/\\\/elcabilo.com\\\/radio\\\/2014\\\/11\\\/24\\\/concert-santa-cecilia-2014-de-la-rondalla-de-sella\\\/#webpage\"},\"isPartOf\":{\"@id\":\"https:\\\/\\\/elcabilo.com\\\/radio\\\/2014\\\/11\\\/24\\\/concert-santa-cecilia-2014-de-la-rondalla-de-sella\\\/#webpage\"},\"articleSection\":\"La coveta dels somnis\"},{\"@type\":\"BreadcrumbList\",\"@id\":\"https:\\\/\\\/elcabilo.com\\\/radio\\\/2014\\\/11\\\/24\\\/concert-santa-cecilia-2014-de-la-rondalla-de-sella\\\/#breadcrumblist\",\"itemListElement\":[{\"@type\":\"ListItem\",\"@id\":\"https:\\\/\\\/elcabilo.com\\\/radio#listItem\",\"position\":1,\"name\":\"Home\",\"item\":\"https:\\\/\\\/elcabilo.com\\\/radio\",\"nextItem\":{\"@type\":\"ListItem\",\"@id\":\"https:\\\/\\\/elcabilo.com\\\/radio\\\/category\\\/programes\\\/#listItem\",\"name\":\"Programes\"}},{\"@type\":\"ListItem\",\"@id\":\"https:\\\/\\\/elcabilo.com\\\/radio\\\/category\\\/programes\\\/#listItem\",\"position\":2,\"name\":\"Programes\",\"item\":\"https:\\\/\\\/elcabilo.com\\\/radio\\\/category\\\/programes\\\/\",\"nextItem\":{\"@type\":\"ListItem\",\"@id\":\"https:\\\/\\\/elcabilo.com\\\/radio\\\/category\\\/programes\\\/la-coveta-dels-somnis\\\/#listItem\",\"name\":\"La coveta dels somnis\"},\"previousItem\":{\"@type\":\"ListItem\",\"@id\":\"https:\\\/\\\/elcabilo.com\\\/radio#listItem\",\"name\":\"Home\"}},{\"@type\":\"ListItem\",\"@id\":\"https:\\\/\\\/elcabilo.com\\\/radio\\\/category\\\/programes\\\/la-coveta-dels-somnis\\\/#listItem\",\"position\":3,\"name\":\"La coveta dels somnis\",\"item\":\"https:\\\/\\\/elcabilo.com\\\/radio\\\/category\\\/programes\\\/la-coveta-dels-somnis\\\/\",\"nextItem\":{\"@type\":\"ListItem\",\"@id\":\"https:\\\/\\\/elcabilo.com\\\/radio\\\/2014\\\/11\\\/24\\\/concert-santa-cecilia-2014-de-la-rondalla-de-sella\\\/#listItem\",\"name\":\"Concert Santa Cecilia 2014 de la Rondalla de Sella\"},\"previousItem\":{\"@type\":\"ListItem\",\"@id\":\"https:\\\/\\\/elcabilo.com\\\/radio\\\/category\\\/programes\\\/#listItem\",\"name\":\"Programes\"}},{\"@type\":\"ListItem\",\"@id\":\"https:\\\/\\\/elcabilo.com\\\/radio\\\/2014\\\/11\\\/24\\\/concert-santa-cecilia-2014-de-la-rondalla-de-sella\\\/#listItem\",\"position\":4,\"name\":\"Concert Santa Cecilia 2014 de la Rondalla de Sella\",\"previousItem\":{\"@type\":\"ListItem\",\"@id\":\"https:\\\/\\\/elcabilo.com\\\/radio\\\/category\\\/programes\\\/la-coveta-dels-somnis\\\/#listItem\",\"name\":\"La coveta dels somnis\"}}]},{\"@type\":\"Organization\",\"@id\":\"https:\\\/\\\/elcabilo.com\\\/radio\\\/#organization\",\"name\":\"Cabil\\u00f3 R\\u00e0dio\",\"description\":\"La r\\u00e0dio online de Sella\",\"url\":\"https:\\\/\\\/elcabilo.com\\\/radio\\\/\",\"logo\":{\"@type\":\"ImageObject\",\"url\":\"https:\\\/\\\/elcabilo.com\\\/radio\\\/files\\\/2023\\\/01\\\/cropped-logo_radio-1.gif\",\"@id\":\"https:\\\/\\\/elcabilo.com\\\/radio\\\/2014\\\/11\\\/24\\\/concert-santa-cecilia-2014-de-la-rondalla-de-sella\\\/#organizationLogo\",\"width\":250,\"height\":50},\"image\":{\"@id\":\"https:\\\/\\\/elcabilo.com\\\/radio\\\/2014\\\/11\\\/24\\\/concert-santa-cecilia-2014-de-la-rondalla-de-sella\\\/#organizationLogo\"}},{\"@type\":\"Person\",\"@id\":\"https:\\\/\\\/elcabilo.com\\\/radio\\\/author\\\/radio\\\/#author\",\"url\":\"https:\\\/\\\/elcabilo.com\\\/radio\\\/author\\\/radio\\\/\",\"name\":\"radio\",\"image\":{\"@type\":\"ImageObject\",\"@id\":\"https:\\\/\\\/elcabilo.com\\\/radio\\\/2014\\\/11\\\/24\\\/concert-santa-cecilia-2014-de-la-rondalla-de-sella\\\/#authorImage\",\"url\":\"https:\\\/\\\/secure.gravatar.com\\\/avatar\\\/bb687b465db46b8e9255d0921cc346091032a91fe77f93721088d5decb8a2d1a?s=96&d=mm&r=g\",\"width\":96,\"height\":96,\"caption\":\"radio\"}},{\"@type\":\"WebPage\",\"@id\":\"https:\\\/\\\/elcabilo.com\\\/radio\\\/2014\\\/11\\\/24\\\/concert-santa-cecilia-2014-de-la-rondalla-de-sella\\\/#webpage\",\"url\":\"https:\\\/\\\/elcabilo.com\\\/radio\\\/2014\\\/11\\\/24\\\/concert-santa-cecilia-2014-de-la-rondalla-de-sella\\\/\",\"name\":\"Concert Santa Cecilia 2014 de la Rondalla de Sella - Cabil\\u00f3R\\u00e0dio\",\"description\":\"Podeu escoltar el concert que ha realitzat la Rondalla de Sella amb motiu de la festivitat de Santa Cecilia el passat 22 de novembre. La Rondalla est\\u00e0 dirigida per En Jos\\u00e9 Ignacio Baeza Blasco que a meitat del concert ha volgut agrair l'esfor\\u00e7 realitzat pels musics des de que ell els dirigeix. Concert de la\",\"inLanguage\":\"ca\",\"isPartOf\":{\"@id\":\"https:\\\/\\\/elcabilo.com\\\/radio\\\/#website\"},\"breadcrumb\":{\"@id\":\"https:\\\/\\\/elcabilo.com\\\/radio\\\/2014\\\/11\\\/24\\\/concert-santa-cecilia-2014-de-la-rondalla-de-sella\\\/#breadcrumblist\"},\"author\":{\"@id\":\"https:\\\/\\\/elcabilo.com\\\/radio\\\/author\\\/radio\\\/#author\"},\"creator\":{\"@id\":\"https:\\\/\\\/elcabilo.com\\\/radio\\\/author\\\/radio\\\/#author\"},\"image\":{\"@type\":\"ImageObject\",\"url\":\"https:\\\/\\\/elcabilo.com\\\/radio\\\/files\\\/2014\\\/11\\\/Ronda_Cecilia14.jpg\",\"@id\":\"https:\\\/\\\/elcabilo.com\\\/radio\\\/2014\\\/11\\\/24\\\/concert-santa-cecilia-2014-de-la-rondalla-de-sella\\\/#mainImage\",\"width\":690,\"height\":226},\"primaryImageOfPage\":{\"@id\":\"https:\\\/\\\/elcabilo.com\\\/radio\\\/2014\\\/11\\\/24\\\/concert-santa-cecilia-2014-de-la-rondalla-de-sella\\\/#mainImage\"},\"datePublished\":\"2014-11-24T00:00:28+01:00\",\"dateModified\":\"2014-11-24T00:14:25+01:00\"},{\"@type\":\"WebSite\",\"@id\":\"https:\\\/\\\/elcabilo.com\\\/radio\\\/#website\",\"url\":\"https:\\\/\\\/elcabilo.com\\\/radio\\\/\",\"name\":\"Cabil\\u00f3 R\\u00e0dio\",\"description\":\"La r\\u00e0dio online de Sella\",\"inLanguage\":\"ca\",\"publisher\":{\"@id\":\"https:\\\/\\\/elcabilo.com\\\/radio\\\/#organization\"}}]}\n\t\t<\/script>\n\t\t<!-- All in One SEO -->\n\n","aioseo_head_json":{"title":"Concert Santa Cecilia 2014 de la Rondalla de Sella - Cabil\u00f3R\u00e0dio","description":"Podeu escoltar el concert que ha realitzat la Rondalla de Sella amb motiu de la festivitat de Santa Cecilia el passat 22 de novembre. La Rondalla est\u00e0 dirigida per En Jos\u00e9 Ignacio Baeza Blasco que a meitat del concert ha volgut agrair l'esfor\u00e7 realitzat pels musics des de que ell els dirigeix. Concert de la","canonical_url":"https:\/\/elcabilo.com\/radio\/2014\/11\/24\/concert-santa-cecilia-2014-de-la-rondalla-de-sella\/","robots":"max-image-preview:large","keywords":"","webmasterTools":{"miscellaneous":""},"schema":{"@context":"https:\/\/schema.org","@graph":[{"@type":"BlogPosting","@id":"https:\/\/elcabilo.com\/radio\/2014\/11\/24\/concert-santa-cecilia-2014-de-la-rondalla-de-sella\/#blogposting","name":"Concert Santa Cecilia 2014 de la Rondalla de Sella - Cabil\u00f3R\u00e0dio","headline":"Concert Santa Cecilia 2014 de la Rondalla de Sella","author":{"@id":"https:\/\/elcabilo.com\/radio\/author\/radio\/#author"},"publisher":{"@id":"https:\/\/elcabilo.com\/radio\/#organization"},"image":{"@type":"ImageObject","url":"https:\/\/elcabilo.com\/radio\/files\/2014\/11\/Ronda_Cecilia14.jpg","width":690,"height":226},"datePublished":"2014-11-24T00:00:28+01:00","dateModified":"2014-11-24T00:14:25+01:00","inLanguage":"ca","mainEntityOfPage":{"@id":"https:\/\/elcabilo.com\/radio\/2014\/11\/24\/concert-santa-cecilia-2014-de-la-rondalla-de-sella\/#webpage"},"isPartOf":{"@id":"https:\/\/elcabilo.com\/radio\/2014\/11\/24\/concert-santa-cecilia-2014-de-la-rondalla-de-sella\/#webpage"},"articleSection":"La coveta dels somnis"},{"@type":"BreadcrumbList","@id":"https:\/\/elcabilo.com\/radio\/2014\/11\/24\/concert-santa-cecilia-2014-de-la-rondalla-de-sella\/#breadcrumblist","itemListElement":[{"@type":"ListItem","@id":"https:\/\/elcabilo.com\/radio#listItem","position":1,"name":"Home","item":"https:\/\/elcabilo.com\/radio","nextItem":{"@type":"ListItem","@id":"https:\/\/elcabilo.com\/radio\/category\/programes\/#listItem","name":"Programes"}},{"@type":"ListItem","@id":"https:\/\/elcabilo.com\/radio\/category\/programes\/#listItem","position":2,"name":"Programes","item":"https:\/\/elcabilo.com\/radio\/category\/programes\/","nextItem":{"@type":"ListItem","@id":"https:\/\/elcabilo.com\/radio\/category\/programes\/la-coveta-dels-somnis\/#listItem","name":"La coveta dels somnis"},"previousItem":{"@type":"ListItem","@id":"https:\/\/elcabilo.com\/radio#listItem","name":"Home"}},{"@type":"ListItem","@id":"https:\/\/elcabilo.com\/radio\/category\/programes\/la-coveta-dels-somnis\/#listItem","position":3,"name":"La coveta dels somnis","item":"https:\/\/elcabilo.com\/radio\/category\/programes\/la-coveta-dels-somnis\/","nextItem":{"@type":"ListItem","@id":"https:\/\/elcabilo.com\/radio\/2014\/11\/24\/concert-santa-cecilia-2014-de-la-rondalla-de-sella\/#listItem","name":"Concert Santa Cecilia 2014 de la Rondalla de Sella"},"previousItem":{"@type":"ListItem","@id":"https:\/\/elcabilo.com\/radio\/category\/programes\/#listItem","name":"Programes"}},{"@type":"ListItem","@id":"https:\/\/elcabilo.com\/radio\/2014\/11\/24\/concert-santa-cecilia-2014-de-la-rondalla-de-sella\/#listItem","position":4,"name":"Concert Santa Cecilia 2014 de la Rondalla de Sella","previousItem":{"@type":"ListItem","@id":"https:\/\/elcabilo.com\/radio\/category\/programes\/la-coveta-dels-somnis\/#listItem","name":"La coveta dels somnis"}}]},{"@type":"Organization","@id":"https:\/\/elcabilo.com\/radio\/#organization","name":"Cabil\u00f3 R\u00e0dio","description":"La r\u00e0dio online de Sella","url":"https:\/\/elcabilo.com\/radio\/","logo":{"@type":"ImageObject","url":"https:\/\/elcabilo.com\/radio\/files\/2023\/01\/cropped-logo_radio-1.gif","@id":"https:\/\/elcabilo.com\/radio\/2014\/11\/24\/concert-santa-cecilia-2014-de-la-rondalla-de-sella\/#organizationLogo","width":250,"height":50},"image":{"@id":"https:\/\/elcabilo.com\/radio\/2014\/11\/24\/concert-santa-cecilia-2014-de-la-rondalla-de-sella\/#organizationLogo"}},{"@type":"Person","@id":"https:\/\/elcabilo.com\/radio\/author\/radio\/#author","url":"https:\/\/elcabilo.com\/radio\/author\/radio\/","name":"radio","image":{"@type":"ImageObject","@id":"https:\/\/elcabilo.com\/radio\/2014\/11\/24\/concert-santa-cecilia-2014-de-la-rondalla-de-sella\/#authorImage","url":"https:\/\/secure.gravatar.com\/avatar\/bb687b465db46b8e9255d0921cc346091032a91fe77f93721088d5decb8a2d1a?s=96&d=mm&r=g","width":96,"height":96,"caption":"radio"}},{"@type":"WebPage","@id":"https:\/\/elcabilo.com\/radio\/2014\/11\/24\/concert-santa-cecilia-2014-de-la-rondalla-de-sella\/#webpage","url":"https:\/\/elcabilo.com\/radio\/2014\/11\/24\/concert-santa-cecilia-2014-de-la-rondalla-de-sella\/","name":"Concert Santa Cecilia 2014 de la Rondalla de Sella - Cabil\u00f3R\u00e0dio","description":"Podeu escoltar el concert que ha realitzat la Rondalla de Sella amb motiu de la festivitat de Santa Cecilia el passat 22 de novembre. La Rondalla est\u00e0 dirigida per En Jos\u00e9 Ignacio Baeza Blasco que a meitat del concert ha volgut agrair l'esfor\u00e7 realitzat pels musics des de que ell els dirigeix. Concert de la","inLanguage":"ca","isPartOf":{"@id":"https:\/\/elcabilo.com\/radio\/#website"},"breadcrumb":{"@id":"https:\/\/elcabilo.com\/radio\/2014\/11\/24\/concert-santa-cecilia-2014-de-la-rondalla-de-sella\/#breadcrumblist"},"author":{"@id":"https:\/\/elcabilo.com\/radio\/author\/radio\/#author"},"creator":{"@id":"https:\/\/elcabilo.com\/radio\/author\/radio\/#author"},"image":{"@type":"ImageObject","url":"https:\/\/elcabilo.com\/radio\/files\/2014\/11\/Ronda_Cecilia14.jpg","@id":"https:\/\/elcabilo.com\/radio\/2014\/11\/24\/concert-santa-cecilia-2014-de-la-rondalla-de-sella\/#mainImage","width":690,"height":226},"primaryImageOfPage":{"@id":"https:\/\/elcabilo.com\/radio\/2014\/11\/24\/concert-santa-cecilia-2014-de-la-rondalla-de-sella\/#mainImage"},"datePublished":"2014-11-24T00:00:28+01:00","dateModified":"2014-11-24T00:14:25+01:00"},{"@type":"WebSite","@id":"https:\/\/elcabilo.com\/radio\/#website","url":"https:\/\/elcabilo.com\/radio\/","name":"Cabil\u00f3 R\u00e0dio","description":"La r\u00e0dio online de Sella","inLanguage":"ca","publisher":{"@id":"https:\/\/elcabilo.com\/radio\/#organization"}}]},"og:locale":"ca_ES","og:site_name":"Cabil\u00f3R\u00e0dio - La r\u00e0dio online de Sella","og:type":"article","og:title":"Concert Santa Cecilia 2014 de la Rondalla de Sella - Cabil\u00f3R\u00e0dio","og:description":"Podeu escoltar el concert que ha realitzat la Rondalla de Sella amb motiu de la festivitat de Santa Cecilia el passat 22 de novembre. La Rondalla est\u00e0 dirigida per En Jos\u00e9 Ignacio Baeza Blasco que a meitat del concert ha volgut agrair l'esfor\u00e7 realitzat pels musics des de que ell els dirigeix. Concert de la","og:url":"https:\/\/elcabilo.com\/radio\/2014\/11\/24\/concert-santa-cecilia-2014-de-la-rondalla-de-sella\/","og:image":"https:\/\/elcabilo.com\/radio\/files\/2023\/01\/cropped-logo_radio-1.gif","og:image:secure_url":"https:\/\/elcabilo.com\/radio\/files\/2023\/01\/cropped-logo_radio-1.gif","article:published_time":"2014-11-23T23:00:28+00:00","article:modified_time":"2014-11-23T23:14:25+00:00","twitter:card":"summary_large_image","twitter:title":"Concert Santa Cecilia 2014 de la Rondalla de Sella - Cabil\u00f3R\u00e0dio","twitter:description":"Podeu escoltar el concert que ha realitzat la Rondalla de Sella amb motiu de la festivitat de Santa Cecilia el passat 22 de novembre. La Rondalla est\u00e0 dirigida per En Jos\u00e9 Ignacio Baeza Blasco que a meitat del concert ha volgut agrair l'esfor\u00e7 realitzat pels musics des de que ell els dirigeix. Concert de la","twitter:image":"https:\/\/elcabilo.com\/radio\/files\/2023\/01\/cropped-logo_radio-1.gif"},"aioseo_meta_data":{"post_id":"1567","title":null,"description":null,"keywords":null,"keyphrases":null,"primary_term":null,"canonical_url":null,"og_title":null,"og_description":null,"og_object_type":"default","og_image_type":"default","og_image_url":null,"og_image_width":null,"og_image_height":null,"og_image_custom_url":null,"og_image_custom_fields":null,"og_video":null,"og_custom_url":null,"og_article_section":null,"og_article_tags":null,"twitter_use_og":false,"twitter_card":"default","twitter_image_type":"default","twitter_image_url":null,"twitter_image_custom_url":null,"twitter_image_custom_fields":null,"twitter_title":null,"twitter_description":null,"schema":{"blockGraphs":[],"customGraphs":[],"default":{"data":{"Article":[],"Course":[],"Dataset":[],"FAQPage":[],"Movie":[],"Person":[],"Product":[],"ProductReview":[],"Car":[],"Recipe":[],"Service":[],"SoftwareApplication":[],"WebPage":[]},"graphName":"","isEnabled":true},"graphs":[]},"schema_type":"default","schema_type_options":null,"pillar_content":false,"robots_default":true,"robots_noindex":false,"robots_noarchive":false,"robots_nosnippet":false,"robots_nofollow":false,"robots_noimageindex":false,"robots_noodp":false,"robots_notranslate":false,"robots_max_snippet":null,"robots_max_videopreview":null,"robots_max_imagepreview":"large","priority":null,"frequency":null,"local_seo":null,"breadcrumb_settings":null,"limit_modified_date":false,"ai":null,"created":"2023-01-27 22:20:40","updated":"2025-06-08 19:42:51","seo_analyzer_scan_date":null,"focus_keyword":null,"additional_keywords":null,"truseo_locale":null},"aioseo_breadcrumb":"<div class=\"aioseo-breadcrumbs\"><span class=\"aioseo-breadcrumb\">\n\t\t\t<a href=\"https:\/\/elcabilo.com\/radio\" title=\"Home\">Home<\/a>\n\t\t<\/span><span class=\"aioseo-breadcrumb-separator\">&raquo;<\/span><span class=\"aioseo-breadcrumb\">\n\t\t\t<a href=\"https:\/\/elcabilo.com\/radio\/category\/programes\/\" title=\"Programes\">Programes<\/a>\n\t\t<\/span><span class=\"aioseo-breadcrumb-separator\">&raquo;<\/span><span class=\"aioseo-breadcrumb\">\n\t\t\t<a href=\"https:\/\/elcabilo.com\/radio\/category\/programes\/la-coveta-dels-somnis\/\" title=\"La coveta dels somnis\">La coveta dels somnis<\/a>\n\t\t<\/span><span class=\"aioseo-breadcrumb-separator\">&raquo;<\/span><span class=\"aioseo-breadcrumb\">\n\t\t\tConcert Santa Cecilia 2014 de la Rondalla de Sella\n\t\t<\/span><\/div>","aioseo_breadcrumb_json":[{"label":"Home","link":"https:\/\/elcabilo.com\/radio"},{"label":"Programes","link":"https:\/\/elcabilo.com\/radio\/category\/programes\/"},{"label":"La coveta dels somnis","link":"https:\/\/elcabilo.com\/radio\/category\/programes\/la-coveta-dels-somnis\/"},{"label":"Concert Santa Cecilia 2014 de la Rondalla de Sella","link":"https:\/\/elcabilo.com\/radio\/2014\/11\/24\/concert-santa-cecilia-2014-de-la-rondalla-de-sella\/"}],"_links":{"self":[{"href":"https:\/\/elcabilo.com\/radio\/wp-json\/wp\/v2\/posts\/1567","targetHints":{"allow":["GET"]}}],"collection":[{"href":"https:\/\/elcabilo.com\/radio\/wp-json\/wp\/v2\/posts"}],"about":[{"href":"https:\/\/elcabilo.com\/radio\/wp-json\/wp\/v2\/types\/post"}],"author":[{"embeddable":true,"href":"https:\/\/elcabilo.com\/radio\/wp-json\/wp\/v2\/users\/272"}],"replies":[{"embeddable":true,"href":"https:\/\/elcabilo.com\/radio\/wp-json\/wp\/v2\/comments?post=1567"}],"version-history":[{"count":0,"href":"https:\/\/elcabilo.com\/radio\/wp-json\/wp\/v2\/posts\/1567\/revisions"}],"wp:featuredmedia":[{"embeddable":true,"href":"https:\/\/elcabilo.com\/radio\/wp-json\/wp\/v2\/media\/1570"}],"wp:attachment":[{"href":"https:\/\/elcabilo.com\/radio\/wp-json\/wp\/v2\/media?parent=1567"}],"wp:term":[{"taxonomy":"category","embeddable":true,"href":"https:\/\/elcabilo.com\/radio\/wp-json\/wp\/v2\/categories?post=1567"},{"taxonomy":"post_tag","embeddable":true,"href":"https:\/\/elcabilo.com\/radio\/wp-json\/wp\/v2\/tags?post=1567"}],"curies":[{"name":"wp","href":"https:\/\/api.w.org\/{rel}","templated":true}]}}