{"id":1585,"date":"2014-12-09T00:30:11","date_gmt":"2014-12-08T23:30:11","guid":{"rendered":"http:\/\/elcabilo.com\/radio\/?p=1585"},"modified":"2014-12-09T07:10:52","modified_gmt":"2014-12-09T06:10:52","slug":"la-ciencia-de-cada-dia-12-el-microbioma","status":"publish","type":"post","link":"https:\/\/elcabilo.com\/radio\/2014\/12\/09\/la-ciencia-de-cada-dia-12-el-microbioma\/","title":{"rendered":"La ci\u00e8ncia de cada d\u00eda: 12.El microbioma"},"content":{"rendered":"<p style=\"text-align: justify;\">El microbioma \u00e9s el conjunt de microorganismes que viuen amb nosaltres al nostre cos, especialment al sistema digestiu (la \u00abflora intestinal\u00bb), i que compleixen funcions vitals molt importants. En els \u00faltims anys est\u00e0 investigant-se la seua variabilitat i la seua relaci\u00f3 amb aspectes molt diferents de la nostra salut.<\/p>\n<p style=\"text-align: justify;\">Hui parlarem del nostre microbioma i, com \u00e9s habitual, tamb\u00e9 explicarem algunes not\u00edcies d&#8217;actualitat cient\u00edfica, ajudats esta vegada per l&#8217;amic Carlos Llorca.<\/p>\n<div>\n<p style=\"text-align: center;\"><a id=\"mbmaplayer_1393799084452\" class=\"mb_map {skin:'blue', animate:true, width:'200', volume:0.6, autoplay:false, loop:false, showVolumeLevel:true, showTime:true, showRew:true, downloadable:true, downloadablesecurity:false, id3: false}\" href=\"https:\/\/archive.org\/download\/Ciencia_desembre14\/Programa_12-Microbioma.mp3\">La ci\u00e8ncia de cada dia 12<\/a><\/p>\n<\/div>\n<div><\/div>\n<div>\n<p>Si voleu saber m\u00e9s sobre el que s&#8217;ha explicat al programa (polsa en <em>llegir m\u00e9s<\/em>):<\/p>\n<\/div>\n<p><!--more--><\/p>\n<div><b>Actualitat cient\u00edfica<\/b><\/div>\n<div>\n<p>&#8211; Millora de la cervessa \u00absin\u00bb:<\/p>\n<div><span style=\"font-family: Tahoma; font-variant: normal; white-space: normal; word-spacing: 0px; text-transform: none; float: none; font-weight: normal; color: #000000; font-style: normal; display: inline !important; letter-spacing: normal; line-height: normal; text-indent: 0px;\"><a href=\"http:\/\/www.agenciasinc.es\/Noticias\/Aromas-de-la-cerveza-con-alcohol-para-mejorar-el-sabor-de-la-sin\" target=\"_blank\">http:\/\/www.agenciasinc.es\/Noticias\/Aromas-de-la-cerveza-con-alcohol-para-mejorar-el-sabor-de-la-sin<\/a><br \/>\n<\/span><\/div>\n<\/div>\n<div>\n<p>&#8211; Beneficis del biling\u00fcisme:<\/p>\n<div><a style=\"font-family: Tahoma; font-variant: normal; white-space: normal; word-spacing: 0px; text-transform: none; font-weight: normal; font-style: normal; letter-spacing: normal; line-height: normal; text-indent: 0px;\" href=\"http:\/\/elpais.com\/elpais\/2014\/11\/14\/ciencia\/1415985974_376968.html\" target=\"_blank\">http:\/\/elpais.com\/elpais\/2014\/11\/14\/ciencia\/1415985974_376968.html<\/a><\/div>\n<\/div>\n<div>\n<p>&#8211; El graf\u00e9 per a jaquetes antibales:<\/p>\n<div><a style=\"font-family: Tahoma; font-variant: normal; white-space: normal; word-spacing: 0px; text-transform: none; font-weight: normal; font-style: normal; letter-spacing: normal; line-height: normal; text-indent: 0px;\" href=\"http:\/\/vozpopuli.com\/next\/53276-comprobado-el-grafeno-resiste-las-balas\" target=\"_blank\">http:\/\/vozpopuli.com\/next\/53276-comprobado-el-grafeno-resiste-las-balas<\/a><span style=\"font-family: Tahoma; font-variant: normal; white-space: normal; word-spacing: 0px; text-transform: none; float: none; font-weight: normal; color: #000000; font-style: normal; display: inline !important; letter-spacing: normal; line-height: normal; text-indent: 0px;\">;\u00a0<\/span><a style=\"font-family: Tahoma; font-variant: normal; white-space: normal; word-spacing: 0px; text-transform: none; font-weight: normal; font-style: normal; letter-spacing: normal; line-height: normal; text-indent: 0px;\" href=\"http:\/\/www.newscientist.com\/article\/dn26626-bulletproof-graphene-makes-ultrastrong-body-armour.html\" target=\"_blank\">http:\/\/www.newscientist.com\/article\/dn26626-bulletproof-graphene-makes-ultrastrong-body-armour.html<\/a><span style=\"font-family: Tahoma; font-variant: normal; white-space: normal; word-spacing: 0px; text-transform: none; float: none; font-weight: normal; color: #000000; font-style: normal; display: inline !important; letter-spacing: normal; line-height: normal; text-indent: 0px;\">;<\/span><\/div>\n<\/div>\n<div>\n<p>&#8211; Com escolten els gossos:<\/p>\n<div><a style=\"font-family: Tahoma; font-variant: normal; white-space: normal; word-spacing: 0px; text-transform: none; font-weight: normal; font-style: normal; letter-spacing: normal; line-height: normal; text-indent: 0px;\" href=\"http:\/\/www.agenciasinc.es\/Noticias\/Los-perros-distinguen-los-diferentes-componentes-del-habla-humana\" target=\"_blank\">http:\/\/www.agenciasinc.es\/Noticias\/Los-perros-distinguen-los-diferentes-componentes-del-habla-humana<\/a><\/div>\n<\/div>\n<div>\n<p>&#8211; Fumar elimina el cromosoma Y:<\/p>\n<div><a style=\"font-family: Tahoma; font-variant: normal; white-space: normal; word-spacing: 0px; text-transform: none; font-weight: normal; font-style: normal; letter-spacing: normal; line-height: normal; text-indent: 0px;\" href=\"http:\/\/elpais.com\/elpais\/2014\/12\/04\/ciencia\/1417692629_196065.html\" target=\"_blank\">http:\/\/elpais.com\/elpais\/2014\/12\/04\/ciencia\/1417692629_196065.html<\/a><span style=\"font-family: Tahoma; font-variant: normal; white-space: normal; word-spacing: 0px; text-transform: none; float: none; font-weight: normal; color: #000000; font-style: normal; display: inline !important; letter-spacing: normal; line-height: normal; text-indent: 0px;\">;\u00a0<\/span><a style=\"font-family: Tahoma; font-variant: normal; white-space: normal; word-spacing: 0px; text-transform: none; font-weight: normal; font-style: normal; letter-spacing: normal; line-height: normal; text-indent: 0px;\" href=\"http:\/\/www.newscientist.com\/article\/dn26656-y-men-are-more-likely-to-get-cancer-than-women.html#.VIDo9sl1glQ\" target=\"_blank\">http:\/\/www.newscientist.com\/article\/dn26656-y-men-are-more-likely-to-get-cancer-than-women.html#.VIDo9sl1glQ<\/a><\/div>\n<\/div>\n<div>\n<p>&#8211; Avantatges de la simetria del cos:<\/p>\n<div><a style=\"font-family: Tahoma; font-variant: normal; white-space: normal; word-spacing: 0px; text-transform: none; font-weight: normal; font-style: normal; letter-spacing: normal; line-height: normal; text-indent: 0px;\" href=\"http:\/\/www.scientificamerican.com\/espanol\/noticias\/symmetrical-knees-predict-sprinting-speed\/\" target=\"_blank\">http:\/\/www.scientificamerican.com\/espanol\/noticias\/symmetrical-knees-predict-sprinting-speed\/<\/a><\/div>\n<\/div>\n<div>\n<p>&#8211; Stephen Hawking vol ser \u00abel malo\u00bb de James Bond: <a href=\"http:\/\/www.huffingtonpost.com\/2014\/12\/01\/stephen-hawking-bond-villain_n_6252192.html\">http:\/\/www.huffingtonpost.com\/2014\/12\/01\/stephen-hawking-bond-villain_n_6252192.html<\/a><\/p>\n<\/div>\n<div><b>Tema central: El microbioma<\/b><\/div>\n<div>&#8211; General:<br \/>\n<a style=\"font-family: Tahoma; font-variant: normal; white-space: normal; word-spacing: 0px; text-transform: none; font-weight: normal; font-style: normal; letter-spacing: normal; line-height: normal; text-indent: 0px;\" href=\"http:\/\/feedproxy.google.com\/~r\/jralonso\/~3\/QuH9qIeB3P8\/\" target=\"_blank\" shape=\"rect\">http:\/\/feedproxy.google.com\/~r\/jralonso\/~3\/QuH9qIeB3P8\/<\/a><br \/>\n<a href=\"http:\/\/ciencia.ara.cat\/centpeus\/2014\/11\/05\/asma-ulceres-i-bacteris\/\" target=\"_blank\">http:\/\/ciencia.ara.cat\/centpeus\/2014\/11\/05\/asma-ulceres-i-bacteris\/<\/a><br \/>\n<a href=\"http:\/\/ciencia.ara.cat\/centpeus\/2013\/12\/18\/que-sembrutin-i-juguin-amb-el-gos\/\" target=\"_blank\">http:\/\/ciencia.ara.cat\/centpeus\/2013\/12\/18\/que-sembrutin-i-juguin-amb-el-gos\/<\/a><\/div>\n<div>\n<p>&#8211; Not\u00edcies particulars:<\/p>\n<div><a style=\"font-family: Tahoma; font-variant: normal; white-space: normal; word-spacing: 0px; text-transform: none; font-weight: normal; font-style: normal; letter-spacing: normal; line-height: normal; text-indent: 0px;\" href=\"http:\/\/www.agenciasinc.es\/Noticias\/Los-edulcorantes-artificiales-aceleran-el-desarrollo-de-la-intolerancia-a-la-glucosa\" target=\"_blank\">http:\/\/www.agenciasinc.es\/Noticias\/Los-edulcorantes-artificiales-aceleran-el-desarrollo-de-la-intolerancia-a-la-glucosa<\/a><\/div>\n<div><a style=\"font-family: Tahoma; font-variant: normal; white-space: normal; word-spacing: 0px; text-transform: none; font-weight: normal; font-style: normal; letter-spacing: normal; line-height: normal; text-indent: 0px;\" href=\"http:\/\/www.agenciasinc.es\/Noticias\/Nuestro-microbioma-habla-por-telefono\" target=\"_blank\" shape=\"rect\">http:\/\/www.agenciasinc.es\/Noticias\/Nuestro-microbioma-habla-por-telefono<\/a><br \/>\n<a style=\"font-family: Tahoma; font-variant: normal; white-space: normal; word-spacing: 0px; text-transform: none; font-weight: normal; font-style: normal; letter-spacing: normal; line-height: normal; text-indent: 0px;\" href=\"http:\/\/www.agenciasinc.es\/Noticias\/Nuestro-microbioma-habla-por-telefono\" target=\"_blank\" shape=\"rect\">http:\/\/www.fogonazos.es\/2013\/11\/en-busca-de-las-bacterias-perdidas.html<\/a><\/div>\n<\/div>\n<p><!--more--><\/p>\n","protected":false},"excerpt":{"rendered":"<p>El microbioma \u00e9s el conjunt de microorganismes que viuen amb nosaltres al nostre cos, especialment al sistema digestiu (la \u00abflora intestinal\u00bb), i que compleixen funcions vitals molt importants. En els \u00faltims anys est\u00e0 investigant-se la seua variabilitat i la seua relaci\u00f3 amb aspectes molt diferents de la nostra salut. Hui parlarem del nostre microbioma i, [&hellip;]<\/p>\n","protected":false},"author":272,"featured_media":1522,"comment_status":"open","ping_status":"open","sticky":false,"template":"","format":"standard","meta":{"_exactmetrics_skip_tracking":false,"footnotes":""},"categories":[9],"tags":[],"class_list":["post-1585","post","type-post","status-publish","format-standard","has-post-thumbnail","hentry","category-ciencia"],"aioseo_notices":[],"aioseo_head":"\n\t\t<!-- All in One SEO 5.0.1 - aioseo.com -->\n\t<meta name=\"description\" content=\"El microbioma \u00e9s el conjunt de microorganismes que viuen amb nosaltres al nostre cos, especialment al sistema digestiu (la &quot;flora intestinal&quot;), i que compleixen funcions vitals molt importants. En els \u00faltims anys est\u00e0 investigant-se la seua variabilitat i la seua relaci\u00f3 amb aspectes molt diferents de la nostra salut. Hui parlarem del nostre microbioma i,\" \/>\n\t<meta name=\"robots\" content=\"max-image-preview:large\" \/>\n\t<meta name=\"author\" content=\"radio\"\/>\n\t<link rel=\"canonical\" href=\"https:\/\/elcabilo.com\/radio\/2014\/12\/09\/la-ciencia-de-cada-dia-12-el-microbioma\/\" \/>\n\t<meta name=\"generator\" content=\"All in One SEO (AIOSEO) 5.0.1\" \/>\n\t\t<meta property=\"og:locale\" content=\"ca_ES\" \/>\n\t\t<meta property=\"og:site_name\" content=\"Cabil\u00f3R\u00e0dio - La r\u00e0dio online de Sella\" \/>\n\t\t<meta property=\"og:type\" content=\"article\" \/>\n\t\t<meta property=\"og:title\" content=\"La ci\u00e8ncia de cada d\u00eda: 12.El microbioma - Cabil\u00f3R\u00e0dio\" \/>\n\t\t<meta property=\"og:description\" content=\"El microbioma \u00e9s el conjunt de microorganismes que viuen amb nosaltres al nostre cos, especialment al sistema digestiu (la &quot;flora intestinal&quot;), i que compleixen funcions vitals molt importants. En els \u00faltims anys est\u00e0 investigant-se la seua variabilitat i la seua relaci\u00f3 amb aspectes molt diferents de la nostra salut. Hui parlarem del nostre microbioma i,\" \/>\n\t\t<meta property=\"og:url\" content=\"https:\/\/elcabilo.com\/radio\/2014\/12\/09\/la-ciencia-de-cada-dia-12-el-microbioma\/\" \/>\n\t\t<meta property=\"og:image\" content=\"https:\/\/elcabilo.com\/radio\/files\/2023\/01\/cropped-logo_radio-1.gif\" \/>\n\t\t<meta property=\"og:image:secure_url\" content=\"https:\/\/elcabilo.com\/radio\/files\/2023\/01\/cropped-logo_radio-1.gif\" \/>\n\t\t<meta property=\"article:published_time\" content=\"2014-12-08T23:30:11+00:00\" \/>\n\t\t<meta property=\"article:modified_time\" content=\"2014-12-09T06:10:52+00:00\" \/>\n\t\t<meta name=\"twitter:card\" content=\"summary_large_image\" \/>\n\t\t<meta name=\"twitter:title\" content=\"La ci\u00e8ncia de cada d\u00eda: 12.El microbioma - Cabil\u00f3R\u00e0dio\" \/>\n\t\t<meta name=\"twitter:description\" content=\"El microbioma \u00e9s el conjunt de microorganismes que viuen amb nosaltres al nostre cos, especialment al sistema digestiu (la &quot;flora intestinal&quot;), i que compleixen funcions vitals molt importants. En els \u00faltims anys est\u00e0 investigant-se la seua variabilitat i la seua relaci\u00f3 amb aspectes molt diferents de la nostra salut. Hui parlarem del nostre microbioma i,\" \/>\n\t\t<meta name=\"twitter:image\" content=\"https:\/\/elcabilo.com\/radio\/files\/2023\/01\/cropped-logo_radio-1.gif\" \/>\n\t\t<script type=\"application\/ld+json\" class=\"aioseo-schema\">\n\t\t\t{\"@context\":\"https:\\\/\\\/schema.org\",\"@graph\":[{\"@type\":\"BlogPosting\",\"@id\":\"https:\\\/\\\/elcabilo.com\\\/radio\\\/2014\\\/12\\\/09\\\/la-ciencia-de-cada-dia-12-el-microbioma\\\/#blogposting\",\"name\":\"La ci\\u00e8ncia de cada d\\u00eda: 12.El microbioma - Cabil\\u00f3R\\u00e0dio\",\"headline\":\"La ci\\u00e8ncia de cada d\\u00eda: 12.El microbioma\",\"author\":{\"@id\":\"https:\\\/\\\/elcabilo.com\\\/radio\\\/author\\\/radio\\\/#author\"},\"publisher\":{\"@id\":\"https:\\\/\\\/elcabilo.com\\\/radio\\\/#organization\"},\"image\":{\"@type\":\"ImageObject\",\"url\":\"https:\\\/\\\/elcabilo.com\\\/radio\\\/files\\\/2014\\\/09\\\/ciencia-setembre-14.jpg\",\"width\":593,\"height\":197},\"datePublished\":\"2014-12-09T00:30:11+01:00\",\"dateModified\":\"2014-12-09T07:10:52+01:00\",\"inLanguage\":\"ca\",\"mainEntityOfPage\":{\"@id\":\"https:\\\/\\\/elcabilo.com\\\/radio\\\/2014\\\/12\\\/09\\\/la-ciencia-de-cada-dia-12-el-microbioma\\\/#webpage\"},\"isPartOf\":{\"@id\":\"https:\\\/\\\/elcabilo.com\\\/radio\\\/2014\\\/12\\\/09\\\/la-ciencia-de-cada-dia-12-el-microbioma\\\/#webpage\"},\"articleSection\":\"La ci\\u00e8ncia de cada dia\"},{\"@type\":\"BreadcrumbList\",\"@id\":\"https:\\\/\\\/elcabilo.com\\\/radio\\\/2014\\\/12\\\/09\\\/la-ciencia-de-cada-dia-12-el-microbioma\\\/#breadcrumblist\",\"itemListElement\":[{\"@type\":\"ListItem\",\"@id\":\"https:\\\/\\\/elcabilo.com\\\/radio#listItem\",\"position\":1,\"name\":\"Home\",\"item\":\"https:\\\/\\\/elcabilo.com\\\/radio\",\"nextItem\":{\"@type\":\"ListItem\",\"@id\":\"https:\\\/\\\/elcabilo.com\\\/radio\\\/category\\\/programes\\\/#listItem\",\"name\":\"Programes\"}},{\"@type\":\"ListItem\",\"@id\":\"https:\\\/\\\/elcabilo.com\\\/radio\\\/category\\\/programes\\\/#listItem\",\"position\":2,\"name\":\"Programes\",\"item\":\"https:\\\/\\\/elcabilo.com\\\/radio\\\/category\\\/programes\\\/\",\"nextItem\":{\"@type\":\"ListItem\",\"@id\":\"https:\\\/\\\/elcabilo.com\\\/radio\\\/category\\\/programes\\\/ciencia\\\/#listItem\",\"name\":\"La ci\\u00e8ncia de cada dia\"},\"previousItem\":{\"@type\":\"ListItem\",\"@id\":\"https:\\\/\\\/elcabilo.com\\\/radio#listItem\",\"name\":\"Home\"}},{\"@type\":\"ListItem\",\"@id\":\"https:\\\/\\\/elcabilo.com\\\/radio\\\/category\\\/programes\\\/ciencia\\\/#listItem\",\"position\":3,\"name\":\"La ci\\u00e8ncia de cada dia\",\"item\":\"https:\\\/\\\/elcabilo.com\\\/radio\\\/category\\\/programes\\\/ciencia\\\/\",\"nextItem\":{\"@type\":\"ListItem\",\"@id\":\"https:\\\/\\\/elcabilo.com\\\/radio\\\/2014\\\/12\\\/09\\\/la-ciencia-de-cada-dia-12-el-microbioma\\\/#listItem\",\"name\":\"La ci\\u00e8ncia de cada d\\u00eda: 12.El microbioma\"},\"previousItem\":{\"@type\":\"ListItem\",\"@id\":\"https:\\\/\\\/elcabilo.com\\\/radio\\\/category\\\/programes\\\/#listItem\",\"name\":\"Programes\"}},{\"@type\":\"ListItem\",\"@id\":\"https:\\\/\\\/elcabilo.com\\\/radio\\\/2014\\\/12\\\/09\\\/la-ciencia-de-cada-dia-12-el-microbioma\\\/#listItem\",\"position\":4,\"name\":\"La ci\\u00e8ncia de cada d\\u00eda: 12.El microbioma\",\"previousItem\":{\"@type\":\"ListItem\",\"@id\":\"https:\\\/\\\/elcabilo.com\\\/radio\\\/category\\\/programes\\\/ciencia\\\/#listItem\",\"name\":\"La ci\\u00e8ncia de cada dia\"}}]},{\"@type\":\"Organization\",\"@id\":\"https:\\\/\\\/elcabilo.com\\\/radio\\\/#organization\",\"name\":\"Cabil\\u00f3 R\\u00e0dio\",\"description\":\"La r\\u00e0dio online de Sella\",\"url\":\"https:\\\/\\\/elcabilo.com\\\/radio\\\/\",\"logo\":{\"@type\":\"ImageObject\",\"url\":\"https:\\\/\\\/elcabilo.com\\\/radio\\\/files\\\/2023\\\/01\\\/cropped-logo_radio-1.gif\",\"@id\":\"https:\\\/\\\/elcabilo.com\\\/radio\\\/2014\\\/12\\\/09\\\/la-ciencia-de-cada-dia-12-el-microbioma\\\/#organizationLogo\",\"width\":250,\"height\":50},\"image\":{\"@id\":\"https:\\\/\\\/elcabilo.com\\\/radio\\\/2014\\\/12\\\/09\\\/la-ciencia-de-cada-dia-12-el-microbioma\\\/#organizationLogo\"}},{\"@type\":\"Person\",\"@id\":\"https:\\\/\\\/elcabilo.com\\\/radio\\\/author\\\/radio\\\/#author\",\"url\":\"https:\\\/\\\/elcabilo.com\\\/radio\\\/author\\\/radio\\\/\",\"name\":\"radio\",\"image\":{\"@type\":\"ImageObject\",\"@id\":\"https:\\\/\\\/elcabilo.com\\\/radio\\\/2014\\\/12\\\/09\\\/la-ciencia-de-cada-dia-12-el-microbioma\\\/#authorImage\",\"url\":\"https:\\\/\\\/secure.gravatar.com\\\/avatar\\\/bb687b465db46b8e9255d0921cc346091032a91fe77f93721088d5decb8a2d1a?s=96&d=mm&r=g\",\"width\":96,\"height\":96,\"caption\":\"radio\"}},{\"@type\":\"WebPage\",\"@id\":\"https:\\\/\\\/elcabilo.com\\\/radio\\\/2014\\\/12\\\/09\\\/la-ciencia-de-cada-dia-12-el-microbioma\\\/#webpage\",\"url\":\"https:\\\/\\\/elcabilo.com\\\/radio\\\/2014\\\/12\\\/09\\\/la-ciencia-de-cada-dia-12-el-microbioma\\\/\",\"name\":\"La ci\\u00e8ncia de cada d\\u00eda: 12.El microbioma - Cabil\\u00f3R\\u00e0dio\",\"description\":\"El microbioma \\u00e9s el conjunt de microorganismes que viuen amb nosaltres al nostre cos, especialment al sistema digestiu (la \\\"flora intestinal\\\"), i que compleixen funcions vitals molt importants. En els \\u00faltims anys est\\u00e0 investigant-se la seua variabilitat i la seua relaci\\u00f3 amb aspectes molt diferents de la nostra salut. Hui parlarem del nostre microbioma i,\",\"inLanguage\":\"ca\",\"isPartOf\":{\"@id\":\"https:\\\/\\\/elcabilo.com\\\/radio\\\/#website\"},\"breadcrumb\":{\"@id\":\"https:\\\/\\\/elcabilo.com\\\/radio\\\/2014\\\/12\\\/09\\\/la-ciencia-de-cada-dia-12-el-microbioma\\\/#breadcrumblist\"},\"author\":{\"@id\":\"https:\\\/\\\/elcabilo.com\\\/radio\\\/author\\\/radio\\\/#author\"},\"creator\":{\"@id\":\"https:\\\/\\\/elcabilo.com\\\/radio\\\/author\\\/radio\\\/#author\"},\"image\":{\"@type\":\"ImageObject\",\"url\":\"https:\\\/\\\/elcabilo.com\\\/radio\\\/files\\\/2014\\\/09\\\/ciencia-setembre-14.jpg\",\"@id\":\"https:\\\/\\\/elcabilo.com\\\/radio\\\/2014\\\/12\\\/09\\\/la-ciencia-de-cada-dia-12-el-microbioma\\\/#mainImage\",\"width\":593,\"height\":197},\"primaryImageOfPage\":{\"@id\":\"https:\\\/\\\/elcabilo.com\\\/radio\\\/2014\\\/12\\\/09\\\/la-ciencia-de-cada-dia-12-el-microbioma\\\/#mainImage\"},\"datePublished\":\"2014-12-09T00:30:11+01:00\",\"dateModified\":\"2014-12-09T07:10:52+01:00\"},{\"@type\":\"WebSite\",\"@id\":\"https:\\\/\\\/elcabilo.com\\\/radio\\\/#website\",\"url\":\"https:\\\/\\\/elcabilo.com\\\/radio\\\/\",\"name\":\"Cabil\\u00f3 R\\u00e0dio\",\"description\":\"La r\\u00e0dio online de Sella\",\"inLanguage\":\"ca\",\"publisher\":{\"@id\":\"https:\\\/\\\/elcabilo.com\\\/radio\\\/#organization\"}}]}\n\t\t<\/script>\n\t\t<!-- All in One SEO -->\n\n","aioseo_head_json":{"title":"La ci\u00e8ncia de cada d\u00eda: 12.El microbioma - Cabil\u00f3R\u00e0dio","description":"El microbioma \u00e9s el conjunt de microorganismes que viuen amb nosaltres al nostre cos, especialment al sistema digestiu (la \"flora intestinal\"), i que compleixen funcions vitals molt importants. En els \u00faltims anys est\u00e0 investigant-se la seua variabilitat i la seua relaci\u00f3 amb aspectes molt diferents de la nostra salut. Hui parlarem del nostre microbioma i,","canonical_url":"https:\/\/elcabilo.com\/radio\/2014\/12\/09\/la-ciencia-de-cada-dia-12-el-microbioma\/","robots":"max-image-preview:large","keywords":"","webmasterTools":{"miscellaneous":""},"schema":{"@context":"https:\/\/schema.org","@graph":[{"@type":"BlogPosting","@id":"https:\/\/elcabilo.com\/radio\/2014\/12\/09\/la-ciencia-de-cada-dia-12-el-microbioma\/#blogposting","name":"La ci\u00e8ncia de cada d\u00eda: 12.El microbioma - Cabil\u00f3R\u00e0dio","headline":"La ci\u00e8ncia de cada d\u00eda: 12.El microbioma","author":{"@id":"https:\/\/elcabilo.com\/radio\/author\/radio\/#author"},"publisher":{"@id":"https:\/\/elcabilo.com\/radio\/#organization"},"image":{"@type":"ImageObject","url":"https:\/\/elcabilo.com\/radio\/files\/2014\/09\/ciencia-setembre-14.jpg","width":593,"height":197},"datePublished":"2014-12-09T00:30:11+01:00","dateModified":"2014-12-09T07:10:52+01:00","inLanguage":"ca","mainEntityOfPage":{"@id":"https:\/\/elcabilo.com\/radio\/2014\/12\/09\/la-ciencia-de-cada-dia-12-el-microbioma\/#webpage"},"isPartOf":{"@id":"https:\/\/elcabilo.com\/radio\/2014\/12\/09\/la-ciencia-de-cada-dia-12-el-microbioma\/#webpage"},"articleSection":"La ci\u00e8ncia de cada dia"},{"@type":"BreadcrumbList","@id":"https:\/\/elcabilo.com\/radio\/2014\/12\/09\/la-ciencia-de-cada-dia-12-el-microbioma\/#breadcrumblist","itemListElement":[{"@type":"ListItem","@id":"https:\/\/elcabilo.com\/radio#listItem","position":1,"name":"Home","item":"https:\/\/elcabilo.com\/radio","nextItem":{"@type":"ListItem","@id":"https:\/\/elcabilo.com\/radio\/category\/programes\/#listItem","name":"Programes"}},{"@type":"ListItem","@id":"https:\/\/elcabilo.com\/radio\/category\/programes\/#listItem","position":2,"name":"Programes","item":"https:\/\/elcabilo.com\/radio\/category\/programes\/","nextItem":{"@type":"ListItem","@id":"https:\/\/elcabilo.com\/radio\/category\/programes\/ciencia\/#listItem","name":"La ci\u00e8ncia de cada dia"},"previousItem":{"@type":"ListItem","@id":"https:\/\/elcabilo.com\/radio#listItem","name":"Home"}},{"@type":"ListItem","@id":"https:\/\/elcabilo.com\/radio\/category\/programes\/ciencia\/#listItem","position":3,"name":"La ci\u00e8ncia de cada dia","item":"https:\/\/elcabilo.com\/radio\/category\/programes\/ciencia\/","nextItem":{"@type":"ListItem","@id":"https:\/\/elcabilo.com\/radio\/2014\/12\/09\/la-ciencia-de-cada-dia-12-el-microbioma\/#listItem","name":"La ci\u00e8ncia de cada d\u00eda: 12.El microbioma"},"previousItem":{"@type":"ListItem","@id":"https:\/\/elcabilo.com\/radio\/category\/programes\/#listItem","name":"Programes"}},{"@type":"ListItem","@id":"https:\/\/elcabilo.com\/radio\/2014\/12\/09\/la-ciencia-de-cada-dia-12-el-microbioma\/#listItem","position":4,"name":"La ci\u00e8ncia de cada d\u00eda: 12.El microbioma","previousItem":{"@type":"ListItem","@id":"https:\/\/elcabilo.com\/radio\/category\/programes\/ciencia\/#listItem","name":"La ci\u00e8ncia de cada dia"}}]},{"@type":"Organization","@id":"https:\/\/elcabilo.com\/radio\/#organization","name":"Cabil\u00f3 R\u00e0dio","description":"La r\u00e0dio online de Sella","url":"https:\/\/elcabilo.com\/radio\/","logo":{"@type":"ImageObject","url":"https:\/\/elcabilo.com\/radio\/files\/2023\/01\/cropped-logo_radio-1.gif","@id":"https:\/\/elcabilo.com\/radio\/2014\/12\/09\/la-ciencia-de-cada-dia-12-el-microbioma\/#organizationLogo","width":250,"height":50},"image":{"@id":"https:\/\/elcabilo.com\/radio\/2014\/12\/09\/la-ciencia-de-cada-dia-12-el-microbioma\/#organizationLogo"}},{"@type":"Person","@id":"https:\/\/elcabilo.com\/radio\/author\/radio\/#author","url":"https:\/\/elcabilo.com\/radio\/author\/radio\/","name":"radio","image":{"@type":"ImageObject","@id":"https:\/\/elcabilo.com\/radio\/2014\/12\/09\/la-ciencia-de-cada-dia-12-el-microbioma\/#authorImage","url":"https:\/\/secure.gravatar.com\/avatar\/bb687b465db46b8e9255d0921cc346091032a91fe77f93721088d5decb8a2d1a?s=96&d=mm&r=g","width":96,"height":96,"caption":"radio"}},{"@type":"WebPage","@id":"https:\/\/elcabilo.com\/radio\/2014\/12\/09\/la-ciencia-de-cada-dia-12-el-microbioma\/#webpage","url":"https:\/\/elcabilo.com\/radio\/2014\/12\/09\/la-ciencia-de-cada-dia-12-el-microbioma\/","name":"La ci\u00e8ncia de cada d\u00eda: 12.El microbioma - Cabil\u00f3R\u00e0dio","description":"El microbioma \u00e9s el conjunt de microorganismes que viuen amb nosaltres al nostre cos, especialment al sistema digestiu (la \"flora intestinal\"), i que compleixen funcions vitals molt importants. En els \u00faltims anys est\u00e0 investigant-se la seua variabilitat i la seua relaci\u00f3 amb aspectes molt diferents de la nostra salut. Hui parlarem del nostre microbioma i,","inLanguage":"ca","isPartOf":{"@id":"https:\/\/elcabilo.com\/radio\/#website"},"breadcrumb":{"@id":"https:\/\/elcabilo.com\/radio\/2014\/12\/09\/la-ciencia-de-cada-dia-12-el-microbioma\/#breadcrumblist"},"author":{"@id":"https:\/\/elcabilo.com\/radio\/author\/radio\/#author"},"creator":{"@id":"https:\/\/elcabilo.com\/radio\/author\/radio\/#author"},"image":{"@type":"ImageObject","url":"https:\/\/elcabilo.com\/radio\/files\/2014\/09\/ciencia-setembre-14.jpg","@id":"https:\/\/elcabilo.com\/radio\/2014\/12\/09\/la-ciencia-de-cada-dia-12-el-microbioma\/#mainImage","width":593,"height":197},"primaryImageOfPage":{"@id":"https:\/\/elcabilo.com\/radio\/2014\/12\/09\/la-ciencia-de-cada-dia-12-el-microbioma\/#mainImage"},"datePublished":"2014-12-09T00:30:11+01:00","dateModified":"2014-12-09T07:10:52+01:00"},{"@type":"WebSite","@id":"https:\/\/elcabilo.com\/radio\/#website","url":"https:\/\/elcabilo.com\/radio\/","name":"Cabil\u00f3 R\u00e0dio","description":"La r\u00e0dio online de Sella","inLanguage":"ca","publisher":{"@id":"https:\/\/elcabilo.com\/radio\/#organization"}}]},"og:locale":"ca_ES","og:site_name":"Cabil\u00f3R\u00e0dio - La r\u00e0dio online de Sella","og:type":"article","og:title":"La ci\u00e8ncia de cada d\u00eda: 12.El microbioma - Cabil\u00f3R\u00e0dio","og:description":"El microbioma \u00e9s el conjunt de microorganismes que viuen amb nosaltres al nostre cos, especialment al sistema digestiu (la &quot;flora intestinal&quot;), i que compleixen funcions vitals molt importants. En els \u00faltims anys est\u00e0 investigant-se la seua variabilitat i la seua relaci\u00f3 amb aspectes molt diferents de la nostra salut. Hui parlarem del nostre microbioma i,","og:url":"https:\/\/elcabilo.com\/radio\/2014\/12\/09\/la-ciencia-de-cada-dia-12-el-microbioma\/","og:image":"https:\/\/elcabilo.com\/radio\/files\/2023\/01\/cropped-logo_radio-1.gif","og:image:secure_url":"https:\/\/elcabilo.com\/radio\/files\/2023\/01\/cropped-logo_radio-1.gif","article:published_time":"2014-12-08T23:30:11+00:00","article:modified_time":"2014-12-09T06:10:52+00:00","twitter:card":"summary_large_image","twitter:title":"La ci\u00e8ncia de cada d\u00eda: 12.El microbioma - Cabil\u00f3R\u00e0dio","twitter:description":"El microbioma \u00e9s el conjunt de microorganismes que viuen amb nosaltres al nostre cos, especialment al sistema digestiu (la &quot;flora intestinal&quot;), i que compleixen funcions vitals molt importants. En els \u00faltims anys est\u00e0 investigant-se la seua variabilitat i la seua relaci\u00f3 amb aspectes molt diferents de la nostra salut. Hui parlarem del nostre microbioma i,","twitter:image":"https:\/\/elcabilo.com\/radio\/files\/2023\/01\/cropped-logo_radio-1.gif"},"aioseo_meta_data":{"post_id":"1585","title":null,"description":null,"keywords":null,"keyphrases":null,"primary_term":null,"canonical_url":null,"og_title":null,"og_description":null,"og_object_type":"default","og_image_type":"default","og_image_url":null,"og_image_width":null,"og_image_height":null,"og_image_custom_url":null,"og_image_custom_fields":null,"og_video":null,"og_custom_url":null,"og_article_section":null,"og_article_tags":null,"twitter_use_og":false,"twitter_card":"default","twitter_image_type":"default","twitter_image_url":null,"twitter_image_custom_url":null,"twitter_image_custom_fields":null,"twitter_title":null,"twitter_description":null,"schema":{"blockGraphs":[],"customGraphs":[],"default":{"data":{"Article":[],"Course":[],"Dataset":[],"FAQPage":[],"Movie":[],"Person":[],"Product":[],"ProductReview":[],"Car":[],"Recipe":[],"Service":[],"SoftwareApplication":[],"WebPage":[]},"graphName":"","isEnabled":true},"graphs":[]},"schema_type":"default","schema_type_options":null,"pillar_content":false,"robots_default":true,"robots_noindex":false,"robots_noarchive":false,"robots_nosnippet":false,"robots_nofollow":false,"robots_noimageindex":false,"robots_noodp":false,"robots_notranslate":false,"robots_max_snippet":null,"robots_max_videopreview":null,"robots_max_imagepreview":"large","priority":null,"frequency":null,"local_seo":null,"breadcrumb_settings":null,"limit_modified_date":false,"ai":null,"created":"2023-01-27 22:20:40","updated":"2025-06-08 19:42:51","seo_analyzer_scan_date":null,"focus_keyword":null,"additional_keywords":null,"truseo_locale":null},"aioseo_breadcrumb":"<div class=\"aioseo-breadcrumbs\"><span class=\"aioseo-breadcrumb\">\n\t\t\t<a href=\"https:\/\/elcabilo.com\/radio\" title=\"Home\">Home<\/a>\n\t\t<\/span><span class=\"aioseo-breadcrumb-separator\">&raquo;<\/span><span class=\"aioseo-breadcrumb\">\n\t\t\t<a href=\"https:\/\/elcabilo.com\/radio\/category\/programes\/\" title=\"Programes\">Programes<\/a>\n\t\t<\/span><span class=\"aioseo-breadcrumb-separator\">&raquo;<\/span><span class=\"aioseo-breadcrumb\">\n\t\t\t<a href=\"https:\/\/elcabilo.com\/radio\/category\/programes\/ciencia\/\" title=\"La ci\u00e8ncia de cada dia\">La ci\u00e8ncia de cada dia<\/a>\n\t\t<\/span><span class=\"aioseo-breadcrumb-separator\">&raquo;<\/span><span class=\"aioseo-breadcrumb\">\n\t\t\tLa ci\u00e8ncia de cada d\u00eda: 12.El microbioma\n\t\t<\/span><\/div>","aioseo_breadcrumb_json":[{"label":"Home","link":"https:\/\/elcabilo.com\/radio"},{"label":"Programes","link":"https:\/\/elcabilo.com\/radio\/category\/programes\/"},{"label":"La ci\u00e8ncia de cada dia","link":"https:\/\/elcabilo.com\/radio\/category\/programes\/ciencia\/"},{"label":"La ci\u00e8ncia de cada d\u00eda: 12.El microbioma","link":"https:\/\/elcabilo.com\/radio\/2014\/12\/09\/la-ciencia-de-cada-dia-12-el-microbioma\/"}],"_links":{"self":[{"href":"https:\/\/elcabilo.com\/radio\/wp-json\/wp\/v2\/posts\/1585","targetHints":{"allow":["GET"]}}],"collection":[{"href":"https:\/\/elcabilo.com\/radio\/wp-json\/wp\/v2\/posts"}],"about":[{"href":"https:\/\/elcabilo.com\/radio\/wp-json\/wp\/v2\/types\/post"}],"author":[{"embeddable":true,"href":"https:\/\/elcabilo.com\/radio\/wp-json\/wp\/v2\/users\/272"}],"replies":[{"embeddable":true,"href":"https:\/\/elcabilo.com\/radio\/wp-json\/wp\/v2\/comments?post=1585"}],"version-history":[{"count":0,"href":"https:\/\/elcabilo.com\/radio\/wp-json\/wp\/v2\/posts\/1585\/revisions"}],"wp:featuredmedia":[{"embeddable":true,"href":"https:\/\/elcabilo.com\/radio\/wp-json\/wp\/v2\/media\/1522"}],"wp:attachment":[{"href":"https:\/\/elcabilo.com\/radio\/wp-json\/wp\/v2\/media?parent=1585"}],"wp:term":[{"taxonomy":"category","embeddable":true,"href":"https:\/\/elcabilo.com\/radio\/wp-json\/wp\/v2\/categories?post=1585"},{"taxonomy":"post_tag","embeddable":true,"href":"https:\/\/elcabilo.com\/radio\/wp-json\/wp\/v2\/tags?post=1585"}],"curies":[{"name":"wp","href":"https:\/\/api.w.org\/{rel}","templated":true}]}}