{"id":1590,"date":"2014-12-14T23:00:55","date_gmt":"2014-12-14T22:00:55","guid":{"rendered":"http:\/\/elcabilo.com\/radio\/?p=1590"},"modified":"2014-12-14T23:21:12","modified_gmt":"2014-12-14T22:21:12","slug":"santa-cecilia-2014-i-40-aniversi-de-la-umlaurora","status":"publish","type":"post","link":"https:\/\/elcabilo.com\/radio\/2014\/12\/14\/santa-cecilia-2014-i-40-aniversi-de-la-umlaurora\/","title":{"rendered":"Santa Cecilia 2014 i 40 aniversi de la umlaurora"},"content":{"rendered":"<p style=\"text-align: justify;\">Vos deixem el concert del\u00a040 aniversari de la Uni\u00f3 Musical L&#8217;Aurora de Sella, cel\u00b7lebrat\u00a0amb motiu de la festivitat de Santa Cecilia 2014, el passat 13 de desembre. El concert dirigit per Miquel Morales (banda de m\u00fasica) i David Mas (cor), ha estat dividit amb 3 parts, dos de elles amb participaci\u00f3 exclusiva de la banda i una altra, amb la participaci\u00f3 de banda i cor:<\/p>\n<p>A continuaci\u00f3 les tres parts de concert:<\/p>\n<p>1\u00aa Part:<\/p>\n<p style=\"text-align: center;\"><a id=\"mbmaplayer_1393799084452\" class=\"mb_map {skin:'blue', animate:true, width:'200', volume:0.6, autoplay:false, loop:false, showVolumeLevel:true, showTime:true, showRew:true, downloadable:true, downloadablesecurity:false, id3: false}\" href=\"https:\/\/archive.org\/download\/santa_cecilia_2014\/1partconcertbanda.mp3\">Santa Cecilia 2014-1<\/a><\/p>\n<p>2\u00aa Part:<\/p>\n<p style=\"text-align: center;\"><a id=\"mbmaplayer_1393799084452\" class=\"mb_map {skin:'blue', animate:true, width:'200', volume:0.6, autoplay:false, loop:false, showVolumeLevel:true, showTime:true, showRew:true, downloadable:true, downloadablesecurity:false, id3: false}\" href=\"https:\/\/archive.org\/download\/santa_cecilia_2014\/2partconcerbanda.mp3\">Santa Cecilia 2014-2<\/a><\/p>\n<p>3\u00aa Part:<\/p>\n<p style=\"text-align: center;\"><a id=\"mbmaplayer_1393799084452\" class=\"mb_map {skin:'blue', animate:true, width:'200', volume:0.6, autoplay:false, loop:false, showVolumeLevel:true, showTime:true, showRew:true, downloadable:true, downloadablesecurity:false, id3: false}\" href=\"https:\/\/archive.org\/download\/santa_cecilia_2014\/3partconcerbanda.mp3\">Santa Cecilia 2014-3<\/a><\/p>\n<p>Si polseu en <em>llegir m\u00e9s<\/em>, podreu vore el programa de cadascuna de les parts i un v\u00eddeo del concert.<\/p>\n<p><!--more--><\/p>\n<p>El programa del concert ha segut el seg\u00fcent:<\/p>\n<p>Primera part:<\/p>\n<ul>\n<li><strong>La festa del m\u00fasic<\/strong> (Pasdoble de Miquel Morales composat amb motiu del 40 aniversari de la Uni\u00f3 Musical L&#8217;Aurora de Sella).<\/li>\n<li><strong>Ross Roy<\/strong> (de Jacob de Haan).<\/li>\n<li><strong>Suite de &#8220;La Mula&#8221;<\/strong> (de la banda sonora de la pel\u00edcula &#8220;La Mula&#8221;, composada per \u00d3scar Navarro).<\/li>\n<\/ul>\n<p>Segona part:<\/p>\n<ul>\n<li><strong>Strangers in the Night<\/strong> (de Bert Kaempfert)<\/li>\n<li><strong>Campanaes a mort<\/strong> (de Llu\u00eds Llach, amb l&#8217;arranjament de Miquel Morales)<\/li>\n<li><strong>Medley Boleros<\/strong> (Recull de boleros)<\/li>\n<\/ul>\n<p>Tercera part:<\/p>\n<ul>\n<li><strong>II Concierto para Clarinete y Orquesta<\/strong> (obra encarregada per l&#8217;institut Valenci\u00e0 de la M\u00fasica l&#8217;any 2012 a \u00d3scar Navarro i dedicada al clarinetista Jos\u00e9 Franch Ballester).<\/li>\n<li><strong>Libertadores<\/strong> (\u00d3scar Navarro. Encarregada per a la 39 edici\u00f3 del Certamen Internacional de Bandes de M\u00fasica &#8220;Vila d&#8217;Altea&#8221; i inspirada en els Pobles d&#8217;Am\u00e9rica)<\/li>\n<\/ul>\n<p>Per acabar, vos deixem la interpretaci\u00f3 de <em>Libertadores<\/em> de \u00d3scar Navarro:<\/p>\n<p style=\"text-align: center;\">[youtube]https:\/\/www.youtube.com\/watch?v=7V8HyDdLlEg[\/youtube]<\/p>\n","protected":false},"excerpt":{"rendered":"<p>Vos deixem el concert del\u00a040 aniversari de la Uni\u00f3 Musical L&#8217;Aurora de Sella, cel\u00b7lebrat\u00a0amb motiu de la festivitat de Santa Cecilia 2014, el passat 13 de desembre. El concert dirigit per Miquel Morales (banda de m\u00fasica) i David Mas (cor), ha estat dividit amb 3 parts, dos de elles amb participaci\u00f3 exclusiva de la banda [&hellip;]<\/p>\n","protected":false},"author":272,"featured_media":1598,"comment_status":"open","ping_status":"open","sticky":false,"template":"","format":"standard","meta":{"_exactmetrics_skip_tracking":false,"_exactmetrics_sitenote_active":false,"_exactmetrics_sitenote_note":"","_exactmetrics_sitenote_category":0,"footnotes":""},"categories":[14],"tags":[],"class_list":["post-1590","post","type-post","status-publish","format-standard","has-post-thumbnail","hentry","category-a-cau-dorella"],"aioseo_notices":[],"_links":{"self":[{"href":"https:\/\/elcabilo.com\/radio\/wp-json\/wp\/v2\/posts\/1590","targetHints":{"allow":["GET"]}}],"collection":[{"href":"https:\/\/elcabilo.com\/radio\/wp-json\/wp\/v2\/posts"}],"about":[{"href":"https:\/\/elcabilo.com\/radio\/wp-json\/wp\/v2\/types\/post"}],"author":[{"embeddable":true,"href":"https:\/\/elcabilo.com\/radio\/wp-json\/wp\/v2\/users\/272"}],"replies":[{"embeddable":true,"href":"https:\/\/elcabilo.com\/radio\/wp-json\/wp\/v2\/comments?post=1590"}],"version-history":[{"count":0,"href":"https:\/\/elcabilo.com\/radio\/wp-json\/wp\/v2\/posts\/1590\/revisions"}],"wp:featuredmedia":[{"embeddable":true,"href":"https:\/\/elcabilo.com\/radio\/wp-json\/wp\/v2\/media\/1598"}],"wp:attachment":[{"href":"https:\/\/elcabilo.com\/radio\/wp-json\/wp\/v2\/media?parent=1590"}],"wp:term":[{"taxonomy":"category","embeddable":true,"href":"https:\/\/elcabilo.com\/radio\/wp-json\/wp\/v2\/categories?post=1590"},{"taxonomy":"post_tag","embeddable":true,"href":"https:\/\/elcabilo.com\/radio\/wp-json\/wp\/v2\/tags?post=1590"}],"curies":[{"name":"wp","href":"https:\/\/api.w.org\/{rel}","templated":true}]}}