{"id":1590,"date":"2014-12-14T23:00:55","date_gmt":"2014-12-14T22:00:55","guid":{"rendered":"http:\/\/elcabilo.com\/radio\/?p=1590"},"modified":"2014-12-14T23:21:12","modified_gmt":"2014-12-14T22:21:12","slug":"santa-cecilia-2014-i-40-aniversi-de-la-umlaurora","status":"publish","type":"post","link":"https:\/\/elcabilo.com\/radio\/2014\/12\/14\/santa-cecilia-2014-i-40-aniversi-de-la-umlaurora\/","title":{"rendered":"Santa Cecilia 2014 i 40 aniversi de la umlaurora"},"content":{"rendered":"<p style=\"text-align: justify;\">Vos deixem el concert del\u00a040 aniversari de la Uni\u00f3 Musical L&#8217;Aurora de Sella, cel\u00b7lebrat\u00a0amb motiu de la festivitat de Santa Cecilia 2014, el passat 13 de desembre. El concert dirigit per Miquel Morales (banda de m\u00fasica) i David Mas (cor), ha estat dividit amb 3 parts, dos de elles amb participaci\u00f3 exclusiva de la banda i una altra, amb la participaci\u00f3 de banda i cor:<\/p>\n<p>A continuaci\u00f3 les tres parts de concert:<\/p>\n<p>1\u00aa Part:<\/p>\n<p style=\"text-align: center;\"><a id=\"mbmaplayer_1393799084452\" class=\"mb_map {skin:'blue', animate:true, width:'200', volume:0.6, autoplay:false, loop:false, showVolumeLevel:true, showTime:true, showRew:true, downloadable:true, downloadablesecurity:false, id3: false}\" href=\"https:\/\/archive.org\/download\/santa_cecilia_2014\/1partconcertbanda.mp3\">Santa Cecilia 2014-1<\/a><\/p>\n<p>2\u00aa Part:<\/p>\n<p style=\"text-align: center;\"><a id=\"mbmaplayer_1393799084452\" class=\"mb_map {skin:'blue', animate:true, width:'200', volume:0.6, autoplay:false, loop:false, showVolumeLevel:true, showTime:true, showRew:true, downloadable:true, downloadablesecurity:false, id3: false}\" href=\"https:\/\/archive.org\/download\/santa_cecilia_2014\/2partconcerbanda.mp3\">Santa Cecilia 2014-2<\/a><\/p>\n<p>3\u00aa Part:<\/p>\n<p style=\"text-align: center;\"><a id=\"mbmaplayer_1393799084452\" class=\"mb_map {skin:'blue', animate:true, width:'200', volume:0.6, autoplay:false, loop:false, showVolumeLevel:true, showTime:true, showRew:true, downloadable:true, downloadablesecurity:false, id3: false}\" href=\"https:\/\/archive.org\/download\/santa_cecilia_2014\/3partconcerbanda.mp3\">Santa Cecilia 2014-3<\/a><\/p>\n<p>Si polseu en <em>llegir m\u00e9s<\/em>, podreu vore el programa de cadascuna de les parts i un v\u00eddeo del concert.<\/p>\n<p><!--more--><\/p>\n<p>El programa del concert ha segut el seg\u00fcent:<\/p>\n<p>Primera part:<\/p>\n<ul>\n<li><strong>La festa del m\u00fasic<\/strong> (Pasdoble de Miquel Morales composat amb motiu del 40 aniversari de la Uni\u00f3 Musical L&#8217;Aurora de Sella).<\/li>\n<li><strong>Ross Roy<\/strong> (de Jacob de Haan).<\/li>\n<li><strong>Suite de \u00abLa Mula\u00bb<\/strong> (de la banda sonora de la pel\u00edcula \u00abLa Mula\u00bb, composada per \u00d3scar Navarro).<\/li>\n<\/ul>\n<p>Segona part:<\/p>\n<ul>\n<li><strong>Strangers in the Night<\/strong> (de Bert Kaempfert)<\/li>\n<li><strong>Campanaes a mort<\/strong> (de Llu\u00eds Llach, amb l&#8217;arranjament de Miquel Morales)<\/li>\n<li><strong>Medley Boleros<\/strong> (Recull de boleros)<\/li>\n<\/ul>\n<p>Tercera part:<\/p>\n<ul>\n<li><strong>II Concierto para Clarinete y Orquesta<\/strong> (obra encarregada per l&#8217;institut Valenci\u00e0 de la M\u00fasica l&#8217;any 2012 a \u00d3scar Navarro i dedicada al clarinetista Jos\u00e9 Franch Ballester).<\/li>\n<li><strong>Libertadores<\/strong> (\u00d3scar Navarro. Encarregada per a la 39 edici\u00f3 del Certamen Internacional de Bandes de M\u00fasica \u00abVila d&#8217;Altea\u00bb i inspirada en els Pobles d&#8217;Am\u00e9rica)<\/li>\n<\/ul>\n<p>Per acabar, vos deixem la interpretaci\u00f3 de <em>Libertadores<\/em> de \u00d3scar Navarro:<\/p>\n<p style=\"text-align: center;\">[youtube]https:\/\/www.youtube.com\/watch?v=7V8HyDdLlEg[\/youtube]<\/p>\n","protected":false},"excerpt":{"rendered":"<p>Vos deixem el concert del\u00a040 aniversari de la Uni\u00f3 Musical L&#8217;Aurora de Sella, cel\u00b7lebrat\u00a0amb motiu de la festivitat de Santa Cecilia 2014, el passat 13 de desembre. El concert dirigit per Miquel Morales (banda de m\u00fasica) i David Mas (cor), ha estat dividit amb 3 parts, dos de elles amb participaci\u00f3 exclusiva de la banda [&hellip;]<\/p>\n","protected":false},"author":272,"featured_media":1598,"comment_status":"open","ping_status":"open","sticky":false,"template":"","format":"standard","meta":{"_exactmetrics_skip_tracking":false,"footnotes":""},"categories":[14],"tags":[],"class_list":["post-1590","post","type-post","status-publish","format-standard","has-post-thumbnail","hentry","category-a-cau-dorella"],"aioseo_notices":[],"aioseo_head":"\n\t\t<!-- All in One SEO 5.0.1 - aioseo.com -->\n\t<meta name=\"description\" content=\"Vos deixem el concert del 40 aniversari de la Uni\u00f3 Musical L&#039;Aurora de Sella, cel\u00b7lebrat amb motiu de la festivitat de Santa Cecilia 2014, el passat 13 de desembre. El concert dirigit per Miquel Morales (banda de m\u00fasica) i David Mas (cor), ha estat dividit amb 3 parts, dos de elles amb participaci\u00f3 exclusiva de la banda\" \/>\n\t<meta name=\"robots\" content=\"max-image-preview:large\" \/>\n\t<meta name=\"author\" content=\"radio\"\/>\n\t<link rel=\"canonical\" href=\"https:\/\/elcabilo.com\/radio\/2014\/12\/14\/santa-cecilia-2014-i-40-aniversi-de-la-umlaurora\/\" \/>\n\t<meta name=\"generator\" content=\"All in One SEO (AIOSEO) 5.0.1\" \/>\n\t\t<meta property=\"og:locale\" content=\"ca_ES\" \/>\n\t\t<meta property=\"og:site_name\" content=\"Cabil\u00f3R\u00e0dio - La r\u00e0dio online de Sella\" \/>\n\t\t<meta property=\"og:type\" content=\"article\" \/>\n\t\t<meta property=\"og:title\" content=\"Santa Cecilia 2014 i 40 aniversi de la umlaurora - Cabil\u00f3R\u00e0dio\" \/>\n\t\t<meta property=\"og:description\" content=\"Vos deixem el concert del 40 aniversari de la Uni\u00f3 Musical L&#039;Aurora de Sella, cel\u00b7lebrat amb motiu de la festivitat de Santa Cecilia 2014, el passat 13 de desembre. El concert dirigit per Miquel Morales (banda de m\u00fasica) i David Mas (cor), ha estat dividit amb 3 parts, dos de elles amb participaci\u00f3 exclusiva de la banda\" \/>\n\t\t<meta property=\"og:url\" content=\"https:\/\/elcabilo.com\/radio\/2014\/12\/14\/santa-cecilia-2014-i-40-aniversi-de-la-umlaurora\/\" \/>\n\t\t<meta property=\"og:image\" content=\"https:\/\/elcabilo.com\/radio\/files\/2023\/01\/cropped-logo_radio-1.gif\" \/>\n\t\t<meta property=\"og:image:secure_url\" content=\"https:\/\/elcabilo.com\/radio\/files\/2023\/01\/cropped-logo_radio-1.gif\" \/>\n\t\t<meta property=\"article:published_time\" content=\"2014-12-14T22:00:55+00:00\" \/>\n\t\t<meta property=\"article:modified_time\" content=\"2014-12-14T22:21:12+00:00\" \/>\n\t\t<meta name=\"twitter:card\" content=\"summary_large_image\" \/>\n\t\t<meta name=\"twitter:title\" content=\"Santa Cecilia 2014 i 40 aniversi de la umlaurora - Cabil\u00f3R\u00e0dio\" \/>\n\t\t<meta name=\"twitter:description\" content=\"Vos deixem el concert del 40 aniversari de la Uni\u00f3 Musical L&#039;Aurora de Sella, cel\u00b7lebrat amb motiu de la festivitat de Santa Cecilia 2014, el passat 13 de desembre. El concert dirigit per Miquel Morales (banda de m\u00fasica) i David Mas (cor), ha estat dividit amb 3 parts, dos de elles amb participaci\u00f3 exclusiva de la banda\" \/>\n\t\t<meta name=\"twitter:image\" content=\"https:\/\/elcabilo.com\/radio\/files\/2023\/01\/cropped-logo_radio-1.gif\" \/>\n\t\t<script type=\"application\/ld+json\" class=\"aioseo-schema\">\n\t\t\t{\"@context\":\"https:\\\/\\\/schema.org\",\"@graph\":[{\"@type\":\"BlogPosting\",\"@id\":\"https:\\\/\\\/elcabilo.com\\\/radio\\\/2014\\\/12\\\/14\\\/santa-cecilia-2014-i-40-aniversi-de-la-umlaurora\\\/#blogposting\",\"name\":\"Santa Cecilia 2014 i 40 aniversi de la umlaurora - Cabil\\u00f3R\\u00e0dio\",\"headline\":\"Santa Cecilia 2014 i 40 aniversi de la umlaurora\",\"author\":{\"@id\":\"https:\\\/\\\/elcabilo.com\\\/radio\\\/author\\\/radio\\\/#author\"},\"publisher\":{\"@id\":\"https:\\\/\\\/elcabilo.com\\\/radio\\\/#organization\"},\"image\":{\"@type\":\"ImageObject\",\"url\":\"https:\\\/\\\/elcabilo.com\\\/radio\\\/files\\\/2014\\\/12\\\/logo-umlaurora.jpg\",\"width\":442,\"height\":110},\"datePublished\":\"2014-12-14T23:00:55+01:00\",\"dateModified\":\"2014-12-14T23:21:12+01:00\",\"inLanguage\":\"ca\",\"mainEntityOfPage\":{\"@id\":\"https:\\\/\\\/elcabilo.com\\\/radio\\\/2014\\\/12\\\/14\\\/santa-cecilia-2014-i-40-aniversi-de-la-umlaurora\\\/#webpage\"},\"isPartOf\":{\"@id\":\"https:\\\/\\\/elcabilo.com\\\/radio\\\/2014\\\/12\\\/14\\\/santa-cecilia-2014-i-40-aniversi-de-la-umlaurora\\\/#webpage\"},\"articleSection\":\"A cau d'orella\"},{\"@type\":\"BreadcrumbList\",\"@id\":\"https:\\\/\\\/elcabilo.com\\\/radio\\\/2014\\\/12\\\/14\\\/santa-cecilia-2014-i-40-aniversi-de-la-umlaurora\\\/#breadcrumblist\",\"itemListElement\":[{\"@type\":\"ListItem\",\"@id\":\"https:\\\/\\\/elcabilo.com\\\/radio#listItem\",\"position\":1,\"name\":\"Home\",\"item\":\"https:\\\/\\\/elcabilo.com\\\/radio\",\"nextItem\":{\"@type\":\"ListItem\",\"@id\":\"https:\\\/\\\/elcabilo.com\\\/radio\\\/category\\\/programes\\\/#listItem\",\"name\":\"Programes\"}},{\"@type\":\"ListItem\",\"@id\":\"https:\\\/\\\/elcabilo.com\\\/radio\\\/category\\\/programes\\\/#listItem\",\"position\":2,\"name\":\"Programes\",\"item\":\"https:\\\/\\\/elcabilo.com\\\/radio\\\/category\\\/programes\\\/\",\"nextItem\":{\"@type\":\"ListItem\",\"@id\":\"https:\\\/\\\/elcabilo.com\\\/radio\\\/category\\\/programes\\\/a-cau-dorella\\\/#listItem\",\"name\":\"A cau d'orella\"},\"previousItem\":{\"@type\":\"ListItem\",\"@id\":\"https:\\\/\\\/elcabilo.com\\\/radio#listItem\",\"name\":\"Home\"}},{\"@type\":\"ListItem\",\"@id\":\"https:\\\/\\\/elcabilo.com\\\/radio\\\/category\\\/programes\\\/a-cau-dorella\\\/#listItem\",\"position\":3,\"name\":\"A cau d'orella\",\"item\":\"https:\\\/\\\/elcabilo.com\\\/radio\\\/category\\\/programes\\\/a-cau-dorella\\\/\",\"nextItem\":{\"@type\":\"ListItem\",\"@id\":\"https:\\\/\\\/elcabilo.com\\\/radio\\\/2014\\\/12\\\/14\\\/santa-cecilia-2014-i-40-aniversi-de-la-umlaurora\\\/#listItem\",\"name\":\"Santa Cecilia 2014 i 40 aniversi de la umlaurora\"},\"previousItem\":{\"@type\":\"ListItem\",\"@id\":\"https:\\\/\\\/elcabilo.com\\\/radio\\\/category\\\/programes\\\/#listItem\",\"name\":\"Programes\"}},{\"@type\":\"ListItem\",\"@id\":\"https:\\\/\\\/elcabilo.com\\\/radio\\\/2014\\\/12\\\/14\\\/santa-cecilia-2014-i-40-aniversi-de-la-umlaurora\\\/#listItem\",\"position\":4,\"name\":\"Santa Cecilia 2014 i 40 aniversi de la umlaurora\",\"previousItem\":{\"@type\":\"ListItem\",\"@id\":\"https:\\\/\\\/elcabilo.com\\\/radio\\\/category\\\/programes\\\/a-cau-dorella\\\/#listItem\",\"name\":\"A cau d'orella\"}}]},{\"@type\":\"Organization\",\"@id\":\"https:\\\/\\\/elcabilo.com\\\/radio\\\/#organization\",\"name\":\"Cabil\\u00f3 R\\u00e0dio\",\"description\":\"La r\\u00e0dio online de Sella\",\"url\":\"https:\\\/\\\/elcabilo.com\\\/radio\\\/\",\"logo\":{\"@type\":\"ImageObject\",\"url\":\"https:\\\/\\\/elcabilo.com\\\/radio\\\/files\\\/2023\\\/01\\\/cropped-logo_radio-1.gif\",\"@id\":\"https:\\\/\\\/elcabilo.com\\\/radio\\\/2014\\\/12\\\/14\\\/santa-cecilia-2014-i-40-aniversi-de-la-umlaurora\\\/#organizationLogo\",\"width\":250,\"height\":50},\"image\":{\"@id\":\"https:\\\/\\\/elcabilo.com\\\/radio\\\/2014\\\/12\\\/14\\\/santa-cecilia-2014-i-40-aniversi-de-la-umlaurora\\\/#organizationLogo\"}},{\"@type\":\"Person\",\"@id\":\"https:\\\/\\\/elcabilo.com\\\/radio\\\/author\\\/radio\\\/#author\",\"url\":\"https:\\\/\\\/elcabilo.com\\\/radio\\\/author\\\/radio\\\/\",\"name\":\"radio\",\"image\":{\"@type\":\"ImageObject\",\"@id\":\"https:\\\/\\\/elcabilo.com\\\/radio\\\/2014\\\/12\\\/14\\\/santa-cecilia-2014-i-40-aniversi-de-la-umlaurora\\\/#authorImage\",\"url\":\"https:\\\/\\\/secure.gravatar.com\\\/avatar\\\/bb687b465db46b8e9255d0921cc346091032a91fe77f93721088d5decb8a2d1a?s=96&d=mm&r=g\",\"width\":96,\"height\":96,\"caption\":\"radio\"}},{\"@type\":\"WebPage\",\"@id\":\"https:\\\/\\\/elcabilo.com\\\/radio\\\/2014\\\/12\\\/14\\\/santa-cecilia-2014-i-40-aniversi-de-la-umlaurora\\\/#webpage\",\"url\":\"https:\\\/\\\/elcabilo.com\\\/radio\\\/2014\\\/12\\\/14\\\/santa-cecilia-2014-i-40-aniversi-de-la-umlaurora\\\/\",\"name\":\"Santa Cecilia 2014 i 40 aniversi de la umlaurora - Cabil\\u00f3R\\u00e0dio\",\"description\":\"Vos deixem el concert del 40 aniversari de la Uni\\u00f3 Musical L'Aurora de Sella, cel\\u00b7lebrat amb motiu de la festivitat de Santa Cecilia 2014, el passat 13 de desembre. El concert dirigit per Miquel Morales (banda de m\\u00fasica) i David Mas (cor), ha estat dividit amb 3 parts, dos de elles amb participaci\\u00f3 exclusiva de la banda\",\"inLanguage\":\"ca\",\"isPartOf\":{\"@id\":\"https:\\\/\\\/elcabilo.com\\\/radio\\\/#website\"},\"breadcrumb\":{\"@id\":\"https:\\\/\\\/elcabilo.com\\\/radio\\\/2014\\\/12\\\/14\\\/santa-cecilia-2014-i-40-aniversi-de-la-umlaurora\\\/#breadcrumblist\"},\"author\":{\"@id\":\"https:\\\/\\\/elcabilo.com\\\/radio\\\/author\\\/radio\\\/#author\"},\"creator\":{\"@id\":\"https:\\\/\\\/elcabilo.com\\\/radio\\\/author\\\/radio\\\/#author\"},\"image\":{\"@type\":\"ImageObject\",\"url\":\"https:\\\/\\\/elcabilo.com\\\/radio\\\/files\\\/2014\\\/12\\\/logo-umlaurora.jpg\",\"@id\":\"https:\\\/\\\/elcabilo.com\\\/radio\\\/2014\\\/12\\\/14\\\/santa-cecilia-2014-i-40-aniversi-de-la-umlaurora\\\/#mainImage\",\"width\":442,\"height\":110},\"primaryImageOfPage\":{\"@id\":\"https:\\\/\\\/elcabilo.com\\\/radio\\\/2014\\\/12\\\/14\\\/santa-cecilia-2014-i-40-aniversi-de-la-umlaurora\\\/#mainImage\"},\"datePublished\":\"2014-12-14T23:00:55+01:00\",\"dateModified\":\"2014-12-14T23:21:12+01:00\"},{\"@type\":\"WebSite\",\"@id\":\"https:\\\/\\\/elcabilo.com\\\/radio\\\/#website\",\"url\":\"https:\\\/\\\/elcabilo.com\\\/radio\\\/\",\"name\":\"Cabil\\u00f3 R\\u00e0dio\",\"description\":\"La r\\u00e0dio online de Sella\",\"inLanguage\":\"ca\",\"publisher\":{\"@id\":\"https:\\\/\\\/elcabilo.com\\\/radio\\\/#organization\"}}]}\n\t\t<\/script>\n\t\t<!-- All in One SEO -->\n\n","aioseo_head_json":{"title":"Santa Cecilia 2014 i 40 aniversi de la umlaurora - Cabil\u00f3R\u00e0dio","description":"Vos deixem el concert del 40 aniversari de la Uni\u00f3 Musical L'Aurora de Sella, cel\u00b7lebrat amb motiu de la festivitat de Santa Cecilia 2014, el passat 13 de desembre. El concert dirigit per Miquel Morales (banda de m\u00fasica) i David Mas (cor), ha estat dividit amb 3 parts, dos de elles amb participaci\u00f3 exclusiva de la banda","canonical_url":"https:\/\/elcabilo.com\/radio\/2014\/12\/14\/santa-cecilia-2014-i-40-aniversi-de-la-umlaurora\/","robots":"max-image-preview:large","keywords":"","webmasterTools":{"miscellaneous":""},"schema":{"@context":"https:\/\/schema.org","@graph":[{"@type":"BlogPosting","@id":"https:\/\/elcabilo.com\/radio\/2014\/12\/14\/santa-cecilia-2014-i-40-aniversi-de-la-umlaurora\/#blogposting","name":"Santa Cecilia 2014 i 40 aniversi de la umlaurora - Cabil\u00f3R\u00e0dio","headline":"Santa Cecilia 2014 i 40 aniversi de la umlaurora","author":{"@id":"https:\/\/elcabilo.com\/radio\/author\/radio\/#author"},"publisher":{"@id":"https:\/\/elcabilo.com\/radio\/#organization"},"image":{"@type":"ImageObject","url":"https:\/\/elcabilo.com\/radio\/files\/2014\/12\/logo-umlaurora.jpg","width":442,"height":110},"datePublished":"2014-12-14T23:00:55+01:00","dateModified":"2014-12-14T23:21:12+01:00","inLanguage":"ca","mainEntityOfPage":{"@id":"https:\/\/elcabilo.com\/radio\/2014\/12\/14\/santa-cecilia-2014-i-40-aniversi-de-la-umlaurora\/#webpage"},"isPartOf":{"@id":"https:\/\/elcabilo.com\/radio\/2014\/12\/14\/santa-cecilia-2014-i-40-aniversi-de-la-umlaurora\/#webpage"},"articleSection":"A cau d'orella"},{"@type":"BreadcrumbList","@id":"https:\/\/elcabilo.com\/radio\/2014\/12\/14\/santa-cecilia-2014-i-40-aniversi-de-la-umlaurora\/#breadcrumblist","itemListElement":[{"@type":"ListItem","@id":"https:\/\/elcabilo.com\/radio#listItem","position":1,"name":"Home","item":"https:\/\/elcabilo.com\/radio","nextItem":{"@type":"ListItem","@id":"https:\/\/elcabilo.com\/radio\/category\/programes\/#listItem","name":"Programes"}},{"@type":"ListItem","@id":"https:\/\/elcabilo.com\/radio\/category\/programes\/#listItem","position":2,"name":"Programes","item":"https:\/\/elcabilo.com\/radio\/category\/programes\/","nextItem":{"@type":"ListItem","@id":"https:\/\/elcabilo.com\/radio\/category\/programes\/a-cau-dorella\/#listItem","name":"A cau d'orella"},"previousItem":{"@type":"ListItem","@id":"https:\/\/elcabilo.com\/radio#listItem","name":"Home"}},{"@type":"ListItem","@id":"https:\/\/elcabilo.com\/radio\/category\/programes\/a-cau-dorella\/#listItem","position":3,"name":"A cau d'orella","item":"https:\/\/elcabilo.com\/radio\/category\/programes\/a-cau-dorella\/","nextItem":{"@type":"ListItem","@id":"https:\/\/elcabilo.com\/radio\/2014\/12\/14\/santa-cecilia-2014-i-40-aniversi-de-la-umlaurora\/#listItem","name":"Santa Cecilia 2014 i 40 aniversi de la umlaurora"},"previousItem":{"@type":"ListItem","@id":"https:\/\/elcabilo.com\/radio\/category\/programes\/#listItem","name":"Programes"}},{"@type":"ListItem","@id":"https:\/\/elcabilo.com\/radio\/2014\/12\/14\/santa-cecilia-2014-i-40-aniversi-de-la-umlaurora\/#listItem","position":4,"name":"Santa Cecilia 2014 i 40 aniversi de la umlaurora","previousItem":{"@type":"ListItem","@id":"https:\/\/elcabilo.com\/radio\/category\/programes\/a-cau-dorella\/#listItem","name":"A cau d'orella"}}]},{"@type":"Organization","@id":"https:\/\/elcabilo.com\/radio\/#organization","name":"Cabil\u00f3 R\u00e0dio","description":"La r\u00e0dio online de Sella","url":"https:\/\/elcabilo.com\/radio\/","logo":{"@type":"ImageObject","url":"https:\/\/elcabilo.com\/radio\/files\/2023\/01\/cropped-logo_radio-1.gif","@id":"https:\/\/elcabilo.com\/radio\/2014\/12\/14\/santa-cecilia-2014-i-40-aniversi-de-la-umlaurora\/#organizationLogo","width":250,"height":50},"image":{"@id":"https:\/\/elcabilo.com\/radio\/2014\/12\/14\/santa-cecilia-2014-i-40-aniversi-de-la-umlaurora\/#organizationLogo"}},{"@type":"Person","@id":"https:\/\/elcabilo.com\/radio\/author\/radio\/#author","url":"https:\/\/elcabilo.com\/radio\/author\/radio\/","name":"radio","image":{"@type":"ImageObject","@id":"https:\/\/elcabilo.com\/radio\/2014\/12\/14\/santa-cecilia-2014-i-40-aniversi-de-la-umlaurora\/#authorImage","url":"https:\/\/secure.gravatar.com\/avatar\/bb687b465db46b8e9255d0921cc346091032a91fe77f93721088d5decb8a2d1a?s=96&d=mm&r=g","width":96,"height":96,"caption":"radio"}},{"@type":"WebPage","@id":"https:\/\/elcabilo.com\/radio\/2014\/12\/14\/santa-cecilia-2014-i-40-aniversi-de-la-umlaurora\/#webpage","url":"https:\/\/elcabilo.com\/radio\/2014\/12\/14\/santa-cecilia-2014-i-40-aniversi-de-la-umlaurora\/","name":"Santa Cecilia 2014 i 40 aniversi de la umlaurora - Cabil\u00f3R\u00e0dio","description":"Vos deixem el concert del 40 aniversari de la Uni\u00f3 Musical L'Aurora de Sella, cel\u00b7lebrat amb motiu de la festivitat de Santa Cecilia 2014, el passat 13 de desembre. El concert dirigit per Miquel Morales (banda de m\u00fasica) i David Mas (cor), ha estat dividit amb 3 parts, dos de elles amb participaci\u00f3 exclusiva de la banda","inLanguage":"ca","isPartOf":{"@id":"https:\/\/elcabilo.com\/radio\/#website"},"breadcrumb":{"@id":"https:\/\/elcabilo.com\/radio\/2014\/12\/14\/santa-cecilia-2014-i-40-aniversi-de-la-umlaurora\/#breadcrumblist"},"author":{"@id":"https:\/\/elcabilo.com\/radio\/author\/radio\/#author"},"creator":{"@id":"https:\/\/elcabilo.com\/radio\/author\/radio\/#author"},"image":{"@type":"ImageObject","url":"https:\/\/elcabilo.com\/radio\/files\/2014\/12\/logo-umlaurora.jpg","@id":"https:\/\/elcabilo.com\/radio\/2014\/12\/14\/santa-cecilia-2014-i-40-aniversi-de-la-umlaurora\/#mainImage","width":442,"height":110},"primaryImageOfPage":{"@id":"https:\/\/elcabilo.com\/radio\/2014\/12\/14\/santa-cecilia-2014-i-40-aniversi-de-la-umlaurora\/#mainImage"},"datePublished":"2014-12-14T23:00:55+01:00","dateModified":"2014-12-14T23:21:12+01:00"},{"@type":"WebSite","@id":"https:\/\/elcabilo.com\/radio\/#website","url":"https:\/\/elcabilo.com\/radio\/","name":"Cabil\u00f3 R\u00e0dio","description":"La r\u00e0dio online de Sella","inLanguage":"ca","publisher":{"@id":"https:\/\/elcabilo.com\/radio\/#organization"}}]},"og:locale":"ca_ES","og:site_name":"Cabil\u00f3R\u00e0dio - La r\u00e0dio online de Sella","og:type":"article","og:title":"Santa Cecilia 2014 i 40 aniversi de la umlaurora - Cabil\u00f3R\u00e0dio","og:description":"Vos deixem el concert del 40 aniversari de la Uni\u00f3 Musical L'Aurora de Sella, cel\u00b7lebrat amb motiu de la festivitat de Santa Cecilia 2014, el passat 13 de desembre. El concert dirigit per Miquel Morales (banda de m\u00fasica) i David Mas (cor), ha estat dividit amb 3 parts, dos de elles amb participaci\u00f3 exclusiva de la banda","og:url":"https:\/\/elcabilo.com\/radio\/2014\/12\/14\/santa-cecilia-2014-i-40-aniversi-de-la-umlaurora\/","og:image":"https:\/\/elcabilo.com\/radio\/files\/2023\/01\/cropped-logo_radio-1.gif","og:image:secure_url":"https:\/\/elcabilo.com\/radio\/files\/2023\/01\/cropped-logo_radio-1.gif","article:published_time":"2014-12-14T22:00:55+00:00","article:modified_time":"2014-12-14T22:21:12+00:00","twitter:card":"summary_large_image","twitter:title":"Santa Cecilia 2014 i 40 aniversi de la umlaurora - Cabil\u00f3R\u00e0dio","twitter:description":"Vos deixem el concert del 40 aniversari de la Uni\u00f3 Musical L'Aurora de Sella, cel\u00b7lebrat amb motiu de la festivitat de Santa Cecilia 2014, el passat 13 de desembre. El concert dirigit per Miquel Morales (banda de m\u00fasica) i David Mas (cor), ha estat dividit amb 3 parts, dos de elles amb participaci\u00f3 exclusiva de la banda","twitter:image":"https:\/\/elcabilo.com\/radio\/files\/2023\/01\/cropped-logo_radio-1.gif"},"aioseo_meta_data":{"post_id":"1590","title":null,"description":null,"keywords":null,"keyphrases":null,"primary_term":null,"canonical_url":null,"og_title":null,"og_description":null,"og_object_type":"default","og_image_type":"default","og_image_url":null,"og_image_width":null,"og_image_height":null,"og_image_custom_url":null,"og_image_custom_fields":null,"og_video":null,"og_custom_url":null,"og_article_section":null,"og_article_tags":null,"twitter_use_og":false,"twitter_card":"default","twitter_image_type":"default","twitter_image_url":null,"twitter_image_custom_url":null,"twitter_image_custom_fields":null,"twitter_title":null,"twitter_description":null,"schema":{"blockGraphs":[],"customGraphs":[],"default":{"data":{"Article":[],"Course":[],"Dataset":[],"FAQPage":[],"Movie":[],"Person":[],"Product":[],"ProductReview":[],"Car":[],"Recipe":[],"Service":[],"SoftwareApplication":[],"WebPage":[]},"graphName":"","isEnabled":true},"graphs":[]},"schema_type":"default","schema_type_options":null,"pillar_content":false,"robots_default":true,"robots_noindex":false,"robots_noarchive":false,"robots_nosnippet":false,"robots_nofollow":false,"robots_noimageindex":false,"robots_noodp":false,"robots_notranslate":false,"robots_max_snippet":null,"robots_max_videopreview":null,"robots_max_imagepreview":"large","priority":null,"frequency":null,"local_seo":null,"breadcrumb_settings":null,"limit_modified_date":false,"ai":null,"created":"2023-01-27 22:20:40","updated":"2025-06-08 19:42:51","seo_analyzer_scan_date":null,"focus_keyword":null,"additional_keywords":null,"truseo_locale":null},"aioseo_breadcrumb":"<div class=\"aioseo-breadcrumbs\"><span class=\"aioseo-breadcrumb\">\n\t\t\t<a href=\"https:\/\/elcabilo.com\/radio\" title=\"Home\">Home<\/a>\n\t\t<\/span><span class=\"aioseo-breadcrumb-separator\">&raquo;<\/span><span class=\"aioseo-breadcrumb\">\n\t\t\t<a href=\"https:\/\/elcabilo.com\/radio\/category\/programes\/\" title=\"Programes\">Programes<\/a>\n\t\t<\/span><span class=\"aioseo-breadcrumb-separator\">&raquo;<\/span><span class=\"aioseo-breadcrumb\">\n\t\t\t<a href=\"https:\/\/elcabilo.com\/radio\/category\/programes\/a-cau-dorella\/\" title=\"A cau d&apos;orella\">A cau d'orella<\/a>\n\t\t<\/span><span class=\"aioseo-breadcrumb-separator\">&raquo;<\/span><span class=\"aioseo-breadcrumb\">\n\t\t\tSanta Cecilia 2014 i 40 aniversi de la umlaurora\n\t\t<\/span><\/div>","aioseo_breadcrumb_json":[{"label":"Home","link":"https:\/\/elcabilo.com\/radio"},{"label":"Programes","link":"https:\/\/elcabilo.com\/radio\/category\/programes\/"},{"label":"A cau d'orella","link":"https:\/\/elcabilo.com\/radio\/category\/programes\/a-cau-dorella\/"},{"label":"Santa Cecilia 2014 i 40 aniversi de la umlaurora","link":"https:\/\/elcabilo.com\/radio\/2014\/12\/14\/santa-cecilia-2014-i-40-aniversi-de-la-umlaurora\/"}],"_links":{"self":[{"href":"https:\/\/elcabilo.com\/radio\/wp-json\/wp\/v2\/posts\/1590","targetHints":{"allow":["GET"]}}],"collection":[{"href":"https:\/\/elcabilo.com\/radio\/wp-json\/wp\/v2\/posts"}],"about":[{"href":"https:\/\/elcabilo.com\/radio\/wp-json\/wp\/v2\/types\/post"}],"author":[{"embeddable":true,"href":"https:\/\/elcabilo.com\/radio\/wp-json\/wp\/v2\/users\/272"}],"replies":[{"embeddable":true,"href":"https:\/\/elcabilo.com\/radio\/wp-json\/wp\/v2\/comments?post=1590"}],"version-history":[{"count":0,"href":"https:\/\/elcabilo.com\/radio\/wp-json\/wp\/v2\/posts\/1590\/revisions"}],"wp:featuredmedia":[{"embeddable":true,"href":"https:\/\/elcabilo.com\/radio\/wp-json\/wp\/v2\/media\/1598"}],"wp:attachment":[{"href":"https:\/\/elcabilo.com\/radio\/wp-json\/wp\/v2\/media?parent=1590"}],"wp:term":[{"taxonomy":"category","embeddable":true,"href":"https:\/\/elcabilo.com\/radio\/wp-json\/wp\/v2\/categories?post=1590"},{"taxonomy":"post_tag","embeddable":true,"href":"https:\/\/elcabilo.com\/radio\/wp-json\/wp\/v2\/tags?post=1590"}],"curies":[{"name":"wp","href":"https:\/\/api.w.org\/{rel}","templated":true}]}}