{"id":1605,"date":"2015-01-01T23:00:51","date_gmt":"2015-01-01T22:00:51","guid":{"rendered":"http:\/\/elcabilo.com\/radio\/?p=1605"},"modified":"2015-01-01T23:00:16","modified_gmt":"2015-01-01T22:00:16","slug":"paraules-i-musica-2014","status":"publish","type":"post","link":"https:\/\/elcabilo.com\/radio\/2015\/01\/01\/paraules-i-musica-2014\/","title":{"rendered":"Paraules i m\u00fasica 2014"},"content":{"rendered":"<p style=\"text-align: justify;\">Acabem l&#8217;any i com ve sent habitual als nadals de Sella, el Col\u00b7lectiu d&#8217;Artistes de Sella (CAS) va organitzar ell dia 29 de desembre l&#8217;espectacle <em>Paraules i M\u00fasica<\/em>.<\/p>\n<p>Cabil\u00f3 R\u00e0dio, va estar all\u00ed:<\/p>\n<p style=\"text-align: center;\"><a id=\"mbmaplayer_1393799084452\" class=\"mb_map {skin:'blue', animate:true, width:'200', volume:0.6, autoplay:false, loop:false, showVolumeLevel:true, showTime:true, showRew:true, downloadable:true, downloadablesecurity:false, id3: false}\" href=\"https:\/\/archive.org\/download\/Paraules_i_musica_14\/Paraules_i_musica_14.mp3\">Paraules i m\u00fasica 2014<\/a><\/p>\n","protected":false},"excerpt":{"rendered":"<p>Acabem l&#8217;any i com ve sent habitual als nadals de Sella, el Col\u00b7lectiu d&#8217;Artistes de Sella (CAS) va organitzar ell dia 29 de desembre l&#8217;espectacle Paraules i M\u00fasica. Cabil\u00f3 R\u00e0dio, va estar all\u00ed: Paraules i m\u00fasica 2014<\/p>\n","protected":false},"author":272,"featured_media":1609,"comment_status":"open","ping_status":"open","sticky":false,"template":"","format":"standard","meta":{"_exactmetrics_skip_tracking":false,"_exactmetrics_sitenote_active":false,"_exactmetrics_sitenote_note":"","_exactmetrics_sitenote_category":0,"footnotes":""},"categories":[15],"tags":[],"class_list":["post-1605","post","type-post","status-publish","format-standard","has-post-thumbnail","hentry","category-la-coveta-dels-somnis"],"aioseo_notices":[],"_links":{"self":[{"href":"https:\/\/elcabilo.com\/radio\/wp-json\/wp\/v2\/posts\/1605","targetHints":{"allow":["GET"]}}],"collection":[{"href":"https:\/\/elcabilo.com\/radio\/wp-json\/wp\/v2\/posts"}],"about":[{"href":"https:\/\/elcabilo.com\/radio\/wp-json\/wp\/v2\/types\/post"}],"author":[{"embeddable":true,"href":"https:\/\/elcabilo.com\/radio\/wp-json\/wp\/v2\/users\/272"}],"replies":[{"embeddable":true,"href":"https:\/\/elcabilo.com\/radio\/wp-json\/wp\/v2\/comments?post=1605"}],"version-history":[{"count":1,"href":"https:\/\/elcabilo.com\/radio\/wp-json\/wp\/v2\/posts\/1605\/revisions"}],"predecessor-version":[{"id":1618,"href":"https:\/\/elcabilo.com\/radio\/wp-json\/wp\/v2\/posts\/1605\/revisions\/1618"}],"wp:featuredmedia":[{"embeddable":true,"href":"https:\/\/elcabilo.com\/radio\/wp-json\/wp\/v2\/media\/1609"}],"wp:attachment":[{"href":"https:\/\/elcabilo.com\/radio\/wp-json\/wp\/v2\/media?parent=1605"}],"wp:term":[{"taxonomy":"category","embeddable":true,"href":"https:\/\/elcabilo.com\/radio\/wp-json\/wp\/v2\/categories?post=1605"},{"taxonomy":"post_tag","embeddable":true,"href":"https:\/\/elcabilo.com\/radio\/wp-json\/wp\/v2\/tags?post=1605"}],"curies":[{"name":"wp","href":"https:\/\/api.w.org\/{rel}","templated":true}]}}