{"id":161,"date":"2012-12-23T23:00:15","date_gmt":"2012-12-23T22:00:15","guid":{"rendered":"http:\/\/elcabilo.com\/radio\/?p=161"},"modified":"2013-01-15T21:32:53","modified_gmt":"2013-01-15T20:32:53","slug":"ara-em-toca-a-mi-programa-1","status":"publish","type":"post","link":"https:\/\/elcabilo.com\/radio\/2012\/12\/23\/ara-em-toca-a-mi-programa-1\/","title":{"rendered":"Ara em toca a mi 1 &#8211; Assumptes familiars"},"content":{"rendered":"<p>&nbsp;<\/p>\n<p>Primer i \u00faltim programa de l&#8217;any.\u00a0Hui &#8220;assumptes familiars&#8221;; La persona convidada \u00e9s el meu germ\u00e0 i qui sonar\u00e0? Lou reed, els pixies, etc. Bon nadal tothom!<\/p>\n<p style=\"text-align: center;\"><a class=\"{skin:'blue', width:'200', volume:0.5, autoplay:false, showVolumeLevel:true, showTime:true, showRew:true, downloadable:true}\" id=\"mbmaplayer_1358281968690\" href=\"http:\/\/archive.org\/download\/ara_em_toca_desembre_12\/ara_em_toca_desembre_12.mp3\">Ara em toca a mi &#8211; Programa 01<\/a><textarea class=\"map_params\" style=\"display: block; padding: 3px; background: #444; color: #fff; text-decoration: none;\" disabled=\"disabled\">map :: {skin:&#8217;blue&#8217;, width:&#8217;200&#8242;, volume:0.5, autoplay:false, showVolumeLevel:true, showTime:true, showRew:true, downloadable:true}<\/textarea><\/p>\n<p style=\"text-align: center;\">\n","protected":false},"excerpt":{"rendered":"<p>&nbsp; Primer i \u00faltim programa de l&#8217;any.\u00a0Hui &#8220;assumptes familiars&#8221;; La persona convidada \u00e9s el meu germ\u00e0 i qui sonar\u00e0? Lou reed, els pixies, etc. Bon nadal tothom! Ara em toca a mi &#8211; Programa 01map :: {skin:&#8217;blue&#8217;, width:&#8217;200&#8242;, volume:0.5, autoplay:false, showVolumeLevel:true, showTime:true, showRew:true, downloadable:true}<\/p>\n","protected":false},"author":272,"featured_media":91,"comment_status":"open","ping_status":"open","sticky":false,"template":"","format":"standard","meta":{"_exactmetrics_skip_tracking":false,"_exactmetrics_sitenote_active":false,"_exactmetrics_sitenote_note":"","_exactmetrics_sitenote_category":0,"footnotes":""},"categories":[10],"tags":[],"class_list":["post-161","post","type-post","status-publish","format-standard","has-post-thumbnail","hentry","category-ara-em-toca-a-mi"],"aioseo_notices":[],"_links":{"self":[{"href":"https:\/\/elcabilo.com\/radio\/wp-json\/wp\/v2\/posts\/161","targetHints":{"allow":["GET"]}}],"collection":[{"href":"https:\/\/elcabilo.com\/radio\/wp-json\/wp\/v2\/posts"}],"about":[{"href":"https:\/\/elcabilo.com\/radio\/wp-json\/wp\/v2\/types\/post"}],"author":[{"embeddable":true,"href":"https:\/\/elcabilo.com\/radio\/wp-json\/wp\/v2\/users\/272"}],"replies":[{"embeddable":true,"href":"https:\/\/elcabilo.com\/radio\/wp-json\/wp\/v2\/comments?post=161"}],"version-history":[{"count":0,"href":"https:\/\/elcabilo.com\/radio\/wp-json\/wp\/v2\/posts\/161\/revisions"}],"wp:featuredmedia":[{"embeddable":true,"href":"https:\/\/elcabilo.com\/radio\/wp-json\/wp\/v2\/media\/91"}],"wp:attachment":[{"href":"https:\/\/elcabilo.com\/radio\/wp-json\/wp\/v2\/media?parent=161"}],"wp:term":[{"taxonomy":"category","embeddable":true,"href":"https:\/\/elcabilo.com\/radio\/wp-json\/wp\/v2\/categories?post=161"},{"taxonomy":"post_tag","embeddable":true,"href":"https:\/\/elcabilo.com\/radio\/wp-json\/wp\/v2\/tags?post=161"}],"curies":[{"name":"wp","href":"https:\/\/api.w.org\/{rel}","templated":true}]}}