{"id":1610,"date":"2015-02-08T23:00:44","date_gmt":"2015-02-08T22:00:44","guid":{"rendered":"http:\/\/elcabilo.com\/radio\/?p=1610"},"modified":"2015-02-08T23:44:44","modified_gmt":"2015-02-08T22:44:44","slug":"concert-de-la-unio-musical-laurora-al-adda","status":"publish","type":"post","link":"https:\/\/elcabilo.com\/radio\/2015\/02\/08\/concert-de-la-unio-musical-laurora-al-adda\/","title":{"rendered":"Concert de la Uni\u00f3 Musical L&#8217;Aurora al ADDA"},"content":{"rendered":"<p><\/br><\/p>\n<p style=\"text-align: justify;\"><span style=\"font-family: 'Liberation Sans Narrow', sans-serif;\">Diumenge 25 de gener de 2015\u00a0<\/span>La Uni\u00f3 Musical &#8216;L&#8217;aurora&#8217;\u00a0amb el Cor de la banda, el cor de Sant Gabriel i la participaci\u00f3 del Boato Amira van actuar al auditori ADDA de la Diputaci\u00f3 d&#8217;Alacant.<\/p>\n<p style=\"text-align: justify;\">Per a tots aquells que no vau poder vindre i per a aquells que voleu recordar el moment, Cabil\u00f3 R\u00e0dio, vos porta el concert sencer:<\/p>\n<p>Primera part:<\/p>\n<p style=\"text-align: center;\"><a id=\"mbmaplayer_1393799084452\" class=\"mb_map {skin:'blue', animate:true, width:'200', volume:0.6, autoplay:false, loop:false, showVolumeLevel:true, showTime:true, showRew:true, downloadable:true, downloadablesecurity:false, id3: false}\" href=\"https:\/\/archive.org\/download\/bandaADDA\/2015-01-25_Banda_ADDA_1a_part.mp3\">Concert ADDA &#8211; Part 1<\/a><\/p>\n<p>Segona part:<\/p>\n<p style=\"text-align: center;\"><a id=\"mbmaplayer_1393799084452\" class=\"mb_map {skin:'blue', animate:true, width:'200', volume:0.6, autoplay:false, loop:false, showVolumeLevel:true, showTime:true, showRew:true, downloadable:true, downloadablesecurity:false, id3: false}\" href=\"https:\/\/archive.org\/download\/bandaADDA\/2015-01-25_Banda_ADDA_2a_part.mp3\">Concert ADDA &#8211; Part 2<\/a><\/p>\n<p>Si no veus el programa del concert, polsa en <em>llegir m\u00e9s<\/em>,&#8230;<\/p>\n<p><!--more--><\/p>\n<p><span style=\"font-family: 'Liberation Sans Narrow', sans-serif;\"><b>Primera part<\/b><\/span><\/p>\n<p><span style=\"font-family: 'Liberation Sans Narrow', sans-serif;\">\u00a0\u00a0\u00a0\u00a0\u00a0\u00a0 Intervenci\u00f3 del batlle de Sella, Jos\u00e9 Pascual Rubio (0&#8217;00\u00bb)<\/span><\/p>\n<ul>\n<li><span style=\"font-family: 'Liberation Sans Narrow', sans-serif;\"><i>La festa del m\u00fasic<\/i> (4&#8217;24\u00bb)<\/span><\/li>\n<\/ul>\n<p><span style=\"font-family: 'Liberation Sans Narrow', sans-serif;\">pasdoble de Miquel Morales Climent<br \/>\n<\/span><\/p>\n<ul>\n<li><span style=\"font-family: 'Liberation Sans Narrow', sans-serif;\"><i>Hispania<\/i> (10&#8217;40\u00bb)<\/span><span style=\"font-family: 'Liberation Sans Narrow', sans-serif;\">fantasia espanyola d&#8217;\u00d3scar Navarro<\/span><\/li>\n<\/ul>\n<ul>\n<li><span style=\"font-family: 'Liberation Sans Narrow', sans-serif;\"><i>Libertadores<\/i> (21&#8217;57\u00bb)<\/span><span style=\"font-family: 'Liberation Sans Narrow', sans-serif;\">obra d&#8217;\u00d3scar Navarro<\/span><\/li>\n<\/ul>\n<p><span style=\"font-family: 'Liberation Sans Narrow', sans-serif;\"><b>Segona part<\/b><\/span><\/p>\n<ul>\n<li><span style=\"font-family: 'Liberation Sans Narrow', sans-serif;\"><i>Medley de boleros <\/i>(0&#8217;00\u00bb)<\/span><\/li>\n<\/ul>\n<ul>\n<li><span style=\"font-family: 'Liberation Sans Narrow', sans-serif;\"><i>Santiago Capit\u00e1n Abencerraje<\/i> (4&#8217;28\u00bb)<\/span><span style=\"font-family: 'Liberation Sans Narrow', sans-serif;\">marxa mora de Sa\u00fcl G\u00f3mez Soler<\/span><\/li>\n<\/ul>\n<ul>\n<li><span style=\"font-family: 'Liberation Sans Narrow', sans-serif;\"><i>El tresor de l&#8217;endev\u00ed<\/i> (12&#8217;53\u00bb)<\/span><span style=\"font-family: 'Liberation Sans Narrow', sans-serif;\">poema simf\u00f2nic de Miquel Morales Climent<\/span><\/li>\n<\/ul>\n<p><span style=\"font-family: 'Liberation Sans Narrow', sans-serif;\">\u00a0\u00a0\u00a0\u00a0\u00a0\u00a0 Intervenci\u00f3 del president de la banda, Jos\u00e9 Antonio Blanes (23&#8217;29\u00bb)<\/span><\/p>\n<ul>\n<li><span style=\"font-family: 'Liberation Sans Narrow', sans-serif;\"><i>Els miserables<\/i> (27&#8217;33\u00bb)<\/span><span style=\"font-family: 'Liberation Sans Narrow', sans-serif;\">banda sonora de Claude-Michel Sch\u00f6nberg<\/span><\/li>\n<\/ul>\n","protected":false},"excerpt":{"rendered":"<p>Diumenge 25 de gener de 2015\u00a0La Uni\u00f3 Musical &#8216;L&#8217;aurora&#8217;\u00a0amb el Cor de la banda, el cor de Sant Gabriel i la participaci\u00f3 del Boato Amira van actuar al auditori ADDA de la Diputaci\u00f3 d&#8217;Alacant. Per a tots aquells que no vau poder vindre i per a aquells que voleu recordar el moment, Cabil\u00f3 R\u00e0dio, vos [&hellip;]<\/p>\n","protected":false},"author":272,"featured_media":1612,"comment_status":"open","ping_status":"open","sticky":false,"template":"","format":"standard","meta":{"_exactmetrics_skip_tracking":false,"footnotes":""},"categories":[15],"tags":[],"class_list":["post-1610","post","type-post","status-publish","format-standard","has-post-thumbnail","hentry","category-la-coveta-dels-somnis"],"aioseo_notices":[],"aioseo_head":"\n\t\t<!-- All in One SEO 5.0.1 - aioseo.com -->\n\t<meta name=\"description\" content=\"Diumenge 25 de gener de 2015 La Uni\u00f3 Musical &#039;L&#039;aurora&#039; amb el Cor de la banda, el cor de Sant Gabriel i la participaci\u00f3 del Boato Amira van actuar al auditori ADDA de la Diputaci\u00f3 d&#039;Alacant. Per a tots aquells que no vau poder vindre i per a aquells que voleu recordar el moment, Cabil\u00f3 R\u00e0dio, vos\" \/>\n\t<meta name=\"robots\" content=\"max-image-preview:large\" \/>\n\t<meta name=\"author\" content=\"radio\"\/>\n\t<link rel=\"canonical\" href=\"https:\/\/elcabilo.com\/radio\/2015\/02\/08\/concert-de-la-unio-musical-laurora-al-adda\/\" \/>\n\t<meta name=\"generator\" content=\"All in One SEO (AIOSEO) 5.0.1\" \/>\n\t\t<meta property=\"og:locale\" content=\"ca_ES\" \/>\n\t\t<meta property=\"og:site_name\" content=\"Cabil\u00f3R\u00e0dio - La r\u00e0dio online de Sella\" \/>\n\t\t<meta property=\"og:type\" content=\"article\" \/>\n\t\t<meta property=\"og:title\" content=\"Concert de la Uni\u00f3 Musical L\u2019Aurora al ADDA - Cabil\u00f3R\u00e0dio\" \/>\n\t\t<meta property=\"og:description\" content=\"Diumenge 25 de gener de 2015 La Uni\u00f3 Musical &#039;L&#039;aurora&#039; amb el Cor de la banda, el cor de Sant Gabriel i la participaci\u00f3 del Boato Amira van actuar al auditori ADDA de la Diputaci\u00f3 d&#039;Alacant. Per a tots aquells que no vau poder vindre i per a aquells que voleu recordar el moment, Cabil\u00f3 R\u00e0dio, vos\" \/>\n\t\t<meta property=\"og:url\" content=\"https:\/\/elcabilo.com\/radio\/2015\/02\/08\/concert-de-la-unio-musical-laurora-al-adda\/\" \/>\n\t\t<meta property=\"og:image\" content=\"https:\/\/elcabilo.com\/radio\/files\/2023\/01\/cropped-logo_radio-1.gif\" \/>\n\t\t<meta property=\"og:image:secure_url\" content=\"https:\/\/elcabilo.com\/radio\/files\/2023\/01\/cropped-logo_radio-1.gif\" \/>\n\t\t<meta property=\"article:published_time\" content=\"2015-02-08T22:00:44+00:00\" \/>\n\t\t<meta property=\"article:modified_time\" content=\"2015-02-08T22:44:44+00:00\" \/>\n\t\t<meta name=\"twitter:card\" content=\"summary_large_image\" \/>\n\t\t<meta name=\"twitter:title\" content=\"Concert de la Uni\u00f3 Musical L\u2019Aurora al ADDA - Cabil\u00f3R\u00e0dio\" \/>\n\t\t<meta name=\"twitter:description\" content=\"Diumenge 25 de gener de 2015 La Uni\u00f3 Musical &#039;L&#039;aurora&#039; amb el Cor de la banda, el cor de Sant Gabriel i la participaci\u00f3 del Boato Amira van actuar al auditori ADDA de la Diputaci\u00f3 d&#039;Alacant. Per a tots aquells que no vau poder vindre i per a aquells que voleu recordar el moment, Cabil\u00f3 R\u00e0dio, vos\" \/>\n\t\t<meta name=\"twitter:image\" content=\"https:\/\/elcabilo.com\/radio\/files\/2023\/01\/cropped-logo_radio-1.gif\" \/>\n\t\t<script type=\"application\/ld+json\" class=\"aioseo-schema\">\n\t\t\t{\"@context\":\"https:\\\/\\\/schema.org\",\"@graph\":[{\"@type\":\"BlogPosting\",\"@id\":\"https:\\\/\\\/elcabilo.com\\\/radio\\\/2015\\\/02\\\/08\\\/concert-de-la-unio-musical-laurora-al-adda\\\/#blogposting\",\"name\":\"Concert de la Uni\\u00f3 Musical L\\u2019Aurora al ADDA - Cabil\\u00f3R\\u00e0dio\",\"headline\":\"Concert de la Uni\\u00f3 Musical L&#8217;Aurora al ADDA\",\"author\":{\"@id\":\"https:\\\/\\\/elcabilo.com\\\/radio\\\/author\\\/radio\\\/#author\"},\"publisher\":{\"@id\":\"https:\\\/\\\/elcabilo.com\\\/radio\\\/#organization\"},\"image\":{\"@type\":\"ImageObject\",\"url\":\"https:\\\/\\\/elcabilo.com\\\/radio\\\/files\\\/2015\\\/02\\\/ADDA.jpg\",\"width\":240,\"height\":174},\"datePublished\":\"2015-02-08T23:00:44+01:00\",\"dateModified\":\"2015-02-08T23:44:44+01:00\",\"inLanguage\":\"ca\",\"commentCount\":9,\"mainEntityOfPage\":{\"@id\":\"https:\\\/\\\/elcabilo.com\\\/radio\\\/2015\\\/02\\\/08\\\/concert-de-la-unio-musical-laurora-al-adda\\\/#webpage\"},\"isPartOf\":{\"@id\":\"https:\\\/\\\/elcabilo.com\\\/radio\\\/2015\\\/02\\\/08\\\/concert-de-la-unio-musical-laurora-al-adda\\\/#webpage\"},\"articleSection\":\"La coveta dels somnis\"},{\"@type\":\"BreadcrumbList\",\"@id\":\"https:\\\/\\\/elcabilo.com\\\/radio\\\/2015\\\/02\\\/08\\\/concert-de-la-unio-musical-laurora-al-adda\\\/#breadcrumblist\",\"itemListElement\":[{\"@type\":\"ListItem\",\"@id\":\"https:\\\/\\\/elcabilo.com\\\/radio#listItem\",\"position\":1,\"name\":\"Home\",\"item\":\"https:\\\/\\\/elcabilo.com\\\/radio\",\"nextItem\":{\"@type\":\"ListItem\",\"@id\":\"https:\\\/\\\/elcabilo.com\\\/radio\\\/category\\\/programes\\\/#listItem\",\"name\":\"Programes\"}},{\"@type\":\"ListItem\",\"@id\":\"https:\\\/\\\/elcabilo.com\\\/radio\\\/category\\\/programes\\\/#listItem\",\"position\":2,\"name\":\"Programes\",\"item\":\"https:\\\/\\\/elcabilo.com\\\/radio\\\/category\\\/programes\\\/\",\"nextItem\":{\"@type\":\"ListItem\",\"@id\":\"https:\\\/\\\/elcabilo.com\\\/radio\\\/category\\\/programes\\\/la-coveta-dels-somnis\\\/#listItem\",\"name\":\"La coveta dels somnis\"},\"previousItem\":{\"@type\":\"ListItem\",\"@id\":\"https:\\\/\\\/elcabilo.com\\\/radio#listItem\",\"name\":\"Home\"}},{\"@type\":\"ListItem\",\"@id\":\"https:\\\/\\\/elcabilo.com\\\/radio\\\/category\\\/programes\\\/la-coveta-dels-somnis\\\/#listItem\",\"position\":3,\"name\":\"La coveta dels somnis\",\"item\":\"https:\\\/\\\/elcabilo.com\\\/radio\\\/category\\\/programes\\\/la-coveta-dels-somnis\\\/\",\"nextItem\":{\"@type\":\"ListItem\",\"@id\":\"https:\\\/\\\/elcabilo.com\\\/radio\\\/2015\\\/02\\\/08\\\/concert-de-la-unio-musical-laurora-al-adda\\\/#listItem\",\"name\":\"Concert de la Uni\\u00f3 Musical L&#8217;Aurora al ADDA\"},\"previousItem\":{\"@type\":\"ListItem\",\"@id\":\"https:\\\/\\\/elcabilo.com\\\/radio\\\/category\\\/programes\\\/#listItem\",\"name\":\"Programes\"}},{\"@type\":\"ListItem\",\"@id\":\"https:\\\/\\\/elcabilo.com\\\/radio\\\/2015\\\/02\\\/08\\\/concert-de-la-unio-musical-laurora-al-adda\\\/#listItem\",\"position\":4,\"name\":\"Concert de la Uni\\u00f3 Musical L&#8217;Aurora al ADDA\",\"previousItem\":{\"@type\":\"ListItem\",\"@id\":\"https:\\\/\\\/elcabilo.com\\\/radio\\\/category\\\/programes\\\/la-coveta-dels-somnis\\\/#listItem\",\"name\":\"La coveta dels somnis\"}}]},{\"@type\":\"Organization\",\"@id\":\"https:\\\/\\\/elcabilo.com\\\/radio\\\/#organization\",\"name\":\"Cabil\\u00f3 R\\u00e0dio\",\"description\":\"La r\\u00e0dio online de Sella\",\"url\":\"https:\\\/\\\/elcabilo.com\\\/radio\\\/\",\"logo\":{\"@type\":\"ImageObject\",\"url\":\"https:\\\/\\\/elcabilo.com\\\/radio\\\/files\\\/2023\\\/01\\\/cropped-logo_radio-1.gif\",\"@id\":\"https:\\\/\\\/elcabilo.com\\\/radio\\\/2015\\\/02\\\/08\\\/concert-de-la-unio-musical-laurora-al-adda\\\/#organizationLogo\",\"width\":250,\"height\":50},\"image\":{\"@id\":\"https:\\\/\\\/elcabilo.com\\\/radio\\\/2015\\\/02\\\/08\\\/concert-de-la-unio-musical-laurora-al-adda\\\/#organizationLogo\"}},{\"@type\":\"Person\",\"@id\":\"https:\\\/\\\/elcabilo.com\\\/radio\\\/author\\\/radio\\\/#author\",\"url\":\"https:\\\/\\\/elcabilo.com\\\/radio\\\/author\\\/radio\\\/\",\"name\":\"radio\",\"image\":{\"@type\":\"ImageObject\",\"@id\":\"https:\\\/\\\/elcabilo.com\\\/radio\\\/2015\\\/02\\\/08\\\/concert-de-la-unio-musical-laurora-al-adda\\\/#authorImage\",\"url\":\"https:\\\/\\\/secure.gravatar.com\\\/avatar\\\/bb687b465db46b8e9255d0921cc346091032a91fe77f93721088d5decb8a2d1a?s=96&d=mm&r=g\",\"width\":96,\"height\":96,\"caption\":\"radio\"}},{\"@type\":\"WebPage\",\"@id\":\"https:\\\/\\\/elcabilo.com\\\/radio\\\/2015\\\/02\\\/08\\\/concert-de-la-unio-musical-laurora-al-adda\\\/#webpage\",\"url\":\"https:\\\/\\\/elcabilo.com\\\/radio\\\/2015\\\/02\\\/08\\\/concert-de-la-unio-musical-laurora-al-adda\\\/\",\"name\":\"Concert de la Uni\\u00f3 Musical L\\u2019Aurora al ADDA - Cabil\\u00f3R\\u00e0dio\",\"description\":\"Diumenge 25 de gener de 2015 La Uni\\u00f3 Musical 'L'aurora' amb el Cor de la banda, el cor de Sant Gabriel i la participaci\\u00f3 del Boato Amira van actuar al auditori ADDA de la Diputaci\\u00f3 d'Alacant. Per a tots aquells que no vau poder vindre i per a aquells que voleu recordar el moment, Cabil\\u00f3 R\\u00e0dio, vos\",\"inLanguage\":\"ca\",\"isPartOf\":{\"@id\":\"https:\\\/\\\/elcabilo.com\\\/radio\\\/#website\"},\"breadcrumb\":{\"@id\":\"https:\\\/\\\/elcabilo.com\\\/radio\\\/2015\\\/02\\\/08\\\/concert-de-la-unio-musical-laurora-al-adda\\\/#breadcrumblist\"},\"author\":{\"@id\":\"https:\\\/\\\/elcabilo.com\\\/radio\\\/author\\\/radio\\\/#author\"},\"creator\":{\"@id\":\"https:\\\/\\\/elcabilo.com\\\/radio\\\/author\\\/radio\\\/#author\"},\"image\":{\"@type\":\"ImageObject\",\"url\":\"https:\\\/\\\/elcabilo.com\\\/radio\\\/files\\\/2015\\\/02\\\/ADDA.jpg\",\"@id\":\"https:\\\/\\\/elcabilo.com\\\/radio\\\/2015\\\/02\\\/08\\\/concert-de-la-unio-musical-laurora-al-adda\\\/#mainImage\",\"width\":240,\"height\":174},\"primaryImageOfPage\":{\"@id\":\"https:\\\/\\\/elcabilo.com\\\/radio\\\/2015\\\/02\\\/08\\\/concert-de-la-unio-musical-laurora-al-adda\\\/#mainImage\"},\"datePublished\":\"2015-02-08T23:00:44+01:00\",\"dateModified\":\"2015-02-08T23:44:44+01:00\"},{\"@type\":\"WebSite\",\"@id\":\"https:\\\/\\\/elcabilo.com\\\/radio\\\/#website\",\"url\":\"https:\\\/\\\/elcabilo.com\\\/radio\\\/\",\"name\":\"Cabil\\u00f3 R\\u00e0dio\",\"description\":\"La r\\u00e0dio online de Sella\",\"inLanguage\":\"ca\",\"publisher\":{\"@id\":\"https:\\\/\\\/elcabilo.com\\\/radio\\\/#organization\"}}]}\n\t\t<\/script>\n\t\t<!-- All in One SEO -->\n\n","aioseo_head_json":{"title":"Concert de la Uni\u00f3 Musical L\u2019Aurora al ADDA - Cabil\u00f3R\u00e0dio","description":"Diumenge 25 de gener de 2015 La Uni\u00f3 Musical 'L'aurora' amb el Cor de la banda, el cor de Sant Gabriel i la participaci\u00f3 del Boato Amira van actuar al auditori ADDA de la Diputaci\u00f3 d'Alacant. Per a tots aquells que no vau poder vindre i per a aquells que voleu recordar el moment, Cabil\u00f3 R\u00e0dio, vos","canonical_url":"https:\/\/elcabilo.com\/radio\/2015\/02\/08\/concert-de-la-unio-musical-laurora-al-adda\/","robots":"max-image-preview:large","keywords":"","webmasterTools":{"miscellaneous":""},"schema":{"@context":"https:\/\/schema.org","@graph":[{"@type":"BlogPosting","@id":"https:\/\/elcabilo.com\/radio\/2015\/02\/08\/concert-de-la-unio-musical-laurora-al-adda\/#blogposting","name":"Concert de la Uni\u00f3 Musical L\u2019Aurora al ADDA - Cabil\u00f3R\u00e0dio","headline":"Concert de la Uni\u00f3 Musical L&#8217;Aurora al ADDA","author":{"@id":"https:\/\/elcabilo.com\/radio\/author\/radio\/#author"},"publisher":{"@id":"https:\/\/elcabilo.com\/radio\/#organization"},"image":{"@type":"ImageObject","url":"https:\/\/elcabilo.com\/radio\/files\/2015\/02\/ADDA.jpg","width":240,"height":174},"datePublished":"2015-02-08T23:00:44+01:00","dateModified":"2015-02-08T23:44:44+01:00","inLanguage":"ca","commentCount":9,"mainEntityOfPage":{"@id":"https:\/\/elcabilo.com\/radio\/2015\/02\/08\/concert-de-la-unio-musical-laurora-al-adda\/#webpage"},"isPartOf":{"@id":"https:\/\/elcabilo.com\/radio\/2015\/02\/08\/concert-de-la-unio-musical-laurora-al-adda\/#webpage"},"articleSection":"La coveta dels somnis"},{"@type":"BreadcrumbList","@id":"https:\/\/elcabilo.com\/radio\/2015\/02\/08\/concert-de-la-unio-musical-laurora-al-adda\/#breadcrumblist","itemListElement":[{"@type":"ListItem","@id":"https:\/\/elcabilo.com\/radio#listItem","position":1,"name":"Home","item":"https:\/\/elcabilo.com\/radio","nextItem":{"@type":"ListItem","@id":"https:\/\/elcabilo.com\/radio\/category\/programes\/#listItem","name":"Programes"}},{"@type":"ListItem","@id":"https:\/\/elcabilo.com\/radio\/category\/programes\/#listItem","position":2,"name":"Programes","item":"https:\/\/elcabilo.com\/radio\/category\/programes\/","nextItem":{"@type":"ListItem","@id":"https:\/\/elcabilo.com\/radio\/category\/programes\/la-coveta-dels-somnis\/#listItem","name":"La coveta dels somnis"},"previousItem":{"@type":"ListItem","@id":"https:\/\/elcabilo.com\/radio#listItem","name":"Home"}},{"@type":"ListItem","@id":"https:\/\/elcabilo.com\/radio\/category\/programes\/la-coveta-dels-somnis\/#listItem","position":3,"name":"La coveta dels somnis","item":"https:\/\/elcabilo.com\/radio\/category\/programes\/la-coveta-dels-somnis\/","nextItem":{"@type":"ListItem","@id":"https:\/\/elcabilo.com\/radio\/2015\/02\/08\/concert-de-la-unio-musical-laurora-al-adda\/#listItem","name":"Concert de la Uni\u00f3 Musical L&#8217;Aurora al ADDA"},"previousItem":{"@type":"ListItem","@id":"https:\/\/elcabilo.com\/radio\/category\/programes\/#listItem","name":"Programes"}},{"@type":"ListItem","@id":"https:\/\/elcabilo.com\/radio\/2015\/02\/08\/concert-de-la-unio-musical-laurora-al-adda\/#listItem","position":4,"name":"Concert de la Uni\u00f3 Musical L&#8217;Aurora al ADDA","previousItem":{"@type":"ListItem","@id":"https:\/\/elcabilo.com\/radio\/category\/programes\/la-coveta-dels-somnis\/#listItem","name":"La coveta dels somnis"}}]},{"@type":"Organization","@id":"https:\/\/elcabilo.com\/radio\/#organization","name":"Cabil\u00f3 R\u00e0dio","description":"La r\u00e0dio online de Sella","url":"https:\/\/elcabilo.com\/radio\/","logo":{"@type":"ImageObject","url":"https:\/\/elcabilo.com\/radio\/files\/2023\/01\/cropped-logo_radio-1.gif","@id":"https:\/\/elcabilo.com\/radio\/2015\/02\/08\/concert-de-la-unio-musical-laurora-al-adda\/#organizationLogo","width":250,"height":50},"image":{"@id":"https:\/\/elcabilo.com\/radio\/2015\/02\/08\/concert-de-la-unio-musical-laurora-al-adda\/#organizationLogo"}},{"@type":"Person","@id":"https:\/\/elcabilo.com\/radio\/author\/radio\/#author","url":"https:\/\/elcabilo.com\/radio\/author\/radio\/","name":"radio","image":{"@type":"ImageObject","@id":"https:\/\/elcabilo.com\/radio\/2015\/02\/08\/concert-de-la-unio-musical-laurora-al-adda\/#authorImage","url":"https:\/\/secure.gravatar.com\/avatar\/bb687b465db46b8e9255d0921cc346091032a91fe77f93721088d5decb8a2d1a?s=96&d=mm&r=g","width":96,"height":96,"caption":"radio"}},{"@type":"WebPage","@id":"https:\/\/elcabilo.com\/radio\/2015\/02\/08\/concert-de-la-unio-musical-laurora-al-adda\/#webpage","url":"https:\/\/elcabilo.com\/radio\/2015\/02\/08\/concert-de-la-unio-musical-laurora-al-adda\/","name":"Concert de la Uni\u00f3 Musical L\u2019Aurora al ADDA - Cabil\u00f3R\u00e0dio","description":"Diumenge 25 de gener de 2015 La Uni\u00f3 Musical 'L'aurora' amb el Cor de la banda, el cor de Sant Gabriel i la participaci\u00f3 del Boato Amira van actuar al auditori ADDA de la Diputaci\u00f3 d'Alacant. Per a tots aquells que no vau poder vindre i per a aquells que voleu recordar el moment, Cabil\u00f3 R\u00e0dio, vos","inLanguage":"ca","isPartOf":{"@id":"https:\/\/elcabilo.com\/radio\/#website"},"breadcrumb":{"@id":"https:\/\/elcabilo.com\/radio\/2015\/02\/08\/concert-de-la-unio-musical-laurora-al-adda\/#breadcrumblist"},"author":{"@id":"https:\/\/elcabilo.com\/radio\/author\/radio\/#author"},"creator":{"@id":"https:\/\/elcabilo.com\/radio\/author\/radio\/#author"},"image":{"@type":"ImageObject","url":"https:\/\/elcabilo.com\/radio\/files\/2015\/02\/ADDA.jpg","@id":"https:\/\/elcabilo.com\/radio\/2015\/02\/08\/concert-de-la-unio-musical-laurora-al-adda\/#mainImage","width":240,"height":174},"primaryImageOfPage":{"@id":"https:\/\/elcabilo.com\/radio\/2015\/02\/08\/concert-de-la-unio-musical-laurora-al-adda\/#mainImage"},"datePublished":"2015-02-08T23:00:44+01:00","dateModified":"2015-02-08T23:44:44+01:00"},{"@type":"WebSite","@id":"https:\/\/elcabilo.com\/radio\/#website","url":"https:\/\/elcabilo.com\/radio\/","name":"Cabil\u00f3 R\u00e0dio","description":"La r\u00e0dio online de Sella","inLanguage":"ca","publisher":{"@id":"https:\/\/elcabilo.com\/radio\/#organization"}}]},"og:locale":"ca_ES","og:site_name":"Cabil\u00f3R\u00e0dio - La r\u00e0dio online de Sella","og:type":"article","og:title":"Concert de la Uni\u00f3 Musical L\u2019Aurora al ADDA - Cabil\u00f3R\u00e0dio","og:description":"Diumenge 25 de gener de 2015 La Uni\u00f3 Musical 'L'aurora' amb el Cor de la banda, el cor de Sant Gabriel i la participaci\u00f3 del Boato Amira van actuar al auditori ADDA de la Diputaci\u00f3 d'Alacant. Per a tots aquells que no vau poder vindre i per a aquells que voleu recordar el moment, Cabil\u00f3 R\u00e0dio, vos","og:url":"https:\/\/elcabilo.com\/radio\/2015\/02\/08\/concert-de-la-unio-musical-laurora-al-adda\/","og:image":"https:\/\/elcabilo.com\/radio\/files\/2023\/01\/cropped-logo_radio-1.gif","og:image:secure_url":"https:\/\/elcabilo.com\/radio\/files\/2023\/01\/cropped-logo_radio-1.gif","article:published_time":"2015-02-08T22:00:44+00:00","article:modified_time":"2015-02-08T22:44:44+00:00","twitter:card":"summary_large_image","twitter:title":"Concert de la Uni\u00f3 Musical L\u2019Aurora al ADDA - Cabil\u00f3R\u00e0dio","twitter:description":"Diumenge 25 de gener de 2015 La Uni\u00f3 Musical 'L'aurora' amb el Cor de la banda, el cor de Sant Gabriel i la participaci\u00f3 del Boato Amira van actuar al auditori ADDA de la Diputaci\u00f3 d'Alacant. Per a tots aquells que no vau poder vindre i per a aquells que voleu recordar el moment, Cabil\u00f3 R\u00e0dio, vos","twitter:image":"https:\/\/elcabilo.com\/radio\/files\/2023\/01\/cropped-logo_radio-1.gif"},"aioseo_meta_data":{"post_id":"1610","title":null,"description":null,"keywords":null,"keyphrases":null,"primary_term":null,"canonical_url":null,"og_title":null,"og_description":null,"og_object_type":"default","og_image_type":"default","og_image_url":null,"og_image_width":null,"og_image_height":null,"og_image_custom_url":null,"og_image_custom_fields":null,"og_video":null,"og_custom_url":null,"og_article_section":null,"og_article_tags":null,"twitter_use_og":false,"twitter_card":"default","twitter_image_type":"default","twitter_image_url":null,"twitter_image_custom_url":null,"twitter_image_custom_fields":null,"twitter_title":null,"twitter_description":null,"schema":{"blockGraphs":[],"customGraphs":[],"default":{"data":{"Article":[],"Course":[],"Dataset":[],"FAQPage":[],"Movie":[],"Person":[],"Product":[],"ProductReview":[],"Car":[],"Recipe":[],"Service":[],"SoftwareApplication":[],"WebPage":[]},"graphName":"","isEnabled":true},"graphs":[]},"schema_type":"default","schema_type_options":null,"pillar_content":false,"robots_default":true,"robots_noindex":false,"robots_noarchive":false,"robots_nosnippet":false,"robots_nofollow":false,"robots_noimageindex":false,"robots_noodp":false,"robots_notranslate":false,"robots_max_snippet":null,"robots_max_videopreview":null,"robots_max_imagepreview":"large","priority":null,"frequency":null,"local_seo":null,"breadcrumb_settings":null,"limit_modified_date":false,"ai":null,"created":"2023-01-27 22:20:40","updated":"2025-06-08 19:42:51","seo_analyzer_scan_date":null,"focus_keyword":null,"additional_keywords":null,"truseo_locale":null},"aioseo_breadcrumb":"<div class=\"aioseo-breadcrumbs\"><span class=\"aioseo-breadcrumb\">\n\t\t\t<a href=\"https:\/\/elcabilo.com\/radio\" title=\"Home\">Home<\/a>\n\t\t<\/span><span class=\"aioseo-breadcrumb-separator\">&raquo;<\/span><span class=\"aioseo-breadcrumb\">\n\t\t\t<a href=\"https:\/\/elcabilo.com\/radio\/category\/programes\/\" title=\"Programes\">Programes<\/a>\n\t\t<\/span><span class=\"aioseo-breadcrumb-separator\">&raquo;<\/span><span class=\"aioseo-breadcrumb\">\n\t\t\t<a href=\"https:\/\/elcabilo.com\/radio\/category\/programes\/la-coveta-dels-somnis\/\" title=\"La coveta dels somnis\">La coveta dels somnis<\/a>\n\t\t<\/span><span class=\"aioseo-breadcrumb-separator\">&raquo;<\/span><span class=\"aioseo-breadcrumb\">\n\t\t\tConcert de la Uni\u00f3 Musical L\u2019Aurora al ADDA\n\t\t<\/span><\/div>","aioseo_breadcrumb_json":[{"label":"Home","link":"https:\/\/elcabilo.com\/radio"},{"label":"Programes","link":"https:\/\/elcabilo.com\/radio\/category\/programes\/"},{"label":"La coveta dels somnis","link":"https:\/\/elcabilo.com\/radio\/category\/programes\/la-coveta-dels-somnis\/"},{"label":"Concert de la Uni\u00f3 Musical L&#8217;Aurora al ADDA","link":"https:\/\/elcabilo.com\/radio\/2015\/02\/08\/concert-de-la-unio-musical-laurora-al-adda\/"}],"_links":{"self":[{"href":"https:\/\/elcabilo.com\/radio\/wp-json\/wp\/v2\/posts\/1610","targetHints":{"allow":["GET"]}}],"collection":[{"href":"https:\/\/elcabilo.com\/radio\/wp-json\/wp\/v2\/posts"}],"about":[{"href":"https:\/\/elcabilo.com\/radio\/wp-json\/wp\/v2\/types\/post"}],"author":[{"embeddable":true,"href":"https:\/\/elcabilo.com\/radio\/wp-json\/wp\/v2\/users\/272"}],"replies":[{"embeddable":true,"href":"https:\/\/elcabilo.com\/radio\/wp-json\/wp\/v2\/comments?post=1610"}],"version-history":[{"count":5,"href":"https:\/\/elcabilo.com\/radio\/wp-json\/wp\/v2\/posts\/1610\/revisions"}],"predecessor-version":[{"id":1616,"href":"https:\/\/elcabilo.com\/radio\/wp-json\/wp\/v2\/posts\/1610\/revisions\/1616"}],"wp:featuredmedia":[{"embeddable":true,"href":"https:\/\/elcabilo.com\/radio\/wp-json\/wp\/v2\/media\/1612"}],"wp:attachment":[{"href":"https:\/\/elcabilo.com\/radio\/wp-json\/wp\/v2\/media?parent=1610"}],"wp:term":[{"taxonomy":"category","embeddable":true,"href":"https:\/\/elcabilo.com\/radio\/wp-json\/wp\/v2\/categories?post=1610"},{"taxonomy":"post_tag","embeddable":true,"href":"https:\/\/elcabilo.com\/radio\/wp-json\/wp\/v2\/tags?post=1610"}],"curies":[{"name":"wp","href":"https:\/\/api.w.org\/{rel}","templated":true}]}}