{"id":1626,"date":"2015-03-01T00:00:06","date_gmt":"2015-02-28T23:00:06","guid":{"rendered":"http:\/\/elcabilo.com\/radio\/?p=1626"},"modified":"2015-03-23T21:14:29","modified_gmt":"2015-03-23T20:14:29","slug":"la-coveta-dels-somnis-marc-2015","status":"publish","type":"post","link":"https:\/\/elcabilo.com\/radio\/2015\/03\/01\/la-coveta-dels-somnis-marc-2015\/","title":{"rendered":"La coveta dels somnis: Mar\u00e7 2015"},"content":{"rendered":"<p style=\"text-align: justify;\">En este programa tenim com a eix la secci\u00f3 Creacions amb l&#8217;entrevista a Miquel Morales Climent. Ens contar\u00e0 totes les novetats que ens est\u00e0 preparant Komfusi\u00f3 amb el seu nou treball que no ser\u00e0 solament un recull de can\u00e7ons, sin\u00f3 un treball que recull les diferents arts i sensibilitats.<\/p>\n<p style=\"text-align: justify;\">A m\u00e9s d&#8217;aix\u00f2, tindrem les nostres seccions habituals: El poble llig, La dita popular, La can\u00e7\u00f3 del mes i les not\u00edcies culturals que han passat darrerament a Sella.<\/p>\n<p style=\"text-align: center;\"><a id=\"mbmaplayer_1393799084452\" class=\"mb_map {skin:'blue', animate:true, width:'200', volume:0.6, autoplay:false, loop:false, showVolumeLevel:true, showTime:true, showRew:true, downloadable:true, downloadablesecurity:false, id3: false}\" href=\"https:\/\/archive.org\/download\/la_coveta_02-15\/Lacovetadelssomnis2015-02.mp3\">La coveta de Mar\u00e7 2015<\/a><\/p>\n","protected":false},"excerpt":{"rendered":"<p>En este programa tenim com a eix la secci\u00f3 Creacions amb l&#8217;entrevista a Miquel Morales Climent. Ens contar\u00e0 totes les novetats que ens est\u00e0 preparant Komfusi\u00f3 amb el seu nou treball que no ser\u00e0 solament un recull de can\u00e7ons, sin\u00f3 un treball que recull les diferents arts i sensibilitats. A m\u00e9s d&#8217;aix\u00f2, tindrem les nostres [&hellip;]<\/p>\n","protected":false},"author":272,"featured_media":467,"comment_status":"open","ping_status":"open","sticky":false,"template":"","format":"standard","meta":{"_exactmetrics_skip_tracking":false,"footnotes":""},"categories":[15],"tags":[],"class_list":["post-1626","post","type-post","status-publish","format-standard","has-post-thumbnail","hentry","category-la-coveta-dels-somnis"],"aioseo_notices":[],"aioseo_head":"\n\t\t<!-- All in One SEO 5.0.1 - aioseo.com -->\n\t<meta name=\"description\" content=\"En este programa tenim com a eix la secci\u00f3 Creacions amb l&#039;entrevista a Miquel Morales Climent. Ens contar\u00e0 totes les novetats que ens est\u00e0 preparant Komfusi\u00f3 amb el seu nou treball que no ser\u00e0 solament un recull de can\u00e7ons, sin\u00f3 un treball que recull les diferents arts i sensibilitats. A m\u00e9s d&#039;aix\u00f2, tindrem les nostres\" \/>\n\t<meta name=\"robots\" content=\"max-image-preview:large\" \/>\n\t<meta name=\"author\" content=\"radio\"\/>\n\t<link rel=\"canonical\" href=\"https:\/\/elcabilo.com\/radio\/2015\/03\/01\/la-coveta-dels-somnis-marc-2015\/\" \/>\n\t<meta name=\"generator\" content=\"All in One SEO (AIOSEO) 5.0.1\" \/>\n\t\t<meta property=\"og:locale\" content=\"ca_ES\" \/>\n\t\t<meta property=\"og:site_name\" content=\"Cabil\u00f3R\u00e0dio - La r\u00e0dio online de Sella\" \/>\n\t\t<meta property=\"og:type\" content=\"article\" \/>\n\t\t<meta property=\"og:title\" content=\"La coveta dels somnis: Mar\u00e7 2015 - Cabil\u00f3R\u00e0dio\" \/>\n\t\t<meta property=\"og:description\" content=\"En este programa tenim com a eix la secci\u00f3 Creacions amb l&#039;entrevista a Miquel Morales Climent. Ens contar\u00e0 totes les novetats que ens est\u00e0 preparant Komfusi\u00f3 amb el seu nou treball que no ser\u00e0 solament un recull de can\u00e7ons, sin\u00f3 un treball que recull les diferents arts i sensibilitats. A m\u00e9s d&#039;aix\u00f2, tindrem les nostres\" \/>\n\t\t<meta property=\"og:url\" content=\"https:\/\/elcabilo.com\/radio\/2015\/03\/01\/la-coveta-dels-somnis-marc-2015\/\" \/>\n\t\t<meta property=\"og:image\" content=\"https:\/\/elcabilo.com\/radio\/files\/2023\/01\/cropped-logo_radio-1.gif\" \/>\n\t\t<meta property=\"og:image:secure_url\" content=\"https:\/\/elcabilo.com\/radio\/files\/2023\/01\/cropped-logo_radio-1.gif\" \/>\n\t\t<meta property=\"article:published_time\" content=\"2015-02-28T23:00:06+00:00\" \/>\n\t\t<meta property=\"article:modified_time\" content=\"2015-03-23T20:14:29+00:00\" \/>\n\t\t<meta name=\"twitter:card\" content=\"summary_large_image\" \/>\n\t\t<meta name=\"twitter:title\" content=\"La coveta dels somnis: Mar\u00e7 2015 - Cabil\u00f3R\u00e0dio\" \/>\n\t\t<meta name=\"twitter:description\" content=\"En este programa tenim com a eix la secci\u00f3 Creacions amb l&#039;entrevista a Miquel Morales Climent. Ens contar\u00e0 totes les novetats que ens est\u00e0 preparant Komfusi\u00f3 amb el seu nou treball que no ser\u00e0 solament un recull de can\u00e7ons, sin\u00f3 un treball que recull les diferents arts i sensibilitats. A m\u00e9s d&#039;aix\u00f2, tindrem les nostres\" \/>\n\t\t<meta name=\"twitter:image\" content=\"https:\/\/elcabilo.com\/radio\/files\/2023\/01\/cropped-logo_radio-1.gif\" \/>\n\t\t<script type=\"application\/ld+json\" class=\"aioseo-schema\">\n\t\t\t{\"@context\":\"https:\\\/\\\/schema.org\",\"@graph\":[{\"@type\":\"BlogPosting\",\"@id\":\"https:\\\/\\\/elcabilo.com\\\/radio\\\/2015\\\/03\\\/01\\\/la-coveta-dels-somnis-marc-2015\\\/#blogposting\",\"name\":\"La coveta dels somnis: Mar\\u00e7 2015 - Cabil\\u00f3R\\u00e0dio\",\"headline\":\"La coveta dels somnis: Mar\\u00e7 2015\",\"author\":{\"@id\":\"https:\\\/\\\/elcabilo.com\\\/radio\\\/author\\\/radio\\\/#author\"},\"publisher\":{\"@id\":\"https:\\\/\\\/elcabilo.com\\\/radio\\\/#organization\"},\"image\":{\"@type\":\"ImageObject\",\"url\":\"https:\\\/\\\/elcabilo.com\\\/radio\\\/files\\\/2013\\\/02\\\/covetalogo2.jpg\",\"width\":900,\"height\":300},\"datePublished\":\"2015-03-01T00:00:06+01:00\",\"dateModified\":\"2015-03-23T21:14:29+01:00\",\"inLanguage\":\"ca\",\"mainEntityOfPage\":{\"@id\":\"https:\\\/\\\/elcabilo.com\\\/radio\\\/2015\\\/03\\\/01\\\/la-coveta-dels-somnis-marc-2015\\\/#webpage\"},\"isPartOf\":{\"@id\":\"https:\\\/\\\/elcabilo.com\\\/radio\\\/2015\\\/03\\\/01\\\/la-coveta-dels-somnis-marc-2015\\\/#webpage\"},\"articleSection\":\"La coveta dels somnis\"},{\"@type\":\"BreadcrumbList\",\"@id\":\"https:\\\/\\\/elcabilo.com\\\/radio\\\/2015\\\/03\\\/01\\\/la-coveta-dels-somnis-marc-2015\\\/#breadcrumblist\",\"itemListElement\":[{\"@type\":\"ListItem\",\"@id\":\"https:\\\/\\\/elcabilo.com\\\/radio#listItem\",\"position\":1,\"name\":\"Home\",\"item\":\"https:\\\/\\\/elcabilo.com\\\/radio\",\"nextItem\":{\"@type\":\"ListItem\",\"@id\":\"https:\\\/\\\/elcabilo.com\\\/radio\\\/category\\\/programes\\\/#listItem\",\"name\":\"Programes\"}},{\"@type\":\"ListItem\",\"@id\":\"https:\\\/\\\/elcabilo.com\\\/radio\\\/category\\\/programes\\\/#listItem\",\"position\":2,\"name\":\"Programes\",\"item\":\"https:\\\/\\\/elcabilo.com\\\/radio\\\/category\\\/programes\\\/\",\"nextItem\":{\"@type\":\"ListItem\",\"@id\":\"https:\\\/\\\/elcabilo.com\\\/radio\\\/category\\\/programes\\\/la-coveta-dels-somnis\\\/#listItem\",\"name\":\"La coveta dels somnis\"},\"previousItem\":{\"@type\":\"ListItem\",\"@id\":\"https:\\\/\\\/elcabilo.com\\\/radio#listItem\",\"name\":\"Home\"}},{\"@type\":\"ListItem\",\"@id\":\"https:\\\/\\\/elcabilo.com\\\/radio\\\/category\\\/programes\\\/la-coveta-dels-somnis\\\/#listItem\",\"position\":3,\"name\":\"La coveta dels somnis\",\"item\":\"https:\\\/\\\/elcabilo.com\\\/radio\\\/category\\\/programes\\\/la-coveta-dels-somnis\\\/\",\"nextItem\":{\"@type\":\"ListItem\",\"@id\":\"https:\\\/\\\/elcabilo.com\\\/radio\\\/2015\\\/03\\\/01\\\/la-coveta-dels-somnis-marc-2015\\\/#listItem\",\"name\":\"La coveta dels somnis: Mar\\u00e7 2015\"},\"previousItem\":{\"@type\":\"ListItem\",\"@id\":\"https:\\\/\\\/elcabilo.com\\\/radio\\\/category\\\/programes\\\/#listItem\",\"name\":\"Programes\"}},{\"@type\":\"ListItem\",\"@id\":\"https:\\\/\\\/elcabilo.com\\\/radio\\\/2015\\\/03\\\/01\\\/la-coveta-dels-somnis-marc-2015\\\/#listItem\",\"position\":4,\"name\":\"La coveta dels somnis: Mar\\u00e7 2015\",\"previousItem\":{\"@type\":\"ListItem\",\"@id\":\"https:\\\/\\\/elcabilo.com\\\/radio\\\/category\\\/programes\\\/la-coveta-dels-somnis\\\/#listItem\",\"name\":\"La coveta dels somnis\"}}]},{\"@type\":\"Organization\",\"@id\":\"https:\\\/\\\/elcabilo.com\\\/radio\\\/#organization\",\"name\":\"Cabil\\u00f3 R\\u00e0dio\",\"description\":\"La r\\u00e0dio online de Sella\",\"url\":\"https:\\\/\\\/elcabilo.com\\\/radio\\\/\",\"logo\":{\"@type\":\"ImageObject\",\"url\":\"https:\\\/\\\/elcabilo.com\\\/radio\\\/files\\\/2023\\\/01\\\/cropped-logo_radio-1.gif\",\"@id\":\"https:\\\/\\\/elcabilo.com\\\/radio\\\/2015\\\/03\\\/01\\\/la-coveta-dels-somnis-marc-2015\\\/#organizationLogo\",\"width\":250,\"height\":50},\"image\":{\"@id\":\"https:\\\/\\\/elcabilo.com\\\/radio\\\/2015\\\/03\\\/01\\\/la-coveta-dels-somnis-marc-2015\\\/#organizationLogo\"}},{\"@type\":\"Person\",\"@id\":\"https:\\\/\\\/elcabilo.com\\\/radio\\\/author\\\/radio\\\/#author\",\"url\":\"https:\\\/\\\/elcabilo.com\\\/radio\\\/author\\\/radio\\\/\",\"name\":\"radio\",\"image\":{\"@type\":\"ImageObject\",\"@id\":\"https:\\\/\\\/elcabilo.com\\\/radio\\\/2015\\\/03\\\/01\\\/la-coveta-dels-somnis-marc-2015\\\/#authorImage\",\"url\":\"https:\\\/\\\/secure.gravatar.com\\\/avatar\\\/bb687b465db46b8e9255d0921cc346091032a91fe77f93721088d5decb8a2d1a?s=96&d=mm&r=g\",\"width\":96,\"height\":96,\"caption\":\"radio\"}},{\"@type\":\"WebPage\",\"@id\":\"https:\\\/\\\/elcabilo.com\\\/radio\\\/2015\\\/03\\\/01\\\/la-coveta-dels-somnis-marc-2015\\\/#webpage\",\"url\":\"https:\\\/\\\/elcabilo.com\\\/radio\\\/2015\\\/03\\\/01\\\/la-coveta-dels-somnis-marc-2015\\\/\",\"name\":\"La coveta dels somnis: Mar\\u00e7 2015 - Cabil\\u00f3R\\u00e0dio\",\"description\":\"En este programa tenim com a eix la secci\\u00f3 Creacions amb l'entrevista a Miquel Morales Climent. Ens contar\\u00e0 totes les novetats que ens est\\u00e0 preparant Komfusi\\u00f3 amb el seu nou treball que no ser\\u00e0 solament un recull de can\\u00e7ons, sin\\u00f3 un treball que recull les diferents arts i sensibilitats. A m\\u00e9s d'aix\\u00f2, tindrem les nostres\",\"inLanguage\":\"ca\",\"isPartOf\":{\"@id\":\"https:\\\/\\\/elcabilo.com\\\/radio\\\/#website\"},\"breadcrumb\":{\"@id\":\"https:\\\/\\\/elcabilo.com\\\/radio\\\/2015\\\/03\\\/01\\\/la-coveta-dels-somnis-marc-2015\\\/#breadcrumblist\"},\"author\":{\"@id\":\"https:\\\/\\\/elcabilo.com\\\/radio\\\/author\\\/radio\\\/#author\"},\"creator\":{\"@id\":\"https:\\\/\\\/elcabilo.com\\\/radio\\\/author\\\/radio\\\/#author\"},\"image\":{\"@type\":\"ImageObject\",\"url\":\"https:\\\/\\\/elcabilo.com\\\/radio\\\/files\\\/2013\\\/02\\\/covetalogo2.jpg\",\"@id\":\"https:\\\/\\\/elcabilo.com\\\/radio\\\/2015\\\/03\\\/01\\\/la-coveta-dels-somnis-marc-2015\\\/#mainImage\",\"width\":900,\"height\":300},\"primaryImageOfPage\":{\"@id\":\"https:\\\/\\\/elcabilo.com\\\/radio\\\/2015\\\/03\\\/01\\\/la-coveta-dels-somnis-marc-2015\\\/#mainImage\"},\"datePublished\":\"2015-03-01T00:00:06+01:00\",\"dateModified\":\"2015-03-23T21:14:29+01:00\"},{\"@type\":\"WebSite\",\"@id\":\"https:\\\/\\\/elcabilo.com\\\/radio\\\/#website\",\"url\":\"https:\\\/\\\/elcabilo.com\\\/radio\\\/\",\"name\":\"Cabil\\u00f3 R\\u00e0dio\",\"description\":\"La r\\u00e0dio online de Sella\",\"inLanguage\":\"ca\",\"publisher\":{\"@id\":\"https:\\\/\\\/elcabilo.com\\\/radio\\\/#organization\"}}]}\n\t\t<\/script>\n\t\t<!-- All in One SEO -->\n\n","aioseo_head_json":{"title":"La coveta dels somnis: Mar\u00e7 2015 - Cabil\u00f3R\u00e0dio","description":"En este programa tenim com a eix la secci\u00f3 Creacions amb l'entrevista a Miquel Morales Climent. Ens contar\u00e0 totes les novetats que ens est\u00e0 preparant Komfusi\u00f3 amb el seu nou treball que no ser\u00e0 solament un recull de can\u00e7ons, sin\u00f3 un treball que recull les diferents arts i sensibilitats. A m\u00e9s d'aix\u00f2, tindrem les nostres","canonical_url":"https:\/\/elcabilo.com\/radio\/2015\/03\/01\/la-coveta-dels-somnis-marc-2015\/","robots":"max-image-preview:large","keywords":"","webmasterTools":{"miscellaneous":""},"schema":{"@context":"https:\/\/schema.org","@graph":[{"@type":"BlogPosting","@id":"https:\/\/elcabilo.com\/radio\/2015\/03\/01\/la-coveta-dels-somnis-marc-2015\/#blogposting","name":"La coveta dels somnis: Mar\u00e7 2015 - Cabil\u00f3R\u00e0dio","headline":"La coveta dels somnis: Mar\u00e7 2015","author":{"@id":"https:\/\/elcabilo.com\/radio\/author\/radio\/#author"},"publisher":{"@id":"https:\/\/elcabilo.com\/radio\/#organization"},"image":{"@type":"ImageObject","url":"https:\/\/elcabilo.com\/radio\/files\/2013\/02\/covetalogo2.jpg","width":900,"height":300},"datePublished":"2015-03-01T00:00:06+01:00","dateModified":"2015-03-23T21:14:29+01:00","inLanguage":"ca","mainEntityOfPage":{"@id":"https:\/\/elcabilo.com\/radio\/2015\/03\/01\/la-coveta-dels-somnis-marc-2015\/#webpage"},"isPartOf":{"@id":"https:\/\/elcabilo.com\/radio\/2015\/03\/01\/la-coveta-dels-somnis-marc-2015\/#webpage"},"articleSection":"La coveta dels somnis"},{"@type":"BreadcrumbList","@id":"https:\/\/elcabilo.com\/radio\/2015\/03\/01\/la-coveta-dels-somnis-marc-2015\/#breadcrumblist","itemListElement":[{"@type":"ListItem","@id":"https:\/\/elcabilo.com\/radio#listItem","position":1,"name":"Home","item":"https:\/\/elcabilo.com\/radio","nextItem":{"@type":"ListItem","@id":"https:\/\/elcabilo.com\/radio\/category\/programes\/#listItem","name":"Programes"}},{"@type":"ListItem","@id":"https:\/\/elcabilo.com\/radio\/category\/programes\/#listItem","position":2,"name":"Programes","item":"https:\/\/elcabilo.com\/radio\/category\/programes\/","nextItem":{"@type":"ListItem","@id":"https:\/\/elcabilo.com\/radio\/category\/programes\/la-coveta-dels-somnis\/#listItem","name":"La coveta dels somnis"},"previousItem":{"@type":"ListItem","@id":"https:\/\/elcabilo.com\/radio#listItem","name":"Home"}},{"@type":"ListItem","@id":"https:\/\/elcabilo.com\/radio\/category\/programes\/la-coveta-dels-somnis\/#listItem","position":3,"name":"La coveta dels somnis","item":"https:\/\/elcabilo.com\/radio\/category\/programes\/la-coveta-dels-somnis\/","nextItem":{"@type":"ListItem","@id":"https:\/\/elcabilo.com\/radio\/2015\/03\/01\/la-coveta-dels-somnis-marc-2015\/#listItem","name":"La coveta dels somnis: Mar\u00e7 2015"},"previousItem":{"@type":"ListItem","@id":"https:\/\/elcabilo.com\/radio\/category\/programes\/#listItem","name":"Programes"}},{"@type":"ListItem","@id":"https:\/\/elcabilo.com\/radio\/2015\/03\/01\/la-coveta-dels-somnis-marc-2015\/#listItem","position":4,"name":"La coveta dels somnis: Mar\u00e7 2015","previousItem":{"@type":"ListItem","@id":"https:\/\/elcabilo.com\/radio\/category\/programes\/la-coveta-dels-somnis\/#listItem","name":"La coveta dels somnis"}}]},{"@type":"Organization","@id":"https:\/\/elcabilo.com\/radio\/#organization","name":"Cabil\u00f3 R\u00e0dio","description":"La r\u00e0dio online de Sella","url":"https:\/\/elcabilo.com\/radio\/","logo":{"@type":"ImageObject","url":"https:\/\/elcabilo.com\/radio\/files\/2023\/01\/cropped-logo_radio-1.gif","@id":"https:\/\/elcabilo.com\/radio\/2015\/03\/01\/la-coveta-dels-somnis-marc-2015\/#organizationLogo","width":250,"height":50},"image":{"@id":"https:\/\/elcabilo.com\/radio\/2015\/03\/01\/la-coveta-dels-somnis-marc-2015\/#organizationLogo"}},{"@type":"Person","@id":"https:\/\/elcabilo.com\/radio\/author\/radio\/#author","url":"https:\/\/elcabilo.com\/radio\/author\/radio\/","name":"radio","image":{"@type":"ImageObject","@id":"https:\/\/elcabilo.com\/radio\/2015\/03\/01\/la-coveta-dels-somnis-marc-2015\/#authorImage","url":"https:\/\/secure.gravatar.com\/avatar\/bb687b465db46b8e9255d0921cc346091032a91fe77f93721088d5decb8a2d1a?s=96&d=mm&r=g","width":96,"height":96,"caption":"radio"}},{"@type":"WebPage","@id":"https:\/\/elcabilo.com\/radio\/2015\/03\/01\/la-coveta-dels-somnis-marc-2015\/#webpage","url":"https:\/\/elcabilo.com\/radio\/2015\/03\/01\/la-coveta-dels-somnis-marc-2015\/","name":"La coveta dels somnis: Mar\u00e7 2015 - Cabil\u00f3R\u00e0dio","description":"En este programa tenim com a eix la secci\u00f3 Creacions amb l'entrevista a Miquel Morales Climent. Ens contar\u00e0 totes les novetats que ens est\u00e0 preparant Komfusi\u00f3 amb el seu nou treball que no ser\u00e0 solament un recull de can\u00e7ons, sin\u00f3 un treball que recull les diferents arts i sensibilitats. A m\u00e9s d'aix\u00f2, tindrem les nostres","inLanguage":"ca","isPartOf":{"@id":"https:\/\/elcabilo.com\/radio\/#website"},"breadcrumb":{"@id":"https:\/\/elcabilo.com\/radio\/2015\/03\/01\/la-coveta-dels-somnis-marc-2015\/#breadcrumblist"},"author":{"@id":"https:\/\/elcabilo.com\/radio\/author\/radio\/#author"},"creator":{"@id":"https:\/\/elcabilo.com\/radio\/author\/radio\/#author"},"image":{"@type":"ImageObject","url":"https:\/\/elcabilo.com\/radio\/files\/2013\/02\/covetalogo2.jpg","@id":"https:\/\/elcabilo.com\/radio\/2015\/03\/01\/la-coveta-dels-somnis-marc-2015\/#mainImage","width":900,"height":300},"primaryImageOfPage":{"@id":"https:\/\/elcabilo.com\/radio\/2015\/03\/01\/la-coveta-dels-somnis-marc-2015\/#mainImage"},"datePublished":"2015-03-01T00:00:06+01:00","dateModified":"2015-03-23T21:14:29+01:00"},{"@type":"WebSite","@id":"https:\/\/elcabilo.com\/radio\/#website","url":"https:\/\/elcabilo.com\/radio\/","name":"Cabil\u00f3 R\u00e0dio","description":"La r\u00e0dio online de Sella","inLanguage":"ca","publisher":{"@id":"https:\/\/elcabilo.com\/radio\/#organization"}}]},"og:locale":"ca_ES","og:site_name":"Cabil\u00f3R\u00e0dio - La r\u00e0dio online de Sella","og:type":"article","og:title":"La coveta dels somnis: Mar\u00e7 2015 - Cabil\u00f3R\u00e0dio","og:description":"En este programa tenim com a eix la secci\u00f3 Creacions amb l'entrevista a Miquel Morales Climent. Ens contar\u00e0 totes les novetats que ens est\u00e0 preparant Komfusi\u00f3 amb el seu nou treball que no ser\u00e0 solament un recull de can\u00e7ons, sin\u00f3 un treball que recull les diferents arts i sensibilitats. A m\u00e9s d'aix\u00f2, tindrem les nostres","og:url":"https:\/\/elcabilo.com\/radio\/2015\/03\/01\/la-coveta-dels-somnis-marc-2015\/","og:image":"https:\/\/elcabilo.com\/radio\/files\/2023\/01\/cropped-logo_radio-1.gif","og:image:secure_url":"https:\/\/elcabilo.com\/radio\/files\/2023\/01\/cropped-logo_radio-1.gif","article:published_time":"2015-02-28T23:00:06+00:00","article:modified_time":"2015-03-23T20:14:29+00:00","twitter:card":"summary_large_image","twitter:title":"La coveta dels somnis: Mar\u00e7 2015 - Cabil\u00f3R\u00e0dio","twitter:description":"En este programa tenim com a eix la secci\u00f3 Creacions amb l'entrevista a Miquel Morales Climent. Ens contar\u00e0 totes les novetats que ens est\u00e0 preparant Komfusi\u00f3 amb el seu nou treball que no ser\u00e0 solament un recull de can\u00e7ons, sin\u00f3 un treball que recull les diferents arts i sensibilitats. A m\u00e9s d'aix\u00f2, tindrem les nostres","twitter:image":"https:\/\/elcabilo.com\/radio\/files\/2023\/01\/cropped-logo_radio-1.gif"},"aioseo_meta_data":{"post_id":"1626","title":null,"description":null,"keywords":null,"keyphrases":null,"primary_term":null,"canonical_url":null,"og_title":null,"og_description":null,"og_object_type":"default","og_image_type":"default","og_image_url":null,"og_image_width":null,"og_image_height":null,"og_image_custom_url":null,"og_image_custom_fields":null,"og_video":null,"og_custom_url":null,"og_article_section":null,"og_article_tags":null,"twitter_use_og":false,"twitter_card":"default","twitter_image_type":"default","twitter_image_url":null,"twitter_image_custom_url":null,"twitter_image_custom_fields":null,"twitter_title":null,"twitter_description":null,"schema":{"blockGraphs":[],"customGraphs":[],"default":{"data":{"Article":[],"Course":[],"Dataset":[],"FAQPage":[],"Movie":[],"Person":[],"Product":[],"ProductReview":[],"Car":[],"Recipe":[],"Service":[],"SoftwareApplication":[],"WebPage":[]},"graphName":"","isEnabled":true},"graphs":[]},"schema_type":"default","schema_type_options":null,"pillar_content":false,"robots_default":true,"robots_noindex":false,"robots_noarchive":false,"robots_nosnippet":false,"robots_nofollow":false,"robots_noimageindex":false,"robots_noodp":false,"robots_notranslate":false,"robots_max_snippet":null,"robots_max_videopreview":null,"robots_max_imagepreview":"large","priority":null,"frequency":null,"local_seo":null,"breadcrumb_settings":null,"limit_modified_date":false,"ai":null,"created":"2023-01-27 22:21:32","updated":"2025-06-08 19:48:08","seo_analyzer_scan_date":null,"focus_keyword":null,"additional_keywords":null,"truseo_locale":null},"aioseo_breadcrumb":"<div class=\"aioseo-breadcrumbs\"><span class=\"aioseo-breadcrumb\">\n\t\t\t<a href=\"https:\/\/elcabilo.com\/radio\" title=\"Home\">Home<\/a>\n\t\t<\/span><span class=\"aioseo-breadcrumb-separator\">&raquo;<\/span><span class=\"aioseo-breadcrumb\">\n\t\t\t<a href=\"https:\/\/elcabilo.com\/radio\/category\/programes\/\" title=\"Programes\">Programes<\/a>\n\t\t<\/span><span class=\"aioseo-breadcrumb-separator\">&raquo;<\/span><span class=\"aioseo-breadcrumb\">\n\t\t\t<a href=\"https:\/\/elcabilo.com\/radio\/category\/programes\/la-coveta-dels-somnis\/\" title=\"La coveta dels somnis\">La coveta dels somnis<\/a>\n\t\t<\/span><span class=\"aioseo-breadcrumb-separator\">&raquo;<\/span><span class=\"aioseo-breadcrumb\">\n\t\t\tLa coveta dels somnis: Mar\u00e7 2015\n\t\t<\/span><\/div>","aioseo_breadcrumb_json":[{"label":"Home","link":"https:\/\/elcabilo.com\/radio"},{"label":"Programes","link":"https:\/\/elcabilo.com\/radio\/category\/programes\/"},{"label":"La coveta dels somnis","link":"https:\/\/elcabilo.com\/radio\/category\/programes\/la-coveta-dels-somnis\/"},{"label":"La coveta dels somnis: Mar\u00e7 2015","link":"https:\/\/elcabilo.com\/radio\/2015\/03\/01\/la-coveta-dels-somnis-marc-2015\/"}],"_links":{"self":[{"href":"https:\/\/elcabilo.com\/radio\/wp-json\/wp\/v2\/posts\/1626","targetHints":{"allow":["GET"]}}],"collection":[{"href":"https:\/\/elcabilo.com\/radio\/wp-json\/wp\/v2\/posts"}],"about":[{"href":"https:\/\/elcabilo.com\/radio\/wp-json\/wp\/v2\/types\/post"}],"author":[{"embeddable":true,"href":"https:\/\/elcabilo.com\/radio\/wp-json\/wp\/v2\/users\/272"}],"replies":[{"embeddable":true,"href":"https:\/\/elcabilo.com\/radio\/wp-json\/wp\/v2\/comments?post=1626"}],"version-history":[{"count":1,"href":"https:\/\/elcabilo.com\/radio\/wp-json\/wp\/v2\/posts\/1626\/revisions"}],"predecessor-version":[{"id":1627,"href":"https:\/\/elcabilo.com\/radio\/wp-json\/wp\/v2\/posts\/1626\/revisions\/1627"}],"wp:featuredmedia":[{"embeddable":true,"href":"https:\/\/elcabilo.com\/radio\/wp-json\/wp\/v2\/media\/467"}],"wp:attachment":[{"href":"https:\/\/elcabilo.com\/radio\/wp-json\/wp\/v2\/media?parent=1626"}],"wp:term":[{"taxonomy":"category","embeddable":true,"href":"https:\/\/elcabilo.com\/radio\/wp-json\/wp\/v2\/categories?post=1626"},{"taxonomy":"post_tag","embeddable":true,"href":"https:\/\/elcabilo.com\/radio\/wp-json\/wp\/v2\/tags?post=1626"}],"curies":[{"name":"wp","href":"https:\/\/api.w.org\/{rel}","templated":true}]}}