{"id":1652,"date":"2015-04-12T23:00:00","date_gmt":"2015-04-12T21:00:00","guid":{"rendered":"http:\/\/elcabilo.com\/radio\/?p=1652"},"modified":"2015-04-12T23:27:27","modified_gmt":"2015-04-12T21:27:27","slug":"programa-13-alimentacio-i-nutricio","status":"publish","type":"post","link":"https:\/\/elcabilo.com\/radio\/2015\/04\/12\/programa-13-alimentacio-i-nutricio\/","title":{"rendered":"Ci\u00e8ncia de cada dia: 13. Alimentaci\u00f3 i nutrici\u00f3"},"content":{"rendered":"<p style=\"text-align: justify;\">La ci\u00e8ncia de cada dia viatja fora de Sella per primera vegada per parlar sobre alimentaci\u00f3 i nutrici\u00f3 amb Pep Bernabeu i Eva Trescastro, professors en el Departament d&#8217;Infermeria Comunit\u00e0ria, Medicina preventiva i Salut p\u00fablica de la Universitat d&#8217;Alacant. Q\u00fcestions com l&#8217;estil de vida actual, la dieta mediterr\u00e0nia i les dietes milacre, nutrici\u00f3 i malnutrici\u00f3, entre altres, s\u00f3n les que vam abordar en aquesta entrevista.<\/p>\n<p style=\"text-align: justify;\">\n<p style=\"text-align: center;\"><a id=\"mbmaplayer_1393799084452\" class=\"mb_map {skin:'blue', animate:true, width:'200', volume:0.6, autoplay:false, loop:false, showVolumeLevel:true, showTime:true, showRew:true, downloadable:true, downloadablesecurity:false, id3: false}\" href=\"https:\/\/archive.org\/download\/Ciencia_13\/Programa_13-Alimentacio_i_nutricio.mp3\">La ci\u00e8ncia&#8230; 13<\/a><\/p>\n","protected":false},"excerpt":{"rendered":"<p>La ci\u00e8ncia de cada dia viatja fora de Sella per primera vegada per parlar sobre alimentaci\u00f3 i nutrici\u00f3 amb Pep Bernabeu i Eva Trescastro, professors en el Departament d&#8217;Infermeria Comunit\u00e0ria, Medicina preventiva i Salut p\u00fablica de la Universitat d&#8217;Alacant. Q\u00fcestions com l&#8217;estil de vida actual, la dieta mediterr\u00e0nia i les dietes milacre, nutrici\u00f3 i malnutrici\u00f3, [&hellip;]<\/p>\n","protected":false},"author":272,"featured_media":1653,"comment_status":"open","ping_status":"open","sticky":false,"template":"","format":"standard","meta":{"_exactmetrics_skip_tracking":false,"footnotes":""},"categories":[9],"tags":[],"class_list":["post-1652","post","type-post","status-publish","format-standard","has-post-thumbnail","hentry","category-ciencia"],"aioseo_notices":[],"aioseo_head":"\n\t\t<!-- All in One SEO 5.0.1 - aioseo.com -->\n\t<meta name=\"description\" content=\"La ci\u00e8ncia de cada dia viatja fora de Sella per primera vegada per parlar sobre alimentaci\u00f3 i nutrici\u00f3 amb Pep Bernabeu i Eva Trescastro, professors en el Departament d&#039;Infermeria Comunit\u00e0ria, Medicina preventiva i Salut p\u00fablica de la Universitat d&#039;Alacant. Q\u00fcestions com l&#039;estil de vida actual, la dieta mediterr\u00e0nia i les dietes milacre, nutrici\u00f3 i malnutrici\u00f3,\" \/>\n\t<meta name=\"robots\" content=\"max-image-preview:large\" \/>\n\t<meta name=\"author\" content=\"radio\"\/>\n\t<link rel=\"canonical\" href=\"https:\/\/elcabilo.com\/radio\/2015\/04\/12\/programa-13-alimentacio-i-nutricio\/\" \/>\n\t<meta name=\"generator\" content=\"All in One SEO (AIOSEO) 5.0.1\" \/>\n\t\t<meta property=\"og:locale\" content=\"ca_ES\" \/>\n\t\t<meta property=\"og:site_name\" content=\"Cabil\u00f3R\u00e0dio - La r\u00e0dio online de Sella\" \/>\n\t\t<meta property=\"og:type\" content=\"article\" \/>\n\t\t<meta property=\"og:title\" content=\"Ci\u00e8ncia de cada dia: 13. Alimentaci\u00f3 i nutrici\u00f3 - Cabil\u00f3R\u00e0dio\" \/>\n\t\t<meta property=\"og:description\" content=\"La ci\u00e8ncia de cada dia viatja fora de Sella per primera vegada per parlar sobre alimentaci\u00f3 i nutrici\u00f3 amb Pep Bernabeu i Eva Trescastro, professors en el Departament d&#039;Infermeria Comunit\u00e0ria, Medicina preventiva i Salut p\u00fablica de la Universitat d&#039;Alacant. Q\u00fcestions com l&#039;estil de vida actual, la dieta mediterr\u00e0nia i les dietes milacre, nutrici\u00f3 i malnutrici\u00f3,\" \/>\n\t\t<meta property=\"og:url\" content=\"https:\/\/elcabilo.com\/radio\/2015\/04\/12\/programa-13-alimentacio-i-nutricio\/\" \/>\n\t\t<meta property=\"og:image\" content=\"https:\/\/elcabilo.com\/radio\/files\/2023\/01\/cropped-logo_radio-1.gif\" \/>\n\t\t<meta property=\"og:image:secure_url\" content=\"https:\/\/elcabilo.com\/radio\/files\/2023\/01\/cropped-logo_radio-1.gif\" \/>\n\t\t<meta property=\"article:published_time\" content=\"2015-04-12T21:00:00+00:00\" \/>\n\t\t<meta property=\"article:modified_time\" content=\"2015-04-12T21:27:27+00:00\" \/>\n\t\t<meta name=\"twitter:card\" content=\"summary_large_image\" \/>\n\t\t<meta name=\"twitter:title\" content=\"Ci\u00e8ncia de cada dia: 13. Alimentaci\u00f3 i nutrici\u00f3 - Cabil\u00f3R\u00e0dio\" \/>\n\t\t<meta name=\"twitter:description\" content=\"La ci\u00e8ncia de cada dia viatja fora de Sella per primera vegada per parlar sobre alimentaci\u00f3 i nutrici\u00f3 amb Pep Bernabeu i Eva Trescastro, professors en el Departament d&#039;Infermeria Comunit\u00e0ria, Medicina preventiva i Salut p\u00fablica de la Universitat d&#039;Alacant. Q\u00fcestions com l&#039;estil de vida actual, la dieta mediterr\u00e0nia i les dietes milacre, nutrici\u00f3 i malnutrici\u00f3,\" \/>\n\t\t<meta name=\"twitter:image\" content=\"https:\/\/elcabilo.com\/radio\/files\/2023\/01\/cropped-logo_radio-1.gif\" \/>\n\t\t<script type=\"application\/ld+json\" class=\"aioseo-schema\">\n\t\t\t{\"@context\":\"https:\\\/\\\/schema.org\",\"@graph\":[{\"@type\":\"BlogPosting\",\"@id\":\"https:\\\/\\\/elcabilo.com\\\/radio\\\/2015\\\/04\\\/12\\\/programa-13-alimentacio-i-nutricio\\\/#blogposting\",\"name\":\"Ci\\u00e8ncia de cada dia: 13. Alimentaci\\u00f3 i nutrici\\u00f3 - Cabil\\u00f3R\\u00e0dio\",\"headline\":\"Ci\\u00e8ncia de cada dia: 13. Alimentaci\\u00f3 i nutrici\\u00f3\",\"author\":{\"@id\":\"https:\\\/\\\/elcabilo.com\\\/radio\\\/author\\\/radio\\\/#author\"},\"publisher\":{\"@id\":\"https:\\\/\\\/elcabilo.com\\\/radio\\\/#organization\"},\"image\":{\"@type\":\"ImageObject\",\"url\":\"https:\\\/\\\/elcabilo.com\\\/radio\\\/files\\\/2015\\\/04\\\/Bodeg\\u00f3n-estilo-tenebrismo.jpg\",\"width\":425,\"height\":247},\"datePublished\":\"2015-04-12T23:00:00+02:00\",\"dateModified\":\"2015-04-12T23:27:27+02:00\",\"inLanguage\":\"ca\",\"mainEntityOfPage\":{\"@id\":\"https:\\\/\\\/elcabilo.com\\\/radio\\\/2015\\\/04\\\/12\\\/programa-13-alimentacio-i-nutricio\\\/#webpage\"},\"isPartOf\":{\"@id\":\"https:\\\/\\\/elcabilo.com\\\/radio\\\/2015\\\/04\\\/12\\\/programa-13-alimentacio-i-nutricio\\\/#webpage\"},\"articleSection\":\"La ci\\u00e8ncia de cada dia\"},{\"@type\":\"BreadcrumbList\",\"@id\":\"https:\\\/\\\/elcabilo.com\\\/radio\\\/2015\\\/04\\\/12\\\/programa-13-alimentacio-i-nutricio\\\/#breadcrumblist\",\"itemListElement\":[{\"@type\":\"ListItem\",\"@id\":\"https:\\\/\\\/elcabilo.com\\\/radio#listItem\",\"position\":1,\"name\":\"Home\",\"item\":\"https:\\\/\\\/elcabilo.com\\\/radio\",\"nextItem\":{\"@type\":\"ListItem\",\"@id\":\"https:\\\/\\\/elcabilo.com\\\/radio\\\/category\\\/programes\\\/#listItem\",\"name\":\"Programes\"}},{\"@type\":\"ListItem\",\"@id\":\"https:\\\/\\\/elcabilo.com\\\/radio\\\/category\\\/programes\\\/#listItem\",\"position\":2,\"name\":\"Programes\",\"item\":\"https:\\\/\\\/elcabilo.com\\\/radio\\\/category\\\/programes\\\/\",\"nextItem\":{\"@type\":\"ListItem\",\"@id\":\"https:\\\/\\\/elcabilo.com\\\/radio\\\/category\\\/programes\\\/ciencia\\\/#listItem\",\"name\":\"La ci\\u00e8ncia de cada dia\"},\"previousItem\":{\"@type\":\"ListItem\",\"@id\":\"https:\\\/\\\/elcabilo.com\\\/radio#listItem\",\"name\":\"Home\"}},{\"@type\":\"ListItem\",\"@id\":\"https:\\\/\\\/elcabilo.com\\\/radio\\\/category\\\/programes\\\/ciencia\\\/#listItem\",\"position\":3,\"name\":\"La ci\\u00e8ncia de cada dia\",\"item\":\"https:\\\/\\\/elcabilo.com\\\/radio\\\/category\\\/programes\\\/ciencia\\\/\",\"nextItem\":{\"@type\":\"ListItem\",\"@id\":\"https:\\\/\\\/elcabilo.com\\\/radio\\\/2015\\\/04\\\/12\\\/programa-13-alimentacio-i-nutricio\\\/#listItem\",\"name\":\"Ci\\u00e8ncia de cada dia: 13. Alimentaci\\u00f3 i nutrici\\u00f3\"},\"previousItem\":{\"@type\":\"ListItem\",\"@id\":\"https:\\\/\\\/elcabilo.com\\\/radio\\\/category\\\/programes\\\/#listItem\",\"name\":\"Programes\"}},{\"@type\":\"ListItem\",\"@id\":\"https:\\\/\\\/elcabilo.com\\\/radio\\\/2015\\\/04\\\/12\\\/programa-13-alimentacio-i-nutricio\\\/#listItem\",\"position\":4,\"name\":\"Ci\\u00e8ncia de cada dia: 13. Alimentaci\\u00f3 i nutrici\\u00f3\",\"previousItem\":{\"@type\":\"ListItem\",\"@id\":\"https:\\\/\\\/elcabilo.com\\\/radio\\\/category\\\/programes\\\/ciencia\\\/#listItem\",\"name\":\"La ci\\u00e8ncia de cada dia\"}}]},{\"@type\":\"Organization\",\"@id\":\"https:\\\/\\\/elcabilo.com\\\/radio\\\/#organization\",\"name\":\"Cabil\\u00f3 R\\u00e0dio\",\"description\":\"La r\\u00e0dio online de Sella\",\"url\":\"https:\\\/\\\/elcabilo.com\\\/radio\\\/\",\"logo\":{\"@type\":\"ImageObject\",\"url\":\"https:\\\/\\\/elcabilo.com\\\/radio\\\/files\\\/2023\\\/01\\\/cropped-logo_radio-1.gif\",\"@id\":\"https:\\\/\\\/elcabilo.com\\\/radio\\\/2015\\\/04\\\/12\\\/programa-13-alimentacio-i-nutricio\\\/#organizationLogo\",\"width\":250,\"height\":50},\"image\":{\"@id\":\"https:\\\/\\\/elcabilo.com\\\/radio\\\/2015\\\/04\\\/12\\\/programa-13-alimentacio-i-nutricio\\\/#organizationLogo\"}},{\"@type\":\"Person\",\"@id\":\"https:\\\/\\\/elcabilo.com\\\/radio\\\/author\\\/radio\\\/#author\",\"url\":\"https:\\\/\\\/elcabilo.com\\\/radio\\\/author\\\/radio\\\/\",\"name\":\"radio\",\"image\":{\"@type\":\"ImageObject\",\"@id\":\"https:\\\/\\\/elcabilo.com\\\/radio\\\/2015\\\/04\\\/12\\\/programa-13-alimentacio-i-nutricio\\\/#authorImage\",\"url\":\"https:\\\/\\\/secure.gravatar.com\\\/avatar\\\/bb687b465db46b8e9255d0921cc346091032a91fe77f93721088d5decb8a2d1a?s=96&d=mm&r=g\",\"width\":96,\"height\":96,\"caption\":\"radio\"}},{\"@type\":\"WebPage\",\"@id\":\"https:\\\/\\\/elcabilo.com\\\/radio\\\/2015\\\/04\\\/12\\\/programa-13-alimentacio-i-nutricio\\\/#webpage\",\"url\":\"https:\\\/\\\/elcabilo.com\\\/radio\\\/2015\\\/04\\\/12\\\/programa-13-alimentacio-i-nutricio\\\/\",\"name\":\"Ci\\u00e8ncia de cada dia: 13. Alimentaci\\u00f3 i nutrici\\u00f3 - Cabil\\u00f3R\\u00e0dio\",\"description\":\"La ci\\u00e8ncia de cada dia viatja fora de Sella per primera vegada per parlar sobre alimentaci\\u00f3 i nutrici\\u00f3 amb Pep Bernabeu i Eva Trescastro, professors en el Departament d'Infermeria Comunit\\u00e0ria, Medicina preventiva i Salut p\\u00fablica de la Universitat d'Alacant. Q\\u00fcestions com l'estil de vida actual, la dieta mediterr\\u00e0nia i les dietes milacre, nutrici\\u00f3 i malnutrici\\u00f3,\",\"inLanguage\":\"ca\",\"isPartOf\":{\"@id\":\"https:\\\/\\\/elcabilo.com\\\/radio\\\/#website\"},\"breadcrumb\":{\"@id\":\"https:\\\/\\\/elcabilo.com\\\/radio\\\/2015\\\/04\\\/12\\\/programa-13-alimentacio-i-nutricio\\\/#breadcrumblist\"},\"author\":{\"@id\":\"https:\\\/\\\/elcabilo.com\\\/radio\\\/author\\\/radio\\\/#author\"},\"creator\":{\"@id\":\"https:\\\/\\\/elcabilo.com\\\/radio\\\/author\\\/radio\\\/#author\"},\"image\":{\"@type\":\"ImageObject\",\"url\":\"https:\\\/\\\/elcabilo.com\\\/radio\\\/files\\\/2015\\\/04\\\/Bodeg\\u00f3n-estilo-tenebrismo.jpg\",\"@id\":\"https:\\\/\\\/elcabilo.com\\\/radio\\\/2015\\\/04\\\/12\\\/programa-13-alimentacio-i-nutricio\\\/#mainImage\",\"width\":425,\"height\":247},\"primaryImageOfPage\":{\"@id\":\"https:\\\/\\\/elcabilo.com\\\/radio\\\/2015\\\/04\\\/12\\\/programa-13-alimentacio-i-nutricio\\\/#mainImage\"},\"datePublished\":\"2015-04-12T23:00:00+02:00\",\"dateModified\":\"2015-04-12T23:27:27+02:00\"},{\"@type\":\"WebSite\",\"@id\":\"https:\\\/\\\/elcabilo.com\\\/radio\\\/#website\",\"url\":\"https:\\\/\\\/elcabilo.com\\\/radio\\\/\",\"name\":\"Cabil\\u00f3 R\\u00e0dio\",\"description\":\"La r\\u00e0dio online de Sella\",\"inLanguage\":\"ca\",\"publisher\":{\"@id\":\"https:\\\/\\\/elcabilo.com\\\/radio\\\/#organization\"}}]}\n\t\t<\/script>\n\t\t<!-- All in One SEO -->\n\n","aioseo_head_json":{"title":"Ci\u00e8ncia de cada dia: 13. Alimentaci\u00f3 i nutrici\u00f3 - Cabil\u00f3R\u00e0dio","description":"La ci\u00e8ncia de cada dia viatja fora de Sella per primera vegada per parlar sobre alimentaci\u00f3 i nutrici\u00f3 amb Pep Bernabeu i Eva Trescastro, professors en el Departament d'Infermeria Comunit\u00e0ria, Medicina preventiva i Salut p\u00fablica de la Universitat d'Alacant. Q\u00fcestions com l'estil de vida actual, la dieta mediterr\u00e0nia i les dietes milacre, nutrici\u00f3 i malnutrici\u00f3,","canonical_url":"https:\/\/elcabilo.com\/radio\/2015\/04\/12\/programa-13-alimentacio-i-nutricio\/","robots":"max-image-preview:large","keywords":"","webmasterTools":{"miscellaneous":""},"schema":{"@context":"https:\/\/schema.org","@graph":[{"@type":"BlogPosting","@id":"https:\/\/elcabilo.com\/radio\/2015\/04\/12\/programa-13-alimentacio-i-nutricio\/#blogposting","name":"Ci\u00e8ncia de cada dia: 13. Alimentaci\u00f3 i nutrici\u00f3 - Cabil\u00f3R\u00e0dio","headline":"Ci\u00e8ncia de cada dia: 13. Alimentaci\u00f3 i nutrici\u00f3","author":{"@id":"https:\/\/elcabilo.com\/radio\/author\/radio\/#author"},"publisher":{"@id":"https:\/\/elcabilo.com\/radio\/#organization"},"image":{"@type":"ImageObject","url":"https:\/\/elcabilo.com\/radio\/files\/2015\/04\/Bodeg\u00f3n-estilo-tenebrismo.jpg","width":425,"height":247},"datePublished":"2015-04-12T23:00:00+02:00","dateModified":"2015-04-12T23:27:27+02:00","inLanguage":"ca","mainEntityOfPage":{"@id":"https:\/\/elcabilo.com\/radio\/2015\/04\/12\/programa-13-alimentacio-i-nutricio\/#webpage"},"isPartOf":{"@id":"https:\/\/elcabilo.com\/radio\/2015\/04\/12\/programa-13-alimentacio-i-nutricio\/#webpage"},"articleSection":"La ci\u00e8ncia de cada dia"},{"@type":"BreadcrumbList","@id":"https:\/\/elcabilo.com\/radio\/2015\/04\/12\/programa-13-alimentacio-i-nutricio\/#breadcrumblist","itemListElement":[{"@type":"ListItem","@id":"https:\/\/elcabilo.com\/radio#listItem","position":1,"name":"Home","item":"https:\/\/elcabilo.com\/radio","nextItem":{"@type":"ListItem","@id":"https:\/\/elcabilo.com\/radio\/category\/programes\/#listItem","name":"Programes"}},{"@type":"ListItem","@id":"https:\/\/elcabilo.com\/radio\/category\/programes\/#listItem","position":2,"name":"Programes","item":"https:\/\/elcabilo.com\/radio\/category\/programes\/","nextItem":{"@type":"ListItem","@id":"https:\/\/elcabilo.com\/radio\/category\/programes\/ciencia\/#listItem","name":"La ci\u00e8ncia de cada dia"},"previousItem":{"@type":"ListItem","@id":"https:\/\/elcabilo.com\/radio#listItem","name":"Home"}},{"@type":"ListItem","@id":"https:\/\/elcabilo.com\/radio\/category\/programes\/ciencia\/#listItem","position":3,"name":"La ci\u00e8ncia de cada dia","item":"https:\/\/elcabilo.com\/radio\/category\/programes\/ciencia\/","nextItem":{"@type":"ListItem","@id":"https:\/\/elcabilo.com\/radio\/2015\/04\/12\/programa-13-alimentacio-i-nutricio\/#listItem","name":"Ci\u00e8ncia de cada dia: 13. Alimentaci\u00f3 i nutrici\u00f3"},"previousItem":{"@type":"ListItem","@id":"https:\/\/elcabilo.com\/radio\/category\/programes\/#listItem","name":"Programes"}},{"@type":"ListItem","@id":"https:\/\/elcabilo.com\/radio\/2015\/04\/12\/programa-13-alimentacio-i-nutricio\/#listItem","position":4,"name":"Ci\u00e8ncia de cada dia: 13. Alimentaci\u00f3 i nutrici\u00f3","previousItem":{"@type":"ListItem","@id":"https:\/\/elcabilo.com\/radio\/category\/programes\/ciencia\/#listItem","name":"La ci\u00e8ncia de cada dia"}}]},{"@type":"Organization","@id":"https:\/\/elcabilo.com\/radio\/#organization","name":"Cabil\u00f3 R\u00e0dio","description":"La r\u00e0dio online de Sella","url":"https:\/\/elcabilo.com\/radio\/","logo":{"@type":"ImageObject","url":"https:\/\/elcabilo.com\/radio\/files\/2023\/01\/cropped-logo_radio-1.gif","@id":"https:\/\/elcabilo.com\/radio\/2015\/04\/12\/programa-13-alimentacio-i-nutricio\/#organizationLogo","width":250,"height":50},"image":{"@id":"https:\/\/elcabilo.com\/radio\/2015\/04\/12\/programa-13-alimentacio-i-nutricio\/#organizationLogo"}},{"@type":"Person","@id":"https:\/\/elcabilo.com\/radio\/author\/radio\/#author","url":"https:\/\/elcabilo.com\/radio\/author\/radio\/","name":"radio","image":{"@type":"ImageObject","@id":"https:\/\/elcabilo.com\/radio\/2015\/04\/12\/programa-13-alimentacio-i-nutricio\/#authorImage","url":"https:\/\/secure.gravatar.com\/avatar\/bb687b465db46b8e9255d0921cc346091032a91fe77f93721088d5decb8a2d1a?s=96&d=mm&r=g","width":96,"height":96,"caption":"radio"}},{"@type":"WebPage","@id":"https:\/\/elcabilo.com\/radio\/2015\/04\/12\/programa-13-alimentacio-i-nutricio\/#webpage","url":"https:\/\/elcabilo.com\/radio\/2015\/04\/12\/programa-13-alimentacio-i-nutricio\/","name":"Ci\u00e8ncia de cada dia: 13. Alimentaci\u00f3 i nutrici\u00f3 - Cabil\u00f3R\u00e0dio","description":"La ci\u00e8ncia de cada dia viatja fora de Sella per primera vegada per parlar sobre alimentaci\u00f3 i nutrici\u00f3 amb Pep Bernabeu i Eva Trescastro, professors en el Departament d'Infermeria Comunit\u00e0ria, Medicina preventiva i Salut p\u00fablica de la Universitat d'Alacant. Q\u00fcestions com l'estil de vida actual, la dieta mediterr\u00e0nia i les dietes milacre, nutrici\u00f3 i malnutrici\u00f3,","inLanguage":"ca","isPartOf":{"@id":"https:\/\/elcabilo.com\/radio\/#website"},"breadcrumb":{"@id":"https:\/\/elcabilo.com\/radio\/2015\/04\/12\/programa-13-alimentacio-i-nutricio\/#breadcrumblist"},"author":{"@id":"https:\/\/elcabilo.com\/radio\/author\/radio\/#author"},"creator":{"@id":"https:\/\/elcabilo.com\/radio\/author\/radio\/#author"},"image":{"@type":"ImageObject","url":"https:\/\/elcabilo.com\/radio\/files\/2015\/04\/Bodeg\u00f3n-estilo-tenebrismo.jpg","@id":"https:\/\/elcabilo.com\/radio\/2015\/04\/12\/programa-13-alimentacio-i-nutricio\/#mainImage","width":425,"height":247},"primaryImageOfPage":{"@id":"https:\/\/elcabilo.com\/radio\/2015\/04\/12\/programa-13-alimentacio-i-nutricio\/#mainImage"},"datePublished":"2015-04-12T23:00:00+02:00","dateModified":"2015-04-12T23:27:27+02:00"},{"@type":"WebSite","@id":"https:\/\/elcabilo.com\/radio\/#website","url":"https:\/\/elcabilo.com\/radio\/","name":"Cabil\u00f3 R\u00e0dio","description":"La r\u00e0dio online de Sella","inLanguage":"ca","publisher":{"@id":"https:\/\/elcabilo.com\/radio\/#organization"}}]},"og:locale":"ca_ES","og:site_name":"Cabil\u00f3R\u00e0dio - La r\u00e0dio online de Sella","og:type":"article","og:title":"Ci\u00e8ncia de cada dia: 13. Alimentaci\u00f3 i nutrici\u00f3 - Cabil\u00f3R\u00e0dio","og:description":"La ci\u00e8ncia de cada dia viatja fora de Sella per primera vegada per parlar sobre alimentaci\u00f3 i nutrici\u00f3 amb Pep Bernabeu i Eva Trescastro, professors en el Departament d'Infermeria Comunit\u00e0ria, Medicina preventiva i Salut p\u00fablica de la Universitat d'Alacant. Q\u00fcestions com l'estil de vida actual, la dieta mediterr\u00e0nia i les dietes milacre, nutrici\u00f3 i malnutrici\u00f3,","og:url":"https:\/\/elcabilo.com\/radio\/2015\/04\/12\/programa-13-alimentacio-i-nutricio\/","og:image":"https:\/\/elcabilo.com\/radio\/files\/2023\/01\/cropped-logo_radio-1.gif","og:image:secure_url":"https:\/\/elcabilo.com\/radio\/files\/2023\/01\/cropped-logo_radio-1.gif","article:published_time":"2015-04-12T21:00:00+00:00","article:modified_time":"2015-04-12T21:27:27+00:00","twitter:card":"summary_large_image","twitter:title":"Ci\u00e8ncia de cada dia: 13. Alimentaci\u00f3 i nutrici\u00f3 - Cabil\u00f3R\u00e0dio","twitter:description":"La ci\u00e8ncia de cada dia viatja fora de Sella per primera vegada per parlar sobre alimentaci\u00f3 i nutrici\u00f3 amb Pep Bernabeu i Eva Trescastro, professors en el Departament d'Infermeria Comunit\u00e0ria, Medicina preventiva i Salut p\u00fablica de la Universitat d'Alacant. Q\u00fcestions com l'estil de vida actual, la dieta mediterr\u00e0nia i les dietes milacre, nutrici\u00f3 i malnutrici\u00f3,","twitter:image":"https:\/\/elcabilo.com\/radio\/files\/2023\/01\/cropped-logo_radio-1.gif"},"aioseo_meta_data":{"post_id":"1652","title":null,"description":null,"keywords":null,"keyphrases":null,"primary_term":null,"canonical_url":null,"og_title":null,"og_description":null,"og_object_type":"default","og_image_type":"default","og_image_url":null,"og_image_width":null,"og_image_height":null,"og_image_custom_url":null,"og_image_custom_fields":null,"og_video":null,"og_custom_url":null,"og_article_section":null,"og_article_tags":null,"twitter_use_og":false,"twitter_card":"default","twitter_image_type":"default","twitter_image_url":null,"twitter_image_custom_url":null,"twitter_image_custom_fields":null,"twitter_title":null,"twitter_description":null,"schema":{"blockGraphs":[],"customGraphs":[],"default":{"data":{"Article":[],"Course":[],"Dataset":[],"FAQPage":[],"Movie":[],"Person":[],"Product":[],"ProductReview":[],"Car":[],"Recipe":[],"Service":[],"SoftwareApplication":[],"WebPage":[]},"graphName":"","isEnabled":true},"graphs":[]},"schema_type":"default","schema_type_options":null,"pillar_content":false,"robots_default":true,"robots_noindex":false,"robots_noarchive":false,"robots_nosnippet":false,"robots_nofollow":false,"robots_noimageindex":false,"robots_noodp":false,"robots_notranslate":false,"robots_max_snippet":null,"robots_max_videopreview":null,"robots_max_imagepreview":"large","priority":null,"frequency":null,"local_seo":null,"breadcrumb_settings":null,"limit_modified_date":false,"ai":null,"created":"2023-01-27 22:21:32","updated":"2025-06-08 19:48:08","seo_analyzer_scan_date":null,"focus_keyword":null,"additional_keywords":null,"truseo_locale":null},"aioseo_breadcrumb":"<div class=\"aioseo-breadcrumbs\"><span class=\"aioseo-breadcrumb\">\n\t\t\t<a href=\"https:\/\/elcabilo.com\/radio\" title=\"Home\">Home<\/a>\n\t\t<\/span><span class=\"aioseo-breadcrumb-separator\">&raquo;<\/span><span class=\"aioseo-breadcrumb\">\n\t\t\t<a href=\"https:\/\/elcabilo.com\/radio\/category\/programes\/\" title=\"Programes\">Programes<\/a>\n\t\t<\/span><span class=\"aioseo-breadcrumb-separator\">&raquo;<\/span><span class=\"aioseo-breadcrumb\">\n\t\t\t<a href=\"https:\/\/elcabilo.com\/radio\/category\/programes\/ciencia\/\" title=\"La ci\u00e8ncia de cada dia\">La ci\u00e8ncia de cada dia<\/a>\n\t\t<\/span><span class=\"aioseo-breadcrumb-separator\">&raquo;<\/span><span class=\"aioseo-breadcrumb\">\n\t\t\tCi\u00e8ncia de cada dia: 13. Alimentaci\u00f3 i nutrici\u00f3\n\t\t<\/span><\/div>","aioseo_breadcrumb_json":[{"label":"Home","link":"https:\/\/elcabilo.com\/radio"},{"label":"Programes","link":"https:\/\/elcabilo.com\/radio\/category\/programes\/"},{"label":"La ci\u00e8ncia de cada dia","link":"https:\/\/elcabilo.com\/radio\/category\/programes\/ciencia\/"},{"label":"Ci\u00e8ncia de cada dia: 13. Alimentaci\u00f3 i nutrici\u00f3","link":"https:\/\/elcabilo.com\/radio\/2015\/04\/12\/programa-13-alimentacio-i-nutricio\/"}],"_links":{"self":[{"href":"https:\/\/elcabilo.com\/radio\/wp-json\/wp\/v2\/posts\/1652","targetHints":{"allow":["GET"]}}],"collection":[{"href":"https:\/\/elcabilo.com\/radio\/wp-json\/wp\/v2\/posts"}],"about":[{"href":"https:\/\/elcabilo.com\/radio\/wp-json\/wp\/v2\/types\/post"}],"author":[{"embeddable":true,"href":"https:\/\/elcabilo.com\/radio\/wp-json\/wp\/v2\/users\/272"}],"replies":[{"embeddable":true,"href":"https:\/\/elcabilo.com\/radio\/wp-json\/wp\/v2\/comments?post=1652"}],"version-history":[{"count":2,"href":"https:\/\/elcabilo.com\/radio\/wp-json\/wp\/v2\/posts\/1652\/revisions"}],"predecessor-version":[{"id":1657,"href":"https:\/\/elcabilo.com\/radio\/wp-json\/wp\/v2\/posts\/1652\/revisions\/1657"}],"wp:featuredmedia":[{"embeddable":true,"href":"https:\/\/elcabilo.com\/radio\/wp-json\/wp\/v2\/media\/1653"}],"wp:attachment":[{"href":"https:\/\/elcabilo.com\/radio\/wp-json\/wp\/v2\/media?parent=1652"}],"wp:term":[{"taxonomy":"category","embeddable":true,"href":"https:\/\/elcabilo.com\/radio\/wp-json\/wp\/v2\/categories?post=1652"},{"taxonomy":"post_tag","embeddable":true,"href":"https:\/\/elcabilo.com\/radio\/wp-json\/wp\/v2\/tags?post=1652"}],"curies":[{"name":"wp","href":"https:\/\/api.w.org\/{rel}","templated":true}]}}