{"id":1671,"date":"2015-05-17T23:00:24","date_gmt":"2015-05-17T21:00:24","guid":{"rendered":"http:\/\/elcabilo.com\/radio\/?p=1671"},"modified":"2015-05-17T23:24:07","modified_gmt":"2015-05-17T21:24:07","slug":"un-pais-de-cancons-programa-23","status":"publish","type":"post","link":"https:\/\/elcabilo.com\/radio\/2015\/05\/17\/un-pais-de-cancons-programa-23\/","title":{"rendered":"Un pa\u00eds de can\u00e7ons: Programa 23"},"content":{"rendered":"<p style=\"text-align: justify;\">Stephen Green \u00e9s el nou convidat del programa i amb ell comentarem algunes can\u00e7ons cl\u00e0ssiques de la cultura anglosaxona, versions en angl\u00e9s de can\u00e7ons catalanes i la m\u00fasica valenciana que ha conegut Steve despr\u00e9s de viure ja uns quants anys a Sella.<\/p>\n<p style=\"text-align: center;\"><a id=\"mbmaplayer_1393799084452\" class=\"mb_map {skin:'blue', animate:true, width:'200', volume:0.6, autoplay:false, loop:false, showVolumeLevel:true, showTime:true, showRew:true, downloadable:true, downloadablesecurity:false, id3: false}\" href=\"https:\/\/archive.org\/download\/updc_2015-05\/Unpaisdecancons23_2005-05-11_StephenGreen.mp3\">Un pa\u00eds de can\u00e7ons 23<\/a><\/p>\n<p><!--more--><br \/>\nAc\u00ed teniu els videoclips d&#8217;algunes de les can\u00e7ons que escoltareu al programa:<\/p>\n<p>A for\u00e7a de nits &#8211; LLU\u00cdS LLACH (amb Pascal Comelade)<br \/>\n<iframe loading=\"lazy\" title=\"fr\u00e7nt\" src=\"https:\/\/player.vimeo.com\/video\/2875272?dnt=1&amp;app_id=122963\" width=\"500\" height=\"401\" frameborder=\"0\" allow=\"autoplay; fullscreen; picture-in-picture; clipboard-write\"><\/iframe><\/p>\n<p>Paraules d&#8217;amor (Words of love) &#8211; JOAN MANUEL SERRAT (HALLDOR MAR)<br \/>\n<iframe loading=\"lazy\" title=\"Halldor mar &quot;Words of love&quot;\" width=\"500\" height=\"281\" src=\"https:\/\/www.youtube.com\/embed\/BB0YFDc12Q8?feature=oembed\" frameborder=\"0\" allow=\"accelerometer; autoplay; clipboard-write; encrypted-media; gyroscope; picture-in-picture; web-share\" referrerpolicy=\"strict-origin-when-cross-origin\" allowfullscreen><\/iframe><\/p>\n<p>With a little help from my friends &#8211; THE BEATLES (JOE COCKER &#8211; PHIL COLLINS &#8211; BRIAN MAY)<br \/>\n<iframe loading=\"lazy\" title=\"Joe Cocker - With A Little Help From My Friends\" width=\"500\" height=\"281\" src=\"https:\/\/www.youtube.com\/embed\/_wG6Cgmgn5U?feature=oembed\" frameborder=\"0\" allow=\"accelerometer; autoplay; clipboard-write; encrypted-media; gyroscope; picture-in-picture; web-share\" referrerpolicy=\"strict-origin-when-cross-origin\" allowfullscreen><\/iframe><\/p>\n<p>La muixeranga &#8211; Interpretada per la Uni\u00f3 Musical l&#8217;Aurora i el cor<br \/>\n<iframe loading=\"lazy\" title=\"Muixeranga per a Banda i Cor\" width=\"500\" height=\"375\" src=\"https:\/\/www.youtube.com\/embed\/CoeBG92qiEA?feature=oembed\" frameborder=\"0\" allow=\"accelerometer; autoplay; clipboard-write; encrypted-media; gyroscope; picture-in-picture; web-share\" referrerpolicy=\"strict-origin-when-cross-origin\" allowfullscreen><\/iframe><\/p>\n<p>Alegria &#8211; EL DILUVI<br \/>\n<iframe loading=\"lazy\" title=\"el Diluvi - Alegria (Videoclip Oficial)\" width=\"500\" height=\"281\" src=\"https:\/\/www.youtube.com\/embed\/2k-H0x6Nzec?feature=oembed\" frameborder=\"0\" allow=\"accelerometer; autoplay; clipboard-write; encrypted-media; gyroscope; picture-in-picture; web-share\" referrerpolicy=\"strict-origin-when-cross-origin\" allowfullscreen><\/iframe><\/p>\n","protected":false},"excerpt":{"rendered":"<p>Stephen Green \u00e9s el nou convidat del programa i amb ell comentarem algunes can\u00e7ons cl\u00e0ssiques de la cultura anglosaxona, versions en angl\u00e9s de can\u00e7ons catalanes i la m\u00fasica valenciana que ha conegut Steve despr\u00e9s de viure ja uns quants anys a Sella. Un pa\u00eds de can\u00e7ons 23<\/p>\n","protected":false},"author":272,"featured_media":468,"comment_status":"open","ping_status":"open","sticky":false,"template":"","format":"standard","meta":{"_exactmetrics_skip_tracking":false,"_exactmetrics_sitenote_active":false,"_exactmetrics_sitenote_note":"","_exactmetrics_sitenote_category":0,"footnotes":""},"categories":[19],"tags":[],"class_list":["post-1671","post","type-post","status-publish","format-standard","has-post-thumbnail","hentry","category-un-pais-de-cancons"],"aioseo_notices":[],"_links":{"self":[{"href":"https:\/\/elcabilo.com\/radio\/wp-json\/wp\/v2\/posts\/1671","targetHints":{"allow":["GET"]}}],"collection":[{"href":"https:\/\/elcabilo.com\/radio\/wp-json\/wp\/v2\/posts"}],"about":[{"href":"https:\/\/elcabilo.com\/radio\/wp-json\/wp\/v2\/types\/post"}],"author":[{"embeddable":true,"href":"https:\/\/elcabilo.com\/radio\/wp-json\/wp\/v2\/users\/272"}],"replies":[{"embeddable":true,"href":"https:\/\/elcabilo.com\/radio\/wp-json\/wp\/v2\/comments?post=1671"}],"version-history":[{"count":3,"href":"https:\/\/elcabilo.com\/radio\/wp-json\/wp\/v2\/posts\/1671\/revisions"}],"predecessor-version":[{"id":1674,"href":"https:\/\/elcabilo.com\/radio\/wp-json\/wp\/v2\/posts\/1671\/revisions\/1674"}],"wp:featuredmedia":[{"embeddable":true,"href":"https:\/\/elcabilo.com\/radio\/wp-json\/wp\/v2\/media\/468"}],"wp:attachment":[{"href":"https:\/\/elcabilo.com\/radio\/wp-json\/wp\/v2\/media?parent=1671"}],"wp:term":[{"taxonomy":"category","embeddable":true,"href":"https:\/\/elcabilo.com\/radio\/wp-json\/wp\/v2\/categories?post=1671"},{"taxonomy":"post_tag","embeddable":true,"href":"https:\/\/elcabilo.com\/radio\/wp-json\/wp\/v2\/tags?post=1671"}],"curies":[{"name":"wp","href":"https:\/\/api.w.org\/{rel}","templated":true}]}}