{"id":1682,"date":"2015-07-27T00:00:56","date_gmt":"2015-07-26T22:00:56","guid":{"rendered":"http:\/\/elcabilo.com\/radio\/?p=1682"},"modified":"2015-07-27T00:04:00","modified_gmt":"2015-07-26T22:04:00","slug":"la-coveta-dels-somnis-especial-un-poble-de-cancons","status":"publish","type":"post","link":"https:\/\/elcabilo.com\/radio\/2015\/07\/27\/la-coveta-dels-somnis-especial-un-poble-de-cancons\/","title":{"rendered":"La coveta dels somnis: Un Poble de Can\u00e7ons"},"content":{"rendered":"<p style=\"text-align: justify;\">Torna la Coveta amb<strong><em> \u00abUn Poble de Can\u00e7ons\u00bb<\/em><\/strong>, programa especial fet amb el motiu de la presentaci\u00f3 del nou disc de Komfusi\u00f3:<\/p>\n<p style=\"text-align: center;\"><a id=\"mbmaplayer_1393799084452\" class=\"mb_map {skin:'blue', animate:true, width:'200', volume:0.6, autoplay:false, loop:false, showVolumeLevel:true, showTime:true, showRew:true, downloadable:true, downloadablesecurity:false, id3: false}\" href=\"https:\/\/archive.org\/download\/komfusio_especial\/Komfusio_Unpobledecancons.mp3\">Especial Komfusi\u00f3<\/a><\/p>\n","protected":false},"excerpt":{"rendered":"<p>Torna la Coveta amb \u00abUn Poble de Can\u00e7ons\u00bb, programa especial fet amb el motiu de la presentaci\u00f3 del nou disc de Komfusi\u00f3: Especial Komfusi\u00f3<\/p>\n","protected":false},"author":272,"featured_media":467,"comment_status":"open","ping_status":"open","sticky":false,"template":"","format":"standard","meta":{"_exactmetrics_skip_tracking":false,"footnotes":""},"categories":[15],"tags":[],"class_list":["post-1682","post","type-post","status-publish","format-standard","has-post-thumbnail","hentry","category-la-coveta-dels-somnis"],"aioseo_notices":[],"aioseo_head":"\n\t\t<!-- All in One SEO 5.0.1 - aioseo.com -->\n\t<meta name=\"description\" content=\"Torna la Coveta amb &quot;Un Poble de Can\u00e7ons&quot;, programa especial fet amb el motiu de la presentaci\u00f3 del nou disc de Komfusi\u00f3: Especial Komfusi\u00f3\" \/>\n\t<meta name=\"robots\" content=\"max-image-preview:large\" \/>\n\t<meta name=\"author\" content=\"radio\"\/>\n\t<link rel=\"canonical\" href=\"https:\/\/elcabilo.com\/radio\/2015\/07\/27\/la-coveta-dels-somnis-especial-un-poble-de-cancons\/\" \/>\n\t<meta name=\"generator\" content=\"All in One SEO (AIOSEO) 5.0.1\" \/>\n\t\t<meta property=\"og:locale\" content=\"ca_ES\" \/>\n\t\t<meta property=\"og:site_name\" content=\"Cabil\u00f3R\u00e0dio - La r\u00e0dio online de Sella\" \/>\n\t\t<meta property=\"og:type\" content=\"article\" \/>\n\t\t<meta property=\"og:title\" content=\"La coveta dels somnis: Un Poble de Can\u00e7ons - Cabil\u00f3R\u00e0dio\" \/>\n\t\t<meta property=\"og:description\" content=\"Torna la Coveta amb &quot;Un Poble de Can\u00e7ons&quot;, programa especial fet amb el motiu de la presentaci\u00f3 del nou disc de Komfusi\u00f3: Especial Komfusi\u00f3\" \/>\n\t\t<meta property=\"og:url\" content=\"https:\/\/elcabilo.com\/radio\/2015\/07\/27\/la-coveta-dels-somnis-especial-un-poble-de-cancons\/\" \/>\n\t\t<meta property=\"og:image\" content=\"https:\/\/elcabilo.com\/radio\/files\/2023\/01\/cropped-logo_radio-1.gif\" \/>\n\t\t<meta property=\"og:image:secure_url\" content=\"https:\/\/elcabilo.com\/radio\/files\/2023\/01\/cropped-logo_radio-1.gif\" \/>\n\t\t<meta property=\"article:published_time\" content=\"2015-07-26T22:00:56+00:00\" \/>\n\t\t<meta property=\"article:modified_time\" content=\"2015-07-26T22:04:00+00:00\" \/>\n\t\t<meta name=\"twitter:card\" content=\"summary_large_image\" \/>\n\t\t<meta name=\"twitter:title\" content=\"La coveta dels somnis: Un Poble de Can\u00e7ons - Cabil\u00f3R\u00e0dio\" \/>\n\t\t<meta name=\"twitter:description\" content=\"Torna la Coveta amb &quot;Un Poble de Can\u00e7ons&quot;, programa especial fet amb el motiu de la presentaci\u00f3 del nou disc de Komfusi\u00f3: Especial Komfusi\u00f3\" \/>\n\t\t<meta name=\"twitter:image\" content=\"https:\/\/elcabilo.com\/radio\/files\/2023\/01\/cropped-logo_radio-1.gif\" \/>\n\t\t<script type=\"application\/ld+json\" class=\"aioseo-schema\">\n\t\t\t{\"@context\":\"https:\\\/\\\/schema.org\",\"@graph\":[{\"@type\":\"BlogPosting\",\"@id\":\"https:\\\/\\\/elcabilo.com\\\/radio\\\/2015\\\/07\\\/27\\\/la-coveta-dels-somnis-especial-un-poble-de-cancons\\\/#blogposting\",\"name\":\"La coveta dels somnis: Un Poble de Can\\u00e7ons - Cabil\\u00f3R\\u00e0dio\",\"headline\":\"La coveta dels somnis: Un Poble de Can\\u00e7ons\",\"author\":{\"@id\":\"https:\\\/\\\/elcabilo.com\\\/radio\\\/author\\\/radio\\\/#author\"},\"publisher\":{\"@id\":\"https:\\\/\\\/elcabilo.com\\\/radio\\\/#organization\"},\"image\":{\"@type\":\"ImageObject\",\"url\":\"https:\\\/\\\/elcabilo.com\\\/radio\\\/files\\\/2013\\\/02\\\/covetalogo2.jpg\",\"width\":900,\"height\":300},\"datePublished\":\"2015-07-27T00:00:56+02:00\",\"dateModified\":\"2015-07-27T00:04:00+02:00\",\"inLanguage\":\"ca\",\"mainEntityOfPage\":{\"@id\":\"https:\\\/\\\/elcabilo.com\\\/radio\\\/2015\\\/07\\\/27\\\/la-coveta-dels-somnis-especial-un-poble-de-cancons\\\/#webpage\"},\"isPartOf\":{\"@id\":\"https:\\\/\\\/elcabilo.com\\\/radio\\\/2015\\\/07\\\/27\\\/la-coveta-dels-somnis-especial-un-poble-de-cancons\\\/#webpage\"},\"articleSection\":\"La coveta dels somnis\"},{\"@type\":\"BreadcrumbList\",\"@id\":\"https:\\\/\\\/elcabilo.com\\\/radio\\\/2015\\\/07\\\/27\\\/la-coveta-dels-somnis-especial-un-poble-de-cancons\\\/#breadcrumblist\",\"itemListElement\":[{\"@type\":\"ListItem\",\"@id\":\"https:\\\/\\\/elcabilo.com\\\/radio#listItem\",\"position\":1,\"name\":\"Home\",\"item\":\"https:\\\/\\\/elcabilo.com\\\/radio\",\"nextItem\":{\"@type\":\"ListItem\",\"@id\":\"https:\\\/\\\/elcabilo.com\\\/radio\\\/category\\\/programes\\\/#listItem\",\"name\":\"Programes\"}},{\"@type\":\"ListItem\",\"@id\":\"https:\\\/\\\/elcabilo.com\\\/radio\\\/category\\\/programes\\\/#listItem\",\"position\":2,\"name\":\"Programes\",\"item\":\"https:\\\/\\\/elcabilo.com\\\/radio\\\/category\\\/programes\\\/\",\"nextItem\":{\"@type\":\"ListItem\",\"@id\":\"https:\\\/\\\/elcabilo.com\\\/radio\\\/category\\\/programes\\\/la-coveta-dels-somnis\\\/#listItem\",\"name\":\"La coveta dels somnis\"},\"previousItem\":{\"@type\":\"ListItem\",\"@id\":\"https:\\\/\\\/elcabilo.com\\\/radio#listItem\",\"name\":\"Home\"}},{\"@type\":\"ListItem\",\"@id\":\"https:\\\/\\\/elcabilo.com\\\/radio\\\/category\\\/programes\\\/la-coveta-dels-somnis\\\/#listItem\",\"position\":3,\"name\":\"La coveta dels somnis\",\"item\":\"https:\\\/\\\/elcabilo.com\\\/radio\\\/category\\\/programes\\\/la-coveta-dels-somnis\\\/\",\"nextItem\":{\"@type\":\"ListItem\",\"@id\":\"https:\\\/\\\/elcabilo.com\\\/radio\\\/2015\\\/07\\\/27\\\/la-coveta-dels-somnis-especial-un-poble-de-cancons\\\/#listItem\",\"name\":\"La coveta dels somnis: Un Poble de Can\\u00e7ons\"},\"previousItem\":{\"@type\":\"ListItem\",\"@id\":\"https:\\\/\\\/elcabilo.com\\\/radio\\\/category\\\/programes\\\/#listItem\",\"name\":\"Programes\"}},{\"@type\":\"ListItem\",\"@id\":\"https:\\\/\\\/elcabilo.com\\\/radio\\\/2015\\\/07\\\/27\\\/la-coveta-dels-somnis-especial-un-poble-de-cancons\\\/#listItem\",\"position\":4,\"name\":\"La coveta dels somnis: Un Poble de Can\\u00e7ons\",\"previousItem\":{\"@type\":\"ListItem\",\"@id\":\"https:\\\/\\\/elcabilo.com\\\/radio\\\/category\\\/programes\\\/la-coveta-dels-somnis\\\/#listItem\",\"name\":\"La coveta dels somnis\"}}]},{\"@type\":\"Organization\",\"@id\":\"https:\\\/\\\/elcabilo.com\\\/radio\\\/#organization\",\"name\":\"Cabil\\u00f3 R\\u00e0dio\",\"description\":\"La r\\u00e0dio online de Sella\",\"url\":\"https:\\\/\\\/elcabilo.com\\\/radio\\\/\",\"logo\":{\"@type\":\"ImageObject\",\"url\":\"https:\\\/\\\/elcabilo.com\\\/radio\\\/files\\\/2023\\\/01\\\/cropped-logo_radio-1.gif\",\"@id\":\"https:\\\/\\\/elcabilo.com\\\/radio\\\/2015\\\/07\\\/27\\\/la-coveta-dels-somnis-especial-un-poble-de-cancons\\\/#organizationLogo\",\"width\":250,\"height\":50},\"image\":{\"@id\":\"https:\\\/\\\/elcabilo.com\\\/radio\\\/2015\\\/07\\\/27\\\/la-coveta-dels-somnis-especial-un-poble-de-cancons\\\/#organizationLogo\"}},{\"@type\":\"Person\",\"@id\":\"https:\\\/\\\/elcabilo.com\\\/radio\\\/author\\\/radio\\\/#author\",\"url\":\"https:\\\/\\\/elcabilo.com\\\/radio\\\/author\\\/radio\\\/\",\"name\":\"radio\",\"image\":{\"@type\":\"ImageObject\",\"@id\":\"https:\\\/\\\/elcabilo.com\\\/radio\\\/2015\\\/07\\\/27\\\/la-coveta-dels-somnis-especial-un-poble-de-cancons\\\/#authorImage\",\"url\":\"https:\\\/\\\/secure.gravatar.com\\\/avatar\\\/bb687b465db46b8e9255d0921cc346091032a91fe77f93721088d5decb8a2d1a?s=96&d=mm&r=g\",\"width\":96,\"height\":96,\"caption\":\"radio\"}},{\"@type\":\"WebPage\",\"@id\":\"https:\\\/\\\/elcabilo.com\\\/radio\\\/2015\\\/07\\\/27\\\/la-coveta-dels-somnis-especial-un-poble-de-cancons\\\/#webpage\",\"url\":\"https:\\\/\\\/elcabilo.com\\\/radio\\\/2015\\\/07\\\/27\\\/la-coveta-dels-somnis-especial-un-poble-de-cancons\\\/\",\"name\":\"La coveta dels somnis: Un Poble de Can\\u00e7ons - Cabil\\u00f3R\\u00e0dio\",\"description\":\"Torna la Coveta amb \\\"Un Poble de Can\\u00e7ons\\\", programa especial fet amb el motiu de la presentaci\\u00f3 del nou disc de Komfusi\\u00f3: Especial Komfusi\\u00f3\",\"inLanguage\":\"ca\",\"isPartOf\":{\"@id\":\"https:\\\/\\\/elcabilo.com\\\/radio\\\/#website\"},\"breadcrumb\":{\"@id\":\"https:\\\/\\\/elcabilo.com\\\/radio\\\/2015\\\/07\\\/27\\\/la-coveta-dels-somnis-especial-un-poble-de-cancons\\\/#breadcrumblist\"},\"author\":{\"@id\":\"https:\\\/\\\/elcabilo.com\\\/radio\\\/author\\\/radio\\\/#author\"},\"creator\":{\"@id\":\"https:\\\/\\\/elcabilo.com\\\/radio\\\/author\\\/radio\\\/#author\"},\"image\":{\"@type\":\"ImageObject\",\"url\":\"https:\\\/\\\/elcabilo.com\\\/radio\\\/files\\\/2013\\\/02\\\/covetalogo2.jpg\",\"@id\":\"https:\\\/\\\/elcabilo.com\\\/radio\\\/2015\\\/07\\\/27\\\/la-coveta-dels-somnis-especial-un-poble-de-cancons\\\/#mainImage\",\"width\":900,\"height\":300},\"primaryImageOfPage\":{\"@id\":\"https:\\\/\\\/elcabilo.com\\\/radio\\\/2015\\\/07\\\/27\\\/la-coveta-dels-somnis-especial-un-poble-de-cancons\\\/#mainImage\"},\"datePublished\":\"2015-07-27T00:00:56+02:00\",\"dateModified\":\"2015-07-27T00:04:00+02:00\"},{\"@type\":\"WebSite\",\"@id\":\"https:\\\/\\\/elcabilo.com\\\/radio\\\/#website\",\"url\":\"https:\\\/\\\/elcabilo.com\\\/radio\\\/\",\"name\":\"Cabil\\u00f3 R\\u00e0dio\",\"description\":\"La r\\u00e0dio online de Sella\",\"inLanguage\":\"ca\",\"publisher\":{\"@id\":\"https:\\\/\\\/elcabilo.com\\\/radio\\\/#organization\"}}]}\n\t\t<\/script>\n\t\t<!-- All in One SEO -->\n\n","aioseo_head_json":{"title":"La coveta dels somnis: Un Poble de Can\u00e7ons - Cabil\u00f3R\u00e0dio","description":"Torna la Coveta amb \"Un Poble de Can\u00e7ons\", programa especial fet amb el motiu de la presentaci\u00f3 del nou disc de Komfusi\u00f3: Especial Komfusi\u00f3","canonical_url":"https:\/\/elcabilo.com\/radio\/2015\/07\/27\/la-coveta-dels-somnis-especial-un-poble-de-cancons\/","robots":"max-image-preview:large","keywords":"","webmasterTools":{"miscellaneous":""},"schema":{"@context":"https:\/\/schema.org","@graph":[{"@type":"BlogPosting","@id":"https:\/\/elcabilo.com\/radio\/2015\/07\/27\/la-coveta-dels-somnis-especial-un-poble-de-cancons\/#blogposting","name":"La coveta dels somnis: Un Poble de Can\u00e7ons - Cabil\u00f3R\u00e0dio","headline":"La coveta dels somnis: Un Poble de Can\u00e7ons","author":{"@id":"https:\/\/elcabilo.com\/radio\/author\/radio\/#author"},"publisher":{"@id":"https:\/\/elcabilo.com\/radio\/#organization"},"image":{"@type":"ImageObject","url":"https:\/\/elcabilo.com\/radio\/files\/2013\/02\/covetalogo2.jpg","width":900,"height":300},"datePublished":"2015-07-27T00:00:56+02:00","dateModified":"2015-07-27T00:04:00+02:00","inLanguage":"ca","mainEntityOfPage":{"@id":"https:\/\/elcabilo.com\/radio\/2015\/07\/27\/la-coveta-dels-somnis-especial-un-poble-de-cancons\/#webpage"},"isPartOf":{"@id":"https:\/\/elcabilo.com\/radio\/2015\/07\/27\/la-coveta-dels-somnis-especial-un-poble-de-cancons\/#webpage"},"articleSection":"La coveta dels somnis"},{"@type":"BreadcrumbList","@id":"https:\/\/elcabilo.com\/radio\/2015\/07\/27\/la-coveta-dels-somnis-especial-un-poble-de-cancons\/#breadcrumblist","itemListElement":[{"@type":"ListItem","@id":"https:\/\/elcabilo.com\/radio#listItem","position":1,"name":"Home","item":"https:\/\/elcabilo.com\/radio","nextItem":{"@type":"ListItem","@id":"https:\/\/elcabilo.com\/radio\/category\/programes\/#listItem","name":"Programes"}},{"@type":"ListItem","@id":"https:\/\/elcabilo.com\/radio\/category\/programes\/#listItem","position":2,"name":"Programes","item":"https:\/\/elcabilo.com\/radio\/category\/programes\/","nextItem":{"@type":"ListItem","@id":"https:\/\/elcabilo.com\/radio\/category\/programes\/la-coveta-dels-somnis\/#listItem","name":"La coveta dels somnis"},"previousItem":{"@type":"ListItem","@id":"https:\/\/elcabilo.com\/radio#listItem","name":"Home"}},{"@type":"ListItem","@id":"https:\/\/elcabilo.com\/radio\/category\/programes\/la-coveta-dels-somnis\/#listItem","position":3,"name":"La coveta dels somnis","item":"https:\/\/elcabilo.com\/radio\/category\/programes\/la-coveta-dels-somnis\/","nextItem":{"@type":"ListItem","@id":"https:\/\/elcabilo.com\/radio\/2015\/07\/27\/la-coveta-dels-somnis-especial-un-poble-de-cancons\/#listItem","name":"La coveta dels somnis: Un Poble de Can\u00e7ons"},"previousItem":{"@type":"ListItem","@id":"https:\/\/elcabilo.com\/radio\/category\/programes\/#listItem","name":"Programes"}},{"@type":"ListItem","@id":"https:\/\/elcabilo.com\/radio\/2015\/07\/27\/la-coveta-dels-somnis-especial-un-poble-de-cancons\/#listItem","position":4,"name":"La coveta dels somnis: Un Poble de Can\u00e7ons","previousItem":{"@type":"ListItem","@id":"https:\/\/elcabilo.com\/radio\/category\/programes\/la-coveta-dels-somnis\/#listItem","name":"La coveta dels somnis"}}]},{"@type":"Organization","@id":"https:\/\/elcabilo.com\/radio\/#organization","name":"Cabil\u00f3 R\u00e0dio","description":"La r\u00e0dio online de Sella","url":"https:\/\/elcabilo.com\/radio\/","logo":{"@type":"ImageObject","url":"https:\/\/elcabilo.com\/radio\/files\/2023\/01\/cropped-logo_radio-1.gif","@id":"https:\/\/elcabilo.com\/radio\/2015\/07\/27\/la-coveta-dels-somnis-especial-un-poble-de-cancons\/#organizationLogo","width":250,"height":50},"image":{"@id":"https:\/\/elcabilo.com\/radio\/2015\/07\/27\/la-coveta-dels-somnis-especial-un-poble-de-cancons\/#organizationLogo"}},{"@type":"Person","@id":"https:\/\/elcabilo.com\/radio\/author\/radio\/#author","url":"https:\/\/elcabilo.com\/radio\/author\/radio\/","name":"radio","image":{"@type":"ImageObject","@id":"https:\/\/elcabilo.com\/radio\/2015\/07\/27\/la-coveta-dels-somnis-especial-un-poble-de-cancons\/#authorImage","url":"https:\/\/secure.gravatar.com\/avatar\/bb687b465db46b8e9255d0921cc346091032a91fe77f93721088d5decb8a2d1a?s=96&d=mm&r=g","width":96,"height":96,"caption":"radio"}},{"@type":"WebPage","@id":"https:\/\/elcabilo.com\/radio\/2015\/07\/27\/la-coveta-dels-somnis-especial-un-poble-de-cancons\/#webpage","url":"https:\/\/elcabilo.com\/radio\/2015\/07\/27\/la-coveta-dels-somnis-especial-un-poble-de-cancons\/","name":"La coveta dels somnis: Un Poble de Can\u00e7ons - Cabil\u00f3R\u00e0dio","description":"Torna la Coveta amb \"Un Poble de Can\u00e7ons\", programa especial fet amb el motiu de la presentaci\u00f3 del nou disc de Komfusi\u00f3: Especial Komfusi\u00f3","inLanguage":"ca","isPartOf":{"@id":"https:\/\/elcabilo.com\/radio\/#website"},"breadcrumb":{"@id":"https:\/\/elcabilo.com\/radio\/2015\/07\/27\/la-coveta-dels-somnis-especial-un-poble-de-cancons\/#breadcrumblist"},"author":{"@id":"https:\/\/elcabilo.com\/radio\/author\/radio\/#author"},"creator":{"@id":"https:\/\/elcabilo.com\/radio\/author\/radio\/#author"},"image":{"@type":"ImageObject","url":"https:\/\/elcabilo.com\/radio\/files\/2013\/02\/covetalogo2.jpg","@id":"https:\/\/elcabilo.com\/radio\/2015\/07\/27\/la-coveta-dels-somnis-especial-un-poble-de-cancons\/#mainImage","width":900,"height":300},"primaryImageOfPage":{"@id":"https:\/\/elcabilo.com\/radio\/2015\/07\/27\/la-coveta-dels-somnis-especial-un-poble-de-cancons\/#mainImage"},"datePublished":"2015-07-27T00:00:56+02:00","dateModified":"2015-07-27T00:04:00+02:00"},{"@type":"WebSite","@id":"https:\/\/elcabilo.com\/radio\/#website","url":"https:\/\/elcabilo.com\/radio\/","name":"Cabil\u00f3 R\u00e0dio","description":"La r\u00e0dio online de Sella","inLanguage":"ca","publisher":{"@id":"https:\/\/elcabilo.com\/radio\/#organization"}}]},"og:locale":"ca_ES","og:site_name":"Cabil\u00f3R\u00e0dio - La r\u00e0dio online de Sella","og:type":"article","og:title":"La coveta dels somnis: Un Poble de Can\u00e7ons - Cabil\u00f3R\u00e0dio","og:description":"Torna la Coveta amb &quot;Un Poble de Can\u00e7ons&quot;, programa especial fet amb el motiu de la presentaci\u00f3 del nou disc de Komfusi\u00f3: Especial Komfusi\u00f3","og:url":"https:\/\/elcabilo.com\/radio\/2015\/07\/27\/la-coveta-dels-somnis-especial-un-poble-de-cancons\/","og:image":"https:\/\/elcabilo.com\/radio\/files\/2023\/01\/cropped-logo_radio-1.gif","og:image:secure_url":"https:\/\/elcabilo.com\/radio\/files\/2023\/01\/cropped-logo_radio-1.gif","article:published_time":"2015-07-26T22:00:56+00:00","article:modified_time":"2015-07-26T22:04:00+00:00","twitter:card":"summary_large_image","twitter:title":"La coveta dels somnis: Un Poble de Can\u00e7ons - Cabil\u00f3R\u00e0dio","twitter:description":"Torna la Coveta amb &quot;Un Poble de Can\u00e7ons&quot;, programa especial fet amb el motiu de la presentaci\u00f3 del nou disc de Komfusi\u00f3: Especial Komfusi\u00f3","twitter:image":"https:\/\/elcabilo.com\/radio\/files\/2023\/01\/cropped-logo_radio-1.gif"},"aioseo_meta_data":{"post_id":"1682","title":null,"description":null,"keywords":null,"keyphrases":null,"primary_term":null,"canonical_url":null,"og_title":null,"og_description":null,"og_object_type":"default","og_image_type":"default","og_image_url":null,"og_image_width":null,"og_image_height":null,"og_image_custom_url":null,"og_image_custom_fields":null,"og_video":null,"og_custom_url":null,"og_article_section":null,"og_article_tags":null,"twitter_use_og":false,"twitter_card":"default","twitter_image_type":"default","twitter_image_url":null,"twitter_image_custom_url":null,"twitter_image_custom_fields":null,"twitter_title":null,"twitter_description":null,"schema":{"blockGraphs":[],"customGraphs":[],"default":{"data":{"Article":[],"Course":[],"Dataset":[],"FAQPage":[],"Movie":[],"Person":[],"Product":[],"ProductReview":[],"Car":[],"Recipe":[],"Service":[],"SoftwareApplication":[],"WebPage":[]},"graphName":"","isEnabled":true},"graphs":[]},"schema_type":"default","schema_type_options":null,"pillar_content":false,"robots_default":true,"robots_noindex":false,"robots_noarchive":false,"robots_nosnippet":false,"robots_nofollow":false,"robots_noimageindex":false,"robots_noodp":false,"robots_notranslate":false,"robots_max_snippet":null,"robots_max_videopreview":null,"robots_max_imagepreview":"large","priority":null,"frequency":null,"local_seo":null,"breadcrumb_settings":null,"limit_modified_date":false,"ai":null,"created":"2023-01-27 22:21:32","updated":"2025-06-08 19:48:08","seo_analyzer_scan_date":null,"focus_keyword":null,"additional_keywords":null,"truseo_locale":null},"aioseo_breadcrumb":"<div class=\"aioseo-breadcrumbs\"><span class=\"aioseo-breadcrumb\">\n\t\t\t<a href=\"https:\/\/elcabilo.com\/radio\" title=\"Home\">Home<\/a>\n\t\t<\/span><span class=\"aioseo-breadcrumb-separator\">&raquo;<\/span><span class=\"aioseo-breadcrumb\">\n\t\t\t<a href=\"https:\/\/elcabilo.com\/radio\/category\/programes\/\" title=\"Programes\">Programes<\/a>\n\t\t<\/span><span class=\"aioseo-breadcrumb-separator\">&raquo;<\/span><span class=\"aioseo-breadcrumb\">\n\t\t\t<a href=\"https:\/\/elcabilo.com\/radio\/category\/programes\/la-coveta-dels-somnis\/\" title=\"La coveta dels somnis\">La coveta dels somnis<\/a>\n\t\t<\/span><span class=\"aioseo-breadcrumb-separator\">&raquo;<\/span><span class=\"aioseo-breadcrumb\">\n\t\t\tLa coveta dels somnis: Un Poble de Can\u00e7ons\n\t\t<\/span><\/div>","aioseo_breadcrumb_json":[{"label":"Home","link":"https:\/\/elcabilo.com\/radio"},{"label":"Programes","link":"https:\/\/elcabilo.com\/radio\/category\/programes\/"},{"label":"La coveta dels somnis","link":"https:\/\/elcabilo.com\/radio\/category\/programes\/la-coveta-dels-somnis\/"},{"label":"La coveta dels somnis: Un Poble de Can\u00e7ons","link":"https:\/\/elcabilo.com\/radio\/2015\/07\/27\/la-coveta-dels-somnis-especial-un-poble-de-cancons\/"}],"_links":{"self":[{"href":"https:\/\/elcabilo.com\/radio\/wp-json\/wp\/v2\/posts\/1682","targetHints":{"allow":["GET"]}}],"collection":[{"href":"https:\/\/elcabilo.com\/radio\/wp-json\/wp\/v2\/posts"}],"about":[{"href":"https:\/\/elcabilo.com\/radio\/wp-json\/wp\/v2\/types\/post"}],"author":[{"embeddable":true,"href":"https:\/\/elcabilo.com\/radio\/wp-json\/wp\/v2\/users\/272"}],"replies":[{"embeddable":true,"href":"https:\/\/elcabilo.com\/radio\/wp-json\/wp\/v2\/comments?post=1682"}],"version-history":[{"count":5,"href":"https:\/\/elcabilo.com\/radio\/wp-json\/wp\/v2\/posts\/1682\/revisions"}],"predecessor-version":[{"id":1687,"href":"https:\/\/elcabilo.com\/radio\/wp-json\/wp\/v2\/posts\/1682\/revisions\/1687"}],"wp:featuredmedia":[{"embeddable":true,"href":"https:\/\/elcabilo.com\/radio\/wp-json\/wp\/v2\/media\/467"}],"wp:attachment":[{"href":"https:\/\/elcabilo.com\/radio\/wp-json\/wp\/v2\/media?parent=1682"}],"wp:term":[{"taxonomy":"category","embeddable":true,"href":"https:\/\/elcabilo.com\/radio\/wp-json\/wp\/v2\/categories?post=1682"},{"taxonomy":"post_tag","embeddable":true,"href":"https:\/\/elcabilo.com\/radio\/wp-json\/wp\/v2\/tags?post=1682"}],"curies":[{"name":"wp","href":"https:\/\/api.w.org\/{rel}","templated":true}]}}