{"id":1693,"date":"2015-08-16T15:00:45","date_gmt":"2015-08-16T13:00:45","guid":{"rendered":"http:\/\/elcabilo.com\/radio\/?p=1693"},"modified":"2015-08-16T10:54:35","modified_gmt":"2015-08-16T08:54:35","slug":"setmana-cultural-2015-dilluns","status":"publish","type":"post","link":"https:\/\/elcabilo.com\/radio\/2015\/08\/16\/setmana-cultural-2015-dilluns\/","title":{"rendered":"Setmana cultural 2015: Presentaci\u00f3 llibre Just I. Sell\u00e9s"},"content":{"rendered":"<p style=\"text-align: justify;\">Els companys de La Coveta dels Somnis van estar presents a la presentaci\u00f3 del llibre <strong>\u00abAl-Azarq, El Blau\u00bb<\/strong>, per <em>Just I. Sell\u00e9s<\/em>, dins dels actes Setmana Cultural 2015 de Sella.<\/p>\n<p>Ac\u00ed la podeu escoltar:<\/p>\n<p style=\"text-align: center;\"><a id=\"mbmaplayer_1393799084452\" class=\"mb_map {skin:'blue', animate:true, width:'200', volume:0.6, autoplay:false, loop:false, showVolumeLevel:true, showTime:true, showRew:true, downloadable:true, downloadablesecurity:false, id3: false}\" href=\"https:\/\/archive.org\/download\/7manacultural_dilluns\/2015-08-10_Llibre_El_blau.mp3\">Dilluns: setmana cultural<\/a><\/p>\n","protected":false},"excerpt":{"rendered":"<p>Els companys de La Coveta dels Somnis van estar presents a la presentaci\u00f3 del llibre \u00abAl-Azarq, El Blau\u00bb, per Just I. Sell\u00e9s, dins dels actes Setmana Cultural 2015 de Sella. Ac\u00ed la podeu escoltar: Dilluns: setmana cultural<\/p>\n","protected":false},"author":272,"featured_media":467,"comment_status":"open","ping_status":"open","sticky":false,"template":"","format":"standard","meta":{"_exactmetrics_skip_tracking":false,"footnotes":""},"categories":[1,15],"tags":[],"class_list":["post-1693","post","type-post","status-publish","format-standard","has-post-thumbnail","hentry","category-sin-categoria","category-la-coveta-dels-somnis"],"aioseo_notices":[],"aioseo_head":"\n\t\t<!-- All in One SEO 5.0.1 - aioseo.com -->\n\t<meta name=\"description\" content=\"Els companys de La Coveta dels Somnis van estar presents a la presentaci\u00f3 del llibre &quot;Al-Azarq, El Blau&quot;, per Just I. Sell\u00e9s, dins dels actes Setmana Cultural 2015 de Sella. Ac\u00ed la podeu escoltar: Dilluns: setmana cultural\" \/>\n\t<meta name=\"robots\" content=\"max-image-preview:large\" \/>\n\t<meta name=\"author\" content=\"radio\"\/>\n\t<link rel=\"canonical\" href=\"https:\/\/elcabilo.com\/radio\/2015\/08\/16\/setmana-cultural-2015-dilluns\/\" \/>\n\t<meta name=\"generator\" content=\"All in One SEO (AIOSEO) 5.0.1\" \/>\n\t\t<meta property=\"og:locale\" content=\"ca_ES\" \/>\n\t\t<meta property=\"og:site_name\" content=\"Cabil\u00f3R\u00e0dio - La r\u00e0dio online de Sella\" \/>\n\t\t<meta property=\"og:type\" content=\"article\" \/>\n\t\t<meta property=\"og:title\" content=\"Setmana cultural 2015: Presentaci\u00f3 llibre Just I. Sell\u00e9s - Cabil\u00f3R\u00e0dio\" \/>\n\t\t<meta property=\"og:description\" content=\"Els companys de La Coveta dels Somnis van estar presents a la presentaci\u00f3 del llibre &quot;Al-Azarq, El Blau&quot;, per Just I. Sell\u00e9s, dins dels actes Setmana Cultural 2015 de Sella. Ac\u00ed la podeu escoltar: Dilluns: setmana cultural\" \/>\n\t\t<meta property=\"og:url\" content=\"https:\/\/elcabilo.com\/radio\/2015\/08\/16\/setmana-cultural-2015-dilluns\/\" \/>\n\t\t<meta property=\"og:image\" content=\"https:\/\/elcabilo.com\/radio\/files\/2023\/01\/cropped-logo_radio-1.gif\" \/>\n\t\t<meta property=\"og:image:secure_url\" content=\"https:\/\/elcabilo.com\/radio\/files\/2023\/01\/cropped-logo_radio-1.gif\" \/>\n\t\t<meta property=\"article:published_time\" content=\"2015-08-16T13:00:45+00:00\" \/>\n\t\t<meta property=\"article:modified_time\" content=\"2015-08-16T08:54:35+00:00\" \/>\n\t\t<meta name=\"twitter:card\" content=\"summary_large_image\" \/>\n\t\t<meta name=\"twitter:title\" content=\"Setmana cultural 2015: Presentaci\u00f3 llibre Just I. Sell\u00e9s - Cabil\u00f3R\u00e0dio\" \/>\n\t\t<meta name=\"twitter:description\" content=\"Els companys de La Coveta dels Somnis van estar presents a la presentaci\u00f3 del llibre &quot;Al-Azarq, El Blau&quot;, per Just I. Sell\u00e9s, dins dels actes Setmana Cultural 2015 de Sella. Ac\u00ed la podeu escoltar: Dilluns: setmana cultural\" \/>\n\t\t<meta name=\"twitter:image\" content=\"https:\/\/elcabilo.com\/radio\/files\/2023\/01\/cropped-logo_radio-1.gif\" \/>\n\t\t<script type=\"application\/ld+json\" class=\"aioseo-schema\">\n\t\t\t{\"@context\":\"https:\\\/\\\/schema.org\",\"@graph\":[{\"@type\":\"BlogPosting\",\"@id\":\"https:\\\/\\\/elcabilo.com\\\/radio\\\/2015\\\/08\\\/16\\\/setmana-cultural-2015-dilluns\\\/#blogposting\",\"name\":\"Setmana cultural 2015: Presentaci\\u00f3 llibre Just I. Sell\\u00e9s - Cabil\\u00f3R\\u00e0dio\",\"headline\":\"Setmana cultural 2015: Presentaci\\u00f3 llibre Just I. Sell\\u00e9s\",\"author\":{\"@id\":\"https:\\\/\\\/elcabilo.com\\\/radio\\\/author\\\/radio\\\/#author\"},\"publisher\":{\"@id\":\"https:\\\/\\\/elcabilo.com\\\/radio\\\/#organization\"},\"image\":{\"@type\":\"ImageObject\",\"url\":\"https:\\\/\\\/elcabilo.com\\\/radio\\\/files\\\/2013\\\/02\\\/covetalogo2.jpg\",\"width\":900,\"height\":300},\"datePublished\":\"2015-08-16T15:00:45+02:00\",\"dateModified\":\"2015-08-16T10:54:35+02:00\",\"inLanguage\":\"ca\",\"mainEntityOfPage\":{\"@id\":\"https:\\\/\\\/elcabilo.com\\\/radio\\\/2015\\\/08\\\/16\\\/setmana-cultural-2015-dilluns\\\/#webpage\"},\"isPartOf\":{\"@id\":\"https:\\\/\\\/elcabilo.com\\\/radio\\\/2015\\\/08\\\/16\\\/setmana-cultural-2015-dilluns\\\/#webpage\"},\"articleSection\":\"Cabil\\u00f3 R\\u00e0dio, La coveta dels somnis\"},{\"@type\":\"BreadcrumbList\",\"@id\":\"https:\\\/\\\/elcabilo.com\\\/radio\\\/2015\\\/08\\\/16\\\/setmana-cultural-2015-dilluns\\\/#breadcrumblist\",\"itemListElement\":[{\"@type\":\"ListItem\",\"@id\":\"https:\\\/\\\/elcabilo.com\\\/radio#listItem\",\"position\":1,\"name\":\"Home\",\"item\":\"https:\\\/\\\/elcabilo.com\\\/radio\",\"nextItem\":{\"@type\":\"ListItem\",\"@id\":\"https:\\\/\\\/elcabilo.com\\\/radio\\\/category\\\/programes\\\/#listItem\",\"name\":\"Programes\"}},{\"@type\":\"ListItem\",\"@id\":\"https:\\\/\\\/elcabilo.com\\\/radio\\\/category\\\/programes\\\/#listItem\",\"position\":2,\"name\":\"Programes\",\"item\":\"https:\\\/\\\/elcabilo.com\\\/radio\\\/category\\\/programes\\\/\",\"nextItem\":{\"@type\":\"ListItem\",\"@id\":\"https:\\\/\\\/elcabilo.com\\\/radio\\\/category\\\/programes\\\/la-coveta-dels-somnis\\\/#listItem\",\"name\":\"La coveta dels somnis\"},\"previousItem\":{\"@type\":\"ListItem\",\"@id\":\"https:\\\/\\\/elcabilo.com\\\/radio#listItem\",\"name\":\"Home\"}},{\"@type\":\"ListItem\",\"@id\":\"https:\\\/\\\/elcabilo.com\\\/radio\\\/category\\\/programes\\\/la-coveta-dels-somnis\\\/#listItem\",\"position\":3,\"name\":\"La coveta dels somnis\",\"item\":\"https:\\\/\\\/elcabilo.com\\\/radio\\\/category\\\/programes\\\/la-coveta-dels-somnis\\\/\",\"nextItem\":{\"@type\":\"ListItem\",\"@id\":\"https:\\\/\\\/elcabilo.com\\\/radio\\\/2015\\\/08\\\/16\\\/setmana-cultural-2015-dilluns\\\/#listItem\",\"name\":\"Setmana cultural 2015: Presentaci\\u00f3 llibre Just I. Sell\\u00e9s\"},\"previousItem\":{\"@type\":\"ListItem\",\"@id\":\"https:\\\/\\\/elcabilo.com\\\/radio\\\/category\\\/programes\\\/#listItem\",\"name\":\"Programes\"}},{\"@type\":\"ListItem\",\"@id\":\"https:\\\/\\\/elcabilo.com\\\/radio\\\/2015\\\/08\\\/16\\\/setmana-cultural-2015-dilluns\\\/#listItem\",\"position\":4,\"name\":\"Setmana cultural 2015: Presentaci\\u00f3 llibre Just I. Sell\\u00e9s\",\"previousItem\":{\"@type\":\"ListItem\",\"@id\":\"https:\\\/\\\/elcabilo.com\\\/radio\\\/category\\\/programes\\\/la-coveta-dels-somnis\\\/#listItem\",\"name\":\"La coveta dels somnis\"}}]},{\"@type\":\"Organization\",\"@id\":\"https:\\\/\\\/elcabilo.com\\\/radio\\\/#organization\",\"name\":\"Cabil\\u00f3 R\\u00e0dio\",\"description\":\"La r\\u00e0dio online de Sella\",\"url\":\"https:\\\/\\\/elcabilo.com\\\/radio\\\/\",\"logo\":{\"@type\":\"ImageObject\",\"url\":\"https:\\\/\\\/elcabilo.com\\\/radio\\\/files\\\/2023\\\/01\\\/cropped-logo_radio-1.gif\",\"@id\":\"https:\\\/\\\/elcabilo.com\\\/radio\\\/2015\\\/08\\\/16\\\/setmana-cultural-2015-dilluns\\\/#organizationLogo\",\"width\":250,\"height\":50},\"image\":{\"@id\":\"https:\\\/\\\/elcabilo.com\\\/radio\\\/2015\\\/08\\\/16\\\/setmana-cultural-2015-dilluns\\\/#organizationLogo\"}},{\"@type\":\"Person\",\"@id\":\"https:\\\/\\\/elcabilo.com\\\/radio\\\/author\\\/radio\\\/#author\",\"url\":\"https:\\\/\\\/elcabilo.com\\\/radio\\\/author\\\/radio\\\/\",\"name\":\"radio\",\"image\":{\"@type\":\"ImageObject\",\"@id\":\"https:\\\/\\\/elcabilo.com\\\/radio\\\/2015\\\/08\\\/16\\\/setmana-cultural-2015-dilluns\\\/#authorImage\",\"url\":\"https:\\\/\\\/secure.gravatar.com\\\/avatar\\\/bb687b465db46b8e9255d0921cc346091032a91fe77f93721088d5decb8a2d1a?s=96&d=mm&r=g\",\"width\":96,\"height\":96,\"caption\":\"radio\"}},{\"@type\":\"WebPage\",\"@id\":\"https:\\\/\\\/elcabilo.com\\\/radio\\\/2015\\\/08\\\/16\\\/setmana-cultural-2015-dilluns\\\/#webpage\",\"url\":\"https:\\\/\\\/elcabilo.com\\\/radio\\\/2015\\\/08\\\/16\\\/setmana-cultural-2015-dilluns\\\/\",\"name\":\"Setmana cultural 2015: Presentaci\\u00f3 llibre Just I. Sell\\u00e9s - Cabil\\u00f3R\\u00e0dio\",\"description\":\"Els companys de La Coveta dels Somnis van estar presents a la presentaci\\u00f3 del llibre \\\"Al-Azarq, El Blau\\\", per Just I. Sell\\u00e9s, dins dels actes Setmana Cultural 2015 de Sella. Ac\\u00ed la podeu escoltar: Dilluns: setmana cultural\",\"inLanguage\":\"ca\",\"isPartOf\":{\"@id\":\"https:\\\/\\\/elcabilo.com\\\/radio\\\/#website\"},\"breadcrumb\":{\"@id\":\"https:\\\/\\\/elcabilo.com\\\/radio\\\/2015\\\/08\\\/16\\\/setmana-cultural-2015-dilluns\\\/#breadcrumblist\"},\"author\":{\"@id\":\"https:\\\/\\\/elcabilo.com\\\/radio\\\/author\\\/radio\\\/#author\"},\"creator\":{\"@id\":\"https:\\\/\\\/elcabilo.com\\\/radio\\\/author\\\/radio\\\/#author\"},\"image\":{\"@type\":\"ImageObject\",\"url\":\"https:\\\/\\\/elcabilo.com\\\/radio\\\/files\\\/2013\\\/02\\\/covetalogo2.jpg\",\"@id\":\"https:\\\/\\\/elcabilo.com\\\/radio\\\/2015\\\/08\\\/16\\\/setmana-cultural-2015-dilluns\\\/#mainImage\",\"width\":900,\"height\":300},\"primaryImageOfPage\":{\"@id\":\"https:\\\/\\\/elcabilo.com\\\/radio\\\/2015\\\/08\\\/16\\\/setmana-cultural-2015-dilluns\\\/#mainImage\"},\"datePublished\":\"2015-08-16T15:00:45+02:00\",\"dateModified\":\"2015-08-16T10:54:35+02:00\"},{\"@type\":\"WebSite\",\"@id\":\"https:\\\/\\\/elcabilo.com\\\/radio\\\/#website\",\"url\":\"https:\\\/\\\/elcabilo.com\\\/radio\\\/\",\"name\":\"Cabil\\u00f3 R\\u00e0dio\",\"description\":\"La r\\u00e0dio online de Sella\",\"inLanguage\":\"ca\",\"publisher\":{\"@id\":\"https:\\\/\\\/elcabilo.com\\\/radio\\\/#organization\"}}]}\n\t\t<\/script>\n\t\t<!-- All in One SEO -->\n\n","aioseo_head_json":{"title":"Setmana cultural 2015: Presentaci\u00f3 llibre Just I. Sell\u00e9s - Cabil\u00f3R\u00e0dio","description":"Els companys de La Coveta dels Somnis van estar presents a la presentaci\u00f3 del llibre \"Al-Azarq, El Blau\", per Just I. Sell\u00e9s, dins dels actes Setmana Cultural 2015 de Sella. Ac\u00ed la podeu escoltar: Dilluns: setmana cultural","canonical_url":"https:\/\/elcabilo.com\/radio\/2015\/08\/16\/setmana-cultural-2015-dilluns\/","robots":"max-image-preview:large","keywords":"","webmasterTools":{"miscellaneous":""},"schema":{"@context":"https:\/\/schema.org","@graph":[{"@type":"BlogPosting","@id":"https:\/\/elcabilo.com\/radio\/2015\/08\/16\/setmana-cultural-2015-dilluns\/#blogposting","name":"Setmana cultural 2015: Presentaci\u00f3 llibre Just I. Sell\u00e9s - Cabil\u00f3R\u00e0dio","headline":"Setmana cultural 2015: Presentaci\u00f3 llibre Just I. Sell\u00e9s","author":{"@id":"https:\/\/elcabilo.com\/radio\/author\/radio\/#author"},"publisher":{"@id":"https:\/\/elcabilo.com\/radio\/#organization"},"image":{"@type":"ImageObject","url":"https:\/\/elcabilo.com\/radio\/files\/2013\/02\/covetalogo2.jpg","width":900,"height":300},"datePublished":"2015-08-16T15:00:45+02:00","dateModified":"2015-08-16T10:54:35+02:00","inLanguage":"ca","mainEntityOfPage":{"@id":"https:\/\/elcabilo.com\/radio\/2015\/08\/16\/setmana-cultural-2015-dilluns\/#webpage"},"isPartOf":{"@id":"https:\/\/elcabilo.com\/radio\/2015\/08\/16\/setmana-cultural-2015-dilluns\/#webpage"},"articleSection":"Cabil\u00f3 R\u00e0dio, La coveta dels somnis"},{"@type":"BreadcrumbList","@id":"https:\/\/elcabilo.com\/radio\/2015\/08\/16\/setmana-cultural-2015-dilluns\/#breadcrumblist","itemListElement":[{"@type":"ListItem","@id":"https:\/\/elcabilo.com\/radio#listItem","position":1,"name":"Home","item":"https:\/\/elcabilo.com\/radio","nextItem":{"@type":"ListItem","@id":"https:\/\/elcabilo.com\/radio\/category\/programes\/#listItem","name":"Programes"}},{"@type":"ListItem","@id":"https:\/\/elcabilo.com\/radio\/category\/programes\/#listItem","position":2,"name":"Programes","item":"https:\/\/elcabilo.com\/radio\/category\/programes\/","nextItem":{"@type":"ListItem","@id":"https:\/\/elcabilo.com\/radio\/category\/programes\/la-coveta-dels-somnis\/#listItem","name":"La coveta dels somnis"},"previousItem":{"@type":"ListItem","@id":"https:\/\/elcabilo.com\/radio#listItem","name":"Home"}},{"@type":"ListItem","@id":"https:\/\/elcabilo.com\/radio\/category\/programes\/la-coveta-dels-somnis\/#listItem","position":3,"name":"La coveta dels somnis","item":"https:\/\/elcabilo.com\/radio\/category\/programes\/la-coveta-dels-somnis\/","nextItem":{"@type":"ListItem","@id":"https:\/\/elcabilo.com\/radio\/2015\/08\/16\/setmana-cultural-2015-dilluns\/#listItem","name":"Setmana cultural 2015: Presentaci\u00f3 llibre Just I. Sell\u00e9s"},"previousItem":{"@type":"ListItem","@id":"https:\/\/elcabilo.com\/radio\/category\/programes\/#listItem","name":"Programes"}},{"@type":"ListItem","@id":"https:\/\/elcabilo.com\/radio\/2015\/08\/16\/setmana-cultural-2015-dilluns\/#listItem","position":4,"name":"Setmana cultural 2015: Presentaci\u00f3 llibre Just I. Sell\u00e9s","previousItem":{"@type":"ListItem","@id":"https:\/\/elcabilo.com\/radio\/category\/programes\/la-coveta-dels-somnis\/#listItem","name":"La coveta dels somnis"}}]},{"@type":"Organization","@id":"https:\/\/elcabilo.com\/radio\/#organization","name":"Cabil\u00f3 R\u00e0dio","description":"La r\u00e0dio online de Sella","url":"https:\/\/elcabilo.com\/radio\/","logo":{"@type":"ImageObject","url":"https:\/\/elcabilo.com\/radio\/files\/2023\/01\/cropped-logo_radio-1.gif","@id":"https:\/\/elcabilo.com\/radio\/2015\/08\/16\/setmana-cultural-2015-dilluns\/#organizationLogo","width":250,"height":50},"image":{"@id":"https:\/\/elcabilo.com\/radio\/2015\/08\/16\/setmana-cultural-2015-dilluns\/#organizationLogo"}},{"@type":"Person","@id":"https:\/\/elcabilo.com\/radio\/author\/radio\/#author","url":"https:\/\/elcabilo.com\/radio\/author\/radio\/","name":"radio","image":{"@type":"ImageObject","@id":"https:\/\/elcabilo.com\/radio\/2015\/08\/16\/setmana-cultural-2015-dilluns\/#authorImage","url":"https:\/\/secure.gravatar.com\/avatar\/bb687b465db46b8e9255d0921cc346091032a91fe77f93721088d5decb8a2d1a?s=96&d=mm&r=g","width":96,"height":96,"caption":"radio"}},{"@type":"WebPage","@id":"https:\/\/elcabilo.com\/radio\/2015\/08\/16\/setmana-cultural-2015-dilluns\/#webpage","url":"https:\/\/elcabilo.com\/radio\/2015\/08\/16\/setmana-cultural-2015-dilluns\/","name":"Setmana cultural 2015: Presentaci\u00f3 llibre Just I. Sell\u00e9s - Cabil\u00f3R\u00e0dio","description":"Els companys de La Coveta dels Somnis van estar presents a la presentaci\u00f3 del llibre \"Al-Azarq, El Blau\", per Just I. Sell\u00e9s, dins dels actes Setmana Cultural 2015 de Sella. Ac\u00ed la podeu escoltar: Dilluns: setmana cultural","inLanguage":"ca","isPartOf":{"@id":"https:\/\/elcabilo.com\/radio\/#website"},"breadcrumb":{"@id":"https:\/\/elcabilo.com\/radio\/2015\/08\/16\/setmana-cultural-2015-dilluns\/#breadcrumblist"},"author":{"@id":"https:\/\/elcabilo.com\/radio\/author\/radio\/#author"},"creator":{"@id":"https:\/\/elcabilo.com\/radio\/author\/radio\/#author"},"image":{"@type":"ImageObject","url":"https:\/\/elcabilo.com\/radio\/files\/2013\/02\/covetalogo2.jpg","@id":"https:\/\/elcabilo.com\/radio\/2015\/08\/16\/setmana-cultural-2015-dilluns\/#mainImage","width":900,"height":300},"primaryImageOfPage":{"@id":"https:\/\/elcabilo.com\/radio\/2015\/08\/16\/setmana-cultural-2015-dilluns\/#mainImage"},"datePublished":"2015-08-16T15:00:45+02:00","dateModified":"2015-08-16T10:54:35+02:00"},{"@type":"WebSite","@id":"https:\/\/elcabilo.com\/radio\/#website","url":"https:\/\/elcabilo.com\/radio\/","name":"Cabil\u00f3 R\u00e0dio","description":"La r\u00e0dio online de Sella","inLanguage":"ca","publisher":{"@id":"https:\/\/elcabilo.com\/radio\/#organization"}}]},"og:locale":"ca_ES","og:site_name":"Cabil\u00f3R\u00e0dio - La r\u00e0dio online de Sella","og:type":"article","og:title":"Setmana cultural 2015: Presentaci\u00f3 llibre Just I. Sell\u00e9s - Cabil\u00f3R\u00e0dio","og:description":"Els companys de La Coveta dels Somnis van estar presents a la presentaci\u00f3 del llibre &quot;Al-Azarq, El Blau&quot;, per Just I. Sell\u00e9s, dins dels actes Setmana Cultural 2015 de Sella. Ac\u00ed la podeu escoltar: Dilluns: setmana cultural","og:url":"https:\/\/elcabilo.com\/radio\/2015\/08\/16\/setmana-cultural-2015-dilluns\/","og:image":"https:\/\/elcabilo.com\/radio\/files\/2023\/01\/cropped-logo_radio-1.gif","og:image:secure_url":"https:\/\/elcabilo.com\/radio\/files\/2023\/01\/cropped-logo_radio-1.gif","article:published_time":"2015-08-16T13:00:45+00:00","article:modified_time":"2015-08-16T08:54:35+00:00","twitter:card":"summary_large_image","twitter:title":"Setmana cultural 2015: Presentaci\u00f3 llibre Just I. Sell\u00e9s - Cabil\u00f3R\u00e0dio","twitter:description":"Els companys de La Coveta dels Somnis van estar presents a la presentaci\u00f3 del llibre &quot;Al-Azarq, El Blau&quot;, per Just I. Sell\u00e9s, dins dels actes Setmana Cultural 2015 de Sella. Ac\u00ed la podeu escoltar: Dilluns: setmana cultural","twitter:image":"https:\/\/elcabilo.com\/radio\/files\/2023\/01\/cropped-logo_radio-1.gif"},"aioseo_meta_data":{"post_id":"1693","title":null,"description":null,"keywords":null,"keyphrases":null,"primary_term":null,"canonical_url":null,"og_title":null,"og_description":null,"og_object_type":"default","og_image_type":"default","og_image_url":null,"og_image_width":null,"og_image_height":null,"og_image_custom_url":null,"og_image_custom_fields":null,"og_video":null,"og_custom_url":null,"og_article_section":null,"og_article_tags":null,"twitter_use_og":false,"twitter_card":"default","twitter_image_type":"default","twitter_image_url":null,"twitter_image_custom_url":null,"twitter_image_custom_fields":null,"twitter_title":null,"twitter_description":null,"schema":{"blockGraphs":[],"customGraphs":[],"default":{"data":{"Article":[],"Course":[],"Dataset":[],"FAQPage":[],"Movie":[],"Person":[],"Product":[],"ProductReview":[],"Car":[],"Recipe":[],"Service":[],"SoftwareApplication":[],"WebPage":[]},"graphName":"","isEnabled":true},"graphs":[]},"schema_type":"default","schema_type_options":null,"pillar_content":false,"robots_default":true,"robots_noindex":false,"robots_noarchive":false,"robots_nosnippet":false,"robots_nofollow":false,"robots_noimageindex":false,"robots_noodp":false,"robots_notranslate":false,"robots_max_snippet":null,"robots_max_videopreview":null,"robots_max_imagepreview":"large","priority":null,"frequency":null,"local_seo":null,"breadcrumb_settings":null,"limit_modified_date":false,"ai":null,"created":"2023-01-27 22:22:40","updated":"2025-06-08 19:59:01","seo_analyzer_scan_date":null,"focus_keyword":null,"additional_keywords":null,"truseo_locale":null},"aioseo_breadcrumb":"<div class=\"aioseo-breadcrumbs\"><span class=\"aioseo-breadcrumb\">\n\t\t\t<a href=\"https:\/\/elcabilo.com\/radio\" title=\"Home\">Home<\/a>\n\t\t<\/span><span class=\"aioseo-breadcrumb-separator\">&raquo;<\/span><span class=\"aioseo-breadcrumb\">\n\t\t\t<a href=\"https:\/\/elcabilo.com\/radio\/category\/programes\/\" title=\"Programes\">Programes<\/a>\n\t\t<\/span><span class=\"aioseo-breadcrumb-separator\">&raquo;<\/span><span class=\"aioseo-breadcrumb\">\n\t\t\t<a href=\"https:\/\/elcabilo.com\/radio\/category\/programes\/la-coveta-dels-somnis\/\" title=\"La coveta dels somnis\">La coveta dels somnis<\/a>\n\t\t<\/span><span class=\"aioseo-breadcrumb-separator\">&raquo;<\/span><span class=\"aioseo-breadcrumb\">\n\t\t\tSetmana cultural 2015: Presentaci\u00f3 llibre Just I. Sell\u00e9s\n\t\t<\/span><\/div>","aioseo_breadcrumb_json":[{"label":"Home","link":"https:\/\/elcabilo.com\/radio"},{"label":"Programes","link":"https:\/\/elcabilo.com\/radio\/category\/programes\/"},{"label":"La coveta dels somnis","link":"https:\/\/elcabilo.com\/radio\/category\/programes\/la-coveta-dels-somnis\/"},{"label":"Setmana cultural 2015: Presentaci\u00f3 llibre Just I. Sell\u00e9s","link":"https:\/\/elcabilo.com\/radio\/2015\/08\/16\/setmana-cultural-2015-dilluns\/"}],"_links":{"self":[{"href":"https:\/\/elcabilo.com\/radio\/wp-json\/wp\/v2\/posts\/1693","targetHints":{"allow":["GET"]}}],"collection":[{"href":"https:\/\/elcabilo.com\/radio\/wp-json\/wp\/v2\/posts"}],"about":[{"href":"https:\/\/elcabilo.com\/radio\/wp-json\/wp\/v2\/types\/post"}],"author":[{"embeddable":true,"href":"https:\/\/elcabilo.com\/radio\/wp-json\/wp\/v2\/users\/272"}],"replies":[{"embeddable":true,"href":"https:\/\/elcabilo.com\/radio\/wp-json\/wp\/v2\/comments?post=1693"}],"version-history":[{"count":6,"href":"https:\/\/elcabilo.com\/radio\/wp-json\/wp\/v2\/posts\/1693\/revisions"}],"predecessor-version":[{"id":1701,"href":"https:\/\/elcabilo.com\/radio\/wp-json\/wp\/v2\/posts\/1693\/revisions\/1701"}],"wp:featuredmedia":[{"embeddable":true,"href":"https:\/\/elcabilo.com\/radio\/wp-json\/wp\/v2\/media\/467"}],"wp:attachment":[{"href":"https:\/\/elcabilo.com\/radio\/wp-json\/wp\/v2\/media?parent=1693"}],"wp:term":[{"taxonomy":"category","embeddable":true,"href":"https:\/\/elcabilo.com\/radio\/wp-json\/wp\/v2\/categories?post=1693"},{"taxonomy":"post_tag","embeddable":true,"href":"https:\/\/elcabilo.com\/radio\/wp-json\/wp\/v2\/tags?post=1693"}],"curies":[{"name":"wp","href":"https:\/\/api.w.org\/{rel}","templated":true}]}}