{"id":1706,"date":"2015-10-25T08:00:42","date_gmt":"2015-10-25T07:00:42","guid":{"rendered":"http:\/\/elcabilo.com\/radio\/?p=1706"},"modified":"2015-10-25T06:59:56","modified_gmt":"2015-10-25T05:59:56","slug":"les-entrevistes-de-la-ciencia-de-cada-dia","status":"publish","type":"post","link":"https:\/\/elcabilo.com\/radio\/2015\/10\/25\/les-entrevistes-de-la-ciencia-de-cada-dia\/","title":{"rendered":"Les entrevistes de la ci\u00e8ncia de cada dia"},"content":{"rendered":"<p style=\"text-align: justify;\">En el programa de hui, diferent a l&#8217;habitual, portem dos entrevistes. La primera \u00e9s a Andr\u00e9s Fullana, professor del Departament d&#8217;Enginyeria Qu\u00edmica de la UA, amb qui vam parlar de la Investigaci\u00f3, amb dos vessants. Primer parlem de la seua investigaci\u00f3 en un projecte p\u00fablic sobre la incineraci\u00f3 de residus i despr\u00e9s de la investigaci\u00f3 privada, relacionada amb una empresa, i de com pot portar a crear una Empresa de Base Tecnol\u00f2gica (EBT).<\/p>\n<p style=\"text-align: justify;\">La segona entrevista \u00e9s a Santos Rojo, director del Departament de Ci\u00e8ncies Ambientals i Recursos Naturals de la UA, amb qui parlem de la seua EBT dedicada a la cria d&#8217;insectes per a fabricar prote\u00efnes per alimentaci\u00f3 animal. Un tema sorprenent que ens portar\u00e0 a parlar sobre els problemes d&#8217;alimentaci\u00f3 global, legislaci\u00f3 sobre alimentaci\u00f3 i molt m\u00e9s.<\/p>\n<p style=\"text-align: center;\"><a id=\"mbmaplayer_1393799084452\" class=\"mb_map {skin:'blue', animate:true, width:'200', volume:0.6, autoplay:false, loop:false, showVolumeLevel:true, showTime:true, showRew:true, downloadable:true, downloadablesecurity:false, id3: false}\" href=\"https:\/\/archive.org\/download\/Ciencia_octubre15\/Programa_14-Investigacio_i_insectes.mp3\">La Ci\u00e8ncia de cada dia<\/a><\/p>\n","protected":false},"excerpt":{"rendered":"<p>En el programa de hui, diferent a l&#8217;habitual, portem dos entrevistes. La primera \u00e9s a Andr\u00e9s Fullana, professor del Departament d&#8217;Enginyeria Qu\u00edmica de la UA, amb qui vam parlar de la Investigaci\u00f3, amb dos vessants. Primer parlem de la seua investigaci\u00f3 en un projecte p\u00fablic sobre la incineraci\u00f3 de residus i despr\u00e9s de la investigaci\u00f3 [&hellip;]<\/p>\n","protected":false},"author":272,"featured_media":81,"comment_status":"open","ping_status":"open","sticky":false,"template":"","format":"standard","meta":{"_exactmetrics_skip_tracking":false,"footnotes":""},"categories":[9],"tags":[],"class_list":["post-1706","post","type-post","status-publish","format-standard","has-post-thumbnail","hentry","category-ciencia"],"aioseo_notices":[],"aioseo_head":"\n\t\t<!-- All in One SEO 5.0.1 - aioseo.com -->\n\t<meta name=\"description\" content=\"En el programa de hui, diferent a l&#039;habitual, portem dos entrevistes. La primera \u00e9s a Andr\u00e9s Fullana, professor del Departament d&#039;Enginyeria Qu\u00edmica de la UA, amb qui vam parlar de la Investigaci\u00f3, amb dos vessants. Primer parlem de la seua investigaci\u00f3 en un projecte p\u00fablic sobre la incineraci\u00f3 de residus i despr\u00e9s de la investigaci\u00f3\" \/>\n\t<meta name=\"robots\" content=\"max-image-preview:large\" \/>\n\t<meta name=\"author\" content=\"radio\"\/>\n\t<link rel=\"canonical\" href=\"https:\/\/elcabilo.com\/radio\/2015\/10\/25\/les-entrevistes-de-la-ciencia-de-cada-dia\/\" \/>\n\t<meta name=\"generator\" content=\"All in One SEO (AIOSEO) 5.0.1\" \/>\n\t\t<meta property=\"og:locale\" content=\"ca_ES\" \/>\n\t\t<meta property=\"og:site_name\" content=\"Cabil\u00f3R\u00e0dio - La r\u00e0dio online de Sella\" \/>\n\t\t<meta property=\"og:type\" content=\"article\" \/>\n\t\t<meta property=\"og:title\" content=\"Les entrevistes de la ci\u00e8ncia de cada dia - Cabil\u00f3R\u00e0dio\" \/>\n\t\t<meta property=\"og:description\" content=\"En el programa de hui, diferent a l&#039;habitual, portem dos entrevistes. La primera \u00e9s a Andr\u00e9s Fullana, professor del Departament d&#039;Enginyeria Qu\u00edmica de la UA, amb qui vam parlar de la Investigaci\u00f3, amb dos vessants. Primer parlem de la seua investigaci\u00f3 en un projecte p\u00fablic sobre la incineraci\u00f3 de residus i despr\u00e9s de la investigaci\u00f3\" \/>\n\t\t<meta property=\"og:url\" content=\"https:\/\/elcabilo.com\/radio\/2015\/10\/25\/les-entrevistes-de-la-ciencia-de-cada-dia\/\" \/>\n\t\t<meta property=\"og:image\" content=\"https:\/\/elcabilo.com\/radio\/files\/2023\/01\/cropped-logo_radio-1.gif\" \/>\n\t\t<meta property=\"og:image:secure_url\" content=\"https:\/\/elcabilo.com\/radio\/files\/2023\/01\/cropped-logo_radio-1.gif\" \/>\n\t\t<meta property=\"article:published_time\" content=\"2015-10-25T07:00:42+00:00\" \/>\n\t\t<meta property=\"article:modified_time\" content=\"2015-10-25T05:59:56+00:00\" \/>\n\t\t<meta name=\"twitter:card\" content=\"summary_large_image\" \/>\n\t\t<meta name=\"twitter:title\" content=\"Les entrevistes de la ci\u00e8ncia de cada dia - Cabil\u00f3R\u00e0dio\" \/>\n\t\t<meta name=\"twitter:description\" content=\"En el programa de hui, diferent a l&#039;habitual, portem dos entrevistes. La primera \u00e9s a Andr\u00e9s Fullana, professor del Departament d&#039;Enginyeria Qu\u00edmica de la UA, amb qui vam parlar de la Investigaci\u00f3, amb dos vessants. Primer parlem de la seua investigaci\u00f3 en un projecte p\u00fablic sobre la incineraci\u00f3 de residus i despr\u00e9s de la investigaci\u00f3\" \/>\n\t\t<meta name=\"twitter:image\" content=\"https:\/\/elcabilo.com\/radio\/files\/2023\/01\/cropped-logo_radio-1.gif\" \/>\n\t\t<script type=\"application\/ld+json\" class=\"aioseo-schema\">\n\t\t\t{\"@context\":\"https:\\\/\\\/schema.org\",\"@graph\":[{\"@type\":\"BlogPosting\",\"@id\":\"https:\\\/\\\/elcabilo.com\\\/radio\\\/2015\\\/10\\\/25\\\/les-entrevistes-de-la-ciencia-de-cada-dia\\\/#blogposting\",\"name\":\"Les entrevistes de la ci\\u00e8ncia de cada dia - Cabil\\u00f3R\\u00e0dio\",\"headline\":\"Les entrevistes de la ci\\u00e8ncia de cada dia\",\"author\":{\"@id\":\"https:\\\/\\\/elcabilo.com\\\/radio\\\/author\\\/radio\\\/#author\"},\"publisher\":{\"@id\":\"https:\\\/\\\/elcabilo.com\\\/radio\\\/#organization\"},\"image\":{\"@type\":\"ImageObject\",\"url\":\"https:\\\/\\\/elcabilo.com\\\/radio\\\/files\\\/2012\\\/12\\\/ciencia.jpg\",\"width\":903,\"height\":299},\"datePublished\":\"2015-10-25T08:00:42+01:00\",\"dateModified\":\"2015-10-25T06:59:56+01:00\",\"inLanguage\":\"ca\",\"mainEntityOfPage\":{\"@id\":\"https:\\\/\\\/elcabilo.com\\\/radio\\\/2015\\\/10\\\/25\\\/les-entrevistes-de-la-ciencia-de-cada-dia\\\/#webpage\"},\"isPartOf\":{\"@id\":\"https:\\\/\\\/elcabilo.com\\\/radio\\\/2015\\\/10\\\/25\\\/les-entrevistes-de-la-ciencia-de-cada-dia\\\/#webpage\"},\"articleSection\":\"La ci\\u00e8ncia de cada dia\"},{\"@type\":\"BreadcrumbList\",\"@id\":\"https:\\\/\\\/elcabilo.com\\\/radio\\\/2015\\\/10\\\/25\\\/les-entrevistes-de-la-ciencia-de-cada-dia\\\/#breadcrumblist\",\"itemListElement\":[{\"@type\":\"ListItem\",\"@id\":\"https:\\\/\\\/elcabilo.com\\\/radio#listItem\",\"position\":1,\"name\":\"Home\",\"item\":\"https:\\\/\\\/elcabilo.com\\\/radio\",\"nextItem\":{\"@type\":\"ListItem\",\"@id\":\"https:\\\/\\\/elcabilo.com\\\/radio\\\/category\\\/programes\\\/#listItem\",\"name\":\"Programes\"}},{\"@type\":\"ListItem\",\"@id\":\"https:\\\/\\\/elcabilo.com\\\/radio\\\/category\\\/programes\\\/#listItem\",\"position\":2,\"name\":\"Programes\",\"item\":\"https:\\\/\\\/elcabilo.com\\\/radio\\\/category\\\/programes\\\/\",\"nextItem\":{\"@type\":\"ListItem\",\"@id\":\"https:\\\/\\\/elcabilo.com\\\/radio\\\/category\\\/programes\\\/ciencia\\\/#listItem\",\"name\":\"La ci\\u00e8ncia de cada dia\"},\"previousItem\":{\"@type\":\"ListItem\",\"@id\":\"https:\\\/\\\/elcabilo.com\\\/radio#listItem\",\"name\":\"Home\"}},{\"@type\":\"ListItem\",\"@id\":\"https:\\\/\\\/elcabilo.com\\\/radio\\\/category\\\/programes\\\/ciencia\\\/#listItem\",\"position\":3,\"name\":\"La ci\\u00e8ncia de cada dia\",\"item\":\"https:\\\/\\\/elcabilo.com\\\/radio\\\/category\\\/programes\\\/ciencia\\\/\",\"nextItem\":{\"@type\":\"ListItem\",\"@id\":\"https:\\\/\\\/elcabilo.com\\\/radio\\\/2015\\\/10\\\/25\\\/les-entrevistes-de-la-ciencia-de-cada-dia\\\/#listItem\",\"name\":\"Les entrevistes de la ci\\u00e8ncia de cada dia\"},\"previousItem\":{\"@type\":\"ListItem\",\"@id\":\"https:\\\/\\\/elcabilo.com\\\/radio\\\/category\\\/programes\\\/#listItem\",\"name\":\"Programes\"}},{\"@type\":\"ListItem\",\"@id\":\"https:\\\/\\\/elcabilo.com\\\/radio\\\/2015\\\/10\\\/25\\\/les-entrevistes-de-la-ciencia-de-cada-dia\\\/#listItem\",\"position\":4,\"name\":\"Les entrevistes de la ci\\u00e8ncia de cada dia\",\"previousItem\":{\"@type\":\"ListItem\",\"@id\":\"https:\\\/\\\/elcabilo.com\\\/radio\\\/category\\\/programes\\\/ciencia\\\/#listItem\",\"name\":\"La ci\\u00e8ncia de cada dia\"}}]},{\"@type\":\"Organization\",\"@id\":\"https:\\\/\\\/elcabilo.com\\\/radio\\\/#organization\",\"name\":\"Cabil\\u00f3 R\\u00e0dio\",\"description\":\"La r\\u00e0dio online de Sella\",\"url\":\"https:\\\/\\\/elcabilo.com\\\/radio\\\/\",\"logo\":{\"@type\":\"ImageObject\",\"url\":\"https:\\\/\\\/elcabilo.com\\\/radio\\\/files\\\/2023\\\/01\\\/cropped-logo_radio-1.gif\",\"@id\":\"https:\\\/\\\/elcabilo.com\\\/radio\\\/2015\\\/10\\\/25\\\/les-entrevistes-de-la-ciencia-de-cada-dia\\\/#organizationLogo\",\"width\":250,\"height\":50},\"image\":{\"@id\":\"https:\\\/\\\/elcabilo.com\\\/radio\\\/2015\\\/10\\\/25\\\/les-entrevistes-de-la-ciencia-de-cada-dia\\\/#organizationLogo\"}},{\"@type\":\"Person\",\"@id\":\"https:\\\/\\\/elcabilo.com\\\/radio\\\/author\\\/radio\\\/#author\",\"url\":\"https:\\\/\\\/elcabilo.com\\\/radio\\\/author\\\/radio\\\/\",\"name\":\"radio\",\"image\":{\"@type\":\"ImageObject\",\"@id\":\"https:\\\/\\\/elcabilo.com\\\/radio\\\/2015\\\/10\\\/25\\\/les-entrevistes-de-la-ciencia-de-cada-dia\\\/#authorImage\",\"url\":\"https:\\\/\\\/secure.gravatar.com\\\/avatar\\\/bb687b465db46b8e9255d0921cc346091032a91fe77f93721088d5decb8a2d1a?s=96&d=mm&r=g\",\"width\":96,\"height\":96,\"caption\":\"radio\"}},{\"@type\":\"WebPage\",\"@id\":\"https:\\\/\\\/elcabilo.com\\\/radio\\\/2015\\\/10\\\/25\\\/les-entrevistes-de-la-ciencia-de-cada-dia\\\/#webpage\",\"url\":\"https:\\\/\\\/elcabilo.com\\\/radio\\\/2015\\\/10\\\/25\\\/les-entrevistes-de-la-ciencia-de-cada-dia\\\/\",\"name\":\"Les entrevistes de la ci\\u00e8ncia de cada dia - Cabil\\u00f3R\\u00e0dio\",\"description\":\"En el programa de hui, diferent a l'habitual, portem dos entrevistes. La primera \\u00e9s a Andr\\u00e9s Fullana, professor del Departament d'Enginyeria Qu\\u00edmica de la UA, amb qui vam parlar de la Investigaci\\u00f3, amb dos vessants. Primer parlem de la seua investigaci\\u00f3 en un projecte p\\u00fablic sobre la incineraci\\u00f3 de residus i despr\\u00e9s de la investigaci\\u00f3\",\"inLanguage\":\"ca\",\"isPartOf\":{\"@id\":\"https:\\\/\\\/elcabilo.com\\\/radio\\\/#website\"},\"breadcrumb\":{\"@id\":\"https:\\\/\\\/elcabilo.com\\\/radio\\\/2015\\\/10\\\/25\\\/les-entrevistes-de-la-ciencia-de-cada-dia\\\/#breadcrumblist\"},\"author\":{\"@id\":\"https:\\\/\\\/elcabilo.com\\\/radio\\\/author\\\/radio\\\/#author\"},\"creator\":{\"@id\":\"https:\\\/\\\/elcabilo.com\\\/radio\\\/author\\\/radio\\\/#author\"},\"image\":{\"@type\":\"ImageObject\",\"url\":\"https:\\\/\\\/elcabilo.com\\\/radio\\\/files\\\/2012\\\/12\\\/ciencia.jpg\",\"@id\":\"https:\\\/\\\/elcabilo.com\\\/radio\\\/2015\\\/10\\\/25\\\/les-entrevistes-de-la-ciencia-de-cada-dia\\\/#mainImage\",\"width\":903,\"height\":299},\"primaryImageOfPage\":{\"@id\":\"https:\\\/\\\/elcabilo.com\\\/radio\\\/2015\\\/10\\\/25\\\/les-entrevistes-de-la-ciencia-de-cada-dia\\\/#mainImage\"},\"datePublished\":\"2015-10-25T08:00:42+01:00\",\"dateModified\":\"2015-10-25T06:59:56+01:00\"},{\"@type\":\"WebSite\",\"@id\":\"https:\\\/\\\/elcabilo.com\\\/radio\\\/#website\",\"url\":\"https:\\\/\\\/elcabilo.com\\\/radio\\\/\",\"name\":\"Cabil\\u00f3 R\\u00e0dio\",\"description\":\"La r\\u00e0dio online de Sella\",\"inLanguage\":\"ca\",\"publisher\":{\"@id\":\"https:\\\/\\\/elcabilo.com\\\/radio\\\/#organization\"}}]}\n\t\t<\/script>\n\t\t<!-- All in One SEO -->\n\n","aioseo_head_json":{"title":"Les entrevistes de la ci\u00e8ncia de cada dia - Cabil\u00f3R\u00e0dio","description":"En el programa de hui, diferent a l'habitual, portem dos entrevistes. La primera \u00e9s a Andr\u00e9s Fullana, professor del Departament d'Enginyeria Qu\u00edmica de la UA, amb qui vam parlar de la Investigaci\u00f3, amb dos vessants. Primer parlem de la seua investigaci\u00f3 en un projecte p\u00fablic sobre la incineraci\u00f3 de residus i despr\u00e9s de la investigaci\u00f3","canonical_url":"https:\/\/elcabilo.com\/radio\/2015\/10\/25\/les-entrevistes-de-la-ciencia-de-cada-dia\/","robots":"max-image-preview:large","keywords":"","webmasterTools":{"miscellaneous":""},"schema":{"@context":"https:\/\/schema.org","@graph":[{"@type":"BlogPosting","@id":"https:\/\/elcabilo.com\/radio\/2015\/10\/25\/les-entrevistes-de-la-ciencia-de-cada-dia\/#blogposting","name":"Les entrevistes de la ci\u00e8ncia de cada dia - Cabil\u00f3R\u00e0dio","headline":"Les entrevistes de la ci\u00e8ncia de cada dia","author":{"@id":"https:\/\/elcabilo.com\/radio\/author\/radio\/#author"},"publisher":{"@id":"https:\/\/elcabilo.com\/radio\/#organization"},"image":{"@type":"ImageObject","url":"https:\/\/elcabilo.com\/radio\/files\/2012\/12\/ciencia.jpg","width":903,"height":299},"datePublished":"2015-10-25T08:00:42+01:00","dateModified":"2015-10-25T06:59:56+01:00","inLanguage":"ca","mainEntityOfPage":{"@id":"https:\/\/elcabilo.com\/radio\/2015\/10\/25\/les-entrevistes-de-la-ciencia-de-cada-dia\/#webpage"},"isPartOf":{"@id":"https:\/\/elcabilo.com\/radio\/2015\/10\/25\/les-entrevistes-de-la-ciencia-de-cada-dia\/#webpage"},"articleSection":"La ci\u00e8ncia de cada dia"},{"@type":"BreadcrumbList","@id":"https:\/\/elcabilo.com\/radio\/2015\/10\/25\/les-entrevistes-de-la-ciencia-de-cada-dia\/#breadcrumblist","itemListElement":[{"@type":"ListItem","@id":"https:\/\/elcabilo.com\/radio#listItem","position":1,"name":"Home","item":"https:\/\/elcabilo.com\/radio","nextItem":{"@type":"ListItem","@id":"https:\/\/elcabilo.com\/radio\/category\/programes\/#listItem","name":"Programes"}},{"@type":"ListItem","@id":"https:\/\/elcabilo.com\/radio\/category\/programes\/#listItem","position":2,"name":"Programes","item":"https:\/\/elcabilo.com\/radio\/category\/programes\/","nextItem":{"@type":"ListItem","@id":"https:\/\/elcabilo.com\/radio\/category\/programes\/ciencia\/#listItem","name":"La ci\u00e8ncia de cada dia"},"previousItem":{"@type":"ListItem","@id":"https:\/\/elcabilo.com\/radio#listItem","name":"Home"}},{"@type":"ListItem","@id":"https:\/\/elcabilo.com\/radio\/category\/programes\/ciencia\/#listItem","position":3,"name":"La ci\u00e8ncia de cada dia","item":"https:\/\/elcabilo.com\/radio\/category\/programes\/ciencia\/","nextItem":{"@type":"ListItem","@id":"https:\/\/elcabilo.com\/radio\/2015\/10\/25\/les-entrevistes-de-la-ciencia-de-cada-dia\/#listItem","name":"Les entrevistes de la ci\u00e8ncia de cada dia"},"previousItem":{"@type":"ListItem","@id":"https:\/\/elcabilo.com\/radio\/category\/programes\/#listItem","name":"Programes"}},{"@type":"ListItem","@id":"https:\/\/elcabilo.com\/radio\/2015\/10\/25\/les-entrevistes-de-la-ciencia-de-cada-dia\/#listItem","position":4,"name":"Les entrevistes de la ci\u00e8ncia de cada dia","previousItem":{"@type":"ListItem","@id":"https:\/\/elcabilo.com\/radio\/category\/programes\/ciencia\/#listItem","name":"La ci\u00e8ncia de cada dia"}}]},{"@type":"Organization","@id":"https:\/\/elcabilo.com\/radio\/#organization","name":"Cabil\u00f3 R\u00e0dio","description":"La r\u00e0dio online de Sella","url":"https:\/\/elcabilo.com\/radio\/","logo":{"@type":"ImageObject","url":"https:\/\/elcabilo.com\/radio\/files\/2023\/01\/cropped-logo_radio-1.gif","@id":"https:\/\/elcabilo.com\/radio\/2015\/10\/25\/les-entrevistes-de-la-ciencia-de-cada-dia\/#organizationLogo","width":250,"height":50},"image":{"@id":"https:\/\/elcabilo.com\/radio\/2015\/10\/25\/les-entrevistes-de-la-ciencia-de-cada-dia\/#organizationLogo"}},{"@type":"Person","@id":"https:\/\/elcabilo.com\/radio\/author\/radio\/#author","url":"https:\/\/elcabilo.com\/radio\/author\/radio\/","name":"radio","image":{"@type":"ImageObject","@id":"https:\/\/elcabilo.com\/radio\/2015\/10\/25\/les-entrevistes-de-la-ciencia-de-cada-dia\/#authorImage","url":"https:\/\/secure.gravatar.com\/avatar\/bb687b465db46b8e9255d0921cc346091032a91fe77f93721088d5decb8a2d1a?s=96&d=mm&r=g","width":96,"height":96,"caption":"radio"}},{"@type":"WebPage","@id":"https:\/\/elcabilo.com\/radio\/2015\/10\/25\/les-entrevistes-de-la-ciencia-de-cada-dia\/#webpage","url":"https:\/\/elcabilo.com\/radio\/2015\/10\/25\/les-entrevistes-de-la-ciencia-de-cada-dia\/","name":"Les entrevistes de la ci\u00e8ncia de cada dia - Cabil\u00f3R\u00e0dio","description":"En el programa de hui, diferent a l'habitual, portem dos entrevistes. La primera \u00e9s a Andr\u00e9s Fullana, professor del Departament d'Enginyeria Qu\u00edmica de la UA, amb qui vam parlar de la Investigaci\u00f3, amb dos vessants. Primer parlem de la seua investigaci\u00f3 en un projecte p\u00fablic sobre la incineraci\u00f3 de residus i despr\u00e9s de la investigaci\u00f3","inLanguage":"ca","isPartOf":{"@id":"https:\/\/elcabilo.com\/radio\/#website"},"breadcrumb":{"@id":"https:\/\/elcabilo.com\/radio\/2015\/10\/25\/les-entrevistes-de-la-ciencia-de-cada-dia\/#breadcrumblist"},"author":{"@id":"https:\/\/elcabilo.com\/radio\/author\/radio\/#author"},"creator":{"@id":"https:\/\/elcabilo.com\/radio\/author\/radio\/#author"},"image":{"@type":"ImageObject","url":"https:\/\/elcabilo.com\/radio\/files\/2012\/12\/ciencia.jpg","@id":"https:\/\/elcabilo.com\/radio\/2015\/10\/25\/les-entrevistes-de-la-ciencia-de-cada-dia\/#mainImage","width":903,"height":299},"primaryImageOfPage":{"@id":"https:\/\/elcabilo.com\/radio\/2015\/10\/25\/les-entrevistes-de-la-ciencia-de-cada-dia\/#mainImage"},"datePublished":"2015-10-25T08:00:42+01:00","dateModified":"2015-10-25T06:59:56+01:00"},{"@type":"WebSite","@id":"https:\/\/elcabilo.com\/radio\/#website","url":"https:\/\/elcabilo.com\/radio\/","name":"Cabil\u00f3 R\u00e0dio","description":"La r\u00e0dio online de Sella","inLanguage":"ca","publisher":{"@id":"https:\/\/elcabilo.com\/radio\/#organization"}}]},"og:locale":"ca_ES","og:site_name":"Cabil\u00f3R\u00e0dio - La r\u00e0dio online de Sella","og:type":"article","og:title":"Les entrevistes de la ci\u00e8ncia de cada dia - Cabil\u00f3R\u00e0dio","og:description":"En el programa de hui, diferent a l'habitual, portem dos entrevistes. La primera \u00e9s a Andr\u00e9s Fullana, professor del Departament d'Enginyeria Qu\u00edmica de la UA, amb qui vam parlar de la Investigaci\u00f3, amb dos vessants. Primer parlem de la seua investigaci\u00f3 en un projecte p\u00fablic sobre la incineraci\u00f3 de residus i despr\u00e9s de la investigaci\u00f3","og:url":"https:\/\/elcabilo.com\/radio\/2015\/10\/25\/les-entrevistes-de-la-ciencia-de-cada-dia\/","og:image":"https:\/\/elcabilo.com\/radio\/files\/2023\/01\/cropped-logo_radio-1.gif","og:image:secure_url":"https:\/\/elcabilo.com\/radio\/files\/2023\/01\/cropped-logo_radio-1.gif","article:published_time":"2015-10-25T07:00:42+00:00","article:modified_time":"2015-10-25T05:59:56+00:00","twitter:card":"summary_large_image","twitter:title":"Les entrevistes de la ci\u00e8ncia de cada dia - Cabil\u00f3R\u00e0dio","twitter:description":"En el programa de hui, diferent a l'habitual, portem dos entrevistes. La primera \u00e9s a Andr\u00e9s Fullana, professor del Departament d'Enginyeria Qu\u00edmica de la UA, amb qui vam parlar de la Investigaci\u00f3, amb dos vessants. Primer parlem de la seua investigaci\u00f3 en un projecte p\u00fablic sobre la incineraci\u00f3 de residus i despr\u00e9s de la investigaci\u00f3","twitter:image":"https:\/\/elcabilo.com\/radio\/files\/2023\/01\/cropped-logo_radio-1.gif"},"aioseo_meta_data":{"post_id":"1706","title":null,"description":null,"keywords":null,"keyphrases":null,"primary_term":null,"canonical_url":null,"og_title":null,"og_description":null,"og_object_type":"default","og_image_type":"default","og_image_url":null,"og_image_width":null,"og_image_height":null,"og_image_custom_url":null,"og_image_custom_fields":null,"og_video":null,"og_custom_url":null,"og_article_section":null,"og_article_tags":null,"twitter_use_og":false,"twitter_card":"default","twitter_image_type":"default","twitter_image_url":null,"twitter_image_custom_url":null,"twitter_image_custom_fields":null,"twitter_title":null,"twitter_description":null,"schema":{"blockGraphs":[],"customGraphs":[],"default":{"data":{"Article":[],"Course":[],"Dataset":[],"FAQPage":[],"Movie":[],"Person":[],"Product":[],"ProductReview":[],"Car":[],"Recipe":[],"Service":[],"SoftwareApplication":[],"WebPage":[]},"graphName":"","isEnabled":true},"graphs":[]},"schema_type":"default","schema_type_options":null,"pillar_content":false,"robots_default":true,"robots_noindex":false,"robots_noarchive":false,"robots_nosnippet":false,"robots_nofollow":false,"robots_noimageindex":false,"robots_noodp":false,"robots_notranslate":false,"robots_max_snippet":null,"robots_max_videopreview":null,"robots_max_imagepreview":"large","priority":null,"frequency":null,"local_seo":null,"breadcrumb_settings":null,"limit_modified_date":false,"ai":null,"created":"2023-01-27 22:22:40","updated":"2025-06-08 19:59:01","seo_analyzer_scan_date":null,"focus_keyword":null,"additional_keywords":null,"truseo_locale":null},"aioseo_breadcrumb":"<div class=\"aioseo-breadcrumbs\"><span class=\"aioseo-breadcrumb\">\n\t\t\t<a href=\"https:\/\/elcabilo.com\/radio\" title=\"Home\">Home<\/a>\n\t\t<\/span><span class=\"aioseo-breadcrumb-separator\">&raquo;<\/span><span class=\"aioseo-breadcrumb\">\n\t\t\t<a href=\"https:\/\/elcabilo.com\/radio\/category\/programes\/\" title=\"Programes\">Programes<\/a>\n\t\t<\/span><span class=\"aioseo-breadcrumb-separator\">&raquo;<\/span><span class=\"aioseo-breadcrumb\">\n\t\t\t<a href=\"https:\/\/elcabilo.com\/radio\/category\/programes\/ciencia\/\" title=\"La ci\u00e8ncia de cada dia\">La ci\u00e8ncia de cada dia<\/a>\n\t\t<\/span><span class=\"aioseo-breadcrumb-separator\">&raquo;<\/span><span class=\"aioseo-breadcrumb\">\n\t\t\tLes entrevistes de la ci\u00e8ncia de cada dia\n\t\t<\/span><\/div>","aioseo_breadcrumb_json":[{"label":"Home","link":"https:\/\/elcabilo.com\/radio"},{"label":"Programes","link":"https:\/\/elcabilo.com\/radio\/category\/programes\/"},{"label":"La ci\u00e8ncia de cada dia","link":"https:\/\/elcabilo.com\/radio\/category\/programes\/ciencia\/"},{"label":"Les entrevistes de la ci\u00e8ncia de cada dia","link":"https:\/\/elcabilo.com\/radio\/2015\/10\/25\/les-entrevistes-de-la-ciencia-de-cada-dia\/"}],"_links":{"self":[{"href":"https:\/\/elcabilo.com\/radio\/wp-json\/wp\/v2\/posts\/1706","targetHints":{"allow":["GET"]}}],"collection":[{"href":"https:\/\/elcabilo.com\/radio\/wp-json\/wp\/v2\/posts"}],"about":[{"href":"https:\/\/elcabilo.com\/radio\/wp-json\/wp\/v2\/types\/post"}],"author":[{"embeddable":true,"href":"https:\/\/elcabilo.com\/radio\/wp-json\/wp\/v2\/users\/272"}],"replies":[{"embeddable":true,"href":"https:\/\/elcabilo.com\/radio\/wp-json\/wp\/v2\/comments?post=1706"}],"version-history":[{"count":5,"href":"https:\/\/elcabilo.com\/radio\/wp-json\/wp\/v2\/posts\/1706\/revisions"}],"predecessor-version":[{"id":1712,"href":"https:\/\/elcabilo.com\/radio\/wp-json\/wp\/v2\/posts\/1706\/revisions\/1712"}],"wp:featuredmedia":[{"embeddable":true,"href":"https:\/\/elcabilo.com\/radio\/wp-json\/wp\/v2\/media\/81"}],"wp:attachment":[{"href":"https:\/\/elcabilo.com\/radio\/wp-json\/wp\/v2\/media?parent=1706"}],"wp:term":[{"taxonomy":"category","embeddable":true,"href":"https:\/\/elcabilo.com\/radio\/wp-json\/wp\/v2\/categories?post=1706"},{"taxonomy":"post_tag","embeddable":true,"href":"https:\/\/elcabilo.com\/radio\/wp-json\/wp\/v2\/tags?post=1706"}],"curies":[{"name":"wp","href":"https:\/\/api.w.org\/{rel}","templated":true}]}}