{"id":1713,"date":"2015-11-03T23:59:10","date_gmt":"2015-11-03T22:59:10","guid":{"rendered":"http:\/\/elcabilo.com\/radio\/?p=1713"},"modified":"2015-11-03T21:59:56","modified_gmt":"2015-11-03T20:59:56","slug":"el-magazin-de-novembre-2015","status":"publish","type":"post","link":"https:\/\/elcabilo.com\/radio\/2015\/11\/03\/el-magazin-de-novembre-2015\/","title":{"rendered":"El magaz\u00edn de novembre 2015"},"content":{"rendered":"<p style=\"text-align: justify;\">Arriba tota l\u2019actualitat del moment a Cabil\u00f3 R\u00e0dio.\u00a0Este mes portem tota la infromaci\u00f3 del ple extraordinari d&#8217;agost, informem sobre la reuni\u00f3 de l&#8217;Ajuntament de Sella amb el AMPA, sobre les noves subvencions concedides a\u00a0l&#8217;Ajuntament de Sella, el nou sistema de recollida selectiva de brossa, el nou retor i la nova comissi\u00f3 de festes.<\/p>\n<p style=\"text-align: justify;\">A m\u00e9s a m\u00e9s, parlem amb la nova corporaci\u00f3 municipal, qui ens fa balan\u00e7 dels primers 100 dies de legislatura, el reportatge sobre els rajos\u00a0i \u00a0com sempre, fem un rep\u00e0s de l\u2019activitat cultural i esportiva del nostre poble.<\/p>\n<p style=\"text-align: center;\"><a id=\"mbmaplayer_1393799084452\" class=\"mb_map {skin:'blue', animate:true, width:'200', volume:0.6, autoplay:false, loop:false, showVolumeLevel:true, showTime:true, showRew:true, downloadable:true, downloadablesecurity:false, id3: false}\" href=\"https:\/\/archive.org\/download\/magazin_novembre15\/magazin_novembre.mp3\">El magaz\u00edn de novembre 2015<\/a><\/p>\n","protected":false},"excerpt":{"rendered":"<p>Arriba tota l\u2019actualitat del moment a Cabil\u00f3 R\u00e0dio.\u00a0Este mes portem tota la infromaci\u00f3 del ple extraordinari d&#8217;agost, informem sobre la reuni\u00f3 de l&#8217;Ajuntament de Sella amb el AMPA, sobre les noves subvencions concedides a\u00a0l&#8217;Ajuntament de Sella, el nou sistema de recollida selectiva de brossa, el nou retor i la nova comissi\u00f3 de festes. A m\u00e9s [&hellip;]<\/p>\n","protected":false},"author":272,"featured_media":223,"comment_status":"open","ping_status":"open","sticky":false,"template":"","format":"standard","meta":{"_exactmetrics_skip_tracking":false,"footnotes":""},"categories":[3],"tags":[],"class_list":["post-1713","post","type-post","status-publish","format-standard","has-post-thumbnail","hentry","category-magazin"],"aioseo_notices":[],"aioseo_head":"\n\t\t<!-- All in One SEO 5.0.1 - aioseo.com -->\n\t<meta name=\"description\" content=\"Arriba tota l\u2019actualitat del moment a Cabil\u00f3 R\u00e0dio. Este mes portem tota la infromaci\u00f3 del ple extraordinari d&#039;agost, informem sobre la reuni\u00f3 de l&#039;Ajuntament de Sella amb el AMPA, sobre les noves subvencions concedides a l&#039;Ajuntament de Sella, el nou sistema de recollida selectiva de brossa, el nou retor i la nova comissi\u00f3 de festes. A m\u00e9s\" \/>\n\t<meta name=\"robots\" content=\"max-image-preview:large\" \/>\n\t<meta name=\"author\" content=\"radio\"\/>\n\t<link rel=\"canonical\" href=\"https:\/\/elcabilo.com\/radio\/2015\/11\/03\/el-magazin-de-novembre-2015\/\" \/>\n\t<meta name=\"generator\" content=\"All in One SEO (AIOSEO) 5.0.1\" \/>\n\t\t<meta property=\"og:locale\" content=\"ca_ES\" \/>\n\t\t<meta property=\"og:site_name\" content=\"Cabil\u00f3R\u00e0dio - La r\u00e0dio online de Sella\" \/>\n\t\t<meta property=\"og:type\" content=\"article\" \/>\n\t\t<meta property=\"og:title\" content=\"El magaz\u00edn de novembre 2015 - Cabil\u00f3R\u00e0dio\" \/>\n\t\t<meta property=\"og:description\" content=\"Arriba tota l\u2019actualitat del moment a Cabil\u00f3 R\u00e0dio. Este mes portem tota la infromaci\u00f3 del ple extraordinari d&#039;agost, informem sobre la reuni\u00f3 de l&#039;Ajuntament de Sella amb el AMPA, sobre les noves subvencions concedides a l&#039;Ajuntament de Sella, el nou sistema de recollida selectiva de brossa, el nou retor i la nova comissi\u00f3 de festes. A m\u00e9s\" \/>\n\t\t<meta property=\"og:url\" content=\"https:\/\/elcabilo.com\/radio\/2015\/11\/03\/el-magazin-de-novembre-2015\/\" \/>\n\t\t<meta property=\"og:image\" content=\"https:\/\/elcabilo.com\/radio\/files\/2023\/01\/cropped-logo_radio-1.gif\" \/>\n\t\t<meta property=\"og:image:secure_url\" content=\"https:\/\/elcabilo.com\/radio\/files\/2023\/01\/cropped-logo_radio-1.gif\" \/>\n\t\t<meta property=\"article:published_time\" content=\"2015-11-03T22:59:10+00:00\" \/>\n\t\t<meta property=\"article:modified_time\" content=\"2015-11-03T20:59:56+00:00\" \/>\n\t\t<meta name=\"twitter:card\" content=\"summary_large_image\" \/>\n\t\t<meta name=\"twitter:title\" content=\"El magaz\u00edn de novembre 2015 - Cabil\u00f3R\u00e0dio\" \/>\n\t\t<meta name=\"twitter:description\" content=\"Arriba tota l\u2019actualitat del moment a Cabil\u00f3 R\u00e0dio. Este mes portem tota la infromaci\u00f3 del ple extraordinari d&#039;agost, informem sobre la reuni\u00f3 de l&#039;Ajuntament de Sella amb el AMPA, sobre les noves subvencions concedides a l&#039;Ajuntament de Sella, el nou sistema de recollida selectiva de brossa, el nou retor i la nova comissi\u00f3 de festes. A m\u00e9s\" \/>\n\t\t<meta name=\"twitter:image\" content=\"https:\/\/elcabilo.com\/radio\/files\/2023\/01\/cropped-logo_radio-1.gif\" \/>\n\t\t<script type=\"application\/ld+json\" class=\"aioseo-schema\">\n\t\t\t{\"@context\":\"https:\\\/\\\/schema.org\",\"@graph\":[{\"@type\":\"BlogPosting\",\"@id\":\"https:\\\/\\\/elcabilo.com\\\/radio\\\/2015\\\/11\\\/03\\\/el-magazin-de-novembre-2015\\\/#blogposting\",\"name\":\"El magaz\\u00edn de novembre 2015 - Cabil\\u00f3R\\u00e0dio\",\"headline\":\"El magaz\\u00edn de novembre 2015\",\"author\":{\"@id\":\"https:\\\/\\\/elcabilo.com\\\/radio\\\/author\\\/radio\\\/#author\"},\"publisher\":{\"@id\":\"https:\\\/\\\/elcabilo.com\\\/radio\\\/#organization\"},\"image\":{\"@type\":\"ImageObject\",\"url\":\"https:\\\/\\\/elcabilo.com\\\/radio\\\/files\\\/2013\\\/01\\\/magazin2.jpg\",\"width\":900,\"height\":300},\"datePublished\":\"2015-11-03T23:59:10+01:00\",\"dateModified\":\"2015-11-03T21:59:56+01:00\",\"inLanguage\":\"ca\",\"commentCount\":1,\"mainEntityOfPage\":{\"@id\":\"https:\\\/\\\/elcabilo.com\\\/radio\\\/2015\\\/11\\\/03\\\/el-magazin-de-novembre-2015\\\/#webpage\"},\"isPartOf\":{\"@id\":\"https:\\\/\\\/elcabilo.com\\\/radio\\\/2015\\\/11\\\/03\\\/el-magazin-de-novembre-2015\\\/#webpage\"},\"articleSection\":\"El magaz\\u00edn\"},{\"@type\":\"BreadcrumbList\",\"@id\":\"https:\\\/\\\/elcabilo.com\\\/radio\\\/2015\\\/11\\\/03\\\/el-magazin-de-novembre-2015\\\/#breadcrumblist\",\"itemListElement\":[{\"@type\":\"ListItem\",\"@id\":\"https:\\\/\\\/elcabilo.com\\\/radio#listItem\",\"position\":1,\"name\":\"Home\",\"item\":\"https:\\\/\\\/elcabilo.com\\\/radio\",\"nextItem\":{\"@type\":\"ListItem\",\"@id\":\"https:\\\/\\\/elcabilo.com\\\/radio\\\/category\\\/magazin\\\/#listItem\",\"name\":\"El magaz\\u00edn\"}},{\"@type\":\"ListItem\",\"@id\":\"https:\\\/\\\/elcabilo.com\\\/radio\\\/category\\\/magazin\\\/#listItem\",\"position\":2,\"name\":\"El magaz\\u00edn\",\"item\":\"https:\\\/\\\/elcabilo.com\\\/radio\\\/category\\\/magazin\\\/\",\"nextItem\":{\"@type\":\"ListItem\",\"@id\":\"https:\\\/\\\/elcabilo.com\\\/radio\\\/2015\\\/11\\\/03\\\/el-magazin-de-novembre-2015\\\/#listItem\",\"name\":\"El magaz\\u00edn de novembre 2015\"},\"previousItem\":{\"@type\":\"ListItem\",\"@id\":\"https:\\\/\\\/elcabilo.com\\\/radio#listItem\",\"name\":\"Home\"}},{\"@type\":\"ListItem\",\"@id\":\"https:\\\/\\\/elcabilo.com\\\/radio\\\/2015\\\/11\\\/03\\\/el-magazin-de-novembre-2015\\\/#listItem\",\"position\":3,\"name\":\"El magaz\\u00edn de novembre 2015\",\"previousItem\":{\"@type\":\"ListItem\",\"@id\":\"https:\\\/\\\/elcabilo.com\\\/radio\\\/category\\\/magazin\\\/#listItem\",\"name\":\"El magaz\\u00edn\"}}]},{\"@type\":\"Organization\",\"@id\":\"https:\\\/\\\/elcabilo.com\\\/radio\\\/#organization\",\"name\":\"Cabil\\u00f3 R\\u00e0dio\",\"description\":\"La r\\u00e0dio online de Sella\",\"url\":\"https:\\\/\\\/elcabilo.com\\\/radio\\\/\",\"logo\":{\"@type\":\"ImageObject\",\"url\":\"https:\\\/\\\/elcabilo.com\\\/radio\\\/files\\\/2023\\\/01\\\/cropped-logo_radio-1.gif\",\"@id\":\"https:\\\/\\\/elcabilo.com\\\/radio\\\/2015\\\/11\\\/03\\\/el-magazin-de-novembre-2015\\\/#organizationLogo\",\"width\":250,\"height\":50},\"image\":{\"@id\":\"https:\\\/\\\/elcabilo.com\\\/radio\\\/2015\\\/11\\\/03\\\/el-magazin-de-novembre-2015\\\/#organizationLogo\"}},{\"@type\":\"Person\",\"@id\":\"https:\\\/\\\/elcabilo.com\\\/radio\\\/author\\\/radio\\\/#author\",\"url\":\"https:\\\/\\\/elcabilo.com\\\/radio\\\/author\\\/radio\\\/\",\"name\":\"radio\",\"image\":{\"@type\":\"ImageObject\",\"@id\":\"https:\\\/\\\/elcabilo.com\\\/radio\\\/2015\\\/11\\\/03\\\/el-magazin-de-novembre-2015\\\/#authorImage\",\"url\":\"https:\\\/\\\/secure.gravatar.com\\\/avatar\\\/bb687b465db46b8e9255d0921cc346091032a91fe77f93721088d5decb8a2d1a?s=96&d=mm&r=g\",\"width\":96,\"height\":96,\"caption\":\"radio\"}},{\"@type\":\"WebPage\",\"@id\":\"https:\\\/\\\/elcabilo.com\\\/radio\\\/2015\\\/11\\\/03\\\/el-magazin-de-novembre-2015\\\/#webpage\",\"url\":\"https:\\\/\\\/elcabilo.com\\\/radio\\\/2015\\\/11\\\/03\\\/el-magazin-de-novembre-2015\\\/\",\"name\":\"El magaz\\u00edn de novembre 2015 - Cabil\\u00f3R\\u00e0dio\",\"description\":\"Arriba tota l\\u2019actualitat del moment a Cabil\\u00f3 R\\u00e0dio. Este mes portem tota la infromaci\\u00f3 del ple extraordinari d'agost, informem sobre la reuni\\u00f3 de l'Ajuntament de Sella amb el AMPA, sobre les noves subvencions concedides a l'Ajuntament de Sella, el nou sistema de recollida selectiva de brossa, el nou retor i la nova comissi\\u00f3 de festes. A m\\u00e9s\",\"inLanguage\":\"ca\",\"isPartOf\":{\"@id\":\"https:\\\/\\\/elcabilo.com\\\/radio\\\/#website\"},\"breadcrumb\":{\"@id\":\"https:\\\/\\\/elcabilo.com\\\/radio\\\/2015\\\/11\\\/03\\\/el-magazin-de-novembre-2015\\\/#breadcrumblist\"},\"author\":{\"@id\":\"https:\\\/\\\/elcabilo.com\\\/radio\\\/author\\\/radio\\\/#author\"},\"creator\":{\"@id\":\"https:\\\/\\\/elcabilo.com\\\/radio\\\/author\\\/radio\\\/#author\"},\"image\":{\"@type\":\"ImageObject\",\"url\":\"https:\\\/\\\/elcabilo.com\\\/radio\\\/files\\\/2013\\\/01\\\/magazin2.jpg\",\"@id\":\"https:\\\/\\\/elcabilo.com\\\/radio\\\/2015\\\/11\\\/03\\\/el-magazin-de-novembre-2015\\\/#mainImage\",\"width\":900,\"height\":300},\"primaryImageOfPage\":{\"@id\":\"https:\\\/\\\/elcabilo.com\\\/radio\\\/2015\\\/11\\\/03\\\/el-magazin-de-novembre-2015\\\/#mainImage\"},\"datePublished\":\"2015-11-03T23:59:10+01:00\",\"dateModified\":\"2015-11-03T21:59:56+01:00\"},{\"@type\":\"WebSite\",\"@id\":\"https:\\\/\\\/elcabilo.com\\\/radio\\\/#website\",\"url\":\"https:\\\/\\\/elcabilo.com\\\/radio\\\/\",\"name\":\"Cabil\\u00f3 R\\u00e0dio\",\"description\":\"La r\\u00e0dio online de Sella\",\"inLanguage\":\"ca\",\"publisher\":{\"@id\":\"https:\\\/\\\/elcabilo.com\\\/radio\\\/#organization\"}}]}\n\t\t<\/script>\n\t\t<!-- All in One SEO -->\n\n","aioseo_head_json":{"title":"El magaz\u00edn de novembre 2015 - Cabil\u00f3R\u00e0dio","description":"Arriba tota l\u2019actualitat del moment a Cabil\u00f3 R\u00e0dio. Este mes portem tota la infromaci\u00f3 del ple extraordinari d'agost, informem sobre la reuni\u00f3 de l'Ajuntament de Sella amb el AMPA, sobre les noves subvencions concedides a l'Ajuntament de Sella, el nou sistema de recollida selectiva de brossa, el nou retor i la nova comissi\u00f3 de festes. A m\u00e9s","canonical_url":"https:\/\/elcabilo.com\/radio\/2015\/11\/03\/el-magazin-de-novembre-2015\/","robots":"max-image-preview:large","keywords":"","webmasterTools":{"miscellaneous":""},"schema":{"@context":"https:\/\/schema.org","@graph":[{"@type":"BlogPosting","@id":"https:\/\/elcabilo.com\/radio\/2015\/11\/03\/el-magazin-de-novembre-2015\/#blogposting","name":"El magaz\u00edn de novembre 2015 - Cabil\u00f3R\u00e0dio","headline":"El magaz\u00edn de novembre 2015","author":{"@id":"https:\/\/elcabilo.com\/radio\/author\/radio\/#author"},"publisher":{"@id":"https:\/\/elcabilo.com\/radio\/#organization"},"image":{"@type":"ImageObject","url":"https:\/\/elcabilo.com\/radio\/files\/2013\/01\/magazin2.jpg","width":900,"height":300},"datePublished":"2015-11-03T23:59:10+01:00","dateModified":"2015-11-03T21:59:56+01:00","inLanguage":"ca","commentCount":1,"mainEntityOfPage":{"@id":"https:\/\/elcabilo.com\/radio\/2015\/11\/03\/el-magazin-de-novembre-2015\/#webpage"},"isPartOf":{"@id":"https:\/\/elcabilo.com\/radio\/2015\/11\/03\/el-magazin-de-novembre-2015\/#webpage"},"articleSection":"El magaz\u00edn"},{"@type":"BreadcrumbList","@id":"https:\/\/elcabilo.com\/radio\/2015\/11\/03\/el-magazin-de-novembre-2015\/#breadcrumblist","itemListElement":[{"@type":"ListItem","@id":"https:\/\/elcabilo.com\/radio#listItem","position":1,"name":"Home","item":"https:\/\/elcabilo.com\/radio","nextItem":{"@type":"ListItem","@id":"https:\/\/elcabilo.com\/radio\/category\/magazin\/#listItem","name":"El magaz\u00edn"}},{"@type":"ListItem","@id":"https:\/\/elcabilo.com\/radio\/category\/magazin\/#listItem","position":2,"name":"El magaz\u00edn","item":"https:\/\/elcabilo.com\/radio\/category\/magazin\/","nextItem":{"@type":"ListItem","@id":"https:\/\/elcabilo.com\/radio\/2015\/11\/03\/el-magazin-de-novembre-2015\/#listItem","name":"El magaz\u00edn de novembre 2015"},"previousItem":{"@type":"ListItem","@id":"https:\/\/elcabilo.com\/radio#listItem","name":"Home"}},{"@type":"ListItem","@id":"https:\/\/elcabilo.com\/radio\/2015\/11\/03\/el-magazin-de-novembre-2015\/#listItem","position":3,"name":"El magaz\u00edn de novembre 2015","previousItem":{"@type":"ListItem","@id":"https:\/\/elcabilo.com\/radio\/category\/magazin\/#listItem","name":"El magaz\u00edn"}}]},{"@type":"Organization","@id":"https:\/\/elcabilo.com\/radio\/#organization","name":"Cabil\u00f3 R\u00e0dio","description":"La r\u00e0dio online de Sella","url":"https:\/\/elcabilo.com\/radio\/","logo":{"@type":"ImageObject","url":"https:\/\/elcabilo.com\/radio\/files\/2023\/01\/cropped-logo_radio-1.gif","@id":"https:\/\/elcabilo.com\/radio\/2015\/11\/03\/el-magazin-de-novembre-2015\/#organizationLogo","width":250,"height":50},"image":{"@id":"https:\/\/elcabilo.com\/radio\/2015\/11\/03\/el-magazin-de-novembre-2015\/#organizationLogo"}},{"@type":"Person","@id":"https:\/\/elcabilo.com\/radio\/author\/radio\/#author","url":"https:\/\/elcabilo.com\/radio\/author\/radio\/","name":"radio","image":{"@type":"ImageObject","@id":"https:\/\/elcabilo.com\/radio\/2015\/11\/03\/el-magazin-de-novembre-2015\/#authorImage","url":"https:\/\/secure.gravatar.com\/avatar\/bb687b465db46b8e9255d0921cc346091032a91fe77f93721088d5decb8a2d1a?s=96&d=mm&r=g","width":96,"height":96,"caption":"radio"}},{"@type":"WebPage","@id":"https:\/\/elcabilo.com\/radio\/2015\/11\/03\/el-magazin-de-novembre-2015\/#webpage","url":"https:\/\/elcabilo.com\/radio\/2015\/11\/03\/el-magazin-de-novembre-2015\/","name":"El magaz\u00edn de novembre 2015 - Cabil\u00f3R\u00e0dio","description":"Arriba tota l\u2019actualitat del moment a Cabil\u00f3 R\u00e0dio. Este mes portem tota la infromaci\u00f3 del ple extraordinari d'agost, informem sobre la reuni\u00f3 de l'Ajuntament de Sella amb el AMPA, sobre les noves subvencions concedides a l'Ajuntament de Sella, el nou sistema de recollida selectiva de brossa, el nou retor i la nova comissi\u00f3 de festes. A m\u00e9s","inLanguage":"ca","isPartOf":{"@id":"https:\/\/elcabilo.com\/radio\/#website"},"breadcrumb":{"@id":"https:\/\/elcabilo.com\/radio\/2015\/11\/03\/el-magazin-de-novembre-2015\/#breadcrumblist"},"author":{"@id":"https:\/\/elcabilo.com\/radio\/author\/radio\/#author"},"creator":{"@id":"https:\/\/elcabilo.com\/radio\/author\/radio\/#author"},"image":{"@type":"ImageObject","url":"https:\/\/elcabilo.com\/radio\/files\/2013\/01\/magazin2.jpg","@id":"https:\/\/elcabilo.com\/radio\/2015\/11\/03\/el-magazin-de-novembre-2015\/#mainImage","width":900,"height":300},"primaryImageOfPage":{"@id":"https:\/\/elcabilo.com\/radio\/2015\/11\/03\/el-magazin-de-novembre-2015\/#mainImage"},"datePublished":"2015-11-03T23:59:10+01:00","dateModified":"2015-11-03T21:59:56+01:00"},{"@type":"WebSite","@id":"https:\/\/elcabilo.com\/radio\/#website","url":"https:\/\/elcabilo.com\/radio\/","name":"Cabil\u00f3 R\u00e0dio","description":"La r\u00e0dio online de Sella","inLanguage":"ca","publisher":{"@id":"https:\/\/elcabilo.com\/radio\/#organization"}}]},"og:locale":"ca_ES","og:site_name":"Cabil\u00f3R\u00e0dio - La r\u00e0dio online de Sella","og:type":"article","og:title":"El magaz\u00edn de novembre 2015 - Cabil\u00f3R\u00e0dio","og:description":"Arriba tota l\u2019actualitat del moment a Cabil\u00f3 R\u00e0dio. Este mes portem tota la infromaci\u00f3 del ple extraordinari d'agost, informem sobre la reuni\u00f3 de l'Ajuntament de Sella amb el AMPA, sobre les noves subvencions concedides a l'Ajuntament de Sella, el nou sistema de recollida selectiva de brossa, el nou retor i la nova comissi\u00f3 de festes. A m\u00e9s","og:url":"https:\/\/elcabilo.com\/radio\/2015\/11\/03\/el-magazin-de-novembre-2015\/","og:image":"https:\/\/elcabilo.com\/radio\/files\/2023\/01\/cropped-logo_radio-1.gif","og:image:secure_url":"https:\/\/elcabilo.com\/radio\/files\/2023\/01\/cropped-logo_radio-1.gif","article:published_time":"2015-11-03T22:59:10+00:00","article:modified_time":"2015-11-03T20:59:56+00:00","twitter:card":"summary_large_image","twitter:title":"El magaz\u00edn de novembre 2015 - Cabil\u00f3R\u00e0dio","twitter:description":"Arriba tota l\u2019actualitat del moment a Cabil\u00f3 R\u00e0dio. Este mes portem tota la infromaci\u00f3 del ple extraordinari d'agost, informem sobre la reuni\u00f3 de l'Ajuntament de Sella amb el AMPA, sobre les noves subvencions concedides a l'Ajuntament de Sella, el nou sistema de recollida selectiva de brossa, el nou retor i la nova comissi\u00f3 de festes. A m\u00e9s","twitter:image":"https:\/\/elcabilo.com\/radio\/files\/2023\/01\/cropped-logo_radio-1.gif"},"aioseo_meta_data":{"post_id":"1713","title":null,"description":null,"keywords":null,"keyphrases":null,"primary_term":null,"canonical_url":null,"og_title":null,"og_description":null,"og_object_type":"default","og_image_type":"default","og_image_url":null,"og_image_width":null,"og_image_height":null,"og_image_custom_url":null,"og_image_custom_fields":null,"og_video":null,"og_custom_url":null,"og_article_section":null,"og_article_tags":null,"twitter_use_og":false,"twitter_card":"default","twitter_image_type":"default","twitter_image_url":null,"twitter_image_custom_url":null,"twitter_image_custom_fields":null,"twitter_title":null,"twitter_description":null,"schema":{"blockGraphs":[],"customGraphs":[],"default":{"data":{"Article":[],"Course":[],"Dataset":[],"FAQPage":[],"Movie":[],"Person":[],"Product":[],"ProductReview":[],"Car":[],"Recipe":[],"Service":[],"SoftwareApplication":[],"WebPage":[]},"graphName":"","isEnabled":true},"graphs":[]},"schema_type":"default","schema_type_options":null,"pillar_content":false,"robots_default":true,"robots_noindex":false,"robots_noarchive":false,"robots_nosnippet":false,"robots_nofollow":false,"robots_noimageindex":false,"robots_noodp":false,"robots_notranslate":false,"robots_max_snippet":null,"robots_max_videopreview":null,"robots_max_imagepreview":"large","priority":null,"frequency":null,"local_seo":null,"breadcrumb_settings":null,"limit_modified_date":false,"ai":null,"created":"2023-01-27 22:22:40","updated":"2025-06-08 19:59:01","seo_analyzer_scan_date":null,"focus_keyword":null,"additional_keywords":null,"truseo_locale":null},"aioseo_breadcrumb":"<div class=\"aioseo-breadcrumbs\"><span class=\"aioseo-breadcrumb\">\n\t\t\t<a href=\"https:\/\/elcabilo.com\/radio\" title=\"Home\">Home<\/a>\n\t\t<\/span><span class=\"aioseo-breadcrumb-separator\">&raquo;<\/span><span class=\"aioseo-breadcrumb\">\n\t\t\t<a href=\"https:\/\/elcabilo.com\/radio\/category\/magazin\/\" title=\"El magaz\u00edn\">El magaz\u00edn<\/a>\n\t\t<\/span><span class=\"aioseo-breadcrumb-separator\">&raquo;<\/span><span class=\"aioseo-breadcrumb\">\n\t\t\tEl magaz\u00edn de novembre 2015\n\t\t<\/span><\/div>","aioseo_breadcrumb_json":[{"label":"Home","link":"https:\/\/elcabilo.com\/radio"},{"label":"El magaz\u00edn","link":"https:\/\/elcabilo.com\/radio\/category\/magazin\/"},{"label":"El magaz\u00edn de novembre 2015","link":"https:\/\/elcabilo.com\/radio\/2015\/11\/03\/el-magazin-de-novembre-2015\/"}],"_links":{"self":[{"href":"https:\/\/elcabilo.com\/radio\/wp-json\/wp\/v2\/posts\/1713","targetHints":{"allow":["GET"]}}],"collection":[{"href":"https:\/\/elcabilo.com\/radio\/wp-json\/wp\/v2\/posts"}],"about":[{"href":"https:\/\/elcabilo.com\/radio\/wp-json\/wp\/v2\/types\/post"}],"author":[{"embeddable":true,"href":"https:\/\/elcabilo.com\/radio\/wp-json\/wp\/v2\/users\/272"}],"replies":[{"embeddable":true,"href":"https:\/\/elcabilo.com\/radio\/wp-json\/wp\/v2\/comments?post=1713"}],"version-history":[{"count":5,"href":"https:\/\/elcabilo.com\/radio\/wp-json\/wp\/v2\/posts\/1713\/revisions"}],"predecessor-version":[{"id":1718,"href":"https:\/\/elcabilo.com\/radio\/wp-json\/wp\/v2\/posts\/1713\/revisions\/1718"}],"wp:featuredmedia":[{"embeddable":true,"href":"https:\/\/elcabilo.com\/radio\/wp-json\/wp\/v2\/media\/223"}],"wp:attachment":[{"href":"https:\/\/elcabilo.com\/radio\/wp-json\/wp\/v2\/media?parent=1713"}],"wp:term":[{"taxonomy":"category","embeddable":true,"href":"https:\/\/elcabilo.com\/radio\/wp-json\/wp\/v2\/categories?post=1713"},{"taxonomy":"post_tag","embeddable":true,"href":"https:\/\/elcabilo.com\/radio\/wp-json\/wp\/v2\/tags?post=1713"}],"curies":[{"name":"wp","href":"https:\/\/api.w.org\/{rel}","templated":true}]}}