{"id":1759,"date":"2016-08-14T08:00:53","date_gmt":"2016-08-14T06:00:53","guid":{"rendered":"http:\/\/elcabilo.com\/radio\/?p=1759"},"modified":"2016-08-11T20:59:35","modified_gmt":"2016-08-11T18:59:35","slug":"plenaris-juny-2016","status":"publish","type":"post","link":"https:\/\/elcabilo.com\/radio\/2016\/08\/14\/plenaris-juny-2016\/","title":{"rendered":"Plenaris juny 2016"},"content":{"rendered":"<p style=\"text-align: justify;\">Amb la col\u00b7laboraci\u00f3 de\u00a0l&#8217;<em>Ajuntament de Sella,<\/em> i amb la pretensi\u00f3 de difondre l&#8217;actualitat municipal del nostre municipi, publiquem la gravaci\u00f3 dels plenaris del mes de juny 2016, amb el seg\u00fcent ordre del dia:<\/p>\n<p style=\"text-align: center;\"><a id=\"mbmaplayer_1393799084452\" class=\"mb_map {skin:'blue', animate:true, width:'200', volume:0.6, autoplay:false, loop:false, showVolumeLevel:true, showTime:true, showRew:true, downloadable:true, downloadablesecurity:false, id3: false}\" href=\"https:\/\/archive.org\/download\/plens_juny2016\/ple_ordinari_juny2016.mp3\">Plenari juny 2016<\/a><\/p>\n<p style=\"text-align: center;\"><a id=\"mbmaplayer_1393799084452\" class=\"mb_map {skin:'blue', animate:true, width:'200', volume:0.6, autoplay:false, loop:false, showVolumeLevel:true, showTime:true, showRew:true, downloadable:true, downloadablesecurity:false, id3: false}\" href=\"https:\/\/archive.org\/download\/plens_juny2016\/ple_extraordinari_13juny2016.mp3\">Plenari extraordinari juny 2016<\/a><\/p>\n<p><!--more--><\/p>\n<p style=\"text-align: center;\"><a href=\"https:\/\/elcabilo.com\/radio\/files\/2016\/08\/ple-juny-2016-1.jpg\"><img loading=\"lazy\" decoding=\"async\" class=\"alignnone wp-image-1767\" src=\"https:\/\/elcabilo.com\/radio\/files\/2016\/08\/ple-juny-2016-1.jpg\" alt=\"ple-juny-2016\" width=\"500\" height=\"712\" srcset=\"https:\/\/elcabilo.com\/radio\/files\/2016\/08\/ple-juny-2016-1.jpg 678w, https:\/\/elcabilo.com\/radio\/files\/2016\/08\/ple-juny-2016-1-211x300.jpg 211w\" sizes=\"auto, (max-width: 500px) 100vw, 500px\" \/><\/a><\/p>\n","protected":false},"excerpt":{"rendered":"<p>Amb la col\u00b7laboraci\u00f3 de\u00a0l&#8217;Ajuntament de Sella, i amb la pretensi\u00f3 de difondre l&#8217;actualitat municipal del nostre municipi, publiquem la gravaci\u00f3 dels plenaris del mes de juny 2016, amb el seg\u00fcent ordre del dia: Plenari juny 2016 Plenari extraordinari juny 2016<\/p>\n","protected":false},"author":272,"featured_media":1725,"comment_status":"open","ping_status":"open","sticky":false,"template":"","format":"standard","meta":{"_exactmetrics_skip_tracking":false,"footnotes":""},"categories":[27],"tags":[],"class_list":["post-1759","post","type-post","status-publish","format-standard","has-post-thumbnail","hentry","category-plenari"],"aioseo_notices":[],"aioseo_head":"\n\t\t<!-- All in One SEO 5.0.1 - aioseo.com -->\n\t<meta name=\"description\" content=\"Amb la col\u00b7laboraci\u00f3 de l&#039;Ajuntament de Sella, i amb la pretensi\u00f3 de difondre l&#039;actualitat municipal del nostre municipi, publiquem la gravaci\u00f3 dels plenaris del mes de juny 2016, amb el seg\u00fcent ordre del dia: Plenari juny 2016 Plenari extraordinari juny 2016\" \/>\n\t<meta name=\"robots\" content=\"max-image-preview:large\" \/>\n\t<meta name=\"author\" content=\"radio\"\/>\n\t<link rel=\"canonical\" href=\"https:\/\/elcabilo.com\/radio\/2016\/08\/14\/plenaris-juny-2016\/\" \/>\n\t<meta name=\"generator\" content=\"All in One SEO (AIOSEO) 5.0.1\" \/>\n\t\t<meta property=\"og:locale\" content=\"ca_ES\" \/>\n\t\t<meta property=\"og:site_name\" content=\"Cabil\u00f3R\u00e0dio - La r\u00e0dio online de Sella\" \/>\n\t\t<meta property=\"og:type\" content=\"article\" \/>\n\t\t<meta property=\"og:title\" content=\"Plenaris juny 2016 - Cabil\u00f3R\u00e0dio\" \/>\n\t\t<meta property=\"og:description\" content=\"Amb la col\u00b7laboraci\u00f3 de l&#039;Ajuntament de Sella, i amb la pretensi\u00f3 de difondre l&#039;actualitat municipal del nostre municipi, publiquem la gravaci\u00f3 dels plenaris del mes de juny 2016, amb el seg\u00fcent ordre del dia: Plenari juny 2016 Plenari extraordinari juny 2016\" \/>\n\t\t<meta property=\"og:url\" content=\"https:\/\/elcabilo.com\/radio\/2016\/08\/14\/plenaris-juny-2016\/\" \/>\n\t\t<meta property=\"og:image\" content=\"https:\/\/elcabilo.com\/radio\/files\/2023\/01\/cropped-logo_radio-1.gif\" \/>\n\t\t<meta property=\"og:image:secure_url\" content=\"https:\/\/elcabilo.com\/radio\/files\/2023\/01\/cropped-logo_radio-1.gif\" \/>\n\t\t<meta property=\"article:published_time\" content=\"2016-08-14T06:00:53+00:00\" \/>\n\t\t<meta property=\"article:modified_time\" content=\"2016-08-11T18:59:35+00:00\" \/>\n\t\t<meta name=\"twitter:card\" content=\"summary_large_image\" \/>\n\t\t<meta name=\"twitter:title\" content=\"Plenaris juny 2016 - Cabil\u00f3R\u00e0dio\" \/>\n\t\t<meta name=\"twitter:description\" content=\"Amb la col\u00b7laboraci\u00f3 de l&#039;Ajuntament de Sella, i amb la pretensi\u00f3 de difondre l&#039;actualitat municipal del nostre municipi, publiquem la gravaci\u00f3 dels plenaris del mes de juny 2016, amb el seg\u00fcent ordre del dia: Plenari juny 2016 Plenari extraordinari juny 2016\" \/>\n\t\t<meta name=\"twitter:image\" content=\"https:\/\/elcabilo.com\/radio\/files\/2023\/01\/cropped-logo_radio-1.gif\" \/>\n\t\t<script type=\"application\/ld+json\" class=\"aioseo-schema\">\n\t\t\t{\"@context\":\"https:\\\/\\\/schema.org\",\"@graph\":[{\"@type\":\"BlogPosting\",\"@id\":\"https:\\\/\\\/elcabilo.com\\\/radio\\\/2016\\\/08\\\/14\\\/plenaris-juny-2016\\\/#blogposting\",\"name\":\"Plenaris juny 2016 - Cabil\\u00f3R\\u00e0dio\",\"headline\":\"Plenaris juny 2016\",\"author\":{\"@id\":\"https:\\\/\\\/elcabilo.com\\\/radio\\\/author\\\/radio\\\/#author\"},\"publisher\":{\"@id\":\"https:\\\/\\\/elcabilo.com\\\/radio\\\/#organization\"},\"image\":{\"@type\":\"ImageObject\",\"url\":\"https:\\\/\\\/elcabilo.com\\\/radio\\\/files\\\/2016\\\/01\\\/logo_sella-1.jpg\",\"width\":85,\"height\":148},\"datePublished\":\"2016-08-14T08:00:53+02:00\",\"dateModified\":\"2016-08-11T20:59:35+02:00\",\"inLanguage\":\"ca\",\"mainEntityOfPage\":{\"@id\":\"https:\\\/\\\/elcabilo.com\\\/radio\\\/2016\\\/08\\\/14\\\/plenaris-juny-2016\\\/#webpage\"},\"isPartOf\":{\"@id\":\"https:\\\/\\\/elcabilo.com\\\/radio\\\/2016\\\/08\\\/14\\\/plenaris-juny-2016\\\/#webpage\"},\"articleSection\":\"Plenari\"},{\"@type\":\"BreadcrumbList\",\"@id\":\"https:\\\/\\\/elcabilo.com\\\/radio\\\/2016\\\/08\\\/14\\\/plenaris-juny-2016\\\/#breadcrumblist\",\"itemListElement\":[{\"@type\":\"ListItem\",\"@id\":\"https:\\\/\\\/elcabilo.com\\\/radio#listItem\",\"position\":1,\"name\":\"Home\",\"item\":\"https:\\\/\\\/elcabilo.com\\\/radio\",\"nextItem\":{\"@type\":\"ListItem\",\"@id\":\"https:\\\/\\\/elcabilo.com\\\/radio\\\/category\\\/plenari\\\/#listItem\",\"name\":\"Plenari\"}},{\"@type\":\"ListItem\",\"@id\":\"https:\\\/\\\/elcabilo.com\\\/radio\\\/category\\\/plenari\\\/#listItem\",\"position\":2,\"name\":\"Plenari\",\"item\":\"https:\\\/\\\/elcabilo.com\\\/radio\\\/category\\\/plenari\\\/\",\"nextItem\":{\"@type\":\"ListItem\",\"@id\":\"https:\\\/\\\/elcabilo.com\\\/radio\\\/2016\\\/08\\\/14\\\/plenaris-juny-2016\\\/#listItem\",\"name\":\"Plenaris juny 2016\"},\"previousItem\":{\"@type\":\"ListItem\",\"@id\":\"https:\\\/\\\/elcabilo.com\\\/radio#listItem\",\"name\":\"Home\"}},{\"@type\":\"ListItem\",\"@id\":\"https:\\\/\\\/elcabilo.com\\\/radio\\\/2016\\\/08\\\/14\\\/plenaris-juny-2016\\\/#listItem\",\"position\":3,\"name\":\"Plenaris juny 2016\",\"previousItem\":{\"@type\":\"ListItem\",\"@id\":\"https:\\\/\\\/elcabilo.com\\\/radio\\\/category\\\/plenari\\\/#listItem\",\"name\":\"Plenari\"}}]},{\"@type\":\"Organization\",\"@id\":\"https:\\\/\\\/elcabilo.com\\\/radio\\\/#organization\",\"name\":\"Cabil\\u00f3 R\\u00e0dio\",\"description\":\"La r\\u00e0dio online de Sella\",\"url\":\"https:\\\/\\\/elcabilo.com\\\/radio\\\/\",\"logo\":{\"@type\":\"ImageObject\",\"url\":\"https:\\\/\\\/elcabilo.com\\\/radio\\\/files\\\/2023\\\/01\\\/cropped-logo_radio-1.gif\",\"@id\":\"https:\\\/\\\/elcabilo.com\\\/radio\\\/2016\\\/08\\\/14\\\/plenaris-juny-2016\\\/#organizationLogo\",\"width\":250,\"height\":50},\"image\":{\"@id\":\"https:\\\/\\\/elcabilo.com\\\/radio\\\/2016\\\/08\\\/14\\\/plenaris-juny-2016\\\/#organizationLogo\"}},{\"@type\":\"Person\",\"@id\":\"https:\\\/\\\/elcabilo.com\\\/radio\\\/author\\\/radio\\\/#author\",\"url\":\"https:\\\/\\\/elcabilo.com\\\/radio\\\/author\\\/radio\\\/\",\"name\":\"radio\",\"image\":{\"@type\":\"ImageObject\",\"@id\":\"https:\\\/\\\/elcabilo.com\\\/radio\\\/2016\\\/08\\\/14\\\/plenaris-juny-2016\\\/#authorImage\",\"url\":\"https:\\\/\\\/secure.gravatar.com\\\/avatar\\\/bb687b465db46b8e9255d0921cc346091032a91fe77f93721088d5decb8a2d1a?s=96&d=mm&r=g\",\"width\":96,\"height\":96,\"caption\":\"radio\"}},{\"@type\":\"WebPage\",\"@id\":\"https:\\\/\\\/elcabilo.com\\\/radio\\\/2016\\\/08\\\/14\\\/plenaris-juny-2016\\\/#webpage\",\"url\":\"https:\\\/\\\/elcabilo.com\\\/radio\\\/2016\\\/08\\\/14\\\/plenaris-juny-2016\\\/\",\"name\":\"Plenaris juny 2016 - Cabil\\u00f3R\\u00e0dio\",\"description\":\"Amb la col\\u00b7laboraci\\u00f3 de l'Ajuntament de Sella, i amb la pretensi\\u00f3 de difondre l'actualitat municipal del nostre municipi, publiquem la gravaci\\u00f3 dels plenaris del mes de juny 2016, amb el seg\\u00fcent ordre del dia: Plenari juny 2016 Plenari extraordinari juny 2016\",\"inLanguage\":\"ca\",\"isPartOf\":{\"@id\":\"https:\\\/\\\/elcabilo.com\\\/radio\\\/#website\"},\"breadcrumb\":{\"@id\":\"https:\\\/\\\/elcabilo.com\\\/radio\\\/2016\\\/08\\\/14\\\/plenaris-juny-2016\\\/#breadcrumblist\"},\"author\":{\"@id\":\"https:\\\/\\\/elcabilo.com\\\/radio\\\/author\\\/radio\\\/#author\"},\"creator\":{\"@id\":\"https:\\\/\\\/elcabilo.com\\\/radio\\\/author\\\/radio\\\/#author\"},\"image\":{\"@type\":\"ImageObject\",\"url\":\"https:\\\/\\\/elcabilo.com\\\/radio\\\/files\\\/2016\\\/01\\\/logo_sella-1.jpg\",\"@id\":\"https:\\\/\\\/elcabilo.com\\\/radio\\\/2016\\\/08\\\/14\\\/plenaris-juny-2016\\\/#mainImage\",\"width\":85,\"height\":148},\"primaryImageOfPage\":{\"@id\":\"https:\\\/\\\/elcabilo.com\\\/radio\\\/2016\\\/08\\\/14\\\/plenaris-juny-2016\\\/#mainImage\"},\"datePublished\":\"2016-08-14T08:00:53+02:00\",\"dateModified\":\"2016-08-11T20:59:35+02:00\"},{\"@type\":\"WebSite\",\"@id\":\"https:\\\/\\\/elcabilo.com\\\/radio\\\/#website\",\"url\":\"https:\\\/\\\/elcabilo.com\\\/radio\\\/\",\"name\":\"Cabil\\u00f3 R\\u00e0dio\",\"description\":\"La r\\u00e0dio online de Sella\",\"inLanguage\":\"ca\",\"publisher\":{\"@id\":\"https:\\\/\\\/elcabilo.com\\\/radio\\\/#organization\"}}]}\n\t\t<\/script>\n\t\t<!-- All in One SEO -->\n\n","aioseo_head_json":{"title":"Plenaris juny 2016 - Cabil\u00f3R\u00e0dio","description":"Amb la col\u00b7laboraci\u00f3 de l'Ajuntament de Sella, i amb la pretensi\u00f3 de difondre l'actualitat municipal del nostre municipi, publiquem la gravaci\u00f3 dels plenaris del mes de juny 2016, amb el seg\u00fcent ordre del dia: Plenari juny 2016 Plenari extraordinari juny 2016","canonical_url":"https:\/\/elcabilo.com\/radio\/2016\/08\/14\/plenaris-juny-2016\/","robots":"max-image-preview:large","keywords":"","webmasterTools":{"miscellaneous":""},"schema":{"@context":"https:\/\/schema.org","@graph":[{"@type":"BlogPosting","@id":"https:\/\/elcabilo.com\/radio\/2016\/08\/14\/plenaris-juny-2016\/#blogposting","name":"Plenaris juny 2016 - Cabil\u00f3R\u00e0dio","headline":"Plenaris juny 2016","author":{"@id":"https:\/\/elcabilo.com\/radio\/author\/radio\/#author"},"publisher":{"@id":"https:\/\/elcabilo.com\/radio\/#organization"},"image":{"@type":"ImageObject","url":"https:\/\/elcabilo.com\/radio\/files\/2016\/01\/logo_sella-1.jpg","width":85,"height":148},"datePublished":"2016-08-14T08:00:53+02:00","dateModified":"2016-08-11T20:59:35+02:00","inLanguage":"ca","mainEntityOfPage":{"@id":"https:\/\/elcabilo.com\/radio\/2016\/08\/14\/plenaris-juny-2016\/#webpage"},"isPartOf":{"@id":"https:\/\/elcabilo.com\/radio\/2016\/08\/14\/plenaris-juny-2016\/#webpage"},"articleSection":"Plenari"},{"@type":"BreadcrumbList","@id":"https:\/\/elcabilo.com\/radio\/2016\/08\/14\/plenaris-juny-2016\/#breadcrumblist","itemListElement":[{"@type":"ListItem","@id":"https:\/\/elcabilo.com\/radio#listItem","position":1,"name":"Home","item":"https:\/\/elcabilo.com\/radio","nextItem":{"@type":"ListItem","@id":"https:\/\/elcabilo.com\/radio\/category\/plenari\/#listItem","name":"Plenari"}},{"@type":"ListItem","@id":"https:\/\/elcabilo.com\/radio\/category\/plenari\/#listItem","position":2,"name":"Plenari","item":"https:\/\/elcabilo.com\/radio\/category\/plenari\/","nextItem":{"@type":"ListItem","@id":"https:\/\/elcabilo.com\/radio\/2016\/08\/14\/plenaris-juny-2016\/#listItem","name":"Plenaris juny 2016"},"previousItem":{"@type":"ListItem","@id":"https:\/\/elcabilo.com\/radio#listItem","name":"Home"}},{"@type":"ListItem","@id":"https:\/\/elcabilo.com\/radio\/2016\/08\/14\/plenaris-juny-2016\/#listItem","position":3,"name":"Plenaris juny 2016","previousItem":{"@type":"ListItem","@id":"https:\/\/elcabilo.com\/radio\/category\/plenari\/#listItem","name":"Plenari"}}]},{"@type":"Organization","@id":"https:\/\/elcabilo.com\/radio\/#organization","name":"Cabil\u00f3 R\u00e0dio","description":"La r\u00e0dio online de Sella","url":"https:\/\/elcabilo.com\/radio\/","logo":{"@type":"ImageObject","url":"https:\/\/elcabilo.com\/radio\/files\/2023\/01\/cropped-logo_radio-1.gif","@id":"https:\/\/elcabilo.com\/radio\/2016\/08\/14\/plenaris-juny-2016\/#organizationLogo","width":250,"height":50},"image":{"@id":"https:\/\/elcabilo.com\/radio\/2016\/08\/14\/plenaris-juny-2016\/#organizationLogo"}},{"@type":"Person","@id":"https:\/\/elcabilo.com\/radio\/author\/radio\/#author","url":"https:\/\/elcabilo.com\/radio\/author\/radio\/","name":"radio","image":{"@type":"ImageObject","@id":"https:\/\/elcabilo.com\/radio\/2016\/08\/14\/plenaris-juny-2016\/#authorImage","url":"https:\/\/secure.gravatar.com\/avatar\/bb687b465db46b8e9255d0921cc346091032a91fe77f93721088d5decb8a2d1a?s=96&d=mm&r=g","width":96,"height":96,"caption":"radio"}},{"@type":"WebPage","@id":"https:\/\/elcabilo.com\/radio\/2016\/08\/14\/plenaris-juny-2016\/#webpage","url":"https:\/\/elcabilo.com\/radio\/2016\/08\/14\/plenaris-juny-2016\/","name":"Plenaris juny 2016 - Cabil\u00f3R\u00e0dio","description":"Amb la col\u00b7laboraci\u00f3 de l'Ajuntament de Sella, i amb la pretensi\u00f3 de difondre l'actualitat municipal del nostre municipi, publiquem la gravaci\u00f3 dels plenaris del mes de juny 2016, amb el seg\u00fcent ordre del dia: Plenari juny 2016 Plenari extraordinari juny 2016","inLanguage":"ca","isPartOf":{"@id":"https:\/\/elcabilo.com\/radio\/#website"},"breadcrumb":{"@id":"https:\/\/elcabilo.com\/radio\/2016\/08\/14\/plenaris-juny-2016\/#breadcrumblist"},"author":{"@id":"https:\/\/elcabilo.com\/radio\/author\/radio\/#author"},"creator":{"@id":"https:\/\/elcabilo.com\/radio\/author\/radio\/#author"},"image":{"@type":"ImageObject","url":"https:\/\/elcabilo.com\/radio\/files\/2016\/01\/logo_sella-1.jpg","@id":"https:\/\/elcabilo.com\/radio\/2016\/08\/14\/plenaris-juny-2016\/#mainImage","width":85,"height":148},"primaryImageOfPage":{"@id":"https:\/\/elcabilo.com\/radio\/2016\/08\/14\/plenaris-juny-2016\/#mainImage"},"datePublished":"2016-08-14T08:00:53+02:00","dateModified":"2016-08-11T20:59:35+02:00"},{"@type":"WebSite","@id":"https:\/\/elcabilo.com\/radio\/#website","url":"https:\/\/elcabilo.com\/radio\/","name":"Cabil\u00f3 R\u00e0dio","description":"La r\u00e0dio online de Sella","inLanguage":"ca","publisher":{"@id":"https:\/\/elcabilo.com\/radio\/#organization"}}]},"og:locale":"ca_ES","og:site_name":"Cabil\u00f3R\u00e0dio - La r\u00e0dio online de Sella","og:type":"article","og:title":"Plenaris juny 2016 - Cabil\u00f3R\u00e0dio","og:description":"Amb la col\u00b7laboraci\u00f3 de l'Ajuntament de Sella, i amb la pretensi\u00f3 de difondre l'actualitat municipal del nostre municipi, publiquem la gravaci\u00f3 dels plenaris del mes de juny 2016, amb el seg\u00fcent ordre del dia: Plenari juny 2016 Plenari extraordinari juny 2016","og:url":"https:\/\/elcabilo.com\/radio\/2016\/08\/14\/plenaris-juny-2016\/","og:image":"https:\/\/elcabilo.com\/radio\/files\/2023\/01\/cropped-logo_radio-1.gif","og:image:secure_url":"https:\/\/elcabilo.com\/radio\/files\/2023\/01\/cropped-logo_radio-1.gif","article:published_time":"2016-08-14T06:00:53+00:00","article:modified_time":"2016-08-11T18:59:35+00:00","twitter:card":"summary_large_image","twitter:title":"Plenaris juny 2016 - Cabil\u00f3R\u00e0dio","twitter:description":"Amb la col\u00b7laboraci\u00f3 de l'Ajuntament de Sella, i amb la pretensi\u00f3 de difondre l'actualitat municipal del nostre municipi, publiquem la gravaci\u00f3 dels plenaris del mes de juny 2016, amb el seg\u00fcent ordre del dia: Plenari juny 2016 Plenari extraordinari juny 2016","twitter:image":"https:\/\/elcabilo.com\/radio\/files\/2023\/01\/cropped-logo_radio-1.gif"},"aioseo_meta_data":{"post_id":"1759","title":null,"description":null,"keywords":null,"keyphrases":null,"primary_term":null,"canonical_url":null,"og_title":null,"og_description":null,"og_object_type":"default","og_image_type":"default","og_image_url":null,"og_image_width":null,"og_image_height":null,"og_image_custom_url":null,"og_image_custom_fields":null,"og_video":null,"og_custom_url":null,"og_article_section":null,"og_article_tags":null,"twitter_use_og":false,"twitter_card":"default","twitter_image_type":"default","twitter_image_url":null,"twitter_image_custom_url":null,"twitter_image_custom_fields":null,"twitter_title":null,"twitter_description":null,"schema":{"blockGraphs":[],"customGraphs":[],"default":{"data":{"Article":[],"Course":[],"Dataset":[],"FAQPage":[],"Movie":[],"Person":[],"Product":[],"ProductReview":[],"Car":[],"Recipe":[],"Service":[],"SoftwareApplication":[],"WebPage":[]},"graphName":"","isEnabled":true},"graphs":[]},"schema_type":"default","schema_type_options":null,"pillar_content":false,"robots_default":true,"robots_noindex":false,"robots_noarchive":false,"robots_nosnippet":false,"robots_nofollow":false,"robots_noimageindex":false,"robots_noodp":false,"robots_notranslate":false,"robots_max_snippet":null,"robots_max_videopreview":null,"robots_max_imagepreview":"large","priority":null,"frequency":null,"local_seo":null,"breadcrumb_settings":null,"limit_modified_date":false,"ai":null,"created":"2023-01-27 22:22:40","updated":"2025-06-08 19:59:01","seo_analyzer_scan_date":null,"focus_keyword":null,"additional_keywords":null,"truseo_locale":null},"aioseo_breadcrumb":"<div class=\"aioseo-breadcrumbs\"><span class=\"aioseo-breadcrumb\">\n\t\t\t<a href=\"https:\/\/elcabilo.com\/radio\" title=\"Home\">Home<\/a>\n\t\t<\/span><span class=\"aioseo-breadcrumb-separator\">&raquo;<\/span><span class=\"aioseo-breadcrumb\">\n\t\t\t<a href=\"https:\/\/elcabilo.com\/radio\/category\/plenari\/\" title=\"Plenari\">Plenari<\/a>\n\t\t<\/span><span class=\"aioseo-breadcrumb-separator\">&raquo;<\/span><span class=\"aioseo-breadcrumb\">\n\t\t\tPlenaris juny 2016\n\t\t<\/span><\/div>","aioseo_breadcrumb_json":[{"label":"Home","link":"https:\/\/elcabilo.com\/radio"},{"label":"Plenari","link":"https:\/\/elcabilo.com\/radio\/category\/plenari\/"},{"label":"Plenaris juny 2016","link":"https:\/\/elcabilo.com\/radio\/2016\/08\/14\/plenaris-juny-2016\/"}],"_links":{"self":[{"href":"https:\/\/elcabilo.com\/radio\/wp-json\/wp\/v2\/posts\/1759","targetHints":{"allow":["GET"]}}],"collection":[{"href":"https:\/\/elcabilo.com\/radio\/wp-json\/wp\/v2\/posts"}],"about":[{"href":"https:\/\/elcabilo.com\/radio\/wp-json\/wp\/v2\/types\/post"}],"author":[{"embeddable":true,"href":"https:\/\/elcabilo.com\/radio\/wp-json\/wp\/v2\/users\/272"}],"replies":[{"embeddable":true,"href":"https:\/\/elcabilo.com\/radio\/wp-json\/wp\/v2\/comments?post=1759"}],"version-history":[{"count":8,"href":"https:\/\/elcabilo.com\/radio\/wp-json\/wp\/v2\/posts\/1759\/revisions"}],"predecessor-version":[{"id":1769,"href":"https:\/\/elcabilo.com\/radio\/wp-json\/wp\/v2\/posts\/1759\/revisions\/1769"}],"wp:featuredmedia":[{"embeddable":true,"href":"https:\/\/elcabilo.com\/radio\/wp-json\/wp\/v2\/media\/1725"}],"wp:attachment":[{"href":"https:\/\/elcabilo.com\/radio\/wp-json\/wp\/v2\/media?parent=1759"}],"wp:term":[{"taxonomy":"category","embeddable":true,"href":"https:\/\/elcabilo.com\/radio\/wp-json\/wp\/v2\/categories?post=1759"},{"taxonomy":"post_tag","embeddable":true,"href":"https:\/\/elcabilo.com\/radio\/wp-json\/wp\/v2\/tags?post=1759"}],"curies":[{"name":"wp","href":"https:\/\/api.w.org\/{rel}","templated":true}]}}