{"id":1829,"date":"2022-03-15T13:11:31","date_gmt":"2022-03-15T12:11:31","guid":{"rendered":"https:\/\/elcabilo.com\/radio\/?p=1829"},"modified":"2022-03-26T10:23:34","modified_gmt":"2022-03-26T09:23:34","slug":"el-turrumpero-1-com-ens-relacionem","status":"publish","type":"post","link":"https:\/\/elcabilo.com\/radio\/2022\/03\/15\/el-turrumpero-1-com-ens-relacionem\/","title":{"rendered":"El Turrumpero &#8211; 1. Com ens relacionem."},"content":{"rendered":"\n<p class=\"wp-block-paragraph\"><\/p>\n\n\n\n<p class=\"wp-block-paragraph\">Torna @Cabil\u00f3_R\u00e0dio amb <strong>El Turrumpero<\/strong>. <\/p>\n\n\n\n<p class=\"wp-block-paragraph\">Un nou programa condu\u00eft per Lorena P\u00e9rez que compta amb la implicaci\u00f3 i col\u00b7laboraci\u00f3 d&#8217;\u00c1ngela Bald\u00f3 i David de Tastaolletes. Un espai on debatre i exposar idees que tenen a veure amb el nostre dia a dia i la conviv\u00e8ncia. En aquest segon programa parlem de<strong> Com ens relacionem<\/strong>. On comptarem, entre altres,  amb l&#8217;entrevista a <strong>Raquel Ricart<\/strong>, escriptora i autora de \u00abEl temps de cada cosa\u00bb i la secci\u00f3 de David Mas de <strong>Joc i Partida<\/strong>, on s&#8217;entrevista l&#8217;equip femen\u00ed de pilota valenciana. <\/p>\n\n\n\n<p class=\"wp-block-paragraph\"><br><\/p>\n\n\n\n<figure class=\"wp-block-embed is-type-rich is-provider-gestor-del-servei wp-block-embed-gestor-del-servei\"><div class=\"wp-block-embed__wrapper\">\n<audio class=\"wp-audio-shortcode\" id=\"audio-1829-1\" preload=\"none\" style=\"width: 100%;\" controls=\"controls\"><source type=\"audio\/mpeg\" src=\"https:\/\/archive.org\/download\/el-turrumpero.-p-1.-com-ens-relacionem\/EL%20TURRUMPERO.%20P1.%20COM%20ENS%20RELACIONEM.mp3?_=1\" \/><a href=\"https:\/\/archive.org\/download\/el-turrumpero.-p-1.-com-ens-relacionem\/EL%20TURRUMPERO.%20P1.%20COM%20ENS%20RELACIONEM.mp3\">https:\/\/archive.org\/download\/el-turrumpero.-p-1.-com-ens-relacionem\/EL%20TURRUMPERO.%20P1.%20COM%20ENS%20RELACIONEM.mp3<\/a><\/audio>\n<\/div><\/figure>\n","protected":false},"excerpt":{"rendered":"<p>Torna @Cabil\u00f3_R\u00e0dio amb El Turrumpero. Un nou programa condu\u00eft per Lorena P\u00e9rez que compta amb la implicaci\u00f3 i col\u00b7laboraci\u00f3 d&#8217;\u00c1ngela Bald\u00f3 i David de Tastaolletes. Un espai on debatre i exposar idees que tenen a veure amb el nostre dia a dia i la conviv\u00e8ncia. En aquest segon programa parlem de Com ens relacionem. On [&hellip;]<\/p>\n","protected":false},"author":272,"featured_media":1843,"comment_status":"open","ping_status":"open","sticky":false,"template":"","format":"standard","meta":{"_exactmetrics_skip_tracking":false,"footnotes":""},"categories":[28],"tags":[],"class_list":["post-1829","post","type-post","status-publish","format-standard","has-post-thumbnail","hentry","category-el-turrumpero"],"aioseo_notices":[],"aioseo_head":"\n\t\t<!-- All in One SEO 5.0.1 - aioseo.com -->\n\t<meta name=\"description\" content=\"Torna @Cabil\u00f3_R\u00e0dio amb El Turrumpero. Un nou programa condu\u00eft per Lorena P\u00e9rez que compta amb la implicaci\u00f3 i col\u00b7laboraci\u00f3 d&#039;\u00c1ngela Bald\u00f3 i David de Tastaolletes. Un espai on debatre i exposar idees que tenen a veure amb el nostre dia a dia i la conviv\u00e8ncia. En aquest segon programa parlem de Com ens relacionem. On\" \/>\n\t<meta name=\"robots\" content=\"max-image-preview:large\" \/>\n\t<meta name=\"author\" content=\"radio\"\/>\n\t<link rel=\"canonical\" href=\"https:\/\/elcabilo.com\/radio\/2022\/03\/15\/el-turrumpero-1-com-ens-relacionem\/\" \/>\n\t<meta name=\"generator\" content=\"All in One SEO (AIOSEO) 5.0.1\" \/>\n\t\t<meta property=\"og:locale\" content=\"ca_ES\" \/>\n\t\t<meta property=\"og:site_name\" content=\"Cabil\u00f3R\u00e0dio - La r\u00e0dio online de Sella\" \/>\n\t\t<meta property=\"og:type\" content=\"article\" \/>\n\t\t<meta property=\"og:title\" content=\"El Turrumpero \u2013 1. Com ens relacionem. - Cabil\u00f3R\u00e0dio\" \/>\n\t\t<meta property=\"og:description\" content=\"Torna @Cabil\u00f3_R\u00e0dio amb El Turrumpero. Un nou programa condu\u00eft per Lorena P\u00e9rez que compta amb la implicaci\u00f3 i col\u00b7laboraci\u00f3 d&#039;\u00c1ngela Bald\u00f3 i David de Tastaolletes. Un espai on debatre i exposar idees que tenen a veure amb el nostre dia a dia i la conviv\u00e8ncia. En aquest segon programa parlem de Com ens relacionem. On\" \/>\n\t\t<meta property=\"og:url\" content=\"https:\/\/elcabilo.com\/radio\/2022\/03\/15\/el-turrumpero-1-com-ens-relacionem\/\" \/>\n\t\t<meta property=\"og:image\" content=\"https:\/\/elcabilo.com\/radio\/files\/2023\/01\/cropped-logo_radio-1.gif\" \/>\n\t\t<meta property=\"og:image:secure_url\" content=\"https:\/\/elcabilo.com\/radio\/files\/2023\/01\/cropped-logo_radio-1.gif\" \/>\n\t\t<meta property=\"article:published_time\" content=\"2022-03-15T12:11:31+00:00\" \/>\n\t\t<meta property=\"article:modified_time\" content=\"2022-03-26T09:23:34+00:00\" \/>\n\t\t<meta name=\"twitter:card\" content=\"summary_large_image\" \/>\n\t\t<meta name=\"twitter:title\" content=\"El Turrumpero \u2013 1. Com ens relacionem. - Cabil\u00f3R\u00e0dio\" \/>\n\t\t<meta name=\"twitter:description\" content=\"Torna @Cabil\u00f3_R\u00e0dio amb El Turrumpero. Un nou programa condu\u00eft per Lorena P\u00e9rez que compta amb la implicaci\u00f3 i col\u00b7laboraci\u00f3 d&#039;\u00c1ngela Bald\u00f3 i David de Tastaolletes. Un espai on debatre i exposar idees que tenen a veure amb el nostre dia a dia i la conviv\u00e8ncia. En aquest segon programa parlem de Com ens relacionem. On\" \/>\n\t\t<meta name=\"twitter:image\" content=\"https:\/\/elcabilo.com\/radio\/files\/2023\/01\/cropped-logo_radio-1.gif\" \/>\n\t\t<script type=\"application\/ld+json\" class=\"aioseo-schema\">\n\t\t\t{\"@context\":\"https:\\\/\\\/schema.org\",\"@graph\":[{\"@type\":\"BlogPosting\",\"@id\":\"https:\\\/\\\/elcabilo.com\\\/radio\\\/2022\\\/03\\\/15\\\/el-turrumpero-1-com-ens-relacionem\\\/#blogposting\",\"name\":\"El Turrumpero \\u2013 1. Com ens relacionem. - Cabil\\u00f3R\\u00e0dio\",\"headline\":\"El Turrumpero &#8211; 1. Com ens relacionem.\",\"author\":{\"@id\":\"https:\\\/\\\/elcabilo.com\\\/radio\\\/author\\\/radio\\\/#author\"},\"publisher\":{\"@id\":\"https:\\\/\\\/elcabilo.com\\\/radio\\\/#organization\"},\"image\":{\"@type\":\"ImageObject\",\"url\":\"https:\\\/\\\/elcabilo.com\\\/radio\\\/files\\\/2022\\\/03\\\/rogle.jpg\",\"width\":720,\"height\":960},\"datePublished\":\"2022-03-15T13:11:31+01:00\",\"dateModified\":\"2022-03-26T10:23:34+01:00\",\"inLanguage\":\"ca\",\"mainEntityOfPage\":{\"@id\":\"https:\\\/\\\/elcabilo.com\\\/radio\\\/2022\\\/03\\\/15\\\/el-turrumpero-1-com-ens-relacionem\\\/#webpage\"},\"isPartOf\":{\"@id\":\"https:\\\/\\\/elcabilo.com\\\/radio\\\/2022\\\/03\\\/15\\\/el-turrumpero-1-com-ens-relacionem\\\/#webpage\"},\"articleSection\":\"El Turrumpero\"},{\"@type\":\"BreadcrumbList\",\"@id\":\"https:\\\/\\\/elcabilo.com\\\/radio\\\/2022\\\/03\\\/15\\\/el-turrumpero-1-com-ens-relacionem\\\/#breadcrumblist\",\"itemListElement\":[{\"@type\":\"ListItem\",\"@id\":\"https:\\\/\\\/elcabilo.com\\\/radio#listItem\",\"position\":1,\"name\":\"Home\",\"item\":\"https:\\\/\\\/elcabilo.com\\\/radio\",\"nextItem\":{\"@type\":\"ListItem\",\"@id\":\"https:\\\/\\\/elcabilo.com\\\/radio\\\/category\\\/el-turrumpero\\\/#listItem\",\"name\":\"El Turrumpero\"}},{\"@type\":\"ListItem\",\"@id\":\"https:\\\/\\\/elcabilo.com\\\/radio\\\/category\\\/el-turrumpero\\\/#listItem\",\"position\":2,\"name\":\"El Turrumpero\",\"item\":\"https:\\\/\\\/elcabilo.com\\\/radio\\\/category\\\/el-turrumpero\\\/\",\"nextItem\":{\"@type\":\"ListItem\",\"@id\":\"https:\\\/\\\/elcabilo.com\\\/radio\\\/2022\\\/03\\\/15\\\/el-turrumpero-1-com-ens-relacionem\\\/#listItem\",\"name\":\"El Turrumpero &#8211; 1. Com ens relacionem.\"},\"previousItem\":{\"@type\":\"ListItem\",\"@id\":\"https:\\\/\\\/elcabilo.com\\\/radio#listItem\",\"name\":\"Home\"}},{\"@type\":\"ListItem\",\"@id\":\"https:\\\/\\\/elcabilo.com\\\/radio\\\/2022\\\/03\\\/15\\\/el-turrumpero-1-com-ens-relacionem\\\/#listItem\",\"position\":3,\"name\":\"El Turrumpero &#8211; 1. Com ens relacionem.\",\"previousItem\":{\"@type\":\"ListItem\",\"@id\":\"https:\\\/\\\/elcabilo.com\\\/radio\\\/category\\\/el-turrumpero\\\/#listItem\",\"name\":\"El Turrumpero\"}}]},{\"@type\":\"Organization\",\"@id\":\"https:\\\/\\\/elcabilo.com\\\/radio\\\/#organization\",\"name\":\"Cabil\\u00f3 R\\u00e0dio\",\"description\":\"La r\\u00e0dio online de Sella\",\"url\":\"https:\\\/\\\/elcabilo.com\\\/radio\\\/\",\"logo\":{\"@type\":\"ImageObject\",\"url\":\"https:\\\/\\\/elcabilo.com\\\/radio\\\/files\\\/2023\\\/01\\\/cropped-logo_radio-1.gif\",\"@id\":\"https:\\\/\\\/elcabilo.com\\\/radio\\\/2022\\\/03\\\/15\\\/el-turrumpero-1-com-ens-relacionem\\\/#organizationLogo\",\"width\":250,\"height\":50},\"image\":{\"@id\":\"https:\\\/\\\/elcabilo.com\\\/radio\\\/2022\\\/03\\\/15\\\/el-turrumpero-1-com-ens-relacionem\\\/#organizationLogo\"}},{\"@type\":\"Person\",\"@id\":\"https:\\\/\\\/elcabilo.com\\\/radio\\\/author\\\/radio\\\/#author\",\"url\":\"https:\\\/\\\/elcabilo.com\\\/radio\\\/author\\\/radio\\\/\",\"name\":\"radio\",\"image\":{\"@type\":\"ImageObject\",\"@id\":\"https:\\\/\\\/elcabilo.com\\\/radio\\\/2022\\\/03\\\/15\\\/el-turrumpero-1-com-ens-relacionem\\\/#authorImage\",\"url\":\"https:\\\/\\\/secure.gravatar.com\\\/avatar\\\/bb687b465db46b8e9255d0921cc346091032a91fe77f93721088d5decb8a2d1a?s=96&d=mm&r=g\",\"width\":96,\"height\":96,\"caption\":\"radio\"}},{\"@type\":\"WebPage\",\"@id\":\"https:\\\/\\\/elcabilo.com\\\/radio\\\/2022\\\/03\\\/15\\\/el-turrumpero-1-com-ens-relacionem\\\/#webpage\",\"url\":\"https:\\\/\\\/elcabilo.com\\\/radio\\\/2022\\\/03\\\/15\\\/el-turrumpero-1-com-ens-relacionem\\\/\",\"name\":\"El Turrumpero \\u2013 1. Com ens relacionem. - Cabil\\u00f3R\\u00e0dio\",\"description\":\"Torna @Cabil\\u00f3_R\\u00e0dio amb El Turrumpero. Un nou programa condu\\u00eft per Lorena P\\u00e9rez que compta amb la implicaci\\u00f3 i col\\u00b7laboraci\\u00f3 d'\\u00c1ngela Bald\\u00f3 i David de Tastaolletes. Un espai on debatre i exposar idees que tenen a veure amb el nostre dia a dia i la conviv\\u00e8ncia. En aquest segon programa parlem de Com ens relacionem. On\",\"inLanguage\":\"ca\",\"isPartOf\":{\"@id\":\"https:\\\/\\\/elcabilo.com\\\/radio\\\/#website\"},\"breadcrumb\":{\"@id\":\"https:\\\/\\\/elcabilo.com\\\/radio\\\/2022\\\/03\\\/15\\\/el-turrumpero-1-com-ens-relacionem\\\/#breadcrumblist\"},\"author\":{\"@id\":\"https:\\\/\\\/elcabilo.com\\\/radio\\\/author\\\/radio\\\/#author\"},\"creator\":{\"@id\":\"https:\\\/\\\/elcabilo.com\\\/radio\\\/author\\\/radio\\\/#author\"},\"image\":{\"@type\":\"ImageObject\",\"url\":\"https:\\\/\\\/elcabilo.com\\\/radio\\\/files\\\/2022\\\/03\\\/rogle.jpg\",\"@id\":\"https:\\\/\\\/elcabilo.com\\\/radio\\\/2022\\\/03\\\/15\\\/el-turrumpero-1-com-ens-relacionem\\\/#mainImage\",\"width\":720,\"height\":960},\"primaryImageOfPage\":{\"@id\":\"https:\\\/\\\/elcabilo.com\\\/radio\\\/2022\\\/03\\\/15\\\/el-turrumpero-1-com-ens-relacionem\\\/#mainImage\"},\"datePublished\":\"2022-03-15T13:11:31+01:00\",\"dateModified\":\"2022-03-26T10:23:34+01:00\"},{\"@type\":\"WebSite\",\"@id\":\"https:\\\/\\\/elcabilo.com\\\/radio\\\/#website\",\"url\":\"https:\\\/\\\/elcabilo.com\\\/radio\\\/\",\"name\":\"Cabil\\u00f3 R\\u00e0dio\",\"description\":\"La r\\u00e0dio online de Sella\",\"inLanguage\":\"ca\",\"publisher\":{\"@id\":\"https:\\\/\\\/elcabilo.com\\\/radio\\\/#organization\"}}]}\n\t\t<\/script>\n\t\t<!-- All in One SEO -->\n\n","aioseo_head_json":{"title":"El Turrumpero \u2013 1. Com ens relacionem. - Cabil\u00f3R\u00e0dio","description":"Torna @Cabil\u00f3_R\u00e0dio amb El Turrumpero. Un nou programa condu\u00eft per Lorena P\u00e9rez que compta amb la implicaci\u00f3 i col\u00b7laboraci\u00f3 d'\u00c1ngela Bald\u00f3 i David de Tastaolletes. Un espai on debatre i exposar idees que tenen a veure amb el nostre dia a dia i la conviv\u00e8ncia. En aquest segon programa parlem de Com ens relacionem. On","canonical_url":"https:\/\/elcabilo.com\/radio\/2022\/03\/15\/el-turrumpero-1-com-ens-relacionem\/","robots":"max-image-preview:large","keywords":"","webmasterTools":{"miscellaneous":""},"schema":{"@context":"https:\/\/schema.org","@graph":[{"@type":"BlogPosting","@id":"https:\/\/elcabilo.com\/radio\/2022\/03\/15\/el-turrumpero-1-com-ens-relacionem\/#blogposting","name":"El Turrumpero \u2013 1. Com ens relacionem. - Cabil\u00f3R\u00e0dio","headline":"El Turrumpero &#8211; 1. Com ens relacionem.","author":{"@id":"https:\/\/elcabilo.com\/radio\/author\/radio\/#author"},"publisher":{"@id":"https:\/\/elcabilo.com\/radio\/#organization"},"image":{"@type":"ImageObject","url":"https:\/\/elcabilo.com\/radio\/files\/2022\/03\/rogle.jpg","width":720,"height":960},"datePublished":"2022-03-15T13:11:31+01:00","dateModified":"2022-03-26T10:23:34+01:00","inLanguage":"ca","mainEntityOfPage":{"@id":"https:\/\/elcabilo.com\/radio\/2022\/03\/15\/el-turrumpero-1-com-ens-relacionem\/#webpage"},"isPartOf":{"@id":"https:\/\/elcabilo.com\/radio\/2022\/03\/15\/el-turrumpero-1-com-ens-relacionem\/#webpage"},"articleSection":"El Turrumpero"},{"@type":"BreadcrumbList","@id":"https:\/\/elcabilo.com\/radio\/2022\/03\/15\/el-turrumpero-1-com-ens-relacionem\/#breadcrumblist","itemListElement":[{"@type":"ListItem","@id":"https:\/\/elcabilo.com\/radio#listItem","position":1,"name":"Home","item":"https:\/\/elcabilo.com\/radio","nextItem":{"@type":"ListItem","@id":"https:\/\/elcabilo.com\/radio\/category\/el-turrumpero\/#listItem","name":"El Turrumpero"}},{"@type":"ListItem","@id":"https:\/\/elcabilo.com\/radio\/category\/el-turrumpero\/#listItem","position":2,"name":"El Turrumpero","item":"https:\/\/elcabilo.com\/radio\/category\/el-turrumpero\/","nextItem":{"@type":"ListItem","@id":"https:\/\/elcabilo.com\/radio\/2022\/03\/15\/el-turrumpero-1-com-ens-relacionem\/#listItem","name":"El Turrumpero &#8211; 1. Com ens relacionem."},"previousItem":{"@type":"ListItem","@id":"https:\/\/elcabilo.com\/radio#listItem","name":"Home"}},{"@type":"ListItem","@id":"https:\/\/elcabilo.com\/radio\/2022\/03\/15\/el-turrumpero-1-com-ens-relacionem\/#listItem","position":3,"name":"El Turrumpero &#8211; 1. Com ens relacionem.","previousItem":{"@type":"ListItem","@id":"https:\/\/elcabilo.com\/radio\/category\/el-turrumpero\/#listItem","name":"El Turrumpero"}}]},{"@type":"Organization","@id":"https:\/\/elcabilo.com\/radio\/#organization","name":"Cabil\u00f3 R\u00e0dio","description":"La r\u00e0dio online de Sella","url":"https:\/\/elcabilo.com\/radio\/","logo":{"@type":"ImageObject","url":"https:\/\/elcabilo.com\/radio\/files\/2023\/01\/cropped-logo_radio-1.gif","@id":"https:\/\/elcabilo.com\/radio\/2022\/03\/15\/el-turrumpero-1-com-ens-relacionem\/#organizationLogo","width":250,"height":50},"image":{"@id":"https:\/\/elcabilo.com\/radio\/2022\/03\/15\/el-turrumpero-1-com-ens-relacionem\/#organizationLogo"}},{"@type":"Person","@id":"https:\/\/elcabilo.com\/radio\/author\/radio\/#author","url":"https:\/\/elcabilo.com\/radio\/author\/radio\/","name":"radio","image":{"@type":"ImageObject","@id":"https:\/\/elcabilo.com\/radio\/2022\/03\/15\/el-turrumpero-1-com-ens-relacionem\/#authorImage","url":"https:\/\/secure.gravatar.com\/avatar\/bb687b465db46b8e9255d0921cc346091032a91fe77f93721088d5decb8a2d1a?s=96&d=mm&r=g","width":96,"height":96,"caption":"radio"}},{"@type":"WebPage","@id":"https:\/\/elcabilo.com\/radio\/2022\/03\/15\/el-turrumpero-1-com-ens-relacionem\/#webpage","url":"https:\/\/elcabilo.com\/radio\/2022\/03\/15\/el-turrumpero-1-com-ens-relacionem\/","name":"El Turrumpero \u2013 1. Com ens relacionem. - Cabil\u00f3R\u00e0dio","description":"Torna @Cabil\u00f3_R\u00e0dio amb El Turrumpero. Un nou programa condu\u00eft per Lorena P\u00e9rez que compta amb la implicaci\u00f3 i col\u00b7laboraci\u00f3 d'\u00c1ngela Bald\u00f3 i David de Tastaolletes. Un espai on debatre i exposar idees que tenen a veure amb el nostre dia a dia i la conviv\u00e8ncia. En aquest segon programa parlem de Com ens relacionem. On","inLanguage":"ca","isPartOf":{"@id":"https:\/\/elcabilo.com\/radio\/#website"},"breadcrumb":{"@id":"https:\/\/elcabilo.com\/radio\/2022\/03\/15\/el-turrumpero-1-com-ens-relacionem\/#breadcrumblist"},"author":{"@id":"https:\/\/elcabilo.com\/radio\/author\/radio\/#author"},"creator":{"@id":"https:\/\/elcabilo.com\/radio\/author\/radio\/#author"},"image":{"@type":"ImageObject","url":"https:\/\/elcabilo.com\/radio\/files\/2022\/03\/rogle.jpg","@id":"https:\/\/elcabilo.com\/radio\/2022\/03\/15\/el-turrumpero-1-com-ens-relacionem\/#mainImage","width":720,"height":960},"primaryImageOfPage":{"@id":"https:\/\/elcabilo.com\/radio\/2022\/03\/15\/el-turrumpero-1-com-ens-relacionem\/#mainImage"},"datePublished":"2022-03-15T13:11:31+01:00","dateModified":"2022-03-26T10:23:34+01:00"},{"@type":"WebSite","@id":"https:\/\/elcabilo.com\/radio\/#website","url":"https:\/\/elcabilo.com\/radio\/","name":"Cabil\u00f3 R\u00e0dio","description":"La r\u00e0dio online de Sella","inLanguage":"ca","publisher":{"@id":"https:\/\/elcabilo.com\/radio\/#organization"}}]},"og:locale":"ca_ES","og:site_name":"Cabil\u00f3R\u00e0dio - La r\u00e0dio online de Sella","og:type":"article","og:title":"El Turrumpero \u2013 1. Com ens relacionem. - Cabil\u00f3R\u00e0dio","og:description":"Torna @Cabil\u00f3_R\u00e0dio amb El Turrumpero. Un nou programa condu\u00eft per Lorena P\u00e9rez que compta amb la implicaci\u00f3 i col\u00b7laboraci\u00f3 d'\u00c1ngela Bald\u00f3 i David de Tastaolletes. Un espai on debatre i exposar idees que tenen a veure amb el nostre dia a dia i la conviv\u00e8ncia. En aquest segon programa parlem de Com ens relacionem. On","og:url":"https:\/\/elcabilo.com\/radio\/2022\/03\/15\/el-turrumpero-1-com-ens-relacionem\/","og:image":"https:\/\/elcabilo.com\/radio\/files\/2023\/01\/cropped-logo_radio-1.gif","og:image:secure_url":"https:\/\/elcabilo.com\/radio\/files\/2023\/01\/cropped-logo_radio-1.gif","article:published_time":"2022-03-15T12:11:31+00:00","article:modified_time":"2022-03-26T09:23:34+00:00","twitter:card":"summary_large_image","twitter:title":"El Turrumpero \u2013 1. Com ens relacionem. - Cabil\u00f3R\u00e0dio","twitter:description":"Torna @Cabil\u00f3_R\u00e0dio amb El Turrumpero. Un nou programa condu\u00eft per Lorena P\u00e9rez que compta amb la implicaci\u00f3 i col\u00b7laboraci\u00f3 d'\u00c1ngela Bald\u00f3 i David de Tastaolletes. Un espai on debatre i exposar idees que tenen a veure amb el nostre dia a dia i la conviv\u00e8ncia. En aquest segon programa parlem de Com ens relacionem. On","twitter:image":"https:\/\/elcabilo.com\/radio\/files\/2023\/01\/cropped-logo_radio-1.gif"},"aioseo_meta_data":{"post_id":"1829","title":null,"description":null,"keywords":null,"keyphrases":null,"primary_term":null,"canonical_url":null,"og_title":null,"og_description":null,"og_object_type":"default","og_image_type":"default","og_image_url":null,"og_image_width":null,"og_image_height":null,"og_image_custom_url":null,"og_image_custom_fields":null,"og_video":null,"og_custom_url":null,"og_article_section":null,"og_article_tags":null,"twitter_use_og":false,"twitter_card":"default","twitter_image_type":"default","twitter_image_url":null,"twitter_image_custom_url":null,"twitter_image_custom_fields":null,"twitter_title":null,"twitter_description":null,"schema":{"blockGraphs":[],"customGraphs":[],"default":{"data":{"Article":[],"Course":[],"Dataset":[],"FAQPage":[],"Movie":[],"Person":[],"Product":[],"ProductReview":[],"Car":[],"Recipe":[],"Service":[],"SoftwareApplication":[],"WebPage":[]},"graphName":"","isEnabled":true},"graphs":[]},"schema_type":"default","schema_type_options":null,"pillar_content":false,"robots_default":true,"robots_noindex":false,"robots_noarchive":false,"robots_nosnippet":false,"robots_nofollow":false,"robots_noimageindex":false,"robots_noodp":false,"robots_notranslate":false,"robots_max_snippet":null,"robots_max_videopreview":null,"robots_max_imagepreview":"large","priority":null,"frequency":null,"local_seo":null,"breadcrumb_settings":null,"limit_modified_date":false,"ai":null,"created":"2023-01-27 22:23:33","updated":"2025-06-08 20:09:56","seo_analyzer_scan_date":null,"focus_keyword":null,"additional_keywords":null,"truseo_locale":null},"aioseo_breadcrumb":"<div class=\"aioseo-breadcrumbs\"><span class=\"aioseo-breadcrumb\">\n\t\t\t<a href=\"https:\/\/elcabilo.com\/radio\" title=\"Home\">Home<\/a>\n\t\t<\/span><span class=\"aioseo-breadcrumb-separator\">&raquo;<\/span><span class=\"aioseo-breadcrumb\">\n\t\t\t<a href=\"https:\/\/elcabilo.com\/radio\/category\/el-turrumpero\/\" title=\"El Turrumpero\">El Turrumpero<\/a>\n\t\t<\/span><span class=\"aioseo-breadcrumb-separator\">&raquo;<\/span><span class=\"aioseo-breadcrumb\">\n\t\t\tEl Turrumpero \u2013 1. Com ens relacionem.\n\t\t<\/span><\/div>","aioseo_breadcrumb_json":[{"label":"Home","link":"https:\/\/elcabilo.com\/radio"},{"label":"El Turrumpero","link":"https:\/\/elcabilo.com\/radio\/category\/el-turrumpero\/"},{"label":"El Turrumpero &#8211; 1. Com ens relacionem.","link":"https:\/\/elcabilo.com\/radio\/2022\/03\/15\/el-turrumpero-1-com-ens-relacionem\/"}],"_links":{"self":[{"href":"https:\/\/elcabilo.com\/radio\/wp-json\/wp\/v2\/posts\/1829","targetHints":{"allow":["GET"]}}],"collection":[{"href":"https:\/\/elcabilo.com\/radio\/wp-json\/wp\/v2\/posts"}],"about":[{"href":"https:\/\/elcabilo.com\/radio\/wp-json\/wp\/v2\/types\/post"}],"author":[{"embeddable":true,"href":"https:\/\/elcabilo.com\/radio\/wp-json\/wp\/v2\/users\/272"}],"replies":[{"embeddable":true,"href":"https:\/\/elcabilo.com\/radio\/wp-json\/wp\/v2\/comments?post=1829"}],"version-history":[{"count":7,"href":"https:\/\/elcabilo.com\/radio\/wp-json\/wp\/v2\/posts\/1829\/revisions"}],"predecessor-version":[{"id":1840,"href":"https:\/\/elcabilo.com\/radio\/wp-json\/wp\/v2\/posts\/1829\/revisions\/1840"}],"wp:featuredmedia":[{"embeddable":true,"href":"https:\/\/elcabilo.com\/radio\/wp-json\/wp\/v2\/media\/1843"}],"wp:attachment":[{"href":"https:\/\/elcabilo.com\/radio\/wp-json\/wp\/v2\/media?parent=1829"}],"wp:term":[{"taxonomy":"category","embeddable":true,"href":"https:\/\/elcabilo.com\/radio\/wp-json\/wp\/v2\/categories?post=1829"},{"taxonomy":"post_tag","embeddable":true,"href":"https:\/\/elcabilo.com\/radio\/wp-json\/wp\/v2\/tags?post=1829"}],"curies":[{"name":"wp","href":"https:\/\/api.w.org\/{rel}","templated":true}]}}