{"id":1854,"date":"2022-05-20T09:53:18","date_gmt":"2022-05-20T07:53:18","guid":{"rendered":"https:\/\/elcabilo.com\/radio\/?p=1854"},"modified":"2022-06-12T11:35:09","modified_gmt":"2022-06-12T09:35:09","slug":"el-turrumpero-3-el-diagnostic-dun-poble-sella","status":"publish","type":"post","link":"https:\/\/elcabilo.com\/radio\/2022\/05\/20\/el-turrumpero-3-el-diagnostic-dun-poble-sella\/","title":{"rendered":"El Turrumpero- 3. El diagn\u00f2stic d&#8217;un poble: Sella"},"content":{"rendered":"\n<p class=\"wp-block-paragraph\">Torna @Cabil\u00f3_R\u00e0dio amb El Turrumpero.<\/p>\n\n\n\n<p class=\"wp-block-paragraph\">En aquest programa condu\u00eft per Lorena P\u00e9rez i amb la implicaci\u00f3 i col\u00b7laboraci\u00f3 d&#8217;\u00c1ngela Bald\u00f3, Marta Mas i David de Tastaolletes, entrevistem a Mila Llinares, alcaldessa de Sella. Analitzem tots els factors que influeixen en el manteniment i despoblament d&#8217;un poble. Tamb\u00e9 comptem amb la secci\u00f3 del Rac\u00f3 de TastaLlibres, on en aquesta ocasi\u00f3 parlem del llibre <em>L&#8217;amor fora de mapa<\/em>, de Roc Casagran, i donem informaci\u00f3 sobre la pr\u00f2xima fira de mostres que es far\u00e0 a Sella a la fi de juny.<\/p>\n\n\n\n<figure class=\"wp-block-embed is-type-rich is-provider-spotify wp-block-embed-spotify wp-embed-aspect-21-9 wp-has-aspect-ratio\"><div class=\"wp-block-embed__wrapper\">\n<iframe title=\"Spotify Embed:  El diagn\u00f2stic d&amp;apos;un poble: Sella T01xE03\" style=\"border-radius: 12px\" width=\"100%\" height=\"152\" frameborder=\"0\" allowfullscreen allow=\"autoplay; clipboard-write; encrypted-media; fullscreen; picture-in-picture\" loading=\"lazy\" src=\"https:\/\/open.spotify.com\/embed\/episode\/6lXa9e6FxpvQCBdxIwU6DX?si=WPDig93aQnqOCspfvBXy7Q&#038;utm_source=oembed\"><\/iframe>\n<\/div><\/figure>\n","protected":false},"excerpt":{"rendered":"<p>Torna @Cabil\u00f3_R\u00e0dio amb El Turrumpero. En aquest programa condu\u00eft per Lorena P\u00e9rez i amb la implicaci\u00f3 i col\u00b7laboraci\u00f3 d&#8217;\u00c1ngela Bald\u00f3, Marta Mas i David de Tastaolletes, entrevistem a Mila Llinares, alcaldessa de Sella. Analitzem tots els factors que influeixen en el manteniment i despoblament d&#8217;un poble. Tamb\u00e9 comptem amb la secci\u00f3 del Rac\u00f3 de TastaLlibres, [&hellip;]<\/p>\n","protected":false},"author":272,"featured_media":1863,"comment_status":"open","ping_status":"open","sticky":false,"template":"","format":"standard","meta":{"_exactmetrics_skip_tracking":false,"footnotes":""},"categories":[1,28],"tags":[31,30],"class_list":["post-1854","post","type-post","status-publish","format-standard","has-post-thumbnail","hentry","category-sin-categoria","category-el-turrumpero","tag-costereta","tag-turrumpero"],"aioseo_notices":[],"aioseo_head":"\n\t\t<!-- All in One SEO 5.0.1 - aioseo.com -->\n\t<meta name=\"description\" content=\"Torna @Cabil\u00f3_R\u00e0dio amb El Turrumpero. En aquest programa condu\u00eft per Lorena P\u00e9rez i amb la implicaci\u00f3 i col\u00b7laboraci\u00f3 d&#039;\u00c1ngela Bald\u00f3, Marta Mas i David de Tastaolletes, entrevistem a Mila Llinares, alcaldessa de Sella. Analitzem tots els factors que influeixen en el manteniment i despoblament d&#039;un poble. Tamb\u00e9 comptem amb la secci\u00f3 del Rac\u00f3 de TastaLlibres,\" \/>\n\t<meta name=\"robots\" content=\"max-image-preview:large\" \/>\n\t<meta name=\"author\" content=\"radio\"\/>\n\t<link rel=\"canonical\" href=\"https:\/\/elcabilo.com\/radio\/2022\/05\/20\/el-turrumpero-3-el-diagnostic-dun-poble-sella\/\" \/>\n\t<meta name=\"generator\" content=\"All in One SEO (AIOSEO) 5.0.1\" \/>\n\t\t<meta property=\"og:locale\" content=\"ca_ES\" \/>\n\t\t<meta property=\"og:site_name\" content=\"Cabil\u00f3R\u00e0dio - La r\u00e0dio online de Sella\" \/>\n\t\t<meta property=\"og:type\" content=\"article\" \/>\n\t\t<meta property=\"og:title\" content=\"El Turrumpero- 3. El diagn\u00f2stic d\u2019un poble: Sella - Cabil\u00f3R\u00e0dio\" \/>\n\t\t<meta property=\"og:description\" content=\"Torna @Cabil\u00f3_R\u00e0dio amb El Turrumpero. En aquest programa condu\u00eft per Lorena P\u00e9rez i amb la implicaci\u00f3 i col\u00b7laboraci\u00f3 d&#039;\u00c1ngela Bald\u00f3, Marta Mas i David de Tastaolletes, entrevistem a Mila Llinares, alcaldessa de Sella. Analitzem tots els factors que influeixen en el manteniment i despoblament d&#039;un poble. Tamb\u00e9 comptem amb la secci\u00f3 del Rac\u00f3 de TastaLlibres,\" \/>\n\t\t<meta property=\"og:url\" content=\"https:\/\/elcabilo.com\/radio\/2022\/05\/20\/el-turrumpero-3-el-diagnostic-dun-poble-sella\/\" \/>\n\t\t<meta property=\"og:image\" content=\"https:\/\/elcabilo.com\/radio\/files\/2023\/01\/cropped-logo_radio-1.gif\" \/>\n\t\t<meta property=\"og:image:secure_url\" content=\"https:\/\/elcabilo.com\/radio\/files\/2023\/01\/cropped-logo_radio-1.gif\" \/>\n\t\t<meta property=\"article:published_time\" content=\"2022-05-20T07:53:18+00:00\" \/>\n\t\t<meta property=\"article:modified_time\" content=\"2022-06-12T09:35:09+00:00\" \/>\n\t\t<meta name=\"twitter:card\" content=\"summary_large_image\" \/>\n\t\t<meta name=\"twitter:title\" content=\"El Turrumpero- 3. El diagn\u00f2stic d\u2019un poble: Sella - Cabil\u00f3R\u00e0dio\" \/>\n\t\t<meta name=\"twitter:description\" content=\"Torna @Cabil\u00f3_R\u00e0dio amb El Turrumpero. En aquest programa condu\u00eft per Lorena P\u00e9rez i amb la implicaci\u00f3 i col\u00b7laboraci\u00f3 d&#039;\u00c1ngela Bald\u00f3, Marta Mas i David de Tastaolletes, entrevistem a Mila Llinares, alcaldessa de Sella. Analitzem tots els factors que influeixen en el manteniment i despoblament d&#039;un poble. Tamb\u00e9 comptem amb la secci\u00f3 del Rac\u00f3 de TastaLlibres,\" \/>\n\t\t<meta name=\"twitter:image\" content=\"https:\/\/elcabilo.com\/radio\/files\/2023\/01\/cropped-logo_radio-1.gif\" \/>\n\t\t<script type=\"application\/ld+json\" class=\"aioseo-schema\">\n\t\t\t{\"@context\":\"https:\\\/\\\/schema.org\",\"@graph\":[{\"@type\":\"BlogPosting\",\"@id\":\"https:\\\/\\\/elcabilo.com\\\/radio\\\/2022\\\/05\\\/20\\\/el-turrumpero-3-el-diagnostic-dun-poble-sella\\\/#blogposting\",\"name\":\"El Turrumpero- 3. El diagn\\u00f2stic d\\u2019un poble: Sella - Cabil\\u00f3R\\u00e0dio\",\"headline\":\"El Turrumpero- 3. El diagn\\u00f2stic d&#8217;un poble: Sella\",\"author\":{\"@id\":\"https:\\\/\\\/elcabilo.com\\\/radio\\\/author\\\/radio\\\/#author\"},\"publisher\":{\"@id\":\"https:\\\/\\\/elcabilo.com\\\/radio\\\/#organization\"},\"image\":{\"@type\":\"ImageObject\",\"url\":\"https:\\\/\\\/elcabilo.com\\\/radio\\\/files\\\/2022\\\/05\\\/sella.-Un-pueblo-en-el-interior.-Flickr-150x150-1-150x150-1.jpg\",\"width\":150,\"height\":150},\"datePublished\":\"2022-05-20T09:53:18+02:00\",\"dateModified\":\"2022-06-12T11:35:09+02:00\",\"inLanguage\":\"ca\",\"mainEntityOfPage\":{\"@id\":\"https:\\\/\\\/elcabilo.com\\\/radio\\\/2022\\\/05\\\/20\\\/el-turrumpero-3-el-diagnostic-dun-poble-sella\\\/#webpage\"},\"isPartOf\":{\"@id\":\"https:\\\/\\\/elcabilo.com\\\/radio\\\/2022\\\/05\\\/20\\\/el-turrumpero-3-el-diagnostic-dun-poble-sella\\\/#webpage\"},\"articleSection\":\"Cabil\\u00f3 R\\u00e0dio, El Turrumpero, costereta, Turrumpero\"},{\"@type\":\"BreadcrumbList\",\"@id\":\"https:\\\/\\\/elcabilo.com\\\/radio\\\/2022\\\/05\\\/20\\\/el-turrumpero-3-el-diagnostic-dun-poble-sella\\\/#breadcrumblist\",\"itemListElement\":[{\"@type\":\"ListItem\",\"@id\":\"https:\\\/\\\/elcabilo.com\\\/radio#listItem\",\"position\":1,\"name\":\"Home\",\"item\":\"https:\\\/\\\/elcabilo.com\\\/radio\",\"nextItem\":{\"@type\":\"ListItem\",\"@id\":\"https:\\\/\\\/elcabilo.com\\\/radio\\\/category\\\/sin-categoria\\\/#listItem\",\"name\":\"Cabil\\u00f3 R\\u00e0dio\"}},{\"@type\":\"ListItem\",\"@id\":\"https:\\\/\\\/elcabilo.com\\\/radio\\\/category\\\/sin-categoria\\\/#listItem\",\"position\":2,\"name\":\"Cabil\\u00f3 R\\u00e0dio\",\"item\":\"https:\\\/\\\/elcabilo.com\\\/radio\\\/category\\\/sin-categoria\\\/\",\"nextItem\":{\"@type\":\"ListItem\",\"@id\":\"https:\\\/\\\/elcabilo.com\\\/radio\\\/2022\\\/05\\\/20\\\/el-turrumpero-3-el-diagnostic-dun-poble-sella\\\/#listItem\",\"name\":\"El Turrumpero- 3. El diagn\\u00f2stic d&#8217;un poble: Sella\"},\"previousItem\":{\"@type\":\"ListItem\",\"@id\":\"https:\\\/\\\/elcabilo.com\\\/radio#listItem\",\"name\":\"Home\"}},{\"@type\":\"ListItem\",\"@id\":\"https:\\\/\\\/elcabilo.com\\\/radio\\\/2022\\\/05\\\/20\\\/el-turrumpero-3-el-diagnostic-dun-poble-sella\\\/#listItem\",\"position\":3,\"name\":\"El Turrumpero- 3. El diagn\\u00f2stic d&#8217;un poble: Sella\",\"previousItem\":{\"@type\":\"ListItem\",\"@id\":\"https:\\\/\\\/elcabilo.com\\\/radio\\\/category\\\/sin-categoria\\\/#listItem\",\"name\":\"Cabil\\u00f3 R\\u00e0dio\"}}]},{\"@type\":\"Organization\",\"@id\":\"https:\\\/\\\/elcabilo.com\\\/radio\\\/#organization\",\"name\":\"Cabil\\u00f3 R\\u00e0dio\",\"description\":\"La r\\u00e0dio online de Sella\",\"url\":\"https:\\\/\\\/elcabilo.com\\\/radio\\\/\",\"logo\":{\"@type\":\"ImageObject\",\"url\":\"https:\\\/\\\/elcabilo.com\\\/radio\\\/files\\\/2023\\\/01\\\/cropped-logo_radio-1.gif\",\"@id\":\"https:\\\/\\\/elcabilo.com\\\/radio\\\/2022\\\/05\\\/20\\\/el-turrumpero-3-el-diagnostic-dun-poble-sella\\\/#organizationLogo\",\"width\":250,\"height\":50},\"image\":{\"@id\":\"https:\\\/\\\/elcabilo.com\\\/radio\\\/2022\\\/05\\\/20\\\/el-turrumpero-3-el-diagnostic-dun-poble-sella\\\/#organizationLogo\"}},{\"@type\":\"Person\",\"@id\":\"https:\\\/\\\/elcabilo.com\\\/radio\\\/author\\\/radio\\\/#author\",\"url\":\"https:\\\/\\\/elcabilo.com\\\/radio\\\/author\\\/radio\\\/\",\"name\":\"radio\",\"image\":{\"@type\":\"ImageObject\",\"@id\":\"https:\\\/\\\/elcabilo.com\\\/radio\\\/2022\\\/05\\\/20\\\/el-turrumpero-3-el-diagnostic-dun-poble-sella\\\/#authorImage\",\"url\":\"https:\\\/\\\/secure.gravatar.com\\\/avatar\\\/bb687b465db46b8e9255d0921cc346091032a91fe77f93721088d5decb8a2d1a?s=96&d=mm&r=g\",\"width\":96,\"height\":96,\"caption\":\"radio\"}},{\"@type\":\"WebPage\",\"@id\":\"https:\\\/\\\/elcabilo.com\\\/radio\\\/2022\\\/05\\\/20\\\/el-turrumpero-3-el-diagnostic-dun-poble-sella\\\/#webpage\",\"url\":\"https:\\\/\\\/elcabilo.com\\\/radio\\\/2022\\\/05\\\/20\\\/el-turrumpero-3-el-diagnostic-dun-poble-sella\\\/\",\"name\":\"El Turrumpero- 3. El diagn\\u00f2stic d\\u2019un poble: Sella - Cabil\\u00f3R\\u00e0dio\",\"description\":\"Torna @Cabil\\u00f3_R\\u00e0dio amb El Turrumpero. En aquest programa condu\\u00eft per Lorena P\\u00e9rez i amb la implicaci\\u00f3 i col\\u00b7laboraci\\u00f3 d'\\u00c1ngela Bald\\u00f3, Marta Mas i David de Tastaolletes, entrevistem a Mila Llinares, alcaldessa de Sella. Analitzem tots els factors que influeixen en el manteniment i despoblament d'un poble. Tamb\\u00e9 comptem amb la secci\\u00f3 del Rac\\u00f3 de TastaLlibres,\",\"inLanguage\":\"ca\",\"isPartOf\":{\"@id\":\"https:\\\/\\\/elcabilo.com\\\/radio\\\/#website\"},\"breadcrumb\":{\"@id\":\"https:\\\/\\\/elcabilo.com\\\/radio\\\/2022\\\/05\\\/20\\\/el-turrumpero-3-el-diagnostic-dun-poble-sella\\\/#breadcrumblist\"},\"author\":{\"@id\":\"https:\\\/\\\/elcabilo.com\\\/radio\\\/author\\\/radio\\\/#author\"},\"creator\":{\"@id\":\"https:\\\/\\\/elcabilo.com\\\/radio\\\/author\\\/radio\\\/#author\"},\"image\":{\"@type\":\"ImageObject\",\"url\":\"https:\\\/\\\/elcabilo.com\\\/radio\\\/files\\\/2022\\\/05\\\/sella.-Un-pueblo-en-el-interior.-Flickr-150x150-1-150x150-1.jpg\",\"@id\":\"https:\\\/\\\/elcabilo.com\\\/radio\\\/2022\\\/05\\\/20\\\/el-turrumpero-3-el-diagnostic-dun-poble-sella\\\/#mainImage\",\"width\":150,\"height\":150},\"primaryImageOfPage\":{\"@id\":\"https:\\\/\\\/elcabilo.com\\\/radio\\\/2022\\\/05\\\/20\\\/el-turrumpero-3-el-diagnostic-dun-poble-sella\\\/#mainImage\"},\"datePublished\":\"2022-05-20T09:53:18+02:00\",\"dateModified\":\"2022-06-12T11:35:09+02:00\"},{\"@type\":\"WebSite\",\"@id\":\"https:\\\/\\\/elcabilo.com\\\/radio\\\/#website\",\"url\":\"https:\\\/\\\/elcabilo.com\\\/radio\\\/\",\"name\":\"Cabil\\u00f3 R\\u00e0dio\",\"description\":\"La r\\u00e0dio online de Sella\",\"inLanguage\":\"ca\",\"publisher\":{\"@id\":\"https:\\\/\\\/elcabilo.com\\\/radio\\\/#organization\"}}]}\n\t\t<\/script>\n\t\t<!-- All in One SEO -->\n\n","aioseo_head_json":{"title":"El Turrumpero- 3. El diagn\u00f2stic d\u2019un poble: Sella - Cabil\u00f3R\u00e0dio","description":"Torna @Cabil\u00f3_R\u00e0dio amb El Turrumpero. En aquest programa condu\u00eft per Lorena P\u00e9rez i amb la implicaci\u00f3 i col\u00b7laboraci\u00f3 d'\u00c1ngela Bald\u00f3, Marta Mas i David de Tastaolletes, entrevistem a Mila Llinares, alcaldessa de Sella. Analitzem tots els factors que influeixen en el manteniment i despoblament d'un poble. Tamb\u00e9 comptem amb la secci\u00f3 del Rac\u00f3 de TastaLlibres,","canonical_url":"https:\/\/elcabilo.com\/radio\/2022\/05\/20\/el-turrumpero-3-el-diagnostic-dun-poble-sella\/","robots":"max-image-preview:large","keywords":"","webmasterTools":{"miscellaneous":""},"schema":{"@context":"https:\/\/schema.org","@graph":[{"@type":"BlogPosting","@id":"https:\/\/elcabilo.com\/radio\/2022\/05\/20\/el-turrumpero-3-el-diagnostic-dun-poble-sella\/#blogposting","name":"El Turrumpero- 3. El diagn\u00f2stic d\u2019un poble: Sella - Cabil\u00f3R\u00e0dio","headline":"El Turrumpero- 3. El diagn\u00f2stic d&#8217;un poble: Sella","author":{"@id":"https:\/\/elcabilo.com\/radio\/author\/radio\/#author"},"publisher":{"@id":"https:\/\/elcabilo.com\/radio\/#organization"},"image":{"@type":"ImageObject","url":"https:\/\/elcabilo.com\/radio\/files\/2022\/05\/sella.-Un-pueblo-en-el-interior.-Flickr-150x150-1-150x150-1.jpg","width":150,"height":150},"datePublished":"2022-05-20T09:53:18+02:00","dateModified":"2022-06-12T11:35:09+02:00","inLanguage":"ca","mainEntityOfPage":{"@id":"https:\/\/elcabilo.com\/radio\/2022\/05\/20\/el-turrumpero-3-el-diagnostic-dun-poble-sella\/#webpage"},"isPartOf":{"@id":"https:\/\/elcabilo.com\/radio\/2022\/05\/20\/el-turrumpero-3-el-diagnostic-dun-poble-sella\/#webpage"},"articleSection":"Cabil\u00f3 R\u00e0dio, El Turrumpero, costereta, Turrumpero"},{"@type":"BreadcrumbList","@id":"https:\/\/elcabilo.com\/radio\/2022\/05\/20\/el-turrumpero-3-el-diagnostic-dun-poble-sella\/#breadcrumblist","itemListElement":[{"@type":"ListItem","@id":"https:\/\/elcabilo.com\/radio#listItem","position":1,"name":"Home","item":"https:\/\/elcabilo.com\/radio","nextItem":{"@type":"ListItem","@id":"https:\/\/elcabilo.com\/radio\/category\/sin-categoria\/#listItem","name":"Cabil\u00f3 R\u00e0dio"}},{"@type":"ListItem","@id":"https:\/\/elcabilo.com\/radio\/category\/sin-categoria\/#listItem","position":2,"name":"Cabil\u00f3 R\u00e0dio","item":"https:\/\/elcabilo.com\/radio\/category\/sin-categoria\/","nextItem":{"@type":"ListItem","@id":"https:\/\/elcabilo.com\/radio\/2022\/05\/20\/el-turrumpero-3-el-diagnostic-dun-poble-sella\/#listItem","name":"El Turrumpero- 3. El diagn\u00f2stic d&#8217;un poble: Sella"},"previousItem":{"@type":"ListItem","@id":"https:\/\/elcabilo.com\/radio#listItem","name":"Home"}},{"@type":"ListItem","@id":"https:\/\/elcabilo.com\/radio\/2022\/05\/20\/el-turrumpero-3-el-diagnostic-dun-poble-sella\/#listItem","position":3,"name":"El Turrumpero- 3. El diagn\u00f2stic d&#8217;un poble: Sella","previousItem":{"@type":"ListItem","@id":"https:\/\/elcabilo.com\/radio\/category\/sin-categoria\/#listItem","name":"Cabil\u00f3 R\u00e0dio"}}]},{"@type":"Organization","@id":"https:\/\/elcabilo.com\/radio\/#organization","name":"Cabil\u00f3 R\u00e0dio","description":"La r\u00e0dio online de Sella","url":"https:\/\/elcabilo.com\/radio\/","logo":{"@type":"ImageObject","url":"https:\/\/elcabilo.com\/radio\/files\/2023\/01\/cropped-logo_radio-1.gif","@id":"https:\/\/elcabilo.com\/radio\/2022\/05\/20\/el-turrumpero-3-el-diagnostic-dun-poble-sella\/#organizationLogo","width":250,"height":50},"image":{"@id":"https:\/\/elcabilo.com\/radio\/2022\/05\/20\/el-turrumpero-3-el-diagnostic-dun-poble-sella\/#organizationLogo"}},{"@type":"Person","@id":"https:\/\/elcabilo.com\/radio\/author\/radio\/#author","url":"https:\/\/elcabilo.com\/radio\/author\/radio\/","name":"radio","image":{"@type":"ImageObject","@id":"https:\/\/elcabilo.com\/radio\/2022\/05\/20\/el-turrumpero-3-el-diagnostic-dun-poble-sella\/#authorImage","url":"https:\/\/secure.gravatar.com\/avatar\/bb687b465db46b8e9255d0921cc346091032a91fe77f93721088d5decb8a2d1a?s=96&d=mm&r=g","width":96,"height":96,"caption":"radio"}},{"@type":"WebPage","@id":"https:\/\/elcabilo.com\/radio\/2022\/05\/20\/el-turrumpero-3-el-diagnostic-dun-poble-sella\/#webpage","url":"https:\/\/elcabilo.com\/radio\/2022\/05\/20\/el-turrumpero-3-el-diagnostic-dun-poble-sella\/","name":"El Turrumpero- 3. El diagn\u00f2stic d\u2019un poble: Sella - Cabil\u00f3R\u00e0dio","description":"Torna @Cabil\u00f3_R\u00e0dio amb El Turrumpero. En aquest programa condu\u00eft per Lorena P\u00e9rez i amb la implicaci\u00f3 i col\u00b7laboraci\u00f3 d'\u00c1ngela Bald\u00f3, Marta Mas i David de Tastaolletes, entrevistem a Mila Llinares, alcaldessa de Sella. Analitzem tots els factors que influeixen en el manteniment i despoblament d'un poble. Tamb\u00e9 comptem amb la secci\u00f3 del Rac\u00f3 de TastaLlibres,","inLanguage":"ca","isPartOf":{"@id":"https:\/\/elcabilo.com\/radio\/#website"},"breadcrumb":{"@id":"https:\/\/elcabilo.com\/radio\/2022\/05\/20\/el-turrumpero-3-el-diagnostic-dun-poble-sella\/#breadcrumblist"},"author":{"@id":"https:\/\/elcabilo.com\/radio\/author\/radio\/#author"},"creator":{"@id":"https:\/\/elcabilo.com\/radio\/author\/radio\/#author"},"image":{"@type":"ImageObject","url":"https:\/\/elcabilo.com\/radio\/files\/2022\/05\/sella.-Un-pueblo-en-el-interior.-Flickr-150x150-1-150x150-1.jpg","@id":"https:\/\/elcabilo.com\/radio\/2022\/05\/20\/el-turrumpero-3-el-diagnostic-dun-poble-sella\/#mainImage","width":150,"height":150},"primaryImageOfPage":{"@id":"https:\/\/elcabilo.com\/radio\/2022\/05\/20\/el-turrumpero-3-el-diagnostic-dun-poble-sella\/#mainImage"},"datePublished":"2022-05-20T09:53:18+02:00","dateModified":"2022-06-12T11:35:09+02:00"},{"@type":"WebSite","@id":"https:\/\/elcabilo.com\/radio\/#website","url":"https:\/\/elcabilo.com\/radio\/","name":"Cabil\u00f3 R\u00e0dio","description":"La r\u00e0dio online de Sella","inLanguage":"ca","publisher":{"@id":"https:\/\/elcabilo.com\/radio\/#organization"}}]},"og:locale":"ca_ES","og:site_name":"Cabil\u00f3R\u00e0dio - La r\u00e0dio online de Sella","og:type":"article","og:title":"El Turrumpero- 3. El diagn\u00f2stic d\u2019un poble: Sella - Cabil\u00f3R\u00e0dio","og:description":"Torna @Cabil\u00f3_R\u00e0dio amb El Turrumpero. En aquest programa condu\u00eft per Lorena P\u00e9rez i amb la implicaci\u00f3 i col\u00b7laboraci\u00f3 d'\u00c1ngela Bald\u00f3, Marta Mas i David de Tastaolletes, entrevistem a Mila Llinares, alcaldessa de Sella. Analitzem tots els factors que influeixen en el manteniment i despoblament d'un poble. Tamb\u00e9 comptem amb la secci\u00f3 del Rac\u00f3 de TastaLlibres,","og:url":"https:\/\/elcabilo.com\/radio\/2022\/05\/20\/el-turrumpero-3-el-diagnostic-dun-poble-sella\/","og:image":"https:\/\/elcabilo.com\/radio\/files\/2023\/01\/cropped-logo_radio-1.gif","og:image:secure_url":"https:\/\/elcabilo.com\/radio\/files\/2023\/01\/cropped-logo_radio-1.gif","article:published_time":"2022-05-20T07:53:18+00:00","article:modified_time":"2022-06-12T09:35:09+00:00","twitter:card":"summary_large_image","twitter:title":"El Turrumpero- 3. El diagn\u00f2stic d\u2019un poble: Sella - Cabil\u00f3R\u00e0dio","twitter:description":"Torna @Cabil\u00f3_R\u00e0dio amb El Turrumpero. En aquest programa condu\u00eft per Lorena P\u00e9rez i amb la implicaci\u00f3 i col\u00b7laboraci\u00f3 d'\u00c1ngela Bald\u00f3, Marta Mas i David de Tastaolletes, entrevistem a Mila Llinares, alcaldessa de Sella. Analitzem tots els factors que influeixen en el manteniment i despoblament d'un poble. Tamb\u00e9 comptem amb la secci\u00f3 del Rac\u00f3 de TastaLlibres,","twitter:image":"https:\/\/elcabilo.com\/radio\/files\/2023\/01\/cropped-logo_radio-1.gif"},"aioseo_meta_data":{"post_id":"1854","title":null,"description":null,"keywords":null,"keyphrases":null,"primary_term":null,"canonical_url":null,"og_title":null,"og_description":null,"og_object_type":"default","og_image_type":"default","og_image_url":null,"og_image_width":null,"og_image_height":null,"og_image_custom_url":null,"og_image_custom_fields":null,"og_video":null,"og_custom_url":null,"og_article_section":null,"og_article_tags":null,"twitter_use_og":false,"twitter_card":"default","twitter_image_type":"default","twitter_image_url":null,"twitter_image_custom_url":null,"twitter_image_custom_fields":null,"twitter_title":null,"twitter_description":null,"schema":{"blockGraphs":[],"customGraphs":[],"default":{"data":{"Article":[],"Course":[],"Dataset":[],"FAQPage":[],"Movie":[],"Person":[],"Product":[],"ProductReview":[],"Car":[],"Recipe":[],"Service":[],"SoftwareApplication":[],"WebPage":[]},"graphName":"","isEnabled":true},"graphs":[]},"schema_type":"default","schema_type_options":null,"pillar_content":false,"robots_default":true,"robots_noindex":false,"robots_noarchive":false,"robots_nosnippet":false,"robots_nofollow":false,"robots_noimageindex":false,"robots_noodp":false,"robots_notranslate":false,"robots_max_snippet":null,"robots_max_videopreview":null,"robots_max_imagepreview":"large","priority":null,"frequency":null,"local_seo":null,"breadcrumb_settings":null,"limit_modified_date":false,"ai":null,"created":"2023-01-27 22:23:33","updated":"2025-06-08 20:09:56","seo_analyzer_scan_date":null,"focus_keyword":null,"additional_keywords":null,"truseo_locale":null},"aioseo_breadcrumb":"<div class=\"aioseo-breadcrumbs\"><span class=\"aioseo-breadcrumb\">\n\t\t\t<a href=\"https:\/\/elcabilo.com\/radio\" title=\"Home\">Home<\/a>\n\t\t<\/span><span class=\"aioseo-breadcrumb-separator\">&raquo;<\/span><span class=\"aioseo-breadcrumb\">\n\t\t\t<a href=\"https:\/\/elcabilo.com\/radio\/category\/sin-categoria\/\" title=\"Cabil\u00f3 R\u00e0dio\">Cabil\u00f3 R\u00e0dio<\/a>\n\t\t<\/span><span class=\"aioseo-breadcrumb-separator\">&raquo;<\/span><span class=\"aioseo-breadcrumb\">\n\t\t\tEl Turrumpero- 3. El diagn\u00f2stic d\u2019un poble: Sella\n\t\t<\/span><\/div>","aioseo_breadcrumb_json":[{"label":"Home","link":"https:\/\/elcabilo.com\/radio"},{"label":"Cabil\u00f3 R\u00e0dio","link":"https:\/\/elcabilo.com\/radio\/category\/sin-categoria\/"},{"label":"El Turrumpero- 3. El diagn\u00f2stic d&#8217;un poble: Sella","link":"https:\/\/elcabilo.com\/radio\/2022\/05\/20\/el-turrumpero-3-el-diagnostic-dun-poble-sella\/"}],"_links":{"self":[{"href":"https:\/\/elcabilo.com\/radio\/wp-json\/wp\/v2\/posts\/1854","targetHints":{"allow":["GET"]}}],"collection":[{"href":"https:\/\/elcabilo.com\/radio\/wp-json\/wp\/v2\/posts"}],"about":[{"href":"https:\/\/elcabilo.com\/radio\/wp-json\/wp\/v2\/types\/post"}],"author":[{"embeddable":true,"href":"https:\/\/elcabilo.com\/radio\/wp-json\/wp\/v2\/users\/272"}],"replies":[{"embeddable":true,"href":"https:\/\/elcabilo.com\/radio\/wp-json\/wp\/v2\/comments?post=1854"}],"version-history":[{"count":21,"href":"https:\/\/elcabilo.com\/radio\/wp-json\/wp\/v2\/posts\/1854\/revisions"}],"predecessor-version":[{"id":1904,"href":"https:\/\/elcabilo.com\/radio\/wp-json\/wp\/v2\/posts\/1854\/revisions\/1904"}],"wp:featuredmedia":[{"embeddable":true,"href":"https:\/\/elcabilo.com\/radio\/wp-json\/wp\/v2\/media\/1863"}],"wp:attachment":[{"href":"https:\/\/elcabilo.com\/radio\/wp-json\/wp\/v2\/media?parent=1854"}],"wp:term":[{"taxonomy":"category","embeddable":true,"href":"https:\/\/elcabilo.com\/radio\/wp-json\/wp\/v2\/categories?post=1854"},{"taxonomy":"post_tag","embeddable":true,"href":"https:\/\/elcabilo.com\/radio\/wp-json\/wp\/v2\/tags?post=1854"}],"curies":[{"name":"wp","href":"https:\/\/api.w.org\/{rel}","templated":true}]}}