{"id":1951,"date":"2022-09-09T19:06:40","date_gmt":"2022-09-09T17:06:40","guid":{"rendered":"https:\/\/elcabilo.com\/radio\/?p=1951"},"modified":"2022-09-09T19:06:40","modified_gmt":"2022-09-09T17:06:40","slug":"presentacio-del-llibre-fronteres-de-vicent-partal-el-turrumpero-t1xe06","status":"publish","type":"post","link":"https:\/\/elcabilo.com\/radio\/2022\/09\/09\/presentacio-del-llibre-fronteres-de-vicent-partal-el-turrumpero-t1xe06\/","title":{"rendered":"Presentaci\u00f3 del llibre Fronteres de Vicent Partal &#8211; El turrumpero T1xE06"},"content":{"rendered":"\n<p class=\"wp-block-paragraph\">Vos deixem ac\u00ed l&#8217;enregistrament de l&#8217;acte organitzat pel col\u00b7lectiu cultural Tastaolletes, en el qual vam poder gaudir de les an\u00e8cdotes i de les reflexions de Vicent Partal i d&#8217;una aproximaci\u00f3 al llibre, Fronteres. A l&#8217;acte es va poder fer tamb\u00e9 un rep\u00e0s de l&#8217;agenda pol\u00edtica i compartir amb ell un bon sopar de cabasset a la fresca. <\/p>\n\n\n\n<p class=\"wp-block-paragraph\">En l&#8217;edici\u00f3 hem aprofitat per a amenitzar el col\u00b7loqui amb dues can\u00e7ons que parlen de fronteres:<\/p>\n\n\n\n<p class=\"wp-block-paragraph\"> &#8211; M\u00e9s Lluny, d&#8217;Obrint Pas<\/p>\n\n\n\n<p class=\"wp-block-paragraph\"> &#8211; Lo S\u00e9nia no \u00e9s frontera, de Pepet i Marieta (amb la col\u00b7laboraci\u00f3 de Quico el C\u00e9lio, el Noi i el Mut de Ferreries. <\/p>\n\n\n\n<p class=\"wp-block-paragraph\">Des d&#8217;El Turrumpero agra\u00efm a totes les personas que ho van fer possible.<\/p>\n\n\n\n<figure class=\"wp-block-embed is-type-rich is-provider-spotify wp-block-embed-spotify wp-embed-aspect-21-9 wp-has-aspect-ratio\"><div class=\"wp-block-embed__wrapper\">\n<iframe title=\"Spotify Embed: Presentaci\u00f3 del llibre Fronteres de Vicent Partal - El turrumpero T1X06\" style=\"border-radius: 12px\" width=\"100%\" height=\"152\" frameborder=\"0\" allowfullscreen allow=\"autoplay; clipboard-write; encrypted-media; fullscreen; picture-in-picture\" loading=\"lazy\" src=\"https:\/\/open.spotify.com\/embed\/episode\/4sLYegzXosb7gxFOnGTRuk?si=FxpYp8unRkqsBufM7wPpYQ&#038;utm_source=oembed\"><\/iframe>\n<\/div><\/figure>\n","protected":false},"excerpt":{"rendered":"<p>Vos deixem ac\u00ed l&#8217;enregistrament de l&#8217;acte organitzat pel col\u00b7lectiu cultural Tastaolletes, en el qual vam poder gaudir de les an\u00e8cdotes i de les reflexions de Vicent Partal i d&#8217;una aproximaci\u00f3 al llibre, Fronteres. A l&#8217;acte es va poder fer tamb\u00e9 un rep\u00e0s de l&#8217;agenda pol\u00edtica i compartir amb ell un bon sopar de cabasset a [&hellip;]<\/p>\n","protected":false},"author":272,"featured_media":1953,"comment_status":"open","ping_status":"open","sticky":false,"template":"","format":"standard","meta":{"_exactmetrics_skip_tracking":false,"footnotes":""},"categories":[1,28],"tags":[33,32],"class_list":["post-1951","post","type-post","status-publish","format-standard","has-post-thumbnail","hentry","category-sin-categoria","category-el-turrumpero","tag-presentacio","tag-vicent-partal"],"aioseo_notices":[],"aioseo_head":"\n\t\t<!-- All in One SEO 5.0.1 - aioseo.com -->\n\t<meta name=\"description\" content=\"Vos deixem ac\u00ed l&#039;enregistrament de l&#039;acte organitzat pel col\u00b7lectiu cultural Tastaolletes, en el qual vam poder gaudir de les an\u00e8cdotes i de les reflexions de Vicent Partal i d&#039;una aproximaci\u00f3 al llibre, Fronteres. A l&#039;acte es va poder fer tamb\u00e9 un rep\u00e0s de l&#039;agenda pol\u00edtica i compartir amb ell un bon sopar de cabasset a\" \/>\n\t<meta name=\"robots\" content=\"max-image-preview:large\" \/>\n\t<meta name=\"author\" content=\"radio\"\/>\n\t<link rel=\"canonical\" href=\"https:\/\/elcabilo.com\/radio\/2022\/09\/09\/presentacio-del-llibre-fronteres-de-vicent-partal-el-turrumpero-t1xe06\/\" \/>\n\t<meta name=\"generator\" content=\"All in One SEO (AIOSEO) 5.0.1\" \/>\n\t\t<meta property=\"og:locale\" content=\"ca_ES\" \/>\n\t\t<meta property=\"og:site_name\" content=\"Cabil\u00f3R\u00e0dio - La r\u00e0dio online de Sella\" \/>\n\t\t<meta property=\"og:type\" content=\"article\" \/>\n\t\t<meta property=\"og:title\" content=\"Presentaci\u00f3 del llibre Fronteres de Vicent Partal \u2013 El turrumpero T1xE06 - Cabil\u00f3R\u00e0dio\" \/>\n\t\t<meta property=\"og:description\" content=\"Vos deixem ac\u00ed l&#039;enregistrament de l&#039;acte organitzat pel col\u00b7lectiu cultural Tastaolletes, en el qual vam poder gaudir de les an\u00e8cdotes i de les reflexions de Vicent Partal i d&#039;una aproximaci\u00f3 al llibre, Fronteres. A l&#039;acte es va poder fer tamb\u00e9 un rep\u00e0s de l&#039;agenda pol\u00edtica i compartir amb ell un bon sopar de cabasset a\" \/>\n\t\t<meta property=\"og:url\" content=\"https:\/\/elcabilo.com\/radio\/2022\/09\/09\/presentacio-del-llibre-fronteres-de-vicent-partal-el-turrumpero-t1xe06\/\" \/>\n\t\t<meta property=\"og:image\" content=\"https:\/\/elcabilo.com\/radio\/files\/2023\/01\/cropped-logo_radio-1.gif\" \/>\n\t\t<meta property=\"og:image:secure_url\" content=\"https:\/\/elcabilo.com\/radio\/files\/2023\/01\/cropped-logo_radio-1.gif\" \/>\n\t\t<meta property=\"article:published_time\" content=\"2022-09-09T17:06:40+00:00\" \/>\n\t\t<meta property=\"article:modified_time\" content=\"2022-09-09T17:06:40+00:00\" \/>\n\t\t<meta name=\"twitter:card\" content=\"summary_large_image\" \/>\n\t\t<meta name=\"twitter:title\" content=\"Presentaci\u00f3 del llibre Fronteres de Vicent Partal \u2013 El turrumpero T1xE06 - Cabil\u00f3R\u00e0dio\" \/>\n\t\t<meta name=\"twitter:description\" content=\"Vos deixem ac\u00ed l&#039;enregistrament de l&#039;acte organitzat pel col\u00b7lectiu cultural Tastaolletes, en el qual vam poder gaudir de les an\u00e8cdotes i de les reflexions de Vicent Partal i d&#039;una aproximaci\u00f3 al llibre, Fronteres. A l&#039;acte es va poder fer tamb\u00e9 un rep\u00e0s de l&#039;agenda pol\u00edtica i compartir amb ell un bon sopar de cabasset a\" \/>\n\t\t<meta name=\"twitter:image\" content=\"https:\/\/elcabilo.com\/radio\/files\/2023\/01\/cropped-logo_radio-1.gif\" \/>\n\t\t<script type=\"application\/ld+json\" class=\"aioseo-schema\">\n\t\t\t{\"@context\":\"https:\\\/\\\/schema.org\",\"@graph\":[{\"@type\":\"BlogPosting\",\"@id\":\"https:\\\/\\\/elcabilo.com\\\/radio\\\/2022\\\/09\\\/09\\\/presentacio-del-llibre-fronteres-de-vicent-partal-el-turrumpero-t1xe06\\\/#blogposting\",\"name\":\"Presentaci\\u00f3 del llibre Fronteres de Vicent Partal \\u2013 El turrumpero T1xE06 - Cabil\\u00f3R\\u00e0dio\",\"headline\":\"Presentaci\\u00f3 del llibre Fronteres de Vicent Partal &#8211; El turrumpero T1xE06\",\"author\":{\"@id\":\"https:\\\/\\\/elcabilo.com\\\/radio\\\/author\\\/radio\\\/#author\"},\"publisher\":{\"@id\":\"https:\\\/\\\/elcabilo.com\\\/radio\\\/#organization\"},\"image\":{\"@type\":\"ImageObject\",\"url\":\"https:\\\/\\\/elcabilo.com\\\/radio\\\/files\\\/2022\\\/09\\\/Diseno-sin-titulo-2.jpg\",\"width\":1920,\"height\":1080},\"datePublished\":\"2022-09-09T19:06:40+02:00\",\"dateModified\":\"2022-09-09T19:06:40+02:00\",\"inLanguage\":\"ca\",\"mainEntityOfPage\":{\"@id\":\"https:\\\/\\\/elcabilo.com\\\/radio\\\/2022\\\/09\\\/09\\\/presentacio-del-llibre-fronteres-de-vicent-partal-el-turrumpero-t1xe06\\\/#webpage\"},\"isPartOf\":{\"@id\":\"https:\\\/\\\/elcabilo.com\\\/radio\\\/2022\\\/09\\\/09\\\/presentacio-del-llibre-fronteres-de-vicent-partal-el-turrumpero-t1xe06\\\/#webpage\"},\"articleSection\":\"Cabil\\u00f3 R\\u00e0dio, El Turrumpero, Presentaci\\u00f3, Vicent Partal\"},{\"@type\":\"BreadcrumbList\",\"@id\":\"https:\\\/\\\/elcabilo.com\\\/radio\\\/2022\\\/09\\\/09\\\/presentacio-del-llibre-fronteres-de-vicent-partal-el-turrumpero-t1xe06\\\/#breadcrumblist\",\"itemListElement\":[{\"@type\":\"ListItem\",\"@id\":\"https:\\\/\\\/elcabilo.com\\\/radio#listItem\",\"position\":1,\"name\":\"Home\",\"item\":\"https:\\\/\\\/elcabilo.com\\\/radio\",\"nextItem\":{\"@type\":\"ListItem\",\"@id\":\"https:\\\/\\\/elcabilo.com\\\/radio\\\/category\\\/sin-categoria\\\/#listItem\",\"name\":\"Cabil\\u00f3 R\\u00e0dio\"}},{\"@type\":\"ListItem\",\"@id\":\"https:\\\/\\\/elcabilo.com\\\/radio\\\/category\\\/sin-categoria\\\/#listItem\",\"position\":2,\"name\":\"Cabil\\u00f3 R\\u00e0dio\",\"item\":\"https:\\\/\\\/elcabilo.com\\\/radio\\\/category\\\/sin-categoria\\\/\",\"nextItem\":{\"@type\":\"ListItem\",\"@id\":\"https:\\\/\\\/elcabilo.com\\\/radio\\\/2022\\\/09\\\/09\\\/presentacio-del-llibre-fronteres-de-vicent-partal-el-turrumpero-t1xe06\\\/#listItem\",\"name\":\"Presentaci\\u00f3 del llibre Fronteres de Vicent Partal &#8211; El turrumpero T1xE06\"},\"previousItem\":{\"@type\":\"ListItem\",\"@id\":\"https:\\\/\\\/elcabilo.com\\\/radio#listItem\",\"name\":\"Home\"}},{\"@type\":\"ListItem\",\"@id\":\"https:\\\/\\\/elcabilo.com\\\/radio\\\/2022\\\/09\\\/09\\\/presentacio-del-llibre-fronteres-de-vicent-partal-el-turrumpero-t1xe06\\\/#listItem\",\"position\":3,\"name\":\"Presentaci\\u00f3 del llibre Fronteres de Vicent Partal &#8211; El turrumpero T1xE06\",\"previousItem\":{\"@type\":\"ListItem\",\"@id\":\"https:\\\/\\\/elcabilo.com\\\/radio\\\/category\\\/sin-categoria\\\/#listItem\",\"name\":\"Cabil\\u00f3 R\\u00e0dio\"}}]},{\"@type\":\"Organization\",\"@id\":\"https:\\\/\\\/elcabilo.com\\\/radio\\\/#organization\",\"name\":\"Cabil\\u00f3 R\\u00e0dio\",\"description\":\"La r\\u00e0dio online de Sella\",\"url\":\"https:\\\/\\\/elcabilo.com\\\/radio\\\/\",\"logo\":{\"@type\":\"ImageObject\",\"url\":\"https:\\\/\\\/elcabilo.com\\\/radio\\\/files\\\/2023\\\/01\\\/cropped-logo_radio-1.gif\",\"@id\":\"https:\\\/\\\/elcabilo.com\\\/radio\\\/2022\\\/09\\\/09\\\/presentacio-del-llibre-fronteres-de-vicent-partal-el-turrumpero-t1xe06\\\/#organizationLogo\",\"width\":250,\"height\":50},\"image\":{\"@id\":\"https:\\\/\\\/elcabilo.com\\\/radio\\\/2022\\\/09\\\/09\\\/presentacio-del-llibre-fronteres-de-vicent-partal-el-turrumpero-t1xe06\\\/#organizationLogo\"}},{\"@type\":\"Person\",\"@id\":\"https:\\\/\\\/elcabilo.com\\\/radio\\\/author\\\/radio\\\/#author\",\"url\":\"https:\\\/\\\/elcabilo.com\\\/radio\\\/author\\\/radio\\\/\",\"name\":\"radio\",\"image\":{\"@type\":\"ImageObject\",\"@id\":\"https:\\\/\\\/elcabilo.com\\\/radio\\\/2022\\\/09\\\/09\\\/presentacio-del-llibre-fronteres-de-vicent-partal-el-turrumpero-t1xe06\\\/#authorImage\",\"url\":\"https:\\\/\\\/secure.gravatar.com\\\/avatar\\\/bb687b465db46b8e9255d0921cc346091032a91fe77f93721088d5decb8a2d1a?s=96&d=mm&r=g\",\"width\":96,\"height\":96,\"caption\":\"radio\"}},{\"@type\":\"WebPage\",\"@id\":\"https:\\\/\\\/elcabilo.com\\\/radio\\\/2022\\\/09\\\/09\\\/presentacio-del-llibre-fronteres-de-vicent-partal-el-turrumpero-t1xe06\\\/#webpage\",\"url\":\"https:\\\/\\\/elcabilo.com\\\/radio\\\/2022\\\/09\\\/09\\\/presentacio-del-llibre-fronteres-de-vicent-partal-el-turrumpero-t1xe06\\\/\",\"name\":\"Presentaci\\u00f3 del llibre Fronteres de Vicent Partal \\u2013 El turrumpero T1xE06 - Cabil\\u00f3R\\u00e0dio\",\"description\":\"Vos deixem ac\\u00ed l'enregistrament de l'acte organitzat pel col\\u00b7lectiu cultural Tastaolletes, en el qual vam poder gaudir de les an\\u00e8cdotes i de les reflexions de Vicent Partal i d'una aproximaci\\u00f3 al llibre, Fronteres. A l'acte es va poder fer tamb\\u00e9 un rep\\u00e0s de l'agenda pol\\u00edtica i compartir amb ell un bon sopar de cabasset a\",\"inLanguage\":\"ca\",\"isPartOf\":{\"@id\":\"https:\\\/\\\/elcabilo.com\\\/radio\\\/#website\"},\"breadcrumb\":{\"@id\":\"https:\\\/\\\/elcabilo.com\\\/radio\\\/2022\\\/09\\\/09\\\/presentacio-del-llibre-fronteres-de-vicent-partal-el-turrumpero-t1xe06\\\/#breadcrumblist\"},\"author\":{\"@id\":\"https:\\\/\\\/elcabilo.com\\\/radio\\\/author\\\/radio\\\/#author\"},\"creator\":{\"@id\":\"https:\\\/\\\/elcabilo.com\\\/radio\\\/author\\\/radio\\\/#author\"},\"image\":{\"@type\":\"ImageObject\",\"url\":\"https:\\\/\\\/elcabilo.com\\\/radio\\\/files\\\/2022\\\/09\\\/Diseno-sin-titulo-2.jpg\",\"@id\":\"https:\\\/\\\/elcabilo.com\\\/radio\\\/2022\\\/09\\\/09\\\/presentacio-del-llibre-fronteres-de-vicent-partal-el-turrumpero-t1xe06\\\/#mainImage\",\"width\":1920,\"height\":1080},\"primaryImageOfPage\":{\"@id\":\"https:\\\/\\\/elcabilo.com\\\/radio\\\/2022\\\/09\\\/09\\\/presentacio-del-llibre-fronteres-de-vicent-partal-el-turrumpero-t1xe06\\\/#mainImage\"},\"datePublished\":\"2022-09-09T19:06:40+02:00\",\"dateModified\":\"2022-09-09T19:06:40+02:00\"},{\"@type\":\"WebSite\",\"@id\":\"https:\\\/\\\/elcabilo.com\\\/radio\\\/#website\",\"url\":\"https:\\\/\\\/elcabilo.com\\\/radio\\\/\",\"name\":\"Cabil\\u00f3 R\\u00e0dio\",\"description\":\"La r\\u00e0dio online de Sella\",\"inLanguage\":\"ca\",\"publisher\":{\"@id\":\"https:\\\/\\\/elcabilo.com\\\/radio\\\/#organization\"}}]}\n\t\t<\/script>\n\t\t<!-- All in One SEO -->\n\n","aioseo_head_json":{"title":"Presentaci\u00f3 del llibre Fronteres de Vicent Partal \u2013 El turrumpero T1xE06 - Cabil\u00f3R\u00e0dio","description":"Vos deixem ac\u00ed l'enregistrament de l'acte organitzat pel col\u00b7lectiu cultural Tastaolletes, en el qual vam poder gaudir de les an\u00e8cdotes i de les reflexions de Vicent Partal i d'una aproximaci\u00f3 al llibre, Fronteres. A l'acte es va poder fer tamb\u00e9 un rep\u00e0s de l'agenda pol\u00edtica i compartir amb ell un bon sopar de cabasset a","canonical_url":"https:\/\/elcabilo.com\/radio\/2022\/09\/09\/presentacio-del-llibre-fronteres-de-vicent-partal-el-turrumpero-t1xe06\/","robots":"max-image-preview:large","keywords":"","webmasterTools":{"miscellaneous":""},"schema":{"@context":"https:\/\/schema.org","@graph":[{"@type":"BlogPosting","@id":"https:\/\/elcabilo.com\/radio\/2022\/09\/09\/presentacio-del-llibre-fronteres-de-vicent-partal-el-turrumpero-t1xe06\/#blogposting","name":"Presentaci\u00f3 del llibre Fronteres de Vicent Partal \u2013 El turrumpero T1xE06 - Cabil\u00f3R\u00e0dio","headline":"Presentaci\u00f3 del llibre Fronteres de Vicent Partal &#8211; El turrumpero T1xE06","author":{"@id":"https:\/\/elcabilo.com\/radio\/author\/radio\/#author"},"publisher":{"@id":"https:\/\/elcabilo.com\/radio\/#organization"},"image":{"@type":"ImageObject","url":"https:\/\/elcabilo.com\/radio\/files\/2022\/09\/Diseno-sin-titulo-2.jpg","width":1920,"height":1080},"datePublished":"2022-09-09T19:06:40+02:00","dateModified":"2022-09-09T19:06:40+02:00","inLanguage":"ca","mainEntityOfPage":{"@id":"https:\/\/elcabilo.com\/radio\/2022\/09\/09\/presentacio-del-llibre-fronteres-de-vicent-partal-el-turrumpero-t1xe06\/#webpage"},"isPartOf":{"@id":"https:\/\/elcabilo.com\/radio\/2022\/09\/09\/presentacio-del-llibre-fronteres-de-vicent-partal-el-turrumpero-t1xe06\/#webpage"},"articleSection":"Cabil\u00f3 R\u00e0dio, El Turrumpero, Presentaci\u00f3, Vicent Partal"},{"@type":"BreadcrumbList","@id":"https:\/\/elcabilo.com\/radio\/2022\/09\/09\/presentacio-del-llibre-fronteres-de-vicent-partal-el-turrumpero-t1xe06\/#breadcrumblist","itemListElement":[{"@type":"ListItem","@id":"https:\/\/elcabilo.com\/radio#listItem","position":1,"name":"Home","item":"https:\/\/elcabilo.com\/radio","nextItem":{"@type":"ListItem","@id":"https:\/\/elcabilo.com\/radio\/category\/sin-categoria\/#listItem","name":"Cabil\u00f3 R\u00e0dio"}},{"@type":"ListItem","@id":"https:\/\/elcabilo.com\/radio\/category\/sin-categoria\/#listItem","position":2,"name":"Cabil\u00f3 R\u00e0dio","item":"https:\/\/elcabilo.com\/radio\/category\/sin-categoria\/","nextItem":{"@type":"ListItem","@id":"https:\/\/elcabilo.com\/radio\/2022\/09\/09\/presentacio-del-llibre-fronteres-de-vicent-partal-el-turrumpero-t1xe06\/#listItem","name":"Presentaci\u00f3 del llibre Fronteres de Vicent Partal &#8211; El turrumpero T1xE06"},"previousItem":{"@type":"ListItem","@id":"https:\/\/elcabilo.com\/radio#listItem","name":"Home"}},{"@type":"ListItem","@id":"https:\/\/elcabilo.com\/radio\/2022\/09\/09\/presentacio-del-llibre-fronteres-de-vicent-partal-el-turrumpero-t1xe06\/#listItem","position":3,"name":"Presentaci\u00f3 del llibre Fronteres de Vicent Partal &#8211; El turrumpero T1xE06","previousItem":{"@type":"ListItem","@id":"https:\/\/elcabilo.com\/radio\/category\/sin-categoria\/#listItem","name":"Cabil\u00f3 R\u00e0dio"}}]},{"@type":"Organization","@id":"https:\/\/elcabilo.com\/radio\/#organization","name":"Cabil\u00f3 R\u00e0dio","description":"La r\u00e0dio online de Sella","url":"https:\/\/elcabilo.com\/radio\/","logo":{"@type":"ImageObject","url":"https:\/\/elcabilo.com\/radio\/files\/2023\/01\/cropped-logo_radio-1.gif","@id":"https:\/\/elcabilo.com\/radio\/2022\/09\/09\/presentacio-del-llibre-fronteres-de-vicent-partal-el-turrumpero-t1xe06\/#organizationLogo","width":250,"height":50},"image":{"@id":"https:\/\/elcabilo.com\/radio\/2022\/09\/09\/presentacio-del-llibre-fronteres-de-vicent-partal-el-turrumpero-t1xe06\/#organizationLogo"}},{"@type":"Person","@id":"https:\/\/elcabilo.com\/radio\/author\/radio\/#author","url":"https:\/\/elcabilo.com\/radio\/author\/radio\/","name":"radio","image":{"@type":"ImageObject","@id":"https:\/\/elcabilo.com\/radio\/2022\/09\/09\/presentacio-del-llibre-fronteres-de-vicent-partal-el-turrumpero-t1xe06\/#authorImage","url":"https:\/\/secure.gravatar.com\/avatar\/bb687b465db46b8e9255d0921cc346091032a91fe77f93721088d5decb8a2d1a?s=96&d=mm&r=g","width":96,"height":96,"caption":"radio"}},{"@type":"WebPage","@id":"https:\/\/elcabilo.com\/radio\/2022\/09\/09\/presentacio-del-llibre-fronteres-de-vicent-partal-el-turrumpero-t1xe06\/#webpage","url":"https:\/\/elcabilo.com\/radio\/2022\/09\/09\/presentacio-del-llibre-fronteres-de-vicent-partal-el-turrumpero-t1xe06\/","name":"Presentaci\u00f3 del llibre Fronteres de Vicent Partal \u2013 El turrumpero T1xE06 - Cabil\u00f3R\u00e0dio","description":"Vos deixem ac\u00ed l'enregistrament de l'acte organitzat pel col\u00b7lectiu cultural Tastaolletes, en el qual vam poder gaudir de les an\u00e8cdotes i de les reflexions de Vicent Partal i d'una aproximaci\u00f3 al llibre, Fronteres. A l'acte es va poder fer tamb\u00e9 un rep\u00e0s de l'agenda pol\u00edtica i compartir amb ell un bon sopar de cabasset a","inLanguage":"ca","isPartOf":{"@id":"https:\/\/elcabilo.com\/radio\/#website"},"breadcrumb":{"@id":"https:\/\/elcabilo.com\/radio\/2022\/09\/09\/presentacio-del-llibre-fronteres-de-vicent-partal-el-turrumpero-t1xe06\/#breadcrumblist"},"author":{"@id":"https:\/\/elcabilo.com\/radio\/author\/radio\/#author"},"creator":{"@id":"https:\/\/elcabilo.com\/radio\/author\/radio\/#author"},"image":{"@type":"ImageObject","url":"https:\/\/elcabilo.com\/radio\/files\/2022\/09\/Diseno-sin-titulo-2.jpg","@id":"https:\/\/elcabilo.com\/radio\/2022\/09\/09\/presentacio-del-llibre-fronteres-de-vicent-partal-el-turrumpero-t1xe06\/#mainImage","width":1920,"height":1080},"primaryImageOfPage":{"@id":"https:\/\/elcabilo.com\/radio\/2022\/09\/09\/presentacio-del-llibre-fronteres-de-vicent-partal-el-turrumpero-t1xe06\/#mainImage"},"datePublished":"2022-09-09T19:06:40+02:00","dateModified":"2022-09-09T19:06:40+02:00"},{"@type":"WebSite","@id":"https:\/\/elcabilo.com\/radio\/#website","url":"https:\/\/elcabilo.com\/radio\/","name":"Cabil\u00f3 R\u00e0dio","description":"La r\u00e0dio online de Sella","inLanguage":"ca","publisher":{"@id":"https:\/\/elcabilo.com\/radio\/#organization"}}]},"og:locale":"ca_ES","og:site_name":"Cabil\u00f3R\u00e0dio - La r\u00e0dio online de Sella","og:type":"article","og:title":"Presentaci\u00f3 del llibre Fronteres de Vicent Partal \u2013 El turrumpero T1xE06 - Cabil\u00f3R\u00e0dio","og:description":"Vos deixem ac\u00ed l'enregistrament de l'acte organitzat pel col\u00b7lectiu cultural Tastaolletes, en el qual vam poder gaudir de les an\u00e8cdotes i de les reflexions de Vicent Partal i d'una aproximaci\u00f3 al llibre, Fronteres. A l'acte es va poder fer tamb\u00e9 un rep\u00e0s de l'agenda pol\u00edtica i compartir amb ell un bon sopar de cabasset a","og:url":"https:\/\/elcabilo.com\/radio\/2022\/09\/09\/presentacio-del-llibre-fronteres-de-vicent-partal-el-turrumpero-t1xe06\/","og:image":"https:\/\/elcabilo.com\/radio\/files\/2023\/01\/cropped-logo_radio-1.gif","og:image:secure_url":"https:\/\/elcabilo.com\/radio\/files\/2023\/01\/cropped-logo_radio-1.gif","article:published_time":"2022-09-09T17:06:40+00:00","article:modified_time":"2022-09-09T17:06:40+00:00","twitter:card":"summary_large_image","twitter:title":"Presentaci\u00f3 del llibre Fronteres de Vicent Partal \u2013 El turrumpero T1xE06 - Cabil\u00f3R\u00e0dio","twitter:description":"Vos deixem ac\u00ed l'enregistrament de l'acte organitzat pel col\u00b7lectiu cultural Tastaolletes, en el qual vam poder gaudir de les an\u00e8cdotes i de les reflexions de Vicent Partal i d'una aproximaci\u00f3 al llibre, Fronteres. A l'acte es va poder fer tamb\u00e9 un rep\u00e0s de l'agenda pol\u00edtica i compartir amb ell un bon sopar de cabasset a","twitter:image":"https:\/\/elcabilo.com\/radio\/files\/2023\/01\/cropped-logo_radio-1.gif"},"aioseo_meta_data":{"post_id":"1951","title":null,"description":null,"keywords":null,"keyphrases":null,"primary_term":null,"canonical_url":null,"og_title":null,"og_description":null,"og_object_type":"default","og_image_type":"default","og_image_url":null,"og_image_width":null,"og_image_height":null,"og_image_custom_url":null,"og_image_custom_fields":null,"og_video":null,"og_custom_url":null,"og_article_section":null,"og_article_tags":null,"twitter_use_og":false,"twitter_card":"default","twitter_image_type":"default","twitter_image_url":null,"twitter_image_custom_url":null,"twitter_image_custom_fields":null,"twitter_title":null,"twitter_description":null,"schema":{"blockGraphs":[],"customGraphs":[],"default":{"data":{"Article":[],"Course":[],"Dataset":[],"FAQPage":[],"Movie":[],"Person":[],"Product":[],"ProductReview":[],"Car":[],"Recipe":[],"Service":[],"SoftwareApplication":[],"WebPage":[]},"graphName":"","isEnabled":true},"graphs":[]},"schema_type":"default","schema_type_options":null,"pillar_content":false,"robots_default":true,"robots_noindex":false,"robots_noarchive":false,"robots_nosnippet":false,"robots_nofollow":false,"robots_noimageindex":false,"robots_noodp":false,"robots_notranslate":false,"robots_max_snippet":null,"robots_max_videopreview":null,"robots_max_imagepreview":"large","priority":null,"frequency":null,"local_seo":null,"breadcrumb_settings":null,"limit_modified_date":false,"ai":null,"created":"2023-01-27 22:24:41","updated":"2025-06-08 20:24:38","seo_analyzer_scan_date":null,"focus_keyword":null,"additional_keywords":null,"truseo_locale":null},"aioseo_breadcrumb":"<div class=\"aioseo-breadcrumbs\"><span class=\"aioseo-breadcrumb\">\n\t\t\t<a href=\"https:\/\/elcabilo.com\/radio\" title=\"Home\">Home<\/a>\n\t\t<\/span><span class=\"aioseo-breadcrumb-separator\">&raquo;<\/span><span class=\"aioseo-breadcrumb\">\n\t\t\t<a href=\"https:\/\/elcabilo.com\/radio\/category\/sin-categoria\/\" title=\"Cabil\u00f3 R\u00e0dio\">Cabil\u00f3 R\u00e0dio<\/a>\n\t\t<\/span><span class=\"aioseo-breadcrumb-separator\">&raquo;<\/span><span class=\"aioseo-breadcrumb\">\n\t\t\tPresentaci\u00f3 del llibre Fronteres de Vicent Partal \u2013 El turrumpero T1xE06\n\t\t<\/span><\/div>","aioseo_breadcrumb_json":[{"label":"Home","link":"https:\/\/elcabilo.com\/radio"},{"label":"Cabil\u00f3 R\u00e0dio","link":"https:\/\/elcabilo.com\/radio\/category\/sin-categoria\/"},{"label":"Presentaci\u00f3 del llibre Fronteres de Vicent Partal &#8211; El turrumpero T1xE06","link":"https:\/\/elcabilo.com\/radio\/2022\/09\/09\/presentacio-del-llibre-fronteres-de-vicent-partal-el-turrumpero-t1xe06\/"}],"_links":{"self":[{"href":"https:\/\/elcabilo.com\/radio\/wp-json\/wp\/v2\/posts\/1951","targetHints":{"allow":["GET"]}}],"collection":[{"href":"https:\/\/elcabilo.com\/radio\/wp-json\/wp\/v2\/posts"}],"about":[{"href":"https:\/\/elcabilo.com\/radio\/wp-json\/wp\/v2\/types\/post"}],"author":[{"embeddable":true,"href":"https:\/\/elcabilo.com\/radio\/wp-json\/wp\/v2\/users\/272"}],"replies":[{"embeddable":true,"href":"https:\/\/elcabilo.com\/radio\/wp-json\/wp\/v2\/comments?post=1951"}],"version-history":[{"count":3,"href":"https:\/\/elcabilo.com\/radio\/wp-json\/wp\/v2\/posts\/1951\/revisions"}],"predecessor-version":[{"id":1955,"href":"https:\/\/elcabilo.com\/radio\/wp-json\/wp\/v2\/posts\/1951\/revisions\/1955"}],"wp:featuredmedia":[{"embeddable":true,"href":"https:\/\/elcabilo.com\/radio\/wp-json\/wp\/v2\/media\/1953"}],"wp:attachment":[{"href":"https:\/\/elcabilo.com\/radio\/wp-json\/wp\/v2\/media?parent=1951"}],"wp:term":[{"taxonomy":"category","embeddable":true,"href":"https:\/\/elcabilo.com\/radio\/wp-json\/wp\/v2\/categories?post=1951"},{"taxonomy":"post_tag","embeddable":true,"href":"https:\/\/elcabilo.com\/radio\/wp-json\/wp\/v2\/tags?post=1951"}],"curies":[{"name":"wp","href":"https:\/\/api.w.org\/{rel}","templated":true}]}}