{"id":1959,"date":"2022-09-19T19:35:57","date_gmt":"2022-09-19T17:35:57","guid":{"rendered":"https:\/\/elcabilo.com\/radio\/?p=1959"},"modified":"2022-09-19T21:37:58","modified_gmt":"2022-09-19T19:37:58","slug":"presentacio-de-la-giap-raco-de-tastallibres-peccata-minuta-el-turrumpero-t2xe01","status":"publish","type":"post","link":"https:\/\/elcabilo.com\/radio\/2022\/09\/19\/presentacio-de-la-giap-raco-de-tastallibres-peccata-minuta-el-turrumpero-t2xe01\/","title":{"rendered":"Presentaci\u00f3 de la GIAP &#8211; Rac\u00f2 de Tastallibres: Peccata Minuta.- El turrumpero T2xE01"},"content":{"rendered":"\n<p class=\"wp-block-paragraph\">Deixem ac\u00ed un programa carregadisim de contingut: Primer parlem amb els integrants de la GIAP; l&#8217;estudi sociol\u00f2gic que s&#8217;est\u00e0 fent a Sella, amb Anabel Ortu\u00f1o com a coordinadora i incitadora, al costat del grup motor : Massa, Maite Huerta i Steve Green.<br>Despr\u00e9s escoltarem la presentaci\u00f3 del llibre de festes i acabarem amb el Rac\u00f3 de Tastallibres on debatem sobre Peccata Minuta, el primer llibre er\u00f2tic que s&#8217;ha presentat en la tert\u00falia, espai coordinat per Angela Bald\u00f3, i en el qual participen Marta M\u00e1s, Paqui Cano, David de Tastaolletes i Lorena P\u00e9rez.<br>Amb l&#8217;aportaci\u00f3 i presentaci\u00f3 musical de David, que ens ha portat per a aquesta ocasi\u00f3:<\/p>\n\n\n\n<ul class=\"wp-block-list\"><li>Quant surt el sol de Brams  i<\/li><\/ul>\n\n\n\n<ul class=\"wp-block-list\"><li>Finals Blaus de Oques Grasses.<br><\/li><\/ul>\n\n\n\n<p class=\"wp-block-paragraph\">Mencionar que per a tancar el programa hem triat, per a aquesta segona temporada, Apocalipto de Miquel Morales.<\/p>\n\n\n\n<p class=\"wp-block-paragraph\">Gr\u00e0cies a tots per participar i escoltar-nos.<\/p>\n\n\n\n<figure class=\"wp-block-embed is-type-rich is-provider-spotify wp-block-embed-spotify wp-embed-aspect-21-9 wp-has-aspect-ratio\"><div class=\"wp-block-embed__wrapper\">\n<iframe title=\"Spotify Embed: Presentaci\u00f3 de la GIAP i al Rac\u00f3 de Tastallibres : Peccata Minuta.- El turrumpero T2xE01\" style=\"border-radius: 12px\" width=\"100%\" height=\"152\" frameborder=\"0\" allowfullscreen allow=\"autoplay; clipboard-write; encrypted-media; fullscreen; picture-in-picture\" loading=\"lazy\" src=\"https:\/\/open.spotify.com\/embed\/episode\/6vE1lVOAf3lYwcIGkDrbkC?si=75510879f64a4b6e&#038;utm_source=oembed\"><\/iframe>\n<\/div><\/figure>\n\n\n\n<figure class=\"wp-block-embed is-type-rich is-provider-spotify wp-block-embed-spotify wp-embed-aspect-21-9 wp-has-aspect-ratio\"><div class=\"wp-block-embed__wrapper\">\n<iframe title=\"Spotify Embed: El rac\u00f3 de Tastallibres: Peccata Minuta T2XE1\" style=\"border-radius: 12px\" width=\"100%\" height=\"152\" frameborder=\"0\" allowfullscreen allow=\"autoplay; clipboard-write; encrypted-media; fullscreen; picture-in-picture\" loading=\"lazy\" src=\"https:\/\/open.spotify.com\/embed\/episode\/4EmejAZJqDTHjbVRsa0Coi?si=f16b217cfbca4e77&#038;utm_source=oembed\"><\/iframe>\n<\/div><\/figure>\n","protected":false},"excerpt":{"rendered":"<p>Deixem ac\u00ed un programa carregadisim de contingut: Primer parlem amb els integrants de la GIAP; l&#8217;estudi sociol\u00f2gic que s&#8217;est\u00e0 fent a Sella, amb Anabel Ortu\u00f1o com a coordinadora i incitadora, al costat del grup motor : Massa, Maite Huerta i Steve Green.Despr\u00e9s escoltarem la presentaci\u00f3 del llibre de festes i acabarem amb el Rac\u00f3 de [&hellip;]<\/p>\n","protected":false},"author":272,"featured_media":1960,"comment_status":"open","ping_status":"open","sticky":false,"template":"","format":"standard","meta":{"_exactmetrics_skip_tracking":false,"footnotes":""},"categories":[1,28,23],"tags":[],"class_list":["post-1959","post","type-post","status-publish","format-standard","has-post-thumbnail","hentry","category-sin-categoria","category-el-turrumpero","category-entrevistes"],"aioseo_notices":[],"aioseo_head":"\n\t\t<!-- All in One SEO 5.0.1 - aioseo.com -->\n\t<meta name=\"description\" content=\"Deixem ac\u00ed un programa carregadisim de contingut: Primer parlem amb els integrants de la GIAP; l&#039;estudi sociol\u00f2gic que s&#039;est\u00e0 fent a Sella, amb Anabel Ortu\u00f1o com a coordinadora i incitadora, al costat del grup motor : Massa, Maite Huerta i Steve Green.Despr\u00e9s escoltarem la presentaci\u00f3 del llibre de festes i acabarem amb el Rac\u00f3 de\" \/>\n\t<meta name=\"robots\" content=\"max-image-preview:large\" \/>\n\t<meta name=\"author\" content=\"radio\"\/>\n\t<link rel=\"canonical\" href=\"https:\/\/elcabilo.com\/radio\/2022\/09\/19\/presentacio-de-la-giap-raco-de-tastallibres-peccata-minuta-el-turrumpero-t2xe01\/\" \/>\n\t<meta name=\"generator\" content=\"All in One SEO (AIOSEO) 5.0.1\" \/>\n\t\t<meta property=\"og:locale\" content=\"ca_ES\" \/>\n\t\t<meta property=\"og:site_name\" content=\"Cabil\u00f3R\u00e0dio - La r\u00e0dio online de Sella\" \/>\n\t\t<meta property=\"og:type\" content=\"article\" \/>\n\t\t<meta property=\"og:title\" content=\"Presentaci\u00f3 de la GIAP \u2013 Rac\u00f2 de Tastallibres: Peccata Minuta.- El turrumpero T2xE01 - Cabil\u00f3R\u00e0dio\" \/>\n\t\t<meta property=\"og:description\" content=\"Deixem ac\u00ed un programa carregadisim de contingut: Primer parlem amb els integrants de la GIAP; l&#039;estudi sociol\u00f2gic que s&#039;est\u00e0 fent a Sella, amb Anabel Ortu\u00f1o com a coordinadora i incitadora, al costat del grup motor : Massa, Maite Huerta i Steve Green.Despr\u00e9s escoltarem la presentaci\u00f3 del llibre de festes i acabarem amb el Rac\u00f3 de\" \/>\n\t\t<meta property=\"og:url\" content=\"https:\/\/elcabilo.com\/radio\/2022\/09\/19\/presentacio-de-la-giap-raco-de-tastallibres-peccata-minuta-el-turrumpero-t2xe01\/\" \/>\n\t\t<meta property=\"og:image\" content=\"https:\/\/elcabilo.com\/radio\/files\/2023\/01\/cropped-logo_radio-1.gif\" \/>\n\t\t<meta property=\"og:image:secure_url\" content=\"https:\/\/elcabilo.com\/radio\/files\/2023\/01\/cropped-logo_radio-1.gif\" \/>\n\t\t<meta property=\"article:published_time\" content=\"2022-09-19T17:35:57+00:00\" \/>\n\t\t<meta property=\"article:modified_time\" content=\"2022-09-19T19:37:58+00:00\" \/>\n\t\t<meta name=\"twitter:card\" content=\"summary_large_image\" \/>\n\t\t<meta name=\"twitter:title\" content=\"Presentaci\u00f3 de la GIAP \u2013 Rac\u00f2 de Tastallibres: Peccata Minuta.- El turrumpero T2xE01 - Cabil\u00f3R\u00e0dio\" \/>\n\t\t<meta name=\"twitter:description\" content=\"Deixem ac\u00ed un programa carregadisim de contingut: Primer parlem amb els integrants de la GIAP; l&#039;estudi sociol\u00f2gic que s&#039;est\u00e0 fent a Sella, amb Anabel Ortu\u00f1o com a coordinadora i incitadora, al costat del grup motor : Massa, Maite Huerta i Steve Green.Despr\u00e9s escoltarem la presentaci\u00f3 del llibre de festes i acabarem amb el Rac\u00f3 de\" \/>\n\t\t<meta name=\"twitter:image\" content=\"https:\/\/elcabilo.com\/radio\/files\/2023\/01\/cropped-logo_radio-1.gif\" \/>\n\t\t<script type=\"application\/ld+json\" class=\"aioseo-schema\">\n\t\t\t{\"@context\":\"https:\\\/\\\/schema.org\",\"@graph\":[{\"@type\":\"BlogPosting\",\"@id\":\"https:\\\/\\\/elcabilo.com\\\/radio\\\/2022\\\/09\\\/19\\\/presentacio-de-la-giap-raco-de-tastallibres-peccata-minuta-el-turrumpero-t2xe01\\\/#blogposting\",\"name\":\"Presentaci\\u00f3 de la GIAP \\u2013 Rac\\u00f2 de Tastallibres: Peccata Minuta.- El turrumpero T2xE01 - Cabil\\u00f3R\\u00e0dio\",\"headline\":\"Presentaci\\u00f3 de la GIAP &#8211; Rac\\u00f2 de Tastallibres: Peccata Minuta.- El turrumpero T2xE01\",\"author\":{\"@id\":\"https:\\\/\\\/elcabilo.com\\\/radio\\\/author\\\/radio\\\/#author\"},\"publisher\":{\"@id\":\"https:\\\/\\\/elcabilo.com\\\/radio\\\/#organization\"},\"image\":{\"@type\":\"ImageObject\",\"url\":\"https:\\\/\\\/elcabilo.com\\\/radio\\\/files\\\/2022\\\/09\\\/IMG_20220807_194811-scaled.jpg\",\"width\":2560,\"height\":1920,\"caption\":\"smart\"},\"datePublished\":\"2022-09-19T19:35:57+02:00\",\"dateModified\":\"2022-09-19T21:37:58+02:00\",\"inLanguage\":\"ca\",\"commentCount\":4,\"mainEntityOfPage\":{\"@id\":\"https:\\\/\\\/elcabilo.com\\\/radio\\\/2022\\\/09\\\/19\\\/presentacio-de-la-giap-raco-de-tastallibres-peccata-minuta-el-turrumpero-t2xe01\\\/#webpage\"},\"isPartOf\":{\"@id\":\"https:\\\/\\\/elcabilo.com\\\/radio\\\/2022\\\/09\\\/19\\\/presentacio-de-la-giap-raco-de-tastallibres-peccata-minuta-el-turrumpero-t2xe01\\\/#webpage\"},\"articleSection\":\"Cabil\\u00f3 R\\u00e0dio, El Turrumpero, Entrevistes\"},{\"@type\":\"BreadcrumbList\",\"@id\":\"https:\\\/\\\/elcabilo.com\\\/radio\\\/2022\\\/09\\\/19\\\/presentacio-de-la-giap-raco-de-tastallibres-peccata-minuta-el-turrumpero-t2xe01\\\/#breadcrumblist\",\"itemListElement\":[{\"@type\":\"ListItem\",\"@id\":\"https:\\\/\\\/elcabilo.com\\\/radio#listItem\",\"position\":1,\"name\":\"Home\",\"item\":\"https:\\\/\\\/elcabilo.com\\\/radio\",\"nextItem\":{\"@type\":\"ListItem\",\"@id\":\"https:\\\/\\\/elcabilo.com\\\/radio\\\/category\\\/sin-categoria\\\/#listItem\",\"name\":\"Cabil\\u00f3 R\\u00e0dio\"}},{\"@type\":\"ListItem\",\"@id\":\"https:\\\/\\\/elcabilo.com\\\/radio\\\/category\\\/sin-categoria\\\/#listItem\",\"position\":2,\"name\":\"Cabil\\u00f3 R\\u00e0dio\",\"item\":\"https:\\\/\\\/elcabilo.com\\\/radio\\\/category\\\/sin-categoria\\\/\",\"nextItem\":{\"@type\":\"ListItem\",\"@id\":\"https:\\\/\\\/elcabilo.com\\\/radio\\\/2022\\\/09\\\/19\\\/presentacio-de-la-giap-raco-de-tastallibres-peccata-minuta-el-turrumpero-t2xe01\\\/#listItem\",\"name\":\"Presentaci\\u00f3 de la GIAP &#8211; Rac\\u00f2 de Tastallibres: Peccata Minuta.- El turrumpero T2xE01\"},\"previousItem\":{\"@type\":\"ListItem\",\"@id\":\"https:\\\/\\\/elcabilo.com\\\/radio#listItem\",\"name\":\"Home\"}},{\"@type\":\"ListItem\",\"@id\":\"https:\\\/\\\/elcabilo.com\\\/radio\\\/2022\\\/09\\\/19\\\/presentacio-de-la-giap-raco-de-tastallibres-peccata-minuta-el-turrumpero-t2xe01\\\/#listItem\",\"position\":3,\"name\":\"Presentaci\\u00f3 de la GIAP &#8211; Rac\\u00f2 de Tastallibres: Peccata Minuta.- El turrumpero T2xE01\",\"previousItem\":{\"@type\":\"ListItem\",\"@id\":\"https:\\\/\\\/elcabilo.com\\\/radio\\\/category\\\/sin-categoria\\\/#listItem\",\"name\":\"Cabil\\u00f3 R\\u00e0dio\"}}]},{\"@type\":\"Organization\",\"@id\":\"https:\\\/\\\/elcabilo.com\\\/radio\\\/#organization\",\"name\":\"Cabil\\u00f3 R\\u00e0dio\",\"description\":\"La r\\u00e0dio online de Sella\",\"url\":\"https:\\\/\\\/elcabilo.com\\\/radio\\\/\",\"logo\":{\"@type\":\"ImageObject\",\"url\":\"https:\\\/\\\/elcabilo.com\\\/radio\\\/files\\\/2023\\\/01\\\/cropped-logo_radio-1.gif\",\"@id\":\"https:\\\/\\\/elcabilo.com\\\/radio\\\/2022\\\/09\\\/19\\\/presentacio-de-la-giap-raco-de-tastallibres-peccata-minuta-el-turrumpero-t2xe01\\\/#organizationLogo\",\"width\":250,\"height\":50},\"image\":{\"@id\":\"https:\\\/\\\/elcabilo.com\\\/radio\\\/2022\\\/09\\\/19\\\/presentacio-de-la-giap-raco-de-tastallibres-peccata-minuta-el-turrumpero-t2xe01\\\/#organizationLogo\"}},{\"@type\":\"Person\",\"@id\":\"https:\\\/\\\/elcabilo.com\\\/radio\\\/author\\\/radio\\\/#author\",\"url\":\"https:\\\/\\\/elcabilo.com\\\/radio\\\/author\\\/radio\\\/\",\"name\":\"radio\",\"image\":{\"@type\":\"ImageObject\",\"@id\":\"https:\\\/\\\/elcabilo.com\\\/radio\\\/2022\\\/09\\\/19\\\/presentacio-de-la-giap-raco-de-tastallibres-peccata-minuta-el-turrumpero-t2xe01\\\/#authorImage\",\"url\":\"https:\\\/\\\/secure.gravatar.com\\\/avatar\\\/bb687b465db46b8e9255d0921cc346091032a91fe77f93721088d5decb8a2d1a?s=96&d=mm&r=g\",\"width\":96,\"height\":96,\"caption\":\"radio\"}},{\"@type\":\"WebPage\",\"@id\":\"https:\\\/\\\/elcabilo.com\\\/radio\\\/2022\\\/09\\\/19\\\/presentacio-de-la-giap-raco-de-tastallibres-peccata-minuta-el-turrumpero-t2xe01\\\/#webpage\",\"url\":\"https:\\\/\\\/elcabilo.com\\\/radio\\\/2022\\\/09\\\/19\\\/presentacio-de-la-giap-raco-de-tastallibres-peccata-minuta-el-turrumpero-t2xe01\\\/\",\"name\":\"Presentaci\\u00f3 de la GIAP \\u2013 Rac\\u00f2 de Tastallibres: Peccata Minuta.- El turrumpero T2xE01 - Cabil\\u00f3R\\u00e0dio\",\"description\":\"Deixem ac\\u00ed un programa carregadisim de contingut: Primer parlem amb els integrants de la GIAP; l'estudi sociol\\u00f2gic que s'est\\u00e0 fent a Sella, amb Anabel Ortu\\u00f1o com a coordinadora i incitadora, al costat del grup motor : Massa, Maite Huerta i Steve Green.Despr\\u00e9s escoltarem la presentaci\\u00f3 del llibre de festes i acabarem amb el Rac\\u00f3 de\",\"inLanguage\":\"ca\",\"isPartOf\":{\"@id\":\"https:\\\/\\\/elcabilo.com\\\/radio\\\/#website\"},\"breadcrumb\":{\"@id\":\"https:\\\/\\\/elcabilo.com\\\/radio\\\/2022\\\/09\\\/19\\\/presentacio-de-la-giap-raco-de-tastallibres-peccata-minuta-el-turrumpero-t2xe01\\\/#breadcrumblist\"},\"author\":{\"@id\":\"https:\\\/\\\/elcabilo.com\\\/radio\\\/author\\\/radio\\\/#author\"},\"creator\":{\"@id\":\"https:\\\/\\\/elcabilo.com\\\/radio\\\/author\\\/radio\\\/#author\"},\"image\":{\"@type\":\"ImageObject\",\"url\":\"https:\\\/\\\/elcabilo.com\\\/radio\\\/files\\\/2022\\\/09\\\/IMG_20220807_194811-scaled.jpg\",\"@id\":\"https:\\\/\\\/elcabilo.com\\\/radio\\\/2022\\\/09\\\/19\\\/presentacio-de-la-giap-raco-de-tastallibres-peccata-minuta-el-turrumpero-t2xe01\\\/#mainImage\",\"width\":2560,\"height\":1920,\"caption\":\"smart\"},\"primaryImageOfPage\":{\"@id\":\"https:\\\/\\\/elcabilo.com\\\/radio\\\/2022\\\/09\\\/19\\\/presentacio-de-la-giap-raco-de-tastallibres-peccata-minuta-el-turrumpero-t2xe01\\\/#mainImage\"},\"datePublished\":\"2022-09-19T19:35:57+02:00\",\"dateModified\":\"2022-09-19T21:37:58+02:00\"},{\"@type\":\"WebSite\",\"@id\":\"https:\\\/\\\/elcabilo.com\\\/radio\\\/#website\",\"url\":\"https:\\\/\\\/elcabilo.com\\\/radio\\\/\",\"name\":\"Cabil\\u00f3 R\\u00e0dio\",\"description\":\"La r\\u00e0dio online de Sella\",\"inLanguage\":\"ca\",\"publisher\":{\"@id\":\"https:\\\/\\\/elcabilo.com\\\/radio\\\/#organization\"}}]}\n\t\t<\/script>\n\t\t<!-- All in One SEO -->\n\n","aioseo_head_json":{"title":"Presentaci\u00f3 de la GIAP \u2013 Rac\u00f2 de Tastallibres: Peccata Minuta.- El turrumpero T2xE01 - Cabil\u00f3R\u00e0dio","description":"Deixem ac\u00ed un programa carregadisim de contingut: Primer parlem amb els integrants de la GIAP; l'estudi sociol\u00f2gic que s'est\u00e0 fent a Sella, amb Anabel Ortu\u00f1o com a coordinadora i incitadora, al costat del grup motor : Massa, Maite Huerta i Steve Green.Despr\u00e9s escoltarem la presentaci\u00f3 del llibre de festes i acabarem amb el Rac\u00f3 de","canonical_url":"https:\/\/elcabilo.com\/radio\/2022\/09\/19\/presentacio-de-la-giap-raco-de-tastallibres-peccata-minuta-el-turrumpero-t2xe01\/","robots":"max-image-preview:large","keywords":"","webmasterTools":{"miscellaneous":""},"schema":{"@context":"https:\/\/schema.org","@graph":[{"@type":"BlogPosting","@id":"https:\/\/elcabilo.com\/radio\/2022\/09\/19\/presentacio-de-la-giap-raco-de-tastallibres-peccata-minuta-el-turrumpero-t2xe01\/#blogposting","name":"Presentaci\u00f3 de la GIAP \u2013 Rac\u00f2 de Tastallibres: Peccata Minuta.- El turrumpero T2xE01 - Cabil\u00f3R\u00e0dio","headline":"Presentaci\u00f3 de la GIAP &#8211; Rac\u00f2 de Tastallibres: Peccata Minuta.- El turrumpero T2xE01","author":{"@id":"https:\/\/elcabilo.com\/radio\/author\/radio\/#author"},"publisher":{"@id":"https:\/\/elcabilo.com\/radio\/#organization"},"image":{"@type":"ImageObject","url":"https:\/\/elcabilo.com\/radio\/files\/2022\/09\/IMG_20220807_194811-scaled.jpg","width":2560,"height":1920,"caption":"smart"},"datePublished":"2022-09-19T19:35:57+02:00","dateModified":"2022-09-19T21:37:58+02:00","inLanguage":"ca","commentCount":4,"mainEntityOfPage":{"@id":"https:\/\/elcabilo.com\/radio\/2022\/09\/19\/presentacio-de-la-giap-raco-de-tastallibres-peccata-minuta-el-turrumpero-t2xe01\/#webpage"},"isPartOf":{"@id":"https:\/\/elcabilo.com\/radio\/2022\/09\/19\/presentacio-de-la-giap-raco-de-tastallibres-peccata-minuta-el-turrumpero-t2xe01\/#webpage"},"articleSection":"Cabil\u00f3 R\u00e0dio, El Turrumpero, Entrevistes"},{"@type":"BreadcrumbList","@id":"https:\/\/elcabilo.com\/radio\/2022\/09\/19\/presentacio-de-la-giap-raco-de-tastallibres-peccata-minuta-el-turrumpero-t2xe01\/#breadcrumblist","itemListElement":[{"@type":"ListItem","@id":"https:\/\/elcabilo.com\/radio#listItem","position":1,"name":"Home","item":"https:\/\/elcabilo.com\/radio","nextItem":{"@type":"ListItem","@id":"https:\/\/elcabilo.com\/radio\/category\/sin-categoria\/#listItem","name":"Cabil\u00f3 R\u00e0dio"}},{"@type":"ListItem","@id":"https:\/\/elcabilo.com\/radio\/category\/sin-categoria\/#listItem","position":2,"name":"Cabil\u00f3 R\u00e0dio","item":"https:\/\/elcabilo.com\/radio\/category\/sin-categoria\/","nextItem":{"@type":"ListItem","@id":"https:\/\/elcabilo.com\/radio\/2022\/09\/19\/presentacio-de-la-giap-raco-de-tastallibres-peccata-minuta-el-turrumpero-t2xe01\/#listItem","name":"Presentaci\u00f3 de la GIAP &#8211; Rac\u00f2 de Tastallibres: Peccata Minuta.- El turrumpero T2xE01"},"previousItem":{"@type":"ListItem","@id":"https:\/\/elcabilo.com\/radio#listItem","name":"Home"}},{"@type":"ListItem","@id":"https:\/\/elcabilo.com\/radio\/2022\/09\/19\/presentacio-de-la-giap-raco-de-tastallibres-peccata-minuta-el-turrumpero-t2xe01\/#listItem","position":3,"name":"Presentaci\u00f3 de la GIAP &#8211; Rac\u00f2 de Tastallibres: Peccata Minuta.- El turrumpero T2xE01","previousItem":{"@type":"ListItem","@id":"https:\/\/elcabilo.com\/radio\/category\/sin-categoria\/#listItem","name":"Cabil\u00f3 R\u00e0dio"}}]},{"@type":"Organization","@id":"https:\/\/elcabilo.com\/radio\/#organization","name":"Cabil\u00f3 R\u00e0dio","description":"La r\u00e0dio online de Sella","url":"https:\/\/elcabilo.com\/radio\/","logo":{"@type":"ImageObject","url":"https:\/\/elcabilo.com\/radio\/files\/2023\/01\/cropped-logo_radio-1.gif","@id":"https:\/\/elcabilo.com\/radio\/2022\/09\/19\/presentacio-de-la-giap-raco-de-tastallibres-peccata-minuta-el-turrumpero-t2xe01\/#organizationLogo","width":250,"height":50},"image":{"@id":"https:\/\/elcabilo.com\/radio\/2022\/09\/19\/presentacio-de-la-giap-raco-de-tastallibres-peccata-minuta-el-turrumpero-t2xe01\/#organizationLogo"}},{"@type":"Person","@id":"https:\/\/elcabilo.com\/radio\/author\/radio\/#author","url":"https:\/\/elcabilo.com\/radio\/author\/radio\/","name":"radio","image":{"@type":"ImageObject","@id":"https:\/\/elcabilo.com\/radio\/2022\/09\/19\/presentacio-de-la-giap-raco-de-tastallibres-peccata-minuta-el-turrumpero-t2xe01\/#authorImage","url":"https:\/\/secure.gravatar.com\/avatar\/bb687b465db46b8e9255d0921cc346091032a91fe77f93721088d5decb8a2d1a?s=96&d=mm&r=g","width":96,"height":96,"caption":"radio"}},{"@type":"WebPage","@id":"https:\/\/elcabilo.com\/radio\/2022\/09\/19\/presentacio-de-la-giap-raco-de-tastallibres-peccata-minuta-el-turrumpero-t2xe01\/#webpage","url":"https:\/\/elcabilo.com\/radio\/2022\/09\/19\/presentacio-de-la-giap-raco-de-tastallibres-peccata-minuta-el-turrumpero-t2xe01\/","name":"Presentaci\u00f3 de la GIAP \u2013 Rac\u00f2 de Tastallibres: Peccata Minuta.- El turrumpero T2xE01 - Cabil\u00f3R\u00e0dio","description":"Deixem ac\u00ed un programa carregadisim de contingut: Primer parlem amb els integrants de la GIAP; l'estudi sociol\u00f2gic que s'est\u00e0 fent a Sella, amb Anabel Ortu\u00f1o com a coordinadora i incitadora, al costat del grup motor : Massa, Maite Huerta i Steve Green.Despr\u00e9s escoltarem la presentaci\u00f3 del llibre de festes i acabarem amb el Rac\u00f3 de","inLanguage":"ca","isPartOf":{"@id":"https:\/\/elcabilo.com\/radio\/#website"},"breadcrumb":{"@id":"https:\/\/elcabilo.com\/radio\/2022\/09\/19\/presentacio-de-la-giap-raco-de-tastallibres-peccata-minuta-el-turrumpero-t2xe01\/#breadcrumblist"},"author":{"@id":"https:\/\/elcabilo.com\/radio\/author\/radio\/#author"},"creator":{"@id":"https:\/\/elcabilo.com\/radio\/author\/radio\/#author"},"image":{"@type":"ImageObject","url":"https:\/\/elcabilo.com\/radio\/files\/2022\/09\/IMG_20220807_194811-scaled.jpg","@id":"https:\/\/elcabilo.com\/radio\/2022\/09\/19\/presentacio-de-la-giap-raco-de-tastallibres-peccata-minuta-el-turrumpero-t2xe01\/#mainImage","width":2560,"height":1920,"caption":"smart"},"primaryImageOfPage":{"@id":"https:\/\/elcabilo.com\/radio\/2022\/09\/19\/presentacio-de-la-giap-raco-de-tastallibres-peccata-minuta-el-turrumpero-t2xe01\/#mainImage"},"datePublished":"2022-09-19T19:35:57+02:00","dateModified":"2022-09-19T21:37:58+02:00"},{"@type":"WebSite","@id":"https:\/\/elcabilo.com\/radio\/#website","url":"https:\/\/elcabilo.com\/radio\/","name":"Cabil\u00f3 R\u00e0dio","description":"La r\u00e0dio online de Sella","inLanguage":"ca","publisher":{"@id":"https:\/\/elcabilo.com\/radio\/#organization"}}]},"og:locale":"ca_ES","og:site_name":"Cabil\u00f3R\u00e0dio - La r\u00e0dio online de Sella","og:type":"article","og:title":"Presentaci\u00f3 de la GIAP \u2013 Rac\u00f2 de Tastallibres: Peccata Minuta.- El turrumpero T2xE01 - Cabil\u00f3R\u00e0dio","og:description":"Deixem ac\u00ed un programa carregadisim de contingut: Primer parlem amb els integrants de la GIAP; l'estudi sociol\u00f2gic que s'est\u00e0 fent a Sella, amb Anabel Ortu\u00f1o com a coordinadora i incitadora, al costat del grup motor : Massa, Maite Huerta i Steve Green.Despr\u00e9s escoltarem la presentaci\u00f3 del llibre de festes i acabarem amb el Rac\u00f3 de","og:url":"https:\/\/elcabilo.com\/radio\/2022\/09\/19\/presentacio-de-la-giap-raco-de-tastallibres-peccata-minuta-el-turrumpero-t2xe01\/","og:image":"https:\/\/elcabilo.com\/radio\/files\/2023\/01\/cropped-logo_radio-1.gif","og:image:secure_url":"https:\/\/elcabilo.com\/radio\/files\/2023\/01\/cropped-logo_radio-1.gif","article:published_time":"2022-09-19T17:35:57+00:00","article:modified_time":"2022-09-19T19:37:58+00:00","twitter:card":"summary_large_image","twitter:title":"Presentaci\u00f3 de la GIAP \u2013 Rac\u00f2 de Tastallibres: Peccata Minuta.- El turrumpero T2xE01 - Cabil\u00f3R\u00e0dio","twitter:description":"Deixem ac\u00ed un programa carregadisim de contingut: Primer parlem amb els integrants de la GIAP; l'estudi sociol\u00f2gic que s'est\u00e0 fent a Sella, amb Anabel Ortu\u00f1o com a coordinadora i incitadora, al costat del grup motor : Massa, Maite Huerta i Steve Green.Despr\u00e9s escoltarem la presentaci\u00f3 del llibre de festes i acabarem amb el Rac\u00f3 de","twitter:image":"https:\/\/elcabilo.com\/radio\/files\/2023\/01\/cropped-logo_radio-1.gif"},"aioseo_meta_data":{"post_id":"1959","title":null,"description":null,"keywords":null,"keyphrases":null,"primary_term":null,"canonical_url":null,"og_title":null,"og_description":null,"og_object_type":"default","og_image_type":"default","og_image_url":null,"og_image_width":null,"og_image_height":null,"og_image_custom_url":null,"og_image_custom_fields":null,"og_video":null,"og_custom_url":null,"og_article_section":null,"og_article_tags":null,"twitter_use_og":false,"twitter_card":"default","twitter_image_type":"default","twitter_image_url":null,"twitter_image_custom_url":null,"twitter_image_custom_fields":null,"twitter_title":null,"twitter_description":null,"schema":{"blockGraphs":[],"customGraphs":[],"default":{"data":{"Article":[],"Course":[],"Dataset":[],"FAQPage":[],"Movie":[],"Person":[],"Product":[],"ProductReview":[],"Car":[],"Recipe":[],"Service":[],"SoftwareApplication":[],"WebPage":[]},"graphName":"","isEnabled":true},"graphs":[]},"schema_type":"default","schema_type_options":null,"pillar_content":false,"robots_default":true,"robots_noindex":false,"robots_noarchive":false,"robots_nosnippet":false,"robots_nofollow":false,"robots_noimageindex":false,"robots_noodp":false,"robots_notranslate":false,"robots_max_snippet":null,"robots_max_videopreview":null,"robots_max_imagepreview":"large","priority":null,"frequency":null,"local_seo":null,"breadcrumb_settings":null,"limit_modified_date":false,"ai":null,"created":"2023-01-27 22:24:41","updated":"2025-06-08 20:24:38","seo_analyzer_scan_date":null,"focus_keyword":null,"additional_keywords":null,"truseo_locale":null},"aioseo_breadcrumb":"<div class=\"aioseo-breadcrumbs\"><span class=\"aioseo-breadcrumb\">\n\t\t\t<a href=\"https:\/\/elcabilo.com\/radio\" title=\"Home\">Home<\/a>\n\t\t<\/span><span class=\"aioseo-breadcrumb-separator\">&raquo;<\/span><span class=\"aioseo-breadcrumb\">\n\t\t\t<a href=\"https:\/\/elcabilo.com\/radio\/category\/sin-categoria\/\" title=\"Cabil\u00f3 R\u00e0dio\">Cabil\u00f3 R\u00e0dio<\/a>\n\t\t<\/span><span class=\"aioseo-breadcrumb-separator\">&raquo;<\/span><span class=\"aioseo-breadcrumb\">\n\t\t\tPresentaci\u00f3 de la GIAP \u2013 Rac\u00f2 de Tastallibres: Peccata Minuta.- El turrumpero T2xE01\n\t\t<\/span><\/div>","aioseo_breadcrumb_json":[{"label":"Home","link":"https:\/\/elcabilo.com\/radio"},{"label":"Cabil\u00f3 R\u00e0dio","link":"https:\/\/elcabilo.com\/radio\/category\/sin-categoria\/"},{"label":"Presentaci\u00f3 de la GIAP &#8211; Rac\u00f2 de Tastallibres: Peccata Minuta.- El turrumpero T2xE01","link":"https:\/\/elcabilo.com\/radio\/2022\/09\/19\/presentacio-de-la-giap-raco-de-tastallibres-peccata-minuta-el-turrumpero-t2xe01\/"}],"_links":{"self":[{"href":"https:\/\/elcabilo.com\/radio\/wp-json\/wp\/v2\/posts\/1959","targetHints":{"allow":["GET"]}}],"collection":[{"href":"https:\/\/elcabilo.com\/radio\/wp-json\/wp\/v2\/posts"}],"about":[{"href":"https:\/\/elcabilo.com\/radio\/wp-json\/wp\/v2\/types\/post"}],"author":[{"embeddable":true,"href":"https:\/\/elcabilo.com\/radio\/wp-json\/wp\/v2\/users\/272"}],"replies":[{"embeddable":true,"href":"https:\/\/elcabilo.com\/radio\/wp-json\/wp\/v2\/comments?post=1959"}],"version-history":[{"count":3,"href":"https:\/\/elcabilo.com\/radio\/wp-json\/wp\/v2\/posts\/1959\/revisions"}],"predecessor-version":[{"id":1963,"href":"https:\/\/elcabilo.com\/radio\/wp-json\/wp\/v2\/posts\/1959\/revisions\/1963"}],"wp:featuredmedia":[{"embeddable":true,"href":"https:\/\/elcabilo.com\/radio\/wp-json\/wp\/v2\/media\/1960"}],"wp:attachment":[{"href":"https:\/\/elcabilo.com\/radio\/wp-json\/wp\/v2\/media?parent=1959"}],"wp:term":[{"taxonomy":"category","embeddable":true,"href":"https:\/\/elcabilo.com\/radio\/wp-json\/wp\/v2\/categories?post=1959"},{"taxonomy":"post_tag","embeddable":true,"href":"https:\/\/elcabilo.com\/radio\/wp-json\/wp\/v2\/tags?post=1959"}],"curies":[{"name":"wp","href":"https:\/\/api.w.org\/{rel}","templated":true}]}}