{"id":196,"date":"2012-12-31T00:00:46","date_gmt":"2012-12-30T23:00:46","guid":{"rendered":"http:\/\/elcabilo.com\/radio\/?p=196"},"modified":"2012-12-31T00:00:48","modified_gmt":"2012-12-30T23:00:48","slug":"a-cau-dorella-1-desermint","status":"publish","type":"post","link":"https:\/\/elcabilo.com\/radio\/2012\/12\/31\/a-cau-dorella-1-desermint\/","title":{"rendered":"A cau d&#8217;orella &#8211; 1.Desermint"},"content":{"rendered":"<p>Un espai dins de Cabilo Radio on coneixerem en profunditat a tots els musics o agrupacions musicals que tenen a vorer amb el nostre poble.<\/p>\n<p>Programa gravat en directe on tindrem l\u2019oportunitat d\u2019escoltar musica interpretada en l\u2019estudi .<\/p>\n<p style=\"text-align: center\"><a class=\"{skin:'blue', width:'200', volume:0.6, autoplay:false, showVolumeLevel:true, showTime:true, showRew:true, downloadable:true}\" id=\"mbmaplayer_1356906575246\" href=\"http:\/\/archive.org\/download\/ACauOrella_01\/A-CAU-D_ORELLA_01.mp3\">A cau d&#8217;orella &#8211; 1.Desermint<\/a><textarea class=\"map_params\" style=\"padding: 3px;background: #444;color: #fff;text-decoration: none\" disabled=\"disabled\">map :: {skin:&#8217;blue&#8217;, width:&#8217;200&#8242;, volume:0.6, autoplay:false, showVolumeLevel:true, showTime:true, showRew:true, downloadable:true}<\/textarea><\/p>\n<p>&nbsp;<\/p>\n","protected":false},"excerpt":{"rendered":"<p>Un espai dins de Cabilo Radio on coneixerem en profunditat a tots els musics o agrupacions musicals que tenen a vorer amb el nostre poble. Programa gravat en directe on tindrem l\u2019oportunitat d\u2019escoltar musica interpretada en l\u2019estudi . A cau d&#8217;orella &#8211; 1.Desermintmap :: {skin:&#8217;blue&#8217;, width:&#8217;200&#8242;, volume:0.6, autoplay:false, showVolumeLevel:true, showTime:true, showRew:true, downloadable:true} &nbsp;<\/p>\n","protected":false},"author":272,"featured_media":197,"comment_status":"open","ping_status":"open","sticky":false,"template":"","format":"standard","meta":{"_exactmetrics_skip_tracking":false,"footnotes":""},"categories":[14],"tags":[],"class_list":["post-196","post","type-post","status-publish","format-standard","has-post-thumbnail","hentry","category-a-cau-dorella"],"aioseo_notices":[],"aioseo_head":"\n\t\t<!-- All in One SEO 5.0.1 - aioseo.com -->\n\t<meta name=\"description\" content=\"Un espai dins de Cabilo Radio on coneixerem en profunditat a tots els musics o agrupacions musicals que tenen a vorer amb el nostre poble. Programa gravat en directe on tindrem l\u2019oportunitat d\u2019escoltar musica interpretada en l\u2019estudi . A cau d&#039;orella - 1.Desermintmap :: {skin:&#039;blue&#039;, width:&#039;200&#039;, volume:0.6, autoplay:false, showVolumeLevel:true, showTime:true, showRew:true, downloadable:true}\" \/>\n\t<meta name=\"robots\" content=\"max-image-preview:large\" \/>\n\t<meta name=\"author\" content=\"radio\"\/>\n\t<link rel=\"canonical\" href=\"https:\/\/elcabilo.com\/radio\/2012\/12\/31\/a-cau-dorella-1-desermint\/\" \/>\n\t<meta name=\"generator\" content=\"All in One SEO (AIOSEO) 5.0.1\" \/>\n\t\t<meta property=\"og:locale\" content=\"ca_ES\" \/>\n\t\t<meta property=\"og:site_name\" content=\"Cabil\u00f3R\u00e0dio - La r\u00e0dio online de Sella\" \/>\n\t\t<meta property=\"og:type\" content=\"article\" \/>\n\t\t<meta property=\"og:title\" content=\"A cau d\u2019orella \u2013 1.Desermint - Cabil\u00f3R\u00e0dio\" \/>\n\t\t<meta property=\"og:description\" content=\"Un espai dins de Cabilo Radio on coneixerem en profunditat a tots els musics o agrupacions musicals que tenen a vorer amb el nostre poble. Programa gravat en directe on tindrem l\u2019oportunitat d\u2019escoltar musica interpretada en l\u2019estudi . A cau d&#039;orella - 1.Desermintmap :: {skin:&#039;blue&#039;, width:&#039;200&#039;, volume:0.6, autoplay:false, showVolumeLevel:true, showTime:true, showRew:true, downloadable:true}\" \/>\n\t\t<meta property=\"og:url\" content=\"https:\/\/elcabilo.com\/radio\/2012\/12\/31\/a-cau-dorella-1-desermint\/\" \/>\n\t\t<meta property=\"og:image\" content=\"https:\/\/elcabilo.com\/radio\/files\/2023\/01\/cropped-logo_radio-1.gif\" \/>\n\t\t<meta property=\"og:image:secure_url\" content=\"https:\/\/elcabilo.com\/radio\/files\/2023\/01\/cropped-logo_radio-1.gif\" \/>\n\t\t<meta property=\"article:published_time\" content=\"2012-12-30T23:00:46+00:00\" \/>\n\t\t<meta property=\"article:modified_time\" content=\"2012-12-30T23:00:48+00:00\" \/>\n\t\t<meta name=\"twitter:card\" content=\"summary_large_image\" \/>\n\t\t<meta name=\"twitter:title\" content=\"A cau d\u2019orella \u2013 1.Desermint - Cabil\u00f3R\u00e0dio\" \/>\n\t\t<meta name=\"twitter:description\" content=\"Un espai dins de Cabilo Radio on coneixerem en profunditat a tots els musics o agrupacions musicals que tenen a vorer amb el nostre poble. Programa gravat en directe on tindrem l\u2019oportunitat d\u2019escoltar musica interpretada en l\u2019estudi . A cau d&#039;orella - 1.Desermintmap :: {skin:&#039;blue&#039;, width:&#039;200&#039;, volume:0.6, autoplay:false, showVolumeLevel:true, showTime:true, showRew:true, downloadable:true}\" \/>\n\t\t<meta name=\"twitter:image\" content=\"https:\/\/elcabilo.com\/radio\/files\/2023\/01\/cropped-logo_radio-1.gif\" \/>\n\t\t<script type=\"application\/ld+json\" class=\"aioseo-schema\">\n\t\t\t{\"@context\":\"https:\\\/\\\/schema.org\",\"@graph\":[{\"@type\":\"BlogPosting\",\"@id\":\"https:\\\/\\\/elcabilo.com\\\/radio\\\/2012\\\/12\\\/31\\\/a-cau-dorella-1-desermint\\\/#blogposting\",\"name\":\"A cau d\\u2019orella \\u2013 1.Desermint - Cabil\\u00f3R\\u00e0dio\",\"headline\":\"A cau d&#8217;orella &#8211; 1.Desermint\",\"author\":{\"@id\":\"https:\\\/\\\/elcabilo.com\\\/radio\\\/author\\\/radio\\\/#author\"},\"publisher\":{\"@id\":\"https:\\\/\\\/elcabilo.com\\\/radio\\\/#organization\"},\"image\":{\"@type\":\"ImageObject\",\"url\":\"https:\\\/\\\/elcabilo.com\\\/radio\\\/files\\\/2012\\\/12\\\/A_cau_orella.jpg\",\"width\":900,\"height\":300},\"datePublished\":\"2012-12-31T00:00:46+01:00\",\"dateModified\":\"2012-12-31T00:00:48+01:00\",\"inLanguage\":\"ca\",\"commentCount\":1,\"mainEntityOfPage\":{\"@id\":\"https:\\\/\\\/elcabilo.com\\\/radio\\\/2012\\\/12\\\/31\\\/a-cau-dorella-1-desermint\\\/#webpage\"},\"isPartOf\":{\"@id\":\"https:\\\/\\\/elcabilo.com\\\/radio\\\/2012\\\/12\\\/31\\\/a-cau-dorella-1-desermint\\\/#webpage\"},\"articleSection\":\"A cau d'orella\"},{\"@type\":\"BreadcrumbList\",\"@id\":\"https:\\\/\\\/elcabilo.com\\\/radio\\\/2012\\\/12\\\/31\\\/a-cau-dorella-1-desermint\\\/#breadcrumblist\",\"itemListElement\":[{\"@type\":\"ListItem\",\"@id\":\"https:\\\/\\\/elcabilo.com\\\/radio#listItem\",\"position\":1,\"name\":\"Home\",\"item\":\"https:\\\/\\\/elcabilo.com\\\/radio\",\"nextItem\":{\"@type\":\"ListItem\",\"@id\":\"https:\\\/\\\/elcabilo.com\\\/radio\\\/category\\\/programes\\\/#listItem\",\"name\":\"Programes\"}},{\"@type\":\"ListItem\",\"@id\":\"https:\\\/\\\/elcabilo.com\\\/radio\\\/category\\\/programes\\\/#listItem\",\"position\":2,\"name\":\"Programes\",\"item\":\"https:\\\/\\\/elcabilo.com\\\/radio\\\/category\\\/programes\\\/\",\"nextItem\":{\"@type\":\"ListItem\",\"@id\":\"https:\\\/\\\/elcabilo.com\\\/radio\\\/category\\\/programes\\\/a-cau-dorella\\\/#listItem\",\"name\":\"A cau d'orella\"},\"previousItem\":{\"@type\":\"ListItem\",\"@id\":\"https:\\\/\\\/elcabilo.com\\\/radio#listItem\",\"name\":\"Home\"}},{\"@type\":\"ListItem\",\"@id\":\"https:\\\/\\\/elcabilo.com\\\/radio\\\/category\\\/programes\\\/a-cau-dorella\\\/#listItem\",\"position\":3,\"name\":\"A cau d'orella\",\"item\":\"https:\\\/\\\/elcabilo.com\\\/radio\\\/category\\\/programes\\\/a-cau-dorella\\\/\",\"nextItem\":{\"@type\":\"ListItem\",\"@id\":\"https:\\\/\\\/elcabilo.com\\\/radio\\\/2012\\\/12\\\/31\\\/a-cau-dorella-1-desermint\\\/#listItem\",\"name\":\"A cau d&#8217;orella &#8211; 1.Desermint\"},\"previousItem\":{\"@type\":\"ListItem\",\"@id\":\"https:\\\/\\\/elcabilo.com\\\/radio\\\/category\\\/programes\\\/#listItem\",\"name\":\"Programes\"}},{\"@type\":\"ListItem\",\"@id\":\"https:\\\/\\\/elcabilo.com\\\/radio\\\/2012\\\/12\\\/31\\\/a-cau-dorella-1-desermint\\\/#listItem\",\"position\":4,\"name\":\"A cau d&#8217;orella &#8211; 1.Desermint\",\"previousItem\":{\"@type\":\"ListItem\",\"@id\":\"https:\\\/\\\/elcabilo.com\\\/radio\\\/category\\\/programes\\\/a-cau-dorella\\\/#listItem\",\"name\":\"A cau d'orella\"}}]},{\"@type\":\"Organization\",\"@id\":\"https:\\\/\\\/elcabilo.com\\\/radio\\\/#organization\",\"name\":\"Cabil\\u00f3 R\\u00e0dio\",\"description\":\"La r\\u00e0dio online de Sella\",\"url\":\"https:\\\/\\\/elcabilo.com\\\/radio\\\/\",\"logo\":{\"@type\":\"ImageObject\",\"url\":\"https:\\\/\\\/elcabilo.com\\\/radio\\\/files\\\/2023\\\/01\\\/cropped-logo_radio-1.gif\",\"@id\":\"https:\\\/\\\/elcabilo.com\\\/radio\\\/2012\\\/12\\\/31\\\/a-cau-dorella-1-desermint\\\/#organizationLogo\",\"width\":250,\"height\":50},\"image\":{\"@id\":\"https:\\\/\\\/elcabilo.com\\\/radio\\\/2012\\\/12\\\/31\\\/a-cau-dorella-1-desermint\\\/#organizationLogo\"}},{\"@type\":\"Person\",\"@id\":\"https:\\\/\\\/elcabilo.com\\\/radio\\\/author\\\/radio\\\/#author\",\"url\":\"https:\\\/\\\/elcabilo.com\\\/radio\\\/author\\\/radio\\\/\",\"name\":\"radio\",\"image\":{\"@type\":\"ImageObject\",\"@id\":\"https:\\\/\\\/elcabilo.com\\\/radio\\\/2012\\\/12\\\/31\\\/a-cau-dorella-1-desermint\\\/#authorImage\",\"url\":\"https:\\\/\\\/secure.gravatar.com\\\/avatar\\\/bb687b465db46b8e9255d0921cc346091032a91fe77f93721088d5decb8a2d1a?s=96&d=mm&r=g\",\"width\":96,\"height\":96,\"caption\":\"radio\"}},{\"@type\":\"WebPage\",\"@id\":\"https:\\\/\\\/elcabilo.com\\\/radio\\\/2012\\\/12\\\/31\\\/a-cau-dorella-1-desermint\\\/#webpage\",\"url\":\"https:\\\/\\\/elcabilo.com\\\/radio\\\/2012\\\/12\\\/31\\\/a-cau-dorella-1-desermint\\\/\",\"name\":\"A cau d\\u2019orella \\u2013 1.Desermint - Cabil\\u00f3R\\u00e0dio\",\"description\":\"Un espai dins de Cabilo Radio on coneixerem en profunditat a tots els musics o agrupacions musicals que tenen a vorer amb el nostre poble. Programa gravat en directe on tindrem l\\u2019oportunitat d\\u2019escoltar musica interpretada en l\\u2019estudi . A cau d'orella - 1.Desermintmap :: {skin:'blue', width:'200', volume:0.6, autoplay:false, showVolumeLevel:true, showTime:true, showRew:true, downloadable:true}\",\"inLanguage\":\"ca\",\"isPartOf\":{\"@id\":\"https:\\\/\\\/elcabilo.com\\\/radio\\\/#website\"},\"breadcrumb\":{\"@id\":\"https:\\\/\\\/elcabilo.com\\\/radio\\\/2012\\\/12\\\/31\\\/a-cau-dorella-1-desermint\\\/#breadcrumblist\"},\"author\":{\"@id\":\"https:\\\/\\\/elcabilo.com\\\/radio\\\/author\\\/radio\\\/#author\"},\"creator\":{\"@id\":\"https:\\\/\\\/elcabilo.com\\\/radio\\\/author\\\/radio\\\/#author\"},\"image\":{\"@type\":\"ImageObject\",\"url\":\"https:\\\/\\\/elcabilo.com\\\/radio\\\/files\\\/2012\\\/12\\\/A_cau_orella.jpg\",\"@id\":\"https:\\\/\\\/elcabilo.com\\\/radio\\\/2012\\\/12\\\/31\\\/a-cau-dorella-1-desermint\\\/#mainImage\",\"width\":900,\"height\":300},\"primaryImageOfPage\":{\"@id\":\"https:\\\/\\\/elcabilo.com\\\/radio\\\/2012\\\/12\\\/31\\\/a-cau-dorella-1-desermint\\\/#mainImage\"},\"datePublished\":\"2012-12-31T00:00:46+01:00\",\"dateModified\":\"2012-12-31T00:00:48+01:00\"},{\"@type\":\"WebSite\",\"@id\":\"https:\\\/\\\/elcabilo.com\\\/radio\\\/#website\",\"url\":\"https:\\\/\\\/elcabilo.com\\\/radio\\\/\",\"name\":\"Cabil\\u00f3 R\\u00e0dio\",\"description\":\"La r\\u00e0dio online de Sella\",\"inLanguage\":\"ca\",\"publisher\":{\"@id\":\"https:\\\/\\\/elcabilo.com\\\/radio\\\/#organization\"}}]}\n\t\t<\/script>\n\t\t<!-- All in One SEO -->\n\n","aioseo_head_json":{"title":"A cau d\u2019orella \u2013 1.Desermint - Cabil\u00f3R\u00e0dio","description":"Un espai dins de Cabilo Radio on coneixerem en profunditat a tots els musics o agrupacions musicals que tenen a vorer amb el nostre poble. Programa gravat en directe on tindrem l\u2019oportunitat d\u2019escoltar musica interpretada en l\u2019estudi . A cau d'orella - 1.Desermintmap :: {skin:'blue', width:'200', volume:0.6, autoplay:false, showVolumeLevel:true, showTime:true, showRew:true, downloadable:true}","canonical_url":"https:\/\/elcabilo.com\/radio\/2012\/12\/31\/a-cau-dorella-1-desermint\/","robots":"max-image-preview:large","keywords":"","webmasterTools":{"miscellaneous":""},"schema":{"@context":"https:\/\/schema.org","@graph":[{"@type":"BlogPosting","@id":"https:\/\/elcabilo.com\/radio\/2012\/12\/31\/a-cau-dorella-1-desermint\/#blogposting","name":"A cau d\u2019orella \u2013 1.Desermint - Cabil\u00f3R\u00e0dio","headline":"A cau d&#8217;orella &#8211; 1.Desermint","author":{"@id":"https:\/\/elcabilo.com\/radio\/author\/radio\/#author"},"publisher":{"@id":"https:\/\/elcabilo.com\/radio\/#organization"},"image":{"@type":"ImageObject","url":"https:\/\/elcabilo.com\/radio\/files\/2012\/12\/A_cau_orella.jpg","width":900,"height":300},"datePublished":"2012-12-31T00:00:46+01:00","dateModified":"2012-12-31T00:00:48+01:00","inLanguage":"ca","commentCount":1,"mainEntityOfPage":{"@id":"https:\/\/elcabilo.com\/radio\/2012\/12\/31\/a-cau-dorella-1-desermint\/#webpage"},"isPartOf":{"@id":"https:\/\/elcabilo.com\/radio\/2012\/12\/31\/a-cau-dorella-1-desermint\/#webpage"},"articleSection":"A cau d'orella"},{"@type":"BreadcrumbList","@id":"https:\/\/elcabilo.com\/radio\/2012\/12\/31\/a-cau-dorella-1-desermint\/#breadcrumblist","itemListElement":[{"@type":"ListItem","@id":"https:\/\/elcabilo.com\/radio#listItem","position":1,"name":"Home","item":"https:\/\/elcabilo.com\/radio","nextItem":{"@type":"ListItem","@id":"https:\/\/elcabilo.com\/radio\/category\/programes\/#listItem","name":"Programes"}},{"@type":"ListItem","@id":"https:\/\/elcabilo.com\/radio\/category\/programes\/#listItem","position":2,"name":"Programes","item":"https:\/\/elcabilo.com\/radio\/category\/programes\/","nextItem":{"@type":"ListItem","@id":"https:\/\/elcabilo.com\/radio\/category\/programes\/a-cau-dorella\/#listItem","name":"A cau d'orella"},"previousItem":{"@type":"ListItem","@id":"https:\/\/elcabilo.com\/radio#listItem","name":"Home"}},{"@type":"ListItem","@id":"https:\/\/elcabilo.com\/radio\/category\/programes\/a-cau-dorella\/#listItem","position":3,"name":"A cau d'orella","item":"https:\/\/elcabilo.com\/radio\/category\/programes\/a-cau-dorella\/","nextItem":{"@type":"ListItem","@id":"https:\/\/elcabilo.com\/radio\/2012\/12\/31\/a-cau-dorella-1-desermint\/#listItem","name":"A cau d&#8217;orella &#8211; 1.Desermint"},"previousItem":{"@type":"ListItem","@id":"https:\/\/elcabilo.com\/radio\/category\/programes\/#listItem","name":"Programes"}},{"@type":"ListItem","@id":"https:\/\/elcabilo.com\/radio\/2012\/12\/31\/a-cau-dorella-1-desermint\/#listItem","position":4,"name":"A cau d&#8217;orella &#8211; 1.Desermint","previousItem":{"@type":"ListItem","@id":"https:\/\/elcabilo.com\/radio\/category\/programes\/a-cau-dorella\/#listItem","name":"A cau d'orella"}}]},{"@type":"Organization","@id":"https:\/\/elcabilo.com\/radio\/#organization","name":"Cabil\u00f3 R\u00e0dio","description":"La r\u00e0dio online de Sella","url":"https:\/\/elcabilo.com\/radio\/","logo":{"@type":"ImageObject","url":"https:\/\/elcabilo.com\/radio\/files\/2023\/01\/cropped-logo_radio-1.gif","@id":"https:\/\/elcabilo.com\/radio\/2012\/12\/31\/a-cau-dorella-1-desermint\/#organizationLogo","width":250,"height":50},"image":{"@id":"https:\/\/elcabilo.com\/radio\/2012\/12\/31\/a-cau-dorella-1-desermint\/#organizationLogo"}},{"@type":"Person","@id":"https:\/\/elcabilo.com\/radio\/author\/radio\/#author","url":"https:\/\/elcabilo.com\/radio\/author\/radio\/","name":"radio","image":{"@type":"ImageObject","@id":"https:\/\/elcabilo.com\/radio\/2012\/12\/31\/a-cau-dorella-1-desermint\/#authorImage","url":"https:\/\/secure.gravatar.com\/avatar\/bb687b465db46b8e9255d0921cc346091032a91fe77f93721088d5decb8a2d1a?s=96&d=mm&r=g","width":96,"height":96,"caption":"radio"}},{"@type":"WebPage","@id":"https:\/\/elcabilo.com\/radio\/2012\/12\/31\/a-cau-dorella-1-desermint\/#webpage","url":"https:\/\/elcabilo.com\/radio\/2012\/12\/31\/a-cau-dorella-1-desermint\/","name":"A cau d\u2019orella \u2013 1.Desermint - Cabil\u00f3R\u00e0dio","description":"Un espai dins de Cabilo Radio on coneixerem en profunditat a tots els musics o agrupacions musicals que tenen a vorer amb el nostre poble. Programa gravat en directe on tindrem l\u2019oportunitat d\u2019escoltar musica interpretada en l\u2019estudi . A cau d'orella - 1.Desermintmap :: {skin:'blue', width:'200', volume:0.6, autoplay:false, showVolumeLevel:true, showTime:true, showRew:true, downloadable:true}","inLanguage":"ca","isPartOf":{"@id":"https:\/\/elcabilo.com\/radio\/#website"},"breadcrumb":{"@id":"https:\/\/elcabilo.com\/radio\/2012\/12\/31\/a-cau-dorella-1-desermint\/#breadcrumblist"},"author":{"@id":"https:\/\/elcabilo.com\/radio\/author\/radio\/#author"},"creator":{"@id":"https:\/\/elcabilo.com\/radio\/author\/radio\/#author"},"image":{"@type":"ImageObject","url":"https:\/\/elcabilo.com\/radio\/files\/2012\/12\/A_cau_orella.jpg","@id":"https:\/\/elcabilo.com\/radio\/2012\/12\/31\/a-cau-dorella-1-desermint\/#mainImage","width":900,"height":300},"primaryImageOfPage":{"@id":"https:\/\/elcabilo.com\/radio\/2012\/12\/31\/a-cau-dorella-1-desermint\/#mainImage"},"datePublished":"2012-12-31T00:00:46+01:00","dateModified":"2012-12-31T00:00:48+01:00"},{"@type":"WebSite","@id":"https:\/\/elcabilo.com\/radio\/#website","url":"https:\/\/elcabilo.com\/radio\/","name":"Cabil\u00f3 R\u00e0dio","description":"La r\u00e0dio online de Sella","inLanguage":"ca","publisher":{"@id":"https:\/\/elcabilo.com\/radio\/#organization"}}]},"og:locale":"ca_ES","og:site_name":"Cabil\u00f3R\u00e0dio - La r\u00e0dio online de Sella","og:type":"article","og:title":"A cau d\u2019orella \u2013 1.Desermint - Cabil\u00f3R\u00e0dio","og:description":"Un espai dins de Cabilo Radio on coneixerem en profunditat a tots els musics o agrupacions musicals que tenen a vorer amb el nostre poble. Programa gravat en directe on tindrem l\u2019oportunitat d\u2019escoltar musica interpretada en l\u2019estudi . A cau d'orella - 1.Desermintmap :: {skin:'blue', width:'200', volume:0.6, autoplay:false, showVolumeLevel:true, showTime:true, showRew:true, downloadable:true}","og:url":"https:\/\/elcabilo.com\/radio\/2012\/12\/31\/a-cau-dorella-1-desermint\/","og:image":"https:\/\/elcabilo.com\/radio\/files\/2023\/01\/cropped-logo_radio-1.gif","og:image:secure_url":"https:\/\/elcabilo.com\/radio\/files\/2023\/01\/cropped-logo_radio-1.gif","article:published_time":"2012-12-30T23:00:46+00:00","article:modified_time":"2012-12-30T23:00:48+00:00","twitter:card":"summary_large_image","twitter:title":"A cau d\u2019orella \u2013 1.Desermint - Cabil\u00f3R\u00e0dio","twitter:description":"Un espai dins de Cabilo Radio on coneixerem en profunditat a tots els musics o agrupacions musicals que tenen a vorer amb el nostre poble. Programa gravat en directe on tindrem l\u2019oportunitat d\u2019escoltar musica interpretada en l\u2019estudi . A cau d'orella - 1.Desermintmap :: {skin:'blue', width:'200', volume:0.6, autoplay:false, showVolumeLevel:true, showTime:true, showRew:true, downloadable:true}","twitter:image":"https:\/\/elcabilo.com\/radio\/files\/2023\/01\/cropped-logo_radio-1.gif"},"aioseo_meta_data":{"post_id":"196","title":null,"description":null,"keywords":null,"keyphrases":null,"primary_term":null,"canonical_url":null,"og_title":null,"og_description":null,"og_object_type":"default","og_image_type":"default","og_image_url":null,"og_image_width":null,"og_image_height":null,"og_image_custom_url":null,"og_image_custom_fields":null,"og_video":null,"og_custom_url":null,"og_article_section":null,"og_article_tags":null,"twitter_use_og":false,"twitter_card":"default","twitter_image_type":"default","twitter_image_url":null,"twitter_image_custom_url":null,"twitter_image_custom_fields":null,"twitter_title":null,"twitter_description":null,"schema":{"blockGraphs":[],"customGraphs":[],"default":{"data":{"Article":[],"Course":[],"Dataset":[],"FAQPage":[],"Movie":[],"Person":[],"Product":[],"ProductReview":[],"Car":[],"Recipe":[],"Service":[],"SoftwareApplication":[],"WebPage":[]},"graphName":"","isEnabled":true},"graphs":[]},"schema_type":"default","schema_type_options":null,"pillar_content":false,"robots_default":true,"robots_noindex":false,"robots_noarchive":false,"robots_nosnippet":false,"robots_nofollow":false,"robots_noimageindex":false,"robots_noodp":false,"robots_notranslate":false,"robots_max_snippet":null,"robots_max_videopreview":null,"robots_max_imagepreview":"large","priority":null,"frequency":null,"local_seo":null,"breadcrumb_settings":null,"limit_modified_date":false,"ai":null,"created":"2023-01-27 22:00:50","updated":"2025-06-08 18:56:32","seo_analyzer_scan_date":null,"focus_keyword":null,"additional_keywords":null,"truseo_locale":null},"aioseo_breadcrumb":"<div class=\"aioseo-breadcrumbs\"><span class=\"aioseo-breadcrumb\">\n\t\t\t<a href=\"https:\/\/elcabilo.com\/radio\" title=\"Home\">Home<\/a>\n\t\t<\/span><span class=\"aioseo-breadcrumb-separator\">&raquo;<\/span><span class=\"aioseo-breadcrumb\">\n\t\t\t<a href=\"https:\/\/elcabilo.com\/radio\/category\/programes\/\" title=\"Programes\">Programes<\/a>\n\t\t<\/span><span class=\"aioseo-breadcrumb-separator\">&raquo;<\/span><span class=\"aioseo-breadcrumb\">\n\t\t\t<a href=\"https:\/\/elcabilo.com\/radio\/category\/programes\/a-cau-dorella\/\" title=\"A cau d&apos;orella\">A cau d'orella<\/a>\n\t\t<\/span><span class=\"aioseo-breadcrumb-separator\">&raquo;<\/span><span class=\"aioseo-breadcrumb\">\n\t\t\tA cau d\u2019orella \u2013 1.Desermint\n\t\t<\/span><\/div>","aioseo_breadcrumb_json":[{"label":"Home","link":"https:\/\/elcabilo.com\/radio"},{"label":"Programes","link":"https:\/\/elcabilo.com\/radio\/category\/programes\/"},{"label":"A cau d'orella","link":"https:\/\/elcabilo.com\/radio\/category\/programes\/a-cau-dorella\/"},{"label":"A cau d&#8217;orella &#8211; 1.Desermint","link":"https:\/\/elcabilo.com\/radio\/2012\/12\/31\/a-cau-dorella-1-desermint\/"}],"_links":{"self":[{"href":"https:\/\/elcabilo.com\/radio\/wp-json\/wp\/v2\/posts\/196","targetHints":{"allow":["GET"]}}],"collection":[{"href":"https:\/\/elcabilo.com\/radio\/wp-json\/wp\/v2\/posts"}],"about":[{"href":"https:\/\/elcabilo.com\/radio\/wp-json\/wp\/v2\/types\/post"}],"author":[{"embeddable":true,"href":"https:\/\/elcabilo.com\/radio\/wp-json\/wp\/v2\/users\/272"}],"replies":[{"embeddable":true,"href":"https:\/\/elcabilo.com\/radio\/wp-json\/wp\/v2\/comments?post=196"}],"version-history":[{"count":0,"href":"https:\/\/elcabilo.com\/radio\/wp-json\/wp\/v2\/posts\/196\/revisions"}],"wp:featuredmedia":[{"embeddable":true,"href":"https:\/\/elcabilo.com\/radio\/wp-json\/wp\/v2\/media\/197"}],"wp:attachment":[{"href":"https:\/\/elcabilo.com\/radio\/wp-json\/wp\/v2\/media?parent=196"}],"wp:term":[{"taxonomy":"category","embeddable":true,"href":"https:\/\/elcabilo.com\/radio\/wp-json\/wp\/v2\/categories?post=196"},{"taxonomy":"post_tag","embeddable":true,"href":"https:\/\/elcabilo.com\/radio\/wp-json\/wp\/v2\/tags?post=196"}],"curies":[{"name":"wp","href":"https:\/\/api.w.org\/{rel}","templated":true}]}}