{"id":1976,"date":"2022-12-19T19:17:20","date_gmt":"2022-12-19T18:17:20","guid":{"rendered":"https:\/\/elcabilo.com\/radio\/?p=1976"},"modified":"2022-12-20T09:03:50","modified_gmt":"2022-12-20T08:03:50","slug":"entrevista-als-majorals-denguany-22-23-raco-de-tastallibres-memoria-duns-ulls-pintats-de-lluis-llach-el-turrumpero-t2xe04","status":"publish","type":"post","link":"https:\/\/elcabilo.com\/radio\/2022\/12\/19\/entrevista-als-majorals-denguany-22-23-raco-de-tastallibres-memoria-duns-ulls-pintats-de-lluis-llach-el-turrumpero-t2xe04\/","title":{"rendered":"Entrevista als majorals d&#8217;enguany 22-23- Rac\u00f3 de Tastallibres: Mem\u00f2ria d&#8217;uns ulls pintats, de Lluis Llach.- El turrumpero T2xE04"},"content":{"rendered":"\n<p class=\"wp-block-paragraph\">Hui entrevistem als majorals d&#8217;enguany 22-23, que entre altes coses ens revelar\u00e1n el secret de voler ser majorals amb tot el treball que t\u00e9. Parlarem amb Anabel i Reme de la GIAP, que ens contar\u00e1n el per qu\u00e8 de la paraeta que estan posant en el mercat.  I a la secci\u00f3 del Rac\u00f2 de Tastallibres comentarem Mem\u00f2ria d&#8217;uns ulls pintats, de Lluis Llach. A la taula \u00c1ngela Bald\u00f3,  David de Tastaolletes i Lorena P\u00e9rez.<\/p>\n\n\n\n<p class=\"wp-block-paragraph\">Esteu tots convidats.<\/p>\n\n\n\n<p class=\"wp-block-paragraph\">Contacte: elcabiloradio@gmail.com<\/p>\n\n\n\n<p class=\"wp-block-paragraph\">Twitter: @cabilo_radio<\/p>\n\n\n\n<p class=\"wp-block-paragraph\">Facebook: @cabilo_radio<\/p>\n\n\n\n<p class=\"wp-block-paragraph\"><\/p>\n\n\n\n<figure class=\"wp-block-embed is-type-rich is-provider-spotify wp-block-embed-spotify wp-embed-aspect-21-9 wp-has-aspect-ratio\"><div class=\"wp-block-embed__wrapper\">\n<iframe title=\"Spotify Embed: Entrevista als majorals d&amp;apos;enguany 22-23.- El turrumpero T2xE04\" style=\"border-radius: 12px\" width=\"100%\" height=\"152\" frameborder=\"0\" allowfullscreen allow=\"autoplay; clipboard-write; encrypted-media; fullscreen; picture-in-picture\" loading=\"lazy\" src=\"https:\/\/open.spotify.com\/embed\/episode\/32C2tXxE2vuHyyj3RHoVpq?si=7c26f4f59f8b4757&#038;utm_source=oembed\"><\/iframe>\n<\/div><\/figure>\n\n\n\n<figure class=\"wp-block-embed is-type-rich is-provider-spotify wp-block-embed-spotify wp-embed-aspect-21-9 wp-has-aspect-ratio\"><div class=\"wp-block-embed__wrapper\">\n<iframe title=\"Spotify Embed: El rac\u00f3 de Tastallibres: Mem\u00f2ria d&amp;apos;uns ulls pintats, de Lluis Llach T2xE04\" style=\"border-radius: 12px\" width=\"100%\" height=\"152\" frameborder=\"0\" allowfullscreen allow=\"autoplay; clipboard-write; encrypted-media; fullscreen; picture-in-picture\" loading=\"lazy\" src=\"https:\/\/open.spotify.com\/embed\/episode\/2DhLcPdFGiBDB16q5ez2NK?si=0ca7d200789948be&#038;utm_source=oembed\"><\/iframe>\n<\/div><\/figure>\n","protected":false},"excerpt":{"rendered":"<p>Hui entrevistem als majorals d&#8217;enguany 22-23, que entre altes coses ens revelar\u00e1n el secret de voler ser majorals amb tot el treball que t\u00e9. Parlarem amb Anabel i Reme de la GIAP, que ens contar\u00e1n el per qu\u00e8 de la paraeta que estan posant en el mercat. I a la secci\u00f3 del Rac\u00f2 de Tastallibres [&hellip;]<\/p>\n","protected":false},"author":272,"featured_media":1982,"comment_status":"open","ping_status":"open","sticky":false,"template":"","format":"standard","meta":{"_exactmetrics_skip_tracking":false,"footnotes":""},"categories":[1,28],"tags":[],"class_list":["post-1976","post","type-post","status-publish","format-standard","has-post-thumbnail","hentry","category-sin-categoria","category-el-turrumpero"],"aioseo_notices":[],"aioseo_head":"\n\t\t<!-- All in One SEO 5.0.1 - aioseo.com -->\n\t<meta name=\"description\" content=\"Hui entrevistem als majorals d&#039;enguany 22-23, que entre altes coses ens revelar\u00e1n el secret de voler ser majorals amb tot el treball que t\u00e9. Parlarem amb Anabel i Reme de la GIAP, que ens contar\u00e1n el per qu\u00e8 de la paraeta que estan posant en el mercat. I a la secci\u00f3 del Rac\u00f2 de Tastallibres\" \/>\n\t<meta name=\"robots\" content=\"max-image-preview:large\" \/>\n\t<meta name=\"author\" content=\"radio\"\/>\n\t<link rel=\"canonical\" href=\"https:\/\/elcabilo.com\/radio\/2022\/12\/19\/entrevista-als-majorals-denguany-22-23-raco-de-tastallibres-memoria-duns-ulls-pintats-de-lluis-llach-el-turrumpero-t2xe04\/\" \/>\n\t<meta name=\"generator\" content=\"All in One SEO (AIOSEO) 5.0.1\" \/>\n\t\t<meta property=\"og:locale\" content=\"ca_ES\" \/>\n\t\t<meta property=\"og:site_name\" content=\"Cabil\u00f3R\u00e0dio - La r\u00e0dio online de Sella\" \/>\n\t\t<meta property=\"og:type\" content=\"article\" \/>\n\t\t<meta property=\"og:title\" content=\"Entrevista als majorals d\u2019enguany 22-23- Rac\u00f3 de Tastallibres: Mem\u00f2ria d\u2019uns ulls pintats, de Lluis Llach.- El turrumpero T2xE04 - Cabil\u00f3R\u00e0dio\" \/>\n\t\t<meta property=\"og:description\" content=\"Hui entrevistem als majorals d&#039;enguany 22-23, que entre altes coses ens revelar\u00e1n el secret de voler ser majorals amb tot el treball que t\u00e9. Parlarem amb Anabel i Reme de la GIAP, que ens contar\u00e1n el per qu\u00e8 de la paraeta que estan posant en el mercat. I a la secci\u00f3 del Rac\u00f2 de Tastallibres\" \/>\n\t\t<meta property=\"og:url\" content=\"https:\/\/elcabilo.com\/radio\/2022\/12\/19\/entrevista-als-majorals-denguany-22-23-raco-de-tastallibres-memoria-duns-ulls-pintats-de-lluis-llach-el-turrumpero-t2xe04\/\" \/>\n\t\t<meta property=\"og:image\" content=\"https:\/\/elcabilo.com\/radio\/files\/2023\/01\/cropped-logo_radio-1.gif\" \/>\n\t\t<meta property=\"og:image:secure_url\" content=\"https:\/\/elcabilo.com\/radio\/files\/2023\/01\/cropped-logo_radio-1.gif\" \/>\n\t\t<meta property=\"article:published_time\" content=\"2022-12-19T18:17:20+00:00\" \/>\n\t\t<meta property=\"article:modified_time\" content=\"2022-12-20T08:03:50+00:00\" \/>\n\t\t<meta name=\"twitter:card\" content=\"summary_large_image\" \/>\n\t\t<meta name=\"twitter:title\" content=\"Entrevista als majorals d\u2019enguany 22-23- Rac\u00f3 de Tastallibres: Mem\u00f2ria d\u2019uns ulls pintats, de Lluis Llach.- El turrumpero T2xE04 - Cabil\u00f3R\u00e0dio\" \/>\n\t\t<meta name=\"twitter:description\" content=\"Hui entrevistem als majorals d&#039;enguany 22-23, que entre altes coses ens revelar\u00e1n el secret de voler ser majorals amb tot el treball que t\u00e9. Parlarem amb Anabel i Reme de la GIAP, que ens contar\u00e1n el per qu\u00e8 de la paraeta que estan posant en el mercat. I a la secci\u00f3 del Rac\u00f2 de Tastallibres\" \/>\n\t\t<meta name=\"twitter:image\" content=\"https:\/\/elcabilo.com\/radio\/files\/2023\/01\/cropped-logo_radio-1.gif\" \/>\n\t\t<script type=\"application\/ld+json\" class=\"aioseo-schema\">\n\t\t\t{\"@context\":\"https:\\\/\\\/schema.org\",\"@graph\":[{\"@type\":\"BlogPosting\",\"@id\":\"https:\\\/\\\/elcabilo.com\\\/radio\\\/2022\\\/12\\\/19\\\/entrevista-als-majorals-denguany-22-23-raco-de-tastallibres-memoria-duns-ulls-pintats-de-lluis-llach-el-turrumpero-t2xe04\\\/#blogposting\",\"name\":\"Entrevista als majorals d\\u2019enguany 22-23- Rac\\u00f3 de Tastallibres: Mem\\u00f2ria d\\u2019uns ulls pintats, de Lluis Llach.- El turrumpero T2xE04 - Cabil\\u00f3R\\u00e0dio\",\"headline\":\"Entrevista als majorals d&#8217;enguany 22-23- Rac\\u00f3 de Tastallibres: Mem\\u00f2ria d&#8217;uns ulls pintats, de Lluis Llach.- El turrumpero T2xE04\",\"author\":{\"@id\":\"https:\\\/\\\/elcabilo.com\\\/radio\\\/author\\\/radio\\\/#author\"},\"publisher\":{\"@id\":\"https:\\\/\\\/elcabilo.com\\\/radio\\\/#organization\"},\"image\":{\"@type\":\"ImageObject\",\"url\":\"https:\\\/\\\/elcabilo.com\\\/radio\\\/files\\\/2022\\\/12\\\/Rosa-y-Ramon.-reducida-1-scaled.jpg\",\"width\":2560,\"height\":1920,\"caption\":\"smart\"},\"datePublished\":\"2022-12-19T19:17:20+01:00\",\"dateModified\":\"2022-12-20T09:03:50+01:00\",\"inLanguage\":\"ca\",\"mainEntityOfPage\":{\"@id\":\"https:\\\/\\\/elcabilo.com\\\/radio\\\/2022\\\/12\\\/19\\\/entrevista-als-majorals-denguany-22-23-raco-de-tastallibres-memoria-duns-ulls-pintats-de-lluis-llach-el-turrumpero-t2xe04\\\/#webpage\"},\"isPartOf\":{\"@id\":\"https:\\\/\\\/elcabilo.com\\\/radio\\\/2022\\\/12\\\/19\\\/entrevista-als-majorals-denguany-22-23-raco-de-tastallibres-memoria-duns-ulls-pintats-de-lluis-llach-el-turrumpero-t2xe04\\\/#webpage\"},\"articleSection\":\"Cabil\\u00f3 R\\u00e0dio, El Turrumpero\"},{\"@type\":\"BreadcrumbList\",\"@id\":\"https:\\\/\\\/elcabilo.com\\\/radio\\\/2022\\\/12\\\/19\\\/entrevista-als-majorals-denguany-22-23-raco-de-tastallibres-memoria-duns-ulls-pintats-de-lluis-llach-el-turrumpero-t2xe04\\\/#breadcrumblist\",\"itemListElement\":[{\"@type\":\"ListItem\",\"@id\":\"https:\\\/\\\/elcabilo.com\\\/radio#listItem\",\"position\":1,\"name\":\"Home\",\"item\":\"https:\\\/\\\/elcabilo.com\\\/radio\",\"nextItem\":{\"@type\":\"ListItem\",\"@id\":\"https:\\\/\\\/elcabilo.com\\\/radio\\\/category\\\/sin-categoria\\\/#listItem\",\"name\":\"Cabil\\u00f3 R\\u00e0dio\"}},{\"@type\":\"ListItem\",\"@id\":\"https:\\\/\\\/elcabilo.com\\\/radio\\\/category\\\/sin-categoria\\\/#listItem\",\"position\":2,\"name\":\"Cabil\\u00f3 R\\u00e0dio\",\"item\":\"https:\\\/\\\/elcabilo.com\\\/radio\\\/category\\\/sin-categoria\\\/\",\"nextItem\":{\"@type\":\"ListItem\",\"@id\":\"https:\\\/\\\/elcabilo.com\\\/radio\\\/2022\\\/12\\\/19\\\/entrevista-als-majorals-denguany-22-23-raco-de-tastallibres-memoria-duns-ulls-pintats-de-lluis-llach-el-turrumpero-t2xe04\\\/#listItem\",\"name\":\"Entrevista als majorals d&#8217;enguany 22-23- Rac\\u00f3 de Tastallibres: Mem\\u00f2ria d&#8217;uns ulls pintats, de Lluis Llach.- El turrumpero T2xE04\"},\"previousItem\":{\"@type\":\"ListItem\",\"@id\":\"https:\\\/\\\/elcabilo.com\\\/radio#listItem\",\"name\":\"Home\"}},{\"@type\":\"ListItem\",\"@id\":\"https:\\\/\\\/elcabilo.com\\\/radio\\\/2022\\\/12\\\/19\\\/entrevista-als-majorals-denguany-22-23-raco-de-tastallibres-memoria-duns-ulls-pintats-de-lluis-llach-el-turrumpero-t2xe04\\\/#listItem\",\"position\":3,\"name\":\"Entrevista als majorals d&#8217;enguany 22-23- Rac\\u00f3 de Tastallibres: Mem\\u00f2ria d&#8217;uns ulls pintats, de Lluis Llach.- El turrumpero T2xE04\",\"previousItem\":{\"@type\":\"ListItem\",\"@id\":\"https:\\\/\\\/elcabilo.com\\\/radio\\\/category\\\/sin-categoria\\\/#listItem\",\"name\":\"Cabil\\u00f3 R\\u00e0dio\"}}]},{\"@type\":\"Organization\",\"@id\":\"https:\\\/\\\/elcabilo.com\\\/radio\\\/#organization\",\"name\":\"Cabil\\u00f3 R\\u00e0dio\",\"description\":\"La r\\u00e0dio online de Sella\",\"url\":\"https:\\\/\\\/elcabilo.com\\\/radio\\\/\",\"logo\":{\"@type\":\"ImageObject\",\"url\":\"https:\\\/\\\/elcabilo.com\\\/radio\\\/files\\\/2023\\\/01\\\/cropped-logo_radio-1.gif\",\"@id\":\"https:\\\/\\\/elcabilo.com\\\/radio\\\/2022\\\/12\\\/19\\\/entrevista-als-majorals-denguany-22-23-raco-de-tastallibres-memoria-duns-ulls-pintats-de-lluis-llach-el-turrumpero-t2xe04\\\/#organizationLogo\",\"width\":250,\"height\":50},\"image\":{\"@id\":\"https:\\\/\\\/elcabilo.com\\\/radio\\\/2022\\\/12\\\/19\\\/entrevista-als-majorals-denguany-22-23-raco-de-tastallibres-memoria-duns-ulls-pintats-de-lluis-llach-el-turrumpero-t2xe04\\\/#organizationLogo\"}},{\"@type\":\"Person\",\"@id\":\"https:\\\/\\\/elcabilo.com\\\/radio\\\/author\\\/radio\\\/#author\",\"url\":\"https:\\\/\\\/elcabilo.com\\\/radio\\\/author\\\/radio\\\/\",\"name\":\"radio\",\"image\":{\"@type\":\"ImageObject\",\"@id\":\"https:\\\/\\\/elcabilo.com\\\/radio\\\/2022\\\/12\\\/19\\\/entrevista-als-majorals-denguany-22-23-raco-de-tastallibres-memoria-duns-ulls-pintats-de-lluis-llach-el-turrumpero-t2xe04\\\/#authorImage\",\"url\":\"https:\\\/\\\/secure.gravatar.com\\\/avatar\\\/bb687b465db46b8e9255d0921cc346091032a91fe77f93721088d5decb8a2d1a?s=96&d=mm&r=g\",\"width\":96,\"height\":96,\"caption\":\"radio\"}},{\"@type\":\"WebPage\",\"@id\":\"https:\\\/\\\/elcabilo.com\\\/radio\\\/2022\\\/12\\\/19\\\/entrevista-als-majorals-denguany-22-23-raco-de-tastallibres-memoria-duns-ulls-pintats-de-lluis-llach-el-turrumpero-t2xe04\\\/#webpage\",\"url\":\"https:\\\/\\\/elcabilo.com\\\/radio\\\/2022\\\/12\\\/19\\\/entrevista-als-majorals-denguany-22-23-raco-de-tastallibres-memoria-duns-ulls-pintats-de-lluis-llach-el-turrumpero-t2xe04\\\/\",\"name\":\"Entrevista als majorals d\\u2019enguany 22-23- Rac\\u00f3 de Tastallibres: Mem\\u00f2ria d\\u2019uns ulls pintats, de Lluis Llach.- El turrumpero T2xE04 - Cabil\\u00f3R\\u00e0dio\",\"description\":\"Hui entrevistem als majorals d'enguany 22-23, que entre altes coses ens revelar\\u00e1n el secret de voler ser majorals amb tot el treball que t\\u00e9. Parlarem amb Anabel i Reme de la GIAP, que ens contar\\u00e1n el per qu\\u00e8 de la paraeta que estan posant en el mercat. I a la secci\\u00f3 del Rac\\u00f2 de Tastallibres\",\"inLanguage\":\"ca\",\"isPartOf\":{\"@id\":\"https:\\\/\\\/elcabilo.com\\\/radio\\\/#website\"},\"breadcrumb\":{\"@id\":\"https:\\\/\\\/elcabilo.com\\\/radio\\\/2022\\\/12\\\/19\\\/entrevista-als-majorals-denguany-22-23-raco-de-tastallibres-memoria-duns-ulls-pintats-de-lluis-llach-el-turrumpero-t2xe04\\\/#breadcrumblist\"},\"author\":{\"@id\":\"https:\\\/\\\/elcabilo.com\\\/radio\\\/author\\\/radio\\\/#author\"},\"creator\":{\"@id\":\"https:\\\/\\\/elcabilo.com\\\/radio\\\/author\\\/radio\\\/#author\"},\"image\":{\"@type\":\"ImageObject\",\"url\":\"https:\\\/\\\/elcabilo.com\\\/radio\\\/files\\\/2022\\\/12\\\/Rosa-y-Ramon.-reducida-1-scaled.jpg\",\"@id\":\"https:\\\/\\\/elcabilo.com\\\/radio\\\/2022\\\/12\\\/19\\\/entrevista-als-majorals-denguany-22-23-raco-de-tastallibres-memoria-duns-ulls-pintats-de-lluis-llach-el-turrumpero-t2xe04\\\/#mainImage\",\"width\":2560,\"height\":1920,\"caption\":\"smart\"},\"primaryImageOfPage\":{\"@id\":\"https:\\\/\\\/elcabilo.com\\\/radio\\\/2022\\\/12\\\/19\\\/entrevista-als-majorals-denguany-22-23-raco-de-tastallibres-memoria-duns-ulls-pintats-de-lluis-llach-el-turrumpero-t2xe04\\\/#mainImage\"},\"datePublished\":\"2022-12-19T19:17:20+01:00\",\"dateModified\":\"2022-12-20T09:03:50+01:00\"},{\"@type\":\"WebSite\",\"@id\":\"https:\\\/\\\/elcabilo.com\\\/radio\\\/#website\",\"url\":\"https:\\\/\\\/elcabilo.com\\\/radio\\\/\",\"name\":\"Cabil\\u00f3 R\\u00e0dio\",\"description\":\"La r\\u00e0dio online de Sella\",\"inLanguage\":\"ca\",\"publisher\":{\"@id\":\"https:\\\/\\\/elcabilo.com\\\/radio\\\/#organization\"}}]}\n\t\t<\/script>\n\t\t<!-- All in One SEO -->\n\n","aioseo_head_json":{"title":"Entrevista als majorals d\u2019enguany 22-23- Rac\u00f3 de Tastallibres: Mem\u00f2ria d\u2019uns ulls pintats, de Lluis Llach.- El turrumpero T2xE04 - Cabil\u00f3R\u00e0dio","description":"Hui entrevistem als majorals d'enguany 22-23, que entre altes coses ens revelar\u00e1n el secret de voler ser majorals amb tot el treball que t\u00e9. Parlarem amb Anabel i Reme de la GIAP, que ens contar\u00e1n el per qu\u00e8 de la paraeta que estan posant en el mercat. I a la secci\u00f3 del Rac\u00f2 de Tastallibres","canonical_url":"https:\/\/elcabilo.com\/radio\/2022\/12\/19\/entrevista-als-majorals-denguany-22-23-raco-de-tastallibres-memoria-duns-ulls-pintats-de-lluis-llach-el-turrumpero-t2xe04\/","robots":"max-image-preview:large","keywords":"","webmasterTools":{"miscellaneous":""},"schema":{"@context":"https:\/\/schema.org","@graph":[{"@type":"BlogPosting","@id":"https:\/\/elcabilo.com\/radio\/2022\/12\/19\/entrevista-als-majorals-denguany-22-23-raco-de-tastallibres-memoria-duns-ulls-pintats-de-lluis-llach-el-turrumpero-t2xe04\/#blogposting","name":"Entrevista als majorals d\u2019enguany 22-23- Rac\u00f3 de Tastallibres: Mem\u00f2ria d\u2019uns ulls pintats, de Lluis Llach.- El turrumpero T2xE04 - Cabil\u00f3R\u00e0dio","headline":"Entrevista als majorals d&#8217;enguany 22-23- Rac\u00f3 de Tastallibres: Mem\u00f2ria d&#8217;uns ulls pintats, de Lluis Llach.- El turrumpero T2xE04","author":{"@id":"https:\/\/elcabilo.com\/radio\/author\/radio\/#author"},"publisher":{"@id":"https:\/\/elcabilo.com\/radio\/#organization"},"image":{"@type":"ImageObject","url":"https:\/\/elcabilo.com\/radio\/files\/2022\/12\/Rosa-y-Ramon.-reducida-1-scaled.jpg","width":2560,"height":1920,"caption":"smart"},"datePublished":"2022-12-19T19:17:20+01:00","dateModified":"2022-12-20T09:03:50+01:00","inLanguage":"ca","mainEntityOfPage":{"@id":"https:\/\/elcabilo.com\/radio\/2022\/12\/19\/entrevista-als-majorals-denguany-22-23-raco-de-tastallibres-memoria-duns-ulls-pintats-de-lluis-llach-el-turrumpero-t2xe04\/#webpage"},"isPartOf":{"@id":"https:\/\/elcabilo.com\/radio\/2022\/12\/19\/entrevista-als-majorals-denguany-22-23-raco-de-tastallibres-memoria-duns-ulls-pintats-de-lluis-llach-el-turrumpero-t2xe04\/#webpage"},"articleSection":"Cabil\u00f3 R\u00e0dio, El Turrumpero"},{"@type":"BreadcrumbList","@id":"https:\/\/elcabilo.com\/radio\/2022\/12\/19\/entrevista-als-majorals-denguany-22-23-raco-de-tastallibres-memoria-duns-ulls-pintats-de-lluis-llach-el-turrumpero-t2xe04\/#breadcrumblist","itemListElement":[{"@type":"ListItem","@id":"https:\/\/elcabilo.com\/radio#listItem","position":1,"name":"Home","item":"https:\/\/elcabilo.com\/radio","nextItem":{"@type":"ListItem","@id":"https:\/\/elcabilo.com\/radio\/category\/sin-categoria\/#listItem","name":"Cabil\u00f3 R\u00e0dio"}},{"@type":"ListItem","@id":"https:\/\/elcabilo.com\/radio\/category\/sin-categoria\/#listItem","position":2,"name":"Cabil\u00f3 R\u00e0dio","item":"https:\/\/elcabilo.com\/radio\/category\/sin-categoria\/","nextItem":{"@type":"ListItem","@id":"https:\/\/elcabilo.com\/radio\/2022\/12\/19\/entrevista-als-majorals-denguany-22-23-raco-de-tastallibres-memoria-duns-ulls-pintats-de-lluis-llach-el-turrumpero-t2xe04\/#listItem","name":"Entrevista als majorals d&#8217;enguany 22-23- Rac\u00f3 de Tastallibres: Mem\u00f2ria d&#8217;uns ulls pintats, de Lluis Llach.- El turrumpero T2xE04"},"previousItem":{"@type":"ListItem","@id":"https:\/\/elcabilo.com\/radio#listItem","name":"Home"}},{"@type":"ListItem","@id":"https:\/\/elcabilo.com\/radio\/2022\/12\/19\/entrevista-als-majorals-denguany-22-23-raco-de-tastallibres-memoria-duns-ulls-pintats-de-lluis-llach-el-turrumpero-t2xe04\/#listItem","position":3,"name":"Entrevista als majorals d&#8217;enguany 22-23- Rac\u00f3 de Tastallibres: Mem\u00f2ria d&#8217;uns ulls pintats, de Lluis Llach.- El turrumpero T2xE04","previousItem":{"@type":"ListItem","@id":"https:\/\/elcabilo.com\/radio\/category\/sin-categoria\/#listItem","name":"Cabil\u00f3 R\u00e0dio"}}]},{"@type":"Organization","@id":"https:\/\/elcabilo.com\/radio\/#organization","name":"Cabil\u00f3 R\u00e0dio","description":"La r\u00e0dio online de Sella","url":"https:\/\/elcabilo.com\/radio\/","logo":{"@type":"ImageObject","url":"https:\/\/elcabilo.com\/radio\/files\/2023\/01\/cropped-logo_radio-1.gif","@id":"https:\/\/elcabilo.com\/radio\/2022\/12\/19\/entrevista-als-majorals-denguany-22-23-raco-de-tastallibres-memoria-duns-ulls-pintats-de-lluis-llach-el-turrumpero-t2xe04\/#organizationLogo","width":250,"height":50},"image":{"@id":"https:\/\/elcabilo.com\/radio\/2022\/12\/19\/entrevista-als-majorals-denguany-22-23-raco-de-tastallibres-memoria-duns-ulls-pintats-de-lluis-llach-el-turrumpero-t2xe04\/#organizationLogo"}},{"@type":"Person","@id":"https:\/\/elcabilo.com\/radio\/author\/radio\/#author","url":"https:\/\/elcabilo.com\/radio\/author\/radio\/","name":"radio","image":{"@type":"ImageObject","@id":"https:\/\/elcabilo.com\/radio\/2022\/12\/19\/entrevista-als-majorals-denguany-22-23-raco-de-tastallibres-memoria-duns-ulls-pintats-de-lluis-llach-el-turrumpero-t2xe04\/#authorImage","url":"https:\/\/secure.gravatar.com\/avatar\/bb687b465db46b8e9255d0921cc346091032a91fe77f93721088d5decb8a2d1a?s=96&d=mm&r=g","width":96,"height":96,"caption":"radio"}},{"@type":"WebPage","@id":"https:\/\/elcabilo.com\/radio\/2022\/12\/19\/entrevista-als-majorals-denguany-22-23-raco-de-tastallibres-memoria-duns-ulls-pintats-de-lluis-llach-el-turrumpero-t2xe04\/#webpage","url":"https:\/\/elcabilo.com\/radio\/2022\/12\/19\/entrevista-als-majorals-denguany-22-23-raco-de-tastallibres-memoria-duns-ulls-pintats-de-lluis-llach-el-turrumpero-t2xe04\/","name":"Entrevista als majorals d\u2019enguany 22-23- Rac\u00f3 de Tastallibres: Mem\u00f2ria d\u2019uns ulls pintats, de Lluis Llach.- El turrumpero T2xE04 - Cabil\u00f3R\u00e0dio","description":"Hui entrevistem als majorals d'enguany 22-23, que entre altes coses ens revelar\u00e1n el secret de voler ser majorals amb tot el treball que t\u00e9. Parlarem amb Anabel i Reme de la GIAP, que ens contar\u00e1n el per qu\u00e8 de la paraeta que estan posant en el mercat. I a la secci\u00f3 del Rac\u00f2 de Tastallibres","inLanguage":"ca","isPartOf":{"@id":"https:\/\/elcabilo.com\/radio\/#website"},"breadcrumb":{"@id":"https:\/\/elcabilo.com\/radio\/2022\/12\/19\/entrevista-als-majorals-denguany-22-23-raco-de-tastallibres-memoria-duns-ulls-pintats-de-lluis-llach-el-turrumpero-t2xe04\/#breadcrumblist"},"author":{"@id":"https:\/\/elcabilo.com\/radio\/author\/radio\/#author"},"creator":{"@id":"https:\/\/elcabilo.com\/radio\/author\/radio\/#author"},"image":{"@type":"ImageObject","url":"https:\/\/elcabilo.com\/radio\/files\/2022\/12\/Rosa-y-Ramon.-reducida-1-scaled.jpg","@id":"https:\/\/elcabilo.com\/radio\/2022\/12\/19\/entrevista-als-majorals-denguany-22-23-raco-de-tastallibres-memoria-duns-ulls-pintats-de-lluis-llach-el-turrumpero-t2xe04\/#mainImage","width":2560,"height":1920,"caption":"smart"},"primaryImageOfPage":{"@id":"https:\/\/elcabilo.com\/radio\/2022\/12\/19\/entrevista-als-majorals-denguany-22-23-raco-de-tastallibres-memoria-duns-ulls-pintats-de-lluis-llach-el-turrumpero-t2xe04\/#mainImage"},"datePublished":"2022-12-19T19:17:20+01:00","dateModified":"2022-12-20T09:03:50+01:00"},{"@type":"WebSite","@id":"https:\/\/elcabilo.com\/radio\/#website","url":"https:\/\/elcabilo.com\/radio\/","name":"Cabil\u00f3 R\u00e0dio","description":"La r\u00e0dio online de Sella","inLanguage":"ca","publisher":{"@id":"https:\/\/elcabilo.com\/radio\/#organization"}}]},"og:locale":"ca_ES","og:site_name":"Cabil\u00f3R\u00e0dio - La r\u00e0dio online de Sella","og:type":"article","og:title":"Entrevista als majorals d\u2019enguany 22-23- Rac\u00f3 de Tastallibres: Mem\u00f2ria d\u2019uns ulls pintats, de Lluis Llach.- El turrumpero T2xE04 - Cabil\u00f3R\u00e0dio","og:description":"Hui entrevistem als majorals d'enguany 22-23, que entre altes coses ens revelar\u00e1n el secret de voler ser majorals amb tot el treball que t\u00e9. Parlarem amb Anabel i Reme de la GIAP, que ens contar\u00e1n el per qu\u00e8 de la paraeta que estan posant en el mercat. I a la secci\u00f3 del Rac\u00f2 de Tastallibres","og:url":"https:\/\/elcabilo.com\/radio\/2022\/12\/19\/entrevista-als-majorals-denguany-22-23-raco-de-tastallibres-memoria-duns-ulls-pintats-de-lluis-llach-el-turrumpero-t2xe04\/","og:image":"https:\/\/elcabilo.com\/radio\/files\/2023\/01\/cropped-logo_radio-1.gif","og:image:secure_url":"https:\/\/elcabilo.com\/radio\/files\/2023\/01\/cropped-logo_radio-1.gif","article:published_time":"2022-12-19T18:17:20+00:00","article:modified_time":"2022-12-20T08:03:50+00:00","twitter:card":"summary_large_image","twitter:title":"Entrevista als majorals d\u2019enguany 22-23- Rac\u00f3 de Tastallibres: Mem\u00f2ria d\u2019uns ulls pintats, de Lluis Llach.- El turrumpero T2xE04 - Cabil\u00f3R\u00e0dio","twitter:description":"Hui entrevistem als majorals d'enguany 22-23, que entre altes coses ens revelar\u00e1n el secret de voler ser majorals amb tot el treball que t\u00e9. Parlarem amb Anabel i Reme de la GIAP, que ens contar\u00e1n el per qu\u00e8 de la paraeta que estan posant en el mercat. I a la secci\u00f3 del Rac\u00f2 de Tastallibres","twitter:image":"https:\/\/elcabilo.com\/radio\/files\/2023\/01\/cropped-logo_radio-1.gif"},"aioseo_meta_data":{"post_id":"1976","title":null,"description":null,"keywords":null,"keyphrases":null,"primary_term":null,"canonical_url":null,"og_title":null,"og_description":null,"og_object_type":"default","og_image_type":"default","og_image_url":null,"og_image_width":null,"og_image_height":null,"og_image_custom_url":null,"og_image_custom_fields":null,"og_video":null,"og_custom_url":null,"og_article_section":null,"og_article_tags":null,"twitter_use_og":false,"twitter_card":"default","twitter_image_type":"default","twitter_image_url":null,"twitter_image_custom_url":null,"twitter_image_custom_fields":null,"twitter_title":null,"twitter_description":null,"schema":{"blockGraphs":[],"customGraphs":[],"default":{"data":{"Article":[],"Course":[],"Dataset":[],"FAQPage":[],"Movie":[],"Person":[],"Product":[],"ProductReview":[],"Car":[],"Recipe":[],"Service":[],"SoftwareApplication":[],"WebPage":[]},"graphName":"","isEnabled":true},"graphs":[]},"schema_type":"default","schema_type_options":null,"pillar_content":false,"robots_default":true,"robots_noindex":false,"robots_noarchive":false,"robots_nosnippet":false,"robots_nofollow":false,"robots_noimageindex":false,"robots_noodp":false,"robots_notranslate":false,"robots_max_snippet":null,"robots_max_videopreview":null,"robots_max_imagepreview":"large","priority":null,"frequency":null,"local_seo":null,"breadcrumb_settings":null,"limit_modified_date":false,"ai":null,"created":"2023-01-27 22:24:41","updated":"2025-06-08 20:24:38","seo_analyzer_scan_date":null,"focus_keyword":null,"additional_keywords":null,"truseo_locale":null},"aioseo_breadcrumb":"<div class=\"aioseo-breadcrumbs\"><span class=\"aioseo-breadcrumb\">\n\t\t\t<a href=\"https:\/\/elcabilo.com\/radio\" title=\"Home\">Home<\/a>\n\t\t<\/span><span class=\"aioseo-breadcrumb-separator\">&raquo;<\/span><span class=\"aioseo-breadcrumb\">\n\t\t\t<a href=\"https:\/\/elcabilo.com\/radio\/category\/sin-categoria\/\" title=\"Cabil\u00f3 R\u00e0dio\">Cabil\u00f3 R\u00e0dio<\/a>\n\t\t<\/span><span class=\"aioseo-breadcrumb-separator\">&raquo;<\/span><span class=\"aioseo-breadcrumb\">\n\t\t\tEntrevista als majorals d\u2019enguany 22-23- Rac\u00f3 de Tastallibres: Mem\u00f2ria d\u2019uns ulls pintats, de Lluis Llach.- El turrumpero T2xE04\n\t\t<\/span><\/div>","aioseo_breadcrumb_json":[{"label":"Home","link":"https:\/\/elcabilo.com\/radio"},{"label":"Cabil\u00f3 R\u00e0dio","link":"https:\/\/elcabilo.com\/radio\/category\/sin-categoria\/"},{"label":"Entrevista als majorals d&#8217;enguany 22-23- Rac\u00f3 de Tastallibres: Mem\u00f2ria d&#8217;uns ulls pintats, de Lluis Llach.- El turrumpero T2xE04","link":"https:\/\/elcabilo.com\/radio\/2022\/12\/19\/entrevista-als-majorals-denguany-22-23-raco-de-tastallibres-memoria-duns-ulls-pintats-de-lluis-llach-el-turrumpero-t2xe04\/"}],"_links":{"self":[{"href":"https:\/\/elcabilo.com\/radio\/wp-json\/wp\/v2\/posts\/1976","targetHints":{"allow":["GET"]}}],"collection":[{"href":"https:\/\/elcabilo.com\/radio\/wp-json\/wp\/v2\/posts"}],"about":[{"href":"https:\/\/elcabilo.com\/radio\/wp-json\/wp\/v2\/types\/post"}],"author":[{"embeddable":true,"href":"https:\/\/elcabilo.com\/radio\/wp-json\/wp\/v2\/users\/272"}],"replies":[{"embeddable":true,"href":"https:\/\/elcabilo.com\/radio\/wp-json\/wp\/v2\/comments?post=1976"}],"version-history":[{"count":5,"href":"https:\/\/elcabilo.com\/radio\/wp-json\/wp\/v2\/posts\/1976\/revisions"}],"predecessor-version":[{"id":1983,"href":"https:\/\/elcabilo.com\/radio\/wp-json\/wp\/v2\/posts\/1976\/revisions\/1983"}],"wp:featuredmedia":[{"embeddable":true,"href":"https:\/\/elcabilo.com\/radio\/wp-json\/wp\/v2\/media\/1982"}],"wp:attachment":[{"href":"https:\/\/elcabilo.com\/radio\/wp-json\/wp\/v2\/media?parent=1976"}],"wp:term":[{"taxonomy":"category","embeddable":true,"href":"https:\/\/elcabilo.com\/radio\/wp-json\/wp\/v2\/categories?post=1976"},{"taxonomy":"post_tag","embeddable":true,"href":"https:\/\/elcabilo.com\/radio\/wp-json\/wp\/v2\/tags?post=1976"}],"curies":[{"name":"wp","href":"https:\/\/api.w.org\/{rel}","templated":true}]}}