{"id":1986,"date":"2023-01-25T19:34:30","date_gmt":"2023-01-25T18:34:30","guid":{"rendered":"https:\/\/elcabilo.com\/radio\/?p=1986"},"modified":"2023-01-25T22:38:53","modified_gmt":"2023-01-25T21:38:53","slug":"entrevista-a-xavi-sarria-ex-lider-d-obrint-pas-raco-de-tastallibres-totes-les-cancons-parlen-de-tu-el-turrumpero-t2xe05","status":"publish","type":"post","link":"https:\/\/elcabilo.com\/radio\/2023\/01\/25\/entrevista-a-xavi-sarria-ex-lider-d-obrint-pas-raco-de-tastallibres-totes-les-cancons-parlen-de-tu-el-turrumpero-t2xe05\/","title":{"rendered":"Entrevista a Xavi Sarri\u00e0.- El Rac\u00f3 del TastaLlibres: Totes les can\u00e7ons parlen de tu.- El Turrumpero T2xE05"},"content":{"rendered":"\n<p>Hui, en El Turrumpero, parlem d&#8217;adolesc\u00e8ncia, de carrer, de barri, de fam\u00edlia i de col\u00b7lectiu. Parlem de literatura i de m\u00fasica amb Xavi Sarri\u00e0, escriptor i cantant (antic l\u00edder del grup <strong>Obrint Pas<\/strong>), que va vindre a Sella a presentar la seua novel\u00b7la <strong><em>Totes les can\u00e7ons parlen de tu<\/em>.<\/strong><\/p>\n\n\n\n<p>I amb aquest llibre tindrem una interessant tert\u00falia en <strong>El Rac\u00f3 de Tastallibres<\/strong>. Cap al final, trobareu una sorpresa que t\u00e9 a veure amb el premi de la <strong>Fundaci\u00f3 Bromera pel Foment de la Lectura<\/strong> que va guanyar la companya <strong>\u00c1ngela Bald\u00f3<\/strong>.<\/p>\n\n\n\n<p>Comencem!!<\/p>\n\n\n\n<p><strong>Musica de inici:<\/strong> Los chicos del bancal<\/p>\n\n\n\n<p><strong>Musica de tancament:<\/strong> &#8220;Apocalipto: una marxa de mercenaris\u201d composada per Miquel Morales Climent l\u2019any 2016. Fou un enc\u00e0rrec de la fil\u00e0 \u201cCaballeros Hospitalarios\u201d del barri de Sant Blai a Alacant.<\/p>\n\n\n\n<p><strong>Can\u00e7ons del programa per ordre d\u2019 aparici\u00f3:<\/strong><\/p>\n\n\n\n<p>&#8211; &#8220;M\u00fasica, r\u00e0bia i amor&#8221;, del disc <em>Causa<\/em>,  de Xavi Sarri\u00e0.<\/p>\n\n\n\n<p>&#8211; &#8220;La vida sense tu&#8221;, de l\u2019\u00e0lbum <em>Coratge<\/em>, d\u2019Obrint Pas. <\/p>\n\n\n\n<p>&#8211; &#8220;Renaixem&#8221;, de l\u2019\u00e0lbum <em>Amb l\u2019esperan\u00e7a entre les dents<\/em>, de Xavi Sarri\u00e0<\/p>\n\n\n\n<p>Contacte: elcabiloradio@gmail.com<\/p>\n\n\n\n<p>Twitter: @cabilo_radio<\/p>\n\n\n\n<p>Facebook: @cabilo_radio<\/p>\n\n\n\n<figure class=\"wp-block-embed is-type-rich is-provider-spotify wp-block-embed-spotify wp-embed-aspect-21-9 wp-has-aspect-ratio\"><div class=\"wp-block-embed__wrapper\">\n<iframe title=\"Spotify Embed: Entrevista a Xavi Sarri\u00e0. I al Rac\u00f3 de Tastallibres, Totes les can\u00e7ons parlen de tu.- El turrumpero T2xE05\" style=\"border-radius: 12px\" width=\"100%\" height=\"152\" frameborder=\"0\" allowfullscreen allow=\"autoplay; clipboard-write; encrypted-media; fullscreen; picture-in-picture\" loading=\"lazy\" src=\"https:\/\/open.spotify.com\/embed\/episode\/7ApwIt0I1Q02lXfXYK0WIw?si=wikKcqzPSyCdocgWjd_nCQ&#038;utm_source=oembed\"><\/iframe>\n<\/div><\/figure>\n\n\n\n<figure class=\"wp-block-embed is-type-rich is-provider-spotify wp-block-embed-spotify wp-embed-aspect-21-9 wp-has-aspect-ratio\"><div class=\"wp-block-embed__wrapper\">\n<iframe title=\"Spotify Embed: El rac\u00f3 de Tastallibres: Totes les can\u00e7ons parlen de tu, de Xavi Sarri\u00e0 T2xE05\" style=\"border-radius: 12px\" width=\"100%\" height=\"152\" frameborder=\"0\" allowfullscreen allow=\"autoplay; clipboard-write; encrypted-media; fullscreen; picture-in-picture\" loading=\"lazy\" src=\"https:\/\/open.spotify.com\/embed\/episode\/3nO77BMaFkIh2Le1bDk5js?si=ef1y6IbfRXWGHADFupM-ow&#038;utm_source=oembed\"><\/iframe>\n<\/div><\/figure>\n","protected":false},"excerpt":{"rendered":"<p>Hui, en El Turrumpero, parlem d&#8217;adolesc\u00e8ncia, de carrer, de barri, de fam\u00edlia i de col\u00b7lectiu. Parlem de literatura i de m\u00fasica amb Xavi Sarri\u00e0, escriptor i cantant (antic l\u00edder del grup Obrint Pas), que va vindre a Sella a presentar la seua novel\u00b7la Totes les can\u00e7ons parlen de tu. I amb aquest llibre tindrem una [&hellip;]<\/p>\n","protected":false},"author":272,"featured_media":1987,"comment_status":"open","ping_status":"open","sticky":false,"template":"","format":"standard","meta":{"_exactmetrics_skip_tracking":false,"_exactmetrics_sitenote_active":false,"_exactmetrics_sitenote_note":"","_exactmetrics_sitenote_category":0,"footnotes":""},"categories":[1,28],"tags":[],"class_list":["post-1986","post","type-post","status-publish","format-standard","has-post-thumbnail","hentry","category-sin-categoria","category-el-turrumpero"],"aioseo_notices":[],"_links":{"self":[{"href":"https:\/\/elcabilo.com\/radio\/wp-json\/wp\/v2\/posts\/1986","targetHints":{"allow":["GET"]}}],"collection":[{"href":"https:\/\/elcabilo.com\/radio\/wp-json\/wp\/v2\/posts"}],"about":[{"href":"https:\/\/elcabilo.com\/radio\/wp-json\/wp\/v2\/types\/post"}],"author":[{"embeddable":true,"href":"https:\/\/elcabilo.com\/radio\/wp-json\/wp\/v2\/users\/272"}],"replies":[{"embeddable":true,"href":"https:\/\/elcabilo.com\/radio\/wp-json\/wp\/v2\/comments?post=1986"}],"version-history":[{"count":5,"href":"https:\/\/elcabilo.com\/radio\/wp-json\/wp\/v2\/posts\/1986\/revisions"}],"predecessor-version":[{"id":1994,"href":"https:\/\/elcabilo.com\/radio\/wp-json\/wp\/v2\/posts\/1986\/revisions\/1994"}],"wp:featuredmedia":[{"embeddable":true,"href":"https:\/\/elcabilo.com\/radio\/wp-json\/wp\/v2\/media\/1987"}],"wp:attachment":[{"href":"https:\/\/elcabilo.com\/radio\/wp-json\/wp\/v2\/media?parent=1986"}],"wp:term":[{"taxonomy":"category","embeddable":true,"href":"https:\/\/elcabilo.com\/radio\/wp-json\/wp\/v2\/categories?post=1986"},{"taxonomy":"post_tag","embeddable":true,"href":"https:\/\/elcabilo.com\/radio\/wp-json\/wp\/v2\/tags?post=1986"}],"curies":[{"name":"wp","href":"https:\/\/api.w.org\/{rel}","templated":true}]}}