{"id":1986,"date":"2023-01-25T19:34:30","date_gmt":"2023-01-25T18:34:30","guid":{"rendered":"https:\/\/elcabilo.com\/radio\/?p=1986"},"modified":"2023-01-25T22:38:53","modified_gmt":"2023-01-25T21:38:53","slug":"entrevista-a-xavi-sarria-ex-lider-d-obrint-pas-raco-de-tastallibres-totes-les-cancons-parlen-de-tu-el-turrumpero-t2xe05","status":"publish","type":"post","link":"https:\/\/elcabilo.com\/radio\/2023\/01\/25\/entrevista-a-xavi-sarria-ex-lider-d-obrint-pas-raco-de-tastallibres-totes-les-cancons-parlen-de-tu-el-turrumpero-t2xe05\/","title":{"rendered":"Entrevista a Xavi Sarri\u00e0.- El Rac\u00f3 del TastaLlibres: Totes les can\u00e7ons parlen de tu.- El Turrumpero T2xE05"},"content":{"rendered":"\n<p class=\"wp-block-paragraph\">Hui, en El Turrumpero, parlem d&#8217;adolesc\u00e8ncia, de carrer, de barri, de fam\u00edlia i de col\u00b7lectiu. Parlem de literatura i de m\u00fasica amb Xavi Sarri\u00e0, escriptor i cantant (antic l\u00edder del grup <strong>Obrint Pas<\/strong>), que va vindre a Sella a presentar la seua novel\u00b7la <strong><em>Totes les can\u00e7ons parlen de tu<\/em>.<\/strong><\/p>\n\n\n\n<p class=\"wp-block-paragraph\">I amb aquest llibre tindrem una interessant tert\u00falia en <strong>El Rac\u00f3 de Tastallibres<\/strong>. Cap al final, trobareu una sorpresa que t\u00e9 a veure amb el premi de la <strong>Fundaci\u00f3 Bromera pel Foment de la Lectura<\/strong> que va guanyar la companya <strong>\u00c1ngela Bald\u00f3<\/strong>.<\/p>\n\n\n\n<p class=\"wp-block-paragraph\">Comencem!!<\/p>\n\n\n\n<p class=\"wp-block-paragraph\"><strong>Musica de inici:<\/strong> Los chicos del bancal<\/p>\n\n\n\n<p class=\"wp-block-paragraph\"><strong>Musica de tancament:<\/strong> \u00abApocalipto: una marxa de mercenaris\u201d composada per Miquel Morales Climent l\u2019any 2016. Fou un enc\u00e0rrec de la fil\u00e0 \u201cCaballeros Hospitalarios\u201d del barri de Sant Blai a Alacant.<\/p>\n\n\n\n<p class=\"wp-block-paragraph\"><strong>Can\u00e7ons del programa per ordre d\u2019 aparici\u00f3:<\/strong><\/p>\n\n\n\n<p class=\"wp-block-paragraph\">&#8211; \u00abM\u00fasica, r\u00e0bia i amor\u00bb, del disc <em>Causa<\/em>,  de Xavi Sarri\u00e0.<\/p>\n\n\n\n<p class=\"wp-block-paragraph\">&#8211; \u00abLa vida sense tu\u00bb, de l\u2019\u00e0lbum <em>Coratge<\/em>, d\u2019Obrint Pas. <\/p>\n\n\n\n<p class=\"wp-block-paragraph\">&#8211; \u00abRenaixem\u00bb, de l\u2019\u00e0lbum <em>Amb l\u2019esperan\u00e7a entre les dents<\/em>, de Xavi Sarri\u00e0<\/p>\n\n\n\n<p class=\"wp-block-paragraph\">Contacte: elcabiloradio@gmail.com<\/p>\n\n\n\n<p class=\"wp-block-paragraph\">Twitter: @cabilo_radio<\/p>\n\n\n\n<p class=\"wp-block-paragraph\">Facebook: @cabilo_radio<\/p>\n\n\n\n<figure class=\"wp-block-embed is-type-rich is-provider-spotify wp-block-embed-spotify wp-embed-aspect-21-9 wp-has-aspect-ratio\"><div class=\"wp-block-embed__wrapper\">\n<iframe title=\"Spotify Embed: Entrevista a Xavi Sarri\u00e0. I al Rac\u00f3 de Tastallibres, Totes les can\u00e7ons parlen de tu.- El turrumpero T2xE05\" style=\"border-radius: 12px\" width=\"100%\" height=\"152\" frameborder=\"0\" allowfullscreen allow=\"autoplay; clipboard-write; encrypted-media; fullscreen; picture-in-picture\" loading=\"lazy\" src=\"https:\/\/open.spotify.com\/embed\/episode\/7ApwIt0I1Q02lXfXYK0WIw?si=wikKcqzPSyCdocgWjd_nCQ&#038;utm_source=oembed\"><\/iframe>\n<\/div><\/figure>\n\n\n\n<figure class=\"wp-block-embed is-type-rich is-provider-spotify wp-block-embed-spotify wp-embed-aspect-21-9 wp-has-aspect-ratio\"><div class=\"wp-block-embed__wrapper\">\n<iframe title=\"Spotify Embed: El rac\u00f3 de Tastallibres: Totes les can\u00e7ons parlen de tu, de Xavi Sarri\u00e0 T2xE05\" style=\"border-radius: 12px\" width=\"100%\" height=\"152\" frameborder=\"0\" allowfullscreen allow=\"autoplay; clipboard-write; encrypted-media; fullscreen; picture-in-picture\" loading=\"lazy\" src=\"https:\/\/open.spotify.com\/embed\/episode\/3nO77BMaFkIh2Le1bDk5js?si=ef1y6IbfRXWGHADFupM-ow&#038;utm_source=oembed\"><\/iframe>\n<\/div><\/figure>\n","protected":false},"excerpt":{"rendered":"<p>Hui, en El Turrumpero, parlem d&#8217;adolesc\u00e8ncia, de carrer, de barri, de fam\u00edlia i de col\u00b7lectiu. Parlem de literatura i de m\u00fasica amb Xavi Sarri\u00e0, escriptor i cantant (antic l\u00edder del grup Obrint Pas), que va vindre a Sella a presentar la seua novel\u00b7la Totes les can\u00e7ons parlen de tu. I amb aquest llibre tindrem una [&hellip;]<\/p>\n","protected":false},"author":272,"featured_media":1987,"comment_status":"open","ping_status":"open","sticky":false,"template":"","format":"standard","meta":{"_exactmetrics_skip_tracking":false,"footnotes":""},"categories":[1,28],"tags":[],"class_list":["post-1986","post","type-post","status-publish","format-standard","has-post-thumbnail","hentry","category-sin-categoria","category-el-turrumpero"],"aioseo_notices":[],"aioseo_head":"\n\t\t<!-- All in One SEO 5.0.1 - aioseo.com -->\n\t<meta name=\"description\" content=\"Hui, en El Turrumpero, parlem d&#039;adolesc\u00e8ncia, de carrer, de barri, de fam\u00edlia i de col\u00b7lectiu. Parlem de literatura i de m\u00fasica amb Xavi Sarri\u00e0, escriptor i cantant (antic l\u00edder del grup Obrint Pas), que va vindre a Sella a presentar la seua novel\u00b7la Totes les can\u00e7ons parlen de tu. I amb aquest llibre tindrem una\" \/>\n\t<meta name=\"robots\" content=\"max-image-preview:large\" \/>\n\t<meta name=\"author\" content=\"radio\"\/>\n\t<link rel=\"canonical\" href=\"https:\/\/elcabilo.com\/radio\/2023\/01\/25\/entrevista-a-xavi-sarria-ex-lider-d-obrint-pas-raco-de-tastallibres-totes-les-cancons-parlen-de-tu-el-turrumpero-t2xe05\/\" \/>\n\t<meta name=\"generator\" content=\"All in One SEO (AIOSEO) 5.0.1\" \/>\n\t\t<meta property=\"og:locale\" content=\"ca_ES\" \/>\n\t\t<meta property=\"og:site_name\" content=\"Cabil\u00f3R\u00e0dio - La r\u00e0dio online de Sella\" \/>\n\t\t<meta property=\"og:type\" content=\"article\" \/>\n\t\t<meta property=\"og:title\" content=\"Entrevista a Xavi Sarri\u00e0.- El Rac\u00f3 del TastaLlibres: Totes les can\u00e7ons parlen de tu.- El Turrumpero T2xE05 - Cabil\u00f3R\u00e0dio\" \/>\n\t\t<meta property=\"og:description\" content=\"Hui, en El Turrumpero, parlem d&#039;adolesc\u00e8ncia, de carrer, de barri, de fam\u00edlia i de col\u00b7lectiu. Parlem de literatura i de m\u00fasica amb Xavi Sarri\u00e0, escriptor i cantant (antic l\u00edder del grup Obrint Pas), que va vindre a Sella a presentar la seua novel\u00b7la Totes les can\u00e7ons parlen de tu. I amb aquest llibre tindrem una\" \/>\n\t\t<meta property=\"og:url\" content=\"https:\/\/elcabilo.com\/radio\/2023\/01\/25\/entrevista-a-xavi-sarria-ex-lider-d-obrint-pas-raco-de-tastallibres-totes-les-cancons-parlen-de-tu-el-turrumpero-t2xe05\/\" \/>\n\t\t<meta property=\"og:image\" content=\"https:\/\/elcabilo.com\/radio\/files\/2023\/01\/cropped-logo_radio-1.gif\" \/>\n\t\t<meta property=\"og:image:secure_url\" content=\"https:\/\/elcabilo.com\/radio\/files\/2023\/01\/cropped-logo_radio-1.gif\" \/>\n\t\t<meta property=\"article:published_time\" content=\"2023-01-25T18:34:30+00:00\" \/>\n\t\t<meta property=\"article:modified_time\" content=\"2023-01-25T21:38:53+00:00\" \/>\n\t\t<meta name=\"twitter:card\" content=\"summary_large_image\" \/>\n\t\t<meta name=\"twitter:title\" content=\"Entrevista a Xavi Sarri\u00e0.- El Rac\u00f3 del TastaLlibres: Totes les can\u00e7ons parlen de tu.- El Turrumpero T2xE05 - Cabil\u00f3R\u00e0dio\" \/>\n\t\t<meta name=\"twitter:description\" content=\"Hui, en El Turrumpero, parlem d&#039;adolesc\u00e8ncia, de carrer, de barri, de fam\u00edlia i de col\u00b7lectiu. Parlem de literatura i de m\u00fasica amb Xavi Sarri\u00e0, escriptor i cantant (antic l\u00edder del grup Obrint Pas), que va vindre a Sella a presentar la seua novel\u00b7la Totes les can\u00e7ons parlen de tu. I amb aquest llibre tindrem una\" \/>\n\t\t<meta name=\"twitter:image\" content=\"https:\/\/elcabilo.com\/radio\/files\/2023\/01\/cropped-logo_radio-1.gif\" \/>\n\t\t<script type=\"application\/ld+json\" class=\"aioseo-schema\">\n\t\t\t{\"@context\":\"https:\\\/\\\/schema.org\",\"@graph\":[{\"@type\":\"BlogPosting\",\"@id\":\"https:\\\/\\\/elcabilo.com\\\/radio\\\/2023\\\/01\\\/25\\\/entrevista-a-xavi-sarria-ex-lider-d-obrint-pas-raco-de-tastallibres-totes-les-cancons-parlen-de-tu-el-turrumpero-t2xe05\\\/#blogposting\",\"name\":\"Entrevista a Xavi Sarri\\u00e0.- El Rac\\u00f3 del TastaLlibres: Totes les can\\u00e7ons parlen de tu.- El Turrumpero T2xE05 - Cabil\\u00f3R\\u00e0dio\",\"headline\":\"Entrevista a Xavi Sarri\\u00e0.- El Rac\\u00f3 del TastaLlibres: Totes les can\\u00e7ons parlen de tu.- El Turrumpero T2xE05\",\"author\":{\"@id\":\"https:\\\/\\\/elcabilo.com\\\/radio\\\/author\\\/radio\\\/#author\"},\"publisher\":{\"@id\":\"https:\\\/\\\/elcabilo.com\\\/radio\\\/#organization\"},\"image\":{\"@type\":\"ImageObject\",\"url\":\"https:\\\/\\\/elcabilo.com\\\/radio\\\/files\\\/2023\\\/01\\\/IMG-20230108-WA0009.jpg\",\"width\":1600,\"height\":1200},\"datePublished\":\"2023-01-25T19:34:30+01:00\",\"dateModified\":\"2023-01-25T22:38:53+01:00\",\"inLanguage\":\"ca\",\"mainEntityOfPage\":{\"@id\":\"https:\\\/\\\/elcabilo.com\\\/radio\\\/2023\\\/01\\\/25\\\/entrevista-a-xavi-sarria-ex-lider-d-obrint-pas-raco-de-tastallibres-totes-les-cancons-parlen-de-tu-el-turrumpero-t2xe05\\\/#webpage\"},\"isPartOf\":{\"@id\":\"https:\\\/\\\/elcabilo.com\\\/radio\\\/2023\\\/01\\\/25\\\/entrevista-a-xavi-sarria-ex-lider-d-obrint-pas-raco-de-tastallibres-totes-les-cancons-parlen-de-tu-el-turrumpero-t2xe05\\\/#webpage\"},\"articleSection\":\"Cabil\\u00f3 R\\u00e0dio, El Turrumpero\"},{\"@type\":\"BreadcrumbList\",\"@id\":\"https:\\\/\\\/elcabilo.com\\\/radio\\\/2023\\\/01\\\/25\\\/entrevista-a-xavi-sarria-ex-lider-d-obrint-pas-raco-de-tastallibres-totes-les-cancons-parlen-de-tu-el-turrumpero-t2xe05\\\/#breadcrumblist\",\"itemListElement\":[{\"@type\":\"ListItem\",\"@id\":\"https:\\\/\\\/elcabilo.com\\\/radio#listItem\",\"position\":1,\"name\":\"Home\",\"item\":\"https:\\\/\\\/elcabilo.com\\\/radio\",\"nextItem\":{\"@type\":\"ListItem\",\"@id\":\"https:\\\/\\\/elcabilo.com\\\/radio\\\/category\\\/sin-categoria\\\/#listItem\",\"name\":\"Cabil\\u00f3 R\\u00e0dio\"}},{\"@type\":\"ListItem\",\"@id\":\"https:\\\/\\\/elcabilo.com\\\/radio\\\/category\\\/sin-categoria\\\/#listItem\",\"position\":2,\"name\":\"Cabil\\u00f3 R\\u00e0dio\",\"item\":\"https:\\\/\\\/elcabilo.com\\\/radio\\\/category\\\/sin-categoria\\\/\",\"nextItem\":{\"@type\":\"ListItem\",\"@id\":\"https:\\\/\\\/elcabilo.com\\\/radio\\\/2023\\\/01\\\/25\\\/entrevista-a-xavi-sarria-ex-lider-d-obrint-pas-raco-de-tastallibres-totes-les-cancons-parlen-de-tu-el-turrumpero-t2xe05\\\/#listItem\",\"name\":\"Entrevista a Xavi Sarri\\u00e0.- El Rac\\u00f3 del TastaLlibres: Totes les can\\u00e7ons parlen de tu.- El Turrumpero T2xE05\"},\"previousItem\":{\"@type\":\"ListItem\",\"@id\":\"https:\\\/\\\/elcabilo.com\\\/radio#listItem\",\"name\":\"Home\"}},{\"@type\":\"ListItem\",\"@id\":\"https:\\\/\\\/elcabilo.com\\\/radio\\\/2023\\\/01\\\/25\\\/entrevista-a-xavi-sarria-ex-lider-d-obrint-pas-raco-de-tastallibres-totes-les-cancons-parlen-de-tu-el-turrumpero-t2xe05\\\/#listItem\",\"position\":3,\"name\":\"Entrevista a Xavi Sarri\\u00e0.- El Rac\\u00f3 del TastaLlibres: Totes les can\\u00e7ons parlen de tu.- El Turrumpero T2xE05\",\"previousItem\":{\"@type\":\"ListItem\",\"@id\":\"https:\\\/\\\/elcabilo.com\\\/radio\\\/category\\\/sin-categoria\\\/#listItem\",\"name\":\"Cabil\\u00f3 R\\u00e0dio\"}}]},{\"@type\":\"Organization\",\"@id\":\"https:\\\/\\\/elcabilo.com\\\/radio\\\/#organization\",\"name\":\"Cabil\\u00f3 R\\u00e0dio\",\"description\":\"La r\\u00e0dio online de Sella\",\"url\":\"https:\\\/\\\/elcabilo.com\\\/radio\\\/\",\"logo\":{\"@type\":\"ImageObject\",\"url\":\"https:\\\/\\\/elcabilo.com\\\/radio\\\/files\\\/2023\\\/01\\\/cropped-logo_radio-1.gif\",\"@id\":\"https:\\\/\\\/elcabilo.com\\\/radio\\\/2023\\\/01\\\/25\\\/entrevista-a-xavi-sarria-ex-lider-d-obrint-pas-raco-de-tastallibres-totes-les-cancons-parlen-de-tu-el-turrumpero-t2xe05\\\/#organizationLogo\",\"width\":250,\"height\":50},\"image\":{\"@id\":\"https:\\\/\\\/elcabilo.com\\\/radio\\\/2023\\\/01\\\/25\\\/entrevista-a-xavi-sarria-ex-lider-d-obrint-pas-raco-de-tastallibres-totes-les-cancons-parlen-de-tu-el-turrumpero-t2xe05\\\/#organizationLogo\"}},{\"@type\":\"Person\",\"@id\":\"https:\\\/\\\/elcabilo.com\\\/radio\\\/author\\\/radio\\\/#author\",\"url\":\"https:\\\/\\\/elcabilo.com\\\/radio\\\/author\\\/radio\\\/\",\"name\":\"radio\",\"image\":{\"@type\":\"ImageObject\",\"@id\":\"https:\\\/\\\/elcabilo.com\\\/radio\\\/2023\\\/01\\\/25\\\/entrevista-a-xavi-sarria-ex-lider-d-obrint-pas-raco-de-tastallibres-totes-les-cancons-parlen-de-tu-el-turrumpero-t2xe05\\\/#authorImage\",\"url\":\"https:\\\/\\\/secure.gravatar.com\\\/avatar\\\/bb687b465db46b8e9255d0921cc346091032a91fe77f93721088d5decb8a2d1a?s=96&d=mm&r=g\",\"width\":96,\"height\":96,\"caption\":\"radio\"}},{\"@type\":\"WebPage\",\"@id\":\"https:\\\/\\\/elcabilo.com\\\/radio\\\/2023\\\/01\\\/25\\\/entrevista-a-xavi-sarria-ex-lider-d-obrint-pas-raco-de-tastallibres-totes-les-cancons-parlen-de-tu-el-turrumpero-t2xe05\\\/#webpage\",\"url\":\"https:\\\/\\\/elcabilo.com\\\/radio\\\/2023\\\/01\\\/25\\\/entrevista-a-xavi-sarria-ex-lider-d-obrint-pas-raco-de-tastallibres-totes-les-cancons-parlen-de-tu-el-turrumpero-t2xe05\\\/\",\"name\":\"Entrevista a Xavi Sarri\\u00e0.- El Rac\\u00f3 del TastaLlibres: Totes les can\\u00e7ons parlen de tu.- El Turrumpero T2xE05 - Cabil\\u00f3R\\u00e0dio\",\"description\":\"Hui, en El Turrumpero, parlem d'adolesc\\u00e8ncia, de carrer, de barri, de fam\\u00edlia i de col\\u00b7lectiu. Parlem de literatura i de m\\u00fasica amb Xavi Sarri\\u00e0, escriptor i cantant (antic l\\u00edder del grup Obrint Pas), que va vindre a Sella a presentar la seua novel\\u00b7la Totes les can\\u00e7ons parlen de tu. I amb aquest llibre tindrem una\",\"inLanguage\":\"ca\",\"isPartOf\":{\"@id\":\"https:\\\/\\\/elcabilo.com\\\/radio\\\/#website\"},\"breadcrumb\":{\"@id\":\"https:\\\/\\\/elcabilo.com\\\/radio\\\/2023\\\/01\\\/25\\\/entrevista-a-xavi-sarria-ex-lider-d-obrint-pas-raco-de-tastallibres-totes-les-cancons-parlen-de-tu-el-turrumpero-t2xe05\\\/#breadcrumblist\"},\"author\":{\"@id\":\"https:\\\/\\\/elcabilo.com\\\/radio\\\/author\\\/radio\\\/#author\"},\"creator\":{\"@id\":\"https:\\\/\\\/elcabilo.com\\\/radio\\\/author\\\/radio\\\/#author\"},\"image\":{\"@type\":\"ImageObject\",\"url\":\"https:\\\/\\\/elcabilo.com\\\/radio\\\/files\\\/2023\\\/01\\\/IMG-20230108-WA0009.jpg\",\"@id\":\"https:\\\/\\\/elcabilo.com\\\/radio\\\/2023\\\/01\\\/25\\\/entrevista-a-xavi-sarria-ex-lider-d-obrint-pas-raco-de-tastallibres-totes-les-cancons-parlen-de-tu-el-turrumpero-t2xe05\\\/#mainImage\",\"width\":1600,\"height\":1200},\"primaryImageOfPage\":{\"@id\":\"https:\\\/\\\/elcabilo.com\\\/radio\\\/2023\\\/01\\\/25\\\/entrevista-a-xavi-sarria-ex-lider-d-obrint-pas-raco-de-tastallibres-totes-les-cancons-parlen-de-tu-el-turrumpero-t2xe05\\\/#mainImage\"},\"datePublished\":\"2023-01-25T19:34:30+01:00\",\"dateModified\":\"2023-01-25T22:38:53+01:00\"},{\"@type\":\"WebSite\",\"@id\":\"https:\\\/\\\/elcabilo.com\\\/radio\\\/#website\",\"url\":\"https:\\\/\\\/elcabilo.com\\\/radio\\\/\",\"name\":\"Cabil\\u00f3 R\\u00e0dio\",\"description\":\"La r\\u00e0dio online de Sella\",\"inLanguage\":\"ca\",\"publisher\":{\"@id\":\"https:\\\/\\\/elcabilo.com\\\/radio\\\/#organization\"}}]}\n\t\t<\/script>\n\t\t<!-- All in One SEO -->\n\n","aioseo_head_json":{"title":"Entrevista a Xavi Sarri\u00e0.- El Rac\u00f3 del TastaLlibres: Totes les can\u00e7ons parlen de tu.- El Turrumpero T2xE05 - Cabil\u00f3R\u00e0dio","description":"Hui, en El Turrumpero, parlem d'adolesc\u00e8ncia, de carrer, de barri, de fam\u00edlia i de col\u00b7lectiu. Parlem de literatura i de m\u00fasica amb Xavi Sarri\u00e0, escriptor i cantant (antic l\u00edder del grup Obrint Pas), que va vindre a Sella a presentar la seua novel\u00b7la Totes les can\u00e7ons parlen de tu. I amb aquest llibre tindrem una","canonical_url":"https:\/\/elcabilo.com\/radio\/2023\/01\/25\/entrevista-a-xavi-sarria-ex-lider-d-obrint-pas-raco-de-tastallibres-totes-les-cancons-parlen-de-tu-el-turrumpero-t2xe05\/","robots":"max-image-preview:large","keywords":"","webmasterTools":{"miscellaneous":""},"schema":{"@context":"https:\/\/schema.org","@graph":[{"@type":"BlogPosting","@id":"https:\/\/elcabilo.com\/radio\/2023\/01\/25\/entrevista-a-xavi-sarria-ex-lider-d-obrint-pas-raco-de-tastallibres-totes-les-cancons-parlen-de-tu-el-turrumpero-t2xe05\/#blogposting","name":"Entrevista a Xavi Sarri\u00e0.- El Rac\u00f3 del TastaLlibres: Totes les can\u00e7ons parlen de tu.- El Turrumpero T2xE05 - Cabil\u00f3R\u00e0dio","headline":"Entrevista a Xavi Sarri\u00e0.- El Rac\u00f3 del TastaLlibres: Totes les can\u00e7ons parlen de tu.- El Turrumpero T2xE05","author":{"@id":"https:\/\/elcabilo.com\/radio\/author\/radio\/#author"},"publisher":{"@id":"https:\/\/elcabilo.com\/radio\/#organization"},"image":{"@type":"ImageObject","url":"https:\/\/elcabilo.com\/radio\/files\/2023\/01\/IMG-20230108-WA0009.jpg","width":1600,"height":1200},"datePublished":"2023-01-25T19:34:30+01:00","dateModified":"2023-01-25T22:38:53+01:00","inLanguage":"ca","mainEntityOfPage":{"@id":"https:\/\/elcabilo.com\/radio\/2023\/01\/25\/entrevista-a-xavi-sarria-ex-lider-d-obrint-pas-raco-de-tastallibres-totes-les-cancons-parlen-de-tu-el-turrumpero-t2xe05\/#webpage"},"isPartOf":{"@id":"https:\/\/elcabilo.com\/radio\/2023\/01\/25\/entrevista-a-xavi-sarria-ex-lider-d-obrint-pas-raco-de-tastallibres-totes-les-cancons-parlen-de-tu-el-turrumpero-t2xe05\/#webpage"},"articleSection":"Cabil\u00f3 R\u00e0dio, El Turrumpero"},{"@type":"BreadcrumbList","@id":"https:\/\/elcabilo.com\/radio\/2023\/01\/25\/entrevista-a-xavi-sarria-ex-lider-d-obrint-pas-raco-de-tastallibres-totes-les-cancons-parlen-de-tu-el-turrumpero-t2xe05\/#breadcrumblist","itemListElement":[{"@type":"ListItem","@id":"https:\/\/elcabilo.com\/radio#listItem","position":1,"name":"Home","item":"https:\/\/elcabilo.com\/radio","nextItem":{"@type":"ListItem","@id":"https:\/\/elcabilo.com\/radio\/category\/sin-categoria\/#listItem","name":"Cabil\u00f3 R\u00e0dio"}},{"@type":"ListItem","@id":"https:\/\/elcabilo.com\/radio\/category\/sin-categoria\/#listItem","position":2,"name":"Cabil\u00f3 R\u00e0dio","item":"https:\/\/elcabilo.com\/radio\/category\/sin-categoria\/","nextItem":{"@type":"ListItem","@id":"https:\/\/elcabilo.com\/radio\/2023\/01\/25\/entrevista-a-xavi-sarria-ex-lider-d-obrint-pas-raco-de-tastallibres-totes-les-cancons-parlen-de-tu-el-turrumpero-t2xe05\/#listItem","name":"Entrevista a Xavi Sarri\u00e0.- El Rac\u00f3 del TastaLlibres: Totes les can\u00e7ons parlen de tu.- El Turrumpero T2xE05"},"previousItem":{"@type":"ListItem","@id":"https:\/\/elcabilo.com\/radio#listItem","name":"Home"}},{"@type":"ListItem","@id":"https:\/\/elcabilo.com\/radio\/2023\/01\/25\/entrevista-a-xavi-sarria-ex-lider-d-obrint-pas-raco-de-tastallibres-totes-les-cancons-parlen-de-tu-el-turrumpero-t2xe05\/#listItem","position":3,"name":"Entrevista a Xavi Sarri\u00e0.- El Rac\u00f3 del TastaLlibres: Totes les can\u00e7ons parlen de tu.- El Turrumpero T2xE05","previousItem":{"@type":"ListItem","@id":"https:\/\/elcabilo.com\/radio\/category\/sin-categoria\/#listItem","name":"Cabil\u00f3 R\u00e0dio"}}]},{"@type":"Organization","@id":"https:\/\/elcabilo.com\/radio\/#organization","name":"Cabil\u00f3 R\u00e0dio","description":"La r\u00e0dio online de Sella","url":"https:\/\/elcabilo.com\/radio\/","logo":{"@type":"ImageObject","url":"https:\/\/elcabilo.com\/radio\/files\/2023\/01\/cropped-logo_radio-1.gif","@id":"https:\/\/elcabilo.com\/radio\/2023\/01\/25\/entrevista-a-xavi-sarria-ex-lider-d-obrint-pas-raco-de-tastallibres-totes-les-cancons-parlen-de-tu-el-turrumpero-t2xe05\/#organizationLogo","width":250,"height":50},"image":{"@id":"https:\/\/elcabilo.com\/radio\/2023\/01\/25\/entrevista-a-xavi-sarria-ex-lider-d-obrint-pas-raco-de-tastallibres-totes-les-cancons-parlen-de-tu-el-turrumpero-t2xe05\/#organizationLogo"}},{"@type":"Person","@id":"https:\/\/elcabilo.com\/radio\/author\/radio\/#author","url":"https:\/\/elcabilo.com\/radio\/author\/radio\/","name":"radio","image":{"@type":"ImageObject","@id":"https:\/\/elcabilo.com\/radio\/2023\/01\/25\/entrevista-a-xavi-sarria-ex-lider-d-obrint-pas-raco-de-tastallibres-totes-les-cancons-parlen-de-tu-el-turrumpero-t2xe05\/#authorImage","url":"https:\/\/secure.gravatar.com\/avatar\/bb687b465db46b8e9255d0921cc346091032a91fe77f93721088d5decb8a2d1a?s=96&d=mm&r=g","width":96,"height":96,"caption":"radio"}},{"@type":"WebPage","@id":"https:\/\/elcabilo.com\/radio\/2023\/01\/25\/entrevista-a-xavi-sarria-ex-lider-d-obrint-pas-raco-de-tastallibres-totes-les-cancons-parlen-de-tu-el-turrumpero-t2xe05\/#webpage","url":"https:\/\/elcabilo.com\/radio\/2023\/01\/25\/entrevista-a-xavi-sarria-ex-lider-d-obrint-pas-raco-de-tastallibres-totes-les-cancons-parlen-de-tu-el-turrumpero-t2xe05\/","name":"Entrevista a Xavi Sarri\u00e0.- El Rac\u00f3 del TastaLlibres: Totes les can\u00e7ons parlen de tu.- El Turrumpero T2xE05 - Cabil\u00f3R\u00e0dio","description":"Hui, en El Turrumpero, parlem d'adolesc\u00e8ncia, de carrer, de barri, de fam\u00edlia i de col\u00b7lectiu. Parlem de literatura i de m\u00fasica amb Xavi Sarri\u00e0, escriptor i cantant (antic l\u00edder del grup Obrint Pas), que va vindre a Sella a presentar la seua novel\u00b7la Totes les can\u00e7ons parlen de tu. I amb aquest llibre tindrem una","inLanguage":"ca","isPartOf":{"@id":"https:\/\/elcabilo.com\/radio\/#website"},"breadcrumb":{"@id":"https:\/\/elcabilo.com\/radio\/2023\/01\/25\/entrevista-a-xavi-sarria-ex-lider-d-obrint-pas-raco-de-tastallibres-totes-les-cancons-parlen-de-tu-el-turrumpero-t2xe05\/#breadcrumblist"},"author":{"@id":"https:\/\/elcabilo.com\/radio\/author\/radio\/#author"},"creator":{"@id":"https:\/\/elcabilo.com\/radio\/author\/radio\/#author"},"image":{"@type":"ImageObject","url":"https:\/\/elcabilo.com\/radio\/files\/2023\/01\/IMG-20230108-WA0009.jpg","@id":"https:\/\/elcabilo.com\/radio\/2023\/01\/25\/entrevista-a-xavi-sarria-ex-lider-d-obrint-pas-raco-de-tastallibres-totes-les-cancons-parlen-de-tu-el-turrumpero-t2xe05\/#mainImage","width":1600,"height":1200},"primaryImageOfPage":{"@id":"https:\/\/elcabilo.com\/radio\/2023\/01\/25\/entrevista-a-xavi-sarria-ex-lider-d-obrint-pas-raco-de-tastallibres-totes-les-cancons-parlen-de-tu-el-turrumpero-t2xe05\/#mainImage"},"datePublished":"2023-01-25T19:34:30+01:00","dateModified":"2023-01-25T22:38:53+01:00"},{"@type":"WebSite","@id":"https:\/\/elcabilo.com\/radio\/#website","url":"https:\/\/elcabilo.com\/radio\/","name":"Cabil\u00f3 R\u00e0dio","description":"La r\u00e0dio online de Sella","inLanguage":"ca","publisher":{"@id":"https:\/\/elcabilo.com\/radio\/#organization"}}]},"og:locale":"ca_ES","og:site_name":"Cabil\u00f3R\u00e0dio - La r\u00e0dio online de Sella","og:type":"article","og:title":"Entrevista a Xavi Sarri\u00e0.- El Rac\u00f3 del TastaLlibres: Totes les can\u00e7ons parlen de tu.- El Turrumpero T2xE05 - Cabil\u00f3R\u00e0dio","og:description":"Hui, en El Turrumpero, parlem d'adolesc\u00e8ncia, de carrer, de barri, de fam\u00edlia i de col\u00b7lectiu. Parlem de literatura i de m\u00fasica amb Xavi Sarri\u00e0, escriptor i cantant (antic l\u00edder del grup Obrint Pas), que va vindre a Sella a presentar la seua novel\u00b7la Totes les can\u00e7ons parlen de tu. I amb aquest llibre tindrem una","og:url":"https:\/\/elcabilo.com\/radio\/2023\/01\/25\/entrevista-a-xavi-sarria-ex-lider-d-obrint-pas-raco-de-tastallibres-totes-les-cancons-parlen-de-tu-el-turrumpero-t2xe05\/","og:image":"https:\/\/elcabilo.com\/radio\/files\/2023\/01\/cropped-logo_radio-1.gif","og:image:secure_url":"https:\/\/elcabilo.com\/radio\/files\/2023\/01\/cropped-logo_radio-1.gif","article:published_time":"2023-01-25T18:34:30+00:00","article:modified_time":"2023-01-25T21:38:53+00:00","twitter:card":"summary_large_image","twitter:title":"Entrevista a Xavi Sarri\u00e0.- El Rac\u00f3 del TastaLlibres: Totes les can\u00e7ons parlen de tu.- El Turrumpero T2xE05 - Cabil\u00f3R\u00e0dio","twitter:description":"Hui, en El Turrumpero, parlem d'adolesc\u00e8ncia, de carrer, de barri, de fam\u00edlia i de col\u00b7lectiu. Parlem de literatura i de m\u00fasica amb Xavi Sarri\u00e0, escriptor i cantant (antic l\u00edder del grup Obrint Pas), que va vindre a Sella a presentar la seua novel\u00b7la Totes les can\u00e7ons parlen de tu. I amb aquest llibre tindrem una","twitter:image":"https:\/\/elcabilo.com\/radio\/files\/2023\/01\/cropped-logo_radio-1.gif"},"aioseo_meta_data":{"post_id":"1986","title":null,"description":null,"keywords":null,"keyphrases":null,"primary_term":null,"canonical_url":null,"og_title":null,"og_description":null,"og_object_type":"default","og_image_type":"default","og_image_url":null,"og_image_width":null,"og_image_height":null,"og_image_custom_url":null,"og_image_custom_fields":null,"og_video":null,"og_custom_url":null,"og_article_section":null,"og_article_tags":null,"twitter_use_og":false,"twitter_card":"default","twitter_image_type":"default","twitter_image_url":null,"twitter_image_custom_url":null,"twitter_image_custom_fields":null,"twitter_title":null,"twitter_description":null,"schema":{"blockGraphs":[],"customGraphs":[],"default":{"data":{"Article":[],"Course":[],"Dataset":[],"FAQPage":[],"Movie":[],"Person":[],"Product":[],"ProductReview":[],"Car":[],"Recipe":[],"Service":[],"SoftwareApplication":[],"WebPage":[]},"graphName":"","isEnabled":true},"graphs":[]},"schema_type":"default","schema_type_options":null,"pillar_content":false,"robots_default":true,"robots_noindex":false,"robots_noarchive":false,"robots_nosnippet":false,"robots_nofollow":false,"robots_noimageindex":false,"robots_noodp":false,"robots_notranslate":false,"robots_max_snippet":null,"robots_max_videopreview":null,"robots_max_imagepreview":"large","priority":null,"frequency":null,"local_seo":null,"breadcrumb_settings":null,"limit_modified_date":false,"ai":null,"created":"2023-01-27 22:24:41","updated":"2025-06-08 20:24:38","seo_analyzer_scan_date":null,"focus_keyword":null,"additional_keywords":null,"truseo_locale":null},"aioseo_breadcrumb":"<div class=\"aioseo-breadcrumbs\"><span class=\"aioseo-breadcrumb\">\n\t\t\t<a href=\"https:\/\/elcabilo.com\/radio\" title=\"Home\">Home<\/a>\n\t\t<\/span><span class=\"aioseo-breadcrumb-separator\">&raquo;<\/span><span class=\"aioseo-breadcrumb\">\n\t\t\t<a href=\"https:\/\/elcabilo.com\/radio\/category\/sin-categoria\/\" title=\"Cabil\u00f3 R\u00e0dio\">Cabil\u00f3 R\u00e0dio<\/a>\n\t\t<\/span><span class=\"aioseo-breadcrumb-separator\">&raquo;<\/span><span class=\"aioseo-breadcrumb\">\n\t\t\tEntrevista a Xavi Sarri\u00e0.- El Rac\u00f3 del TastaLlibres: Totes les can\u00e7ons parlen de tu.- El Turrumpero T2xE05\n\t\t<\/span><\/div>","aioseo_breadcrumb_json":[{"label":"Home","link":"https:\/\/elcabilo.com\/radio"},{"label":"Cabil\u00f3 R\u00e0dio","link":"https:\/\/elcabilo.com\/radio\/category\/sin-categoria\/"},{"label":"Entrevista a Xavi Sarri\u00e0.- El Rac\u00f3 del TastaLlibres: Totes les can\u00e7ons parlen de tu.- El Turrumpero T2xE05","link":"https:\/\/elcabilo.com\/radio\/2023\/01\/25\/entrevista-a-xavi-sarria-ex-lider-d-obrint-pas-raco-de-tastallibres-totes-les-cancons-parlen-de-tu-el-turrumpero-t2xe05\/"}],"_links":{"self":[{"href":"https:\/\/elcabilo.com\/radio\/wp-json\/wp\/v2\/posts\/1986","targetHints":{"allow":["GET"]}}],"collection":[{"href":"https:\/\/elcabilo.com\/radio\/wp-json\/wp\/v2\/posts"}],"about":[{"href":"https:\/\/elcabilo.com\/radio\/wp-json\/wp\/v2\/types\/post"}],"author":[{"embeddable":true,"href":"https:\/\/elcabilo.com\/radio\/wp-json\/wp\/v2\/users\/272"}],"replies":[{"embeddable":true,"href":"https:\/\/elcabilo.com\/radio\/wp-json\/wp\/v2\/comments?post=1986"}],"version-history":[{"count":5,"href":"https:\/\/elcabilo.com\/radio\/wp-json\/wp\/v2\/posts\/1986\/revisions"}],"predecessor-version":[{"id":1994,"href":"https:\/\/elcabilo.com\/radio\/wp-json\/wp\/v2\/posts\/1986\/revisions\/1994"}],"wp:featuredmedia":[{"embeddable":true,"href":"https:\/\/elcabilo.com\/radio\/wp-json\/wp\/v2\/media\/1987"}],"wp:attachment":[{"href":"https:\/\/elcabilo.com\/radio\/wp-json\/wp\/v2\/media?parent=1986"}],"wp:term":[{"taxonomy":"category","embeddable":true,"href":"https:\/\/elcabilo.com\/radio\/wp-json\/wp\/v2\/categories?post=1986"},{"taxonomy":"post_tag","embeddable":true,"href":"https:\/\/elcabilo.com\/radio\/wp-json\/wp\/v2\/tags?post=1986"}],"curies":[{"name":"wp","href":"https:\/\/api.w.org\/{rel}","templated":true}]}}