{"id":2008,"date":"2023-03-17T17:44:20","date_gmt":"2023-03-17T16:44:20","guid":{"rendered":"https:\/\/elcabilo.com\/radio\/?p=2008"},"modified":"2023-03-17T18:04:45","modified_gmt":"2023-03-17T17:04:45","slug":"com-va-la-politica-a-sella-amb-mila-llinares-pablo-gimenez-i-sergio-garcia-el-raco-del-tastallibres-primavera-estiu-etcetera-el-turrumpero-t2xe06","status":"publish","type":"post","link":"https:\/\/elcabilo.com\/radio\/2023\/03\/17\/com-va-la-politica-a-sella-amb-mila-llinares-pablo-gimenez-i-sergio-garcia-el-raco-del-tastallibres-primavera-estiu-etcetera-el-turrumpero-t2xe06\/","title":{"rendered":"Com va la pol\u00edtica a Sella amb Mila Llinares, Pablo Gim\u00e9nez i Sergio Garc\u00eda.- El Rac\u00f3 del TastaLlibres: Primavera, estiu, etc\u00e8tera.- El Turrumpero T2xE06"},"content":{"rendered":"\n<p class=\"wp-block-paragraph\">Hui, en el Turrumpero, parlem de pol\u00edtica amb Mila Llinares, Pablo Gim\u00e9nez i Sergio Garcia. Contesten a les preguntes de qu\u00e8 significa la pol\u00edtica per a ells, per qu\u00e8 es van presentar com a agrupaci\u00f3 d&#8217;electors, que coses s&#8217;han fet a Sella i quals queden pendents. I ens revelen qui es presenta i qui no en les pr\u00f2ximes eleccions.<br>I en el rac\u00f3 de Tastallibres comentem la novel\u00b7la Primavera, estiu, etc\u00e8tera, de Marta Rojals. Un llibre que va captivar en la tert\u00falia per les seues similituds amb Sella.<br>Gr\u00e0cies a tots els que heu fet possible aquest programa.<br>Comencem!!<\/p>\n\n\n\n<figure class=\"wp-block-embed is-type-rich is-provider-spotify wp-block-embed-spotify wp-embed-aspect-21-9 wp-has-aspect-ratio\"><div class=\"wp-block-embed__wrapper\">\n<iframe title=\"Spotify Embed: Com va la politica a Sella amb Mila Llinares, Pablo Gim\u00e9nez i Sergio Garc\u00eda.- El turrumpero T2xE06\" style=\"border-radius: 12px\" width=\"100%\" height=\"152\" frameborder=\"0\" allowfullscreen allow=\"autoplay; clipboard-write; encrypted-media; fullscreen; picture-in-picture\" loading=\"lazy\" src=\"https:\/\/open.spotify.com\/embed\/episode\/4Z0DRYG2O0M2lkOkVPqG5v?si=szQN9no1Rxm3WfEixVNFzQ&#038;utm_source=oembed\"><\/iframe>\n<\/div><\/figure>\n\n\n\n<figure class=\"wp-block-embed is-type-rich is-provider-spotify wp-block-embed-spotify wp-embed-aspect-21-9 wp-has-aspect-ratio\"><div class=\"wp-block-embed__wrapper\">\n<iframe title=\"Spotify Embed: El rac\u00f3 de Tastallibres: Primavera, estiu, etc\u00e8tera de Marta Rojals T2xE06\" style=\"border-radius: 12px\" width=\"100%\" height=\"152\" frameborder=\"0\" allowfullscreen allow=\"autoplay; clipboard-write; encrypted-media; fullscreen; picture-in-picture\" loading=\"lazy\" src=\"https:\/\/open.spotify.com\/embed\/episode\/0LSbHAQFEz9AUBqCIXUklP?si=prQAGwFPTtW_Xv2LFOXS3w&#038;utm_source=oembed\"><\/iframe>\n<\/div><\/figure>\n\n\n\n<figure class=\"wp-block-embed is-type-wp-embed is-provider-anchor-fm-inc wp-block-embed-anchor-fm-inc wp-embed-aspect-21-9 wp-has-aspect-ratio\"><div class=\"wp-block-embed__wrapper\">\n<iframe loading=\"lazy\" class=\"wp-embedded-content\" sandbox=\"allow-scripts\" security=\"restricted\" title=\"Com va la politica a Sella amb Mila Llinares, Pablo Gim\u00e9nez i Sergio Garc\u00eda.- El turrumpero T2xE06 by El Turrumpero\" src=\"https:\/\/anchor.fm\/cabiloradio\/embed\/episodes\/Com-va-la-politica-a-Sella-amb-Mila-Llinares--Pablo-Gimnez-i-Sergio-Garca---El-turrumpero-T2xE06-e20k9kj#?secret=Bx4tNl5jJI\" data-secret=\"Bx4tNl5jJI\" height=\"102px\" width=\"400px\" frameborder=\"0\" scrolling=\"no\"><\/iframe>\n<\/div><\/figure>\n","protected":false},"excerpt":{"rendered":"<p>Hui, en el Turrumpero, parlem de pol\u00edtica amb Mila Llinares, Pablo Gim\u00e9nez i Sergio Garcia. Contesten a les preguntes de qu\u00e8 significa la pol\u00edtica per a ells, per qu\u00e8 es van presentar com a agrupaci\u00f3 d&#8217;electors, que coses s&#8217;han fet a Sella i quals queden pendents. I ens revelen qui es presenta i qui no [&hellip;]<\/p>\n","protected":false},"author":272,"featured_media":2009,"comment_status":"open","ping_status":"open","sticky":false,"template":"","format":"standard","meta":{"_exactmetrics_skip_tracking":false,"footnotes":""},"categories":[1,28],"tags":[],"class_list":["post-2008","post","type-post","status-publish","format-standard","has-post-thumbnail","hentry","category-sin-categoria","category-el-turrumpero"],"aioseo_notices":[],"aioseo_head":"\n\t\t<!-- All in One SEO 5.0.1 - aioseo.com -->\n\t<meta name=\"description\" content=\"Hui, en el Turrumpero, parlem de pol\u00edtica amb Mila Llinares, Pablo Gim\u00e9nez i Sergio Garcia. Contesten a les preguntes de qu\u00e8 significa la pol\u00edtica per a ells, per qu\u00e8 es van presentar com a agrupaci\u00f3 d&#039;electors, que coses s&#039;han fet a Sella i quals queden pendents. I ens revelen qui es presenta i qui no\" \/>\n\t<meta name=\"robots\" content=\"max-image-preview:large\" \/>\n\t<meta name=\"author\" content=\"radio\"\/>\n\t<link rel=\"canonical\" href=\"https:\/\/elcabilo.com\/radio\/2023\/03\/17\/com-va-la-politica-a-sella-amb-mila-llinares-pablo-gimenez-i-sergio-garcia-el-raco-del-tastallibres-primavera-estiu-etcetera-el-turrumpero-t2xe06\/\" \/>\n\t<meta name=\"generator\" content=\"All in One SEO (AIOSEO) 5.0.1\" \/>\n\t\t<meta property=\"og:locale\" content=\"ca_ES\" \/>\n\t\t<meta property=\"og:site_name\" content=\"Cabil\u00f3R\u00e0dio - La r\u00e0dio online de Sella\" \/>\n\t\t<meta property=\"og:type\" content=\"article\" \/>\n\t\t<meta property=\"og:title\" content=\"Com va la pol\u00edtica a Sella amb Mila Llinares, Pablo Gim\u00e9nez i Sergio Garc\u00eda.- El Rac\u00f3 del TastaLlibres: Primavera, estiu, etc\u00e8tera.- El Turrumpero T2xE06 - Cabil\u00f3R\u00e0dio\" \/>\n\t\t<meta property=\"og:description\" content=\"Hui, en el Turrumpero, parlem de pol\u00edtica amb Mila Llinares, Pablo Gim\u00e9nez i Sergio Garcia. Contesten a les preguntes de qu\u00e8 significa la pol\u00edtica per a ells, per qu\u00e8 es van presentar com a agrupaci\u00f3 d&#039;electors, que coses s&#039;han fet a Sella i quals queden pendents. I ens revelen qui es presenta i qui no\" \/>\n\t\t<meta property=\"og:url\" content=\"https:\/\/elcabilo.com\/radio\/2023\/03\/17\/com-va-la-politica-a-sella-amb-mila-llinares-pablo-gimenez-i-sergio-garcia-el-raco-del-tastallibres-primavera-estiu-etcetera-el-turrumpero-t2xe06\/\" \/>\n\t\t<meta property=\"og:image\" content=\"https:\/\/elcabilo.com\/radio\/files\/2023\/01\/cropped-logo_radio-1.gif\" \/>\n\t\t<meta property=\"og:image:secure_url\" content=\"https:\/\/elcabilo.com\/radio\/files\/2023\/01\/cropped-logo_radio-1.gif\" \/>\n\t\t<meta property=\"article:published_time\" content=\"2023-03-17T16:44:20+00:00\" \/>\n\t\t<meta property=\"article:modified_time\" content=\"2023-03-17T17:04:45+00:00\" \/>\n\t\t<meta name=\"twitter:card\" content=\"summary_large_image\" \/>\n\t\t<meta name=\"twitter:title\" content=\"Com va la pol\u00edtica a Sella amb Mila Llinares, Pablo Gim\u00e9nez i Sergio Garc\u00eda.- El Rac\u00f3 del TastaLlibres: Primavera, estiu, etc\u00e8tera.- El Turrumpero T2xE06 - Cabil\u00f3R\u00e0dio\" \/>\n\t\t<meta name=\"twitter:description\" content=\"Hui, en el Turrumpero, parlem de pol\u00edtica amb Mila Llinares, Pablo Gim\u00e9nez i Sergio Garcia. Contesten a les preguntes de qu\u00e8 significa la pol\u00edtica per a ells, per qu\u00e8 es van presentar com a agrupaci\u00f3 d&#039;electors, que coses s&#039;han fet a Sella i quals queden pendents. I ens revelen qui es presenta i qui no\" \/>\n\t\t<meta name=\"twitter:image\" content=\"https:\/\/elcabilo.com\/radio\/files\/2023\/01\/cropped-logo_radio-1.gif\" \/>\n\t\t<script type=\"application\/ld+json\" class=\"aioseo-schema\">\n\t\t\t{\"@context\":\"https:\\\/\\\/schema.org\",\"@graph\":[{\"@type\":\"BlogPosting\",\"@id\":\"https:\\\/\\\/elcabilo.com\\\/radio\\\/2023\\\/03\\\/17\\\/com-va-la-politica-a-sella-amb-mila-llinares-pablo-gimenez-i-sergio-garcia-el-raco-del-tastallibres-primavera-estiu-etcetera-el-turrumpero-t2xe06\\\/#blogposting\",\"name\":\"Com va la pol\\u00edtica a Sella amb Mila Llinares, Pablo Gim\\u00e9nez i Sergio Garc\\u00eda.- El Rac\\u00f3 del TastaLlibres: Primavera, estiu, etc\\u00e8tera.- El Turrumpero T2xE06 - Cabil\\u00f3R\\u00e0dio\",\"headline\":\"Com va la pol\\u00edtica a Sella amb Mila Llinares, Pablo Gim\\u00e9nez i Sergio Garc\\u00eda.- El Rac\\u00f3 del TastaLlibres: Primavera, estiu, etc\\u00e8tera.- El Turrumpero T2xE06\",\"author\":{\"@id\":\"https:\\\/\\\/elcabilo.com\\\/radio\\\/author\\\/radio\\\/#author\"},\"publisher\":{\"@id\":\"https:\\\/\\\/elcabilo.com\\\/radio\\\/#organization\"},\"image\":{\"@type\":\"ImageObject\",\"url\":\"https:\\\/\\\/elcabilo.com\\\/radio\\\/files\\\/2023\\\/03\\\/rogle.jpg\",\"width\":720,\"height\":960},\"datePublished\":\"2023-03-17T17:44:20+01:00\",\"dateModified\":\"2023-03-17T18:04:45+01:00\",\"inLanguage\":\"ca\",\"mainEntityOfPage\":{\"@id\":\"https:\\\/\\\/elcabilo.com\\\/radio\\\/2023\\\/03\\\/17\\\/com-va-la-politica-a-sella-amb-mila-llinares-pablo-gimenez-i-sergio-garcia-el-raco-del-tastallibres-primavera-estiu-etcetera-el-turrumpero-t2xe06\\\/#webpage\"},\"isPartOf\":{\"@id\":\"https:\\\/\\\/elcabilo.com\\\/radio\\\/2023\\\/03\\\/17\\\/com-va-la-politica-a-sella-amb-mila-llinares-pablo-gimenez-i-sergio-garcia-el-raco-del-tastallibres-primavera-estiu-etcetera-el-turrumpero-t2xe06\\\/#webpage\"},\"articleSection\":\"Cabil\\u00f3 R\\u00e0dio, El Turrumpero\"},{\"@type\":\"BreadcrumbList\",\"@id\":\"https:\\\/\\\/elcabilo.com\\\/radio\\\/2023\\\/03\\\/17\\\/com-va-la-politica-a-sella-amb-mila-llinares-pablo-gimenez-i-sergio-garcia-el-raco-del-tastallibres-primavera-estiu-etcetera-el-turrumpero-t2xe06\\\/#breadcrumblist\",\"itemListElement\":[{\"@type\":\"ListItem\",\"@id\":\"https:\\\/\\\/elcabilo.com\\\/radio#listItem\",\"position\":1,\"name\":\"Home\",\"item\":\"https:\\\/\\\/elcabilo.com\\\/radio\",\"nextItem\":{\"@type\":\"ListItem\",\"@id\":\"https:\\\/\\\/elcabilo.com\\\/radio\\\/category\\\/sin-categoria\\\/#listItem\",\"name\":\"Cabil\\u00f3 R\\u00e0dio\"}},{\"@type\":\"ListItem\",\"@id\":\"https:\\\/\\\/elcabilo.com\\\/radio\\\/category\\\/sin-categoria\\\/#listItem\",\"position\":2,\"name\":\"Cabil\\u00f3 R\\u00e0dio\",\"item\":\"https:\\\/\\\/elcabilo.com\\\/radio\\\/category\\\/sin-categoria\\\/\",\"nextItem\":{\"@type\":\"ListItem\",\"@id\":\"https:\\\/\\\/elcabilo.com\\\/radio\\\/2023\\\/03\\\/17\\\/com-va-la-politica-a-sella-amb-mila-llinares-pablo-gimenez-i-sergio-garcia-el-raco-del-tastallibres-primavera-estiu-etcetera-el-turrumpero-t2xe06\\\/#listItem\",\"name\":\"Com va la pol\\u00edtica a Sella amb Mila Llinares, Pablo Gim\\u00e9nez i Sergio Garc\\u00eda.- El Rac\\u00f3 del TastaLlibres: Primavera, estiu, etc\\u00e8tera.- El Turrumpero T2xE06\"},\"previousItem\":{\"@type\":\"ListItem\",\"@id\":\"https:\\\/\\\/elcabilo.com\\\/radio#listItem\",\"name\":\"Home\"}},{\"@type\":\"ListItem\",\"@id\":\"https:\\\/\\\/elcabilo.com\\\/radio\\\/2023\\\/03\\\/17\\\/com-va-la-politica-a-sella-amb-mila-llinares-pablo-gimenez-i-sergio-garcia-el-raco-del-tastallibres-primavera-estiu-etcetera-el-turrumpero-t2xe06\\\/#listItem\",\"position\":3,\"name\":\"Com va la pol\\u00edtica a Sella amb Mila Llinares, Pablo Gim\\u00e9nez i Sergio Garc\\u00eda.- El Rac\\u00f3 del TastaLlibres: Primavera, estiu, etc\\u00e8tera.- El Turrumpero T2xE06\",\"previousItem\":{\"@type\":\"ListItem\",\"@id\":\"https:\\\/\\\/elcabilo.com\\\/radio\\\/category\\\/sin-categoria\\\/#listItem\",\"name\":\"Cabil\\u00f3 R\\u00e0dio\"}}]},{\"@type\":\"Organization\",\"@id\":\"https:\\\/\\\/elcabilo.com\\\/radio\\\/#organization\",\"name\":\"Cabil\\u00f3 R\\u00e0dio\",\"description\":\"La r\\u00e0dio online de Sella\",\"url\":\"https:\\\/\\\/elcabilo.com\\\/radio\\\/\",\"logo\":{\"@type\":\"ImageObject\",\"url\":\"https:\\\/\\\/elcabilo.com\\\/radio\\\/files\\\/2023\\\/01\\\/cropped-logo_radio-1.gif\",\"@id\":\"https:\\\/\\\/elcabilo.com\\\/radio\\\/2023\\\/03\\\/17\\\/com-va-la-politica-a-sella-amb-mila-llinares-pablo-gimenez-i-sergio-garcia-el-raco-del-tastallibres-primavera-estiu-etcetera-el-turrumpero-t2xe06\\\/#organizationLogo\",\"width\":250,\"height\":50},\"image\":{\"@id\":\"https:\\\/\\\/elcabilo.com\\\/radio\\\/2023\\\/03\\\/17\\\/com-va-la-politica-a-sella-amb-mila-llinares-pablo-gimenez-i-sergio-garcia-el-raco-del-tastallibres-primavera-estiu-etcetera-el-turrumpero-t2xe06\\\/#organizationLogo\"}},{\"@type\":\"Person\",\"@id\":\"https:\\\/\\\/elcabilo.com\\\/radio\\\/author\\\/radio\\\/#author\",\"url\":\"https:\\\/\\\/elcabilo.com\\\/radio\\\/author\\\/radio\\\/\",\"name\":\"radio\",\"image\":{\"@type\":\"ImageObject\",\"@id\":\"https:\\\/\\\/elcabilo.com\\\/radio\\\/2023\\\/03\\\/17\\\/com-va-la-politica-a-sella-amb-mila-llinares-pablo-gimenez-i-sergio-garcia-el-raco-del-tastallibres-primavera-estiu-etcetera-el-turrumpero-t2xe06\\\/#authorImage\",\"url\":\"https:\\\/\\\/secure.gravatar.com\\\/avatar\\\/bb687b465db46b8e9255d0921cc346091032a91fe77f93721088d5decb8a2d1a?s=96&d=mm&r=g\",\"width\":96,\"height\":96,\"caption\":\"radio\"}},{\"@type\":\"WebPage\",\"@id\":\"https:\\\/\\\/elcabilo.com\\\/radio\\\/2023\\\/03\\\/17\\\/com-va-la-politica-a-sella-amb-mila-llinares-pablo-gimenez-i-sergio-garcia-el-raco-del-tastallibres-primavera-estiu-etcetera-el-turrumpero-t2xe06\\\/#webpage\",\"url\":\"https:\\\/\\\/elcabilo.com\\\/radio\\\/2023\\\/03\\\/17\\\/com-va-la-politica-a-sella-amb-mila-llinares-pablo-gimenez-i-sergio-garcia-el-raco-del-tastallibres-primavera-estiu-etcetera-el-turrumpero-t2xe06\\\/\",\"name\":\"Com va la pol\\u00edtica a Sella amb Mila Llinares, Pablo Gim\\u00e9nez i Sergio Garc\\u00eda.- El Rac\\u00f3 del TastaLlibres: Primavera, estiu, etc\\u00e8tera.- El Turrumpero T2xE06 - Cabil\\u00f3R\\u00e0dio\",\"description\":\"Hui, en el Turrumpero, parlem de pol\\u00edtica amb Mila Llinares, Pablo Gim\\u00e9nez i Sergio Garcia. Contesten a les preguntes de qu\\u00e8 significa la pol\\u00edtica per a ells, per qu\\u00e8 es van presentar com a agrupaci\\u00f3 d'electors, que coses s'han fet a Sella i quals queden pendents. I ens revelen qui es presenta i qui no\",\"inLanguage\":\"ca\",\"isPartOf\":{\"@id\":\"https:\\\/\\\/elcabilo.com\\\/radio\\\/#website\"},\"breadcrumb\":{\"@id\":\"https:\\\/\\\/elcabilo.com\\\/radio\\\/2023\\\/03\\\/17\\\/com-va-la-politica-a-sella-amb-mila-llinares-pablo-gimenez-i-sergio-garcia-el-raco-del-tastallibres-primavera-estiu-etcetera-el-turrumpero-t2xe06\\\/#breadcrumblist\"},\"author\":{\"@id\":\"https:\\\/\\\/elcabilo.com\\\/radio\\\/author\\\/radio\\\/#author\"},\"creator\":{\"@id\":\"https:\\\/\\\/elcabilo.com\\\/radio\\\/author\\\/radio\\\/#author\"},\"image\":{\"@type\":\"ImageObject\",\"url\":\"https:\\\/\\\/elcabilo.com\\\/radio\\\/files\\\/2023\\\/03\\\/rogle.jpg\",\"@id\":\"https:\\\/\\\/elcabilo.com\\\/radio\\\/2023\\\/03\\\/17\\\/com-va-la-politica-a-sella-amb-mila-llinares-pablo-gimenez-i-sergio-garcia-el-raco-del-tastallibres-primavera-estiu-etcetera-el-turrumpero-t2xe06\\\/#mainImage\",\"width\":720,\"height\":960},\"primaryImageOfPage\":{\"@id\":\"https:\\\/\\\/elcabilo.com\\\/radio\\\/2023\\\/03\\\/17\\\/com-va-la-politica-a-sella-amb-mila-llinares-pablo-gimenez-i-sergio-garcia-el-raco-del-tastallibres-primavera-estiu-etcetera-el-turrumpero-t2xe06\\\/#mainImage\"},\"datePublished\":\"2023-03-17T17:44:20+01:00\",\"dateModified\":\"2023-03-17T18:04:45+01:00\"},{\"@type\":\"WebSite\",\"@id\":\"https:\\\/\\\/elcabilo.com\\\/radio\\\/#website\",\"url\":\"https:\\\/\\\/elcabilo.com\\\/radio\\\/\",\"name\":\"Cabil\\u00f3 R\\u00e0dio\",\"description\":\"La r\\u00e0dio online de Sella\",\"inLanguage\":\"ca\",\"publisher\":{\"@id\":\"https:\\\/\\\/elcabilo.com\\\/radio\\\/#organization\"}}]}\n\t\t<\/script>\n\t\t<!-- All in One SEO -->\n\n","aioseo_head_json":{"title":"Com va la pol\u00edtica a Sella amb Mila Llinares, Pablo Gim\u00e9nez i Sergio Garc\u00eda.- El Rac\u00f3 del TastaLlibres: Primavera, estiu, etc\u00e8tera.- El Turrumpero T2xE06 - Cabil\u00f3R\u00e0dio","description":"Hui, en el Turrumpero, parlem de pol\u00edtica amb Mila Llinares, Pablo Gim\u00e9nez i Sergio Garcia. Contesten a les preguntes de qu\u00e8 significa la pol\u00edtica per a ells, per qu\u00e8 es van presentar com a agrupaci\u00f3 d'electors, que coses s'han fet a Sella i quals queden pendents. I ens revelen qui es presenta i qui no","canonical_url":"https:\/\/elcabilo.com\/radio\/2023\/03\/17\/com-va-la-politica-a-sella-amb-mila-llinares-pablo-gimenez-i-sergio-garcia-el-raco-del-tastallibres-primavera-estiu-etcetera-el-turrumpero-t2xe06\/","robots":"max-image-preview:large","keywords":"","webmasterTools":{"miscellaneous":""},"schema":{"@context":"https:\/\/schema.org","@graph":[{"@type":"BlogPosting","@id":"https:\/\/elcabilo.com\/radio\/2023\/03\/17\/com-va-la-politica-a-sella-amb-mila-llinares-pablo-gimenez-i-sergio-garcia-el-raco-del-tastallibres-primavera-estiu-etcetera-el-turrumpero-t2xe06\/#blogposting","name":"Com va la pol\u00edtica a Sella amb Mila Llinares, Pablo Gim\u00e9nez i Sergio Garc\u00eda.- El Rac\u00f3 del TastaLlibres: Primavera, estiu, etc\u00e8tera.- El Turrumpero T2xE06 - Cabil\u00f3R\u00e0dio","headline":"Com va la pol\u00edtica a Sella amb Mila Llinares, Pablo Gim\u00e9nez i Sergio Garc\u00eda.- El Rac\u00f3 del TastaLlibres: Primavera, estiu, etc\u00e8tera.- El Turrumpero T2xE06","author":{"@id":"https:\/\/elcabilo.com\/radio\/author\/radio\/#author"},"publisher":{"@id":"https:\/\/elcabilo.com\/radio\/#organization"},"image":{"@type":"ImageObject","url":"https:\/\/elcabilo.com\/radio\/files\/2023\/03\/rogle.jpg","width":720,"height":960},"datePublished":"2023-03-17T17:44:20+01:00","dateModified":"2023-03-17T18:04:45+01:00","inLanguage":"ca","mainEntityOfPage":{"@id":"https:\/\/elcabilo.com\/radio\/2023\/03\/17\/com-va-la-politica-a-sella-amb-mila-llinares-pablo-gimenez-i-sergio-garcia-el-raco-del-tastallibres-primavera-estiu-etcetera-el-turrumpero-t2xe06\/#webpage"},"isPartOf":{"@id":"https:\/\/elcabilo.com\/radio\/2023\/03\/17\/com-va-la-politica-a-sella-amb-mila-llinares-pablo-gimenez-i-sergio-garcia-el-raco-del-tastallibres-primavera-estiu-etcetera-el-turrumpero-t2xe06\/#webpage"},"articleSection":"Cabil\u00f3 R\u00e0dio, El Turrumpero"},{"@type":"BreadcrumbList","@id":"https:\/\/elcabilo.com\/radio\/2023\/03\/17\/com-va-la-politica-a-sella-amb-mila-llinares-pablo-gimenez-i-sergio-garcia-el-raco-del-tastallibres-primavera-estiu-etcetera-el-turrumpero-t2xe06\/#breadcrumblist","itemListElement":[{"@type":"ListItem","@id":"https:\/\/elcabilo.com\/radio#listItem","position":1,"name":"Home","item":"https:\/\/elcabilo.com\/radio","nextItem":{"@type":"ListItem","@id":"https:\/\/elcabilo.com\/radio\/category\/sin-categoria\/#listItem","name":"Cabil\u00f3 R\u00e0dio"}},{"@type":"ListItem","@id":"https:\/\/elcabilo.com\/radio\/category\/sin-categoria\/#listItem","position":2,"name":"Cabil\u00f3 R\u00e0dio","item":"https:\/\/elcabilo.com\/radio\/category\/sin-categoria\/","nextItem":{"@type":"ListItem","@id":"https:\/\/elcabilo.com\/radio\/2023\/03\/17\/com-va-la-politica-a-sella-amb-mila-llinares-pablo-gimenez-i-sergio-garcia-el-raco-del-tastallibres-primavera-estiu-etcetera-el-turrumpero-t2xe06\/#listItem","name":"Com va la pol\u00edtica a Sella amb Mila Llinares, Pablo Gim\u00e9nez i Sergio Garc\u00eda.- El Rac\u00f3 del TastaLlibres: Primavera, estiu, etc\u00e8tera.- El Turrumpero T2xE06"},"previousItem":{"@type":"ListItem","@id":"https:\/\/elcabilo.com\/radio#listItem","name":"Home"}},{"@type":"ListItem","@id":"https:\/\/elcabilo.com\/radio\/2023\/03\/17\/com-va-la-politica-a-sella-amb-mila-llinares-pablo-gimenez-i-sergio-garcia-el-raco-del-tastallibres-primavera-estiu-etcetera-el-turrumpero-t2xe06\/#listItem","position":3,"name":"Com va la pol\u00edtica a Sella amb Mila Llinares, Pablo Gim\u00e9nez i Sergio Garc\u00eda.- El Rac\u00f3 del TastaLlibres: Primavera, estiu, etc\u00e8tera.- El Turrumpero T2xE06","previousItem":{"@type":"ListItem","@id":"https:\/\/elcabilo.com\/radio\/category\/sin-categoria\/#listItem","name":"Cabil\u00f3 R\u00e0dio"}}]},{"@type":"Organization","@id":"https:\/\/elcabilo.com\/radio\/#organization","name":"Cabil\u00f3 R\u00e0dio","description":"La r\u00e0dio online de Sella","url":"https:\/\/elcabilo.com\/radio\/","logo":{"@type":"ImageObject","url":"https:\/\/elcabilo.com\/radio\/files\/2023\/01\/cropped-logo_radio-1.gif","@id":"https:\/\/elcabilo.com\/radio\/2023\/03\/17\/com-va-la-politica-a-sella-amb-mila-llinares-pablo-gimenez-i-sergio-garcia-el-raco-del-tastallibres-primavera-estiu-etcetera-el-turrumpero-t2xe06\/#organizationLogo","width":250,"height":50},"image":{"@id":"https:\/\/elcabilo.com\/radio\/2023\/03\/17\/com-va-la-politica-a-sella-amb-mila-llinares-pablo-gimenez-i-sergio-garcia-el-raco-del-tastallibres-primavera-estiu-etcetera-el-turrumpero-t2xe06\/#organizationLogo"}},{"@type":"Person","@id":"https:\/\/elcabilo.com\/radio\/author\/radio\/#author","url":"https:\/\/elcabilo.com\/radio\/author\/radio\/","name":"radio","image":{"@type":"ImageObject","@id":"https:\/\/elcabilo.com\/radio\/2023\/03\/17\/com-va-la-politica-a-sella-amb-mila-llinares-pablo-gimenez-i-sergio-garcia-el-raco-del-tastallibres-primavera-estiu-etcetera-el-turrumpero-t2xe06\/#authorImage","url":"https:\/\/secure.gravatar.com\/avatar\/bb687b465db46b8e9255d0921cc346091032a91fe77f93721088d5decb8a2d1a?s=96&d=mm&r=g","width":96,"height":96,"caption":"radio"}},{"@type":"WebPage","@id":"https:\/\/elcabilo.com\/radio\/2023\/03\/17\/com-va-la-politica-a-sella-amb-mila-llinares-pablo-gimenez-i-sergio-garcia-el-raco-del-tastallibres-primavera-estiu-etcetera-el-turrumpero-t2xe06\/#webpage","url":"https:\/\/elcabilo.com\/radio\/2023\/03\/17\/com-va-la-politica-a-sella-amb-mila-llinares-pablo-gimenez-i-sergio-garcia-el-raco-del-tastallibres-primavera-estiu-etcetera-el-turrumpero-t2xe06\/","name":"Com va la pol\u00edtica a Sella amb Mila Llinares, Pablo Gim\u00e9nez i Sergio Garc\u00eda.- El Rac\u00f3 del TastaLlibres: Primavera, estiu, etc\u00e8tera.- El Turrumpero T2xE06 - Cabil\u00f3R\u00e0dio","description":"Hui, en el Turrumpero, parlem de pol\u00edtica amb Mila Llinares, Pablo Gim\u00e9nez i Sergio Garcia. Contesten a les preguntes de qu\u00e8 significa la pol\u00edtica per a ells, per qu\u00e8 es van presentar com a agrupaci\u00f3 d'electors, que coses s'han fet a Sella i quals queden pendents. I ens revelen qui es presenta i qui no","inLanguage":"ca","isPartOf":{"@id":"https:\/\/elcabilo.com\/radio\/#website"},"breadcrumb":{"@id":"https:\/\/elcabilo.com\/radio\/2023\/03\/17\/com-va-la-politica-a-sella-amb-mila-llinares-pablo-gimenez-i-sergio-garcia-el-raco-del-tastallibres-primavera-estiu-etcetera-el-turrumpero-t2xe06\/#breadcrumblist"},"author":{"@id":"https:\/\/elcabilo.com\/radio\/author\/radio\/#author"},"creator":{"@id":"https:\/\/elcabilo.com\/radio\/author\/radio\/#author"},"image":{"@type":"ImageObject","url":"https:\/\/elcabilo.com\/radio\/files\/2023\/03\/rogle.jpg","@id":"https:\/\/elcabilo.com\/radio\/2023\/03\/17\/com-va-la-politica-a-sella-amb-mila-llinares-pablo-gimenez-i-sergio-garcia-el-raco-del-tastallibres-primavera-estiu-etcetera-el-turrumpero-t2xe06\/#mainImage","width":720,"height":960},"primaryImageOfPage":{"@id":"https:\/\/elcabilo.com\/radio\/2023\/03\/17\/com-va-la-politica-a-sella-amb-mila-llinares-pablo-gimenez-i-sergio-garcia-el-raco-del-tastallibres-primavera-estiu-etcetera-el-turrumpero-t2xe06\/#mainImage"},"datePublished":"2023-03-17T17:44:20+01:00","dateModified":"2023-03-17T18:04:45+01:00"},{"@type":"WebSite","@id":"https:\/\/elcabilo.com\/radio\/#website","url":"https:\/\/elcabilo.com\/radio\/","name":"Cabil\u00f3 R\u00e0dio","description":"La r\u00e0dio online de Sella","inLanguage":"ca","publisher":{"@id":"https:\/\/elcabilo.com\/radio\/#organization"}}]},"og:locale":"ca_ES","og:site_name":"Cabil\u00f3R\u00e0dio - La r\u00e0dio online de Sella","og:type":"article","og:title":"Com va la pol\u00edtica a Sella amb Mila Llinares, Pablo Gim\u00e9nez i Sergio Garc\u00eda.- El Rac\u00f3 del TastaLlibres: Primavera, estiu, etc\u00e8tera.- El Turrumpero T2xE06 - Cabil\u00f3R\u00e0dio","og:description":"Hui, en el Turrumpero, parlem de pol\u00edtica amb Mila Llinares, Pablo Gim\u00e9nez i Sergio Garcia. Contesten a les preguntes de qu\u00e8 significa la pol\u00edtica per a ells, per qu\u00e8 es van presentar com a agrupaci\u00f3 d'electors, que coses s'han fet a Sella i quals queden pendents. I ens revelen qui es presenta i qui no","og:url":"https:\/\/elcabilo.com\/radio\/2023\/03\/17\/com-va-la-politica-a-sella-amb-mila-llinares-pablo-gimenez-i-sergio-garcia-el-raco-del-tastallibres-primavera-estiu-etcetera-el-turrumpero-t2xe06\/","og:image":"https:\/\/elcabilo.com\/radio\/files\/2023\/01\/cropped-logo_radio-1.gif","og:image:secure_url":"https:\/\/elcabilo.com\/radio\/files\/2023\/01\/cropped-logo_radio-1.gif","article:published_time":"2023-03-17T16:44:20+00:00","article:modified_time":"2023-03-17T17:04:45+00:00","twitter:card":"summary_large_image","twitter:title":"Com va la pol\u00edtica a Sella amb Mila Llinares, Pablo Gim\u00e9nez i Sergio Garc\u00eda.- El Rac\u00f3 del TastaLlibres: Primavera, estiu, etc\u00e8tera.- El Turrumpero T2xE06 - Cabil\u00f3R\u00e0dio","twitter:description":"Hui, en el Turrumpero, parlem de pol\u00edtica amb Mila Llinares, Pablo Gim\u00e9nez i Sergio Garcia. Contesten a les preguntes de qu\u00e8 significa la pol\u00edtica per a ells, per qu\u00e8 es van presentar com a agrupaci\u00f3 d'electors, que coses s'han fet a Sella i quals queden pendents. I ens revelen qui es presenta i qui no","twitter:image":"https:\/\/elcabilo.com\/radio\/files\/2023\/01\/cropped-logo_radio-1.gif"},"aioseo_meta_data":{"post_id":"2008","title":null,"description":null,"keywords":[],"keyphrases":{"focus":{"keyphrase":"","score":0,"analysis":{"keyphraseInTitle":{"score":0,"maxScore":9,"error":1}}},"additional":[]},"primary_term":null,"canonical_url":null,"og_title":null,"og_description":null,"og_object_type":"default","og_image_type":"default","og_image_url":null,"og_image_width":null,"og_image_height":null,"og_image_custom_url":null,"og_image_custom_fields":null,"og_video":"","og_custom_url":null,"og_article_section":null,"og_article_tags":[],"twitter_use_og":false,"twitter_card":"default","twitter_image_type":"default","twitter_image_url":null,"twitter_image_custom_url":null,"twitter_image_custom_fields":null,"twitter_title":null,"twitter_description":null,"schema":{"blockGraphs":[],"customGraphs":[],"default":{"data":{"Article":[],"Course":[],"Dataset":[],"FAQPage":[],"Movie":[],"Person":[],"Product":[],"ProductReview":[],"Car":[],"Recipe":[],"Service":[],"SoftwareApplication":[],"WebPage":[]},"graphName":"BlogPosting","isEnabled":true},"graphs":[]},"schema_type":"default","schema_type_options":null,"pillar_content":false,"robots_default":true,"robots_noindex":false,"robots_noarchive":false,"robots_nosnippet":false,"robots_nofollow":false,"robots_noimageindex":false,"robots_noodp":false,"robots_notranslate":false,"robots_max_snippet":"-1","robots_max_videopreview":"-1","robots_max_imagepreview":"large","priority":null,"frequency":"default","local_seo":null,"breadcrumb_settings":null,"limit_modified_date":false,"ai":null,"created":"2023-03-17 16:43:36","updated":"2025-06-08 20:24:38","seo_analyzer_scan_date":null,"focus_keyword":null,"additional_keywords":null,"truseo_locale":null},"aioseo_breadcrumb":"<div class=\"aioseo-breadcrumbs\"><span class=\"aioseo-breadcrumb\">\n\t\t\t<a href=\"https:\/\/elcabilo.com\/radio\" title=\"Home\">Home<\/a>\n\t\t<\/span><span class=\"aioseo-breadcrumb-separator\">&raquo;<\/span><span class=\"aioseo-breadcrumb\">\n\t\t\t<a href=\"https:\/\/elcabilo.com\/radio\/category\/sin-categoria\/\" title=\"Cabil\u00f3 R\u00e0dio\">Cabil\u00f3 R\u00e0dio<\/a>\n\t\t<\/span><span class=\"aioseo-breadcrumb-separator\">&raquo;<\/span><span class=\"aioseo-breadcrumb\">\n\t\t\tCom va la pol\u00edtica a Sella amb Mila Llinares, Pablo Gim\u00e9nez i Sergio Garc\u00eda.- El Rac\u00f3 del TastaLlibres: Primavera, estiu, etc\u00e8tera.- El Turrumpero T2xE06\n\t\t<\/span><\/div>","aioseo_breadcrumb_json":[{"label":"Home","link":"https:\/\/elcabilo.com\/radio"},{"label":"Cabil\u00f3 R\u00e0dio","link":"https:\/\/elcabilo.com\/radio\/category\/sin-categoria\/"},{"label":"Com va la pol\u00edtica a Sella amb Mila Llinares, Pablo Gim\u00e9nez i Sergio Garc\u00eda.- El Rac\u00f3 del TastaLlibres: Primavera, estiu, etc\u00e8tera.- El Turrumpero T2xE06","link":"https:\/\/elcabilo.com\/radio\/2023\/03\/17\/com-va-la-politica-a-sella-amb-mila-llinares-pablo-gimenez-i-sergio-garcia-el-raco-del-tastallibres-primavera-estiu-etcetera-el-turrumpero-t2xe06\/"}],"_links":{"self":[{"href":"https:\/\/elcabilo.com\/radio\/wp-json\/wp\/v2\/posts\/2008","targetHints":{"allow":["GET"]}}],"collection":[{"href":"https:\/\/elcabilo.com\/radio\/wp-json\/wp\/v2\/posts"}],"about":[{"href":"https:\/\/elcabilo.com\/radio\/wp-json\/wp\/v2\/types\/post"}],"author":[{"embeddable":true,"href":"https:\/\/elcabilo.com\/radio\/wp-json\/wp\/v2\/users\/272"}],"replies":[{"embeddable":true,"href":"https:\/\/elcabilo.com\/radio\/wp-json\/wp\/v2\/comments?post=2008"}],"version-history":[{"count":2,"href":"https:\/\/elcabilo.com\/radio\/wp-json\/wp\/v2\/posts\/2008\/revisions"}],"predecessor-version":[{"id":2012,"href":"https:\/\/elcabilo.com\/radio\/wp-json\/wp\/v2\/posts\/2008\/revisions\/2012"}],"wp:featuredmedia":[{"embeddable":true,"href":"https:\/\/elcabilo.com\/radio\/wp-json\/wp\/v2\/media\/2009"}],"wp:attachment":[{"href":"https:\/\/elcabilo.com\/radio\/wp-json\/wp\/v2\/media?parent=2008"}],"wp:term":[{"taxonomy":"category","embeddable":true,"href":"https:\/\/elcabilo.com\/radio\/wp-json\/wp\/v2\/categories?post=2008"},{"taxonomy":"post_tag","embeddable":true,"href":"https:\/\/elcabilo.com\/radio\/wp-json\/wp\/v2\/tags?post=2008"}],"curies":[{"name":"wp","href":"https:\/\/api.w.org\/{rel}","templated":true}]}}