{"id":2019,"date":"2023-05-11T12:56:48","date_gmt":"2023-05-11T10:56:48","guid":{"rendered":"https:\/\/elcabilo.com\/radio\/?p=2019"},"modified":"2023-05-11T13:45:17","modified_gmt":"2023-05-11T11:45:17","slug":"entrevista-a-vicent-flor-socioleg-i-escriptor-raco-de-tastallibres-el-carrer-de-baix-de-vicent-flor-el-turrumpero-t2xe08","status":"publish","type":"post","link":"https:\/\/elcabilo.com\/radio\/2023\/05\/11\/entrevista-a-vicent-flor-socioleg-i-escriptor-raco-de-tastallibres-el-carrer-de-baix-de-vicent-flor-el-turrumpero-t2xe08\/","title":{"rendered":"Entrevista a Vicent Flor, soci\u00f2leg i escriptor. \u2013 Rac\u00f2 de Tastallibres: El carrer de baix, de Vicent Flor.- El turrumpero T2xE08"},"content":{"rendered":"\n<p class=\"wp-block-paragraph\">Hui en El Turrumpero entrevistem a Vicent Flor, soci\u00f2leg i escriptor i autor de <strong>El carrer de baix<\/strong>, qui va compartir amb nosaltres la tert\u00falia de Tastallibres. Amb ell parlem de l&#8217;amor, la mort, l&#8217;amistat, la vida en el camp, la soledat no triada i dels joves en situaci\u00f3 d&#8217;acolliment. En el Rac\u00f3 de Tastallibres aprofundim en els temes que m\u00e9s ens han cridat l&#8217;atenci\u00f3 del seu llibre \u00abEl carrer de baix\u00bb i anunciem la pr\u00f2xima lectura i tert\u00falia, on tindrem la sort de comptar tamb\u00e9 amb l&#8217;autora.<\/p>\n\n\n\n<p class=\"wp-block-paragraph\">Ens escoltem!!<\/p>\n\n\n\n<p class=\"wp-block-paragraph\">Bona setmana.<\/p>\n\n\n\n<figure class=\"wp-block-embed is-type-rich is-provider-spotify wp-block-embed-spotify wp-embed-aspect-21-9 wp-has-aspect-ratio\"><div class=\"wp-block-embed__wrapper\">\n<iframe title=\"Spotify Embed: Entrevista a Vicent Flor. I al Rac\u00f3 de Tastallibres, El carrer de baix .- El turrumpero T2xE08\" style=\"border-radius: 12px\" width=\"100%\" height=\"152\" frameborder=\"0\" allowfullscreen allow=\"autoplay; clipboard-write; encrypted-media; fullscreen; picture-in-picture\" loading=\"lazy\" src=\"https:\/\/open.spotify.com\/embed\/episode\/2QnkafQcYuEyO2RtT9QSEP?si=0355aaeffd714851&#038;utm_source=oembed\"><\/iframe>\n<\/div><\/figure>\n\n\n\n<figure class=\"wp-block-embed is-type-rich is-provider-spotify wp-block-embed-spotify wp-embed-aspect-21-9 wp-has-aspect-ratio\"><div class=\"wp-block-embed__wrapper\">\n<iframe title=\"Spotify Embed: El rac\u00f3 de Tastallibres: El carrer de baix, de Vicent Flor T2xE08\" style=\"border-radius: 12px\" width=\"100%\" height=\"152\" frameborder=\"0\" allowfullscreen allow=\"autoplay; clipboard-write; encrypted-media; fullscreen; picture-in-picture\" loading=\"lazy\" src=\"https:\/\/open.spotify.com\/embed\/episode\/0BpaiOnbzvy2Dlli9Nm0qn?si=ecf6d40133924446&#038;utm_source=oembed\"><\/iframe>\n<\/div><\/figure>\n","protected":false},"excerpt":{"rendered":"<p>Hui en El Turrumpero entrevistem a Vicent Flor, soci\u00f2leg i escriptor i autor de El carrer de baix, qui va compartir amb nosaltres la tert\u00falia de Tastallibres. Amb ell parlem de l&#8217;amor, la mort, l&#8217;amistat, la vida en el camp, la soledat no triada i dels joves en situaci\u00f3 d&#8217;acolliment. En el Rac\u00f3 de Tastallibres [&hellip;]<\/p>\n","protected":false},"author":272,"featured_media":2020,"comment_status":"open","ping_status":"open","sticky":false,"template":"","format":"standard","meta":{"_exactmetrics_skip_tracking":false,"footnotes":""},"categories":[1,28],"tags":[],"class_list":["post-2019","post","type-post","status-publish","format-standard","has-post-thumbnail","hentry","category-sin-categoria","category-el-turrumpero"],"aioseo_notices":[],"aioseo_head":"\n\t\t<!-- All in One SEO 5.0.1 - aioseo.com -->\n\t<meta name=\"description\" content=\"Hui en El Turrumpero entrevistem a Vicent Flor, soci\u00f2leg i escriptor i autor de El carrer de baix, qui va compartir amb nosaltres la tert\u00falia de Tastallibres. Amb ell parlem de l&#039;amor, la mort, l&#039;amistat, la vida en el camp, la soledat no triada i dels joves en situaci\u00f3 d&#039;acolliment. En el Rac\u00f3 de Tastallibres\" \/>\n\t<meta name=\"robots\" content=\"max-image-preview:large\" \/>\n\t<meta name=\"author\" content=\"radio\"\/>\n\t<link rel=\"canonical\" href=\"https:\/\/elcabilo.com\/radio\/2023\/05\/11\/entrevista-a-vicent-flor-socioleg-i-escriptor-raco-de-tastallibres-el-carrer-de-baix-de-vicent-flor-el-turrumpero-t2xe08\/\" \/>\n\t<meta name=\"generator\" content=\"All in One SEO (AIOSEO) 5.0.1\" \/>\n\t\t<meta property=\"og:locale\" content=\"ca_ES\" \/>\n\t\t<meta property=\"og:site_name\" content=\"Cabil\u00f3R\u00e0dio - La r\u00e0dio online de Sella\" \/>\n\t\t<meta property=\"og:type\" content=\"article\" \/>\n\t\t<meta property=\"og:title\" content=\"Entrevista a Vicent Flor, soci\u00f2leg i escriptor. \u2013 Rac\u00f2 de Tastallibres: El carrer de baix, de Vicent Flor.- El turrumpero T2xE08 - Cabil\u00f3R\u00e0dio\" \/>\n\t\t<meta property=\"og:description\" content=\"Hui en El Turrumpero entrevistem a Vicent Flor, soci\u00f2leg i escriptor i autor de El carrer de baix, qui va compartir amb nosaltres la tert\u00falia de Tastallibres. Amb ell parlem de l&#039;amor, la mort, l&#039;amistat, la vida en el camp, la soledat no triada i dels joves en situaci\u00f3 d&#039;acolliment. En el Rac\u00f3 de Tastallibres\" \/>\n\t\t<meta property=\"og:url\" content=\"https:\/\/elcabilo.com\/radio\/2023\/05\/11\/entrevista-a-vicent-flor-socioleg-i-escriptor-raco-de-tastallibres-el-carrer-de-baix-de-vicent-flor-el-turrumpero-t2xe08\/\" \/>\n\t\t<meta property=\"og:image\" content=\"https:\/\/elcabilo.com\/radio\/files\/2023\/01\/cropped-logo_radio-1.gif\" \/>\n\t\t<meta property=\"og:image:secure_url\" content=\"https:\/\/elcabilo.com\/radio\/files\/2023\/01\/cropped-logo_radio-1.gif\" \/>\n\t\t<meta property=\"article:published_time\" content=\"2023-05-11T10:56:48+00:00\" \/>\n\t\t<meta property=\"article:modified_time\" content=\"2023-05-11T11:45:17+00:00\" \/>\n\t\t<meta name=\"twitter:card\" content=\"summary_large_image\" \/>\n\t\t<meta name=\"twitter:title\" content=\"Entrevista a Vicent Flor, soci\u00f2leg i escriptor. \u2013 Rac\u00f2 de Tastallibres: El carrer de baix, de Vicent Flor.- El turrumpero T2xE08 - Cabil\u00f3R\u00e0dio\" \/>\n\t\t<meta name=\"twitter:description\" content=\"Hui en El Turrumpero entrevistem a Vicent Flor, soci\u00f2leg i escriptor i autor de El carrer de baix, qui va compartir amb nosaltres la tert\u00falia de Tastallibres. Amb ell parlem de l&#039;amor, la mort, l&#039;amistat, la vida en el camp, la soledat no triada i dels joves en situaci\u00f3 d&#039;acolliment. En el Rac\u00f3 de Tastallibres\" \/>\n\t\t<meta name=\"twitter:image\" content=\"https:\/\/elcabilo.com\/radio\/files\/2023\/01\/cropped-logo_radio-1.gif\" \/>\n\t\t<script type=\"application\/ld+json\" class=\"aioseo-schema\">\n\t\t\t{\"@context\":\"https:\\\/\\\/schema.org\",\"@graph\":[{\"@type\":\"BlogPosting\",\"@id\":\"https:\\\/\\\/elcabilo.com\\\/radio\\\/2023\\\/05\\\/11\\\/entrevista-a-vicent-flor-socioleg-i-escriptor-raco-de-tastallibres-el-carrer-de-baix-de-vicent-flor-el-turrumpero-t2xe08\\\/#blogposting\",\"name\":\"Entrevista a Vicent Flor, soci\\u00f2leg i escriptor. \\u2013 Rac\\u00f2 de Tastallibres: El carrer de baix, de Vicent Flor.- El turrumpero T2xE08 - Cabil\\u00f3R\\u00e0dio\",\"headline\":\"Entrevista a Vicent Flor, soci\\u00f2leg i escriptor. \\u2013 Rac\\u00f2 de Tastallibres: El carrer de baix, de Vicent Flor.- El turrumpero T2xE08\",\"author\":{\"@id\":\"https:\\\/\\\/elcabilo.com\\\/radio\\\/author\\\/radio\\\/#author\"},\"publisher\":{\"@id\":\"https:\\\/\\\/elcabilo.com\\\/radio\\\/#organization\"},\"image\":{\"@type\":\"ImageObject\",\"url\":\"https:\\\/\\\/elcabilo.com\\\/radio\\\/files\\\/2023\\\/05\\\/VICENT-FLOR-EN-TASTALLIBRES.jpg\",\"width\":2000,\"height\":1500,\"caption\":\"smart\"},\"datePublished\":\"2023-05-11T12:56:48+02:00\",\"dateModified\":\"2023-05-11T13:45:17+02:00\",\"inLanguage\":\"ca\",\"mainEntityOfPage\":{\"@id\":\"https:\\\/\\\/elcabilo.com\\\/radio\\\/2023\\\/05\\\/11\\\/entrevista-a-vicent-flor-socioleg-i-escriptor-raco-de-tastallibres-el-carrer-de-baix-de-vicent-flor-el-turrumpero-t2xe08\\\/#webpage\"},\"isPartOf\":{\"@id\":\"https:\\\/\\\/elcabilo.com\\\/radio\\\/2023\\\/05\\\/11\\\/entrevista-a-vicent-flor-socioleg-i-escriptor-raco-de-tastallibres-el-carrer-de-baix-de-vicent-flor-el-turrumpero-t2xe08\\\/#webpage\"},\"articleSection\":\"Cabil\\u00f3 R\\u00e0dio, El Turrumpero\"},{\"@type\":\"BreadcrumbList\",\"@id\":\"https:\\\/\\\/elcabilo.com\\\/radio\\\/2023\\\/05\\\/11\\\/entrevista-a-vicent-flor-socioleg-i-escriptor-raco-de-tastallibres-el-carrer-de-baix-de-vicent-flor-el-turrumpero-t2xe08\\\/#breadcrumblist\",\"itemListElement\":[{\"@type\":\"ListItem\",\"@id\":\"https:\\\/\\\/elcabilo.com\\\/radio#listItem\",\"position\":1,\"name\":\"Home\",\"item\":\"https:\\\/\\\/elcabilo.com\\\/radio\",\"nextItem\":{\"@type\":\"ListItem\",\"@id\":\"https:\\\/\\\/elcabilo.com\\\/radio\\\/category\\\/sin-categoria\\\/#listItem\",\"name\":\"Cabil\\u00f3 R\\u00e0dio\"}},{\"@type\":\"ListItem\",\"@id\":\"https:\\\/\\\/elcabilo.com\\\/radio\\\/category\\\/sin-categoria\\\/#listItem\",\"position\":2,\"name\":\"Cabil\\u00f3 R\\u00e0dio\",\"item\":\"https:\\\/\\\/elcabilo.com\\\/radio\\\/category\\\/sin-categoria\\\/\",\"nextItem\":{\"@type\":\"ListItem\",\"@id\":\"https:\\\/\\\/elcabilo.com\\\/radio\\\/2023\\\/05\\\/11\\\/entrevista-a-vicent-flor-socioleg-i-escriptor-raco-de-tastallibres-el-carrer-de-baix-de-vicent-flor-el-turrumpero-t2xe08\\\/#listItem\",\"name\":\"Entrevista a Vicent Flor, soci\\u00f2leg i escriptor. \\u2013 Rac\\u00f2 de Tastallibres: El carrer de baix, de Vicent Flor.- El turrumpero T2xE08\"},\"previousItem\":{\"@type\":\"ListItem\",\"@id\":\"https:\\\/\\\/elcabilo.com\\\/radio#listItem\",\"name\":\"Home\"}},{\"@type\":\"ListItem\",\"@id\":\"https:\\\/\\\/elcabilo.com\\\/radio\\\/2023\\\/05\\\/11\\\/entrevista-a-vicent-flor-socioleg-i-escriptor-raco-de-tastallibres-el-carrer-de-baix-de-vicent-flor-el-turrumpero-t2xe08\\\/#listItem\",\"position\":3,\"name\":\"Entrevista a Vicent Flor, soci\\u00f2leg i escriptor. \\u2013 Rac\\u00f2 de Tastallibres: El carrer de baix, de Vicent Flor.- El turrumpero T2xE08\",\"previousItem\":{\"@type\":\"ListItem\",\"@id\":\"https:\\\/\\\/elcabilo.com\\\/radio\\\/category\\\/sin-categoria\\\/#listItem\",\"name\":\"Cabil\\u00f3 R\\u00e0dio\"}}]},{\"@type\":\"Organization\",\"@id\":\"https:\\\/\\\/elcabilo.com\\\/radio\\\/#organization\",\"name\":\"Cabil\\u00f3 R\\u00e0dio\",\"description\":\"La r\\u00e0dio online de Sella\",\"url\":\"https:\\\/\\\/elcabilo.com\\\/radio\\\/\",\"logo\":{\"@type\":\"ImageObject\",\"url\":\"https:\\\/\\\/elcabilo.com\\\/radio\\\/files\\\/2023\\\/01\\\/cropped-logo_radio-1.gif\",\"@id\":\"https:\\\/\\\/elcabilo.com\\\/radio\\\/2023\\\/05\\\/11\\\/entrevista-a-vicent-flor-socioleg-i-escriptor-raco-de-tastallibres-el-carrer-de-baix-de-vicent-flor-el-turrumpero-t2xe08\\\/#organizationLogo\",\"width\":250,\"height\":50},\"image\":{\"@id\":\"https:\\\/\\\/elcabilo.com\\\/radio\\\/2023\\\/05\\\/11\\\/entrevista-a-vicent-flor-socioleg-i-escriptor-raco-de-tastallibres-el-carrer-de-baix-de-vicent-flor-el-turrumpero-t2xe08\\\/#organizationLogo\"}},{\"@type\":\"Person\",\"@id\":\"https:\\\/\\\/elcabilo.com\\\/radio\\\/author\\\/radio\\\/#author\",\"url\":\"https:\\\/\\\/elcabilo.com\\\/radio\\\/author\\\/radio\\\/\",\"name\":\"radio\",\"image\":{\"@type\":\"ImageObject\",\"@id\":\"https:\\\/\\\/elcabilo.com\\\/radio\\\/2023\\\/05\\\/11\\\/entrevista-a-vicent-flor-socioleg-i-escriptor-raco-de-tastallibres-el-carrer-de-baix-de-vicent-flor-el-turrumpero-t2xe08\\\/#authorImage\",\"url\":\"https:\\\/\\\/secure.gravatar.com\\\/avatar\\\/bb687b465db46b8e9255d0921cc346091032a91fe77f93721088d5decb8a2d1a?s=96&d=mm&r=g\",\"width\":96,\"height\":96,\"caption\":\"radio\"}},{\"@type\":\"WebPage\",\"@id\":\"https:\\\/\\\/elcabilo.com\\\/radio\\\/2023\\\/05\\\/11\\\/entrevista-a-vicent-flor-socioleg-i-escriptor-raco-de-tastallibres-el-carrer-de-baix-de-vicent-flor-el-turrumpero-t2xe08\\\/#webpage\",\"url\":\"https:\\\/\\\/elcabilo.com\\\/radio\\\/2023\\\/05\\\/11\\\/entrevista-a-vicent-flor-socioleg-i-escriptor-raco-de-tastallibres-el-carrer-de-baix-de-vicent-flor-el-turrumpero-t2xe08\\\/\",\"name\":\"Entrevista a Vicent Flor, soci\\u00f2leg i escriptor. \\u2013 Rac\\u00f2 de Tastallibres: El carrer de baix, de Vicent Flor.- El turrumpero T2xE08 - Cabil\\u00f3R\\u00e0dio\",\"description\":\"Hui en El Turrumpero entrevistem a Vicent Flor, soci\\u00f2leg i escriptor i autor de El carrer de baix, qui va compartir amb nosaltres la tert\\u00falia de Tastallibres. Amb ell parlem de l'amor, la mort, l'amistat, la vida en el camp, la soledat no triada i dels joves en situaci\\u00f3 d'acolliment. En el Rac\\u00f3 de Tastallibres\",\"inLanguage\":\"ca\",\"isPartOf\":{\"@id\":\"https:\\\/\\\/elcabilo.com\\\/radio\\\/#website\"},\"breadcrumb\":{\"@id\":\"https:\\\/\\\/elcabilo.com\\\/radio\\\/2023\\\/05\\\/11\\\/entrevista-a-vicent-flor-socioleg-i-escriptor-raco-de-tastallibres-el-carrer-de-baix-de-vicent-flor-el-turrumpero-t2xe08\\\/#breadcrumblist\"},\"author\":{\"@id\":\"https:\\\/\\\/elcabilo.com\\\/radio\\\/author\\\/radio\\\/#author\"},\"creator\":{\"@id\":\"https:\\\/\\\/elcabilo.com\\\/radio\\\/author\\\/radio\\\/#author\"},\"image\":{\"@type\":\"ImageObject\",\"url\":\"https:\\\/\\\/elcabilo.com\\\/radio\\\/files\\\/2023\\\/05\\\/VICENT-FLOR-EN-TASTALLIBRES.jpg\",\"@id\":\"https:\\\/\\\/elcabilo.com\\\/radio\\\/2023\\\/05\\\/11\\\/entrevista-a-vicent-flor-socioleg-i-escriptor-raco-de-tastallibres-el-carrer-de-baix-de-vicent-flor-el-turrumpero-t2xe08\\\/#mainImage\",\"width\":2000,\"height\":1500,\"caption\":\"smart\"},\"primaryImageOfPage\":{\"@id\":\"https:\\\/\\\/elcabilo.com\\\/radio\\\/2023\\\/05\\\/11\\\/entrevista-a-vicent-flor-socioleg-i-escriptor-raco-de-tastallibres-el-carrer-de-baix-de-vicent-flor-el-turrumpero-t2xe08\\\/#mainImage\"},\"datePublished\":\"2023-05-11T12:56:48+02:00\",\"dateModified\":\"2023-05-11T13:45:17+02:00\"},{\"@type\":\"WebSite\",\"@id\":\"https:\\\/\\\/elcabilo.com\\\/radio\\\/#website\",\"url\":\"https:\\\/\\\/elcabilo.com\\\/radio\\\/\",\"name\":\"Cabil\\u00f3 R\\u00e0dio\",\"description\":\"La r\\u00e0dio online de Sella\",\"inLanguage\":\"ca\",\"publisher\":{\"@id\":\"https:\\\/\\\/elcabilo.com\\\/radio\\\/#organization\"}}]}\n\t\t<\/script>\n\t\t<!-- All in One SEO -->\n\n","aioseo_head_json":{"title":"Entrevista a Vicent Flor, soci\u00f2leg i escriptor. \u2013 Rac\u00f2 de Tastallibres: El carrer de baix, de Vicent Flor.- El turrumpero T2xE08 - Cabil\u00f3R\u00e0dio","description":"Hui en El Turrumpero entrevistem a Vicent Flor, soci\u00f2leg i escriptor i autor de El carrer de baix, qui va compartir amb nosaltres la tert\u00falia de Tastallibres. Amb ell parlem de l'amor, la mort, l'amistat, la vida en el camp, la soledat no triada i dels joves en situaci\u00f3 d'acolliment. En el Rac\u00f3 de Tastallibres","canonical_url":"https:\/\/elcabilo.com\/radio\/2023\/05\/11\/entrevista-a-vicent-flor-socioleg-i-escriptor-raco-de-tastallibres-el-carrer-de-baix-de-vicent-flor-el-turrumpero-t2xe08\/","robots":"max-image-preview:large","keywords":"","webmasterTools":{"miscellaneous":""},"schema":{"@context":"https:\/\/schema.org","@graph":[{"@type":"BlogPosting","@id":"https:\/\/elcabilo.com\/radio\/2023\/05\/11\/entrevista-a-vicent-flor-socioleg-i-escriptor-raco-de-tastallibres-el-carrer-de-baix-de-vicent-flor-el-turrumpero-t2xe08\/#blogposting","name":"Entrevista a Vicent Flor, soci\u00f2leg i escriptor. \u2013 Rac\u00f2 de Tastallibres: El carrer de baix, de Vicent Flor.- El turrumpero T2xE08 - Cabil\u00f3R\u00e0dio","headline":"Entrevista a Vicent Flor, soci\u00f2leg i escriptor. \u2013 Rac\u00f2 de Tastallibres: El carrer de baix, de Vicent Flor.- El turrumpero T2xE08","author":{"@id":"https:\/\/elcabilo.com\/radio\/author\/radio\/#author"},"publisher":{"@id":"https:\/\/elcabilo.com\/radio\/#organization"},"image":{"@type":"ImageObject","url":"https:\/\/elcabilo.com\/radio\/files\/2023\/05\/VICENT-FLOR-EN-TASTALLIBRES.jpg","width":2000,"height":1500,"caption":"smart"},"datePublished":"2023-05-11T12:56:48+02:00","dateModified":"2023-05-11T13:45:17+02:00","inLanguage":"ca","mainEntityOfPage":{"@id":"https:\/\/elcabilo.com\/radio\/2023\/05\/11\/entrevista-a-vicent-flor-socioleg-i-escriptor-raco-de-tastallibres-el-carrer-de-baix-de-vicent-flor-el-turrumpero-t2xe08\/#webpage"},"isPartOf":{"@id":"https:\/\/elcabilo.com\/radio\/2023\/05\/11\/entrevista-a-vicent-flor-socioleg-i-escriptor-raco-de-tastallibres-el-carrer-de-baix-de-vicent-flor-el-turrumpero-t2xe08\/#webpage"},"articleSection":"Cabil\u00f3 R\u00e0dio, El Turrumpero"},{"@type":"BreadcrumbList","@id":"https:\/\/elcabilo.com\/radio\/2023\/05\/11\/entrevista-a-vicent-flor-socioleg-i-escriptor-raco-de-tastallibres-el-carrer-de-baix-de-vicent-flor-el-turrumpero-t2xe08\/#breadcrumblist","itemListElement":[{"@type":"ListItem","@id":"https:\/\/elcabilo.com\/radio#listItem","position":1,"name":"Home","item":"https:\/\/elcabilo.com\/radio","nextItem":{"@type":"ListItem","@id":"https:\/\/elcabilo.com\/radio\/category\/sin-categoria\/#listItem","name":"Cabil\u00f3 R\u00e0dio"}},{"@type":"ListItem","@id":"https:\/\/elcabilo.com\/radio\/category\/sin-categoria\/#listItem","position":2,"name":"Cabil\u00f3 R\u00e0dio","item":"https:\/\/elcabilo.com\/radio\/category\/sin-categoria\/","nextItem":{"@type":"ListItem","@id":"https:\/\/elcabilo.com\/radio\/2023\/05\/11\/entrevista-a-vicent-flor-socioleg-i-escriptor-raco-de-tastallibres-el-carrer-de-baix-de-vicent-flor-el-turrumpero-t2xe08\/#listItem","name":"Entrevista a Vicent Flor, soci\u00f2leg i escriptor. \u2013 Rac\u00f2 de Tastallibres: El carrer de baix, de Vicent Flor.- El turrumpero T2xE08"},"previousItem":{"@type":"ListItem","@id":"https:\/\/elcabilo.com\/radio#listItem","name":"Home"}},{"@type":"ListItem","@id":"https:\/\/elcabilo.com\/radio\/2023\/05\/11\/entrevista-a-vicent-flor-socioleg-i-escriptor-raco-de-tastallibres-el-carrer-de-baix-de-vicent-flor-el-turrumpero-t2xe08\/#listItem","position":3,"name":"Entrevista a Vicent Flor, soci\u00f2leg i escriptor. \u2013 Rac\u00f2 de Tastallibres: El carrer de baix, de Vicent Flor.- El turrumpero T2xE08","previousItem":{"@type":"ListItem","@id":"https:\/\/elcabilo.com\/radio\/category\/sin-categoria\/#listItem","name":"Cabil\u00f3 R\u00e0dio"}}]},{"@type":"Organization","@id":"https:\/\/elcabilo.com\/radio\/#organization","name":"Cabil\u00f3 R\u00e0dio","description":"La r\u00e0dio online de Sella","url":"https:\/\/elcabilo.com\/radio\/","logo":{"@type":"ImageObject","url":"https:\/\/elcabilo.com\/radio\/files\/2023\/01\/cropped-logo_radio-1.gif","@id":"https:\/\/elcabilo.com\/radio\/2023\/05\/11\/entrevista-a-vicent-flor-socioleg-i-escriptor-raco-de-tastallibres-el-carrer-de-baix-de-vicent-flor-el-turrumpero-t2xe08\/#organizationLogo","width":250,"height":50},"image":{"@id":"https:\/\/elcabilo.com\/radio\/2023\/05\/11\/entrevista-a-vicent-flor-socioleg-i-escriptor-raco-de-tastallibres-el-carrer-de-baix-de-vicent-flor-el-turrumpero-t2xe08\/#organizationLogo"}},{"@type":"Person","@id":"https:\/\/elcabilo.com\/radio\/author\/radio\/#author","url":"https:\/\/elcabilo.com\/radio\/author\/radio\/","name":"radio","image":{"@type":"ImageObject","@id":"https:\/\/elcabilo.com\/radio\/2023\/05\/11\/entrevista-a-vicent-flor-socioleg-i-escriptor-raco-de-tastallibres-el-carrer-de-baix-de-vicent-flor-el-turrumpero-t2xe08\/#authorImage","url":"https:\/\/secure.gravatar.com\/avatar\/bb687b465db46b8e9255d0921cc346091032a91fe77f93721088d5decb8a2d1a?s=96&d=mm&r=g","width":96,"height":96,"caption":"radio"}},{"@type":"WebPage","@id":"https:\/\/elcabilo.com\/radio\/2023\/05\/11\/entrevista-a-vicent-flor-socioleg-i-escriptor-raco-de-tastallibres-el-carrer-de-baix-de-vicent-flor-el-turrumpero-t2xe08\/#webpage","url":"https:\/\/elcabilo.com\/radio\/2023\/05\/11\/entrevista-a-vicent-flor-socioleg-i-escriptor-raco-de-tastallibres-el-carrer-de-baix-de-vicent-flor-el-turrumpero-t2xe08\/","name":"Entrevista a Vicent Flor, soci\u00f2leg i escriptor. \u2013 Rac\u00f2 de Tastallibres: El carrer de baix, de Vicent Flor.- El turrumpero T2xE08 - Cabil\u00f3R\u00e0dio","description":"Hui en El Turrumpero entrevistem a Vicent Flor, soci\u00f2leg i escriptor i autor de El carrer de baix, qui va compartir amb nosaltres la tert\u00falia de Tastallibres. Amb ell parlem de l'amor, la mort, l'amistat, la vida en el camp, la soledat no triada i dels joves en situaci\u00f3 d'acolliment. En el Rac\u00f3 de Tastallibres","inLanguage":"ca","isPartOf":{"@id":"https:\/\/elcabilo.com\/radio\/#website"},"breadcrumb":{"@id":"https:\/\/elcabilo.com\/radio\/2023\/05\/11\/entrevista-a-vicent-flor-socioleg-i-escriptor-raco-de-tastallibres-el-carrer-de-baix-de-vicent-flor-el-turrumpero-t2xe08\/#breadcrumblist"},"author":{"@id":"https:\/\/elcabilo.com\/radio\/author\/radio\/#author"},"creator":{"@id":"https:\/\/elcabilo.com\/radio\/author\/radio\/#author"},"image":{"@type":"ImageObject","url":"https:\/\/elcabilo.com\/radio\/files\/2023\/05\/VICENT-FLOR-EN-TASTALLIBRES.jpg","@id":"https:\/\/elcabilo.com\/radio\/2023\/05\/11\/entrevista-a-vicent-flor-socioleg-i-escriptor-raco-de-tastallibres-el-carrer-de-baix-de-vicent-flor-el-turrumpero-t2xe08\/#mainImage","width":2000,"height":1500,"caption":"smart"},"primaryImageOfPage":{"@id":"https:\/\/elcabilo.com\/radio\/2023\/05\/11\/entrevista-a-vicent-flor-socioleg-i-escriptor-raco-de-tastallibres-el-carrer-de-baix-de-vicent-flor-el-turrumpero-t2xe08\/#mainImage"},"datePublished":"2023-05-11T12:56:48+02:00","dateModified":"2023-05-11T13:45:17+02:00"},{"@type":"WebSite","@id":"https:\/\/elcabilo.com\/radio\/#website","url":"https:\/\/elcabilo.com\/radio\/","name":"Cabil\u00f3 R\u00e0dio","description":"La r\u00e0dio online de Sella","inLanguage":"ca","publisher":{"@id":"https:\/\/elcabilo.com\/radio\/#organization"}}]},"og:locale":"ca_ES","og:site_name":"Cabil\u00f3R\u00e0dio - La r\u00e0dio online de Sella","og:type":"article","og:title":"Entrevista a Vicent Flor, soci\u00f2leg i escriptor. \u2013 Rac\u00f2 de Tastallibres: El carrer de baix, de Vicent Flor.- El turrumpero T2xE08 - Cabil\u00f3R\u00e0dio","og:description":"Hui en El Turrumpero entrevistem a Vicent Flor, soci\u00f2leg i escriptor i autor de El carrer de baix, qui va compartir amb nosaltres la tert\u00falia de Tastallibres. Amb ell parlem de l'amor, la mort, l'amistat, la vida en el camp, la soledat no triada i dels joves en situaci\u00f3 d'acolliment. En el Rac\u00f3 de Tastallibres","og:url":"https:\/\/elcabilo.com\/radio\/2023\/05\/11\/entrevista-a-vicent-flor-socioleg-i-escriptor-raco-de-tastallibres-el-carrer-de-baix-de-vicent-flor-el-turrumpero-t2xe08\/","og:image":"https:\/\/elcabilo.com\/radio\/files\/2023\/01\/cropped-logo_radio-1.gif","og:image:secure_url":"https:\/\/elcabilo.com\/radio\/files\/2023\/01\/cropped-logo_radio-1.gif","article:published_time":"2023-05-11T10:56:48+00:00","article:modified_time":"2023-05-11T11:45:17+00:00","twitter:card":"summary_large_image","twitter:title":"Entrevista a Vicent Flor, soci\u00f2leg i escriptor. \u2013 Rac\u00f2 de Tastallibres: El carrer de baix, de Vicent Flor.- El turrumpero T2xE08 - Cabil\u00f3R\u00e0dio","twitter:description":"Hui en El Turrumpero entrevistem a Vicent Flor, soci\u00f2leg i escriptor i autor de El carrer de baix, qui va compartir amb nosaltres la tert\u00falia de Tastallibres. Amb ell parlem de l'amor, la mort, l'amistat, la vida en el camp, la soledat no triada i dels joves en situaci\u00f3 d'acolliment. En el Rac\u00f3 de Tastallibres","twitter:image":"https:\/\/elcabilo.com\/radio\/files\/2023\/01\/cropped-logo_radio-1.gif"},"aioseo_meta_data":{"post_id":"2019","title":null,"description":null,"keywords":[],"keyphrases":{"focus":{"keyphrase":"","score":0,"analysis":{"keyphraseInTitle":{"score":0,"maxScore":9,"error":1}}},"additional":[]},"primary_term":null,"canonical_url":null,"og_title":null,"og_description":null,"og_object_type":"default","og_image_type":"default","og_image_url":null,"og_image_width":null,"og_image_height":null,"og_image_custom_url":null,"og_image_custom_fields":null,"og_video":"","og_custom_url":null,"og_article_section":null,"og_article_tags":[],"twitter_use_og":false,"twitter_card":"default","twitter_image_type":"default","twitter_image_url":null,"twitter_image_custom_url":null,"twitter_image_custom_fields":null,"twitter_title":null,"twitter_description":null,"schema":{"blockGraphs":[],"customGraphs":[],"default":{"data":{"Article":[],"Course":[],"Dataset":[],"FAQPage":[],"Movie":[],"Person":[],"Product":[],"ProductReview":[],"Car":[],"Recipe":[],"Service":[],"SoftwareApplication":[],"WebPage":[]},"graphName":"BlogPosting","isEnabled":true},"graphs":[]},"schema_type":"default","schema_type_options":null,"pillar_content":false,"robots_default":true,"robots_noindex":false,"robots_noarchive":false,"robots_nosnippet":false,"robots_nofollow":false,"robots_noimageindex":false,"robots_noodp":false,"robots_notranslate":false,"robots_max_snippet":"-1","robots_max_videopreview":"-1","robots_max_imagepreview":"large","priority":null,"frequency":"default","local_seo":null,"breadcrumb_settings":null,"limit_modified_date":false,"ai":null,"created":"2023-05-11 10:56:23","updated":"2025-06-08 20:24:38","seo_analyzer_scan_date":null,"focus_keyword":null,"additional_keywords":null,"truseo_locale":null},"aioseo_breadcrumb":"<div class=\"aioseo-breadcrumbs\"><span class=\"aioseo-breadcrumb\">\n\t\t\t<a href=\"https:\/\/elcabilo.com\/radio\" title=\"Home\">Home<\/a>\n\t\t<\/span><span class=\"aioseo-breadcrumb-separator\">&raquo;<\/span><span class=\"aioseo-breadcrumb\">\n\t\t\t<a href=\"https:\/\/elcabilo.com\/radio\/category\/sin-categoria\/\" title=\"Cabil\u00f3 R\u00e0dio\">Cabil\u00f3 R\u00e0dio<\/a>\n\t\t<\/span><span class=\"aioseo-breadcrumb-separator\">&raquo;<\/span><span class=\"aioseo-breadcrumb\">\n\t\t\tEntrevista a Vicent Flor, soci\u00f2leg i escriptor. \u2013 Rac\u00f2 de Tastallibres: El carrer de baix, de Vicent Flor.- El turrumpero T2xE08\n\t\t<\/span><\/div>","aioseo_breadcrumb_json":[{"label":"Home","link":"https:\/\/elcabilo.com\/radio"},{"label":"Cabil\u00f3 R\u00e0dio","link":"https:\/\/elcabilo.com\/radio\/category\/sin-categoria\/"},{"label":"Entrevista a Vicent Flor, soci\u00f2leg i escriptor. \u2013 Rac\u00f2 de Tastallibres: El carrer de baix, de Vicent Flor.- El turrumpero T2xE08","link":"https:\/\/elcabilo.com\/radio\/2023\/05\/11\/entrevista-a-vicent-flor-socioleg-i-escriptor-raco-de-tastallibres-el-carrer-de-baix-de-vicent-flor-el-turrumpero-t2xe08\/"}],"_links":{"self":[{"href":"https:\/\/elcabilo.com\/radio\/wp-json\/wp\/v2\/posts\/2019","targetHints":{"allow":["GET"]}}],"collection":[{"href":"https:\/\/elcabilo.com\/radio\/wp-json\/wp\/v2\/posts"}],"about":[{"href":"https:\/\/elcabilo.com\/radio\/wp-json\/wp\/v2\/types\/post"}],"author":[{"embeddable":true,"href":"https:\/\/elcabilo.com\/radio\/wp-json\/wp\/v2\/users\/272"}],"replies":[{"embeddable":true,"href":"https:\/\/elcabilo.com\/radio\/wp-json\/wp\/v2\/comments?post=2019"}],"version-history":[{"count":2,"href":"https:\/\/elcabilo.com\/radio\/wp-json\/wp\/v2\/posts\/2019\/revisions"}],"predecessor-version":[{"id":2022,"href":"https:\/\/elcabilo.com\/radio\/wp-json\/wp\/v2\/posts\/2019\/revisions\/2022"}],"wp:featuredmedia":[{"embeddable":true,"href":"https:\/\/elcabilo.com\/radio\/wp-json\/wp\/v2\/media\/2020"}],"wp:attachment":[{"href":"https:\/\/elcabilo.com\/radio\/wp-json\/wp\/v2\/media?parent=2019"}],"wp:term":[{"taxonomy":"category","embeddable":true,"href":"https:\/\/elcabilo.com\/radio\/wp-json\/wp\/v2\/categories?post=2019"},{"taxonomy":"post_tag","embeddable":true,"href":"https:\/\/elcabilo.com\/radio\/wp-json\/wp\/v2\/tags?post=2019"}],"curies":[{"name":"wp","href":"https:\/\/api.w.org\/{rel}","templated":true}]}}