{"id":2025,"date":"2023-06-07T09:05:56","date_gmt":"2023-06-07T07:05:56","guid":{"rendered":"https:\/\/elcabilo.com\/radio\/?p=2025"},"modified":"2023-06-07T09:05:59","modified_gmt":"2023-06-07T07:05:59","slug":"especial-festival-al-som-sella-raco-de-tastallibres-no-hi-havia-a-valencia-de-merce-climent-el-turrumpero-t2xe09","status":"publish","type":"post","link":"https:\/\/elcabilo.com\/radio\/2023\/06\/07\/especial-festival-al-som-sella-raco-de-tastallibres-no-hi-havia-a-valencia-de-merce-climent-el-turrumpero-t2xe09\/","title":{"rendered":"Especial festival Al Som Sella. \u2013 Rac\u00f2 de Tastallibres: No hi havia a Val\u00e8ncia, de Merc\u00e8 Climent.- El turrumpero T2xE09"},"content":{"rendered":"\n<p class=\"wp-block-paragraph\">Hui en El Turrumpero, fem un recorregut pel festival <strong>Al Som Sella, <\/strong>entrevistem a Vanessa Jaime, una de les persones que ho va fer possible, i a tots el grups que vam participar: La Kriptonita, Colomet, Cactus i Moroots. I en el Rac\u00f3 de Tastallibres parlem de la novel\u00b7la <strong>No hi havia a val\u00e8ncia<\/strong>, de Merc\u00e8 Climent. Una hist\u00f2ria d&#8217;amor que ens fa revisar els prejudicis culturals.<\/p>\n\n\n\n<p class=\"wp-block-paragraph\">Sense m\u00e9s, comencem&#8230;<\/p>\n\n\n\n<figure class=\"wp-block-embed is-type-rich is-provider-spotify wp-block-embed-spotify wp-embed-aspect-21-9 wp-has-aspect-ratio\"><div class=\"wp-block-embed__wrapper\">\n<iframe title=\"Spotify Embed: Festival Al Som Sella. I en el Rac\u00f3 de Tastallibres, No hi havia a val\u00e8ncia .- El turrumpero T2xE09\" style=\"border-radius: 12px\" width=\"100%\" height=\"152\" frameborder=\"0\" allowfullscreen allow=\"autoplay; clipboard-write; encrypted-media; fullscreen; picture-in-picture\" loading=\"lazy\" src=\"https:\/\/open.spotify.com\/embed\/episode\/7bt82XoylXrKXXIOanxK6r?si=cWyIEycRR7SFZ85MHjT5ug&#038;utm_source=oembed\"><\/iframe>\n<\/div><\/figure>\n\n\n\n<figure class=\"wp-block-embed is-type-rich is-provider-spotify wp-block-embed-spotify wp-embed-aspect-21-9 wp-has-aspect-ratio\"><div class=\"wp-block-embed__wrapper\">\n<iframe title=\"Spotify Embed: El rac\u00f3 de Tastallibres: No hi havia a val\u00e8ncia, de Merc\u00e8 Climent T2xE09\" style=\"border-radius: 12px\" width=\"100%\" height=\"152\" frameborder=\"0\" allowfullscreen allow=\"autoplay; clipboard-write; encrypted-media; fullscreen; picture-in-picture\" loading=\"lazy\" src=\"https:\/\/open.spotify.com\/embed\/episode\/67VgqQBfqXfpkOm7Uzlf22?si=WWvEnHhUTZKnvDSHcgXxUA&#038;utm_source=oembed\"><\/iframe>\n<\/div><\/figure>\n","protected":false},"excerpt":{"rendered":"<p>Hui en El Turrumpero, fem un recorregut pel festival Al Som Sella, entrevistem a Vanessa Jaime, una de les persones que ho va fer possible, i a tots el grups que vam participar: La Kriptonita, Colomet, Cactus i Moroots. I en el Rac\u00f3 de Tastallibres parlem de la novel\u00b7la No hi havia a val\u00e8ncia, de [&hellip;]<\/p>\n","protected":false},"author":272,"featured_media":2026,"comment_status":"open","ping_status":"open","sticky":false,"template":"","format":"standard","meta":{"_exactmetrics_skip_tracking":false,"footnotes":""},"categories":[1,28],"tags":[43,44,45,42,46,47,48],"class_list":["post-2025","post","type-post","status-publish","format-standard","has-post-thumbnail","hentry","category-sin-categoria","category-el-turrumpero","tag-al-som-sella","tag-cactus","tag-colomet","tag-festival","tag-la-kriptonita","tag-moroots","tag-musica-en-valencia"],"aioseo_notices":[],"aioseo_head":"\n\t\t<!-- All in One SEO 5.0.1 - aioseo.com -->\n\t<meta name=\"description\" content=\"Hui en El Turrumpero, fem un recorregut pel festival Al Som Sella, entrevistem a Vanessa Jaime, una de les persones que ho va fer possible, i a tots el grups que vam participar: La Kriptonita, Colomet, Cactus i Moroots. I en el Rac\u00f3 de Tastallibres parlem de la novel\u00b7la No hi havia a val\u00e8ncia, de\" \/>\n\t<meta name=\"robots\" content=\"max-image-preview:large\" \/>\n\t<meta name=\"author\" content=\"radio\"\/>\n\t<link rel=\"canonical\" href=\"https:\/\/elcabilo.com\/radio\/2023\/06\/07\/especial-festival-al-som-sella-raco-de-tastallibres-no-hi-havia-a-valencia-de-merce-climent-el-turrumpero-t2xe09\/\" \/>\n\t<meta name=\"generator\" content=\"All in One SEO (AIOSEO) 5.0.1\" \/>\n\t\t<meta property=\"og:locale\" content=\"ca_ES\" \/>\n\t\t<meta property=\"og:site_name\" content=\"Cabil\u00f3R\u00e0dio - La r\u00e0dio online de Sella\" \/>\n\t\t<meta property=\"og:type\" content=\"article\" \/>\n\t\t<meta property=\"og:title\" content=\"Especial festival Al Som Sella. \u2013 Rac\u00f2 de Tastallibres: No hi havia a Val\u00e8ncia, de Merc\u00e8 Climent.- El turrumpero T2xE09 - Cabil\u00f3R\u00e0dio\" \/>\n\t\t<meta property=\"og:description\" content=\"Hui en El Turrumpero, fem un recorregut pel festival Al Som Sella, entrevistem a Vanessa Jaime, una de les persones que ho va fer possible, i a tots el grups que vam participar: La Kriptonita, Colomet, Cactus i Moroots. I en el Rac\u00f3 de Tastallibres parlem de la novel\u00b7la No hi havia a val\u00e8ncia, de\" \/>\n\t\t<meta property=\"og:url\" content=\"https:\/\/elcabilo.com\/radio\/2023\/06\/07\/especial-festival-al-som-sella-raco-de-tastallibres-no-hi-havia-a-valencia-de-merce-climent-el-turrumpero-t2xe09\/\" \/>\n\t\t<meta property=\"og:image\" content=\"https:\/\/elcabilo.com\/radio\/files\/2023\/01\/cropped-logo_radio-1.gif\" \/>\n\t\t<meta property=\"og:image:secure_url\" content=\"https:\/\/elcabilo.com\/radio\/files\/2023\/01\/cropped-logo_radio-1.gif\" \/>\n\t\t<meta property=\"article:published_time\" content=\"2023-06-07T07:05:56+00:00\" \/>\n\t\t<meta property=\"article:modified_time\" content=\"2023-06-07T07:05:59+00:00\" \/>\n\t\t<meta name=\"twitter:card\" content=\"summary_large_image\" \/>\n\t\t<meta name=\"twitter:title\" content=\"Especial festival Al Som Sella. \u2013 Rac\u00f2 de Tastallibres: No hi havia a Val\u00e8ncia, de Merc\u00e8 Climent.- El turrumpero T2xE09 - Cabil\u00f3R\u00e0dio\" \/>\n\t\t<meta name=\"twitter:description\" content=\"Hui en El Turrumpero, fem un recorregut pel festival Al Som Sella, entrevistem a Vanessa Jaime, una de les persones que ho va fer possible, i a tots el grups que vam participar: La Kriptonita, Colomet, Cactus i Moroots. I en el Rac\u00f3 de Tastallibres parlem de la novel\u00b7la No hi havia a val\u00e8ncia, de\" \/>\n\t\t<meta name=\"twitter:image\" content=\"https:\/\/elcabilo.com\/radio\/files\/2023\/01\/cropped-logo_radio-1.gif\" \/>\n\t\t<script type=\"application\/ld+json\" class=\"aioseo-schema\">\n\t\t\t{\"@context\":\"https:\\\/\\\/schema.org\",\"@graph\":[{\"@type\":\"BlogPosting\",\"@id\":\"https:\\\/\\\/elcabilo.com\\\/radio\\\/2023\\\/06\\\/07\\\/especial-festival-al-som-sella-raco-de-tastallibres-no-hi-havia-a-valencia-de-merce-climent-el-turrumpero-t2xe09\\\/#blogposting\",\"name\":\"Especial festival Al Som Sella. \\u2013 Rac\\u00f2 de Tastallibres: No hi havia a Val\\u00e8ncia, de Merc\\u00e8 Climent.- El turrumpero T2xE09 - Cabil\\u00f3R\\u00e0dio\",\"headline\":\"Especial festival Al Som Sella. \\u2013 Rac\\u00f2 de Tastallibres: No hi havia a Val\\u00e8ncia, de Merc\\u00e8 Climent.- El turrumpero T2xE09\",\"author\":{\"@id\":\"https:\\\/\\\/elcabilo.com\\\/radio\\\/author\\\/radio\\\/#author\"},\"publisher\":{\"@id\":\"https:\\\/\\\/elcabilo.com\\\/radio\\\/#organization\"},\"image\":{\"@type\":\"ImageObject\",\"url\":\"https:\\\/\\\/elcabilo.com\\\/radio\\\/files\\\/2023\\\/06\\\/CARTEL-DEL-FESTIVAL.jpg\",\"width\":720,\"height\":719},\"datePublished\":\"2023-06-07T09:05:56+02:00\",\"dateModified\":\"2023-06-07T09:05:59+02:00\",\"inLanguage\":\"ca\",\"mainEntityOfPage\":{\"@id\":\"https:\\\/\\\/elcabilo.com\\\/radio\\\/2023\\\/06\\\/07\\\/especial-festival-al-som-sella-raco-de-tastallibres-no-hi-havia-a-valencia-de-merce-climent-el-turrumpero-t2xe09\\\/#webpage\"},\"isPartOf\":{\"@id\":\"https:\\\/\\\/elcabilo.com\\\/radio\\\/2023\\\/06\\\/07\\\/especial-festival-al-som-sella-raco-de-tastallibres-no-hi-havia-a-valencia-de-merce-climent-el-turrumpero-t2xe09\\\/#webpage\"},\"articleSection\":\"Cabil\\u00f3 R\\u00e0dio, El Turrumpero, Al Som Sella, Cactus, Colomet, Festival, La Kriptonita, Moroots, Musica en Valencia\"},{\"@type\":\"BreadcrumbList\",\"@id\":\"https:\\\/\\\/elcabilo.com\\\/radio\\\/2023\\\/06\\\/07\\\/especial-festival-al-som-sella-raco-de-tastallibres-no-hi-havia-a-valencia-de-merce-climent-el-turrumpero-t2xe09\\\/#breadcrumblist\",\"itemListElement\":[{\"@type\":\"ListItem\",\"@id\":\"https:\\\/\\\/elcabilo.com\\\/radio#listItem\",\"position\":1,\"name\":\"Home\",\"item\":\"https:\\\/\\\/elcabilo.com\\\/radio\",\"nextItem\":{\"@type\":\"ListItem\",\"@id\":\"https:\\\/\\\/elcabilo.com\\\/radio\\\/category\\\/sin-categoria\\\/#listItem\",\"name\":\"Cabil\\u00f3 R\\u00e0dio\"}},{\"@type\":\"ListItem\",\"@id\":\"https:\\\/\\\/elcabilo.com\\\/radio\\\/category\\\/sin-categoria\\\/#listItem\",\"position\":2,\"name\":\"Cabil\\u00f3 R\\u00e0dio\",\"item\":\"https:\\\/\\\/elcabilo.com\\\/radio\\\/category\\\/sin-categoria\\\/\",\"nextItem\":{\"@type\":\"ListItem\",\"@id\":\"https:\\\/\\\/elcabilo.com\\\/radio\\\/2023\\\/06\\\/07\\\/especial-festival-al-som-sella-raco-de-tastallibres-no-hi-havia-a-valencia-de-merce-climent-el-turrumpero-t2xe09\\\/#listItem\",\"name\":\"Especial festival Al Som Sella. \\u2013 Rac\\u00f2 de Tastallibres: No hi havia a Val\\u00e8ncia, de Merc\\u00e8 Climent.- El turrumpero T2xE09\"},\"previousItem\":{\"@type\":\"ListItem\",\"@id\":\"https:\\\/\\\/elcabilo.com\\\/radio#listItem\",\"name\":\"Home\"}},{\"@type\":\"ListItem\",\"@id\":\"https:\\\/\\\/elcabilo.com\\\/radio\\\/2023\\\/06\\\/07\\\/especial-festival-al-som-sella-raco-de-tastallibres-no-hi-havia-a-valencia-de-merce-climent-el-turrumpero-t2xe09\\\/#listItem\",\"position\":3,\"name\":\"Especial festival Al Som Sella. \\u2013 Rac\\u00f2 de Tastallibres: No hi havia a Val\\u00e8ncia, de Merc\\u00e8 Climent.- El turrumpero T2xE09\",\"previousItem\":{\"@type\":\"ListItem\",\"@id\":\"https:\\\/\\\/elcabilo.com\\\/radio\\\/category\\\/sin-categoria\\\/#listItem\",\"name\":\"Cabil\\u00f3 R\\u00e0dio\"}}]},{\"@type\":\"Organization\",\"@id\":\"https:\\\/\\\/elcabilo.com\\\/radio\\\/#organization\",\"name\":\"Cabil\\u00f3 R\\u00e0dio\",\"description\":\"La r\\u00e0dio online de Sella\",\"url\":\"https:\\\/\\\/elcabilo.com\\\/radio\\\/\",\"logo\":{\"@type\":\"ImageObject\",\"url\":\"https:\\\/\\\/elcabilo.com\\\/radio\\\/files\\\/2023\\\/01\\\/cropped-logo_radio-1.gif\",\"@id\":\"https:\\\/\\\/elcabilo.com\\\/radio\\\/2023\\\/06\\\/07\\\/especial-festival-al-som-sella-raco-de-tastallibres-no-hi-havia-a-valencia-de-merce-climent-el-turrumpero-t2xe09\\\/#organizationLogo\",\"width\":250,\"height\":50},\"image\":{\"@id\":\"https:\\\/\\\/elcabilo.com\\\/radio\\\/2023\\\/06\\\/07\\\/especial-festival-al-som-sella-raco-de-tastallibres-no-hi-havia-a-valencia-de-merce-climent-el-turrumpero-t2xe09\\\/#organizationLogo\"}},{\"@type\":\"Person\",\"@id\":\"https:\\\/\\\/elcabilo.com\\\/radio\\\/author\\\/radio\\\/#author\",\"url\":\"https:\\\/\\\/elcabilo.com\\\/radio\\\/author\\\/radio\\\/\",\"name\":\"radio\",\"image\":{\"@type\":\"ImageObject\",\"@id\":\"https:\\\/\\\/elcabilo.com\\\/radio\\\/2023\\\/06\\\/07\\\/especial-festival-al-som-sella-raco-de-tastallibres-no-hi-havia-a-valencia-de-merce-climent-el-turrumpero-t2xe09\\\/#authorImage\",\"url\":\"https:\\\/\\\/secure.gravatar.com\\\/avatar\\\/bb687b465db46b8e9255d0921cc346091032a91fe77f93721088d5decb8a2d1a?s=96&d=mm&r=g\",\"width\":96,\"height\":96,\"caption\":\"radio\"}},{\"@type\":\"WebPage\",\"@id\":\"https:\\\/\\\/elcabilo.com\\\/radio\\\/2023\\\/06\\\/07\\\/especial-festival-al-som-sella-raco-de-tastallibres-no-hi-havia-a-valencia-de-merce-climent-el-turrumpero-t2xe09\\\/#webpage\",\"url\":\"https:\\\/\\\/elcabilo.com\\\/radio\\\/2023\\\/06\\\/07\\\/especial-festival-al-som-sella-raco-de-tastallibres-no-hi-havia-a-valencia-de-merce-climent-el-turrumpero-t2xe09\\\/\",\"name\":\"Especial festival Al Som Sella. \\u2013 Rac\\u00f2 de Tastallibres: No hi havia a Val\\u00e8ncia, de Merc\\u00e8 Climent.- El turrumpero T2xE09 - Cabil\\u00f3R\\u00e0dio\",\"description\":\"Hui en El Turrumpero, fem un recorregut pel festival Al Som Sella, entrevistem a Vanessa Jaime, una de les persones que ho va fer possible, i a tots el grups que vam participar: La Kriptonita, Colomet, Cactus i Moroots. I en el Rac\\u00f3 de Tastallibres parlem de la novel\\u00b7la No hi havia a val\\u00e8ncia, de\",\"inLanguage\":\"ca\",\"isPartOf\":{\"@id\":\"https:\\\/\\\/elcabilo.com\\\/radio\\\/#website\"},\"breadcrumb\":{\"@id\":\"https:\\\/\\\/elcabilo.com\\\/radio\\\/2023\\\/06\\\/07\\\/especial-festival-al-som-sella-raco-de-tastallibres-no-hi-havia-a-valencia-de-merce-climent-el-turrumpero-t2xe09\\\/#breadcrumblist\"},\"author\":{\"@id\":\"https:\\\/\\\/elcabilo.com\\\/radio\\\/author\\\/radio\\\/#author\"},\"creator\":{\"@id\":\"https:\\\/\\\/elcabilo.com\\\/radio\\\/author\\\/radio\\\/#author\"},\"image\":{\"@type\":\"ImageObject\",\"url\":\"https:\\\/\\\/elcabilo.com\\\/radio\\\/files\\\/2023\\\/06\\\/CARTEL-DEL-FESTIVAL.jpg\",\"@id\":\"https:\\\/\\\/elcabilo.com\\\/radio\\\/2023\\\/06\\\/07\\\/especial-festival-al-som-sella-raco-de-tastallibres-no-hi-havia-a-valencia-de-merce-climent-el-turrumpero-t2xe09\\\/#mainImage\",\"width\":720,\"height\":719},\"primaryImageOfPage\":{\"@id\":\"https:\\\/\\\/elcabilo.com\\\/radio\\\/2023\\\/06\\\/07\\\/especial-festival-al-som-sella-raco-de-tastallibres-no-hi-havia-a-valencia-de-merce-climent-el-turrumpero-t2xe09\\\/#mainImage\"},\"datePublished\":\"2023-06-07T09:05:56+02:00\",\"dateModified\":\"2023-06-07T09:05:59+02:00\"},{\"@type\":\"WebSite\",\"@id\":\"https:\\\/\\\/elcabilo.com\\\/radio\\\/#website\",\"url\":\"https:\\\/\\\/elcabilo.com\\\/radio\\\/\",\"name\":\"Cabil\\u00f3 R\\u00e0dio\",\"description\":\"La r\\u00e0dio online de Sella\",\"inLanguage\":\"ca\",\"publisher\":{\"@id\":\"https:\\\/\\\/elcabilo.com\\\/radio\\\/#organization\"}}]}\n\t\t<\/script>\n\t\t<!-- All in One SEO -->\n\n","aioseo_head_json":{"title":"Especial festival Al Som Sella. \u2013 Rac\u00f2 de Tastallibres: No hi havia a Val\u00e8ncia, de Merc\u00e8 Climent.- El turrumpero T2xE09 - Cabil\u00f3R\u00e0dio","description":"Hui en El Turrumpero, fem un recorregut pel festival Al Som Sella, entrevistem a Vanessa Jaime, una de les persones que ho va fer possible, i a tots el grups que vam participar: La Kriptonita, Colomet, Cactus i Moroots. I en el Rac\u00f3 de Tastallibres parlem de la novel\u00b7la No hi havia a val\u00e8ncia, de","canonical_url":"https:\/\/elcabilo.com\/radio\/2023\/06\/07\/especial-festival-al-som-sella-raco-de-tastallibres-no-hi-havia-a-valencia-de-merce-climent-el-turrumpero-t2xe09\/","robots":"max-image-preview:large","keywords":"","webmasterTools":{"miscellaneous":""},"schema":{"@context":"https:\/\/schema.org","@graph":[{"@type":"BlogPosting","@id":"https:\/\/elcabilo.com\/radio\/2023\/06\/07\/especial-festival-al-som-sella-raco-de-tastallibres-no-hi-havia-a-valencia-de-merce-climent-el-turrumpero-t2xe09\/#blogposting","name":"Especial festival Al Som Sella. \u2013 Rac\u00f2 de Tastallibres: No hi havia a Val\u00e8ncia, de Merc\u00e8 Climent.- El turrumpero T2xE09 - Cabil\u00f3R\u00e0dio","headline":"Especial festival Al Som Sella. \u2013 Rac\u00f2 de Tastallibres: No hi havia a Val\u00e8ncia, de Merc\u00e8 Climent.- El turrumpero T2xE09","author":{"@id":"https:\/\/elcabilo.com\/radio\/author\/radio\/#author"},"publisher":{"@id":"https:\/\/elcabilo.com\/radio\/#organization"},"image":{"@type":"ImageObject","url":"https:\/\/elcabilo.com\/radio\/files\/2023\/06\/CARTEL-DEL-FESTIVAL.jpg","width":720,"height":719},"datePublished":"2023-06-07T09:05:56+02:00","dateModified":"2023-06-07T09:05:59+02:00","inLanguage":"ca","mainEntityOfPage":{"@id":"https:\/\/elcabilo.com\/radio\/2023\/06\/07\/especial-festival-al-som-sella-raco-de-tastallibres-no-hi-havia-a-valencia-de-merce-climent-el-turrumpero-t2xe09\/#webpage"},"isPartOf":{"@id":"https:\/\/elcabilo.com\/radio\/2023\/06\/07\/especial-festival-al-som-sella-raco-de-tastallibres-no-hi-havia-a-valencia-de-merce-climent-el-turrumpero-t2xe09\/#webpage"},"articleSection":"Cabil\u00f3 R\u00e0dio, El Turrumpero, Al Som Sella, Cactus, Colomet, Festival, La Kriptonita, Moroots, Musica en Valencia"},{"@type":"BreadcrumbList","@id":"https:\/\/elcabilo.com\/radio\/2023\/06\/07\/especial-festival-al-som-sella-raco-de-tastallibres-no-hi-havia-a-valencia-de-merce-climent-el-turrumpero-t2xe09\/#breadcrumblist","itemListElement":[{"@type":"ListItem","@id":"https:\/\/elcabilo.com\/radio#listItem","position":1,"name":"Home","item":"https:\/\/elcabilo.com\/radio","nextItem":{"@type":"ListItem","@id":"https:\/\/elcabilo.com\/radio\/category\/sin-categoria\/#listItem","name":"Cabil\u00f3 R\u00e0dio"}},{"@type":"ListItem","@id":"https:\/\/elcabilo.com\/radio\/category\/sin-categoria\/#listItem","position":2,"name":"Cabil\u00f3 R\u00e0dio","item":"https:\/\/elcabilo.com\/radio\/category\/sin-categoria\/","nextItem":{"@type":"ListItem","@id":"https:\/\/elcabilo.com\/radio\/2023\/06\/07\/especial-festival-al-som-sella-raco-de-tastallibres-no-hi-havia-a-valencia-de-merce-climent-el-turrumpero-t2xe09\/#listItem","name":"Especial festival Al Som Sella. \u2013 Rac\u00f2 de Tastallibres: No hi havia a Val\u00e8ncia, de Merc\u00e8 Climent.- El turrumpero T2xE09"},"previousItem":{"@type":"ListItem","@id":"https:\/\/elcabilo.com\/radio#listItem","name":"Home"}},{"@type":"ListItem","@id":"https:\/\/elcabilo.com\/radio\/2023\/06\/07\/especial-festival-al-som-sella-raco-de-tastallibres-no-hi-havia-a-valencia-de-merce-climent-el-turrumpero-t2xe09\/#listItem","position":3,"name":"Especial festival Al Som Sella. \u2013 Rac\u00f2 de Tastallibres: No hi havia a Val\u00e8ncia, de Merc\u00e8 Climent.- El turrumpero T2xE09","previousItem":{"@type":"ListItem","@id":"https:\/\/elcabilo.com\/radio\/category\/sin-categoria\/#listItem","name":"Cabil\u00f3 R\u00e0dio"}}]},{"@type":"Organization","@id":"https:\/\/elcabilo.com\/radio\/#organization","name":"Cabil\u00f3 R\u00e0dio","description":"La r\u00e0dio online de Sella","url":"https:\/\/elcabilo.com\/radio\/","logo":{"@type":"ImageObject","url":"https:\/\/elcabilo.com\/radio\/files\/2023\/01\/cropped-logo_radio-1.gif","@id":"https:\/\/elcabilo.com\/radio\/2023\/06\/07\/especial-festival-al-som-sella-raco-de-tastallibres-no-hi-havia-a-valencia-de-merce-climent-el-turrumpero-t2xe09\/#organizationLogo","width":250,"height":50},"image":{"@id":"https:\/\/elcabilo.com\/radio\/2023\/06\/07\/especial-festival-al-som-sella-raco-de-tastallibres-no-hi-havia-a-valencia-de-merce-climent-el-turrumpero-t2xe09\/#organizationLogo"}},{"@type":"Person","@id":"https:\/\/elcabilo.com\/radio\/author\/radio\/#author","url":"https:\/\/elcabilo.com\/radio\/author\/radio\/","name":"radio","image":{"@type":"ImageObject","@id":"https:\/\/elcabilo.com\/radio\/2023\/06\/07\/especial-festival-al-som-sella-raco-de-tastallibres-no-hi-havia-a-valencia-de-merce-climent-el-turrumpero-t2xe09\/#authorImage","url":"https:\/\/secure.gravatar.com\/avatar\/bb687b465db46b8e9255d0921cc346091032a91fe77f93721088d5decb8a2d1a?s=96&d=mm&r=g","width":96,"height":96,"caption":"radio"}},{"@type":"WebPage","@id":"https:\/\/elcabilo.com\/radio\/2023\/06\/07\/especial-festival-al-som-sella-raco-de-tastallibres-no-hi-havia-a-valencia-de-merce-climent-el-turrumpero-t2xe09\/#webpage","url":"https:\/\/elcabilo.com\/radio\/2023\/06\/07\/especial-festival-al-som-sella-raco-de-tastallibres-no-hi-havia-a-valencia-de-merce-climent-el-turrumpero-t2xe09\/","name":"Especial festival Al Som Sella. \u2013 Rac\u00f2 de Tastallibres: No hi havia a Val\u00e8ncia, de Merc\u00e8 Climent.- El turrumpero T2xE09 - Cabil\u00f3R\u00e0dio","description":"Hui en El Turrumpero, fem un recorregut pel festival Al Som Sella, entrevistem a Vanessa Jaime, una de les persones que ho va fer possible, i a tots el grups que vam participar: La Kriptonita, Colomet, Cactus i Moroots. I en el Rac\u00f3 de Tastallibres parlem de la novel\u00b7la No hi havia a val\u00e8ncia, de","inLanguage":"ca","isPartOf":{"@id":"https:\/\/elcabilo.com\/radio\/#website"},"breadcrumb":{"@id":"https:\/\/elcabilo.com\/radio\/2023\/06\/07\/especial-festival-al-som-sella-raco-de-tastallibres-no-hi-havia-a-valencia-de-merce-climent-el-turrumpero-t2xe09\/#breadcrumblist"},"author":{"@id":"https:\/\/elcabilo.com\/radio\/author\/radio\/#author"},"creator":{"@id":"https:\/\/elcabilo.com\/radio\/author\/radio\/#author"},"image":{"@type":"ImageObject","url":"https:\/\/elcabilo.com\/radio\/files\/2023\/06\/CARTEL-DEL-FESTIVAL.jpg","@id":"https:\/\/elcabilo.com\/radio\/2023\/06\/07\/especial-festival-al-som-sella-raco-de-tastallibres-no-hi-havia-a-valencia-de-merce-climent-el-turrumpero-t2xe09\/#mainImage","width":720,"height":719},"primaryImageOfPage":{"@id":"https:\/\/elcabilo.com\/radio\/2023\/06\/07\/especial-festival-al-som-sella-raco-de-tastallibres-no-hi-havia-a-valencia-de-merce-climent-el-turrumpero-t2xe09\/#mainImage"},"datePublished":"2023-06-07T09:05:56+02:00","dateModified":"2023-06-07T09:05:59+02:00"},{"@type":"WebSite","@id":"https:\/\/elcabilo.com\/radio\/#website","url":"https:\/\/elcabilo.com\/radio\/","name":"Cabil\u00f3 R\u00e0dio","description":"La r\u00e0dio online de Sella","inLanguage":"ca","publisher":{"@id":"https:\/\/elcabilo.com\/radio\/#organization"}}]},"og:locale":"ca_ES","og:site_name":"Cabil\u00f3R\u00e0dio - La r\u00e0dio online de Sella","og:type":"article","og:title":"Especial festival Al Som Sella. \u2013 Rac\u00f2 de Tastallibres: No hi havia a Val\u00e8ncia, de Merc\u00e8 Climent.- El turrumpero T2xE09 - Cabil\u00f3R\u00e0dio","og:description":"Hui en El Turrumpero, fem un recorregut pel festival Al Som Sella, entrevistem a Vanessa Jaime, una de les persones que ho va fer possible, i a tots el grups que vam participar: La Kriptonita, Colomet, Cactus i Moroots. I en el Rac\u00f3 de Tastallibres parlem de la novel\u00b7la No hi havia a val\u00e8ncia, de","og:url":"https:\/\/elcabilo.com\/radio\/2023\/06\/07\/especial-festival-al-som-sella-raco-de-tastallibres-no-hi-havia-a-valencia-de-merce-climent-el-turrumpero-t2xe09\/","og:image":"https:\/\/elcabilo.com\/radio\/files\/2023\/01\/cropped-logo_radio-1.gif","og:image:secure_url":"https:\/\/elcabilo.com\/radio\/files\/2023\/01\/cropped-logo_radio-1.gif","article:published_time":"2023-06-07T07:05:56+00:00","article:modified_time":"2023-06-07T07:05:59+00:00","twitter:card":"summary_large_image","twitter:title":"Especial festival Al Som Sella. \u2013 Rac\u00f2 de Tastallibres: No hi havia a Val\u00e8ncia, de Merc\u00e8 Climent.- El turrumpero T2xE09 - Cabil\u00f3R\u00e0dio","twitter:description":"Hui en El Turrumpero, fem un recorregut pel festival Al Som Sella, entrevistem a Vanessa Jaime, una de les persones que ho va fer possible, i a tots el grups que vam participar: La Kriptonita, Colomet, Cactus i Moroots. I en el Rac\u00f3 de Tastallibres parlem de la novel\u00b7la No hi havia a val\u00e8ncia, de","twitter:image":"https:\/\/elcabilo.com\/radio\/files\/2023\/01\/cropped-logo_radio-1.gif"},"aioseo_meta_data":{"post_id":"2025","title":null,"description":null,"keywords":[],"keyphrases":{"focus":{"keyphrase":"","score":0,"analysis":{"keyphraseInTitle":{"score":0,"maxScore":9,"error":1}}},"additional":[]},"primary_term":null,"canonical_url":null,"og_title":null,"og_description":null,"og_object_type":"default","og_image_type":"default","og_image_url":null,"og_image_width":null,"og_image_height":null,"og_image_custom_url":null,"og_image_custom_fields":null,"og_video":"","og_custom_url":null,"og_article_section":null,"og_article_tags":[],"twitter_use_og":false,"twitter_card":"default","twitter_image_type":"default","twitter_image_url":null,"twitter_image_custom_url":null,"twitter_image_custom_fields":null,"twitter_title":null,"twitter_description":null,"schema":{"blockGraphs":[],"customGraphs":[],"default":{"data":{"Article":[],"Course":[],"Dataset":[],"FAQPage":[],"Movie":[],"Person":[],"Product":[],"ProductReview":[],"Car":[],"Recipe":[],"Service":[],"SoftwareApplication":[],"WebPage":[]},"graphName":"BlogPosting","isEnabled":true},"graphs":[]},"schema_type":"default","schema_type_options":null,"pillar_content":false,"robots_default":true,"robots_noindex":false,"robots_noarchive":false,"robots_nosnippet":false,"robots_nofollow":false,"robots_noimageindex":false,"robots_noodp":false,"robots_notranslate":false,"robots_max_snippet":"-1","robots_max_videopreview":"-1","robots_max_imagepreview":"large","priority":null,"frequency":"default","local_seo":null,"breadcrumb_settings":null,"limit_modified_date":false,"ai":null,"created":"2023-06-07 07:05:59","updated":"2025-06-08 20:42:53","seo_analyzer_scan_date":null,"focus_keyword":null,"additional_keywords":null,"truseo_locale":null},"aioseo_breadcrumb":"<div class=\"aioseo-breadcrumbs\"><span class=\"aioseo-breadcrumb\">\n\t\t\t<a href=\"https:\/\/elcabilo.com\/radio\" title=\"Home\">Home<\/a>\n\t\t<\/span><span class=\"aioseo-breadcrumb-separator\">&raquo;<\/span><span class=\"aioseo-breadcrumb\">\n\t\t\t<a href=\"https:\/\/elcabilo.com\/radio\/category\/sin-categoria\/\" title=\"Cabil\u00f3 R\u00e0dio\">Cabil\u00f3 R\u00e0dio<\/a>\n\t\t<\/span><span class=\"aioseo-breadcrumb-separator\">&raquo;<\/span><span class=\"aioseo-breadcrumb\">\n\t\t\tEspecial festival Al Som Sella. \u2013 Rac\u00f2 de Tastallibres: No hi havia a Val\u00e8ncia, de Merc\u00e8 Climent.- El turrumpero T2xE09\n\t\t<\/span><\/div>","aioseo_breadcrumb_json":[{"label":"Home","link":"https:\/\/elcabilo.com\/radio"},{"label":"Cabil\u00f3 R\u00e0dio","link":"https:\/\/elcabilo.com\/radio\/category\/sin-categoria\/"},{"label":"Especial festival Al Som Sella. \u2013 Rac\u00f2 de Tastallibres: No hi havia a Val\u00e8ncia, de Merc\u00e8 Climent.- El turrumpero T2xE09","link":"https:\/\/elcabilo.com\/radio\/2023\/06\/07\/especial-festival-al-som-sella-raco-de-tastallibres-no-hi-havia-a-valencia-de-merce-climent-el-turrumpero-t2xe09\/"}],"_links":{"self":[{"href":"https:\/\/elcabilo.com\/radio\/wp-json\/wp\/v2\/posts\/2025","targetHints":{"allow":["GET"]}}],"collection":[{"href":"https:\/\/elcabilo.com\/radio\/wp-json\/wp\/v2\/posts"}],"about":[{"href":"https:\/\/elcabilo.com\/radio\/wp-json\/wp\/v2\/types\/post"}],"author":[{"embeddable":true,"href":"https:\/\/elcabilo.com\/radio\/wp-json\/wp\/v2\/users\/272"}],"replies":[{"embeddable":true,"href":"https:\/\/elcabilo.com\/radio\/wp-json\/wp\/v2\/comments?post=2025"}],"version-history":[{"count":1,"href":"https:\/\/elcabilo.com\/radio\/wp-json\/wp\/v2\/posts\/2025\/revisions"}],"predecessor-version":[{"id":2027,"href":"https:\/\/elcabilo.com\/radio\/wp-json\/wp\/v2\/posts\/2025\/revisions\/2027"}],"wp:featuredmedia":[{"embeddable":true,"href":"https:\/\/elcabilo.com\/radio\/wp-json\/wp\/v2\/media\/2026"}],"wp:attachment":[{"href":"https:\/\/elcabilo.com\/radio\/wp-json\/wp\/v2\/media?parent=2025"}],"wp:term":[{"taxonomy":"category","embeddable":true,"href":"https:\/\/elcabilo.com\/radio\/wp-json\/wp\/v2\/categories?post=2025"},{"taxonomy":"post_tag","embeddable":true,"href":"https:\/\/elcabilo.com\/radio\/wp-json\/wp\/v2\/tags?post=2025"}],"curies":[{"name":"wp","href":"https:\/\/api.w.org\/{rel}","templated":true}]}}