{"id":2033,"date":"2023-08-14T09:10:52","date_gmt":"2023-08-14T07:10:52","guid":{"rendered":"https:\/\/elcabilo.com\/radio\/?p=2033"},"modified":"2023-08-14T09:10:54","modified_gmt":"2023-08-14T07:10:54","slug":"entrevista-a-joan-olivares-raco-de-tastallibres-el-metge-del-rei-de-joan-olivares-el-turrumpero-t2xe11","status":"publish","type":"post","link":"https:\/\/elcabilo.com\/radio\/2023\/08\/14\/entrevista-a-joan-olivares-raco-de-tastallibres-el-metge-del-rei-de-joan-olivares-el-turrumpero-t2xe11\/","title":{"rendered":"Entrevista a Joan Olivares. \u2013 Rac\u00f3 de Tastallibres: El metge del rei, de Joan Olivares.- El turrumpero T2xE11"},"content":{"rendered":"\n<p class=\"wp-block-paragraph\">Hui en el Turrumpero entrevistem a <strong>Joan Olivares<\/strong> escriptor, guanyador del premi Enric Valor de novel\u00b7la. I en el Rac\u00f3 de Tastallibres parlem del seu llibre <strong>El metge del rei<\/strong> un viatge pel Pa\u00eds Valenci\u00e0 en el segle XV.<\/p>\n\n\n\n<p class=\"wp-block-paragraph\">M\u00fasica del programa: <strong>\u00abCrema de X\u00e0tiva\u00bb<\/strong>, El Belda i el conjunt Badabadoc Versi\u00f3 instrumental de l&#8217;acordionista diat\u00f2nic Carles Belda basada en la can\u00e7\u00f3 \u00abM&#8217;aclame a tu\u00bb, d&#8217;Ovidi Montllor, que alhora havia musicat el poema hom\u00f2nim que Vicent Andr\u00e9s Estell\u00e9s havia dedicat a la ciutat de X\u00e0tiva.<\/p>\n\n\n\n<p class=\"wp-block-paragraph\"><strong>\u00abA la una\u00bb<\/strong> , Musicants Inspirada en una can\u00e7\u00f3 escoltada a un sefardita de Sal\u00f2nica i adaptada i ampliada per Manolo Miralles, xativ\u00ed com el protagonista de la novel\u00b7la i recentment traspassat. En homenatge seu.<\/p>\n\n\n\n<p class=\"wp-block-paragraph\"><strong>\u00abRoman\u00e7 de la porquerola\u00bb<\/strong>, Solatge .Amb la veu de <strong>Mara Aranda<\/strong>, que tamb\u00e9 va formar part del grup Aman, aman, de m\u00fasica sefardita.<\/p>\n\n\n\n<p class=\"wp-block-paragraph\"><strong>\u00abDessota dels \u00e0lbers\u00bb<\/strong>, Feliu Ventura Una can\u00e7\u00f3 d&#8217;un altre xativ\u00ed, com Llu\u00eds Alcany\u00eds.<\/p>\n\n\n\n<p class=\"wp-block-paragraph\">Sense m\u00e9s, comencem&#8230;<\/p>\n\n\n\n<figure class=\"wp-block-embed is-type-rich is-provider-spotify wp-block-embed-spotify wp-embed-aspect-21-9 wp-has-aspect-ratio\"><div class=\"wp-block-embed__wrapper\">\n<iframe title=\"Spotify Embed: Entrevista a Joan Olivares. I en el Rac\u00f3 de Tastallibres, El metge del rei.- El turrumpero T2xE11\" style=\"border-radius: 12px\" width=\"100%\" height=\"152\" frameborder=\"0\" allowfullscreen allow=\"autoplay; clipboard-write; encrypted-media; fullscreen; picture-in-picture\" loading=\"lazy\" src=\"https:\/\/open.spotify.com\/embed\/episode\/37aHeD2xFJ42AwUMVsj7Po?si=zzgbnYFyQtS-kQqC7hl9Yw&#038;utm_source=oembed\"><\/iframe>\n<\/div><\/figure>\n\n\n\n<figure class=\"wp-block-embed is-type-rich is-provider-spotify wp-block-embed-spotify wp-embed-aspect-21-9 wp-has-aspect-ratio\"><div class=\"wp-block-embed__wrapper\">\n<iframe title=\"Spotify Embed: El rac\u00f3 de Tastallibres: El metge del rei, de Joan Olivares T2xE11\" style=\"border-radius: 12px\" width=\"100%\" height=\"152\" frameborder=\"0\" allowfullscreen allow=\"autoplay; clipboard-write; encrypted-media; fullscreen; picture-in-picture\" loading=\"lazy\" src=\"https:\/\/open.spotify.com\/embed\/episode\/4AmKQHE6T14SmCcj9mrcfB?si=5Q-zmD-OQIKU2565kdRrXw&#038;utm_source=oembed\"><\/iframe>\n<\/div><\/figure>\n","protected":false},"excerpt":{"rendered":"<p>Hui en el Turrumpero entrevistem a Joan Olivares escriptor, guanyador del premi Enric Valor de novel\u00b7la. I en el Rac\u00f3 de Tastallibres parlem del seu llibre El metge del rei un viatge pel Pa\u00eds Valenci\u00e0 en el segle XV. M\u00fasica del programa: \u00abCrema de X\u00e0tiva\u00bb, El Belda i el conjunt Badabadoc Versi\u00f3 instrumental de l&#8217;acordionista [&hellip;]<\/p>\n","protected":false},"author":272,"featured_media":2034,"comment_status":"open","ping_status":"open","sticky":false,"template":"","format":"standard","meta":{"_exactmetrics_skip_tracking":false,"footnotes":""},"categories":[1,28,23],"tags":[56,60,38,59,57,37,40],"class_list":["post-2033","post","type-post","status-publish","format-standard","has-post-thumbnail","hentry","category-sin-categoria","category-el-turrumpero","category-entrevistes","tag-joan-olivares","tag-lectura","tag-llegir","tag-llegir-en-valencia","tag-memoria","tag-sella","tag-tertulia"],"aioseo_notices":[],"aioseo_head":"\n\t\t<!-- All in One SEO 5.0.1 - aioseo.com -->\n\t<meta name=\"description\" content=\"Hui en el Turrumpero entrevistem a Joan Olivares escriptor, guanyador del premi Enric Valor de novel\u00b7la. I en el Rac\u00f3 de Tastallibres parlem del seu llibre El metge del rei un viatge pel Pa\u00eds Valenci\u00e0 en el segle XV. M\u00fasica del programa: &quot;Crema de X\u00e0tiva&quot;, El Belda i el conjunt Badabadoc Versi\u00f3 instrumental de l&#039;acordionista\" \/>\n\t<meta name=\"robots\" content=\"max-image-preview:large\" \/>\n\t<meta name=\"author\" content=\"radio\"\/>\n\t<link rel=\"canonical\" href=\"https:\/\/elcabilo.com\/radio\/2023\/08\/14\/entrevista-a-joan-olivares-raco-de-tastallibres-el-metge-del-rei-de-joan-olivares-el-turrumpero-t2xe11\/\" \/>\n\t<meta name=\"generator\" content=\"All in One SEO (AIOSEO) 5.0.1\" \/>\n\t\t<meta property=\"og:locale\" content=\"ca_ES\" \/>\n\t\t<meta property=\"og:site_name\" content=\"Cabil\u00f3R\u00e0dio - La r\u00e0dio online de Sella\" \/>\n\t\t<meta property=\"og:type\" content=\"article\" \/>\n\t\t<meta property=\"og:title\" content=\"Entrevista a Joan Olivares. \u2013 Rac\u00f3 de Tastallibres: El metge del rei, de Joan Olivares.- El turrumpero T2xE11 - Cabil\u00f3R\u00e0dio\" \/>\n\t\t<meta property=\"og:description\" content=\"Hui en el Turrumpero entrevistem a Joan Olivares escriptor, guanyador del premi Enric Valor de novel\u00b7la. I en el Rac\u00f3 de Tastallibres parlem del seu llibre El metge del rei un viatge pel Pa\u00eds Valenci\u00e0 en el segle XV. M\u00fasica del programa: &quot;Crema de X\u00e0tiva&quot;, El Belda i el conjunt Badabadoc Versi\u00f3 instrumental de l&#039;acordionista\" \/>\n\t\t<meta property=\"og:url\" content=\"https:\/\/elcabilo.com\/radio\/2023\/08\/14\/entrevista-a-joan-olivares-raco-de-tastallibres-el-metge-del-rei-de-joan-olivares-el-turrumpero-t2xe11\/\" \/>\n\t\t<meta property=\"og:image\" content=\"https:\/\/elcabilo.com\/radio\/files\/2023\/01\/cropped-logo_radio-1.gif\" \/>\n\t\t<meta property=\"og:image:secure_url\" content=\"https:\/\/elcabilo.com\/radio\/files\/2023\/01\/cropped-logo_radio-1.gif\" \/>\n\t\t<meta property=\"article:published_time\" content=\"2023-08-14T07:10:52+00:00\" \/>\n\t\t<meta property=\"article:modified_time\" content=\"2023-08-14T07:10:54+00:00\" \/>\n\t\t<meta name=\"twitter:card\" content=\"summary_large_image\" \/>\n\t\t<meta name=\"twitter:title\" content=\"Entrevista a Joan Olivares. \u2013 Rac\u00f3 de Tastallibres: El metge del rei, de Joan Olivares.- El turrumpero T2xE11 - Cabil\u00f3R\u00e0dio\" \/>\n\t\t<meta name=\"twitter:description\" content=\"Hui en el Turrumpero entrevistem a Joan Olivares escriptor, guanyador del premi Enric Valor de novel\u00b7la. I en el Rac\u00f3 de Tastallibres parlem del seu llibre El metge del rei un viatge pel Pa\u00eds Valenci\u00e0 en el segle XV. M\u00fasica del programa: &quot;Crema de X\u00e0tiva&quot;, El Belda i el conjunt Badabadoc Versi\u00f3 instrumental de l&#039;acordionista\" \/>\n\t\t<meta name=\"twitter:image\" content=\"https:\/\/elcabilo.com\/radio\/files\/2023\/01\/cropped-logo_radio-1.gif\" \/>\n\t\t<script type=\"application\/ld+json\" class=\"aioseo-schema\">\n\t\t\t{\"@context\":\"https:\\\/\\\/schema.org\",\"@graph\":[{\"@type\":\"BlogPosting\",\"@id\":\"https:\\\/\\\/elcabilo.com\\\/radio\\\/2023\\\/08\\\/14\\\/entrevista-a-joan-olivares-raco-de-tastallibres-el-metge-del-rei-de-joan-olivares-el-turrumpero-t2xe11\\\/#blogposting\",\"name\":\"Entrevista a Joan Olivares. \\u2013 Rac\\u00f3 de Tastallibres: El metge del rei, de Joan Olivares.- El turrumpero T2xE11 - Cabil\\u00f3R\\u00e0dio\",\"headline\":\"Entrevista a Joan Olivares. \\u2013 Rac\\u00f3 de Tastallibres: El metge del rei, de Joan Olivares.- El turrumpero T2xE11\",\"author\":{\"@id\":\"https:\\\/\\\/elcabilo.com\\\/radio\\\/author\\\/radio\\\/#author\"},\"publisher\":{\"@id\":\"https:\\\/\\\/elcabilo.com\\\/radio\\\/#organization\"},\"image\":{\"@type\":\"ImageObject\",\"url\":\"https:\\\/\\\/elcabilo.com\\\/radio\\\/files\\\/2023\\\/08\\\/foto-de-portada-reducida.jpg\",\"width\":2000,\"height\":1124},\"datePublished\":\"2023-08-14T09:10:52+02:00\",\"dateModified\":\"2023-08-14T09:10:54+02:00\",\"inLanguage\":\"ca\",\"mainEntityOfPage\":{\"@id\":\"https:\\\/\\\/elcabilo.com\\\/radio\\\/2023\\\/08\\\/14\\\/entrevista-a-joan-olivares-raco-de-tastallibres-el-metge-del-rei-de-joan-olivares-el-turrumpero-t2xe11\\\/#webpage\"},\"isPartOf\":{\"@id\":\"https:\\\/\\\/elcabilo.com\\\/radio\\\/2023\\\/08\\\/14\\\/entrevista-a-joan-olivares-raco-de-tastallibres-el-metge-del-rei-de-joan-olivares-el-turrumpero-t2xe11\\\/#webpage\"},\"articleSection\":\"Cabil\\u00f3 R\\u00e0dio, El Turrumpero, Entrevistes, joan olivares, lectura, llegir, llegir en valenci\\u00e0, memoria, Sella, tertulia\"},{\"@type\":\"BreadcrumbList\",\"@id\":\"https:\\\/\\\/elcabilo.com\\\/radio\\\/2023\\\/08\\\/14\\\/entrevista-a-joan-olivares-raco-de-tastallibres-el-metge-del-rei-de-joan-olivares-el-turrumpero-t2xe11\\\/#breadcrumblist\",\"itemListElement\":[{\"@type\":\"ListItem\",\"@id\":\"https:\\\/\\\/elcabilo.com\\\/radio#listItem\",\"position\":1,\"name\":\"Home\",\"item\":\"https:\\\/\\\/elcabilo.com\\\/radio\",\"nextItem\":{\"@type\":\"ListItem\",\"@id\":\"https:\\\/\\\/elcabilo.com\\\/radio\\\/category\\\/sin-categoria\\\/#listItem\",\"name\":\"Cabil\\u00f3 R\\u00e0dio\"}},{\"@type\":\"ListItem\",\"@id\":\"https:\\\/\\\/elcabilo.com\\\/radio\\\/category\\\/sin-categoria\\\/#listItem\",\"position\":2,\"name\":\"Cabil\\u00f3 R\\u00e0dio\",\"item\":\"https:\\\/\\\/elcabilo.com\\\/radio\\\/category\\\/sin-categoria\\\/\",\"nextItem\":{\"@type\":\"ListItem\",\"@id\":\"https:\\\/\\\/elcabilo.com\\\/radio\\\/2023\\\/08\\\/14\\\/entrevista-a-joan-olivares-raco-de-tastallibres-el-metge-del-rei-de-joan-olivares-el-turrumpero-t2xe11\\\/#listItem\",\"name\":\"Entrevista a Joan Olivares. \\u2013 Rac\\u00f3 de Tastallibres: El metge del rei, de Joan Olivares.- El turrumpero T2xE11\"},\"previousItem\":{\"@type\":\"ListItem\",\"@id\":\"https:\\\/\\\/elcabilo.com\\\/radio#listItem\",\"name\":\"Home\"}},{\"@type\":\"ListItem\",\"@id\":\"https:\\\/\\\/elcabilo.com\\\/radio\\\/2023\\\/08\\\/14\\\/entrevista-a-joan-olivares-raco-de-tastallibres-el-metge-del-rei-de-joan-olivares-el-turrumpero-t2xe11\\\/#listItem\",\"position\":3,\"name\":\"Entrevista a Joan Olivares. \\u2013 Rac\\u00f3 de Tastallibres: El metge del rei, de Joan Olivares.- El turrumpero T2xE11\",\"previousItem\":{\"@type\":\"ListItem\",\"@id\":\"https:\\\/\\\/elcabilo.com\\\/radio\\\/category\\\/sin-categoria\\\/#listItem\",\"name\":\"Cabil\\u00f3 R\\u00e0dio\"}}]},{\"@type\":\"Organization\",\"@id\":\"https:\\\/\\\/elcabilo.com\\\/radio\\\/#organization\",\"name\":\"Cabil\\u00f3 R\\u00e0dio\",\"description\":\"La r\\u00e0dio online de Sella\",\"url\":\"https:\\\/\\\/elcabilo.com\\\/radio\\\/\",\"logo\":{\"@type\":\"ImageObject\",\"url\":\"https:\\\/\\\/elcabilo.com\\\/radio\\\/files\\\/2023\\\/01\\\/cropped-logo_radio-1.gif\",\"@id\":\"https:\\\/\\\/elcabilo.com\\\/radio\\\/2023\\\/08\\\/14\\\/entrevista-a-joan-olivares-raco-de-tastallibres-el-metge-del-rei-de-joan-olivares-el-turrumpero-t2xe11\\\/#organizationLogo\",\"width\":250,\"height\":50},\"image\":{\"@id\":\"https:\\\/\\\/elcabilo.com\\\/radio\\\/2023\\\/08\\\/14\\\/entrevista-a-joan-olivares-raco-de-tastallibres-el-metge-del-rei-de-joan-olivares-el-turrumpero-t2xe11\\\/#organizationLogo\"}},{\"@type\":\"Person\",\"@id\":\"https:\\\/\\\/elcabilo.com\\\/radio\\\/author\\\/radio\\\/#author\",\"url\":\"https:\\\/\\\/elcabilo.com\\\/radio\\\/author\\\/radio\\\/\",\"name\":\"radio\",\"image\":{\"@type\":\"ImageObject\",\"@id\":\"https:\\\/\\\/elcabilo.com\\\/radio\\\/2023\\\/08\\\/14\\\/entrevista-a-joan-olivares-raco-de-tastallibres-el-metge-del-rei-de-joan-olivares-el-turrumpero-t2xe11\\\/#authorImage\",\"url\":\"https:\\\/\\\/secure.gravatar.com\\\/avatar\\\/bb687b465db46b8e9255d0921cc346091032a91fe77f93721088d5decb8a2d1a?s=96&d=mm&r=g\",\"width\":96,\"height\":96,\"caption\":\"radio\"}},{\"@type\":\"WebPage\",\"@id\":\"https:\\\/\\\/elcabilo.com\\\/radio\\\/2023\\\/08\\\/14\\\/entrevista-a-joan-olivares-raco-de-tastallibres-el-metge-del-rei-de-joan-olivares-el-turrumpero-t2xe11\\\/#webpage\",\"url\":\"https:\\\/\\\/elcabilo.com\\\/radio\\\/2023\\\/08\\\/14\\\/entrevista-a-joan-olivares-raco-de-tastallibres-el-metge-del-rei-de-joan-olivares-el-turrumpero-t2xe11\\\/\",\"name\":\"Entrevista a Joan Olivares. \\u2013 Rac\\u00f3 de Tastallibres: El metge del rei, de Joan Olivares.- El turrumpero T2xE11 - Cabil\\u00f3R\\u00e0dio\",\"description\":\"Hui en el Turrumpero entrevistem a Joan Olivares escriptor, guanyador del premi Enric Valor de novel\\u00b7la. I en el Rac\\u00f3 de Tastallibres parlem del seu llibre El metge del rei un viatge pel Pa\\u00eds Valenci\\u00e0 en el segle XV. M\\u00fasica del programa: \\\"Crema de X\\u00e0tiva\\\", El Belda i el conjunt Badabadoc Versi\\u00f3 instrumental de l'acordionista\",\"inLanguage\":\"ca\",\"isPartOf\":{\"@id\":\"https:\\\/\\\/elcabilo.com\\\/radio\\\/#website\"},\"breadcrumb\":{\"@id\":\"https:\\\/\\\/elcabilo.com\\\/radio\\\/2023\\\/08\\\/14\\\/entrevista-a-joan-olivares-raco-de-tastallibres-el-metge-del-rei-de-joan-olivares-el-turrumpero-t2xe11\\\/#breadcrumblist\"},\"author\":{\"@id\":\"https:\\\/\\\/elcabilo.com\\\/radio\\\/author\\\/radio\\\/#author\"},\"creator\":{\"@id\":\"https:\\\/\\\/elcabilo.com\\\/radio\\\/author\\\/radio\\\/#author\"},\"image\":{\"@type\":\"ImageObject\",\"url\":\"https:\\\/\\\/elcabilo.com\\\/radio\\\/files\\\/2023\\\/08\\\/foto-de-portada-reducida.jpg\",\"@id\":\"https:\\\/\\\/elcabilo.com\\\/radio\\\/2023\\\/08\\\/14\\\/entrevista-a-joan-olivares-raco-de-tastallibres-el-metge-del-rei-de-joan-olivares-el-turrumpero-t2xe11\\\/#mainImage\",\"width\":2000,\"height\":1124},\"primaryImageOfPage\":{\"@id\":\"https:\\\/\\\/elcabilo.com\\\/radio\\\/2023\\\/08\\\/14\\\/entrevista-a-joan-olivares-raco-de-tastallibres-el-metge-del-rei-de-joan-olivares-el-turrumpero-t2xe11\\\/#mainImage\"},\"datePublished\":\"2023-08-14T09:10:52+02:00\",\"dateModified\":\"2023-08-14T09:10:54+02:00\"},{\"@type\":\"WebSite\",\"@id\":\"https:\\\/\\\/elcabilo.com\\\/radio\\\/#website\",\"url\":\"https:\\\/\\\/elcabilo.com\\\/radio\\\/\",\"name\":\"Cabil\\u00f3 R\\u00e0dio\",\"description\":\"La r\\u00e0dio online de Sella\",\"inLanguage\":\"ca\",\"publisher\":{\"@id\":\"https:\\\/\\\/elcabilo.com\\\/radio\\\/#organization\"}}]}\n\t\t<\/script>\n\t\t<!-- All in One SEO -->\n\n","aioseo_head_json":{"title":"Entrevista a Joan Olivares. \u2013 Rac\u00f3 de Tastallibres: El metge del rei, de Joan Olivares.- El turrumpero T2xE11 - Cabil\u00f3R\u00e0dio","description":"Hui en el Turrumpero entrevistem a Joan Olivares escriptor, guanyador del premi Enric Valor de novel\u00b7la. I en el Rac\u00f3 de Tastallibres parlem del seu llibre El metge del rei un viatge pel Pa\u00eds Valenci\u00e0 en el segle XV. M\u00fasica del programa: \"Crema de X\u00e0tiva\", El Belda i el conjunt Badabadoc Versi\u00f3 instrumental de l'acordionista","canonical_url":"https:\/\/elcabilo.com\/radio\/2023\/08\/14\/entrevista-a-joan-olivares-raco-de-tastallibres-el-metge-del-rei-de-joan-olivares-el-turrumpero-t2xe11\/","robots":"max-image-preview:large","keywords":"","webmasterTools":{"miscellaneous":""},"schema":{"@context":"https:\/\/schema.org","@graph":[{"@type":"BlogPosting","@id":"https:\/\/elcabilo.com\/radio\/2023\/08\/14\/entrevista-a-joan-olivares-raco-de-tastallibres-el-metge-del-rei-de-joan-olivares-el-turrumpero-t2xe11\/#blogposting","name":"Entrevista a Joan Olivares. \u2013 Rac\u00f3 de Tastallibres: El metge del rei, de Joan Olivares.- El turrumpero T2xE11 - Cabil\u00f3R\u00e0dio","headline":"Entrevista a Joan Olivares. \u2013 Rac\u00f3 de Tastallibres: El metge del rei, de Joan Olivares.- El turrumpero T2xE11","author":{"@id":"https:\/\/elcabilo.com\/radio\/author\/radio\/#author"},"publisher":{"@id":"https:\/\/elcabilo.com\/radio\/#organization"},"image":{"@type":"ImageObject","url":"https:\/\/elcabilo.com\/radio\/files\/2023\/08\/foto-de-portada-reducida.jpg","width":2000,"height":1124},"datePublished":"2023-08-14T09:10:52+02:00","dateModified":"2023-08-14T09:10:54+02:00","inLanguage":"ca","mainEntityOfPage":{"@id":"https:\/\/elcabilo.com\/radio\/2023\/08\/14\/entrevista-a-joan-olivares-raco-de-tastallibres-el-metge-del-rei-de-joan-olivares-el-turrumpero-t2xe11\/#webpage"},"isPartOf":{"@id":"https:\/\/elcabilo.com\/radio\/2023\/08\/14\/entrevista-a-joan-olivares-raco-de-tastallibres-el-metge-del-rei-de-joan-olivares-el-turrumpero-t2xe11\/#webpage"},"articleSection":"Cabil\u00f3 R\u00e0dio, El Turrumpero, Entrevistes, joan olivares, lectura, llegir, llegir en valenci\u00e0, memoria, Sella, tertulia"},{"@type":"BreadcrumbList","@id":"https:\/\/elcabilo.com\/radio\/2023\/08\/14\/entrevista-a-joan-olivares-raco-de-tastallibres-el-metge-del-rei-de-joan-olivares-el-turrumpero-t2xe11\/#breadcrumblist","itemListElement":[{"@type":"ListItem","@id":"https:\/\/elcabilo.com\/radio#listItem","position":1,"name":"Home","item":"https:\/\/elcabilo.com\/radio","nextItem":{"@type":"ListItem","@id":"https:\/\/elcabilo.com\/radio\/category\/sin-categoria\/#listItem","name":"Cabil\u00f3 R\u00e0dio"}},{"@type":"ListItem","@id":"https:\/\/elcabilo.com\/radio\/category\/sin-categoria\/#listItem","position":2,"name":"Cabil\u00f3 R\u00e0dio","item":"https:\/\/elcabilo.com\/radio\/category\/sin-categoria\/","nextItem":{"@type":"ListItem","@id":"https:\/\/elcabilo.com\/radio\/2023\/08\/14\/entrevista-a-joan-olivares-raco-de-tastallibres-el-metge-del-rei-de-joan-olivares-el-turrumpero-t2xe11\/#listItem","name":"Entrevista a Joan Olivares. \u2013 Rac\u00f3 de Tastallibres: El metge del rei, de Joan Olivares.- El turrumpero T2xE11"},"previousItem":{"@type":"ListItem","@id":"https:\/\/elcabilo.com\/radio#listItem","name":"Home"}},{"@type":"ListItem","@id":"https:\/\/elcabilo.com\/radio\/2023\/08\/14\/entrevista-a-joan-olivares-raco-de-tastallibres-el-metge-del-rei-de-joan-olivares-el-turrumpero-t2xe11\/#listItem","position":3,"name":"Entrevista a Joan Olivares. \u2013 Rac\u00f3 de Tastallibres: El metge del rei, de Joan Olivares.- El turrumpero T2xE11","previousItem":{"@type":"ListItem","@id":"https:\/\/elcabilo.com\/radio\/category\/sin-categoria\/#listItem","name":"Cabil\u00f3 R\u00e0dio"}}]},{"@type":"Organization","@id":"https:\/\/elcabilo.com\/radio\/#organization","name":"Cabil\u00f3 R\u00e0dio","description":"La r\u00e0dio online de Sella","url":"https:\/\/elcabilo.com\/radio\/","logo":{"@type":"ImageObject","url":"https:\/\/elcabilo.com\/radio\/files\/2023\/01\/cropped-logo_radio-1.gif","@id":"https:\/\/elcabilo.com\/radio\/2023\/08\/14\/entrevista-a-joan-olivares-raco-de-tastallibres-el-metge-del-rei-de-joan-olivares-el-turrumpero-t2xe11\/#organizationLogo","width":250,"height":50},"image":{"@id":"https:\/\/elcabilo.com\/radio\/2023\/08\/14\/entrevista-a-joan-olivares-raco-de-tastallibres-el-metge-del-rei-de-joan-olivares-el-turrumpero-t2xe11\/#organizationLogo"}},{"@type":"Person","@id":"https:\/\/elcabilo.com\/radio\/author\/radio\/#author","url":"https:\/\/elcabilo.com\/radio\/author\/radio\/","name":"radio","image":{"@type":"ImageObject","@id":"https:\/\/elcabilo.com\/radio\/2023\/08\/14\/entrevista-a-joan-olivares-raco-de-tastallibres-el-metge-del-rei-de-joan-olivares-el-turrumpero-t2xe11\/#authorImage","url":"https:\/\/secure.gravatar.com\/avatar\/bb687b465db46b8e9255d0921cc346091032a91fe77f93721088d5decb8a2d1a?s=96&d=mm&r=g","width":96,"height":96,"caption":"radio"}},{"@type":"WebPage","@id":"https:\/\/elcabilo.com\/radio\/2023\/08\/14\/entrevista-a-joan-olivares-raco-de-tastallibres-el-metge-del-rei-de-joan-olivares-el-turrumpero-t2xe11\/#webpage","url":"https:\/\/elcabilo.com\/radio\/2023\/08\/14\/entrevista-a-joan-olivares-raco-de-tastallibres-el-metge-del-rei-de-joan-olivares-el-turrumpero-t2xe11\/","name":"Entrevista a Joan Olivares. \u2013 Rac\u00f3 de Tastallibres: El metge del rei, de Joan Olivares.- El turrumpero T2xE11 - Cabil\u00f3R\u00e0dio","description":"Hui en el Turrumpero entrevistem a Joan Olivares escriptor, guanyador del premi Enric Valor de novel\u00b7la. I en el Rac\u00f3 de Tastallibres parlem del seu llibre El metge del rei un viatge pel Pa\u00eds Valenci\u00e0 en el segle XV. M\u00fasica del programa: \"Crema de X\u00e0tiva\", El Belda i el conjunt Badabadoc Versi\u00f3 instrumental de l'acordionista","inLanguage":"ca","isPartOf":{"@id":"https:\/\/elcabilo.com\/radio\/#website"},"breadcrumb":{"@id":"https:\/\/elcabilo.com\/radio\/2023\/08\/14\/entrevista-a-joan-olivares-raco-de-tastallibres-el-metge-del-rei-de-joan-olivares-el-turrumpero-t2xe11\/#breadcrumblist"},"author":{"@id":"https:\/\/elcabilo.com\/radio\/author\/radio\/#author"},"creator":{"@id":"https:\/\/elcabilo.com\/radio\/author\/radio\/#author"},"image":{"@type":"ImageObject","url":"https:\/\/elcabilo.com\/radio\/files\/2023\/08\/foto-de-portada-reducida.jpg","@id":"https:\/\/elcabilo.com\/radio\/2023\/08\/14\/entrevista-a-joan-olivares-raco-de-tastallibres-el-metge-del-rei-de-joan-olivares-el-turrumpero-t2xe11\/#mainImage","width":2000,"height":1124},"primaryImageOfPage":{"@id":"https:\/\/elcabilo.com\/radio\/2023\/08\/14\/entrevista-a-joan-olivares-raco-de-tastallibres-el-metge-del-rei-de-joan-olivares-el-turrumpero-t2xe11\/#mainImage"},"datePublished":"2023-08-14T09:10:52+02:00","dateModified":"2023-08-14T09:10:54+02:00"},{"@type":"WebSite","@id":"https:\/\/elcabilo.com\/radio\/#website","url":"https:\/\/elcabilo.com\/radio\/","name":"Cabil\u00f3 R\u00e0dio","description":"La r\u00e0dio online de Sella","inLanguage":"ca","publisher":{"@id":"https:\/\/elcabilo.com\/radio\/#organization"}}]},"og:locale":"ca_ES","og:site_name":"Cabil\u00f3R\u00e0dio - La r\u00e0dio online de Sella","og:type":"article","og:title":"Entrevista a Joan Olivares. \u2013 Rac\u00f3 de Tastallibres: El metge del rei, de Joan Olivares.- El turrumpero T2xE11 - Cabil\u00f3R\u00e0dio","og:description":"Hui en el Turrumpero entrevistem a Joan Olivares escriptor, guanyador del premi Enric Valor de novel\u00b7la. I en el Rac\u00f3 de Tastallibres parlem del seu llibre El metge del rei un viatge pel Pa\u00eds Valenci\u00e0 en el segle XV. M\u00fasica del programa: &quot;Crema de X\u00e0tiva&quot;, El Belda i el conjunt Badabadoc Versi\u00f3 instrumental de l'acordionista","og:url":"https:\/\/elcabilo.com\/radio\/2023\/08\/14\/entrevista-a-joan-olivares-raco-de-tastallibres-el-metge-del-rei-de-joan-olivares-el-turrumpero-t2xe11\/","og:image":"https:\/\/elcabilo.com\/radio\/files\/2023\/01\/cropped-logo_radio-1.gif","og:image:secure_url":"https:\/\/elcabilo.com\/radio\/files\/2023\/01\/cropped-logo_radio-1.gif","article:published_time":"2023-08-14T07:10:52+00:00","article:modified_time":"2023-08-14T07:10:54+00:00","twitter:card":"summary_large_image","twitter:title":"Entrevista a Joan Olivares. \u2013 Rac\u00f3 de Tastallibres: El metge del rei, de Joan Olivares.- El turrumpero T2xE11 - Cabil\u00f3R\u00e0dio","twitter:description":"Hui en el Turrumpero entrevistem a Joan Olivares escriptor, guanyador del premi Enric Valor de novel\u00b7la. I en el Rac\u00f3 de Tastallibres parlem del seu llibre El metge del rei un viatge pel Pa\u00eds Valenci\u00e0 en el segle XV. M\u00fasica del programa: &quot;Crema de X\u00e0tiva&quot;, El Belda i el conjunt Badabadoc Versi\u00f3 instrumental de l'acordionista","twitter:image":"https:\/\/elcabilo.com\/radio\/files\/2023\/01\/cropped-logo_radio-1.gif"},"aioseo_meta_data":{"post_id":"2033","title":null,"description":null,"keywords":[],"keyphrases":{"focus":{"keyphrase":"","score":0,"analysis":{"keyphraseInTitle":{"score":0,"maxScore":9,"error":1}}},"additional":[]},"primary_term":null,"canonical_url":null,"og_title":null,"og_description":null,"og_object_type":"default","og_image_type":"default","og_image_url":null,"og_image_width":null,"og_image_height":null,"og_image_custom_url":null,"og_image_custom_fields":null,"og_video":"","og_custom_url":null,"og_article_section":null,"og_article_tags":[],"twitter_use_og":false,"twitter_card":"default","twitter_image_type":"default","twitter_image_url":null,"twitter_image_custom_url":null,"twitter_image_custom_fields":null,"twitter_title":null,"twitter_description":null,"schema":{"blockGraphs":[],"customGraphs":[],"default":{"data":{"Article":[],"Course":[],"Dataset":[],"FAQPage":[],"Movie":[],"Person":[],"Product":[],"ProductReview":[],"Car":[],"Recipe":[],"Service":[],"SoftwareApplication":[],"WebPage":[]},"graphName":"BlogPosting","isEnabled":true},"graphs":[]},"schema_type":"default","schema_type_options":null,"pillar_content":false,"robots_default":true,"robots_noindex":false,"robots_noarchive":false,"robots_nosnippet":false,"robots_nofollow":false,"robots_noimageindex":false,"robots_noodp":false,"robots_notranslate":false,"robots_max_snippet":"-1","robots_max_videopreview":"-1","robots_max_imagepreview":"large","priority":null,"frequency":"default","local_seo":null,"breadcrumb_settings":null,"limit_modified_date":false,"ai":null,"created":"2023-08-14 07:09:40","updated":"2025-06-08 20:42:53","seo_analyzer_scan_date":null,"focus_keyword":null,"additional_keywords":null,"truseo_locale":null},"aioseo_breadcrumb":"<div class=\"aioseo-breadcrumbs\"><span class=\"aioseo-breadcrumb\">\n\t\t\t<a href=\"https:\/\/elcabilo.com\/radio\" title=\"Home\">Home<\/a>\n\t\t<\/span><span class=\"aioseo-breadcrumb-separator\">&raquo;<\/span><span class=\"aioseo-breadcrumb\">\n\t\t\t<a href=\"https:\/\/elcabilo.com\/radio\/category\/sin-categoria\/\" title=\"Cabil\u00f3 R\u00e0dio\">Cabil\u00f3 R\u00e0dio<\/a>\n\t\t<\/span><span class=\"aioseo-breadcrumb-separator\">&raquo;<\/span><span class=\"aioseo-breadcrumb\">\n\t\t\tEntrevista a Joan Olivares. \u2013 Rac\u00f3 de Tastallibres: El metge del rei, de Joan Olivares.- El turrumpero T2xE11\n\t\t<\/span><\/div>","aioseo_breadcrumb_json":[{"label":"Home","link":"https:\/\/elcabilo.com\/radio"},{"label":"Cabil\u00f3 R\u00e0dio","link":"https:\/\/elcabilo.com\/radio\/category\/sin-categoria\/"},{"label":"Entrevista a Joan Olivares. \u2013 Rac\u00f3 de Tastallibres: El metge del rei, de Joan Olivares.- El turrumpero T2xE11","link":"https:\/\/elcabilo.com\/radio\/2023\/08\/14\/entrevista-a-joan-olivares-raco-de-tastallibres-el-metge-del-rei-de-joan-olivares-el-turrumpero-t2xe11\/"}],"_links":{"self":[{"href":"https:\/\/elcabilo.com\/radio\/wp-json\/wp\/v2\/posts\/2033","targetHints":{"allow":["GET"]}}],"collection":[{"href":"https:\/\/elcabilo.com\/radio\/wp-json\/wp\/v2\/posts"}],"about":[{"href":"https:\/\/elcabilo.com\/radio\/wp-json\/wp\/v2\/types\/post"}],"author":[{"embeddable":true,"href":"https:\/\/elcabilo.com\/radio\/wp-json\/wp\/v2\/users\/272"}],"replies":[{"embeddable":true,"href":"https:\/\/elcabilo.com\/radio\/wp-json\/wp\/v2\/comments?post=2033"}],"version-history":[{"count":2,"href":"https:\/\/elcabilo.com\/radio\/wp-json\/wp\/v2\/posts\/2033\/revisions"}],"predecessor-version":[{"id":2036,"href":"https:\/\/elcabilo.com\/radio\/wp-json\/wp\/v2\/posts\/2033\/revisions\/2036"}],"wp:featuredmedia":[{"embeddable":true,"href":"https:\/\/elcabilo.com\/radio\/wp-json\/wp\/v2\/media\/2034"}],"wp:attachment":[{"href":"https:\/\/elcabilo.com\/radio\/wp-json\/wp\/v2\/media?parent=2033"}],"wp:term":[{"taxonomy":"category","embeddable":true,"href":"https:\/\/elcabilo.com\/radio\/wp-json\/wp\/v2\/categories?post=2033"},{"taxonomy":"post_tag","embeddable":true,"href":"https:\/\/elcabilo.com\/radio\/wp-json\/wp\/v2\/tags?post=2033"}],"curies":[{"name":"wp","href":"https:\/\/api.w.org\/{rel}","templated":true}]}}