{"id":2045,"date":"2023-12-14T16:57:38","date_gmt":"2023-12-14T15:57:38","guid":{"rendered":"https:\/\/elcabilo.com\/radio\/?p=2045"},"modified":"2023-12-14T16:57:40","modified_gmt":"2023-12-14T15:57:40","slug":"raco-de-tastallibres-les-nostres-mares-de-gemma-ruiz-pala-el-turrumpero-t2xe14","status":"publish","type":"post","link":"https:\/\/elcabilo.com\/radio\/2023\/12\/14\/raco-de-tastallibres-les-nostres-mares-de-gemma-ruiz-pala-el-turrumpero-t2xe14\/","title":{"rendered":"Rac\u00f3 de Tastallibres: Les nostres mares, de Gemma Ruiz Pal\u00e0.- El turrumpero T2xE14"},"content":{"rendered":"\n<p class=\"wp-block-paragraph\">Ac\u00ed us deixem l&#8217;\u00faltim programa del Rac\u00f3 de Tastallibres, on recordem l&#8217;homenatge que li vam fer a la nostra companya Ernes, aquell mat\u00ed de tertulia. Ella podria haver sigut una de les protagonistes del llibre<strong> Les nostres mares<\/strong>, un recull d&#8217;hist\u00f2ries escrit per Gemma Ruiz Pal\u00e0, on les dones son les protagonistes. Un llibre que ens va donar per a parlar de la nostra relaci\u00f3 amb les nostres mares, de les nostres exig\u00e8ncies com a filles, de la nostra falta de visi\u00f3 o no, a l&#8217;hora de veure-les com a dones, de les nostres coses de \u00abxiques\u00bb &#8230;Este llibre \u00e9s una manera d&#8217;acostar-se al \u00abclan de la cicatriu\u00bb per a descobrir quant mirem i sabem de les hero\u00efnes de la nostra hist\u00f2ria. Quant sabem de nosaltres mateixos. Sense m\u00e9s, comencem&#8230;<\/p>\n\n\n\n<figure class=\"wp-block-embed is-type-wp-embed is-provider-anchor-fm-inc wp-block-embed-anchor-fm-inc wp-embed-aspect-21-9 wp-has-aspect-ratio\"><div class=\"wp-block-embed__wrapper\">\n<iframe loading=\"lazy\" class=\"wp-embedded-content\" sandbox=\"allow-scripts\" security=\"restricted\" title=\"El rac\u00f3 de Tastallibres: Les nostres mares, de Gemma Ruiz Pal\u00e0 T2xE14 by El Turrumpero\" src=\"https:\/\/anchor.fm\/cabiloradio\/embed\/episodes\/El-rac-de-Tastallibres-Les-nostres-mares--de-Gemma-Ruiz-Pal-T2xE14-e2d8c51#?secret=2wfEWk7Y0f\" data-secret=\"2wfEWk7Y0f\" height=\"102px\" width=\"400px\" frameborder=\"0\" scrolling=\"no\"><\/iframe>\n<\/div><\/figure>\n","protected":false},"excerpt":{"rendered":"<p>Ac\u00ed us deixem l&#8217;\u00faltim programa del Rac\u00f3 de Tastallibres, on recordem l&#8217;homenatge que li vam fer a la nostra companya Ernes, aquell mat\u00ed de tertulia. Ella podria haver sigut una de les protagonistes del llibre Les nostres mares, un recull d&#8217;hist\u00f2ries escrit per Gemma Ruiz Pal\u00e0, on les dones son les protagonistes. Un llibre que [&hellip;]<\/p>\n","protected":false},"author":272,"featured_media":2046,"comment_status":"open","ping_status":"open","sticky":false,"template":"","format":"standard","meta":{"_exactmetrics_skip_tracking":false,"footnotes":""},"categories":[1,28],"tags":[],"class_list":["post-2045","post","type-post","status-publish","format-standard","has-post-thumbnail","hentry","category-sin-categoria","category-el-turrumpero"],"aioseo_notices":[],"aioseo_head":"\n\t\t<!-- All in One SEO 5.0.1 - aioseo.com -->\n\t<meta name=\"description\" content=\"Ac\u00ed us deixem l&#039;\u00faltim programa del Rac\u00f3 de Tastallibres, on recordem l&#039;homenatge que li vam fer a la nostra companya Ernes, aquell mat\u00ed de tertulia. Ella podria haver sigut una de les protagonistes del llibre Les nostres mares, un recull d&#039;hist\u00f2ries escrit per Gemma Ruiz Pal\u00e0, on les dones son les protagonistes. Un llibre que\" \/>\n\t<meta name=\"robots\" content=\"max-image-preview:large\" \/>\n\t<meta name=\"author\" content=\"radio\"\/>\n\t<link rel=\"canonical\" href=\"https:\/\/elcabilo.com\/radio\/2023\/12\/14\/raco-de-tastallibres-les-nostres-mares-de-gemma-ruiz-pala-el-turrumpero-t2xe14\/\" \/>\n\t<meta name=\"generator\" content=\"All in One SEO (AIOSEO) 5.0.1\" \/>\n\t\t<meta property=\"og:locale\" content=\"ca_ES\" \/>\n\t\t<meta property=\"og:site_name\" content=\"Cabil\u00f3R\u00e0dio - La r\u00e0dio online de Sella\" \/>\n\t\t<meta property=\"og:type\" content=\"article\" \/>\n\t\t<meta property=\"og:title\" content=\"Rac\u00f3 de Tastallibres: Les nostres mares, de Gemma Ruiz Pal\u00e0.- El turrumpero T2xE14 - Cabil\u00f3R\u00e0dio\" \/>\n\t\t<meta property=\"og:description\" content=\"Ac\u00ed us deixem l&#039;\u00faltim programa del Rac\u00f3 de Tastallibres, on recordem l&#039;homenatge que li vam fer a la nostra companya Ernes, aquell mat\u00ed de tertulia. Ella podria haver sigut una de les protagonistes del llibre Les nostres mares, un recull d&#039;hist\u00f2ries escrit per Gemma Ruiz Pal\u00e0, on les dones son les protagonistes. Un llibre que\" \/>\n\t\t<meta property=\"og:url\" content=\"https:\/\/elcabilo.com\/radio\/2023\/12\/14\/raco-de-tastallibres-les-nostres-mares-de-gemma-ruiz-pala-el-turrumpero-t2xe14\/\" \/>\n\t\t<meta property=\"og:image\" content=\"https:\/\/elcabilo.com\/radio\/files\/2023\/01\/cropped-logo_radio-1.gif\" \/>\n\t\t<meta property=\"og:image:secure_url\" content=\"https:\/\/elcabilo.com\/radio\/files\/2023\/01\/cropped-logo_radio-1.gif\" \/>\n\t\t<meta property=\"article:published_time\" content=\"2023-12-14T15:57:38+00:00\" \/>\n\t\t<meta property=\"article:modified_time\" content=\"2023-12-14T15:57:40+00:00\" \/>\n\t\t<meta name=\"twitter:card\" content=\"summary_large_image\" \/>\n\t\t<meta name=\"twitter:title\" content=\"Rac\u00f3 de Tastallibres: Les nostres mares, de Gemma Ruiz Pal\u00e0.- El turrumpero T2xE14 - Cabil\u00f3R\u00e0dio\" \/>\n\t\t<meta name=\"twitter:description\" content=\"Ac\u00ed us deixem l&#039;\u00faltim programa del Rac\u00f3 de Tastallibres, on recordem l&#039;homenatge que li vam fer a la nostra companya Ernes, aquell mat\u00ed de tertulia. Ella podria haver sigut una de les protagonistes del llibre Les nostres mares, un recull d&#039;hist\u00f2ries escrit per Gemma Ruiz Pal\u00e0, on les dones son les protagonistes. Un llibre que\" \/>\n\t\t<meta name=\"twitter:image\" content=\"https:\/\/elcabilo.com\/radio\/files\/2023\/01\/cropped-logo_radio-1.gif\" \/>\n\t\t<script type=\"application\/ld+json\" class=\"aioseo-schema\">\n\t\t\t{\"@context\":\"https:\\\/\\\/schema.org\",\"@graph\":[{\"@type\":\"BlogPosting\",\"@id\":\"https:\\\/\\\/elcabilo.com\\\/radio\\\/2023\\\/12\\\/14\\\/raco-de-tastallibres-les-nostres-mares-de-gemma-ruiz-pala-el-turrumpero-t2xe14\\\/#blogposting\",\"name\":\"Rac\\u00f3 de Tastallibres: Les nostres mares, de Gemma Ruiz Pal\\u00e0.- El turrumpero T2xE14 - Cabil\\u00f3R\\u00e0dio\",\"headline\":\"Rac\\u00f3 de Tastallibres: Les nostres mares, de Gemma Ruiz Pal\\u00e0.- El turrumpero T2xE14\",\"author\":{\"@id\":\"https:\\\/\\\/elcabilo.com\\\/radio\\\/author\\\/radio\\\/#author\"},\"publisher\":{\"@id\":\"https:\\\/\\\/elcabilo.com\\\/radio\\\/#organization\"},\"image\":{\"@type\":\"ImageObject\",\"url\":\"https:\\\/\\\/elcabilo.com\\\/radio\\\/files\\\/2023\\\/12\\\/imagen-reajustada-les-nostres-mares.jpg\",\"width\":1000,\"height\":800,\"caption\":\"smart\"},\"datePublished\":\"2023-12-14T16:57:38+01:00\",\"dateModified\":\"2023-12-14T16:57:40+01:00\",\"inLanguage\":\"ca\",\"commentCount\":2,\"mainEntityOfPage\":{\"@id\":\"https:\\\/\\\/elcabilo.com\\\/radio\\\/2023\\\/12\\\/14\\\/raco-de-tastallibres-les-nostres-mares-de-gemma-ruiz-pala-el-turrumpero-t2xe14\\\/#webpage\"},\"isPartOf\":{\"@id\":\"https:\\\/\\\/elcabilo.com\\\/radio\\\/2023\\\/12\\\/14\\\/raco-de-tastallibres-les-nostres-mares-de-gemma-ruiz-pala-el-turrumpero-t2xe14\\\/#webpage\"},\"articleSection\":\"Cabil\\u00f3 R\\u00e0dio, El Turrumpero\"},{\"@type\":\"BreadcrumbList\",\"@id\":\"https:\\\/\\\/elcabilo.com\\\/radio\\\/2023\\\/12\\\/14\\\/raco-de-tastallibres-les-nostres-mares-de-gemma-ruiz-pala-el-turrumpero-t2xe14\\\/#breadcrumblist\",\"itemListElement\":[{\"@type\":\"ListItem\",\"@id\":\"https:\\\/\\\/elcabilo.com\\\/radio#listItem\",\"position\":1,\"name\":\"Home\",\"item\":\"https:\\\/\\\/elcabilo.com\\\/radio\",\"nextItem\":{\"@type\":\"ListItem\",\"@id\":\"https:\\\/\\\/elcabilo.com\\\/radio\\\/category\\\/sin-categoria\\\/#listItem\",\"name\":\"Cabil\\u00f3 R\\u00e0dio\"}},{\"@type\":\"ListItem\",\"@id\":\"https:\\\/\\\/elcabilo.com\\\/radio\\\/category\\\/sin-categoria\\\/#listItem\",\"position\":2,\"name\":\"Cabil\\u00f3 R\\u00e0dio\",\"item\":\"https:\\\/\\\/elcabilo.com\\\/radio\\\/category\\\/sin-categoria\\\/\",\"nextItem\":{\"@type\":\"ListItem\",\"@id\":\"https:\\\/\\\/elcabilo.com\\\/radio\\\/2023\\\/12\\\/14\\\/raco-de-tastallibres-les-nostres-mares-de-gemma-ruiz-pala-el-turrumpero-t2xe14\\\/#listItem\",\"name\":\"Rac\\u00f3 de Tastallibres: Les nostres mares, de Gemma Ruiz Pal\\u00e0.- El turrumpero T2xE14\"},\"previousItem\":{\"@type\":\"ListItem\",\"@id\":\"https:\\\/\\\/elcabilo.com\\\/radio#listItem\",\"name\":\"Home\"}},{\"@type\":\"ListItem\",\"@id\":\"https:\\\/\\\/elcabilo.com\\\/radio\\\/2023\\\/12\\\/14\\\/raco-de-tastallibres-les-nostres-mares-de-gemma-ruiz-pala-el-turrumpero-t2xe14\\\/#listItem\",\"position\":3,\"name\":\"Rac\\u00f3 de Tastallibres: Les nostres mares, de Gemma Ruiz Pal\\u00e0.- El turrumpero T2xE14\",\"previousItem\":{\"@type\":\"ListItem\",\"@id\":\"https:\\\/\\\/elcabilo.com\\\/radio\\\/category\\\/sin-categoria\\\/#listItem\",\"name\":\"Cabil\\u00f3 R\\u00e0dio\"}}]},{\"@type\":\"Organization\",\"@id\":\"https:\\\/\\\/elcabilo.com\\\/radio\\\/#organization\",\"name\":\"Cabil\\u00f3 R\\u00e0dio\",\"description\":\"La r\\u00e0dio online de Sella\",\"url\":\"https:\\\/\\\/elcabilo.com\\\/radio\\\/\",\"logo\":{\"@type\":\"ImageObject\",\"url\":\"https:\\\/\\\/elcabilo.com\\\/radio\\\/files\\\/2023\\\/01\\\/cropped-logo_radio-1.gif\",\"@id\":\"https:\\\/\\\/elcabilo.com\\\/radio\\\/2023\\\/12\\\/14\\\/raco-de-tastallibres-les-nostres-mares-de-gemma-ruiz-pala-el-turrumpero-t2xe14\\\/#organizationLogo\",\"width\":250,\"height\":50},\"image\":{\"@id\":\"https:\\\/\\\/elcabilo.com\\\/radio\\\/2023\\\/12\\\/14\\\/raco-de-tastallibres-les-nostres-mares-de-gemma-ruiz-pala-el-turrumpero-t2xe14\\\/#organizationLogo\"}},{\"@type\":\"Person\",\"@id\":\"https:\\\/\\\/elcabilo.com\\\/radio\\\/author\\\/radio\\\/#author\",\"url\":\"https:\\\/\\\/elcabilo.com\\\/radio\\\/author\\\/radio\\\/\",\"name\":\"radio\",\"image\":{\"@type\":\"ImageObject\",\"@id\":\"https:\\\/\\\/elcabilo.com\\\/radio\\\/2023\\\/12\\\/14\\\/raco-de-tastallibres-les-nostres-mares-de-gemma-ruiz-pala-el-turrumpero-t2xe14\\\/#authorImage\",\"url\":\"https:\\\/\\\/secure.gravatar.com\\\/avatar\\\/bb687b465db46b8e9255d0921cc346091032a91fe77f93721088d5decb8a2d1a?s=96&d=mm&r=g\",\"width\":96,\"height\":96,\"caption\":\"radio\"}},{\"@type\":\"WebPage\",\"@id\":\"https:\\\/\\\/elcabilo.com\\\/radio\\\/2023\\\/12\\\/14\\\/raco-de-tastallibres-les-nostres-mares-de-gemma-ruiz-pala-el-turrumpero-t2xe14\\\/#webpage\",\"url\":\"https:\\\/\\\/elcabilo.com\\\/radio\\\/2023\\\/12\\\/14\\\/raco-de-tastallibres-les-nostres-mares-de-gemma-ruiz-pala-el-turrumpero-t2xe14\\\/\",\"name\":\"Rac\\u00f3 de Tastallibres: Les nostres mares, de Gemma Ruiz Pal\\u00e0.- El turrumpero T2xE14 - Cabil\\u00f3R\\u00e0dio\",\"description\":\"Ac\\u00ed us deixem l'\\u00faltim programa del Rac\\u00f3 de Tastallibres, on recordem l'homenatge que li vam fer a la nostra companya Ernes, aquell mat\\u00ed de tertulia. Ella podria haver sigut una de les protagonistes del llibre Les nostres mares, un recull d'hist\\u00f2ries escrit per Gemma Ruiz Pal\\u00e0, on les dones son les protagonistes. Un llibre que\",\"inLanguage\":\"ca\",\"isPartOf\":{\"@id\":\"https:\\\/\\\/elcabilo.com\\\/radio\\\/#website\"},\"breadcrumb\":{\"@id\":\"https:\\\/\\\/elcabilo.com\\\/radio\\\/2023\\\/12\\\/14\\\/raco-de-tastallibres-les-nostres-mares-de-gemma-ruiz-pala-el-turrumpero-t2xe14\\\/#breadcrumblist\"},\"author\":{\"@id\":\"https:\\\/\\\/elcabilo.com\\\/radio\\\/author\\\/radio\\\/#author\"},\"creator\":{\"@id\":\"https:\\\/\\\/elcabilo.com\\\/radio\\\/author\\\/radio\\\/#author\"},\"image\":{\"@type\":\"ImageObject\",\"url\":\"https:\\\/\\\/elcabilo.com\\\/radio\\\/files\\\/2023\\\/12\\\/imagen-reajustada-les-nostres-mares.jpg\",\"@id\":\"https:\\\/\\\/elcabilo.com\\\/radio\\\/2023\\\/12\\\/14\\\/raco-de-tastallibres-les-nostres-mares-de-gemma-ruiz-pala-el-turrumpero-t2xe14\\\/#mainImage\",\"width\":1000,\"height\":800,\"caption\":\"smart\"},\"primaryImageOfPage\":{\"@id\":\"https:\\\/\\\/elcabilo.com\\\/radio\\\/2023\\\/12\\\/14\\\/raco-de-tastallibres-les-nostres-mares-de-gemma-ruiz-pala-el-turrumpero-t2xe14\\\/#mainImage\"},\"datePublished\":\"2023-12-14T16:57:38+01:00\",\"dateModified\":\"2023-12-14T16:57:40+01:00\"},{\"@type\":\"WebSite\",\"@id\":\"https:\\\/\\\/elcabilo.com\\\/radio\\\/#website\",\"url\":\"https:\\\/\\\/elcabilo.com\\\/radio\\\/\",\"name\":\"Cabil\\u00f3 R\\u00e0dio\",\"description\":\"La r\\u00e0dio online de Sella\",\"inLanguage\":\"ca\",\"publisher\":{\"@id\":\"https:\\\/\\\/elcabilo.com\\\/radio\\\/#organization\"}}]}\n\t\t<\/script>\n\t\t<!-- All in One SEO -->\n\n","aioseo_head_json":{"title":"Rac\u00f3 de Tastallibres: Les nostres mares, de Gemma Ruiz Pal\u00e0.- El turrumpero T2xE14 - Cabil\u00f3R\u00e0dio","description":"Ac\u00ed us deixem l'\u00faltim programa del Rac\u00f3 de Tastallibres, on recordem l'homenatge que li vam fer a la nostra companya Ernes, aquell mat\u00ed de tertulia. Ella podria haver sigut una de les protagonistes del llibre Les nostres mares, un recull d'hist\u00f2ries escrit per Gemma Ruiz Pal\u00e0, on les dones son les protagonistes. Un llibre que","canonical_url":"https:\/\/elcabilo.com\/radio\/2023\/12\/14\/raco-de-tastallibres-les-nostres-mares-de-gemma-ruiz-pala-el-turrumpero-t2xe14\/","robots":"max-image-preview:large","keywords":"","webmasterTools":{"miscellaneous":""},"schema":{"@context":"https:\/\/schema.org","@graph":[{"@type":"BlogPosting","@id":"https:\/\/elcabilo.com\/radio\/2023\/12\/14\/raco-de-tastallibres-les-nostres-mares-de-gemma-ruiz-pala-el-turrumpero-t2xe14\/#blogposting","name":"Rac\u00f3 de Tastallibres: Les nostres mares, de Gemma Ruiz Pal\u00e0.- El turrumpero T2xE14 - Cabil\u00f3R\u00e0dio","headline":"Rac\u00f3 de Tastallibres: Les nostres mares, de Gemma Ruiz Pal\u00e0.- El turrumpero T2xE14","author":{"@id":"https:\/\/elcabilo.com\/radio\/author\/radio\/#author"},"publisher":{"@id":"https:\/\/elcabilo.com\/radio\/#organization"},"image":{"@type":"ImageObject","url":"https:\/\/elcabilo.com\/radio\/files\/2023\/12\/imagen-reajustada-les-nostres-mares.jpg","width":1000,"height":800,"caption":"smart"},"datePublished":"2023-12-14T16:57:38+01:00","dateModified":"2023-12-14T16:57:40+01:00","inLanguage":"ca","commentCount":2,"mainEntityOfPage":{"@id":"https:\/\/elcabilo.com\/radio\/2023\/12\/14\/raco-de-tastallibres-les-nostres-mares-de-gemma-ruiz-pala-el-turrumpero-t2xe14\/#webpage"},"isPartOf":{"@id":"https:\/\/elcabilo.com\/radio\/2023\/12\/14\/raco-de-tastallibres-les-nostres-mares-de-gemma-ruiz-pala-el-turrumpero-t2xe14\/#webpage"},"articleSection":"Cabil\u00f3 R\u00e0dio, El Turrumpero"},{"@type":"BreadcrumbList","@id":"https:\/\/elcabilo.com\/radio\/2023\/12\/14\/raco-de-tastallibres-les-nostres-mares-de-gemma-ruiz-pala-el-turrumpero-t2xe14\/#breadcrumblist","itemListElement":[{"@type":"ListItem","@id":"https:\/\/elcabilo.com\/radio#listItem","position":1,"name":"Home","item":"https:\/\/elcabilo.com\/radio","nextItem":{"@type":"ListItem","@id":"https:\/\/elcabilo.com\/radio\/category\/sin-categoria\/#listItem","name":"Cabil\u00f3 R\u00e0dio"}},{"@type":"ListItem","@id":"https:\/\/elcabilo.com\/radio\/category\/sin-categoria\/#listItem","position":2,"name":"Cabil\u00f3 R\u00e0dio","item":"https:\/\/elcabilo.com\/radio\/category\/sin-categoria\/","nextItem":{"@type":"ListItem","@id":"https:\/\/elcabilo.com\/radio\/2023\/12\/14\/raco-de-tastallibres-les-nostres-mares-de-gemma-ruiz-pala-el-turrumpero-t2xe14\/#listItem","name":"Rac\u00f3 de Tastallibres: Les nostres mares, de Gemma Ruiz Pal\u00e0.- El turrumpero T2xE14"},"previousItem":{"@type":"ListItem","@id":"https:\/\/elcabilo.com\/radio#listItem","name":"Home"}},{"@type":"ListItem","@id":"https:\/\/elcabilo.com\/radio\/2023\/12\/14\/raco-de-tastallibres-les-nostres-mares-de-gemma-ruiz-pala-el-turrumpero-t2xe14\/#listItem","position":3,"name":"Rac\u00f3 de Tastallibres: Les nostres mares, de Gemma Ruiz Pal\u00e0.- El turrumpero T2xE14","previousItem":{"@type":"ListItem","@id":"https:\/\/elcabilo.com\/radio\/category\/sin-categoria\/#listItem","name":"Cabil\u00f3 R\u00e0dio"}}]},{"@type":"Organization","@id":"https:\/\/elcabilo.com\/radio\/#organization","name":"Cabil\u00f3 R\u00e0dio","description":"La r\u00e0dio online de Sella","url":"https:\/\/elcabilo.com\/radio\/","logo":{"@type":"ImageObject","url":"https:\/\/elcabilo.com\/radio\/files\/2023\/01\/cropped-logo_radio-1.gif","@id":"https:\/\/elcabilo.com\/radio\/2023\/12\/14\/raco-de-tastallibres-les-nostres-mares-de-gemma-ruiz-pala-el-turrumpero-t2xe14\/#organizationLogo","width":250,"height":50},"image":{"@id":"https:\/\/elcabilo.com\/radio\/2023\/12\/14\/raco-de-tastallibres-les-nostres-mares-de-gemma-ruiz-pala-el-turrumpero-t2xe14\/#organizationLogo"}},{"@type":"Person","@id":"https:\/\/elcabilo.com\/radio\/author\/radio\/#author","url":"https:\/\/elcabilo.com\/radio\/author\/radio\/","name":"radio","image":{"@type":"ImageObject","@id":"https:\/\/elcabilo.com\/radio\/2023\/12\/14\/raco-de-tastallibres-les-nostres-mares-de-gemma-ruiz-pala-el-turrumpero-t2xe14\/#authorImage","url":"https:\/\/secure.gravatar.com\/avatar\/bb687b465db46b8e9255d0921cc346091032a91fe77f93721088d5decb8a2d1a?s=96&d=mm&r=g","width":96,"height":96,"caption":"radio"}},{"@type":"WebPage","@id":"https:\/\/elcabilo.com\/radio\/2023\/12\/14\/raco-de-tastallibres-les-nostres-mares-de-gemma-ruiz-pala-el-turrumpero-t2xe14\/#webpage","url":"https:\/\/elcabilo.com\/radio\/2023\/12\/14\/raco-de-tastallibres-les-nostres-mares-de-gemma-ruiz-pala-el-turrumpero-t2xe14\/","name":"Rac\u00f3 de Tastallibres: Les nostres mares, de Gemma Ruiz Pal\u00e0.- El turrumpero T2xE14 - Cabil\u00f3R\u00e0dio","description":"Ac\u00ed us deixem l'\u00faltim programa del Rac\u00f3 de Tastallibres, on recordem l'homenatge que li vam fer a la nostra companya Ernes, aquell mat\u00ed de tertulia. Ella podria haver sigut una de les protagonistes del llibre Les nostres mares, un recull d'hist\u00f2ries escrit per Gemma Ruiz Pal\u00e0, on les dones son les protagonistes. Un llibre que","inLanguage":"ca","isPartOf":{"@id":"https:\/\/elcabilo.com\/radio\/#website"},"breadcrumb":{"@id":"https:\/\/elcabilo.com\/radio\/2023\/12\/14\/raco-de-tastallibres-les-nostres-mares-de-gemma-ruiz-pala-el-turrumpero-t2xe14\/#breadcrumblist"},"author":{"@id":"https:\/\/elcabilo.com\/radio\/author\/radio\/#author"},"creator":{"@id":"https:\/\/elcabilo.com\/radio\/author\/radio\/#author"},"image":{"@type":"ImageObject","url":"https:\/\/elcabilo.com\/radio\/files\/2023\/12\/imagen-reajustada-les-nostres-mares.jpg","@id":"https:\/\/elcabilo.com\/radio\/2023\/12\/14\/raco-de-tastallibres-les-nostres-mares-de-gemma-ruiz-pala-el-turrumpero-t2xe14\/#mainImage","width":1000,"height":800,"caption":"smart"},"primaryImageOfPage":{"@id":"https:\/\/elcabilo.com\/radio\/2023\/12\/14\/raco-de-tastallibres-les-nostres-mares-de-gemma-ruiz-pala-el-turrumpero-t2xe14\/#mainImage"},"datePublished":"2023-12-14T16:57:38+01:00","dateModified":"2023-12-14T16:57:40+01:00"},{"@type":"WebSite","@id":"https:\/\/elcabilo.com\/radio\/#website","url":"https:\/\/elcabilo.com\/radio\/","name":"Cabil\u00f3 R\u00e0dio","description":"La r\u00e0dio online de Sella","inLanguage":"ca","publisher":{"@id":"https:\/\/elcabilo.com\/radio\/#organization"}}]},"og:locale":"ca_ES","og:site_name":"Cabil\u00f3R\u00e0dio - La r\u00e0dio online de Sella","og:type":"article","og:title":"Rac\u00f3 de Tastallibres: Les nostres mares, de Gemma Ruiz Pal\u00e0.- El turrumpero T2xE14 - Cabil\u00f3R\u00e0dio","og:description":"Ac\u00ed us deixem l'\u00faltim programa del Rac\u00f3 de Tastallibres, on recordem l'homenatge que li vam fer a la nostra companya Ernes, aquell mat\u00ed de tertulia. Ella podria haver sigut una de les protagonistes del llibre Les nostres mares, un recull d'hist\u00f2ries escrit per Gemma Ruiz Pal\u00e0, on les dones son les protagonistes. Un llibre que","og:url":"https:\/\/elcabilo.com\/radio\/2023\/12\/14\/raco-de-tastallibres-les-nostres-mares-de-gemma-ruiz-pala-el-turrumpero-t2xe14\/","og:image":"https:\/\/elcabilo.com\/radio\/files\/2023\/01\/cropped-logo_radio-1.gif","og:image:secure_url":"https:\/\/elcabilo.com\/radio\/files\/2023\/01\/cropped-logo_radio-1.gif","article:published_time":"2023-12-14T15:57:38+00:00","article:modified_time":"2023-12-14T15:57:40+00:00","twitter:card":"summary_large_image","twitter:title":"Rac\u00f3 de Tastallibres: Les nostres mares, de Gemma Ruiz Pal\u00e0.- El turrumpero T2xE14 - Cabil\u00f3R\u00e0dio","twitter:description":"Ac\u00ed us deixem l'\u00faltim programa del Rac\u00f3 de Tastallibres, on recordem l'homenatge que li vam fer a la nostra companya Ernes, aquell mat\u00ed de tertulia. Ella podria haver sigut una de les protagonistes del llibre Les nostres mares, un recull d'hist\u00f2ries escrit per Gemma Ruiz Pal\u00e0, on les dones son les protagonistes. Un llibre que","twitter:image":"https:\/\/elcabilo.com\/radio\/files\/2023\/01\/cropped-logo_radio-1.gif"},"aioseo_meta_data":{"post_id":"2045","title":null,"description":null,"keywords":[],"keyphrases":{"focus":{"keyphrase":"","score":0,"analysis":{"keyphraseInTitle":{"score":0,"maxScore":9,"error":1}}},"additional":[]},"primary_term":null,"canonical_url":null,"og_title":null,"og_description":null,"og_object_type":"default","og_image_type":"default","og_image_url":null,"og_image_width":null,"og_image_height":null,"og_image_custom_url":null,"og_image_custom_fields":null,"og_video":"","og_custom_url":null,"og_article_section":null,"og_article_tags":[],"twitter_use_og":false,"twitter_card":"default","twitter_image_type":"default","twitter_image_url":null,"twitter_image_custom_url":null,"twitter_image_custom_fields":null,"twitter_title":null,"twitter_description":null,"schema":{"blockGraphs":[],"customGraphs":[],"default":{"data":{"Article":[],"Course":[],"Dataset":[],"FAQPage":[],"Movie":[],"Person":[],"Product":[],"ProductReview":[],"Car":[],"Recipe":[],"Service":[],"SoftwareApplication":[],"WebPage":[]},"graphName":"BlogPosting","isEnabled":true},"graphs":[]},"schema_type":"default","schema_type_options":null,"pillar_content":false,"robots_default":true,"robots_noindex":false,"robots_noarchive":false,"robots_nosnippet":false,"robots_nofollow":false,"robots_noimageindex":false,"robots_noodp":false,"robots_notranslate":false,"robots_max_snippet":"-1","robots_max_videopreview":"-1","robots_max_imagepreview":"large","priority":null,"frequency":"default","local_seo":null,"breadcrumb_settings":null,"limit_modified_date":false,"ai":null,"created":"2023-12-14 15:57:40","updated":"2025-06-08 20:42:53","seo_analyzer_scan_date":null,"focus_keyword":null,"additional_keywords":null,"truseo_locale":null},"aioseo_breadcrumb":"<div class=\"aioseo-breadcrumbs\"><span class=\"aioseo-breadcrumb\">\n\t\t\t<a href=\"https:\/\/elcabilo.com\/radio\" title=\"Home\">Home<\/a>\n\t\t<\/span><span class=\"aioseo-breadcrumb-separator\">&raquo;<\/span><span class=\"aioseo-breadcrumb\">\n\t\t\t<a href=\"https:\/\/elcabilo.com\/radio\/category\/sin-categoria\/\" title=\"Cabil\u00f3 R\u00e0dio\">Cabil\u00f3 R\u00e0dio<\/a>\n\t\t<\/span><span class=\"aioseo-breadcrumb-separator\">&raquo;<\/span><span class=\"aioseo-breadcrumb\">\n\t\t\tRac\u00f3 de Tastallibres: Les nostres mares, de Gemma Ruiz Pal\u00e0.- El turrumpero T2xE14\n\t\t<\/span><\/div>","aioseo_breadcrumb_json":[{"label":"Home","link":"https:\/\/elcabilo.com\/radio"},{"label":"Cabil\u00f3 R\u00e0dio","link":"https:\/\/elcabilo.com\/radio\/category\/sin-categoria\/"},{"label":"Rac\u00f3 de Tastallibres: Les nostres mares, de Gemma Ruiz Pal\u00e0.- El turrumpero T2xE14","link":"https:\/\/elcabilo.com\/radio\/2023\/12\/14\/raco-de-tastallibres-les-nostres-mares-de-gemma-ruiz-pala-el-turrumpero-t2xe14\/"}],"_links":{"self":[{"href":"https:\/\/elcabilo.com\/radio\/wp-json\/wp\/v2\/posts\/2045","targetHints":{"allow":["GET"]}}],"collection":[{"href":"https:\/\/elcabilo.com\/radio\/wp-json\/wp\/v2\/posts"}],"about":[{"href":"https:\/\/elcabilo.com\/radio\/wp-json\/wp\/v2\/types\/post"}],"author":[{"embeddable":true,"href":"https:\/\/elcabilo.com\/radio\/wp-json\/wp\/v2\/users\/272"}],"replies":[{"embeddable":true,"href":"https:\/\/elcabilo.com\/radio\/wp-json\/wp\/v2\/comments?post=2045"}],"version-history":[{"count":1,"href":"https:\/\/elcabilo.com\/radio\/wp-json\/wp\/v2\/posts\/2045\/revisions"}],"predecessor-version":[{"id":2047,"href":"https:\/\/elcabilo.com\/radio\/wp-json\/wp\/v2\/posts\/2045\/revisions\/2047"}],"wp:featuredmedia":[{"embeddable":true,"href":"https:\/\/elcabilo.com\/radio\/wp-json\/wp\/v2\/media\/2046"}],"wp:attachment":[{"href":"https:\/\/elcabilo.com\/radio\/wp-json\/wp\/v2\/media?parent=2045"}],"wp:term":[{"taxonomy":"category","embeddable":true,"href":"https:\/\/elcabilo.com\/radio\/wp-json\/wp\/v2\/categories?post=2045"},{"taxonomy":"post_tag","embeddable":true,"href":"https:\/\/elcabilo.com\/radio\/wp-json\/wp\/v2\/tags?post=2045"}],"curies":[{"name":"wp","href":"https:\/\/api.w.org\/{rel}","templated":true}]}}