{"id":2050,"date":"2024-01-16T16:39:48","date_gmt":"2024-01-16T15:39:48","guid":{"rendered":"https:\/\/elcabilo.com\/radio\/?p=2050"},"modified":"2024-01-16T16:39:50","modified_gmt":"2024-01-16T15:39:50","slug":"entrevista-a-jesus-moncho-raco-de-tastallibres-la-taverna-del-negre-de-jesus-moncho-el-turrumpero-t2xe15","status":"publish","type":"post","link":"https:\/\/elcabilo.com\/radio\/2024\/01\/16\/entrevista-a-jesus-moncho-raco-de-tastallibres-la-taverna-del-negre-de-jesus-moncho-el-turrumpero-t2xe15\/","title":{"rendered":"Entrevista a Jes\u00fas Moncho. \u2013 Rac\u00f3 de Tastallibres: La taverna del negre, de Jes\u00fas Moncho.- El turrumpero T2xE15"},"content":{"rendered":"\n<p class=\"wp-block-paragraph\">En aquest programa del Turrumpero us presentem l&#8217;entrevista a Jes\u00fas Moncho, autor de &#8216;<strong>La taverna del negre&#8217;.<\/strong> Parlem amb ell de temes com el proc\u00e9s de creaci\u00f3 de la novel\u00b7la i del pilar b\u00e0sic de la versemblan\u00e7a per tal d&#8217;arribar a la tem\u00e0tica principal: l&#8217;esclavitud. Una conversa ben amanida per la hist\u00f2ria i top\u00f2nims i antrop\u00f2nims ben propers a nosaltres. Amb la seg\u00fcent sinopsi i l&#8217;escolta de l&#8217;entrevista segur que tindreu molt\u00edssimes ganes de llegir l&#8217;obra. El <strong>TastaLlibres<\/strong><\/p>\n\n\n\n<figure class=\"wp-block-image\"><img decoding=\"async\" src=\"https:\/\/web.telegram.org\/k\/assets\/img\/emoji\/1f4da.png\" alt=\"&#x1f4da;\" \/><\/figure>\n\n\n\n<p class=\"wp-block-paragraph\">, de fet, n&#8217;ha fet tert\u00falia. <em>Andreu Faraig \u00e9s enviat les Am\u00e8riques com a delegat permanent de la casa Galiana. Aix\u00ed, es veu for\u00e7at a abandonar les terres valencianes i a allunyar-se de sa mare, la germana, i de la seua estimada Elionor. Obligat a portar endavant una escomesa que preferiria evitar, prompte descobreix que la c\u00e0rrega no est\u00e0 conformada nom\u00e9s per teles i teixits, com calia esperar, sin\u00f3 que inclou tamb\u00e9 un nombr\u00f3s grup d\u2019homes i dones provinents d\u2019\u00c0frica, llestos per a ser venuts com a esclaus<\/em><\/p>\n\n\n\n<figure class=\"wp-block-embed is-type-wp-embed is-provider-anchor-fm-inc wp-block-embed-anchor-fm-inc wp-embed-aspect-21-9 wp-has-aspect-ratio\"><div class=\"wp-block-embed__wrapper\">\n<iframe loading=\"lazy\" class=\"wp-embedded-content\" sandbox=\"allow-scripts\" security=\"restricted\" title=\"Entrevista a Jes\u00fas Moncho. I en el Rac\u00f3 de Tastallibres, La taverna del negre.- El turrumpero T2xE15 by El Turrumpero\" src=\"https:\/\/anchor.fm\/cabiloradio\/embed\/episodes\/Entrevista-a-Jess-Moncho--I-en-el-Rac-de-Tastallibres--La-taverna-del-negre---El-turrumpero-T2xE15-e2eh6hp#?secret=5lvaM3t17U\" data-secret=\"5lvaM3t17U\" height=\"102px\" width=\"400px\" frameborder=\"0\" scrolling=\"no\"><\/iframe>\n<\/div><\/figure>\n\n\n\n<figure class=\"wp-block-embed is-type-wp-embed is-provider-anchor-fm-inc wp-block-embed-anchor-fm-inc wp-embed-aspect-21-9 wp-has-aspect-ratio\"><div class=\"wp-block-embed__wrapper\">\n<iframe loading=\"lazy\" class=\"wp-embedded-content\" sandbox=\"allow-scripts\" security=\"restricted\" title=\"El rac\u00f3 de Tastallibres: La taverna del negre, de Jes\u00fas Moncho T2xE15 by El Turrumpero\" src=\"https:\/\/anchor.fm\/cabiloradio\/embed\/episodes\/El-rac-de-Tastallibres-La-taverna-del-negre--de-Jess-Moncho-T2xE15-e2eh6n6#?secret=CNf3yw9Pkw\" data-secret=\"CNf3yw9Pkw\" height=\"102px\" width=\"400px\" frameborder=\"0\" scrolling=\"no\"><\/iframe>\n<\/div><\/figure>\n","protected":false},"excerpt":{"rendered":"<p>En aquest programa del Turrumpero us presentem l&#8217;entrevista a Jes\u00fas Moncho, autor de &#8216;La taverna del negre&#8217;. Parlem amb ell de temes com el proc\u00e9s de creaci\u00f3 de la novel\u00b7la i del pilar b\u00e0sic de la versemblan\u00e7a per tal d&#8217;arribar a la tem\u00e0tica principal: l&#8217;esclavitud. Una conversa ben amanida per la hist\u00f2ria i top\u00f2nims i [&hellip;]<\/p>\n","protected":false},"author":272,"featured_media":2051,"comment_status":"open","ping_status":"open","sticky":false,"template":"","format":"standard","meta":{"_exactmetrics_skip_tracking":false,"footnotes":""},"categories":[1,28,23],"tags":[],"class_list":["post-2050","post","type-post","status-publish","format-standard","has-post-thumbnail","hentry","category-sin-categoria","category-el-turrumpero","category-entrevistes"],"aioseo_notices":[],"aioseo_head":"\n\t\t<!-- All in One SEO 5.0.1 - aioseo.com -->\n\t<meta name=\"description\" content=\"En aquest programa del Turrumpero us presentem l&#039;entrevista a Jes\u00fas Moncho, autor de &#039;La taverna del negre&#039;. Parlem amb ell de temes com el proc\u00e9s de creaci\u00f3 de la novel\u00b7la i del pilar b\u00e0sic de la versemblan\u00e7a per tal d&#039;arribar a la tem\u00e0tica principal: l&#039;esclavitud. Una conversa ben amanida per la hist\u00f2ria i top\u00f2nims i\" \/>\n\t<meta name=\"robots\" content=\"max-image-preview:large\" \/>\n\t<meta name=\"author\" content=\"radio\"\/>\n\t<link rel=\"canonical\" href=\"https:\/\/elcabilo.com\/radio\/2024\/01\/16\/entrevista-a-jesus-moncho-raco-de-tastallibres-la-taverna-del-negre-de-jesus-moncho-el-turrumpero-t2xe15\/\" \/>\n\t<meta name=\"generator\" content=\"All in One SEO (AIOSEO) 5.0.1\" \/>\n\t\t<meta property=\"og:locale\" content=\"ca_ES\" \/>\n\t\t<meta property=\"og:site_name\" content=\"Cabil\u00f3R\u00e0dio - La r\u00e0dio online de Sella\" \/>\n\t\t<meta property=\"og:type\" content=\"article\" \/>\n\t\t<meta property=\"og:title\" content=\"Entrevista a Jes\u00fas Moncho. \u2013 Rac\u00f3 de Tastallibres: La taverna del negre, de Jes\u00fas Moncho.- El turrumpero T2xE15 - Cabil\u00f3R\u00e0dio\" \/>\n\t\t<meta property=\"og:description\" content=\"En aquest programa del Turrumpero us presentem l&#039;entrevista a Jes\u00fas Moncho, autor de &#039;La taverna del negre&#039;. Parlem amb ell de temes com el proc\u00e9s de creaci\u00f3 de la novel\u00b7la i del pilar b\u00e0sic de la versemblan\u00e7a per tal d&#039;arribar a la tem\u00e0tica principal: l&#039;esclavitud. Una conversa ben amanida per la hist\u00f2ria i top\u00f2nims i\" \/>\n\t\t<meta property=\"og:url\" content=\"https:\/\/elcabilo.com\/radio\/2024\/01\/16\/entrevista-a-jesus-moncho-raco-de-tastallibres-la-taverna-del-negre-de-jesus-moncho-el-turrumpero-t2xe15\/\" \/>\n\t\t<meta property=\"og:image\" content=\"https:\/\/elcabilo.com\/radio\/files\/2023\/01\/cropped-logo_radio-1.gif\" \/>\n\t\t<meta property=\"og:image:secure_url\" content=\"https:\/\/elcabilo.com\/radio\/files\/2023\/01\/cropped-logo_radio-1.gif\" \/>\n\t\t<meta property=\"article:published_time\" content=\"2024-01-16T15:39:48+00:00\" \/>\n\t\t<meta property=\"article:modified_time\" content=\"2024-01-16T15:39:50+00:00\" \/>\n\t\t<meta name=\"twitter:card\" content=\"summary_large_image\" \/>\n\t\t<meta name=\"twitter:title\" content=\"Entrevista a Jes\u00fas Moncho. \u2013 Rac\u00f3 de Tastallibres: La taverna del negre, de Jes\u00fas Moncho.- El turrumpero T2xE15 - Cabil\u00f3R\u00e0dio\" \/>\n\t\t<meta name=\"twitter:description\" content=\"En aquest programa del Turrumpero us presentem l&#039;entrevista a Jes\u00fas Moncho, autor de &#039;La taverna del negre&#039;. Parlem amb ell de temes com el proc\u00e9s de creaci\u00f3 de la novel\u00b7la i del pilar b\u00e0sic de la versemblan\u00e7a per tal d&#039;arribar a la tem\u00e0tica principal: l&#039;esclavitud. Una conversa ben amanida per la hist\u00f2ria i top\u00f2nims i\" \/>\n\t\t<meta name=\"twitter:image\" content=\"https:\/\/elcabilo.com\/radio\/files\/2023\/01\/cropped-logo_radio-1.gif\" \/>\n\t\t<script type=\"application\/ld+json\" class=\"aioseo-schema\">\n\t\t\t{\"@context\":\"https:\\\/\\\/schema.org\",\"@graph\":[{\"@type\":\"BlogPosting\",\"@id\":\"https:\\\/\\\/elcabilo.com\\\/radio\\\/2024\\\/01\\\/16\\\/entrevista-a-jesus-moncho-raco-de-tastallibres-la-taverna-del-negre-de-jesus-moncho-el-turrumpero-t2xe15\\\/#blogposting\",\"name\":\"Entrevista a Jes\\u00fas Moncho. \\u2013 Rac\\u00f3 de Tastallibres: La taverna del negre, de Jes\\u00fas Moncho.- El turrumpero T2xE15 - Cabil\\u00f3R\\u00e0dio\",\"headline\":\"Entrevista a Jes\\u00fas Moncho. \\u2013 Rac\\u00f3 de Tastallibres: La taverna del negre, de Jes\\u00fas Moncho.- El turrumpero T2xE15\",\"author\":{\"@id\":\"https:\\\/\\\/elcabilo.com\\\/radio\\\/author\\\/radio\\\/#author\"},\"publisher\":{\"@id\":\"https:\\\/\\\/elcabilo.com\\\/radio\\\/#organization\"},\"image\":{\"@type\":\"ImageObject\",\"url\":\"https:\\\/\\\/elcabilo.com\\\/radio\\\/files\\\/2024\\\/01\\\/photo_5852809220989239909_y.jpg\",\"width\":1280,\"height\":960},\"datePublished\":\"2024-01-16T16:39:48+01:00\",\"dateModified\":\"2024-01-16T16:39:50+01:00\",\"inLanguage\":\"ca\",\"mainEntityOfPage\":{\"@id\":\"https:\\\/\\\/elcabilo.com\\\/radio\\\/2024\\\/01\\\/16\\\/entrevista-a-jesus-moncho-raco-de-tastallibres-la-taverna-del-negre-de-jesus-moncho-el-turrumpero-t2xe15\\\/#webpage\"},\"isPartOf\":{\"@id\":\"https:\\\/\\\/elcabilo.com\\\/radio\\\/2024\\\/01\\\/16\\\/entrevista-a-jesus-moncho-raco-de-tastallibres-la-taverna-del-negre-de-jesus-moncho-el-turrumpero-t2xe15\\\/#webpage\"},\"articleSection\":\"Cabil\\u00f3 R\\u00e0dio, El Turrumpero, Entrevistes\"},{\"@type\":\"BreadcrumbList\",\"@id\":\"https:\\\/\\\/elcabilo.com\\\/radio\\\/2024\\\/01\\\/16\\\/entrevista-a-jesus-moncho-raco-de-tastallibres-la-taverna-del-negre-de-jesus-moncho-el-turrumpero-t2xe15\\\/#breadcrumblist\",\"itemListElement\":[{\"@type\":\"ListItem\",\"@id\":\"https:\\\/\\\/elcabilo.com\\\/radio#listItem\",\"position\":1,\"name\":\"Home\",\"item\":\"https:\\\/\\\/elcabilo.com\\\/radio\",\"nextItem\":{\"@type\":\"ListItem\",\"@id\":\"https:\\\/\\\/elcabilo.com\\\/radio\\\/category\\\/sin-categoria\\\/#listItem\",\"name\":\"Cabil\\u00f3 R\\u00e0dio\"}},{\"@type\":\"ListItem\",\"@id\":\"https:\\\/\\\/elcabilo.com\\\/radio\\\/category\\\/sin-categoria\\\/#listItem\",\"position\":2,\"name\":\"Cabil\\u00f3 R\\u00e0dio\",\"item\":\"https:\\\/\\\/elcabilo.com\\\/radio\\\/category\\\/sin-categoria\\\/\",\"nextItem\":{\"@type\":\"ListItem\",\"@id\":\"https:\\\/\\\/elcabilo.com\\\/radio\\\/2024\\\/01\\\/16\\\/entrevista-a-jesus-moncho-raco-de-tastallibres-la-taverna-del-negre-de-jesus-moncho-el-turrumpero-t2xe15\\\/#listItem\",\"name\":\"Entrevista a Jes\\u00fas Moncho. \\u2013 Rac\\u00f3 de Tastallibres: La taverna del negre, de Jes\\u00fas Moncho.- El turrumpero T2xE15\"},\"previousItem\":{\"@type\":\"ListItem\",\"@id\":\"https:\\\/\\\/elcabilo.com\\\/radio#listItem\",\"name\":\"Home\"}},{\"@type\":\"ListItem\",\"@id\":\"https:\\\/\\\/elcabilo.com\\\/radio\\\/2024\\\/01\\\/16\\\/entrevista-a-jesus-moncho-raco-de-tastallibres-la-taverna-del-negre-de-jesus-moncho-el-turrumpero-t2xe15\\\/#listItem\",\"position\":3,\"name\":\"Entrevista a Jes\\u00fas Moncho. \\u2013 Rac\\u00f3 de Tastallibres: La taverna del negre, de Jes\\u00fas Moncho.- El turrumpero T2xE15\",\"previousItem\":{\"@type\":\"ListItem\",\"@id\":\"https:\\\/\\\/elcabilo.com\\\/radio\\\/category\\\/sin-categoria\\\/#listItem\",\"name\":\"Cabil\\u00f3 R\\u00e0dio\"}}]},{\"@type\":\"Organization\",\"@id\":\"https:\\\/\\\/elcabilo.com\\\/radio\\\/#organization\",\"name\":\"Cabil\\u00f3 R\\u00e0dio\",\"description\":\"La r\\u00e0dio online de Sella\",\"url\":\"https:\\\/\\\/elcabilo.com\\\/radio\\\/\",\"logo\":{\"@type\":\"ImageObject\",\"url\":\"https:\\\/\\\/elcabilo.com\\\/radio\\\/files\\\/2023\\\/01\\\/cropped-logo_radio-1.gif\",\"@id\":\"https:\\\/\\\/elcabilo.com\\\/radio\\\/2024\\\/01\\\/16\\\/entrevista-a-jesus-moncho-raco-de-tastallibres-la-taverna-del-negre-de-jesus-moncho-el-turrumpero-t2xe15\\\/#organizationLogo\",\"width\":250,\"height\":50},\"image\":{\"@id\":\"https:\\\/\\\/elcabilo.com\\\/radio\\\/2024\\\/01\\\/16\\\/entrevista-a-jesus-moncho-raco-de-tastallibres-la-taverna-del-negre-de-jesus-moncho-el-turrumpero-t2xe15\\\/#organizationLogo\"}},{\"@type\":\"Person\",\"@id\":\"https:\\\/\\\/elcabilo.com\\\/radio\\\/author\\\/radio\\\/#author\",\"url\":\"https:\\\/\\\/elcabilo.com\\\/radio\\\/author\\\/radio\\\/\",\"name\":\"radio\",\"image\":{\"@type\":\"ImageObject\",\"@id\":\"https:\\\/\\\/elcabilo.com\\\/radio\\\/2024\\\/01\\\/16\\\/entrevista-a-jesus-moncho-raco-de-tastallibres-la-taverna-del-negre-de-jesus-moncho-el-turrumpero-t2xe15\\\/#authorImage\",\"url\":\"https:\\\/\\\/secure.gravatar.com\\\/avatar\\\/bb687b465db46b8e9255d0921cc346091032a91fe77f93721088d5decb8a2d1a?s=96&d=mm&r=g\",\"width\":96,\"height\":96,\"caption\":\"radio\"}},{\"@type\":\"WebPage\",\"@id\":\"https:\\\/\\\/elcabilo.com\\\/radio\\\/2024\\\/01\\\/16\\\/entrevista-a-jesus-moncho-raco-de-tastallibres-la-taverna-del-negre-de-jesus-moncho-el-turrumpero-t2xe15\\\/#webpage\",\"url\":\"https:\\\/\\\/elcabilo.com\\\/radio\\\/2024\\\/01\\\/16\\\/entrevista-a-jesus-moncho-raco-de-tastallibres-la-taverna-del-negre-de-jesus-moncho-el-turrumpero-t2xe15\\\/\",\"name\":\"Entrevista a Jes\\u00fas Moncho. \\u2013 Rac\\u00f3 de Tastallibres: La taverna del negre, de Jes\\u00fas Moncho.- El turrumpero T2xE15 - Cabil\\u00f3R\\u00e0dio\",\"description\":\"En aquest programa del Turrumpero us presentem l'entrevista a Jes\\u00fas Moncho, autor de 'La taverna del negre'. Parlem amb ell de temes com el proc\\u00e9s de creaci\\u00f3 de la novel\\u00b7la i del pilar b\\u00e0sic de la versemblan\\u00e7a per tal d'arribar a la tem\\u00e0tica principal: l'esclavitud. Una conversa ben amanida per la hist\\u00f2ria i top\\u00f2nims i\",\"inLanguage\":\"ca\",\"isPartOf\":{\"@id\":\"https:\\\/\\\/elcabilo.com\\\/radio\\\/#website\"},\"breadcrumb\":{\"@id\":\"https:\\\/\\\/elcabilo.com\\\/radio\\\/2024\\\/01\\\/16\\\/entrevista-a-jesus-moncho-raco-de-tastallibres-la-taverna-del-negre-de-jesus-moncho-el-turrumpero-t2xe15\\\/#breadcrumblist\"},\"author\":{\"@id\":\"https:\\\/\\\/elcabilo.com\\\/radio\\\/author\\\/radio\\\/#author\"},\"creator\":{\"@id\":\"https:\\\/\\\/elcabilo.com\\\/radio\\\/author\\\/radio\\\/#author\"},\"image\":{\"@type\":\"ImageObject\",\"url\":\"https:\\\/\\\/elcabilo.com\\\/radio\\\/files\\\/2024\\\/01\\\/photo_5852809220989239909_y.jpg\",\"@id\":\"https:\\\/\\\/elcabilo.com\\\/radio\\\/2024\\\/01\\\/16\\\/entrevista-a-jesus-moncho-raco-de-tastallibres-la-taverna-del-negre-de-jesus-moncho-el-turrumpero-t2xe15\\\/#mainImage\",\"width\":1280,\"height\":960},\"primaryImageOfPage\":{\"@id\":\"https:\\\/\\\/elcabilo.com\\\/radio\\\/2024\\\/01\\\/16\\\/entrevista-a-jesus-moncho-raco-de-tastallibres-la-taverna-del-negre-de-jesus-moncho-el-turrumpero-t2xe15\\\/#mainImage\"},\"datePublished\":\"2024-01-16T16:39:48+01:00\",\"dateModified\":\"2024-01-16T16:39:50+01:00\"},{\"@type\":\"WebSite\",\"@id\":\"https:\\\/\\\/elcabilo.com\\\/radio\\\/#website\",\"url\":\"https:\\\/\\\/elcabilo.com\\\/radio\\\/\",\"name\":\"Cabil\\u00f3 R\\u00e0dio\",\"description\":\"La r\\u00e0dio online de Sella\",\"inLanguage\":\"ca\",\"publisher\":{\"@id\":\"https:\\\/\\\/elcabilo.com\\\/radio\\\/#organization\"}}]}\n\t\t<\/script>\n\t\t<!-- All in One SEO -->\n\n","aioseo_head_json":{"title":"Entrevista a Jes\u00fas Moncho. \u2013 Rac\u00f3 de Tastallibres: La taverna del negre, de Jes\u00fas Moncho.- El turrumpero T2xE15 - Cabil\u00f3R\u00e0dio","description":"En aquest programa del Turrumpero us presentem l'entrevista a Jes\u00fas Moncho, autor de 'La taverna del negre'. Parlem amb ell de temes com el proc\u00e9s de creaci\u00f3 de la novel\u00b7la i del pilar b\u00e0sic de la versemblan\u00e7a per tal d'arribar a la tem\u00e0tica principal: l'esclavitud. Una conversa ben amanida per la hist\u00f2ria i top\u00f2nims i","canonical_url":"https:\/\/elcabilo.com\/radio\/2024\/01\/16\/entrevista-a-jesus-moncho-raco-de-tastallibres-la-taverna-del-negre-de-jesus-moncho-el-turrumpero-t2xe15\/","robots":"max-image-preview:large","keywords":"","webmasterTools":{"miscellaneous":""},"schema":{"@context":"https:\/\/schema.org","@graph":[{"@type":"BlogPosting","@id":"https:\/\/elcabilo.com\/radio\/2024\/01\/16\/entrevista-a-jesus-moncho-raco-de-tastallibres-la-taverna-del-negre-de-jesus-moncho-el-turrumpero-t2xe15\/#blogposting","name":"Entrevista a Jes\u00fas Moncho. \u2013 Rac\u00f3 de Tastallibres: La taverna del negre, de Jes\u00fas Moncho.- El turrumpero T2xE15 - Cabil\u00f3R\u00e0dio","headline":"Entrevista a Jes\u00fas Moncho. \u2013 Rac\u00f3 de Tastallibres: La taverna del negre, de Jes\u00fas Moncho.- El turrumpero T2xE15","author":{"@id":"https:\/\/elcabilo.com\/radio\/author\/radio\/#author"},"publisher":{"@id":"https:\/\/elcabilo.com\/radio\/#organization"},"image":{"@type":"ImageObject","url":"https:\/\/elcabilo.com\/radio\/files\/2024\/01\/photo_5852809220989239909_y.jpg","width":1280,"height":960},"datePublished":"2024-01-16T16:39:48+01:00","dateModified":"2024-01-16T16:39:50+01:00","inLanguage":"ca","mainEntityOfPage":{"@id":"https:\/\/elcabilo.com\/radio\/2024\/01\/16\/entrevista-a-jesus-moncho-raco-de-tastallibres-la-taverna-del-negre-de-jesus-moncho-el-turrumpero-t2xe15\/#webpage"},"isPartOf":{"@id":"https:\/\/elcabilo.com\/radio\/2024\/01\/16\/entrevista-a-jesus-moncho-raco-de-tastallibres-la-taverna-del-negre-de-jesus-moncho-el-turrumpero-t2xe15\/#webpage"},"articleSection":"Cabil\u00f3 R\u00e0dio, El Turrumpero, Entrevistes"},{"@type":"BreadcrumbList","@id":"https:\/\/elcabilo.com\/radio\/2024\/01\/16\/entrevista-a-jesus-moncho-raco-de-tastallibres-la-taverna-del-negre-de-jesus-moncho-el-turrumpero-t2xe15\/#breadcrumblist","itemListElement":[{"@type":"ListItem","@id":"https:\/\/elcabilo.com\/radio#listItem","position":1,"name":"Home","item":"https:\/\/elcabilo.com\/radio","nextItem":{"@type":"ListItem","@id":"https:\/\/elcabilo.com\/radio\/category\/sin-categoria\/#listItem","name":"Cabil\u00f3 R\u00e0dio"}},{"@type":"ListItem","@id":"https:\/\/elcabilo.com\/radio\/category\/sin-categoria\/#listItem","position":2,"name":"Cabil\u00f3 R\u00e0dio","item":"https:\/\/elcabilo.com\/radio\/category\/sin-categoria\/","nextItem":{"@type":"ListItem","@id":"https:\/\/elcabilo.com\/radio\/2024\/01\/16\/entrevista-a-jesus-moncho-raco-de-tastallibres-la-taverna-del-negre-de-jesus-moncho-el-turrumpero-t2xe15\/#listItem","name":"Entrevista a Jes\u00fas Moncho. \u2013 Rac\u00f3 de Tastallibres: La taverna del negre, de Jes\u00fas Moncho.- El turrumpero T2xE15"},"previousItem":{"@type":"ListItem","@id":"https:\/\/elcabilo.com\/radio#listItem","name":"Home"}},{"@type":"ListItem","@id":"https:\/\/elcabilo.com\/radio\/2024\/01\/16\/entrevista-a-jesus-moncho-raco-de-tastallibres-la-taverna-del-negre-de-jesus-moncho-el-turrumpero-t2xe15\/#listItem","position":3,"name":"Entrevista a Jes\u00fas Moncho. \u2013 Rac\u00f3 de Tastallibres: La taverna del negre, de Jes\u00fas Moncho.- El turrumpero T2xE15","previousItem":{"@type":"ListItem","@id":"https:\/\/elcabilo.com\/radio\/category\/sin-categoria\/#listItem","name":"Cabil\u00f3 R\u00e0dio"}}]},{"@type":"Organization","@id":"https:\/\/elcabilo.com\/radio\/#organization","name":"Cabil\u00f3 R\u00e0dio","description":"La r\u00e0dio online de Sella","url":"https:\/\/elcabilo.com\/radio\/","logo":{"@type":"ImageObject","url":"https:\/\/elcabilo.com\/radio\/files\/2023\/01\/cropped-logo_radio-1.gif","@id":"https:\/\/elcabilo.com\/radio\/2024\/01\/16\/entrevista-a-jesus-moncho-raco-de-tastallibres-la-taverna-del-negre-de-jesus-moncho-el-turrumpero-t2xe15\/#organizationLogo","width":250,"height":50},"image":{"@id":"https:\/\/elcabilo.com\/radio\/2024\/01\/16\/entrevista-a-jesus-moncho-raco-de-tastallibres-la-taverna-del-negre-de-jesus-moncho-el-turrumpero-t2xe15\/#organizationLogo"}},{"@type":"Person","@id":"https:\/\/elcabilo.com\/radio\/author\/radio\/#author","url":"https:\/\/elcabilo.com\/radio\/author\/radio\/","name":"radio","image":{"@type":"ImageObject","@id":"https:\/\/elcabilo.com\/radio\/2024\/01\/16\/entrevista-a-jesus-moncho-raco-de-tastallibres-la-taverna-del-negre-de-jesus-moncho-el-turrumpero-t2xe15\/#authorImage","url":"https:\/\/secure.gravatar.com\/avatar\/bb687b465db46b8e9255d0921cc346091032a91fe77f93721088d5decb8a2d1a?s=96&d=mm&r=g","width":96,"height":96,"caption":"radio"}},{"@type":"WebPage","@id":"https:\/\/elcabilo.com\/radio\/2024\/01\/16\/entrevista-a-jesus-moncho-raco-de-tastallibres-la-taverna-del-negre-de-jesus-moncho-el-turrumpero-t2xe15\/#webpage","url":"https:\/\/elcabilo.com\/radio\/2024\/01\/16\/entrevista-a-jesus-moncho-raco-de-tastallibres-la-taverna-del-negre-de-jesus-moncho-el-turrumpero-t2xe15\/","name":"Entrevista a Jes\u00fas Moncho. \u2013 Rac\u00f3 de Tastallibres: La taverna del negre, de Jes\u00fas Moncho.- El turrumpero T2xE15 - Cabil\u00f3R\u00e0dio","description":"En aquest programa del Turrumpero us presentem l'entrevista a Jes\u00fas Moncho, autor de 'La taverna del negre'. Parlem amb ell de temes com el proc\u00e9s de creaci\u00f3 de la novel\u00b7la i del pilar b\u00e0sic de la versemblan\u00e7a per tal d'arribar a la tem\u00e0tica principal: l'esclavitud. Una conversa ben amanida per la hist\u00f2ria i top\u00f2nims i","inLanguage":"ca","isPartOf":{"@id":"https:\/\/elcabilo.com\/radio\/#website"},"breadcrumb":{"@id":"https:\/\/elcabilo.com\/radio\/2024\/01\/16\/entrevista-a-jesus-moncho-raco-de-tastallibres-la-taverna-del-negre-de-jesus-moncho-el-turrumpero-t2xe15\/#breadcrumblist"},"author":{"@id":"https:\/\/elcabilo.com\/radio\/author\/radio\/#author"},"creator":{"@id":"https:\/\/elcabilo.com\/radio\/author\/radio\/#author"},"image":{"@type":"ImageObject","url":"https:\/\/elcabilo.com\/radio\/files\/2024\/01\/photo_5852809220989239909_y.jpg","@id":"https:\/\/elcabilo.com\/radio\/2024\/01\/16\/entrevista-a-jesus-moncho-raco-de-tastallibres-la-taverna-del-negre-de-jesus-moncho-el-turrumpero-t2xe15\/#mainImage","width":1280,"height":960},"primaryImageOfPage":{"@id":"https:\/\/elcabilo.com\/radio\/2024\/01\/16\/entrevista-a-jesus-moncho-raco-de-tastallibres-la-taverna-del-negre-de-jesus-moncho-el-turrumpero-t2xe15\/#mainImage"},"datePublished":"2024-01-16T16:39:48+01:00","dateModified":"2024-01-16T16:39:50+01:00"},{"@type":"WebSite","@id":"https:\/\/elcabilo.com\/radio\/#website","url":"https:\/\/elcabilo.com\/radio\/","name":"Cabil\u00f3 R\u00e0dio","description":"La r\u00e0dio online de Sella","inLanguage":"ca","publisher":{"@id":"https:\/\/elcabilo.com\/radio\/#organization"}}]},"og:locale":"ca_ES","og:site_name":"Cabil\u00f3R\u00e0dio - La r\u00e0dio online de Sella","og:type":"article","og:title":"Entrevista a Jes\u00fas Moncho. \u2013 Rac\u00f3 de Tastallibres: La taverna del negre, de Jes\u00fas Moncho.- El turrumpero T2xE15 - Cabil\u00f3R\u00e0dio","og:description":"En aquest programa del Turrumpero us presentem l'entrevista a Jes\u00fas Moncho, autor de 'La taverna del negre'. Parlem amb ell de temes com el proc\u00e9s de creaci\u00f3 de la novel\u00b7la i del pilar b\u00e0sic de la versemblan\u00e7a per tal d'arribar a la tem\u00e0tica principal: l'esclavitud. Una conversa ben amanida per la hist\u00f2ria i top\u00f2nims i","og:url":"https:\/\/elcabilo.com\/radio\/2024\/01\/16\/entrevista-a-jesus-moncho-raco-de-tastallibres-la-taverna-del-negre-de-jesus-moncho-el-turrumpero-t2xe15\/","og:image":"https:\/\/elcabilo.com\/radio\/files\/2023\/01\/cropped-logo_radio-1.gif","og:image:secure_url":"https:\/\/elcabilo.com\/radio\/files\/2023\/01\/cropped-logo_radio-1.gif","article:published_time":"2024-01-16T15:39:48+00:00","article:modified_time":"2024-01-16T15:39:50+00:00","twitter:card":"summary_large_image","twitter:title":"Entrevista a Jes\u00fas Moncho. \u2013 Rac\u00f3 de Tastallibres: La taverna del negre, de Jes\u00fas Moncho.- El turrumpero T2xE15 - Cabil\u00f3R\u00e0dio","twitter:description":"En aquest programa del Turrumpero us presentem l'entrevista a Jes\u00fas Moncho, autor de 'La taverna del negre'. Parlem amb ell de temes com el proc\u00e9s de creaci\u00f3 de la novel\u00b7la i del pilar b\u00e0sic de la versemblan\u00e7a per tal d'arribar a la tem\u00e0tica principal: l'esclavitud. Una conversa ben amanida per la hist\u00f2ria i top\u00f2nims i","twitter:image":"https:\/\/elcabilo.com\/radio\/files\/2023\/01\/cropped-logo_radio-1.gif"},"aioseo_meta_data":{"post_id":"2050","title":null,"description":null,"keywords":[],"keyphrases":{"focus":{"keyphrase":"","score":0,"analysis":{"keyphraseInTitle":{"score":0,"maxScore":9,"error":1}}},"additional":[]},"primary_term":null,"canonical_url":null,"og_title":null,"og_description":null,"og_object_type":"default","og_image_type":"default","og_image_url":null,"og_image_width":null,"og_image_height":null,"og_image_custom_url":null,"og_image_custom_fields":null,"og_video":"","og_custom_url":null,"og_article_section":null,"og_article_tags":[],"twitter_use_og":false,"twitter_card":"default","twitter_image_type":"default","twitter_image_url":null,"twitter_image_custom_url":null,"twitter_image_custom_fields":null,"twitter_title":null,"twitter_description":null,"schema":{"blockGraphs":[],"customGraphs":[],"default":{"data":{"Article":[],"Course":[],"Dataset":[],"FAQPage":[],"Movie":[],"Person":[],"Product":[],"ProductReview":[],"Car":[],"Recipe":[],"Service":[],"SoftwareApplication":[],"WebPage":[]},"graphName":"BlogPosting","isEnabled":true},"graphs":[]},"schema_type":"default","schema_type_options":null,"pillar_content":false,"robots_default":true,"robots_noindex":false,"robots_noarchive":false,"robots_nosnippet":false,"robots_nofollow":false,"robots_noimageindex":false,"robots_noodp":false,"robots_notranslate":false,"robots_max_snippet":"-1","robots_max_videopreview":"-1","robots_max_imagepreview":"large","priority":null,"frequency":"default","local_seo":null,"breadcrumb_settings":null,"limit_modified_date":false,"ai":null,"created":"2024-01-16 15:38:56","updated":"2025-06-08 20:42:53","seo_analyzer_scan_date":null,"focus_keyword":null,"additional_keywords":null,"truseo_locale":null},"aioseo_breadcrumb":"<div class=\"aioseo-breadcrumbs\"><span class=\"aioseo-breadcrumb\">\n\t\t\t<a href=\"https:\/\/elcabilo.com\/radio\" title=\"Home\">Home<\/a>\n\t\t<\/span><span class=\"aioseo-breadcrumb-separator\">&raquo;<\/span><span class=\"aioseo-breadcrumb\">\n\t\t\t<a href=\"https:\/\/elcabilo.com\/radio\/category\/sin-categoria\/\" title=\"Cabil\u00f3 R\u00e0dio\">Cabil\u00f3 R\u00e0dio<\/a>\n\t\t<\/span><span class=\"aioseo-breadcrumb-separator\">&raquo;<\/span><span class=\"aioseo-breadcrumb\">\n\t\t\tEntrevista a Jes\u00fas Moncho. \u2013 Rac\u00f3 de Tastallibres: La taverna del negre, de Jes\u00fas Moncho.- El turrumpero T2xE15\n\t\t<\/span><\/div>","aioseo_breadcrumb_json":[{"label":"Home","link":"https:\/\/elcabilo.com\/radio"},{"label":"Cabil\u00f3 R\u00e0dio","link":"https:\/\/elcabilo.com\/radio\/category\/sin-categoria\/"},{"label":"Entrevista a Jes\u00fas Moncho. \u2013 Rac\u00f3 de Tastallibres: La taverna del negre, de Jes\u00fas Moncho.- El turrumpero T2xE15","link":"https:\/\/elcabilo.com\/radio\/2024\/01\/16\/entrevista-a-jesus-moncho-raco-de-tastallibres-la-taverna-del-negre-de-jesus-moncho-el-turrumpero-t2xe15\/"}],"_links":{"self":[{"href":"https:\/\/elcabilo.com\/radio\/wp-json\/wp\/v2\/posts\/2050","targetHints":{"allow":["GET"]}}],"collection":[{"href":"https:\/\/elcabilo.com\/radio\/wp-json\/wp\/v2\/posts"}],"about":[{"href":"https:\/\/elcabilo.com\/radio\/wp-json\/wp\/v2\/types\/post"}],"author":[{"embeddable":true,"href":"https:\/\/elcabilo.com\/radio\/wp-json\/wp\/v2\/users\/272"}],"replies":[{"embeddable":true,"href":"https:\/\/elcabilo.com\/radio\/wp-json\/wp\/v2\/comments?post=2050"}],"version-history":[{"count":1,"href":"https:\/\/elcabilo.com\/radio\/wp-json\/wp\/v2\/posts\/2050\/revisions"}],"predecessor-version":[{"id":2052,"href":"https:\/\/elcabilo.com\/radio\/wp-json\/wp\/v2\/posts\/2050\/revisions\/2052"}],"wp:featuredmedia":[{"embeddable":true,"href":"https:\/\/elcabilo.com\/radio\/wp-json\/wp\/v2\/media\/2051"}],"wp:attachment":[{"href":"https:\/\/elcabilo.com\/radio\/wp-json\/wp\/v2\/media?parent=2050"}],"wp:term":[{"taxonomy":"category","embeddable":true,"href":"https:\/\/elcabilo.com\/radio\/wp-json\/wp\/v2\/categories?post=2050"},{"taxonomy":"post_tag","embeddable":true,"href":"https:\/\/elcabilo.com\/radio\/wp-json\/wp\/v2\/tags?post=2050"}],"curies":[{"name":"wp","href":"https:\/\/api.w.org\/{rel}","templated":true}]}}