{"id":218,"date":"2013-01-07T00:00:18","date_gmt":"2013-01-06T23:00:18","guid":{"rendered":"http:\/\/elcabilo.com\/radio\/?p=218"},"modified":"2013-01-07T00:00:19","modified_gmt":"2013-01-06T23:00:19","slug":"el-magazin-de-gener-2013","status":"publish","type":"post","link":"https:\/\/elcabilo.com\/radio\/2013\/01\/07\/el-magazin-de-gener-2013\/","title":{"rendered":"El magaz\u00edn de gener 2013"},"content":{"rendered":"<p style=\"text-align: justify\">Este mes parlem sobre la nova ordenan\u00e7a municipal a la venda ambulant, la fuita d&#8217;aigua a la carretera nova, noves destrosses a la biblioteca municipal, retallades en sanitat,\u00a0l&#8217;estat de les instalacions deportives, nou segell tur\u00edsitic creat per als municipis de la Marina Baixa, promoci\u00f3 local al mercat central d&#8217;Alacant.<\/p>\n<p style=\"text-align: justify\">A m\u00e9s a m\u00e9s, entrevistem al president de la societat de ca\u00e7adors \u00abLa Murtera\u00bb i en el reportatge parlem sobre \u00abel monte\u00bb. Com sempre, fem un rep\u00e0s de l&#8217;activitat cultural, la pilota i estrenem la secci\u00f3 ara fa 5 anys. Per acabar, recordem l\u2019agenda cultural i d\u2019oci que podrem trobar al poble de Sella durant les setmanes seg\u00fcents.<\/p>\n<p style=\"text-align: center\"><a class=\"{skin:'blue', width:'200', volume:0.5, autoplay:false, showVolumeLevel:true, showTime:true, showRew:true, downloadable:true}\" id=\"mbmaplayer_1357511200054\" href=\"http:\/\/archive.org\/download\/Magazin_gener_2013\/Magazin_Gener_13.mp3\">El magaz\u00edn de gener 2013<\/a><textarea class=\"map_params\" style=\"padding: 3px;background: #444;color: #fff;text-decoration: none\" disabled=\"disabled\">map :: {skin:&#8217;blue&#8217;, width:&#8217;200&#8242;, volume:0.5, autoplay:false, showVolumeLevel:true, showTime:true, showRew:true, downloadable:true}<\/textarea><\/p>\n<p><!--more--><\/p>\n<p>Guia d&#8217;audici\u00f3:<\/p>\n<table border=\"0\">\n<tbody>\n<tr>\n<td>&#8211;\u00a0\u00a0\u00a0\u00a0\u00a0\u00a0\u00a0\u00a0\u00a0 Noticies<br \/>\n&#8211;\u00a0\u00a0\u00a0\u00a0\u00a0\u00a0\u00a0\u00a0\u00a0 Entrevista<br \/>\n&#8211;\u00a0\u00a0\u00a0\u00a0\u00a0\u00a0\u00a0\u00a0\u00a0 Repotatge<br \/>\n&#8211;\u00a0\u00a0\u00a0\u00a0\u00a0\u00a0\u00a0\u00a0\u00a0 Can\u00e7\u00f2 del mes<br \/>\n&#8211;\u00a0\u00a0\u00a0\u00a0\u00a0\u00a0\u00a0\u00a0\u00a0 Cultura<br \/>\n&#8211;\u00a0\u00a0\u00a0\u00a0\u00a0\u00a0\u00a0\u00a0\u00a0 Esports<br \/>\n&#8211;\u00a0\u00a0\u00a0\u00a0\u00a0\u00a0\u00a0\u00a0\u00a0 Ara fa 5 anys<br \/>\n&#8211;\u00a0\u00a0\u00a0\u00a0\u00a0\u00a0\u00a0\u00a0\u00a0 Agenda<br \/>\n&#8211;\u00a0\u00a0\u00a0\u00a0\u00a0\u00a0\u00a0\u00a0\u00a0 Cunyes publicitaries<\/td>\n<td>\u00a01:47<br \/>\n18:32<br \/>\n37:34<br \/>\n43:25<br \/>\n49:14<br \/>\n52:35<br \/>\n54:56<br \/>\n56:54<br \/>\n59:47<\/td>\n<\/tr>\n<\/tbody>\n<\/table>\n","protected":false},"excerpt":{"rendered":"<p>Este mes parlem sobre la nova ordenan\u00e7a municipal a la venda ambulant, la fuita d&#8217;aigua a la carretera nova, noves destrosses a la biblioteca municipal, retallades en sanitat,\u00a0l&#8217;estat de les instalacions deportives, nou segell tur\u00edsitic creat per als municipis de la Marina Baixa, promoci\u00f3 local al mercat central d&#8217;Alacant. A m\u00e9s a m\u00e9s, entrevistem al [&hellip;]<\/p>\n","protected":false},"author":272,"featured_media":223,"comment_status":"open","ping_status":"open","sticky":false,"template":"","format":"standard","meta":{"_exactmetrics_skip_tracking":false,"footnotes":""},"categories":[3],"tags":[],"class_list":["post-218","post","type-post","status-publish","format-standard","has-post-thumbnail","hentry","category-magazin"],"aioseo_notices":[],"aioseo_head":"\n\t\t<!-- All in One SEO 5.0.1 - aioseo.com -->\n\t<meta name=\"description\" content=\"Este mes parlem sobre la nova ordenan\u00e7a municipal a la venda ambulant, la fuita d&#039;aigua a la carretera nova, noves destrosses a la biblioteca municipal, retallades en sanitat, l&#039;estat de les instalacions deportives, nou segell tur\u00edsitic creat per als municipis de la Marina Baixa, promoci\u00f3 local al mercat central d&#039;Alacant. A m\u00e9s a m\u00e9s, entrevistem al\" \/>\n\t<meta name=\"robots\" content=\"max-image-preview:large\" \/>\n\t<meta name=\"author\" content=\"radio\"\/>\n\t<link rel=\"canonical\" href=\"https:\/\/elcabilo.com\/radio\/2013\/01\/07\/el-magazin-de-gener-2013\/\" \/>\n\t<meta name=\"generator\" content=\"All in One SEO (AIOSEO) 5.0.1\" \/>\n\t\t<meta property=\"og:locale\" content=\"ca_ES\" \/>\n\t\t<meta property=\"og:site_name\" content=\"Cabil\u00f3R\u00e0dio - La r\u00e0dio online de Sella\" \/>\n\t\t<meta property=\"og:type\" content=\"article\" \/>\n\t\t<meta property=\"og:title\" content=\"El magaz\u00edn de gener 2013 - Cabil\u00f3R\u00e0dio\" \/>\n\t\t<meta property=\"og:description\" content=\"Este mes parlem sobre la nova ordenan\u00e7a municipal a la venda ambulant, la fuita d&#039;aigua a la carretera nova, noves destrosses a la biblioteca municipal, retallades en sanitat, l&#039;estat de les instalacions deportives, nou segell tur\u00edsitic creat per als municipis de la Marina Baixa, promoci\u00f3 local al mercat central d&#039;Alacant. A m\u00e9s a m\u00e9s, entrevistem al\" \/>\n\t\t<meta property=\"og:url\" content=\"https:\/\/elcabilo.com\/radio\/2013\/01\/07\/el-magazin-de-gener-2013\/\" \/>\n\t\t<meta property=\"og:image\" content=\"https:\/\/elcabilo.com\/radio\/files\/2023\/01\/cropped-logo_radio-1.gif\" \/>\n\t\t<meta property=\"og:image:secure_url\" content=\"https:\/\/elcabilo.com\/radio\/files\/2023\/01\/cropped-logo_radio-1.gif\" \/>\n\t\t<meta property=\"article:published_time\" content=\"2013-01-06T23:00:18+00:00\" \/>\n\t\t<meta property=\"article:modified_time\" content=\"2013-01-06T23:00:19+00:00\" \/>\n\t\t<meta name=\"twitter:card\" content=\"summary_large_image\" \/>\n\t\t<meta name=\"twitter:title\" content=\"El magaz\u00edn de gener 2013 - Cabil\u00f3R\u00e0dio\" \/>\n\t\t<meta name=\"twitter:description\" content=\"Este mes parlem sobre la nova ordenan\u00e7a municipal a la venda ambulant, la fuita d&#039;aigua a la carretera nova, noves destrosses a la biblioteca municipal, retallades en sanitat, l&#039;estat de les instalacions deportives, nou segell tur\u00edsitic creat per als municipis de la Marina Baixa, promoci\u00f3 local al mercat central d&#039;Alacant. A m\u00e9s a m\u00e9s, entrevistem al\" \/>\n\t\t<meta name=\"twitter:image\" content=\"https:\/\/elcabilo.com\/radio\/files\/2023\/01\/cropped-logo_radio-1.gif\" \/>\n\t\t<script type=\"application\/ld+json\" class=\"aioseo-schema\">\n\t\t\t{\"@context\":\"https:\\\/\\\/schema.org\",\"@graph\":[{\"@type\":\"BlogPosting\",\"@id\":\"https:\\\/\\\/elcabilo.com\\\/radio\\\/2013\\\/01\\\/07\\\/el-magazin-de-gener-2013\\\/#blogposting\",\"name\":\"El magaz\\u00edn de gener 2013 - Cabil\\u00f3R\\u00e0dio\",\"headline\":\"El magaz\\u00edn de gener 2013\",\"author\":{\"@id\":\"https:\\\/\\\/elcabilo.com\\\/radio\\\/author\\\/radio\\\/#author\"},\"publisher\":{\"@id\":\"https:\\\/\\\/elcabilo.com\\\/radio\\\/#organization\"},\"image\":{\"@type\":\"ImageObject\",\"url\":\"https:\\\/\\\/elcabilo.com\\\/radio\\\/files\\\/2013\\\/01\\\/magazin2.jpg\",\"width\":900,\"height\":300},\"datePublished\":\"2013-01-07T00:00:18+01:00\",\"dateModified\":\"2013-01-07T00:00:19+01:00\",\"inLanguage\":\"ca\",\"commentCount\":2,\"mainEntityOfPage\":{\"@id\":\"https:\\\/\\\/elcabilo.com\\\/radio\\\/2013\\\/01\\\/07\\\/el-magazin-de-gener-2013\\\/#webpage\"},\"isPartOf\":{\"@id\":\"https:\\\/\\\/elcabilo.com\\\/radio\\\/2013\\\/01\\\/07\\\/el-magazin-de-gener-2013\\\/#webpage\"},\"articleSection\":\"El magaz\\u00edn\"},{\"@type\":\"BreadcrumbList\",\"@id\":\"https:\\\/\\\/elcabilo.com\\\/radio\\\/2013\\\/01\\\/07\\\/el-magazin-de-gener-2013\\\/#breadcrumblist\",\"itemListElement\":[{\"@type\":\"ListItem\",\"@id\":\"https:\\\/\\\/elcabilo.com\\\/radio#listItem\",\"position\":1,\"name\":\"Home\",\"item\":\"https:\\\/\\\/elcabilo.com\\\/radio\",\"nextItem\":{\"@type\":\"ListItem\",\"@id\":\"https:\\\/\\\/elcabilo.com\\\/radio\\\/category\\\/magazin\\\/#listItem\",\"name\":\"El magaz\\u00edn\"}},{\"@type\":\"ListItem\",\"@id\":\"https:\\\/\\\/elcabilo.com\\\/radio\\\/category\\\/magazin\\\/#listItem\",\"position\":2,\"name\":\"El magaz\\u00edn\",\"item\":\"https:\\\/\\\/elcabilo.com\\\/radio\\\/category\\\/magazin\\\/\",\"nextItem\":{\"@type\":\"ListItem\",\"@id\":\"https:\\\/\\\/elcabilo.com\\\/radio\\\/2013\\\/01\\\/07\\\/el-magazin-de-gener-2013\\\/#listItem\",\"name\":\"El magaz\\u00edn de gener 2013\"},\"previousItem\":{\"@type\":\"ListItem\",\"@id\":\"https:\\\/\\\/elcabilo.com\\\/radio#listItem\",\"name\":\"Home\"}},{\"@type\":\"ListItem\",\"@id\":\"https:\\\/\\\/elcabilo.com\\\/radio\\\/2013\\\/01\\\/07\\\/el-magazin-de-gener-2013\\\/#listItem\",\"position\":3,\"name\":\"El magaz\\u00edn de gener 2013\",\"previousItem\":{\"@type\":\"ListItem\",\"@id\":\"https:\\\/\\\/elcabilo.com\\\/radio\\\/category\\\/magazin\\\/#listItem\",\"name\":\"El magaz\\u00edn\"}}]},{\"@type\":\"Organization\",\"@id\":\"https:\\\/\\\/elcabilo.com\\\/radio\\\/#organization\",\"name\":\"Cabil\\u00f3 R\\u00e0dio\",\"description\":\"La r\\u00e0dio online de Sella\",\"url\":\"https:\\\/\\\/elcabilo.com\\\/radio\\\/\",\"logo\":{\"@type\":\"ImageObject\",\"url\":\"https:\\\/\\\/elcabilo.com\\\/radio\\\/files\\\/2023\\\/01\\\/cropped-logo_radio-1.gif\",\"@id\":\"https:\\\/\\\/elcabilo.com\\\/radio\\\/2013\\\/01\\\/07\\\/el-magazin-de-gener-2013\\\/#organizationLogo\",\"width\":250,\"height\":50},\"image\":{\"@id\":\"https:\\\/\\\/elcabilo.com\\\/radio\\\/2013\\\/01\\\/07\\\/el-magazin-de-gener-2013\\\/#organizationLogo\"}},{\"@type\":\"Person\",\"@id\":\"https:\\\/\\\/elcabilo.com\\\/radio\\\/author\\\/radio\\\/#author\",\"url\":\"https:\\\/\\\/elcabilo.com\\\/radio\\\/author\\\/radio\\\/\",\"name\":\"radio\",\"image\":{\"@type\":\"ImageObject\",\"@id\":\"https:\\\/\\\/elcabilo.com\\\/radio\\\/2013\\\/01\\\/07\\\/el-magazin-de-gener-2013\\\/#authorImage\",\"url\":\"https:\\\/\\\/secure.gravatar.com\\\/avatar\\\/bb687b465db46b8e9255d0921cc346091032a91fe77f93721088d5decb8a2d1a?s=96&d=mm&r=g\",\"width\":96,\"height\":96,\"caption\":\"radio\"}},{\"@type\":\"WebPage\",\"@id\":\"https:\\\/\\\/elcabilo.com\\\/radio\\\/2013\\\/01\\\/07\\\/el-magazin-de-gener-2013\\\/#webpage\",\"url\":\"https:\\\/\\\/elcabilo.com\\\/radio\\\/2013\\\/01\\\/07\\\/el-magazin-de-gener-2013\\\/\",\"name\":\"El magaz\\u00edn de gener 2013 - Cabil\\u00f3R\\u00e0dio\",\"description\":\"Este mes parlem sobre la nova ordenan\\u00e7a municipal a la venda ambulant, la fuita d'aigua a la carretera nova, noves destrosses a la biblioteca municipal, retallades en sanitat, l'estat de les instalacions deportives, nou segell tur\\u00edsitic creat per als municipis de la Marina Baixa, promoci\\u00f3 local al mercat central d'Alacant. A m\\u00e9s a m\\u00e9s, entrevistem al\",\"inLanguage\":\"ca\",\"isPartOf\":{\"@id\":\"https:\\\/\\\/elcabilo.com\\\/radio\\\/#website\"},\"breadcrumb\":{\"@id\":\"https:\\\/\\\/elcabilo.com\\\/radio\\\/2013\\\/01\\\/07\\\/el-magazin-de-gener-2013\\\/#breadcrumblist\"},\"author\":{\"@id\":\"https:\\\/\\\/elcabilo.com\\\/radio\\\/author\\\/radio\\\/#author\"},\"creator\":{\"@id\":\"https:\\\/\\\/elcabilo.com\\\/radio\\\/author\\\/radio\\\/#author\"},\"image\":{\"@type\":\"ImageObject\",\"url\":\"https:\\\/\\\/elcabilo.com\\\/radio\\\/files\\\/2013\\\/01\\\/magazin2.jpg\",\"@id\":\"https:\\\/\\\/elcabilo.com\\\/radio\\\/2013\\\/01\\\/07\\\/el-magazin-de-gener-2013\\\/#mainImage\",\"width\":900,\"height\":300},\"primaryImageOfPage\":{\"@id\":\"https:\\\/\\\/elcabilo.com\\\/radio\\\/2013\\\/01\\\/07\\\/el-magazin-de-gener-2013\\\/#mainImage\"},\"datePublished\":\"2013-01-07T00:00:18+01:00\",\"dateModified\":\"2013-01-07T00:00:19+01:00\"},{\"@type\":\"WebSite\",\"@id\":\"https:\\\/\\\/elcabilo.com\\\/radio\\\/#website\",\"url\":\"https:\\\/\\\/elcabilo.com\\\/radio\\\/\",\"name\":\"Cabil\\u00f3 R\\u00e0dio\",\"description\":\"La r\\u00e0dio online de Sella\",\"inLanguage\":\"ca\",\"publisher\":{\"@id\":\"https:\\\/\\\/elcabilo.com\\\/radio\\\/#organization\"}}]}\n\t\t<\/script>\n\t\t<!-- All in One SEO -->\n\n","aioseo_head_json":{"title":"El magaz\u00edn de gener 2013 - Cabil\u00f3R\u00e0dio","description":"Este mes parlem sobre la nova ordenan\u00e7a municipal a la venda ambulant, la fuita d'aigua a la carretera nova, noves destrosses a la biblioteca municipal, retallades en sanitat, l'estat de les instalacions deportives, nou segell tur\u00edsitic creat per als municipis de la Marina Baixa, promoci\u00f3 local al mercat central d'Alacant. A m\u00e9s a m\u00e9s, entrevistem al","canonical_url":"https:\/\/elcabilo.com\/radio\/2013\/01\/07\/el-magazin-de-gener-2013\/","robots":"max-image-preview:large","keywords":"","webmasterTools":{"miscellaneous":""},"schema":{"@context":"https:\/\/schema.org","@graph":[{"@type":"BlogPosting","@id":"https:\/\/elcabilo.com\/radio\/2013\/01\/07\/el-magazin-de-gener-2013\/#blogposting","name":"El magaz\u00edn de gener 2013 - Cabil\u00f3R\u00e0dio","headline":"El magaz\u00edn de gener 2013","author":{"@id":"https:\/\/elcabilo.com\/radio\/author\/radio\/#author"},"publisher":{"@id":"https:\/\/elcabilo.com\/radio\/#organization"},"image":{"@type":"ImageObject","url":"https:\/\/elcabilo.com\/radio\/files\/2013\/01\/magazin2.jpg","width":900,"height":300},"datePublished":"2013-01-07T00:00:18+01:00","dateModified":"2013-01-07T00:00:19+01:00","inLanguage":"ca","commentCount":2,"mainEntityOfPage":{"@id":"https:\/\/elcabilo.com\/radio\/2013\/01\/07\/el-magazin-de-gener-2013\/#webpage"},"isPartOf":{"@id":"https:\/\/elcabilo.com\/radio\/2013\/01\/07\/el-magazin-de-gener-2013\/#webpage"},"articleSection":"El magaz\u00edn"},{"@type":"BreadcrumbList","@id":"https:\/\/elcabilo.com\/radio\/2013\/01\/07\/el-magazin-de-gener-2013\/#breadcrumblist","itemListElement":[{"@type":"ListItem","@id":"https:\/\/elcabilo.com\/radio#listItem","position":1,"name":"Home","item":"https:\/\/elcabilo.com\/radio","nextItem":{"@type":"ListItem","@id":"https:\/\/elcabilo.com\/radio\/category\/magazin\/#listItem","name":"El magaz\u00edn"}},{"@type":"ListItem","@id":"https:\/\/elcabilo.com\/radio\/category\/magazin\/#listItem","position":2,"name":"El magaz\u00edn","item":"https:\/\/elcabilo.com\/radio\/category\/magazin\/","nextItem":{"@type":"ListItem","@id":"https:\/\/elcabilo.com\/radio\/2013\/01\/07\/el-magazin-de-gener-2013\/#listItem","name":"El magaz\u00edn de gener 2013"},"previousItem":{"@type":"ListItem","@id":"https:\/\/elcabilo.com\/radio#listItem","name":"Home"}},{"@type":"ListItem","@id":"https:\/\/elcabilo.com\/radio\/2013\/01\/07\/el-magazin-de-gener-2013\/#listItem","position":3,"name":"El magaz\u00edn de gener 2013","previousItem":{"@type":"ListItem","@id":"https:\/\/elcabilo.com\/radio\/category\/magazin\/#listItem","name":"El magaz\u00edn"}}]},{"@type":"Organization","@id":"https:\/\/elcabilo.com\/radio\/#organization","name":"Cabil\u00f3 R\u00e0dio","description":"La r\u00e0dio online de Sella","url":"https:\/\/elcabilo.com\/radio\/","logo":{"@type":"ImageObject","url":"https:\/\/elcabilo.com\/radio\/files\/2023\/01\/cropped-logo_radio-1.gif","@id":"https:\/\/elcabilo.com\/radio\/2013\/01\/07\/el-magazin-de-gener-2013\/#organizationLogo","width":250,"height":50},"image":{"@id":"https:\/\/elcabilo.com\/radio\/2013\/01\/07\/el-magazin-de-gener-2013\/#organizationLogo"}},{"@type":"Person","@id":"https:\/\/elcabilo.com\/radio\/author\/radio\/#author","url":"https:\/\/elcabilo.com\/radio\/author\/radio\/","name":"radio","image":{"@type":"ImageObject","@id":"https:\/\/elcabilo.com\/radio\/2013\/01\/07\/el-magazin-de-gener-2013\/#authorImage","url":"https:\/\/secure.gravatar.com\/avatar\/bb687b465db46b8e9255d0921cc346091032a91fe77f93721088d5decb8a2d1a?s=96&d=mm&r=g","width":96,"height":96,"caption":"radio"}},{"@type":"WebPage","@id":"https:\/\/elcabilo.com\/radio\/2013\/01\/07\/el-magazin-de-gener-2013\/#webpage","url":"https:\/\/elcabilo.com\/radio\/2013\/01\/07\/el-magazin-de-gener-2013\/","name":"El magaz\u00edn de gener 2013 - Cabil\u00f3R\u00e0dio","description":"Este mes parlem sobre la nova ordenan\u00e7a municipal a la venda ambulant, la fuita d'aigua a la carretera nova, noves destrosses a la biblioteca municipal, retallades en sanitat, l'estat de les instalacions deportives, nou segell tur\u00edsitic creat per als municipis de la Marina Baixa, promoci\u00f3 local al mercat central d'Alacant. A m\u00e9s a m\u00e9s, entrevistem al","inLanguage":"ca","isPartOf":{"@id":"https:\/\/elcabilo.com\/radio\/#website"},"breadcrumb":{"@id":"https:\/\/elcabilo.com\/radio\/2013\/01\/07\/el-magazin-de-gener-2013\/#breadcrumblist"},"author":{"@id":"https:\/\/elcabilo.com\/radio\/author\/radio\/#author"},"creator":{"@id":"https:\/\/elcabilo.com\/radio\/author\/radio\/#author"},"image":{"@type":"ImageObject","url":"https:\/\/elcabilo.com\/radio\/files\/2013\/01\/magazin2.jpg","@id":"https:\/\/elcabilo.com\/radio\/2013\/01\/07\/el-magazin-de-gener-2013\/#mainImage","width":900,"height":300},"primaryImageOfPage":{"@id":"https:\/\/elcabilo.com\/radio\/2013\/01\/07\/el-magazin-de-gener-2013\/#mainImage"},"datePublished":"2013-01-07T00:00:18+01:00","dateModified":"2013-01-07T00:00:19+01:00"},{"@type":"WebSite","@id":"https:\/\/elcabilo.com\/radio\/#website","url":"https:\/\/elcabilo.com\/radio\/","name":"Cabil\u00f3 R\u00e0dio","description":"La r\u00e0dio online de Sella","inLanguage":"ca","publisher":{"@id":"https:\/\/elcabilo.com\/radio\/#organization"}}]},"og:locale":"ca_ES","og:site_name":"Cabil\u00f3R\u00e0dio - La r\u00e0dio online de Sella","og:type":"article","og:title":"El magaz\u00edn de gener 2013 - Cabil\u00f3R\u00e0dio","og:description":"Este mes parlem sobre la nova ordenan\u00e7a municipal a la venda ambulant, la fuita d'aigua a la carretera nova, noves destrosses a la biblioteca municipal, retallades en sanitat, l'estat de les instalacions deportives, nou segell tur\u00edsitic creat per als municipis de la Marina Baixa, promoci\u00f3 local al mercat central d'Alacant. A m\u00e9s a m\u00e9s, entrevistem al","og:url":"https:\/\/elcabilo.com\/radio\/2013\/01\/07\/el-magazin-de-gener-2013\/","og:image":"https:\/\/elcabilo.com\/radio\/files\/2023\/01\/cropped-logo_radio-1.gif","og:image:secure_url":"https:\/\/elcabilo.com\/radio\/files\/2023\/01\/cropped-logo_radio-1.gif","article:published_time":"2013-01-06T23:00:18+00:00","article:modified_time":"2013-01-06T23:00:19+00:00","twitter:card":"summary_large_image","twitter:title":"El magaz\u00edn de gener 2013 - Cabil\u00f3R\u00e0dio","twitter:description":"Este mes parlem sobre la nova ordenan\u00e7a municipal a la venda ambulant, la fuita d'aigua a la carretera nova, noves destrosses a la biblioteca municipal, retallades en sanitat, l'estat de les instalacions deportives, nou segell tur\u00edsitic creat per als municipis de la Marina Baixa, promoci\u00f3 local al mercat central d'Alacant. A m\u00e9s a m\u00e9s, entrevistem al","twitter:image":"https:\/\/elcabilo.com\/radio\/files\/2023\/01\/cropped-logo_radio-1.gif"},"aioseo_meta_data":{"post_id":"218","title":null,"description":null,"keywords":null,"keyphrases":null,"primary_term":null,"canonical_url":null,"og_title":null,"og_description":null,"og_object_type":"default","og_image_type":"default","og_image_url":null,"og_image_width":null,"og_image_height":null,"og_image_custom_url":null,"og_image_custom_fields":null,"og_video":null,"og_custom_url":null,"og_article_section":null,"og_article_tags":null,"twitter_use_og":false,"twitter_card":"default","twitter_image_type":"default","twitter_image_url":null,"twitter_image_custom_url":null,"twitter_image_custom_fields":null,"twitter_title":null,"twitter_description":null,"schema":{"blockGraphs":[],"customGraphs":[],"default":{"data":{"Article":[],"Course":[],"Dataset":[],"FAQPage":[],"Movie":[],"Person":[],"Product":[],"ProductReview":[],"Car":[],"Recipe":[],"Service":[],"SoftwareApplication":[],"WebPage":[]},"graphName":"","isEnabled":true},"graphs":[]},"schema_type":"default","schema_type_options":null,"pillar_content":false,"robots_default":true,"robots_noindex":false,"robots_noarchive":false,"robots_nosnippet":false,"robots_nofollow":false,"robots_noimageindex":false,"robots_noodp":false,"robots_notranslate":false,"robots_max_snippet":null,"robots_max_videopreview":null,"robots_max_imagepreview":"large","priority":null,"frequency":null,"local_seo":null,"breadcrumb_settings":null,"limit_modified_date":false,"ai":null,"created":"2023-01-27 22:00:50","updated":"2025-06-08 18:56:32","seo_analyzer_scan_date":null,"focus_keyword":null,"additional_keywords":null,"truseo_locale":null},"aioseo_breadcrumb":"<div class=\"aioseo-breadcrumbs\"><span class=\"aioseo-breadcrumb\">\n\t\t\t<a href=\"https:\/\/elcabilo.com\/radio\" title=\"Home\">Home<\/a>\n\t\t<\/span><span class=\"aioseo-breadcrumb-separator\">&raquo;<\/span><span class=\"aioseo-breadcrumb\">\n\t\t\t<a href=\"https:\/\/elcabilo.com\/radio\/category\/magazin\/\" title=\"El magaz\u00edn\">El magaz\u00edn<\/a>\n\t\t<\/span><span class=\"aioseo-breadcrumb-separator\">&raquo;<\/span><span class=\"aioseo-breadcrumb\">\n\t\t\tEl magaz\u00edn de gener 2013\n\t\t<\/span><\/div>","aioseo_breadcrumb_json":[{"label":"Home","link":"https:\/\/elcabilo.com\/radio"},{"label":"El magaz\u00edn","link":"https:\/\/elcabilo.com\/radio\/category\/magazin\/"},{"label":"El magaz\u00edn de gener 2013","link":"https:\/\/elcabilo.com\/radio\/2013\/01\/07\/el-magazin-de-gener-2013\/"}],"_links":{"self":[{"href":"https:\/\/elcabilo.com\/radio\/wp-json\/wp\/v2\/posts\/218","targetHints":{"allow":["GET"]}}],"collection":[{"href":"https:\/\/elcabilo.com\/radio\/wp-json\/wp\/v2\/posts"}],"about":[{"href":"https:\/\/elcabilo.com\/radio\/wp-json\/wp\/v2\/types\/post"}],"author":[{"embeddable":true,"href":"https:\/\/elcabilo.com\/radio\/wp-json\/wp\/v2\/users\/272"}],"replies":[{"embeddable":true,"href":"https:\/\/elcabilo.com\/radio\/wp-json\/wp\/v2\/comments?post=218"}],"version-history":[{"count":0,"href":"https:\/\/elcabilo.com\/radio\/wp-json\/wp\/v2\/posts\/218\/revisions"}],"wp:featuredmedia":[{"embeddable":true,"href":"https:\/\/elcabilo.com\/radio\/wp-json\/wp\/v2\/media\/223"}],"wp:attachment":[{"href":"https:\/\/elcabilo.com\/radio\/wp-json\/wp\/v2\/media?parent=218"}],"wp:term":[{"taxonomy":"category","embeddable":true,"href":"https:\/\/elcabilo.com\/radio\/wp-json\/wp\/v2\/categories?post=218"},{"taxonomy":"post_tag","embeddable":true,"href":"https:\/\/elcabilo.com\/radio\/wp-json\/wp\/v2\/tags?post=218"}],"curies":[{"name":"wp","href":"https:\/\/api.w.org\/{rel}","templated":true}]}}