{"id":236,"date":"2013-01-09T00:00:11","date_gmt":"2013-01-08T23:00:11","guid":{"rendered":"http:\/\/elcabilo.com\/radio\/?p=236"},"modified":"2014-05-18T20:06:51","modified_gmt":"2014-05-18T18:06:51","slug":"entrevista-al-president-de-la-societat-de-cacadors","status":"publish","type":"post","link":"https:\/\/elcabilo.com\/radio\/2013\/01\/09\/entrevista-al-president-de-la-societat-de-cacadors\/","title":{"rendered":"Entrevista al president de la societat de ca\u00e7adors"},"content":{"rendered":"<p>Vos heu quedat en ganes de sentir l&#8217;entrevista completa al president de la societat de ca\u00e7adors?<\/p>\n<p>Ac\u00ed vos la deixem:<\/p>\n<p style=\"text-align: center;\"><a id=\"mbmaplayer_1357665339536\" class=\"{skin:'blue', width:'200', volume:0.5, autoplay:false, showVolumeLevel:true, showTime:true, showRew:true, downloadable:true}\" href=\"http:\/\/archive.org\/download\/entrevista_cacadors\/entrevista_completa_luiset.mp3\">La entrevista del magaz\u00edn de gener &#8211; Completa<\/a><textarea class=\"map_params\" style=\"padding: 3px; background: #444; color: #fff; text-decoration: none;\" disabled=\"disabled\">map :: {skin:&#8217;blue&#8217;, width:&#8217;200&#8242;, volume:0.5, autoplay:false, showVolumeLevel:true, showTime:true, showRew:true, downloadable:true}<\/textarea><\/p>\n<p>&nbsp;<\/p>\n","protected":false},"excerpt":{"rendered":"<p>Vos heu quedat en ganes de sentir l&#8217;entrevista completa al president de la societat de ca\u00e7adors? Ac\u00ed vos la deixem: La entrevista del magaz\u00edn de gener &#8211; Completamap :: {skin:&#8217;blue&#8217;, width:&#8217;200&#8242;, volume:0.5, autoplay:false, showVolumeLevel:true, showTime:true, showRew:true, downloadable:true} &nbsp;<\/p>\n","protected":false},"author":272,"featured_media":223,"comment_status":"open","ping_status":"open","sticky":false,"template":"","format":"standard","meta":{"_exactmetrics_skip_tracking":false,"footnotes":""},"categories":[23],"tags":[],"class_list":["post-236","post","type-post","status-publish","format-standard","has-post-thumbnail","hentry","category-entrevistes"],"aioseo_notices":[],"aioseo_head":"\n\t\t<!-- All in One SEO 5.0.1 - aioseo.com -->\n\t<meta name=\"description\" content=\"Vos heu quedat en ganes de sentir l&#039;entrevista completa al president de la societat de ca\u00e7adors? Ac\u00ed vos la deixem: La entrevista del magaz\u00edn de gener - Completamap :: {skin:&#039;blue&#039;, width:&#039;200&#039;, volume:0.5, autoplay:false, showVolumeLevel:true, showTime:true, showRew:true, downloadable:true}\" \/>\n\t<meta name=\"robots\" content=\"max-image-preview:large\" \/>\n\t<meta name=\"author\" content=\"radio\"\/>\n\t<link rel=\"canonical\" href=\"https:\/\/elcabilo.com\/radio\/2013\/01\/09\/entrevista-al-president-de-la-societat-de-cacadors\/\" \/>\n\t<meta name=\"generator\" content=\"All in One SEO (AIOSEO) 5.0.1\" \/>\n\t\t<meta property=\"og:locale\" content=\"ca_ES\" \/>\n\t\t<meta property=\"og:site_name\" content=\"Cabil\u00f3R\u00e0dio - La r\u00e0dio online de Sella\" \/>\n\t\t<meta property=\"og:type\" content=\"article\" \/>\n\t\t<meta property=\"og:title\" content=\"Entrevista al president de la societat de ca\u00e7adors - Cabil\u00f3R\u00e0dio\" \/>\n\t\t<meta property=\"og:description\" content=\"Vos heu quedat en ganes de sentir l&#039;entrevista completa al president de la societat de ca\u00e7adors? Ac\u00ed vos la deixem: La entrevista del magaz\u00edn de gener - Completamap :: {skin:&#039;blue&#039;, width:&#039;200&#039;, volume:0.5, autoplay:false, showVolumeLevel:true, showTime:true, showRew:true, downloadable:true}\" \/>\n\t\t<meta property=\"og:url\" content=\"https:\/\/elcabilo.com\/radio\/2013\/01\/09\/entrevista-al-president-de-la-societat-de-cacadors\/\" \/>\n\t\t<meta property=\"og:image\" content=\"https:\/\/elcabilo.com\/radio\/files\/2023\/01\/cropped-logo_radio-1.gif\" \/>\n\t\t<meta property=\"og:image:secure_url\" content=\"https:\/\/elcabilo.com\/radio\/files\/2023\/01\/cropped-logo_radio-1.gif\" \/>\n\t\t<meta property=\"article:published_time\" content=\"2013-01-08T23:00:11+00:00\" \/>\n\t\t<meta property=\"article:modified_time\" content=\"2014-05-18T18:06:51+00:00\" \/>\n\t\t<meta name=\"twitter:card\" content=\"summary_large_image\" \/>\n\t\t<meta name=\"twitter:title\" content=\"Entrevista al president de la societat de ca\u00e7adors - Cabil\u00f3R\u00e0dio\" \/>\n\t\t<meta name=\"twitter:description\" content=\"Vos heu quedat en ganes de sentir l&#039;entrevista completa al president de la societat de ca\u00e7adors? Ac\u00ed vos la deixem: La entrevista del magaz\u00edn de gener - Completamap :: {skin:&#039;blue&#039;, width:&#039;200&#039;, volume:0.5, autoplay:false, showVolumeLevel:true, showTime:true, showRew:true, downloadable:true}\" \/>\n\t\t<meta name=\"twitter:image\" content=\"https:\/\/elcabilo.com\/radio\/files\/2023\/01\/cropped-logo_radio-1.gif\" \/>\n\t\t<script type=\"application\/ld+json\" class=\"aioseo-schema\">\n\t\t\t{\"@context\":\"https:\\\/\\\/schema.org\",\"@graph\":[{\"@type\":\"BlogPosting\",\"@id\":\"https:\\\/\\\/elcabilo.com\\\/radio\\\/2013\\\/01\\\/09\\\/entrevista-al-president-de-la-societat-de-cacadors\\\/#blogposting\",\"name\":\"Entrevista al president de la societat de ca\\u00e7adors - Cabil\\u00f3R\\u00e0dio\",\"headline\":\"Entrevista al president de la societat de ca\\u00e7adors\",\"author\":{\"@id\":\"https:\\\/\\\/elcabilo.com\\\/radio\\\/author\\\/radio\\\/#author\"},\"publisher\":{\"@id\":\"https:\\\/\\\/elcabilo.com\\\/radio\\\/#organization\"},\"image\":{\"@type\":\"ImageObject\",\"url\":\"https:\\\/\\\/elcabilo.com\\\/radio\\\/files\\\/2013\\\/01\\\/magazin2.jpg\",\"width\":900,\"height\":300},\"datePublished\":\"2013-01-09T00:00:11+01:00\",\"dateModified\":\"2014-05-18T20:06:51+02:00\",\"inLanguage\":\"ca\",\"commentCount\":3,\"mainEntityOfPage\":{\"@id\":\"https:\\\/\\\/elcabilo.com\\\/radio\\\/2013\\\/01\\\/09\\\/entrevista-al-president-de-la-societat-de-cacadors\\\/#webpage\"},\"isPartOf\":{\"@id\":\"https:\\\/\\\/elcabilo.com\\\/radio\\\/2013\\\/01\\\/09\\\/entrevista-al-president-de-la-societat-de-cacadors\\\/#webpage\"},\"articleSection\":\"Entrevistes\"},{\"@type\":\"BreadcrumbList\",\"@id\":\"https:\\\/\\\/elcabilo.com\\\/radio\\\/2013\\\/01\\\/09\\\/entrevista-al-president-de-la-societat-de-cacadors\\\/#breadcrumblist\",\"itemListElement\":[{\"@type\":\"ListItem\",\"@id\":\"https:\\\/\\\/elcabilo.com\\\/radio#listItem\",\"position\":1,\"name\":\"Home\",\"item\":\"https:\\\/\\\/elcabilo.com\\\/radio\",\"nextItem\":{\"@type\":\"ListItem\",\"@id\":\"https:\\\/\\\/elcabilo.com\\\/radio\\\/category\\\/entrevistes\\\/#listItem\",\"name\":\"Entrevistes\"}},{\"@type\":\"ListItem\",\"@id\":\"https:\\\/\\\/elcabilo.com\\\/radio\\\/category\\\/entrevistes\\\/#listItem\",\"position\":2,\"name\":\"Entrevistes\",\"item\":\"https:\\\/\\\/elcabilo.com\\\/radio\\\/category\\\/entrevistes\\\/\",\"nextItem\":{\"@type\":\"ListItem\",\"@id\":\"https:\\\/\\\/elcabilo.com\\\/radio\\\/2013\\\/01\\\/09\\\/entrevista-al-president-de-la-societat-de-cacadors\\\/#listItem\",\"name\":\"Entrevista al president de la societat de ca\\u00e7adors\"},\"previousItem\":{\"@type\":\"ListItem\",\"@id\":\"https:\\\/\\\/elcabilo.com\\\/radio#listItem\",\"name\":\"Home\"}},{\"@type\":\"ListItem\",\"@id\":\"https:\\\/\\\/elcabilo.com\\\/radio\\\/2013\\\/01\\\/09\\\/entrevista-al-president-de-la-societat-de-cacadors\\\/#listItem\",\"position\":3,\"name\":\"Entrevista al president de la societat de ca\\u00e7adors\",\"previousItem\":{\"@type\":\"ListItem\",\"@id\":\"https:\\\/\\\/elcabilo.com\\\/radio\\\/category\\\/entrevistes\\\/#listItem\",\"name\":\"Entrevistes\"}}]},{\"@type\":\"Organization\",\"@id\":\"https:\\\/\\\/elcabilo.com\\\/radio\\\/#organization\",\"name\":\"Cabil\\u00f3 R\\u00e0dio\",\"description\":\"La r\\u00e0dio online de Sella\",\"url\":\"https:\\\/\\\/elcabilo.com\\\/radio\\\/\",\"logo\":{\"@type\":\"ImageObject\",\"url\":\"https:\\\/\\\/elcabilo.com\\\/radio\\\/files\\\/2023\\\/01\\\/cropped-logo_radio-1.gif\",\"@id\":\"https:\\\/\\\/elcabilo.com\\\/radio\\\/2013\\\/01\\\/09\\\/entrevista-al-president-de-la-societat-de-cacadors\\\/#organizationLogo\",\"width\":250,\"height\":50},\"image\":{\"@id\":\"https:\\\/\\\/elcabilo.com\\\/radio\\\/2013\\\/01\\\/09\\\/entrevista-al-president-de-la-societat-de-cacadors\\\/#organizationLogo\"}},{\"@type\":\"Person\",\"@id\":\"https:\\\/\\\/elcabilo.com\\\/radio\\\/author\\\/radio\\\/#author\",\"url\":\"https:\\\/\\\/elcabilo.com\\\/radio\\\/author\\\/radio\\\/\",\"name\":\"radio\",\"image\":{\"@type\":\"ImageObject\",\"@id\":\"https:\\\/\\\/elcabilo.com\\\/radio\\\/2013\\\/01\\\/09\\\/entrevista-al-president-de-la-societat-de-cacadors\\\/#authorImage\",\"url\":\"https:\\\/\\\/secure.gravatar.com\\\/avatar\\\/bb687b465db46b8e9255d0921cc346091032a91fe77f93721088d5decb8a2d1a?s=96&d=mm&r=g\",\"width\":96,\"height\":96,\"caption\":\"radio\"}},{\"@type\":\"WebPage\",\"@id\":\"https:\\\/\\\/elcabilo.com\\\/radio\\\/2013\\\/01\\\/09\\\/entrevista-al-president-de-la-societat-de-cacadors\\\/#webpage\",\"url\":\"https:\\\/\\\/elcabilo.com\\\/radio\\\/2013\\\/01\\\/09\\\/entrevista-al-president-de-la-societat-de-cacadors\\\/\",\"name\":\"Entrevista al president de la societat de ca\\u00e7adors - Cabil\\u00f3R\\u00e0dio\",\"description\":\"Vos heu quedat en ganes de sentir l'entrevista completa al president de la societat de ca\\u00e7adors? Ac\\u00ed vos la deixem: La entrevista del magaz\\u00edn de gener - Completamap :: {skin:'blue', width:'200', volume:0.5, autoplay:false, showVolumeLevel:true, showTime:true, showRew:true, downloadable:true}\",\"inLanguage\":\"ca\",\"isPartOf\":{\"@id\":\"https:\\\/\\\/elcabilo.com\\\/radio\\\/#website\"},\"breadcrumb\":{\"@id\":\"https:\\\/\\\/elcabilo.com\\\/radio\\\/2013\\\/01\\\/09\\\/entrevista-al-president-de-la-societat-de-cacadors\\\/#breadcrumblist\"},\"author\":{\"@id\":\"https:\\\/\\\/elcabilo.com\\\/radio\\\/author\\\/radio\\\/#author\"},\"creator\":{\"@id\":\"https:\\\/\\\/elcabilo.com\\\/radio\\\/author\\\/radio\\\/#author\"},\"image\":{\"@type\":\"ImageObject\",\"url\":\"https:\\\/\\\/elcabilo.com\\\/radio\\\/files\\\/2013\\\/01\\\/magazin2.jpg\",\"@id\":\"https:\\\/\\\/elcabilo.com\\\/radio\\\/2013\\\/01\\\/09\\\/entrevista-al-president-de-la-societat-de-cacadors\\\/#mainImage\",\"width\":900,\"height\":300},\"primaryImageOfPage\":{\"@id\":\"https:\\\/\\\/elcabilo.com\\\/radio\\\/2013\\\/01\\\/09\\\/entrevista-al-president-de-la-societat-de-cacadors\\\/#mainImage\"},\"datePublished\":\"2013-01-09T00:00:11+01:00\",\"dateModified\":\"2014-05-18T20:06:51+02:00\"},{\"@type\":\"WebSite\",\"@id\":\"https:\\\/\\\/elcabilo.com\\\/radio\\\/#website\",\"url\":\"https:\\\/\\\/elcabilo.com\\\/radio\\\/\",\"name\":\"Cabil\\u00f3 R\\u00e0dio\",\"description\":\"La r\\u00e0dio online de Sella\",\"inLanguage\":\"ca\",\"publisher\":{\"@id\":\"https:\\\/\\\/elcabilo.com\\\/radio\\\/#organization\"}}]}\n\t\t<\/script>\n\t\t<!-- All in One SEO -->\n\n","aioseo_head_json":{"title":"Entrevista al president de la societat de ca\u00e7adors - Cabil\u00f3R\u00e0dio","description":"Vos heu quedat en ganes de sentir l'entrevista completa al president de la societat de ca\u00e7adors? Ac\u00ed vos la deixem: La entrevista del magaz\u00edn de gener - Completamap :: {skin:'blue', width:'200', volume:0.5, autoplay:false, showVolumeLevel:true, showTime:true, showRew:true, downloadable:true}","canonical_url":"https:\/\/elcabilo.com\/radio\/2013\/01\/09\/entrevista-al-president-de-la-societat-de-cacadors\/","robots":"max-image-preview:large","keywords":"","webmasterTools":{"miscellaneous":""},"schema":{"@context":"https:\/\/schema.org","@graph":[{"@type":"BlogPosting","@id":"https:\/\/elcabilo.com\/radio\/2013\/01\/09\/entrevista-al-president-de-la-societat-de-cacadors\/#blogposting","name":"Entrevista al president de la societat de ca\u00e7adors - Cabil\u00f3R\u00e0dio","headline":"Entrevista al president de la societat de ca\u00e7adors","author":{"@id":"https:\/\/elcabilo.com\/radio\/author\/radio\/#author"},"publisher":{"@id":"https:\/\/elcabilo.com\/radio\/#organization"},"image":{"@type":"ImageObject","url":"https:\/\/elcabilo.com\/radio\/files\/2013\/01\/magazin2.jpg","width":900,"height":300},"datePublished":"2013-01-09T00:00:11+01:00","dateModified":"2014-05-18T20:06:51+02:00","inLanguage":"ca","commentCount":3,"mainEntityOfPage":{"@id":"https:\/\/elcabilo.com\/radio\/2013\/01\/09\/entrevista-al-president-de-la-societat-de-cacadors\/#webpage"},"isPartOf":{"@id":"https:\/\/elcabilo.com\/radio\/2013\/01\/09\/entrevista-al-president-de-la-societat-de-cacadors\/#webpage"},"articleSection":"Entrevistes"},{"@type":"BreadcrumbList","@id":"https:\/\/elcabilo.com\/radio\/2013\/01\/09\/entrevista-al-president-de-la-societat-de-cacadors\/#breadcrumblist","itemListElement":[{"@type":"ListItem","@id":"https:\/\/elcabilo.com\/radio#listItem","position":1,"name":"Home","item":"https:\/\/elcabilo.com\/radio","nextItem":{"@type":"ListItem","@id":"https:\/\/elcabilo.com\/radio\/category\/entrevistes\/#listItem","name":"Entrevistes"}},{"@type":"ListItem","@id":"https:\/\/elcabilo.com\/radio\/category\/entrevistes\/#listItem","position":2,"name":"Entrevistes","item":"https:\/\/elcabilo.com\/radio\/category\/entrevistes\/","nextItem":{"@type":"ListItem","@id":"https:\/\/elcabilo.com\/radio\/2013\/01\/09\/entrevista-al-president-de-la-societat-de-cacadors\/#listItem","name":"Entrevista al president de la societat de ca\u00e7adors"},"previousItem":{"@type":"ListItem","@id":"https:\/\/elcabilo.com\/radio#listItem","name":"Home"}},{"@type":"ListItem","@id":"https:\/\/elcabilo.com\/radio\/2013\/01\/09\/entrevista-al-president-de-la-societat-de-cacadors\/#listItem","position":3,"name":"Entrevista al president de la societat de ca\u00e7adors","previousItem":{"@type":"ListItem","@id":"https:\/\/elcabilo.com\/radio\/category\/entrevistes\/#listItem","name":"Entrevistes"}}]},{"@type":"Organization","@id":"https:\/\/elcabilo.com\/radio\/#organization","name":"Cabil\u00f3 R\u00e0dio","description":"La r\u00e0dio online de Sella","url":"https:\/\/elcabilo.com\/radio\/","logo":{"@type":"ImageObject","url":"https:\/\/elcabilo.com\/radio\/files\/2023\/01\/cropped-logo_radio-1.gif","@id":"https:\/\/elcabilo.com\/radio\/2013\/01\/09\/entrevista-al-president-de-la-societat-de-cacadors\/#organizationLogo","width":250,"height":50},"image":{"@id":"https:\/\/elcabilo.com\/radio\/2013\/01\/09\/entrevista-al-president-de-la-societat-de-cacadors\/#organizationLogo"}},{"@type":"Person","@id":"https:\/\/elcabilo.com\/radio\/author\/radio\/#author","url":"https:\/\/elcabilo.com\/radio\/author\/radio\/","name":"radio","image":{"@type":"ImageObject","@id":"https:\/\/elcabilo.com\/radio\/2013\/01\/09\/entrevista-al-president-de-la-societat-de-cacadors\/#authorImage","url":"https:\/\/secure.gravatar.com\/avatar\/bb687b465db46b8e9255d0921cc346091032a91fe77f93721088d5decb8a2d1a?s=96&d=mm&r=g","width":96,"height":96,"caption":"radio"}},{"@type":"WebPage","@id":"https:\/\/elcabilo.com\/radio\/2013\/01\/09\/entrevista-al-president-de-la-societat-de-cacadors\/#webpage","url":"https:\/\/elcabilo.com\/radio\/2013\/01\/09\/entrevista-al-president-de-la-societat-de-cacadors\/","name":"Entrevista al president de la societat de ca\u00e7adors - Cabil\u00f3R\u00e0dio","description":"Vos heu quedat en ganes de sentir l'entrevista completa al president de la societat de ca\u00e7adors? Ac\u00ed vos la deixem: La entrevista del magaz\u00edn de gener - Completamap :: {skin:'blue', width:'200', volume:0.5, autoplay:false, showVolumeLevel:true, showTime:true, showRew:true, downloadable:true}","inLanguage":"ca","isPartOf":{"@id":"https:\/\/elcabilo.com\/radio\/#website"},"breadcrumb":{"@id":"https:\/\/elcabilo.com\/radio\/2013\/01\/09\/entrevista-al-president-de-la-societat-de-cacadors\/#breadcrumblist"},"author":{"@id":"https:\/\/elcabilo.com\/radio\/author\/radio\/#author"},"creator":{"@id":"https:\/\/elcabilo.com\/radio\/author\/radio\/#author"},"image":{"@type":"ImageObject","url":"https:\/\/elcabilo.com\/radio\/files\/2013\/01\/magazin2.jpg","@id":"https:\/\/elcabilo.com\/radio\/2013\/01\/09\/entrevista-al-president-de-la-societat-de-cacadors\/#mainImage","width":900,"height":300},"primaryImageOfPage":{"@id":"https:\/\/elcabilo.com\/radio\/2013\/01\/09\/entrevista-al-president-de-la-societat-de-cacadors\/#mainImage"},"datePublished":"2013-01-09T00:00:11+01:00","dateModified":"2014-05-18T20:06:51+02:00"},{"@type":"WebSite","@id":"https:\/\/elcabilo.com\/radio\/#website","url":"https:\/\/elcabilo.com\/radio\/","name":"Cabil\u00f3 R\u00e0dio","description":"La r\u00e0dio online de Sella","inLanguage":"ca","publisher":{"@id":"https:\/\/elcabilo.com\/radio\/#organization"}}]},"og:locale":"ca_ES","og:site_name":"Cabil\u00f3R\u00e0dio - La r\u00e0dio online de Sella","og:type":"article","og:title":"Entrevista al president de la societat de ca\u00e7adors - Cabil\u00f3R\u00e0dio","og:description":"Vos heu quedat en ganes de sentir l'entrevista completa al president de la societat de ca\u00e7adors? Ac\u00ed vos la deixem: La entrevista del magaz\u00edn de gener - Completamap :: {skin:'blue', width:'200', volume:0.5, autoplay:false, showVolumeLevel:true, showTime:true, showRew:true, downloadable:true}","og:url":"https:\/\/elcabilo.com\/radio\/2013\/01\/09\/entrevista-al-president-de-la-societat-de-cacadors\/","og:image":"https:\/\/elcabilo.com\/radio\/files\/2023\/01\/cropped-logo_radio-1.gif","og:image:secure_url":"https:\/\/elcabilo.com\/radio\/files\/2023\/01\/cropped-logo_radio-1.gif","article:published_time":"2013-01-08T23:00:11+00:00","article:modified_time":"2014-05-18T18:06:51+00:00","twitter:card":"summary_large_image","twitter:title":"Entrevista al president de la societat de ca\u00e7adors - Cabil\u00f3R\u00e0dio","twitter:description":"Vos heu quedat en ganes de sentir l'entrevista completa al president de la societat de ca\u00e7adors? Ac\u00ed vos la deixem: La entrevista del magaz\u00edn de gener - Completamap :: {skin:'blue', width:'200', volume:0.5, autoplay:false, showVolumeLevel:true, showTime:true, showRew:true, downloadable:true}","twitter:image":"https:\/\/elcabilo.com\/radio\/files\/2023\/01\/cropped-logo_radio-1.gif"},"aioseo_meta_data":{"post_id":"236","title":null,"description":null,"keywords":null,"keyphrases":null,"primary_term":null,"canonical_url":null,"og_title":null,"og_description":null,"og_object_type":"default","og_image_type":"default","og_image_url":null,"og_image_width":null,"og_image_height":null,"og_image_custom_url":null,"og_image_custom_fields":null,"og_video":null,"og_custom_url":null,"og_article_section":null,"og_article_tags":null,"twitter_use_og":false,"twitter_card":"default","twitter_image_type":"default","twitter_image_url":null,"twitter_image_custom_url":null,"twitter_image_custom_fields":null,"twitter_title":null,"twitter_description":null,"schema":{"blockGraphs":[],"customGraphs":[],"default":{"data":{"Article":[],"Course":[],"Dataset":[],"FAQPage":[],"Movie":[],"Person":[],"Product":[],"ProductReview":[],"Car":[],"Recipe":[],"Service":[],"SoftwareApplication":[],"WebPage":[]},"graphName":"","isEnabled":true},"graphs":[]},"schema_type":"default","schema_type_options":null,"pillar_content":false,"robots_default":true,"robots_noindex":false,"robots_noarchive":false,"robots_nosnippet":false,"robots_nofollow":false,"robots_noimageindex":false,"robots_noodp":false,"robots_notranslate":false,"robots_max_snippet":null,"robots_max_videopreview":null,"robots_max_imagepreview":"large","priority":null,"frequency":null,"local_seo":null,"breadcrumb_settings":null,"limit_modified_date":false,"ai":null,"created":"2023-01-27 22:00:50","updated":"2025-06-08 18:56:32","seo_analyzer_scan_date":null,"focus_keyword":null,"additional_keywords":null,"truseo_locale":null},"aioseo_breadcrumb":"<div class=\"aioseo-breadcrumbs\"><span class=\"aioseo-breadcrumb\">\n\t\t\t<a href=\"https:\/\/elcabilo.com\/radio\" title=\"Home\">Home<\/a>\n\t\t<\/span><span class=\"aioseo-breadcrumb-separator\">&raquo;<\/span><span class=\"aioseo-breadcrumb\">\n\t\t\t<a href=\"https:\/\/elcabilo.com\/radio\/category\/entrevistes\/\" title=\"Entrevistes\">Entrevistes<\/a>\n\t\t<\/span><span class=\"aioseo-breadcrumb-separator\">&raquo;<\/span><span class=\"aioseo-breadcrumb\">\n\t\t\tEntrevista al president de la societat de ca\u00e7adors\n\t\t<\/span><\/div>","aioseo_breadcrumb_json":[{"label":"Home","link":"https:\/\/elcabilo.com\/radio"},{"label":"Entrevistes","link":"https:\/\/elcabilo.com\/radio\/category\/entrevistes\/"},{"label":"Entrevista al president de la societat de ca\u00e7adors","link":"https:\/\/elcabilo.com\/radio\/2013\/01\/09\/entrevista-al-president-de-la-societat-de-cacadors\/"}],"_links":{"self":[{"href":"https:\/\/elcabilo.com\/radio\/wp-json\/wp\/v2\/posts\/236","targetHints":{"allow":["GET"]}}],"collection":[{"href":"https:\/\/elcabilo.com\/radio\/wp-json\/wp\/v2\/posts"}],"about":[{"href":"https:\/\/elcabilo.com\/radio\/wp-json\/wp\/v2\/types\/post"}],"author":[{"embeddable":true,"href":"https:\/\/elcabilo.com\/radio\/wp-json\/wp\/v2\/users\/272"}],"replies":[{"embeddable":true,"href":"https:\/\/elcabilo.com\/radio\/wp-json\/wp\/v2\/comments?post=236"}],"version-history":[{"count":0,"href":"https:\/\/elcabilo.com\/radio\/wp-json\/wp\/v2\/posts\/236\/revisions"}],"wp:featuredmedia":[{"embeddable":true,"href":"https:\/\/elcabilo.com\/radio\/wp-json\/wp\/v2\/media\/223"}],"wp:attachment":[{"href":"https:\/\/elcabilo.com\/radio\/wp-json\/wp\/v2\/media?parent=236"}],"wp:term":[{"taxonomy":"category","embeddable":true,"href":"https:\/\/elcabilo.com\/radio\/wp-json\/wp\/v2\/categories?post=236"},{"taxonomy":"post_tag","embeddable":true,"href":"https:\/\/elcabilo.com\/radio\/wp-json\/wp\/v2\/tags?post=236"}],"curies":[{"name":"wp","href":"https:\/\/api.w.org\/{rel}","templated":true}]}}