{"id":269,"date":"2013-01-14T00:00:56","date_gmt":"2013-01-13T23:00:56","guid":{"rendered":"http:\/\/elcabilo.com\/radio\/?p=269"},"modified":"2013-01-14T00:01:11","modified_gmt":"2013-01-13T23:01:11","slug":"la-coveta-dels-somnis-1r-programa","status":"publish","type":"post","link":"https:\/\/elcabilo.com\/radio\/2013\/01\/14\/la-coveta-dels-somnis-1r-programa\/","title":{"rendered":"La coveta dels somnis \u2013 1r programa"},"content":{"rendered":"<p style=\"text-align: justify\">Ac\u00ed teniu el primer programa de &#8216;La coveta dels somnis&#8217;, l&#8217;espai que dediquem en Cabil\u00f3 R\u00e0dio a la cultura feta a Sella i per gent del poble. Esperem la vostra col\u00b7laboraci\u00f3 enviant-nos propostes de temes a tractar i not\u00edcies que puguem comentar.<\/p>\n<p style=\"text-align: justify\">En este primer programa tractem les rutes de fugida dels moriscos per la comarca, l&#8217;exposici\u00f3 de Joves de la Marina Baixa, els concerts de santa Cec\u00edlia i de Nadal, Komfusi\u00f3 al Festivern i Paraules i m\u00fasica.<\/p>\n<p style=\"text-align: center\"><a class=\"{skin:'blue', width:'200', volume:0.5, autoplay:false, showVolumeLevel:true, showTime:true, showRew:true, downloadable:true}\" id=\"mbmaplayer_1358110354759\" href=\"http:\/\/archive.org\/download\/cultura_gener_13\/La_coveta_dels_somnis_01.mp3\">La coveta dels somnis 1<\/a><textarea class=\"map_params\" style=\"padding: 3px;background: #444;color: #fff;text-decoration: none\" disabled=\"disabled\">map :: {skin:&#8217;blue&#8217;, width:&#8217;200&#8242;, volume:0.5, autoplay:false, showVolumeLevel:true, showTime:true, showRew:true, downloadable:true}<\/textarea><\/p>\n<p>\u00a0Si polseu en llegir m\u00e9s, voreu alguns\u00a0enlla\u00e7os relacionats amb els temes tractats al programa.<\/p>\n<p><!--more--><\/p>\n<p>MORISCOS:<\/p>\n<p><i>\u00a0<\/i><i><span style=\"text-decoration: underline\">Audiovisuals:<\/span><\/i><\/p>\n<p><i>Moriscos, els valencians oblidats, InfoTV<br \/>\n<\/i><i>[<a href=\"http:\/\/www.infotelevisio.com\/documentals\/moriscos\/\">http:\/\/www.infotelevisio.com\/documentals\/moriscos\/<\/a>]<\/i><\/p>\n<p><i>\u00a0<\/i><i>De terra endins, de mar enll\u00e0, RTVV<br \/>\n<\/i><i>[<a href=\"http:\/\/www.rtvv.es\/va\/carretera_i_manta\/terra-endins-mar-enlla_3_654564566.html\">http:\/\/www.rtvv.es\/va\/carretera_i_manta\/terra-endins-mar-enlla_3_654564566.html<\/a>]<\/i><\/p>\n<p><i>\u00a0<\/i><i>Aniversari de l&#8217;expulsi\u00f3, RTVV<br \/>\n<\/i><i>[<a href=\"http:\/\/www.rtvv.es\/va\/carretera_i_manta\/Aniversari-lexpulsio-dels-moriscos_3_653964647.html\">http:\/\/www.rtvv.es\/va\/carretera_i_manta\/Aniversari-lexpulsio-dels-moriscos_3_653964647.html<\/a>]<\/i><\/p>\n<p><i>\u00a0<\/i><i>400 anys despr\u00e9s, TVC<br \/>\n<\/i><i>[<a href=\"http:\/\/www.tv3.cat\/videos\/3158210\/400-anys-despres\">http:\/\/www.tv3.cat\/videos\/3158210\/400-anys-despres<\/a>]<\/i><i>\u00a0<\/i><\/p>\n<p><i>Expulsats: la trag\u00e8dia dels moriscos, TVC<br \/>\n<\/i><i>[<a href=\"http:\/\/www.tv3.cat\/videos\/2464459\/Expulsats-la-tragedia-dels-moriscos\">http:\/\/www.tv3.cat\/videos\/2464459\/Expulsats-la-tragedia-dels-moriscos<\/a>]<\/i><i>\u00a0<\/i><\/p>\n<p><i><span style=\"text-decoration: underline\">Literatura:<\/span><\/i><\/p>\n<p><i>Vida i final dels moriscos valencians, Joan Francesc Mira, Bromera.<br \/>\n<\/i><i>[<a href=\"http:\/\/www.bromera.com\/fitxa-llibre-coleccions\/items\/vida-i-final-dels-moriscos-valencians.html\">http:\/\/www.bromera.com\/fitxa-llibre-coleccions\/items\/vida-i-final-dels-moriscos-valencians.html<\/a>]<\/i><i>\u00a0<\/i><\/p>\n<p><i>L&#8217;\u00faltim muetz\u00ed, Rafael Escobar, 3i4.<br \/>\n<\/i><i>[<a href=\"http:\/\/www.tresiquatre.com\/llibres\/?li_id=28250\">http:\/\/www.tresiquatre.com\/llibres\/?li_id=28250<\/a>]<\/i><\/p>\n<p><i>\u00a0<\/i><i>Les veus de la vall, Rafael Escobar, 3i4.<br \/>\n<\/i><i>[<a href=\"http:\/\/www.tresiquatre.com\/llibres\/?li_id=28285\">http:\/\/www.tresiquatre.com\/llibres\/?li_id=28285<\/a>]<\/i><\/p>\n<p>KOMFUSI\u00d3 AL FESTIVERN<\/p>\n<p><i>Festivern<br \/>\n<\/i><i>[<a href=\"http:\/\/www.festivern.info\/\">www.festivern.info<\/a>]<\/i><\/p>\n<p><i>\u00a0<\/i><i>Reportatge Festivern 2012-2013, PomeloTV<br \/>\n<\/i><i>[<a href=\"https:\/\/www.youtube.com\/watch?feature=player_embedded&amp;v=xKUuzf0WNsE\">https:\/\/www.youtube.com\/watch?feature=player_embedded&amp;v=xKUuzf0WNsE<\/a>] (Komfusi\u00f3 a partir del minut 6)<\/i><i>\u00a0<\/i><\/p>\n<p><i>Triatl\u00f3 de ping\u00fcins \u2013 Festivern 2012-2013<br \/>\n<\/i><i>[<a href=\"http:\/\/www.youtube.com\/watch?feature=player_embedded&amp;v=RsvG05tZZhg\">http:\/\/www.youtube.com\/watch?feature=player_embedded&amp;v=RsvG05tZZhg<\/a>]<\/i><\/p>\n","protected":false},"excerpt":{"rendered":"<p>Ac\u00ed teniu el primer programa de &#8216;La coveta dels somnis&#8217;, l&#8217;espai que dediquem en Cabil\u00f3 R\u00e0dio a la cultura feta a Sella i per gent del poble. Esperem la vostra col\u00b7laboraci\u00f3 enviant-nos propostes de temes a tractar i not\u00edcies que puguem comentar. En este primer programa tractem les rutes de fugida dels moriscos per la [&hellip;]<\/p>\n","protected":false},"author":272,"featured_media":268,"comment_status":"open","ping_status":"open","sticky":false,"template":"","format":"standard","meta":{"_exactmetrics_skip_tracking":false,"footnotes":""},"categories":[15],"tags":[],"class_list":["post-269","post","type-post","status-publish","format-standard","has-post-thumbnail","hentry","category-la-coveta-dels-somnis"],"aioseo_notices":[],"aioseo_head":"\n\t\t<!-- All in One SEO 5.0.1 - aioseo.com -->\n\t<meta name=\"description\" content=\"Ac\u00ed teniu el primer programa de &#039;La coveta dels somnis&#039;, l&#039;espai que dediquem en Cabil\u00f3 R\u00e0dio a la cultura feta a Sella i per gent del poble. Esperem la vostra col\u00b7laboraci\u00f3 enviant-nos propostes de temes a tractar i not\u00edcies que puguem comentar. En este primer programa tractem les rutes de fugida dels moriscos per la\" \/>\n\t<meta name=\"robots\" content=\"max-image-preview:large\" \/>\n\t<meta name=\"author\" content=\"radio\"\/>\n\t<link rel=\"canonical\" href=\"https:\/\/elcabilo.com\/radio\/2013\/01\/14\/la-coveta-dels-somnis-1r-programa\/\" \/>\n\t<meta name=\"generator\" content=\"All in One SEO (AIOSEO) 5.0.1\" \/>\n\t\t<meta property=\"og:locale\" content=\"ca_ES\" \/>\n\t\t<meta property=\"og:site_name\" content=\"Cabil\u00f3R\u00e0dio - La r\u00e0dio online de Sella\" \/>\n\t\t<meta property=\"og:type\" content=\"article\" \/>\n\t\t<meta property=\"og:title\" content=\"La coveta dels somnis \u2013 1r programa - Cabil\u00f3R\u00e0dio\" \/>\n\t\t<meta property=\"og:description\" content=\"Ac\u00ed teniu el primer programa de &#039;La coveta dels somnis&#039;, l&#039;espai que dediquem en Cabil\u00f3 R\u00e0dio a la cultura feta a Sella i per gent del poble. Esperem la vostra col\u00b7laboraci\u00f3 enviant-nos propostes de temes a tractar i not\u00edcies que puguem comentar. En este primer programa tractem les rutes de fugida dels moriscos per la\" \/>\n\t\t<meta property=\"og:url\" content=\"https:\/\/elcabilo.com\/radio\/2013\/01\/14\/la-coveta-dels-somnis-1r-programa\/\" \/>\n\t\t<meta property=\"og:image\" content=\"https:\/\/elcabilo.com\/radio\/files\/2023\/01\/cropped-logo_radio-1.gif\" \/>\n\t\t<meta property=\"og:image:secure_url\" content=\"https:\/\/elcabilo.com\/radio\/files\/2023\/01\/cropped-logo_radio-1.gif\" \/>\n\t\t<meta property=\"article:published_time\" content=\"2013-01-13T23:00:56+00:00\" \/>\n\t\t<meta property=\"article:modified_time\" content=\"2013-01-13T23:01:11+00:00\" \/>\n\t\t<meta name=\"twitter:card\" content=\"summary_large_image\" \/>\n\t\t<meta name=\"twitter:title\" content=\"La coveta dels somnis \u2013 1r programa - Cabil\u00f3R\u00e0dio\" \/>\n\t\t<meta name=\"twitter:description\" content=\"Ac\u00ed teniu el primer programa de &#039;La coveta dels somnis&#039;, l&#039;espai que dediquem en Cabil\u00f3 R\u00e0dio a la cultura feta a Sella i per gent del poble. Esperem la vostra col\u00b7laboraci\u00f3 enviant-nos propostes de temes a tractar i not\u00edcies que puguem comentar. En este primer programa tractem les rutes de fugida dels moriscos per la\" \/>\n\t\t<meta name=\"twitter:image\" content=\"https:\/\/elcabilo.com\/radio\/files\/2023\/01\/cropped-logo_radio-1.gif\" \/>\n\t\t<script type=\"application\/ld+json\" class=\"aioseo-schema\">\n\t\t\t{\"@context\":\"https:\\\/\\\/schema.org\",\"@graph\":[{\"@type\":\"BlogPosting\",\"@id\":\"https:\\\/\\\/elcabilo.com\\\/radio\\\/2013\\\/01\\\/14\\\/la-coveta-dels-somnis-1r-programa\\\/#blogposting\",\"name\":\"La coveta dels somnis \\u2013 1r programa - Cabil\\u00f3R\\u00e0dio\",\"headline\":\"La coveta dels somnis \\u2013 1r programa\",\"author\":{\"@id\":\"https:\\\/\\\/elcabilo.com\\\/radio\\\/author\\\/radio\\\/#author\"},\"publisher\":{\"@id\":\"https:\\\/\\\/elcabilo.com\\\/radio\\\/#organization\"},\"image\":{\"@type\":\"ImageObject\",\"url\":\"https:\\\/\\\/elcabilo.com\\\/radio\\\/files\\\/2013\\\/01\\\/Lacovetadelssomnis-capcalera.jpg\",\"width\":898,\"height\":302},\"datePublished\":\"2013-01-14T00:00:56+01:00\",\"dateModified\":\"2013-01-14T00:01:11+01:00\",\"inLanguage\":\"ca\",\"commentCount\":1,\"mainEntityOfPage\":{\"@id\":\"https:\\\/\\\/elcabilo.com\\\/radio\\\/2013\\\/01\\\/14\\\/la-coveta-dels-somnis-1r-programa\\\/#webpage\"},\"isPartOf\":{\"@id\":\"https:\\\/\\\/elcabilo.com\\\/radio\\\/2013\\\/01\\\/14\\\/la-coveta-dels-somnis-1r-programa\\\/#webpage\"},\"articleSection\":\"La coveta dels somnis\"},{\"@type\":\"BreadcrumbList\",\"@id\":\"https:\\\/\\\/elcabilo.com\\\/radio\\\/2013\\\/01\\\/14\\\/la-coveta-dels-somnis-1r-programa\\\/#breadcrumblist\",\"itemListElement\":[{\"@type\":\"ListItem\",\"@id\":\"https:\\\/\\\/elcabilo.com\\\/radio#listItem\",\"position\":1,\"name\":\"Home\",\"item\":\"https:\\\/\\\/elcabilo.com\\\/radio\",\"nextItem\":{\"@type\":\"ListItem\",\"@id\":\"https:\\\/\\\/elcabilo.com\\\/radio\\\/category\\\/programes\\\/#listItem\",\"name\":\"Programes\"}},{\"@type\":\"ListItem\",\"@id\":\"https:\\\/\\\/elcabilo.com\\\/radio\\\/category\\\/programes\\\/#listItem\",\"position\":2,\"name\":\"Programes\",\"item\":\"https:\\\/\\\/elcabilo.com\\\/radio\\\/category\\\/programes\\\/\",\"nextItem\":{\"@type\":\"ListItem\",\"@id\":\"https:\\\/\\\/elcabilo.com\\\/radio\\\/category\\\/programes\\\/la-coveta-dels-somnis\\\/#listItem\",\"name\":\"La coveta dels somnis\"},\"previousItem\":{\"@type\":\"ListItem\",\"@id\":\"https:\\\/\\\/elcabilo.com\\\/radio#listItem\",\"name\":\"Home\"}},{\"@type\":\"ListItem\",\"@id\":\"https:\\\/\\\/elcabilo.com\\\/radio\\\/category\\\/programes\\\/la-coveta-dels-somnis\\\/#listItem\",\"position\":3,\"name\":\"La coveta dels somnis\",\"item\":\"https:\\\/\\\/elcabilo.com\\\/radio\\\/category\\\/programes\\\/la-coveta-dels-somnis\\\/\",\"nextItem\":{\"@type\":\"ListItem\",\"@id\":\"https:\\\/\\\/elcabilo.com\\\/radio\\\/2013\\\/01\\\/14\\\/la-coveta-dels-somnis-1r-programa\\\/#listItem\",\"name\":\"La coveta dels somnis \\u2013 1r programa\"},\"previousItem\":{\"@type\":\"ListItem\",\"@id\":\"https:\\\/\\\/elcabilo.com\\\/radio\\\/category\\\/programes\\\/#listItem\",\"name\":\"Programes\"}},{\"@type\":\"ListItem\",\"@id\":\"https:\\\/\\\/elcabilo.com\\\/radio\\\/2013\\\/01\\\/14\\\/la-coveta-dels-somnis-1r-programa\\\/#listItem\",\"position\":4,\"name\":\"La coveta dels somnis \\u2013 1r programa\",\"previousItem\":{\"@type\":\"ListItem\",\"@id\":\"https:\\\/\\\/elcabilo.com\\\/radio\\\/category\\\/programes\\\/la-coveta-dels-somnis\\\/#listItem\",\"name\":\"La coveta dels somnis\"}}]},{\"@type\":\"Organization\",\"@id\":\"https:\\\/\\\/elcabilo.com\\\/radio\\\/#organization\",\"name\":\"Cabil\\u00f3 R\\u00e0dio\",\"description\":\"La r\\u00e0dio online de Sella\",\"url\":\"https:\\\/\\\/elcabilo.com\\\/radio\\\/\",\"logo\":{\"@type\":\"ImageObject\",\"url\":\"https:\\\/\\\/elcabilo.com\\\/radio\\\/files\\\/2023\\\/01\\\/cropped-logo_radio-1.gif\",\"@id\":\"https:\\\/\\\/elcabilo.com\\\/radio\\\/2013\\\/01\\\/14\\\/la-coveta-dels-somnis-1r-programa\\\/#organizationLogo\",\"width\":250,\"height\":50},\"image\":{\"@id\":\"https:\\\/\\\/elcabilo.com\\\/radio\\\/2013\\\/01\\\/14\\\/la-coveta-dels-somnis-1r-programa\\\/#organizationLogo\"}},{\"@type\":\"Person\",\"@id\":\"https:\\\/\\\/elcabilo.com\\\/radio\\\/author\\\/radio\\\/#author\",\"url\":\"https:\\\/\\\/elcabilo.com\\\/radio\\\/author\\\/radio\\\/\",\"name\":\"radio\",\"image\":{\"@type\":\"ImageObject\",\"@id\":\"https:\\\/\\\/elcabilo.com\\\/radio\\\/2013\\\/01\\\/14\\\/la-coveta-dels-somnis-1r-programa\\\/#authorImage\",\"url\":\"https:\\\/\\\/secure.gravatar.com\\\/avatar\\\/bb687b465db46b8e9255d0921cc346091032a91fe77f93721088d5decb8a2d1a?s=96&d=mm&r=g\",\"width\":96,\"height\":96,\"caption\":\"radio\"}},{\"@type\":\"WebPage\",\"@id\":\"https:\\\/\\\/elcabilo.com\\\/radio\\\/2013\\\/01\\\/14\\\/la-coveta-dels-somnis-1r-programa\\\/#webpage\",\"url\":\"https:\\\/\\\/elcabilo.com\\\/radio\\\/2013\\\/01\\\/14\\\/la-coveta-dels-somnis-1r-programa\\\/\",\"name\":\"La coveta dels somnis \\u2013 1r programa - Cabil\\u00f3R\\u00e0dio\",\"description\":\"Ac\\u00ed teniu el primer programa de 'La coveta dels somnis', l'espai que dediquem en Cabil\\u00f3 R\\u00e0dio a la cultura feta a Sella i per gent del poble. Esperem la vostra col\\u00b7laboraci\\u00f3 enviant-nos propostes de temes a tractar i not\\u00edcies que puguem comentar. En este primer programa tractem les rutes de fugida dels moriscos per la\",\"inLanguage\":\"ca\",\"isPartOf\":{\"@id\":\"https:\\\/\\\/elcabilo.com\\\/radio\\\/#website\"},\"breadcrumb\":{\"@id\":\"https:\\\/\\\/elcabilo.com\\\/radio\\\/2013\\\/01\\\/14\\\/la-coveta-dels-somnis-1r-programa\\\/#breadcrumblist\"},\"author\":{\"@id\":\"https:\\\/\\\/elcabilo.com\\\/radio\\\/author\\\/radio\\\/#author\"},\"creator\":{\"@id\":\"https:\\\/\\\/elcabilo.com\\\/radio\\\/author\\\/radio\\\/#author\"},\"image\":{\"@type\":\"ImageObject\",\"url\":\"https:\\\/\\\/elcabilo.com\\\/radio\\\/files\\\/2013\\\/01\\\/Lacovetadelssomnis-capcalera.jpg\",\"@id\":\"https:\\\/\\\/elcabilo.com\\\/radio\\\/2013\\\/01\\\/14\\\/la-coveta-dels-somnis-1r-programa\\\/#mainImage\",\"width\":898,\"height\":302},\"primaryImageOfPage\":{\"@id\":\"https:\\\/\\\/elcabilo.com\\\/radio\\\/2013\\\/01\\\/14\\\/la-coveta-dels-somnis-1r-programa\\\/#mainImage\"},\"datePublished\":\"2013-01-14T00:00:56+01:00\",\"dateModified\":\"2013-01-14T00:01:11+01:00\"},{\"@type\":\"WebSite\",\"@id\":\"https:\\\/\\\/elcabilo.com\\\/radio\\\/#website\",\"url\":\"https:\\\/\\\/elcabilo.com\\\/radio\\\/\",\"name\":\"Cabil\\u00f3 R\\u00e0dio\",\"description\":\"La r\\u00e0dio online de Sella\",\"inLanguage\":\"ca\",\"publisher\":{\"@id\":\"https:\\\/\\\/elcabilo.com\\\/radio\\\/#organization\"}}]}\n\t\t<\/script>\n\t\t<!-- All in One SEO -->\n\n","aioseo_head_json":{"title":"La coveta dels somnis \u2013 1r programa - Cabil\u00f3R\u00e0dio","description":"Ac\u00ed teniu el primer programa de 'La coveta dels somnis', l'espai que dediquem en Cabil\u00f3 R\u00e0dio a la cultura feta a Sella i per gent del poble. Esperem la vostra col\u00b7laboraci\u00f3 enviant-nos propostes de temes a tractar i not\u00edcies que puguem comentar. En este primer programa tractem les rutes de fugida dels moriscos per la","canonical_url":"https:\/\/elcabilo.com\/radio\/2013\/01\/14\/la-coveta-dels-somnis-1r-programa\/","robots":"max-image-preview:large","keywords":"","webmasterTools":{"miscellaneous":""},"schema":{"@context":"https:\/\/schema.org","@graph":[{"@type":"BlogPosting","@id":"https:\/\/elcabilo.com\/radio\/2013\/01\/14\/la-coveta-dels-somnis-1r-programa\/#blogposting","name":"La coveta dels somnis \u2013 1r programa - Cabil\u00f3R\u00e0dio","headline":"La coveta dels somnis \u2013 1r programa","author":{"@id":"https:\/\/elcabilo.com\/radio\/author\/radio\/#author"},"publisher":{"@id":"https:\/\/elcabilo.com\/radio\/#organization"},"image":{"@type":"ImageObject","url":"https:\/\/elcabilo.com\/radio\/files\/2013\/01\/Lacovetadelssomnis-capcalera.jpg","width":898,"height":302},"datePublished":"2013-01-14T00:00:56+01:00","dateModified":"2013-01-14T00:01:11+01:00","inLanguage":"ca","commentCount":1,"mainEntityOfPage":{"@id":"https:\/\/elcabilo.com\/radio\/2013\/01\/14\/la-coveta-dels-somnis-1r-programa\/#webpage"},"isPartOf":{"@id":"https:\/\/elcabilo.com\/radio\/2013\/01\/14\/la-coveta-dels-somnis-1r-programa\/#webpage"},"articleSection":"La coveta dels somnis"},{"@type":"BreadcrumbList","@id":"https:\/\/elcabilo.com\/radio\/2013\/01\/14\/la-coveta-dels-somnis-1r-programa\/#breadcrumblist","itemListElement":[{"@type":"ListItem","@id":"https:\/\/elcabilo.com\/radio#listItem","position":1,"name":"Home","item":"https:\/\/elcabilo.com\/radio","nextItem":{"@type":"ListItem","@id":"https:\/\/elcabilo.com\/radio\/category\/programes\/#listItem","name":"Programes"}},{"@type":"ListItem","@id":"https:\/\/elcabilo.com\/radio\/category\/programes\/#listItem","position":2,"name":"Programes","item":"https:\/\/elcabilo.com\/radio\/category\/programes\/","nextItem":{"@type":"ListItem","@id":"https:\/\/elcabilo.com\/radio\/category\/programes\/la-coveta-dels-somnis\/#listItem","name":"La coveta dels somnis"},"previousItem":{"@type":"ListItem","@id":"https:\/\/elcabilo.com\/radio#listItem","name":"Home"}},{"@type":"ListItem","@id":"https:\/\/elcabilo.com\/radio\/category\/programes\/la-coveta-dels-somnis\/#listItem","position":3,"name":"La coveta dels somnis","item":"https:\/\/elcabilo.com\/radio\/category\/programes\/la-coveta-dels-somnis\/","nextItem":{"@type":"ListItem","@id":"https:\/\/elcabilo.com\/radio\/2013\/01\/14\/la-coveta-dels-somnis-1r-programa\/#listItem","name":"La coveta dels somnis \u2013 1r programa"},"previousItem":{"@type":"ListItem","@id":"https:\/\/elcabilo.com\/radio\/category\/programes\/#listItem","name":"Programes"}},{"@type":"ListItem","@id":"https:\/\/elcabilo.com\/radio\/2013\/01\/14\/la-coveta-dels-somnis-1r-programa\/#listItem","position":4,"name":"La coveta dels somnis \u2013 1r programa","previousItem":{"@type":"ListItem","@id":"https:\/\/elcabilo.com\/radio\/category\/programes\/la-coveta-dels-somnis\/#listItem","name":"La coveta dels somnis"}}]},{"@type":"Organization","@id":"https:\/\/elcabilo.com\/radio\/#organization","name":"Cabil\u00f3 R\u00e0dio","description":"La r\u00e0dio online de Sella","url":"https:\/\/elcabilo.com\/radio\/","logo":{"@type":"ImageObject","url":"https:\/\/elcabilo.com\/radio\/files\/2023\/01\/cropped-logo_radio-1.gif","@id":"https:\/\/elcabilo.com\/radio\/2013\/01\/14\/la-coveta-dels-somnis-1r-programa\/#organizationLogo","width":250,"height":50},"image":{"@id":"https:\/\/elcabilo.com\/radio\/2013\/01\/14\/la-coveta-dels-somnis-1r-programa\/#organizationLogo"}},{"@type":"Person","@id":"https:\/\/elcabilo.com\/radio\/author\/radio\/#author","url":"https:\/\/elcabilo.com\/radio\/author\/radio\/","name":"radio","image":{"@type":"ImageObject","@id":"https:\/\/elcabilo.com\/radio\/2013\/01\/14\/la-coveta-dels-somnis-1r-programa\/#authorImage","url":"https:\/\/secure.gravatar.com\/avatar\/bb687b465db46b8e9255d0921cc346091032a91fe77f93721088d5decb8a2d1a?s=96&d=mm&r=g","width":96,"height":96,"caption":"radio"}},{"@type":"WebPage","@id":"https:\/\/elcabilo.com\/radio\/2013\/01\/14\/la-coveta-dels-somnis-1r-programa\/#webpage","url":"https:\/\/elcabilo.com\/radio\/2013\/01\/14\/la-coveta-dels-somnis-1r-programa\/","name":"La coveta dels somnis \u2013 1r programa - Cabil\u00f3R\u00e0dio","description":"Ac\u00ed teniu el primer programa de 'La coveta dels somnis', l'espai que dediquem en Cabil\u00f3 R\u00e0dio a la cultura feta a Sella i per gent del poble. Esperem la vostra col\u00b7laboraci\u00f3 enviant-nos propostes de temes a tractar i not\u00edcies que puguem comentar. En este primer programa tractem les rutes de fugida dels moriscos per la","inLanguage":"ca","isPartOf":{"@id":"https:\/\/elcabilo.com\/radio\/#website"},"breadcrumb":{"@id":"https:\/\/elcabilo.com\/radio\/2013\/01\/14\/la-coveta-dels-somnis-1r-programa\/#breadcrumblist"},"author":{"@id":"https:\/\/elcabilo.com\/radio\/author\/radio\/#author"},"creator":{"@id":"https:\/\/elcabilo.com\/radio\/author\/radio\/#author"},"image":{"@type":"ImageObject","url":"https:\/\/elcabilo.com\/radio\/files\/2013\/01\/Lacovetadelssomnis-capcalera.jpg","@id":"https:\/\/elcabilo.com\/radio\/2013\/01\/14\/la-coveta-dels-somnis-1r-programa\/#mainImage","width":898,"height":302},"primaryImageOfPage":{"@id":"https:\/\/elcabilo.com\/radio\/2013\/01\/14\/la-coveta-dels-somnis-1r-programa\/#mainImage"},"datePublished":"2013-01-14T00:00:56+01:00","dateModified":"2013-01-14T00:01:11+01:00"},{"@type":"WebSite","@id":"https:\/\/elcabilo.com\/radio\/#website","url":"https:\/\/elcabilo.com\/radio\/","name":"Cabil\u00f3 R\u00e0dio","description":"La r\u00e0dio online de Sella","inLanguage":"ca","publisher":{"@id":"https:\/\/elcabilo.com\/radio\/#organization"}}]},"og:locale":"ca_ES","og:site_name":"Cabil\u00f3R\u00e0dio - La r\u00e0dio online de Sella","og:type":"article","og:title":"La coveta dels somnis \u2013 1r programa - Cabil\u00f3R\u00e0dio","og:description":"Ac\u00ed teniu el primer programa de 'La coveta dels somnis', l'espai que dediquem en Cabil\u00f3 R\u00e0dio a la cultura feta a Sella i per gent del poble. Esperem la vostra col\u00b7laboraci\u00f3 enviant-nos propostes de temes a tractar i not\u00edcies que puguem comentar. En este primer programa tractem les rutes de fugida dels moriscos per la","og:url":"https:\/\/elcabilo.com\/radio\/2013\/01\/14\/la-coveta-dels-somnis-1r-programa\/","og:image":"https:\/\/elcabilo.com\/radio\/files\/2023\/01\/cropped-logo_radio-1.gif","og:image:secure_url":"https:\/\/elcabilo.com\/radio\/files\/2023\/01\/cropped-logo_radio-1.gif","article:published_time":"2013-01-13T23:00:56+00:00","article:modified_time":"2013-01-13T23:01:11+00:00","twitter:card":"summary_large_image","twitter:title":"La coveta dels somnis \u2013 1r programa - Cabil\u00f3R\u00e0dio","twitter:description":"Ac\u00ed teniu el primer programa de 'La coveta dels somnis', l'espai que dediquem en Cabil\u00f3 R\u00e0dio a la cultura feta a Sella i per gent del poble. Esperem la vostra col\u00b7laboraci\u00f3 enviant-nos propostes de temes a tractar i not\u00edcies que puguem comentar. En este primer programa tractem les rutes de fugida dels moriscos per la","twitter:image":"https:\/\/elcabilo.com\/radio\/files\/2023\/01\/cropped-logo_radio-1.gif"},"aioseo_meta_data":{"post_id":"269","title":null,"description":null,"keywords":null,"keyphrases":null,"primary_term":null,"canonical_url":null,"og_title":null,"og_description":null,"og_object_type":"default","og_image_type":"default","og_image_url":null,"og_image_width":null,"og_image_height":null,"og_image_custom_url":null,"og_image_custom_fields":null,"og_video":null,"og_custom_url":null,"og_article_section":null,"og_article_tags":null,"twitter_use_og":false,"twitter_card":"default","twitter_image_type":"default","twitter_image_url":null,"twitter_image_custom_url":null,"twitter_image_custom_fields":null,"twitter_title":null,"twitter_description":null,"schema":{"blockGraphs":[],"customGraphs":[],"default":{"data":{"Article":[],"Course":[],"Dataset":[],"FAQPage":[],"Movie":[],"Person":[],"Product":[],"ProductReview":[],"Car":[],"Recipe":[],"Service":[],"SoftwareApplication":[],"WebPage":[]},"graphName":"","isEnabled":true},"graphs":[]},"schema_type":"default","schema_type_options":null,"pillar_content":false,"robots_default":true,"robots_noindex":false,"robots_noarchive":false,"robots_nosnippet":false,"robots_nofollow":false,"robots_noimageindex":false,"robots_noodp":false,"robots_notranslate":false,"robots_max_snippet":null,"robots_max_videopreview":null,"robots_max_imagepreview":"large","priority":null,"frequency":null,"local_seo":null,"breadcrumb_settings":null,"limit_modified_date":false,"ai":null,"created":"2023-01-27 22:00:50","updated":"2025-06-08 18:56:32","seo_analyzer_scan_date":null,"focus_keyword":null,"additional_keywords":null,"truseo_locale":null},"aioseo_breadcrumb":"<div class=\"aioseo-breadcrumbs\"><span class=\"aioseo-breadcrumb\">\n\t\t\t<a href=\"https:\/\/elcabilo.com\/radio\" title=\"Home\">Home<\/a>\n\t\t<\/span><span class=\"aioseo-breadcrumb-separator\">&raquo;<\/span><span class=\"aioseo-breadcrumb\">\n\t\t\t<a href=\"https:\/\/elcabilo.com\/radio\/category\/programes\/\" title=\"Programes\">Programes<\/a>\n\t\t<\/span><span class=\"aioseo-breadcrumb-separator\">&raquo;<\/span><span class=\"aioseo-breadcrumb\">\n\t\t\t<a href=\"https:\/\/elcabilo.com\/radio\/category\/programes\/la-coveta-dels-somnis\/\" title=\"La coveta dels somnis\">La coveta dels somnis<\/a>\n\t\t<\/span><span class=\"aioseo-breadcrumb-separator\">&raquo;<\/span><span class=\"aioseo-breadcrumb\">\n\t\t\tLa coveta dels somnis \u2013 1r programa\n\t\t<\/span><\/div>","aioseo_breadcrumb_json":[{"label":"Home","link":"https:\/\/elcabilo.com\/radio"},{"label":"Programes","link":"https:\/\/elcabilo.com\/radio\/category\/programes\/"},{"label":"La coveta dels somnis","link":"https:\/\/elcabilo.com\/radio\/category\/programes\/la-coveta-dels-somnis\/"},{"label":"La coveta dels somnis \u2013 1r programa","link":"https:\/\/elcabilo.com\/radio\/2013\/01\/14\/la-coveta-dels-somnis-1r-programa\/"}],"_links":{"self":[{"href":"https:\/\/elcabilo.com\/radio\/wp-json\/wp\/v2\/posts\/269","targetHints":{"allow":["GET"]}}],"collection":[{"href":"https:\/\/elcabilo.com\/radio\/wp-json\/wp\/v2\/posts"}],"about":[{"href":"https:\/\/elcabilo.com\/radio\/wp-json\/wp\/v2\/types\/post"}],"author":[{"embeddable":true,"href":"https:\/\/elcabilo.com\/radio\/wp-json\/wp\/v2\/users\/272"}],"replies":[{"embeddable":true,"href":"https:\/\/elcabilo.com\/radio\/wp-json\/wp\/v2\/comments?post=269"}],"version-history":[{"count":0,"href":"https:\/\/elcabilo.com\/radio\/wp-json\/wp\/v2\/posts\/269\/revisions"}],"wp:featuredmedia":[{"embeddable":true,"href":"https:\/\/elcabilo.com\/radio\/wp-json\/wp\/v2\/media\/268"}],"wp:attachment":[{"href":"https:\/\/elcabilo.com\/radio\/wp-json\/wp\/v2\/media?parent=269"}],"wp:term":[{"taxonomy":"category","embeddable":true,"href":"https:\/\/elcabilo.com\/radio\/wp-json\/wp\/v2\/categories?post=269"},{"taxonomy":"post_tag","embeddable":true,"href":"https:\/\/elcabilo.com\/radio\/wp-json\/wp\/v2\/tags?post=269"}],"curies":[{"name":"wp","href":"https:\/\/api.w.org\/{rel}","templated":true}]}}