{"id":291,"date":"2013-01-16T00:00:20","date_gmt":"2013-01-15T23:00:20","guid":{"rendered":"http:\/\/elcabilo.com\/radio\/?p=291"},"modified":"2013-01-16T00:00:37","modified_gmt":"2013-01-15T23:00:37","slug":"especial-paraules-i-musica-gener-2013","status":"publish","type":"post","link":"https:\/\/elcabilo.com\/radio\/2013\/01\/16\/especial-paraules-i-musica-gener-2013\/","title":{"rendered":"Especial paraules i m\u00fasica 2013"},"content":{"rendered":"<p style=\"text-align: justify\">Com vos anunciavem tant al <em>Magaz\u00edn<\/em>, com a <em>La coveta dels somni<\/em>s, el dia 3 de gener hi va haver un recital de poesia, paraules i m\u00fasica al Far West.<\/p>\n<p>Vos deixem el recital de Paraules i m\u00fasica:<\/p>\n<p style=\"text-align: center\">\u00a0<a class=\"{skin:'blue', width:'200', volume:0.5, autoplay:false, showVolumeLevel:true, showTime:true, showRew:true, downloadable:true}\" id=\"mbmaplayer_1358198757130\" style=\"text-align: center\" href=\"http:\/\/archive.org\/download\/paraules_musica_gener_13\/Paraules_i_musica_gener_2013.mp3\">Recital Paraules i m\u00fasica 2013<\/a><\/p>\n<p style=\"text-align: center\"><textarea class=\"map_params\" style=\"padding: 3px;background: #444;color: #fff;text-decoration: none\" disabled=\"disabled\">map :: {skin:&#8217;blue&#8217;, width:&#8217;200&#8242;, volume:0.5, autoplay:false, showVolumeLevel:true, showTime:true, showRew:true, downloadable:true}<\/textarea><\/p>\n<p>&nbsp;<\/p>\n","protected":false},"excerpt":{"rendered":"<p>Com vos anunciavem tant al Magaz\u00edn, com a La coveta dels somnis, el dia 3 de gener hi va haver un recital de poesia, paraules i m\u00fasica al Far West. Vos deixem el recital de Paraules i m\u00fasica: \u00a0Recital Paraules i m\u00fasica 2013 map :: {skin:&#8217;blue&#8217;, width:&#8217;200&#8242;, volume:0.5, autoplay:false, showVolumeLevel:true, showTime:true, showRew:true, downloadable:true} &nbsp;<\/p>\n","protected":false},"author":272,"featured_media":268,"comment_status":"open","ping_status":"open","sticky":false,"template":"","format":"standard","meta":{"_exactmetrics_skip_tracking":false,"footnotes":""},"categories":[15],"tags":[],"class_list":["post-291","post","type-post","status-publish","format-standard","has-post-thumbnail","hentry","category-la-coveta-dels-somnis"],"aioseo_notices":[],"aioseo_head":"\n\t\t<!-- All in One SEO 5.0.1 - aioseo.com -->\n\t<meta name=\"description\" content=\"Com vos anunciavem tant al Magaz\u00edn, com a La coveta dels somnis, el dia 3 de gener hi va haver un recital de poesia, paraules i m\u00fasica al Far West. Vos deixem el recital de Paraules i m\u00fasica: Recital Paraules i m\u00fasica 2013 map :: {skin:&#039;blue&#039;, width:&#039;200&#039;, volume:0.5, autoplay:false, showVolumeLevel:true, showTime:true, showRew:true, downloadable:true}\" \/>\n\t<meta name=\"robots\" content=\"max-image-preview:large\" \/>\n\t<meta name=\"author\" content=\"radio\"\/>\n\t<link rel=\"canonical\" href=\"https:\/\/elcabilo.com\/radio\/2013\/01\/16\/especial-paraules-i-musica-gener-2013\/\" \/>\n\t<meta name=\"generator\" content=\"All in One SEO (AIOSEO) 5.0.1\" \/>\n\t\t<meta property=\"og:locale\" content=\"ca_ES\" \/>\n\t\t<meta property=\"og:site_name\" content=\"Cabil\u00f3R\u00e0dio - La r\u00e0dio online de Sella\" \/>\n\t\t<meta property=\"og:type\" content=\"article\" \/>\n\t\t<meta property=\"og:title\" content=\"Especial paraules i m\u00fasica 2013 - Cabil\u00f3R\u00e0dio\" \/>\n\t\t<meta property=\"og:description\" content=\"Com vos anunciavem tant al Magaz\u00edn, com a La coveta dels somnis, el dia 3 de gener hi va haver un recital de poesia, paraules i m\u00fasica al Far West. Vos deixem el recital de Paraules i m\u00fasica: Recital Paraules i m\u00fasica 2013 map :: {skin:&#039;blue&#039;, width:&#039;200&#039;, volume:0.5, autoplay:false, showVolumeLevel:true, showTime:true, showRew:true, downloadable:true}\" \/>\n\t\t<meta property=\"og:url\" content=\"https:\/\/elcabilo.com\/radio\/2013\/01\/16\/especial-paraules-i-musica-gener-2013\/\" \/>\n\t\t<meta property=\"og:image\" content=\"https:\/\/elcabilo.com\/radio\/files\/2023\/01\/cropped-logo_radio-1.gif\" \/>\n\t\t<meta property=\"og:image:secure_url\" content=\"https:\/\/elcabilo.com\/radio\/files\/2023\/01\/cropped-logo_radio-1.gif\" \/>\n\t\t<meta property=\"article:published_time\" content=\"2013-01-15T23:00:20+00:00\" \/>\n\t\t<meta property=\"article:modified_time\" content=\"2013-01-15T23:00:37+00:00\" \/>\n\t\t<meta name=\"twitter:card\" content=\"summary_large_image\" \/>\n\t\t<meta name=\"twitter:title\" content=\"Especial paraules i m\u00fasica 2013 - Cabil\u00f3R\u00e0dio\" \/>\n\t\t<meta name=\"twitter:description\" content=\"Com vos anunciavem tant al Magaz\u00edn, com a La coveta dels somnis, el dia 3 de gener hi va haver un recital de poesia, paraules i m\u00fasica al Far West. Vos deixem el recital de Paraules i m\u00fasica: Recital Paraules i m\u00fasica 2013 map :: {skin:&#039;blue&#039;, width:&#039;200&#039;, volume:0.5, autoplay:false, showVolumeLevel:true, showTime:true, showRew:true, downloadable:true}\" \/>\n\t\t<meta name=\"twitter:image\" content=\"https:\/\/elcabilo.com\/radio\/files\/2023\/01\/cropped-logo_radio-1.gif\" \/>\n\t\t<script type=\"application\/ld+json\" class=\"aioseo-schema\">\n\t\t\t{\"@context\":\"https:\\\/\\\/schema.org\",\"@graph\":[{\"@type\":\"BlogPosting\",\"@id\":\"https:\\\/\\\/elcabilo.com\\\/radio\\\/2013\\\/01\\\/16\\\/especial-paraules-i-musica-gener-2013\\\/#blogposting\",\"name\":\"Especial paraules i m\\u00fasica 2013 - Cabil\\u00f3R\\u00e0dio\",\"headline\":\"Especial paraules i m\\u00fasica 2013\",\"author\":{\"@id\":\"https:\\\/\\\/elcabilo.com\\\/radio\\\/author\\\/radio\\\/#author\"},\"publisher\":{\"@id\":\"https:\\\/\\\/elcabilo.com\\\/radio\\\/#organization\"},\"image\":{\"@type\":\"ImageObject\",\"url\":\"https:\\\/\\\/elcabilo.com\\\/radio\\\/files\\\/2013\\\/01\\\/Lacovetadelssomnis-capcalera.jpg\",\"width\":898,\"height\":302},\"datePublished\":\"2013-01-16T00:00:20+01:00\",\"dateModified\":\"2013-01-16T00:00:37+01:00\",\"inLanguage\":\"ca\",\"mainEntityOfPage\":{\"@id\":\"https:\\\/\\\/elcabilo.com\\\/radio\\\/2013\\\/01\\\/16\\\/especial-paraules-i-musica-gener-2013\\\/#webpage\"},\"isPartOf\":{\"@id\":\"https:\\\/\\\/elcabilo.com\\\/radio\\\/2013\\\/01\\\/16\\\/especial-paraules-i-musica-gener-2013\\\/#webpage\"},\"articleSection\":\"La coveta dels somnis\"},{\"@type\":\"BreadcrumbList\",\"@id\":\"https:\\\/\\\/elcabilo.com\\\/radio\\\/2013\\\/01\\\/16\\\/especial-paraules-i-musica-gener-2013\\\/#breadcrumblist\",\"itemListElement\":[{\"@type\":\"ListItem\",\"@id\":\"https:\\\/\\\/elcabilo.com\\\/radio#listItem\",\"position\":1,\"name\":\"Home\",\"item\":\"https:\\\/\\\/elcabilo.com\\\/radio\",\"nextItem\":{\"@type\":\"ListItem\",\"@id\":\"https:\\\/\\\/elcabilo.com\\\/radio\\\/category\\\/programes\\\/#listItem\",\"name\":\"Programes\"}},{\"@type\":\"ListItem\",\"@id\":\"https:\\\/\\\/elcabilo.com\\\/radio\\\/category\\\/programes\\\/#listItem\",\"position\":2,\"name\":\"Programes\",\"item\":\"https:\\\/\\\/elcabilo.com\\\/radio\\\/category\\\/programes\\\/\",\"nextItem\":{\"@type\":\"ListItem\",\"@id\":\"https:\\\/\\\/elcabilo.com\\\/radio\\\/category\\\/programes\\\/la-coveta-dels-somnis\\\/#listItem\",\"name\":\"La coveta dels somnis\"},\"previousItem\":{\"@type\":\"ListItem\",\"@id\":\"https:\\\/\\\/elcabilo.com\\\/radio#listItem\",\"name\":\"Home\"}},{\"@type\":\"ListItem\",\"@id\":\"https:\\\/\\\/elcabilo.com\\\/radio\\\/category\\\/programes\\\/la-coveta-dels-somnis\\\/#listItem\",\"position\":3,\"name\":\"La coveta dels somnis\",\"item\":\"https:\\\/\\\/elcabilo.com\\\/radio\\\/category\\\/programes\\\/la-coveta-dels-somnis\\\/\",\"nextItem\":{\"@type\":\"ListItem\",\"@id\":\"https:\\\/\\\/elcabilo.com\\\/radio\\\/2013\\\/01\\\/16\\\/especial-paraules-i-musica-gener-2013\\\/#listItem\",\"name\":\"Especial paraules i m\\u00fasica 2013\"},\"previousItem\":{\"@type\":\"ListItem\",\"@id\":\"https:\\\/\\\/elcabilo.com\\\/radio\\\/category\\\/programes\\\/#listItem\",\"name\":\"Programes\"}},{\"@type\":\"ListItem\",\"@id\":\"https:\\\/\\\/elcabilo.com\\\/radio\\\/2013\\\/01\\\/16\\\/especial-paraules-i-musica-gener-2013\\\/#listItem\",\"position\":4,\"name\":\"Especial paraules i m\\u00fasica 2013\",\"previousItem\":{\"@type\":\"ListItem\",\"@id\":\"https:\\\/\\\/elcabilo.com\\\/radio\\\/category\\\/programes\\\/la-coveta-dels-somnis\\\/#listItem\",\"name\":\"La coveta dels somnis\"}}]},{\"@type\":\"Organization\",\"@id\":\"https:\\\/\\\/elcabilo.com\\\/radio\\\/#organization\",\"name\":\"Cabil\\u00f3 R\\u00e0dio\",\"description\":\"La r\\u00e0dio online de Sella\",\"url\":\"https:\\\/\\\/elcabilo.com\\\/radio\\\/\",\"logo\":{\"@type\":\"ImageObject\",\"url\":\"https:\\\/\\\/elcabilo.com\\\/radio\\\/files\\\/2023\\\/01\\\/cropped-logo_radio-1.gif\",\"@id\":\"https:\\\/\\\/elcabilo.com\\\/radio\\\/2013\\\/01\\\/16\\\/especial-paraules-i-musica-gener-2013\\\/#organizationLogo\",\"width\":250,\"height\":50},\"image\":{\"@id\":\"https:\\\/\\\/elcabilo.com\\\/radio\\\/2013\\\/01\\\/16\\\/especial-paraules-i-musica-gener-2013\\\/#organizationLogo\"}},{\"@type\":\"Person\",\"@id\":\"https:\\\/\\\/elcabilo.com\\\/radio\\\/author\\\/radio\\\/#author\",\"url\":\"https:\\\/\\\/elcabilo.com\\\/radio\\\/author\\\/radio\\\/\",\"name\":\"radio\",\"image\":{\"@type\":\"ImageObject\",\"@id\":\"https:\\\/\\\/elcabilo.com\\\/radio\\\/2013\\\/01\\\/16\\\/especial-paraules-i-musica-gener-2013\\\/#authorImage\",\"url\":\"https:\\\/\\\/secure.gravatar.com\\\/avatar\\\/bb687b465db46b8e9255d0921cc346091032a91fe77f93721088d5decb8a2d1a?s=96&d=mm&r=g\",\"width\":96,\"height\":96,\"caption\":\"radio\"}},{\"@type\":\"WebPage\",\"@id\":\"https:\\\/\\\/elcabilo.com\\\/radio\\\/2013\\\/01\\\/16\\\/especial-paraules-i-musica-gener-2013\\\/#webpage\",\"url\":\"https:\\\/\\\/elcabilo.com\\\/radio\\\/2013\\\/01\\\/16\\\/especial-paraules-i-musica-gener-2013\\\/\",\"name\":\"Especial paraules i m\\u00fasica 2013 - Cabil\\u00f3R\\u00e0dio\",\"description\":\"Com vos anunciavem tant al Magaz\\u00edn, com a La coveta dels somnis, el dia 3 de gener hi va haver un recital de poesia, paraules i m\\u00fasica al Far West. Vos deixem el recital de Paraules i m\\u00fasica: Recital Paraules i m\\u00fasica 2013 map :: {skin:'blue', width:'200', volume:0.5, autoplay:false, showVolumeLevel:true, showTime:true, showRew:true, downloadable:true}\",\"inLanguage\":\"ca\",\"isPartOf\":{\"@id\":\"https:\\\/\\\/elcabilo.com\\\/radio\\\/#website\"},\"breadcrumb\":{\"@id\":\"https:\\\/\\\/elcabilo.com\\\/radio\\\/2013\\\/01\\\/16\\\/especial-paraules-i-musica-gener-2013\\\/#breadcrumblist\"},\"author\":{\"@id\":\"https:\\\/\\\/elcabilo.com\\\/radio\\\/author\\\/radio\\\/#author\"},\"creator\":{\"@id\":\"https:\\\/\\\/elcabilo.com\\\/radio\\\/author\\\/radio\\\/#author\"},\"image\":{\"@type\":\"ImageObject\",\"url\":\"https:\\\/\\\/elcabilo.com\\\/radio\\\/files\\\/2013\\\/01\\\/Lacovetadelssomnis-capcalera.jpg\",\"@id\":\"https:\\\/\\\/elcabilo.com\\\/radio\\\/2013\\\/01\\\/16\\\/especial-paraules-i-musica-gener-2013\\\/#mainImage\",\"width\":898,\"height\":302},\"primaryImageOfPage\":{\"@id\":\"https:\\\/\\\/elcabilo.com\\\/radio\\\/2013\\\/01\\\/16\\\/especial-paraules-i-musica-gener-2013\\\/#mainImage\"},\"datePublished\":\"2013-01-16T00:00:20+01:00\",\"dateModified\":\"2013-01-16T00:00:37+01:00\"},{\"@type\":\"WebSite\",\"@id\":\"https:\\\/\\\/elcabilo.com\\\/radio\\\/#website\",\"url\":\"https:\\\/\\\/elcabilo.com\\\/radio\\\/\",\"name\":\"Cabil\\u00f3 R\\u00e0dio\",\"description\":\"La r\\u00e0dio online de Sella\",\"inLanguage\":\"ca\",\"publisher\":{\"@id\":\"https:\\\/\\\/elcabilo.com\\\/radio\\\/#organization\"}}]}\n\t\t<\/script>\n\t\t<!-- All in One SEO -->\n\n","aioseo_head_json":{"title":"Especial paraules i m\u00fasica 2013 - Cabil\u00f3R\u00e0dio","description":"Com vos anunciavem tant al Magaz\u00edn, com a La coveta dels somnis, el dia 3 de gener hi va haver un recital de poesia, paraules i m\u00fasica al Far West. Vos deixem el recital de Paraules i m\u00fasica: Recital Paraules i m\u00fasica 2013 map :: {skin:'blue', width:'200', volume:0.5, autoplay:false, showVolumeLevel:true, showTime:true, showRew:true, downloadable:true}","canonical_url":"https:\/\/elcabilo.com\/radio\/2013\/01\/16\/especial-paraules-i-musica-gener-2013\/","robots":"max-image-preview:large","keywords":"","webmasterTools":{"miscellaneous":""},"schema":{"@context":"https:\/\/schema.org","@graph":[{"@type":"BlogPosting","@id":"https:\/\/elcabilo.com\/radio\/2013\/01\/16\/especial-paraules-i-musica-gener-2013\/#blogposting","name":"Especial paraules i m\u00fasica 2013 - Cabil\u00f3R\u00e0dio","headline":"Especial paraules i m\u00fasica 2013","author":{"@id":"https:\/\/elcabilo.com\/radio\/author\/radio\/#author"},"publisher":{"@id":"https:\/\/elcabilo.com\/radio\/#organization"},"image":{"@type":"ImageObject","url":"https:\/\/elcabilo.com\/radio\/files\/2013\/01\/Lacovetadelssomnis-capcalera.jpg","width":898,"height":302},"datePublished":"2013-01-16T00:00:20+01:00","dateModified":"2013-01-16T00:00:37+01:00","inLanguage":"ca","mainEntityOfPage":{"@id":"https:\/\/elcabilo.com\/radio\/2013\/01\/16\/especial-paraules-i-musica-gener-2013\/#webpage"},"isPartOf":{"@id":"https:\/\/elcabilo.com\/radio\/2013\/01\/16\/especial-paraules-i-musica-gener-2013\/#webpage"},"articleSection":"La coveta dels somnis"},{"@type":"BreadcrumbList","@id":"https:\/\/elcabilo.com\/radio\/2013\/01\/16\/especial-paraules-i-musica-gener-2013\/#breadcrumblist","itemListElement":[{"@type":"ListItem","@id":"https:\/\/elcabilo.com\/radio#listItem","position":1,"name":"Home","item":"https:\/\/elcabilo.com\/radio","nextItem":{"@type":"ListItem","@id":"https:\/\/elcabilo.com\/radio\/category\/programes\/#listItem","name":"Programes"}},{"@type":"ListItem","@id":"https:\/\/elcabilo.com\/radio\/category\/programes\/#listItem","position":2,"name":"Programes","item":"https:\/\/elcabilo.com\/radio\/category\/programes\/","nextItem":{"@type":"ListItem","@id":"https:\/\/elcabilo.com\/radio\/category\/programes\/la-coveta-dels-somnis\/#listItem","name":"La coveta dels somnis"},"previousItem":{"@type":"ListItem","@id":"https:\/\/elcabilo.com\/radio#listItem","name":"Home"}},{"@type":"ListItem","@id":"https:\/\/elcabilo.com\/radio\/category\/programes\/la-coveta-dels-somnis\/#listItem","position":3,"name":"La coveta dels somnis","item":"https:\/\/elcabilo.com\/radio\/category\/programes\/la-coveta-dels-somnis\/","nextItem":{"@type":"ListItem","@id":"https:\/\/elcabilo.com\/radio\/2013\/01\/16\/especial-paraules-i-musica-gener-2013\/#listItem","name":"Especial paraules i m\u00fasica 2013"},"previousItem":{"@type":"ListItem","@id":"https:\/\/elcabilo.com\/radio\/category\/programes\/#listItem","name":"Programes"}},{"@type":"ListItem","@id":"https:\/\/elcabilo.com\/radio\/2013\/01\/16\/especial-paraules-i-musica-gener-2013\/#listItem","position":4,"name":"Especial paraules i m\u00fasica 2013","previousItem":{"@type":"ListItem","@id":"https:\/\/elcabilo.com\/radio\/category\/programes\/la-coveta-dels-somnis\/#listItem","name":"La coveta dels somnis"}}]},{"@type":"Organization","@id":"https:\/\/elcabilo.com\/radio\/#organization","name":"Cabil\u00f3 R\u00e0dio","description":"La r\u00e0dio online de Sella","url":"https:\/\/elcabilo.com\/radio\/","logo":{"@type":"ImageObject","url":"https:\/\/elcabilo.com\/radio\/files\/2023\/01\/cropped-logo_radio-1.gif","@id":"https:\/\/elcabilo.com\/radio\/2013\/01\/16\/especial-paraules-i-musica-gener-2013\/#organizationLogo","width":250,"height":50},"image":{"@id":"https:\/\/elcabilo.com\/radio\/2013\/01\/16\/especial-paraules-i-musica-gener-2013\/#organizationLogo"}},{"@type":"Person","@id":"https:\/\/elcabilo.com\/radio\/author\/radio\/#author","url":"https:\/\/elcabilo.com\/radio\/author\/radio\/","name":"radio","image":{"@type":"ImageObject","@id":"https:\/\/elcabilo.com\/radio\/2013\/01\/16\/especial-paraules-i-musica-gener-2013\/#authorImage","url":"https:\/\/secure.gravatar.com\/avatar\/bb687b465db46b8e9255d0921cc346091032a91fe77f93721088d5decb8a2d1a?s=96&d=mm&r=g","width":96,"height":96,"caption":"radio"}},{"@type":"WebPage","@id":"https:\/\/elcabilo.com\/radio\/2013\/01\/16\/especial-paraules-i-musica-gener-2013\/#webpage","url":"https:\/\/elcabilo.com\/radio\/2013\/01\/16\/especial-paraules-i-musica-gener-2013\/","name":"Especial paraules i m\u00fasica 2013 - Cabil\u00f3R\u00e0dio","description":"Com vos anunciavem tant al Magaz\u00edn, com a La coveta dels somnis, el dia 3 de gener hi va haver un recital de poesia, paraules i m\u00fasica al Far West. Vos deixem el recital de Paraules i m\u00fasica: Recital Paraules i m\u00fasica 2013 map :: {skin:'blue', width:'200', volume:0.5, autoplay:false, showVolumeLevel:true, showTime:true, showRew:true, downloadable:true}","inLanguage":"ca","isPartOf":{"@id":"https:\/\/elcabilo.com\/radio\/#website"},"breadcrumb":{"@id":"https:\/\/elcabilo.com\/radio\/2013\/01\/16\/especial-paraules-i-musica-gener-2013\/#breadcrumblist"},"author":{"@id":"https:\/\/elcabilo.com\/radio\/author\/radio\/#author"},"creator":{"@id":"https:\/\/elcabilo.com\/radio\/author\/radio\/#author"},"image":{"@type":"ImageObject","url":"https:\/\/elcabilo.com\/radio\/files\/2013\/01\/Lacovetadelssomnis-capcalera.jpg","@id":"https:\/\/elcabilo.com\/radio\/2013\/01\/16\/especial-paraules-i-musica-gener-2013\/#mainImage","width":898,"height":302},"primaryImageOfPage":{"@id":"https:\/\/elcabilo.com\/radio\/2013\/01\/16\/especial-paraules-i-musica-gener-2013\/#mainImage"},"datePublished":"2013-01-16T00:00:20+01:00","dateModified":"2013-01-16T00:00:37+01:00"},{"@type":"WebSite","@id":"https:\/\/elcabilo.com\/radio\/#website","url":"https:\/\/elcabilo.com\/radio\/","name":"Cabil\u00f3 R\u00e0dio","description":"La r\u00e0dio online de Sella","inLanguage":"ca","publisher":{"@id":"https:\/\/elcabilo.com\/radio\/#organization"}}]},"og:locale":"ca_ES","og:site_name":"Cabil\u00f3R\u00e0dio - La r\u00e0dio online de Sella","og:type":"article","og:title":"Especial paraules i m\u00fasica 2013 - Cabil\u00f3R\u00e0dio","og:description":"Com vos anunciavem tant al Magaz\u00edn, com a La coveta dels somnis, el dia 3 de gener hi va haver un recital de poesia, paraules i m\u00fasica al Far West. Vos deixem el recital de Paraules i m\u00fasica: Recital Paraules i m\u00fasica 2013 map :: {skin:'blue', width:'200', volume:0.5, autoplay:false, showVolumeLevel:true, showTime:true, showRew:true, downloadable:true}","og:url":"https:\/\/elcabilo.com\/radio\/2013\/01\/16\/especial-paraules-i-musica-gener-2013\/","og:image":"https:\/\/elcabilo.com\/radio\/files\/2023\/01\/cropped-logo_radio-1.gif","og:image:secure_url":"https:\/\/elcabilo.com\/radio\/files\/2023\/01\/cropped-logo_radio-1.gif","article:published_time":"2013-01-15T23:00:20+00:00","article:modified_time":"2013-01-15T23:00:37+00:00","twitter:card":"summary_large_image","twitter:title":"Especial paraules i m\u00fasica 2013 - Cabil\u00f3R\u00e0dio","twitter:description":"Com vos anunciavem tant al Magaz\u00edn, com a La coveta dels somnis, el dia 3 de gener hi va haver un recital de poesia, paraules i m\u00fasica al Far West. Vos deixem el recital de Paraules i m\u00fasica: Recital Paraules i m\u00fasica 2013 map :: {skin:'blue', width:'200', volume:0.5, autoplay:false, showVolumeLevel:true, showTime:true, showRew:true, downloadable:true}","twitter:image":"https:\/\/elcabilo.com\/radio\/files\/2023\/01\/cropped-logo_radio-1.gif"},"aioseo_meta_data":{"post_id":"291","title":null,"description":null,"keywords":null,"keyphrases":null,"primary_term":null,"canonical_url":null,"og_title":null,"og_description":null,"og_object_type":"default","og_image_type":"default","og_image_url":null,"og_image_width":null,"og_image_height":null,"og_image_custom_url":null,"og_image_custom_fields":null,"og_video":null,"og_custom_url":null,"og_article_section":null,"og_article_tags":null,"twitter_use_og":false,"twitter_card":"default","twitter_image_type":"default","twitter_image_url":null,"twitter_image_custom_url":null,"twitter_image_custom_fields":null,"twitter_title":null,"twitter_description":null,"schema":{"blockGraphs":[],"customGraphs":[],"default":{"data":{"Article":[],"Course":[],"Dataset":[],"FAQPage":[],"Movie":[],"Person":[],"Product":[],"ProductReview":[],"Car":[],"Recipe":[],"Service":[],"SoftwareApplication":[],"WebPage":[]},"graphName":"","isEnabled":true},"graphs":[]},"schema_type":"default","schema_type_options":null,"pillar_content":false,"robots_default":true,"robots_noindex":false,"robots_noarchive":false,"robots_nosnippet":false,"robots_nofollow":false,"robots_noimageindex":false,"robots_noodp":false,"robots_notranslate":false,"robots_max_snippet":null,"robots_max_videopreview":null,"robots_max_imagepreview":"large","priority":null,"frequency":null,"local_seo":null,"breadcrumb_settings":null,"limit_modified_date":false,"ai":null,"created":"2023-01-27 22:00:50","updated":"2025-06-08 18:56:32","seo_analyzer_scan_date":null,"focus_keyword":null,"additional_keywords":null,"truseo_locale":null},"aioseo_breadcrumb":"<div class=\"aioseo-breadcrumbs\"><span class=\"aioseo-breadcrumb\">\n\t\t\t<a href=\"https:\/\/elcabilo.com\/radio\" title=\"Home\">Home<\/a>\n\t\t<\/span><span class=\"aioseo-breadcrumb-separator\">&raquo;<\/span><span class=\"aioseo-breadcrumb\">\n\t\t\t<a href=\"https:\/\/elcabilo.com\/radio\/category\/programes\/\" title=\"Programes\">Programes<\/a>\n\t\t<\/span><span class=\"aioseo-breadcrumb-separator\">&raquo;<\/span><span class=\"aioseo-breadcrumb\">\n\t\t\t<a href=\"https:\/\/elcabilo.com\/radio\/category\/programes\/la-coveta-dels-somnis\/\" title=\"La coveta dels somnis\">La coveta dels somnis<\/a>\n\t\t<\/span><span class=\"aioseo-breadcrumb-separator\">&raquo;<\/span><span class=\"aioseo-breadcrumb\">\n\t\t\tEspecial paraules i m\u00fasica 2013\n\t\t<\/span><\/div>","aioseo_breadcrumb_json":[{"label":"Home","link":"https:\/\/elcabilo.com\/radio"},{"label":"Programes","link":"https:\/\/elcabilo.com\/radio\/category\/programes\/"},{"label":"La coveta dels somnis","link":"https:\/\/elcabilo.com\/radio\/category\/programes\/la-coveta-dels-somnis\/"},{"label":"Especial paraules i m\u00fasica 2013","link":"https:\/\/elcabilo.com\/radio\/2013\/01\/16\/especial-paraules-i-musica-gener-2013\/"}],"_links":{"self":[{"href":"https:\/\/elcabilo.com\/radio\/wp-json\/wp\/v2\/posts\/291","targetHints":{"allow":["GET"]}}],"collection":[{"href":"https:\/\/elcabilo.com\/radio\/wp-json\/wp\/v2\/posts"}],"about":[{"href":"https:\/\/elcabilo.com\/radio\/wp-json\/wp\/v2\/types\/post"}],"author":[{"embeddable":true,"href":"https:\/\/elcabilo.com\/radio\/wp-json\/wp\/v2\/users\/272"}],"replies":[{"embeddable":true,"href":"https:\/\/elcabilo.com\/radio\/wp-json\/wp\/v2\/comments?post=291"}],"version-history":[{"count":0,"href":"https:\/\/elcabilo.com\/radio\/wp-json\/wp\/v2\/posts\/291\/revisions"}],"wp:featuredmedia":[{"embeddable":true,"href":"https:\/\/elcabilo.com\/radio\/wp-json\/wp\/v2\/media\/268"}],"wp:attachment":[{"href":"https:\/\/elcabilo.com\/radio\/wp-json\/wp\/v2\/media?parent=291"}],"wp:term":[{"taxonomy":"category","embeddable":true,"href":"https:\/\/elcabilo.com\/radio\/wp-json\/wp\/v2\/categories?post=291"},{"taxonomy":"post_tag","embeddable":true,"href":"https:\/\/elcabilo.com\/radio\/wp-json\/wp\/v2\/tags?post=291"}],"curies":[{"name":"wp","href":"https:\/\/api.w.org\/{rel}","templated":true}]}}