{"id":351,"date":"2013-01-20T22:00:31","date_gmt":"2013-01-20T21:00:31","guid":{"rendered":"http:\/\/elcabilo.com\/radio\/?p=351"},"modified":"2013-01-20T22:00:37","modified_gmt":"2013-01-20T21:00:37","slug":"joc-i-partida-programa-2","status":"publish","type":"post","link":"https:\/\/elcabilo.com\/radio\/2013\/01\/20\/joc-i-partida-programa-2\/","title":{"rendered":"Joc i partida &#8211; Programa 2"},"content":{"rendered":"<p style=\"text-align: justify\">Avui comen\u00e7arem amb l\u2019actualitat de la pilota, tant al nostre poble com a tot el pa\u00eds valenci\u00e0, centrant-nos en la nostra participaci\u00f3 a la Copa Generalitat, l\u2019activitat de l\u2019escola de Pilota, les partides de Pablo al trinquet, aix\u00ed com la situaci\u00f3 del Circuit Bancaixa, i, finalment, parlarem de l\u2019Assemblea del Club de Pilota.<\/p>\n<p style=\"text-align: justify\">Despr\u00e9s a l\u2019espai dedicat al vocabulari pilotaire intentarem definir una modalitat de pilota valenciana com es la galotxa.<\/p>\n<p style=\"text-align: justify\"><strong>A l\u2019apartat d&#8217;entrevistes gaudirem amb la presencia de Jose Luis Jaime Giner, hist\u00f2ric pilotari del nostre club que tamb\u00e9 va ser president.<\/strong><\/p>\n<p style=\"text-align: justify\">I, per \u00faltim, en la secci\u00f3 la pilota en la mem\u00f2ria, Jos\u00e9 Tom\u00e0s Soler, m\u00e9s conegut com a Pepito \u00abEl llop\u00bb, que ens relatar\u00e0 una partida de pilota que per a ell fou inoblidable.<\/p>\n<p style=\"text-align: justify\"><strong>Esperem que vos agrade.<\/strong><\/p>\n<p style=\"text-align: center\"><a class=\"{skin:'blue', width:'200', volume:0.4, autoplay:false, showVolumeLevel:true, showTime:true, showRew:true, downloadable:true}\" id=\"mbmaplayer_1358708196853\" href=\"http:\/\/archive.org\/download\/joc_i_partida_gener_13\/Joc_i_Partida_2.mp3\">Joc i partida &#8211; Programa 2<\/a><textarea class=\"map_params\" style=\"padding: 3px;background: #444;color: #fff;text-decoration: none\" disabled=\"disabled\">map :: {skin:&#8217;blue&#8217;, width:&#8217;200&#8242;, volume:0.4, autoplay:false, showVolumeLevel:true, showTime:true, showRew:true, downloadable:true}<\/textarea><\/p>\n<p>&nbsp;<\/p>\n","protected":false},"excerpt":{"rendered":"<p>Avui comen\u00e7arem amb l\u2019actualitat de la pilota, tant al nostre poble com a tot el pa\u00eds valenci\u00e0, centrant-nos en la nostra participaci\u00f3 a la Copa Generalitat, l\u2019activitat de l\u2019escola de Pilota, les partides de Pablo al trinquet, aix\u00ed com la situaci\u00f3 del Circuit Bancaixa, i, finalment, parlarem de l\u2019Assemblea del Club de Pilota. Despr\u00e9s a [&hellip;]<\/p>\n","protected":false},"author":272,"featured_media":352,"comment_status":"open","ping_status":"open","sticky":false,"template":"","format":"standard","meta":{"_exactmetrics_skip_tracking":false,"footnotes":""},"categories":[8],"tags":[],"class_list":["post-351","post","type-post","status-publish","format-standard","has-post-thumbnail","hentry","category-joc-i-partida"],"aioseo_notices":[],"aioseo_head":"\n\t\t<!-- All in One SEO 5.0.1 - aioseo.com -->\n\t<meta name=\"description\" content=\"Avui comen\u00e7arem amb l\u2019actualitat de la pilota, tant al nostre poble com a tot el pa\u00eds valenci\u00e0, centrant-nos en la nostra participaci\u00f3 a la Copa Generalitat, l\u2019activitat de l\u2019escola de Pilota, les partides de Pablo al trinquet, aix\u00ed com la situaci\u00f3 del Circuit Bancaixa, i, finalment, parlarem de l\u2019Assemblea del Club de Pilota. Despr\u00e9s a\" \/>\n\t<meta name=\"robots\" content=\"max-image-preview:large\" \/>\n\t<meta name=\"author\" content=\"radio\"\/>\n\t<link rel=\"canonical\" href=\"https:\/\/elcabilo.com\/radio\/2013\/01\/20\/joc-i-partida-programa-2\/\" \/>\n\t<meta name=\"generator\" content=\"All in One SEO (AIOSEO) 5.0.1\" \/>\n\t\t<meta property=\"og:locale\" content=\"ca_ES\" \/>\n\t\t<meta property=\"og:site_name\" content=\"Cabil\u00f3R\u00e0dio - La r\u00e0dio online de Sella\" \/>\n\t\t<meta property=\"og:type\" content=\"article\" \/>\n\t\t<meta property=\"og:title\" content=\"Joc i partida \u2013 Programa 2 - Cabil\u00f3R\u00e0dio\" \/>\n\t\t<meta property=\"og:description\" content=\"Avui comen\u00e7arem amb l\u2019actualitat de la pilota, tant al nostre poble com a tot el pa\u00eds valenci\u00e0, centrant-nos en la nostra participaci\u00f3 a la Copa Generalitat, l\u2019activitat de l\u2019escola de Pilota, les partides de Pablo al trinquet, aix\u00ed com la situaci\u00f3 del Circuit Bancaixa, i, finalment, parlarem de l\u2019Assemblea del Club de Pilota. Despr\u00e9s a\" \/>\n\t\t<meta property=\"og:url\" content=\"https:\/\/elcabilo.com\/radio\/2013\/01\/20\/joc-i-partida-programa-2\/\" \/>\n\t\t<meta property=\"og:image\" content=\"https:\/\/elcabilo.com\/radio\/files\/2023\/01\/cropped-logo_radio-1.gif\" \/>\n\t\t<meta property=\"og:image:secure_url\" content=\"https:\/\/elcabilo.com\/radio\/files\/2023\/01\/cropped-logo_radio-1.gif\" \/>\n\t\t<meta property=\"article:published_time\" content=\"2013-01-20T21:00:31+00:00\" \/>\n\t\t<meta property=\"article:modified_time\" content=\"2013-01-20T21:00:37+00:00\" \/>\n\t\t<meta name=\"twitter:card\" content=\"summary_large_image\" \/>\n\t\t<meta name=\"twitter:title\" content=\"Joc i partida \u2013 Programa 2 - Cabil\u00f3R\u00e0dio\" \/>\n\t\t<meta name=\"twitter:description\" content=\"Avui comen\u00e7arem amb l\u2019actualitat de la pilota, tant al nostre poble com a tot el pa\u00eds valenci\u00e0, centrant-nos en la nostra participaci\u00f3 a la Copa Generalitat, l\u2019activitat de l\u2019escola de Pilota, les partides de Pablo al trinquet, aix\u00ed com la situaci\u00f3 del Circuit Bancaixa, i, finalment, parlarem de l\u2019Assemblea del Club de Pilota. Despr\u00e9s a\" \/>\n\t\t<meta name=\"twitter:image\" content=\"https:\/\/elcabilo.com\/radio\/files\/2023\/01\/cropped-logo_radio-1.gif\" \/>\n\t\t<script type=\"application\/ld+json\" class=\"aioseo-schema\">\n\t\t\t{\"@context\":\"https:\\\/\\\/schema.org\",\"@graph\":[{\"@type\":\"BlogPosting\",\"@id\":\"https:\\\/\\\/elcabilo.com\\\/radio\\\/2013\\\/01\\\/20\\\/joc-i-partida-programa-2\\\/#blogposting\",\"name\":\"Joc i partida \\u2013 Programa 2 - Cabil\\u00f3R\\u00e0dio\",\"headline\":\"Joc i partida &#8211; Programa 2\",\"author\":{\"@id\":\"https:\\\/\\\/elcabilo.com\\\/radio\\\/author\\\/radio\\\/#author\"},\"publisher\":{\"@id\":\"https:\\\/\\\/elcabilo.com\\\/radio\\\/#organization\"},\"image\":{\"@type\":\"ImageObject\",\"url\":\"https:\\\/\\\/elcabilo.com\\\/radio\\\/files\\\/2013\\\/01\\\/luis-i-pepito.jpg\",\"width\":685,\"height\":457},\"datePublished\":\"2013-01-20T22:00:31+01:00\",\"dateModified\":\"2013-01-20T22:00:37+01:00\",\"inLanguage\":\"ca\",\"mainEntityOfPage\":{\"@id\":\"https:\\\/\\\/elcabilo.com\\\/radio\\\/2013\\\/01\\\/20\\\/joc-i-partida-programa-2\\\/#webpage\"},\"isPartOf\":{\"@id\":\"https:\\\/\\\/elcabilo.com\\\/radio\\\/2013\\\/01\\\/20\\\/joc-i-partida-programa-2\\\/#webpage\"},\"articleSection\":\"Joc i partida\"},{\"@type\":\"BreadcrumbList\",\"@id\":\"https:\\\/\\\/elcabilo.com\\\/radio\\\/2013\\\/01\\\/20\\\/joc-i-partida-programa-2\\\/#breadcrumblist\",\"itemListElement\":[{\"@type\":\"ListItem\",\"@id\":\"https:\\\/\\\/elcabilo.com\\\/radio#listItem\",\"position\":1,\"name\":\"Home\",\"item\":\"https:\\\/\\\/elcabilo.com\\\/radio\",\"nextItem\":{\"@type\":\"ListItem\",\"@id\":\"https:\\\/\\\/elcabilo.com\\\/radio\\\/category\\\/programes\\\/#listItem\",\"name\":\"Programes\"}},{\"@type\":\"ListItem\",\"@id\":\"https:\\\/\\\/elcabilo.com\\\/radio\\\/category\\\/programes\\\/#listItem\",\"position\":2,\"name\":\"Programes\",\"item\":\"https:\\\/\\\/elcabilo.com\\\/radio\\\/category\\\/programes\\\/\",\"nextItem\":{\"@type\":\"ListItem\",\"@id\":\"https:\\\/\\\/elcabilo.com\\\/radio\\\/category\\\/programes\\\/joc-i-partida\\\/#listItem\",\"name\":\"Joc i partida\"},\"previousItem\":{\"@type\":\"ListItem\",\"@id\":\"https:\\\/\\\/elcabilo.com\\\/radio#listItem\",\"name\":\"Home\"}},{\"@type\":\"ListItem\",\"@id\":\"https:\\\/\\\/elcabilo.com\\\/radio\\\/category\\\/programes\\\/joc-i-partida\\\/#listItem\",\"position\":3,\"name\":\"Joc i partida\",\"item\":\"https:\\\/\\\/elcabilo.com\\\/radio\\\/category\\\/programes\\\/joc-i-partida\\\/\",\"nextItem\":{\"@type\":\"ListItem\",\"@id\":\"https:\\\/\\\/elcabilo.com\\\/radio\\\/2013\\\/01\\\/20\\\/joc-i-partida-programa-2\\\/#listItem\",\"name\":\"Joc i partida &#8211; Programa 2\"},\"previousItem\":{\"@type\":\"ListItem\",\"@id\":\"https:\\\/\\\/elcabilo.com\\\/radio\\\/category\\\/programes\\\/#listItem\",\"name\":\"Programes\"}},{\"@type\":\"ListItem\",\"@id\":\"https:\\\/\\\/elcabilo.com\\\/radio\\\/2013\\\/01\\\/20\\\/joc-i-partida-programa-2\\\/#listItem\",\"position\":4,\"name\":\"Joc i partida &#8211; Programa 2\",\"previousItem\":{\"@type\":\"ListItem\",\"@id\":\"https:\\\/\\\/elcabilo.com\\\/radio\\\/category\\\/programes\\\/joc-i-partida\\\/#listItem\",\"name\":\"Joc i partida\"}}]},{\"@type\":\"Organization\",\"@id\":\"https:\\\/\\\/elcabilo.com\\\/radio\\\/#organization\",\"name\":\"Cabil\\u00f3 R\\u00e0dio\",\"description\":\"La r\\u00e0dio online de Sella\",\"url\":\"https:\\\/\\\/elcabilo.com\\\/radio\\\/\",\"logo\":{\"@type\":\"ImageObject\",\"url\":\"https:\\\/\\\/elcabilo.com\\\/radio\\\/files\\\/2023\\\/01\\\/cropped-logo_radio-1.gif\",\"@id\":\"https:\\\/\\\/elcabilo.com\\\/radio\\\/2013\\\/01\\\/20\\\/joc-i-partida-programa-2\\\/#organizationLogo\",\"width\":250,\"height\":50},\"image\":{\"@id\":\"https:\\\/\\\/elcabilo.com\\\/radio\\\/2013\\\/01\\\/20\\\/joc-i-partida-programa-2\\\/#organizationLogo\"}},{\"@type\":\"Person\",\"@id\":\"https:\\\/\\\/elcabilo.com\\\/radio\\\/author\\\/radio\\\/#author\",\"url\":\"https:\\\/\\\/elcabilo.com\\\/radio\\\/author\\\/radio\\\/\",\"name\":\"radio\",\"image\":{\"@type\":\"ImageObject\",\"@id\":\"https:\\\/\\\/elcabilo.com\\\/radio\\\/2013\\\/01\\\/20\\\/joc-i-partida-programa-2\\\/#authorImage\",\"url\":\"https:\\\/\\\/secure.gravatar.com\\\/avatar\\\/bb687b465db46b8e9255d0921cc346091032a91fe77f93721088d5decb8a2d1a?s=96&d=mm&r=g\",\"width\":96,\"height\":96,\"caption\":\"radio\"}},{\"@type\":\"WebPage\",\"@id\":\"https:\\\/\\\/elcabilo.com\\\/radio\\\/2013\\\/01\\\/20\\\/joc-i-partida-programa-2\\\/#webpage\",\"url\":\"https:\\\/\\\/elcabilo.com\\\/radio\\\/2013\\\/01\\\/20\\\/joc-i-partida-programa-2\\\/\",\"name\":\"Joc i partida \\u2013 Programa 2 - Cabil\\u00f3R\\u00e0dio\",\"description\":\"Avui comen\\u00e7arem amb l\\u2019actualitat de la pilota, tant al nostre poble com a tot el pa\\u00eds valenci\\u00e0, centrant-nos en la nostra participaci\\u00f3 a la Copa Generalitat, l\\u2019activitat de l\\u2019escola de Pilota, les partides de Pablo al trinquet, aix\\u00ed com la situaci\\u00f3 del Circuit Bancaixa, i, finalment, parlarem de l\\u2019Assemblea del Club de Pilota. Despr\\u00e9s a\",\"inLanguage\":\"ca\",\"isPartOf\":{\"@id\":\"https:\\\/\\\/elcabilo.com\\\/radio\\\/#website\"},\"breadcrumb\":{\"@id\":\"https:\\\/\\\/elcabilo.com\\\/radio\\\/2013\\\/01\\\/20\\\/joc-i-partida-programa-2\\\/#breadcrumblist\"},\"author\":{\"@id\":\"https:\\\/\\\/elcabilo.com\\\/radio\\\/author\\\/radio\\\/#author\"},\"creator\":{\"@id\":\"https:\\\/\\\/elcabilo.com\\\/radio\\\/author\\\/radio\\\/#author\"},\"image\":{\"@type\":\"ImageObject\",\"url\":\"https:\\\/\\\/elcabilo.com\\\/radio\\\/files\\\/2013\\\/01\\\/luis-i-pepito.jpg\",\"@id\":\"https:\\\/\\\/elcabilo.com\\\/radio\\\/2013\\\/01\\\/20\\\/joc-i-partida-programa-2\\\/#mainImage\",\"width\":685,\"height\":457},\"primaryImageOfPage\":{\"@id\":\"https:\\\/\\\/elcabilo.com\\\/radio\\\/2013\\\/01\\\/20\\\/joc-i-partida-programa-2\\\/#mainImage\"},\"datePublished\":\"2013-01-20T22:00:31+01:00\",\"dateModified\":\"2013-01-20T22:00:37+01:00\"},{\"@type\":\"WebSite\",\"@id\":\"https:\\\/\\\/elcabilo.com\\\/radio\\\/#website\",\"url\":\"https:\\\/\\\/elcabilo.com\\\/radio\\\/\",\"name\":\"Cabil\\u00f3 R\\u00e0dio\",\"description\":\"La r\\u00e0dio online de Sella\",\"inLanguage\":\"ca\",\"publisher\":{\"@id\":\"https:\\\/\\\/elcabilo.com\\\/radio\\\/#organization\"}}]}\n\t\t<\/script>\n\t\t<!-- All in One SEO -->\n\n","aioseo_head_json":{"title":"Joc i partida \u2013 Programa 2 - Cabil\u00f3R\u00e0dio","description":"Avui comen\u00e7arem amb l\u2019actualitat de la pilota, tant al nostre poble com a tot el pa\u00eds valenci\u00e0, centrant-nos en la nostra participaci\u00f3 a la Copa Generalitat, l\u2019activitat de l\u2019escola de Pilota, les partides de Pablo al trinquet, aix\u00ed com la situaci\u00f3 del Circuit Bancaixa, i, finalment, parlarem de l\u2019Assemblea del Club de Pilota. Despr\u00e9s a","canonical_url":"https:\/\/elcabilo.com\/radio\/2013\/01\/20\/joc-i-partida-programa-2\/","robots":"max-image-preview:large","keywords":"","webmasterTools":{"miscellaneous":""},"schema":{"@context":"https:\/\/schema.org","@graph":[{"@type":"BlogPosting","@id":"https:\/\/elcabilo.com\/radio\/2013\/01\/20\/joc-i-partida-programa-2\/#blogposting","name":"Joc i partida \u2013 Programa 2 - Cabil\u00f3R\u00e0dio","headline":"Joc i partida &#8211; Programa 2","author":{"@id":"https:\/\/elcabilo.com\/radio\/author\/radio\/#author"},"publisher":{"@id":"https:\/\/elcabilo.com\/radio\/#organization"},"image":{"@type":"ImageObject","url":"https:\/\/elcabilo.com\/radio\/files\/2013\/01\/luis-i-pepito.jpg","width":685,"height":457},"datePublished":"2013-01-20T22:00:31+01:00","dateModified":"2013-01-20T22:00:37+01:00","inLanguage":"ca","mainEntityOfPage":{"@id":"https:\/\/elcabilo.com\/radio\/2013\/01\/20\/joc-i-partida-programa-2\/#webpage"},"isPartOf":{"@id":"https:\/\/elcabilo.com\/radio\/2013\/01\/20\/joc-i-partida-programa-2\/#webpage"},"articleSection":"Joc i partida"},{"@type":"BreadcrumbList","@id":"https:\/\/elcabilo.com\/radio\/2013\/01\/20\/joc-i-partida-programa-2\/#breadcrumblist","itemListElement":[{"@type":"ListItem","@id":"https:\/\/elcabilo.com\/radio#listItem","position":1,"name":"Home","item":"https:\/\/elcabilo.com\/radio","nextItem":{"@type":"ListItem","@id":"https:\/\/elcabilo.com\/radio\/category\/programes\/#listItem","name":"Programes"}},{"@type":"ListItem","@id":"https:\/\/elcabilo.com\/radio\/category\/programes\/#listItem","position":2,"name":"Programes","item":"https:\/\/elcabilo.com\/radio\/category\/programes\/","nextItem":{"@type":"ListItem","@id":"https:\/\/elcabilo.com\/radio\/category\/programes\/joc-i-partida\/#listItem","name":"Joc i partida"},"previousItem":{"@type":"ListItem","@id":"https:\/\/elcabilo.com\/radio#listItem","name":"Home"}},{"@type":"ListItem","@id":"https:\/\/elcabilo.com\/radio\/category\/programes\/joc-i-partida\/#listItem","position":3,"name":"Joc i partida","item":"https:\/\/elcabilo.com\/radio\/category\/programes\/joc-i-partida\/","nextItem":{"@type":"ListItem","@id":"https:\/\/elcabilo.com\/radio\/2013\/01\/20\/joc-i-partida-programa-2\/#listItem","name":"Joc i partida &#8211; Programa 2"},"previousItem":{"@type":"ListItem","@id":"https:\/\/elcabilo.com\/radio\/category\/programes\/#listItem","name":"Programes"}},{"@type":"ListItem","@id":"https:\/\/elcabilo.com\/radio\/2013\/01\/20\/joc-i-partida-programa-2\/#listItem","position":4,"name":"Joc i partida &#8211; Programa 2","previousItem":{"@type":"ListItem","@id":"https:\/\/elcabilo.com\/radio\/category\/programes\/joc-i-partida\/#listItem","name":"Joc i partida"}}]},{"@type":"Organization","@id":"https:\/\/elcabilo.com\/radio\/#organization","name":"Cabil\u00f3 R\u00e0dio","description":"La r\u00e0dio online de Sella","url":"https:\/\/elcabilo.com\/radio\/","logo":{"@type":"ImageObject","url":"https:\/\/elcabilo.com\/radio\/files\/2023\/01\/cropped-logo_radio-1.gif","@id":"https:\/\/elcabilo.com\/radio\/2013\/01\/20\/joc-i-partida-programa-2\/#organizationLogo","width":250,"height":50},"image":{"@id":"https:\/\/elcabilo.com\/radio\/2013\/01\/20\/joc-i-partida-programa-2\/#organizationLogo"}},{"@type":"Person","@id":"https:\/\/elcabilo.com\/radio\/author\/radio\/#author","url":"https:\/\/elcabilo.com\/radio\/author\/radio\/","name":"radio","image":{"@type":"ImageObject","@id":"https:\/\/elcabilo.com\/radio\/2013\/01\/20\/joc-i-partida-programa-2\/#authorImage","url":"https:\/\/secure.gravatar.com\/avatar\/bb687b465db46b8e9255d0921cc346091032a91fe77f93721088d5decb8a2d1a?s=96&d=mm&r=g","width":96,"height":96,"caption":"radio"}},{"@type":"WebPage","@id":"https:\/\/elcabilo.com\/radio\/2013\/01\/20\/joc-i-partida-programa-2\/#webpage","url":"https:\/\/elcabilo.com\/radio\/2013\/01\/20\/joc-i-partida-programa-2\/","name":"Joc i partida \u2013 Programa 2 - Cabil\u00f3R\u00e0dio","description":"Avui comen\u00e7arem amb l\u2019actualitat de la pilota, tant al nostre poble com a tot el pa\u00eds valenci\u00e0, centrant-nos en la nostra participaci\u00f3 a la Copa Generalitat, l\u2019activitat de l\u2019escola de Pilota, les partides de Pablo al trinquet, aix\u00ed com la situaci\u00f3 del Circuit Bancaixa, i, finalment, parlarem de l\u2019Assemblea del Club de Pilota. Despr\u00e9s a","inLanguage":"ca","isPartOf":{"@id":"https:\/\/elcabilo.com\/radio\/#website"},"breadcrumb":{"@id":"https:\/\/elcabilo.com\/radio\/2013\/01\/20\/joc-i-partida-programa-2\/#breadcrumblist"},"author":{"@id":"https:\/\/elcabilo.com\/radio\/author\/radio\/#author"},"creator":{"@id":"https:\/\/elcabilo.com\/radio\/author\/radio\/#author"},"image":{"@type":"ImageObject","url":"https:\/\/elcabilo.com\/radio\/files\/2013\/01\/luis-i-pepito.jpg","@id":"https:\/\/elcabilo.com\/radio\/2013\/01\/20\/joc-i-partida-programa-2\/#mainImage","width":685,"height":457},"primaryImageOfPage":{"@id":"https:\/\/elcabilo.com\/radio\/2013\/01\/20\/joc-i-partida-programa-2\/#mainImage"},"datePublished":"2013-01-20T22:00:31+01:00","dateModified":"2013-01-20T22:00:37+01:00"},{"@type":"WebSite","@id":"https:\/\/elcabilo.com\/radio\/#website","url":"https:\/\/elcabilo.com\/radio\/","name":"Cabil\u00f3 R\u00e0dio","description":"La r\u00e0dio online de Sella","inLanguage":"ca","publisher":{"@id":"https:\/\/elcabilo.com\/radio\/#organization"}}]},"og:locale":"ca_ES","og:site_name":"Cabil\u00f3R\u00e0dio - La r\u00e0dio online de Sella","og:type":"article","og:title":"Joc i partida \u2013 Programa 2 - Cabil\u00f3R\u00e0dio","og:description":"Avui comen\u00e7arem amb l\u2019actualitat de la pilota, tant al nostre poble com a tot el pa\u00eds valenci\u00e0, centrant-nos en la nostra participaci\u00f3 a la Copa Generalitat, l\u2019activitat de l\u2019escola de Pilota, les partides de Pablo al trinquet, aix\u00ed com la situaci\u00f3 del Circuit Bancaixa, i, finalment, parlarem de l\u2019Assemblea del Club de Pilota. Despr\u00e9s a","og:url":"https:\/\/elcabilo.com\/radio\/2013\/01\/20\/joc-i-partida-programa-2\/","og:image":"https:\/\/elcabilo.com\/radio\/files\/2023\/01\/cropped-logo_radio-1.gif","og:image:secure_url":"https:\/\/elcabilo.com\/radio\/files\/2023\/01\/cropped-logo_radio-1.gif","article:published_time":"2013-01-20T21:00:31+00:00","article:modified_time":"2013-01-20T21:00:37+00:00","twitter:card":"summary_large_image","twitter:title":"Joc i partida \u2013 Programa 2 - Cabil\u00f3R\u00e0dio","twitter:description":"Avui comen\u00e7arem amb l\u2019actualitat de la pilota, tant al nostre poble com a tot el pa\u00eds valenci\u00e0, centrant-nos en la nostra participaci\u00f3 a la Copa Generalitat, l\u2019activitat de l\u2019escola de Pilota, les partides de Pablo al trinquet, aix\u00ed com la situaci\u00f3 del Circuit Bancaixa, i, finalment, parlarem de l\u2019Assemblea del Club de Pilota. Despr\u00e9s a","twitter:image":"https:\/\/elcabilo.com\/radio\/files\/2023\/01\/cropped-logo_radio-1.gif"},"aioseo_meta_data":{"post_id":"351","title":null,"description":null,"keywords":null,"keyphrases":null,"primary_term":null,"canonical_url":null,"og_title":null,"og_description":null,"og_object_type":"default","og_image_type":"default","og_image_url":null,"og_image_width":null,"og_image_height":null,"og_image_custom_url":null,"og_image_custom_fields":null,"og_video":null,"og_custom_url":null,"og_article_section":null,"og_article_tags":null,"twitter_use_og":false,"twitter_card":"default","twitter_image_type":"default","twitter_image_url":null,"twitter_image_custom_url":null,"twitter_image_custom_fields":null,"twitter_title":null,"twitter_description":null,"schema":{"blockGraphs":[],"customGraphs":[],"default":{"data":{"Article":[],"Course":[],"Dataset":[],"FAQPage":[],"Movie":[],"Person":[],"Product":[],"ProductReview":[],"Car":[],"Recipe":[],"Service":[],"SoftwareApplication":[],"WebPage":[]},"graphName":"","isEnabled":true},"graphs":[]},"schema_type":"default","schema_type_options":null,"pillar_content":false,"robots_default":true,"robots_noindex":false,"robots_noarchive":false,"robots_nosnippet":false,"robots_nofollow":false,"robots_noimageindex":false,"robots_noodp":false,"robots_notranslate":false,"robots_max_snippet":null,"robots_max_videopreview":null,"robots_max_imagepreview":"large","priority":null,"frequency":null,"local_seo":null,"breadcrumb_settings":null,"limit_modified_date":false,"ai":null,"created":"2023-01-27 22:00:50","updated":"2025-06-08 18:56:32","seo_analyzer_scan_date":null,"focus_keyword":null,"additional_keywords":null,"truseo_locale":null},"aioseo_breadcrumb":"<div class=\"aioseo-breadcrumbs\"><span class=\"aioseo-breadcrumb\">\n\t\t\t<a href=\"https:\/\/elcabilo.com\/radio\" title=\"Home\">Home<\/a>\n\t\t<\/span><span class=\"aioseo-breadcrumb-separator\">&raquo;<\/span><span class=\"aioseo-breadcrumb\">\n\t\t\t<a href=\"https:\/\/elcabilo.com\/radio\/category\/programes\/\" title=\"Programes\">Programes<\/a>\n\t\t<\/span><span class=\"aioseo-breadcrumb-separator\">&raquo;<\/span><span class=\"aioseo-breadcrumb\">\n\t\t\t<a href=\"https:\/\/elcabilo.com\/radio\/category\/programes\/joc-i-partida\/\" title=\"Joc i partida\">Joc i partida<\/a>\n\t\t<\/span><span class=\"aioseo-breadcrumb-separator\">&raquo;<\/span><span class=\"aioseo-breadcrumb\">\n\t\t\tJoc i partida \u2013 Programa 2\n\t\t<\/span><\/div>","aioseo_breadcrumb_json":[{"label":"Home","link":"https:\/\/elcabilo.com\/radio"},{"label":"Programes","link":"https:\/\/elcabilo.com\/radio\/category\/programes\/"},{"label":"Joc i partida","link":"https:\/\/elcabilo.com\/radio\/category\/programes\/joc-i-partida\/"},{"label":"Joc i partida &#8211; Programa 2","link":"https:\/\/elcabilo.com\/radio\/2013\/01\/20\/joc-i-partida-programa-2\/"}],"_links":{"self":[{"href":"https:\/\/elcabilo.com\/radio\/wp-json\/wp\/v2\/posts\/351","targetHints":{"allow":["GET"]}}],"collection":[{"href":"https:\/\/elcabilo.com\/radio\/wp-json\/wp\/v2\/posts"}],"about":[{"href":"https:\/\/elcabilo.com\/radio\/wp-json\/wp\/v2\/types\/post"}],"author":[{"embeddable":true,"href":"https:\/\/elcabilo.com\/radio\/wp-json\/wp\/v2\/users\/272"}],"replies":[{"embeddable":true,"href":"https:\/\/elcabilo.com\/radio\/wp-json\/wp\/v2\/comments?post=351"}],"version-history":[{"count":0,"href":"https:\/\/elcabilo.com\/radio\/wp-json\/wp\/v2\/posts\/351\/revisions"}],"wp:featuredmedia":[{"embeddable":true,"href":"https:\/\/elcabilo.com\/radio\/wp-json\/wp\/v2\/media\/352"}],"wp:attachment":[{"href":"https:\/\/elcabilo.com\/radio\/wp-json\/wp\/v2\/media?parent=351"}],"wp:term":[{"taxonomy":"category","embeddable":true,"href":"https:\/\/elcabilo.com\/radio\/wp-json\/wp\/v2\/categories?post=351"},{"taxonomy":"post_tag","embeddable":true,"href":"https:\/\/elcabilo.com\/radio\/wp-json\/wp\/v2\/tags?post=351"}],"curies":[{"name":"wp","href":"https:\/\/api.w.org\/{rel}","templated":true}]}}