{"id":376,"date":"2013-01-27T23:50:37","date_gmt":"2013-01-27T22:50:37","guid":{"rendered":"http:\/\/elcabilo.com\/radio\/?p=376"},"modified":"2013-01-27T20:52:02","modified_gmt":"2013-01-27T19:52:02","slug":"plecs-i-ploms-programa-1","status":"publish","type":"post","link":"https:\/\/elcabilo.com\/radio\/2013\/01\/27\/plecs-i-ploms-programa-1\/","title":{"rendered":"Plecs i ploms &#8211; Programa 1"},"content":{"rendered":"<p style=\"text-align: justify;\">Parlarem de tot el mon que rodeja als llibres, del contingut i de l\u00b4aspecte, de la seua p\u00e9rdua o de la supervivencia, de textes que ja no s\u00b4apliquen a la vida de hui i dels que despres de 2000 anys est\u00e1n vigents, com si els hagueren escrit despuahir.<\/p>\n<p style=\"text-align: justify;\">De papers, de pells , de tintes, de m\u00e1quines d\u00b4imprenta, de ploms, cordells i cartrons, de histories i persones i tot el que rodeja a eixe objecte anomenat llibre.<\/p>\n<p style=\"text-align: center;\"><a class=\"{skin:'blue', width:'200', volume:0.5, autoplay:false, showVolumeLevel:true, showTime:true, showRew:true, downloadable:true}\" id=\"mbmaplayer_1359315774987\" href=\"http:\/\/archive.org\/download\/gloria_gener_13\/Plecs_i_ploms_1.mp3\">Plecs i ploms &#8211; Programa 1<\/a><textarea class=\"map_params\" style=\"display: block; padding: 3px; background: #444; color: #fff; text-decoration: none;\" disabled=\"disabled\">map :: {skin:&#8217;blue&#8217;, width:&#8217;200&#8242;, volume:0.5, autoplay:false, showVolumeLevel:true, showTime:true, showRew:true, downloadable:true}<\/textarea><\/p>\n<p><\/br><\/p>\n","protected":false},"excerpt":{"rendered":"<p>Parlarem de tot el mon que rodeja als llibres, del contingut i de l\u00b4aspecte, de la seua p\u00e9rdua o de la supervivencia, de textes que ja no s\u00b4apliquen a la vida de hui i dels que despres de 2000 anys est\u00e1n vigents, com si els hagueren escrit despuahir. De papers, de pells , de tintes, [&hellip;]<\/p>\n","protected":false},"author":272,"featured_media":381,"comment_status":"open","ping_status":"open","sticky":false,"template":"","format":"standard","meta":{"_exactmetrics_skip_tracking":false,"footnotes":""},"categories":[17],"tags":[],"class_list":["post-376","post","type-post","status-publish","format-standard","has-post-thumbnail","hentry","category-plecs-i-ploms"],"aioseo_notices":[],"aioseo_head":"\n\t\t<!-- All in One SEO 5.0.1 - aioseo.com -->\n\t<meta name=\"description\" content=\"Parlarem de tot el mon que rodeja als llibres, del contingut i de l\u00b4aspecte, de la seua p\u00e9rdua o de la supervivencia, de textes que ja no s\u00b4apliquen a la vida de hui i dels que despres de 2000 anys est\u00e1n vigents, com si els hagueren escrit despuahir. De papers, de pells , de tintes,\" \/>\n\t<meta name=\"robots\" content=\"max-image-preview:large\" \/>\n\t<meta name=\"author\" content=\"radio\"\/>\n\t<link rel=\"canonical\" href=\"https:\/\/elcabilo.com\/radio\/2013\/01\/27\/plecs-i-ploms-programa-1\/\" \/>\n\t<meta name=\"generator\" content=\"All in One SEO (AIOSEO) 5.0.1\" \/>\n\t\t<meta property=\"og:locale\" content=\"ca_ES\" \/>\n\t\t<meta property=\"og:site_name\" content=\"Cabil\u00f3R\u00e0dio - La r\u00e0dio online de Sella\" \/>\n\t\t<meta property=\"og:type\" content=\"article\" \/>\n\t\t<meta property=\"og:title\" content=\"Plecs i ploms \u2013 Programa 1 - Cabil\u00f3R\u00e0dio\" \/>\n\t\t<meta property=\"og:description\" content=\"Parlarem de tot el mon que rodeja als llibres, del contingut i de l\u00b4aspecte, de la seua p\u00e9rdua o de la supervivencia, de textes que ja no s\u00b4apliquen a la vida de hui i dels que despres de 2000 anys est\u00e1n vigents, com si els hagueren escrit despuahir. De papers, de pells , de tintes,\" \/>\n\t\t<meta property=\"og:url\" content=\"https:\/\/elcabilo.com\/radio\/2013\/01\/27\/plecs-i-ploms-programa-1\/\" \/>\n\t\t<meta property=\"og:image\" content=\"https:\/\/elcabilo.com\/radio\/files\/2023\/01\/cropped-logo_radio-1.gif\" \/>\n\t\t<meta property=\"og:image:secure_url\" content=\"https:\/\/elcabilo.com\/radio\/files\/2023\/01\/cropped-logo_radio-1.gif\" \/>\n\t\t<meta property=\"article:published_time\" content=\"2013-01-27T22:50:37+00:00\" \/>\n\t\t<meta property=\"article:modified_time\" content=\"2013-01-27T19:52:02+00:00\" \/>\n\t\t<meta name=\"twitter:card\" content=\"summary_large_image\" \/>\n\t\t<meta name=\"twitter:title\" content=\"Plecs i ploms \u2013 Programa 1 - Cabil\u00f3R\u00e0dio\" \/>\n\t\t<meta name=\"twitter:description\" content=\"Parlarem de tot el mon que rodeja als llibres, del contingut i de l\u00b4aspecte, de la seua p\u00e9rdua o de la supervivencia, de textes que ja no s\u00b4apliquen a la vida de hui i dels que despres de 2000 anys est\u00e1n vigents, com si els hagueren escrit despuahir. De papers, de pells , de tintes,\" \/>\n\t\t<meta name=\"twitter:image\" content=\"https:\/\/elcabilo.com\/radio\/files\/2023\/01\/cropped-logo_radio-1.gif\" \/>\n\t\t<script type=\"application\/ld+json\" class=\"aioseo-schema\">\n\t\t\t{\"@context\":\"https:\\\/\\\/schema.org\",\"@graph\":[{\"@type\":\"BlogPosting\",\"@id\":\"https:\\\/\\\/elcabilo.com\\\/radio\\\/2013\\\/01\\\/27\\\/plecs-i-ploms-programa-1\\\/#blogposting\",\"name\":\"Plecs i ploms \\u2013 Programa 1 - Cabil\\u00f3R\\u00e0dio\",\"headline\":\"Plecs i ploms &#8211; Programa 1\",\"author\":{\"@id\":\"https:\\\/\\\/elcabilo.com\\\/radio\\\/author\\\/radio\\\/#author\"},\"publisher\":{\"@id\":\"https:\\\/\\\/elcabilo.com\\\/radio\\\/#organization\"},\"image\":{\"@type\":\"ImageObject\",\"url\":\"https:\\\/\\\/elcabilo.com\\\/radio\\\/files\\\/2013\\\/01\\\/plecs_ploms.jpg\",\"width\":900,\"height\":300},\"datePublished\":\"2013-01-27T23:50:37+01:00\",\"dateModified\":\"2013-01-27T20:52:02+01:00\",\"inLanguage\":\"ca\",\"commentCount\":1,\"mainEntityOfPage\":{\"@id\":\"https:\\\/\\\/elcabilo.com\\\/radio\\\/2013\\\/01\\\/27\\\/plecs-i-ploms-programa-1\\\/#webpage\"},\"isPartOf\":{\"@id\":\"https:\\\/\\\/elcabilo.com\\\/radio\\\/2013\\\/01\\\/27\\\/plecs-i-ploms-programa-1\\\/#webpage\"},\"articleSection\":\"Plecs i ploms\"},{\"@type\":\"BreadcrumbList\",\"@id\":\"https:\\\/\\\/elcabilo.com\\\/radio\\\/2013\\\/01\\\/27\\\/plecs-i-ploms-programa-1\\\/#breadcrumblist\",\"itemListElement\":[{\"@type\":\"ListItem\",\"@id\":\"https:\\\/\\\/elcabilo.com\\\/radio#listItem\",\"position\":1,\"name\":\"Home\",\"item\":\"https:\\\/\\\/elcabilo.com\\\/radio\",\"nextItem\":{\"@type\":\"ListItem\",\"@id\":\"https:\\\/\\\/elcabilo.com\\\/radio\\\/category\\\/programes\\\/#listItem\",\"name\":\"Programes\"}},{\"@type\":\"ListItem\",\"@id\":\"https:\\\/\\\/elcabilo.com\\\/radio\\\/category\\\/programes\\\/#listItem\",\"position\":2,\"name\":\"Programes\",\"item\":\"https:\\\/\\\/elcabilo.com\\\/radio\\\/category\\\/programes\\\/\",\"nextItem\":{\"@type\":\"ListItem\",\"@id\":\"https:\\\/\\\/elcabilo.com\\\/radio\\\/category\\\/programes\\\/plecs-i-ploms\\\/#listItem\",\"name\":\"Plecs i ploms\"},\"previousItem\":{\"@type\":\"ListItem\",\"@id\":\"https:\\\/\\\/elcabilo.com\\\/radio#listItem\",\"name\":\"Home\"}},{\"@type\":\"ListItem\",\"@id\":\"https:\\\/\\\/elcabilo.com\\\/radio\\\/category\\\/programes\\\/plecs-i-ploms\\\/#listItem\",\"position\":3,\"name\":\"Plecs i ploms\",\"item\":\"https:\\\/\\\/elcabilo.com\\\/radio\\\/category\\\/programes\\\/plecs-i-ploms\\\/\",\"nextItem\":{\"@type\":\"ListItem\",\"@id\":\"https:\\\/\\\/elcabilo.com\\\/radio\\\/2013\\\/01\\\/27\\\/plecs-i-ploms-programa-1\\\/#listItem\",\"name\":\"Plecs i ploms &#8211; Programa 1\"},\"previousItem\":{\"@type\":\"ListItem\",\"@id\":\"https:\\\/\\\/elcabilo.com\\\/radio\\\/category\\\/programes\\\/#listItem\",\"name\":\"Programes\"}},{\"@type\":\"ListItem\",\"@id\":\"https:\\\/\\\/elcabilo.com\\\/radio\\\/2013\\\/01\\\/27\\\/plecs-i-ploms-programa-1\\\/#listItem\",\"position\":4,\"name\":\"Plecs i ploms &#8211; Programa 1\",\"previousItem\":{\"@type\":\"ListItem\",\"@id\":\"https:\\\/\\\/elcabilo.com\\\/radio\\\/category\\\/programes\\\/plecs-i-ploms\\\/#listItem\",\"name\":\"Plecs i ploms\"}}]},{\"@type\":\"Organization\",\"@id\":\"https:\\\/\\\/elcabilo.com\\\/radio\\\/#organization\",\"name\":\"Cabil\\u00f3 R\\u00e0dio\",\"description\":\"La r\\u00e0dio online de Sella\",\"url\":\"https:\\\/\\\/elcabilo.com\\\/radio\\\/\",\"logo\":{\"@type\":\"ImageObject\",\"url\":\"https:\\\/\\\/elcabilo.com\\\/radio\\\/files\\\/2023\\\/01\\\/cropped-logo_radio-1.gif\",\"@id\":\"https:\\\/\\\/elcabilo.com\\\/radio\\\/2013\\\/01\\\/27\\\/plecs-i-ploms-programa-1\\\/#organizationLogo\",\"width\":250,\"height\":50},\"image\":{\"@id\":\"https:\\\/\\\/elcabilo.com\\\/radio\\\/2013\\\/01\\\/27\\\/plecs-i-ploms-programa-1\\\/#organizationLogo\"}},{\"@type\":\"Person\",\"@id\":\"https:\\\/\\\/elcabilo.com\\\/radio\\\/author\\\/radio\\\/#author\",\"url\":\"https:\\\/\\\/elcabilo.com\\\/radio\\\/author\\\/radio\\\/\",\"name\":\"radio\",\"image\":{\"@type\":\"ImageObject\",\"@id\":\"https:\\\/\\\/elcabilo.com\\\/radio\\\/2013\\\/01\\\/27\\\/plecs-i-ploms-programa-1\\\/#authorImage\",\"url\":\"https:\\\/\\\/secure.gravatar.com\\\/avatar\\\/bb687b465db46b8e9255d0921cc346091032a91fe77f93721088d5decb8a2d1a?s=96&d=mm&r=g\",\"width\":96,\"height\":96,\"caption\":\"radio\"}},{\"@type\":\"WebPage\",\"@id\":\"https:\\\/\\\/elcabilo.com\\\/radio\\\/2013\\\/01\\\/27\\\/plecs-i-ploms-programa-1\\\/#webpage\",\"url\":\"https:\\\/\\\/elcabilo.com\\\/radio\\\/2013\\\/01\\\/27\\\/plecs-i-ploms-programa-1\\\/\",\"name\":\"Plecs i ploms \\u2013 Programa 1 - Cabil\\u00f3R\\u00e0dio\",\"description\":\"Parlarem de tot el mon que rodeja als llibres, del contingut i de l\\u00b4aspecte, de la seua p\\u00e9rdua o de la supervivencia, de textes que ja no s\\u00b4apliquen a la vida de hui i dels que despres de 2000 anys est\\u00e1n vigents, com si els hagueren escrit despuahir. De papers, de pells , de tintes,\",\"inLanguage\":\"ca\",\"isPartOf\":{\"@id\":\"https:\\\/\\\/elcabilo.com\\\/radio\\\/#website\"},\"breadcrumb\":{\"@id\":\"https:\\\/\\\/elcabilo.com\\\/radio\\\/2013\\\/01\\\/27\\\/plecs-i-ploms-programa-1\\\/#breadcrumblist\"},\"author\":{\"@id\":\"https:\\\/\\\/elcabilo.com\\\/radio\\\/author\\\/radio\\\/#author\"},\"creator\":{\"@id\":\"https:\\\/\\\/elcabilo.com\\\/radio\\\/author\\\/radio\\\/#author\"},\"image\":{\"@type\":\"ImageObject\",\"url\":\"https:\\\/\\\/elcabilo.com\\\/radio\\\/files\\\/2013\\\/01\\\/plecs_ploms.jpg\",\"@id\":\"https:\\\/\\\/elcabilo.com\\\/radio\\\/2013\\\/01\\\/27\\\/plecs-i-ploms-programa-1\\\/#mainImage\",\"width\":900,\"height\":300},\"primaryImageOfPage\":{\"@id\":\"https:\\\/\\\/elcabilo.com\\\/radio\\\/2013\\\/01\\\/27\\\/plecs-i-ploms-programa-1\\\/#mainImage\"},\"datePublished\":\"2013-01-27T23:50:37+01:00\",\"dateModified\":\"2013-01-27T20:52:02+01:00\"},{\"@type\":\"WebSite\",\"@id\":\"https:\\\/\\\/elcabilo.com\\\/radio\\\/#website\",\"url\":\"https:\\\/\\\/elcabilo.com\\\/radio\\\/\",\"name\":\"Cabil\\u00f3 R\\u00e0dio\",\"description\":\"La r\\u00e0dio online de Sella\",\"inLanguage\":\"ca\",\"publisher\":{\"@id\":\"https:\\\/\\\/elcabilo.com\\\/radio\\\/#organization\"}}]}\n\t\t<\/script>\n\t\t<!-- All in One SEO -->\n\n","aioseo_head_json":{"title":"Plecs i ploms \u2013 Programa 1 - Cabil\u00f3R\u00e0dio","description":"Parlarem de tot el mon que rodeja als llibres, del contingut i de l\u00b4aspecte, de la seua p\u00e9rdua o de la supervivencia, de textes que ja no s\u00b4apliquen a la vida de hui i dels que despres de 2000 anys est\u00e1n vigents, com si els hagueren escrit despuahir. De papers, de pells , de tintes,","canonical_url":"https:\/\/elcabilo.com\/radio\/2013\/01\/27\/plecs-i-ploms-programa-1\/","robots":"max-image-preview:large","keywords":"","webmasterTools":{"miscellaneous":""},"schema":{"@context":"https:\/\/schema.org","@graph":[{"@type":"BlogPosting","@id":"https:\/\/elcabilo.com\/radio\/2013\/01\/27\/plecs-i-ploms-programa-1\/#blogposting","name":"Plecs i ploms \u2013 Programa 1 - Cabil\u00f3R\u00e0dio","headline":"Plecs i ploms &#8211; Programa 1","author":{"@id":"https:\/\/elcabilo.com\/radio\/author\/radio\/#author"},"publisher":{"@id":"https:\/\/elcabilo.com\/radio\/#organization"},"image":{"@type":"ImageObject","url":"https:\/\/elcabilo.com\/radio\/files\/2013\/01\/plecs_ploms.jpg","width":900,"height":300},"datePublished":"2013-01-27T23:50:37+01:00","dateModified":"2013-01-27T20:52:02+01:00","inLanguage":"ca","commentCount":1,"mainEntityOfPage":{"@id":"https:\/\/elcabilo.com\/radio\/2013\/01\/27\/plecs-i-ploms-programa-1\/#webpage"},"isPartOf":{"@id":"https:\/\/elcabilo.com\/radio\/2013\/01\/27\/plecs-i-ploms-programa-1\/#webpage"},"articleSection":"Plecs i ploms"},{"@type":"BreadcrumbList","@id":"https:\/\/elcabilo.com\/radio\/2013\/01\/27\/plecs-i-ploms-programa-1\/#breadcrumblist","itemListElement":[{"@type":"ListItem","@id":"https:\/\/elcabilo.com\/radio#listItem","position":1,"name":"Home","item":"https:\/\/elcabilo.com\/radio","nextItem":{"@type":"ListItem","@id":"https:\/\/elcabilo.com\/radio\/category\/programes\/#listItem","name":"Programes"}},{"@type":"ListItem","@id":"https:\/\/elcabilo.com\/radio\/category\/programes\/#listItem","position":2,"name":"Programes","item":"https:\/\/elcabilo.com\/radio\/category\/programes\/","nextItem":{"@type":"ListItem","@id":"https:\/\/elcabilo.com\/radio\/category\/programes\/plecs-i-ploms\/#listItem","name":"Plecs i ploms"},"previousItem":{"@type":"ListItem","@id":"https:\/\/elcabilo.com\/radio#listItem","name":"Home"}},{"@type":"ListItem","@id":"https:\/\/elcabilo.com\/radio\/category\/programes\/plecs-i-ploms\/#listItem","position":3,"name":"Plecs i ploms","item":"https:\/\/elcabilo.com\/radio\/category\/programes\/plecs-i-ploms\/","nextItem":{"@type":"ListItem","@id":"https:\/\/elcabilo.com\/radio\/2013\/01\/27\/plecs-i-ploms-programa-1\/#listItem","name":"Plecs i ploms &#8211; Programa 1"},"previousItem":{"@type":"ListItem","@id":"https:\/\/elcabilo.com\/radio\/category\/programes\/#listItem","name":"Programes"}},{"@type":"ListItem","@id":"https:\/\/elcabilo.com\/radio\/2013\/01\/27\/plecs-i-ploms-programa-1\/#listItem","position":4,"name":"Plecs i ploms &#8211; Programa 1","previousItem":{"@type":"ListItem","@id":"https:\/\/elcabilo.com\/radio\/category\/programes\/plecs-i-ploms\/#listItem","name":"Plecs i ploms"}}]},{"@type":"Organization","@id":"https:\/\/elcabilo.com\/radio\/#organization","name":"Cabil\u00f3 R\u00e0dio","description":"La r\u00e0dio online de Sella","url":"https:\/\/elcabilo.com\/radio\/","logo":{"@type":"ImageObject","url":"https:\/\/elcabilo.com\/radio\/files\/2023\/01\/cropped-logo_radio-1.gif","@id":"https:\/\/elcabilo.com\/radio\/2013\/01\/27\/plecs-i-ploms-programa-1\/#organizationLogo","width":250,"height":50},"image":{"@id":"https:\/\/elcabilo.com\/radio\/2013\/01\/27\/plecs-i-ploms-programa-1\/#organizationLogo"}},{"@type":"Person","@id":"https:\/\/elcabilo.com\/radio\/author\/radio\/#author","url":"https:\/\/elcabilo.com\/radio\/author\/radio\/","name":"radio","image":{"@type":"ImageObject","@id":"https:\/\/elcabilo.com\/radio\/2013\/01\/27\/plecs-i-ploms-programa-1\/#authorImage","url":"https:\/\/secure.gravatar.com\/avatar\/bb687b465db46b8e9255d0921cc346091032a91fe77f93721088d5decb8a2d1a?s=96&d=mm&r=g","width":96,"height":96,"caption":"radio"}},{"@type":"WebPage","@id":"https:\/\/elcabilo.com\/radio\/2013\/01\/27\/plecs-i-ploms-programa-1\/#webpage","url":"https:\/\/elcabilo.com\/radio\/2013\/01\/27\/plecs-i-ploms-programa-1\/","name":"Plecs i ploms \u2013 Programa 1 - Cabil\u00f3R\u00e0dio","description":"Parlarem de tot el mon que rodeja als llibres, del contingut i de l\u00b4aspecte, de la seua p\u00e9rdua o de la supervivencia, de textes que ja no s\u00b4apliquen a la vida de hui i dels que despres de 2000 anys est\u00e1n vigents, com si els hagueren escrit despuahir. De papers, de pells , de tintes,","inLanguage":"ca","isPartOf":{"@id":"https:\/\/elcabilo.com\/radio\/#website"},"breadcrumb":{"@id":"https:\/\/elcabilo.com\/radio\/2013\/01\/27\/plecs-i-ploms-programa-1\/#breadcrumblist"},"author":{"@id":"https:\/\/elcabilo.com\/radio\/author\/radio\/#author"},"creator":{"@id":"https:\/\/elcabilo.com\/radio\/author\/radio\/#author"},"image":{"@type":"ImageObject","url":"https:\/\/elcabilo.com\/radio\/files\/2013\/01\/plecs_ploms.jpg","@id":"https:\/\/elcabilo.com\/radio\/2013\/01\/27\/plecs-i-ploms-programa-1\/#mainImage","width":900,"height":300},"primaryImageOfPage":{"@id":"https:\/\/elcabilo.com\/radio\/2013\/01\/27\/plecs-i-ploms-programa-1\/#mainImage"},"datePublished":"2013-01-27T23:50:37+01:00","dateModified":"2013-01-27T20:52:02+01:00"},{"@type":"WebSite","@id":"https:\/\/elcabilo.com\/radio\/#website","url":"https:\/\/elcabilo.com\/radio\/","name":"Cabil\u00f3 R\u00e0dio","description":"La r\u00e0dio online de Sella","inLanguage":"ca","publisher":{"@id":"https:\/\/elcabilo.com\/radio\/#organization"}}]},"og:locale":"ca_ES","og:site_name":"Cabil\u00f3R\u00e0dio - La r\u00e0dio online de Sella","og:type":"article","og:title":"Plecs i ploms \u2013 Programa 1 - Cabil\u00f3R\u00e0dio","og:description":"Parlarem de tot el mon que rodeja als llibres, del contingut i de l\u00b4aspecte, de la seua p\u00e9rdua o de la supervivencia, de textes que ja no s\u00b4apliquen a la vida de hui i dels que despres de 2000 anys est\u00e1n vigents, com si els hagueren escrit despuahir. De papers, de pells , de tintes,","og:url":"https:\/\/elcabilo.com\/radio\/2013\/01\/27\/plecs-i-ploms-programa-1\/","og:image":"https:\/\/elcabilo.com\/radio\/files\/2023\/01\/cropped-logo_radio-1.gif","og:image:secure_url":"https:\/\/elcabilo.com\/radio\/files\/2023\/01\/cropped-logo_radio-1.gif","article:published_time":"2013-01-27T22:50:37+00:00","article:modified_time":"2013-01-27T19:52:02+00:00","twitter:card":"summary_large_image","twitter:title":"Plecs i ploms \u2013 Programa 1 - Cabil\u00f3R\u00e0dio","twitter:description":"Parlarem de tot el mon que rodeja als llibres, del contingut i de l\u00b4aspecte, de la seua p\u00e9rdua o de la supervivencia, de textes que ja no s\u00b4apliquen a la vida de hui i dels que despres de 2000 anys est\u00e1n vigents, com si els hagueren escrit despuahir. De papers, de pells , de tintes,","twitter:image":"https:\/\/elcabilo.com\/radio\/files\/2023\/01\/cropped-logo_radio-1.gif"},"aioseo_meta_data":{"post_id":"376","title":null,"description":null,"keywords":null,"keyphrases":null,"primary_term":null,"canonical_url":null,"og_title":null,"og_description":null,"og_object_type":"default","og_image_type":"default","og_image_url":null,"og_image_width":null,"og_image_height":null,"og_image_custom_url":null,"og_image_custom_fields":null,"og_video":null,"og_custom_url":null,"og_article_section":null,"og_article_tags":null,"twitter_use_og":false,"twitter_card":"default","twitter_image_type":"default","twitter_image_url":null,"twitter_image_custom_url":null,"twitter_image_custom_fields":null,"twitter_title":null,"twitter_description":null,"schema":{"blockGraphs":[],"customGraphs":[],"default":{"data":{"Article":[],"Course":[],"Dataset":[],"FAQPage":[],"Movie":[],"Person":[],"Product":[],"ProductReview":[],"Car":[],"Recipe":[],"Service":[],"SoftwareApplication":[],"WebPage":[]},"graphName":"","isEnabled":true},"graphs":[]},"schema_type":"default","schema_type_options":null,"pillar_content":false,"robots_default":true,"robots_noindex":false,"robots_noarchive":false,"robots_nosnippet":false,"robots_nofollow":false,"robots_noimageindex":false,"robots_noodp":false,"robots_notranslate":false,"robots_max_snippet":null,"robots_max_videopreview":null,"robots_max_imagepreview":"large","priority":null,"frequency":null,"local_seo":null,"breadcrumb_settings":null,"limit_modified_date":false,"ai":null,"created":"2023-01-27 22:02:49","updated":"2025-06-08 18:57:43","seo_analyzer_scan_date":null,"focus_keyword":null,"additional_keywords":null,"truseo_locale":null},"aioseo_breadcrumb":"<div class=\"aioseo-breadcrumbs\"><span class=\"aioseo-breadcrumb\">\n\t\t\t<a href=\"https:\/\/elcabilo.com\/radio\" title=\"Home\">Home<\/a>\n\t\t<\/span><span class=\"aioseo-breadcrumb-separator\">&raquo;<\/span><span class=\"aioseo-breadcrumb\">\n\t\t\t<a href=\"https:\/\/elcabilo.com\/radio\/category\/programes\/\" title=\"Programes\">Programes<\/a>\n\t\t<\/span><span class=\"aioseo-breadcrumb-separator\">&raquo;<\/span><span class=\"aioseo-breadcrumb\">\n\t\t\t<a href=\"https:\/\/elcabilo.com\/radio\/category\/programes\/plecs-i-ploms\/\" title=\"Plecs i ploms\">Plecs i ploms<\/a>\n\t\t<\/span><span class=\"aioseo-breadcrumb-separator\">&raquo;<\/span><span class=\"aioseo-breadcrumb\">\n\t\t\tPlecs i ploms \u2013 Programa 1\n\t\t<\/span><\/div>","aioseo_breadcrumb_json":[{"label":"Home","link":"https:\/\/elcabilo.com\/radio"},{"label":"Programes","link":"https:\/\/elcabilo.com\/radio\/category\/programes\/"},{"label":"Plecs i ploms","link":"https:\/\/elcabilo.com\/radio\/category\/programes\/plecs-i-ploms\/"},{"label":"Plecs i ploms &#8211; Programa 1","link":"https:\/\/elcabilo.com\/radio\/2013\/01\/27\/plecs-i-ploms-programa-1\/"}],"_links":{"self":[{"href":"https:\/\/elcabilo.com\/radio\/wp-json\/wp\/v2\/posts\/376","targetHints":{"allow":["GET"]}}],"collection":[{"href":"https:\/\/elcabilo.com\/radio\/wp-json\/wp\/v2\/posts"}],"about":[{"href":"https:\/\/elcabilo.com\/radio\/wp-json\/wp\/v2\/types\/post"}],"author":[{"embeddable":true,"href":"https:\/\/elcabilo.com\/radio\/wp-json\/wp\/v2\/users\/272"}],"replies":[{"embeddable":true,"href":"https:\/\/elcabilo.com\/radio\/wp-json\/wp\/v2\/comments?post=376"}],"version-history":[{"count":0,"href":"https:\/\/elcabilo.com\/radio\/wp-json\/wp\/v2\/posts\/376\/revisions"}],"wp:featuredmedia":[{"embeddable":true,"href":"https:\/\/elcabilo.com\/radio\/wp-json\/wp\/v2\/media\/381"}],"wp:attachment":[{"href":"https:\/\/elcabilo.com\/radio\/wp-json\/wp\/v2\/media?parent=376"}],"wp:term":[{"taxonomy":"category","embeddable":true,"href":"https:\/\/elcabilo.com\/radio\/wp-json\/wp\/v2\/categories?post=376"},{"taxonomy":"post_tag","embeddable":true,"href":"https:\/\/elcabilo.com\/radio\/wp-json\/wp\/v2\/tags?post=376"}],"curies":[{"name":"wp","href":"https:\/\/api.w.org\/{rel}","templated":true}]}}