{"id":386,"date":"2013-01-28T00:00:59","date_gmt":"2013-01-27T23:00:59","guid":{"rendered":"http:\/\/elcabilo.com\/radio\/?p=386"},"modified":"2013-01-27T21:01:04","modified_gmt":"2013-01-27T20:01:04","slug":"connectat-programa-1","status":"publish","type":"post","link":"https:\/\/elcabilo.com\/radio\/2013\/01\/28\/connectat-programa-1\/","title":{"rendered":"Connecta&#8217;t &#8211; Programa 1"},"content":{"rendered":"<p style=\"text-align: justify;\">Hola, soc Virtu i espere en este temps que em cedixen poder parla-vos de les noves tecnologies. El meu objetiu es preparar unes xicotetes pildores informatives per donar-vos unes pautes, informar-vos o simplement contar-vos cosetes que em pareixen interessants al mon de la tecnologia \u2013especialment al de la seguretat inform\u00e0tica- i que crec que vos poden ajudar.<\/p>\n<p style=\"text-align: justify;\">Al programa de hui: INTERNET.<\/p>\n<p style=\"text-align: center;\">\u00a0<a class=\"{skin:'blue', width:'200', volume:0.5, autoplay:false, showVolumeLevel:true, showTime:true, showRew:true, downloadable:true}\" id=\"mbmaplayer_1359316591603\" style=\"text-align: center; font-size: 13px; line-height: 19px;\" href=\"http:\/\/archive.org\/download\/internet_gener_13\/Conectat_1.mp3\">Connecta&#8217;t &#8211; Programa 1<\/a><\/p>\n<p style=\"text-align: center;\"><textarea class=\"map_params\" style=\"display: block; padding: 3px; background: #444; color: #fff; text-decoration: none;\" disabled=\"disabled\">map :: {skin:&#8217;blue&#8217;, width:&#8217;200&#8242;, volume:0.5, autoplay:false, showVolumeLevel:true, showTime:true, showRew:true, downloadable:true}<\/textarea><\/p>\n<p>&nbsp;<\/p>\n<p>&nbsp;<\/p>\n","protected":false},"excerpt":{"rendered":"<p>Hola, soc Virtu i espere en este temps que em cedixen poder parla-vos de les noves tecnologies. El meu objetiu es preparar unes xicotetes pildores informatives per donar-vos unes pautes, informar-vos o simplement contar-vos cosetes que em pareixen interessants al mon de la tecnologia \u2013especialment al de la seguretat inform\u00e0tica- i que crec que vos [&hellip;]<\/p>\n","protected":false},"author":272,"featured_media":387,"comment_status":"open","ping_status":"open","sticky":false,"template":"","format":"standard","meta":{"_exactmetrics_skip_tracking":false,"footnotes":""},"categories":[18],"tags":[],"class_list":["post-386","post","type-post","status-publish","format-standard","has-post-thumbnail","hentry","category-connectat"],"aioseo_notices":[],"aioseo_head":"\n\t\t<!-- All in One SEO 5.0.1 - aioseo.com -->\n\t<meta name=\"description\" content=\"Hola, soc Virtu i espere en este temps que em cedixen poder parla-vos de les noves tecnologies. El meu objetiu es preparar unes xicotetes pildores informatives per donar-vos unes pautes, informar-vos o simplement contar-vos cosetes que em pareixen interessants al mon de la tecnologia \u2013especialment al de la seguretat inform\u00e0tica- i que crec que vos\" \/>\n\t<meta name=\"robots\" content=\"max-image-preview:large\" \/>\n\t<meta name=\"author\" content=\"radio\"\/>\n\t<link rel=\"canonical\" href=\"https:\/\/elcabilo.com\/radio\/2013\/01\/28\/connectat-programa-1\/\" \/>\n\t<meta name=\"generator\" content=\"All in One SEO (AIOSEO) 5.0.1\" \/>\n\t\t<meta property=\"og:locale\" content=\"ca_ES\" \/>\n\t\t<meta property=\"og:site_name\" content=\"Cabil\u00f3R\u00e0dio - La r\u00e0dio online de Sella\" \/>\n\t\t<meta property=\"og:type\" content=\"article\" \/>\n\t\t<meta property=\"og:title\" content=\"Connecta\u2019t \u2013 Programa 1 - Cabil\u00f3R\u00e0dio\" \/>\n\t\t<meta property=\"og:description\" content=\"Hola, soc Virtu i espere en este temps que em cedixen poder parla-vos de les noves tecnologies. El meu objetiu es preparar unes xicotetes pildores informatives per donar-vos unes pautes, informar-vos o simplement contar-vos cosetes que em pareixen interessants al mon de la tecnologia \u2013especialment al de la seguretat inform\u00e0tica- i que crec que vos\" \/>\n\t\t<meta property=\"og:url\" content=\"https:\/\/elcabilo.com\/radio\/2013\/01\/28\/connectat-programa-1\/\" \/>\n\t\t<meta property=\"og:image\" content=\"https:\/\/elcabilo.com\/radio\/files\/2023\/01\/cropped-logo_radio-1.gif\" \/>\n\t\t<meta property=\"og:image:secure_url\" content=\"https:\/\/elcabilo.com\/radio\/files\/2023\/01\/cropped-logo_radio-1.gif\" \/>\n\t\t<meta property=\"article:published_time\" content=\"2013-01-27T23:00:59+00:00\" \/>\n\t\t<meta property=\"article:modified_time\" content=\"2013-01-27T20:01:04+00:00\" \/>\n\t\t<meta name=\"twitter:card\" content=\"summary_large_image\" \/>\n\t\t<meta name=\"twitter:title\" content=\"Connecta\u2019t \u2013 Programa 1 - Cabil\u00f3R\u00e0dio\" \/>\n\t\t<meta name=\"twitter:description\" content=\"Hola, soc Virtu i espere en este temps que em cedixen poder parla-vos de les noves tecnologies. El meu objetiu es preparar unes xicotetes pildores informatives per donar-vos unes pautes, informar-vos o simplement contar-vos cosetes que em pareixen interessants al mon de la tecnologia \u2013especialment al de la seguretat inform\u00e0tica- i que crec que vos\" \/>\n\t\t<meta name=\"twitter:image\" content=\"https:\/\/elcabilo.com\/radio\/files\/2023\/01\/cropped-logo_radio-1.gif\" \/>\n\t\t<script type=\"application\/ld+json\" class=\"aioseo-schema\">\n\t\t\t{\"@context\":\"https:\\\/\\\/schema.org\",\"@graph\":[{\"@type\":\"BlogPosting\",\"@id\":\"https:\\\/\\\/elcabilo.com\\\/radio\\\/2013\\\/01\\\/28\\\/connectat-programa-1\\\/#blogposting\",\"name\":\"Connecta\\u2019t \\u2013 Programa 1 - Cabil\\u00f3R\\u00e0dio\",\"headline\":\"Connecta&#8217;t &#8211; Programa 1\",\"author\":{\"@id\":\"https:\\\/\\\/elcabilo.com\\\/radio\\\/author\\\/radio\\\/#author\"},\"publisher\":{\"@id\":\"https:\\\/\\\/elcabilo.com\\\/radio\\\/#organization\"},\"image\":{\"@type\":\"ImageObject\",\"url\":\"https:\\\/\\\/elcabilo.com\\\/radio\\\/files\\\/2013\\\/01\\\/connecta.jpg\",\"width\":500,\"height\":381},\"datePublished\":\"2013-01-28T00:00:59+01:00\",\"dateModified\":\"2013-01-27T21:01:04+01:00\",\"inLanguage\":\"ca\",\"commentCount\":3,\"mainEntityOfPage\":{\"@id\":\"https:\\\/\\\/elcabilo.com\\\/radio\\\/2013\\\/01\\\/28\\\/connectat-programa-1\\\/#webpage\"},\"isPartOf\":{\"@id\":\"https:\\\/\\\/elcabilo.com\\\/radio\\\/2013\\\/01\\\/28\\\/connectat-programa-1\\\/#webpage\"},\"articleSection\":\"Connecta't\"},{\"@type\":\"BreadcrumbList\",\"@id\":\"https:\\\/\\\/elcabilo.com\\\/radio\\\/2013\\\/01\\\/28\\\/connectat-programa-1\\\/#breadcrumblist\",\"itemListElement\":[{\"@type\":\"ListItem\",\"@id\":\"https:\\\/\\\/elcabilo.com\\\/radio#listItem\",\"position\":1,\"name\":\"Home\",\"item\":\"https:\\\/\\\/elcabilo.com\\\/radio\",\"nextItem\":{\"@type\":\"ListItem\",\"@id\":\"https:\\\/\\\/elcabilo.com\\\/radio\\\/category\\\/programes\\\/#listItem\",\"name\":\"Programes\"}},{\"@type\":\"ListItem\",\"@id\":\"https:\\\/\\\/elcabilo.com\\\/radio\\\/category\\\/programes\\\/#listItem\",\"position\":2,\"name\":\"Programes\",\"item\":\"https:\\\/\\\/elcabilo.com\\\/radio\\\/category\\\/programes\\\/\",\"nextItem\":{\"@type\":\"ListItem\",\"@id\":\"https:\\\/\\\/elcabilo.com\\\/radio\\\/category\\\/programes\\\/connectat\\\/#listItem\",\"name\":\"Connecta't\"},\"previousItem\":{\"@type\":\"ListItem\",\"@id\":\"https:\\\/\\\/elcabilo.com\\\/radio#listItem\",\"name\":\"Home\"}},{\"@type\":\"ListItem\",\"@id\":\"https:\\\/\\\/elcabilo.com\\\/radio\\\/category\\\/programes\\\/connectat\\\/#listItem\",\"position\":3,\"name\":\"Connecta't\",\"item\":\"https:\\\/\\\/elcabilo.com\\\/radio\\\/category\\\/programes\\\/connectat\\\/\",\"nextItem\":{\"@type\":\"ListItem\",\"@id\":\"https:\\\/\\\/elcabilo.com\\\/radio\\\/2013\\\/01\\\/28\\\/connectat-programa-1\\\/#listItem\",\"name\":\"Connecta&#8217;t &#8211; Programa 1\"},\"previousItem\":{\"@type\":\"ListItem\",\"@id\":\"https:\\\/\\\/elcabilo.com\\\/radio\\\/category\\\/programes\\\/#listItem\",\"name\":\"Programes\"}},{\"@type\":\"ListItem\",\"@id\":\"https:\\\/\\\/elcabilo.com\\\/radio\\\/2013\\\/01\\\/28\\\/connectat-programa-1\\\/#listItem\",\"position\":4,\"name\":\"Connecta&#8217;t &#8211; Programa 1\",\"previousItem\":{\"@type\":\"ListItem\",\"@id\":\"https:\\\/\\\/elcabilo.com\\\/radio\\\/category\\\/programes\\\/connectat\\\/#listItem\",\"name\":\"Connecta't\"}}]},{\"@type\":\"Organization\",\"@id\":\"https:\\\/\\\/elcabilo.com\\\/radio\\\/#organization\",\"name\":\"Cabil\\u00f3 R\\u00e0dio\",\"description\":\"La r\\u00e0dio online de Sella\",\"url\":\"https:\\\/\\\/elcabilo.com\\\/radio\\\/\",\"logo\":{\"@type\":\"ImageObject\",\"url\":\"https:\\\/\\\/elcabilo.com\\\/radio\\\/files\\\/2023\\\/01\\\/cropped-logo_radio-1.gif\",\"@id\":\"https:\\\/\\\/elcabilo.com\\\/radio\\\/2013\\\/01\\\/28\\\/connectat-programa-1\\\/#organizationLogo\",\"width\":250,\"height\":50},\"image\":{\"@id\":\"https:\\\/\\\/elcabilo.com\\\/radio\\\/2013\\\/01\\\/28\\\/connectat-programa-1\\\/#organizationLogo\"}},{\"@type\":\"Person\",\"@id\":\"https:\\\/\\\/elcabilo.com\\\/radio\\\/author\\\/radio\\\/#author\",\"url\":\"https:\\\/\\\/elcabilo.com\\\/radio\\\/author\\\/radio\\\/\",\"name\":\"radio\",\"image\":{\"@type\":\"ImageObject\",\"@id\":\"https:\\\/\\\/elcabilo.com\\\/radio\\\/2013\\\/01\\\/28\\\/connectat-programa-1\\\/#authorImage\",\"url\":\"https:\\\/\\\/secure.gravatar.com\\\/avatar\\\/bb687b465db46b8e9255d0921cc346091032a91fe77f93721088d5decb8a2d1a?s=96&d=mm&r=g\",\"width\":96,\"height\":96,\"caption\":\"radio\"}},{\"@type\":\"WebPage\",\"@id\":\"https:\\\/\\\/elcabilo.com\\\/radio\\\/2013\\\/01\\\/28\\\/connectat-programa-1\\\/#webpage\",\"url\":\"https:\\\/\\\/elcabilo.com\\\/radio\\\/2013\\\/01\\\/28\\\/connectat-programa-1\\\/\",\"name\":\"Connecta\\u2019t \\u2013 Programa 1 - Cabil\\u00f3R\\u00e0dio\",\"description\":\"Hola, soc Virtu i espere en este temps que em cedixen poder parla-vos de les noves tecnologies. El meu objetiu es preparar unes xicotetes pildores informatives per donar-vos unes pautes, informar-vos o simplement contar-vos cosetes que em pareixen interessants al mon de la tecnologia \\u2013especialment al de la seguretat inform\\u00e0tica- i que crec que vos\",\"inLanguage\":\"ca\",\"isPartOf\":{\"@id\":\"https:\\\/\\\/elcabilo.com\\\/radio\\\/#website\"},\"breadcrumb\":{\"@id\":\"https:\\\/\\\/elcabilo.com\\\/radio\\\/2013\\\/01\\\/28\\\/connectat-programa-1\\\/#breadcrumblist\"},\"author\":{\"@id\":\"https:\\\/\\\/elcabilo.com\\\/radio\\\/author\\\/radio\\\/#author\"},\"creator\":{\"@id\":\"https:\\\/\\\/elcabilo.com\\\/radio\\\/author\\\/radio\\\/#author\"},\"image\":{\"@type\":\"ImageObject\",\"url\":\"https:\\\/\\\/elcabilo.com\\\/radio\\\/files\\\/2013\\\/01\\\/connecta.jpg\",\"@id\":\"https:\\\/\\\/elcabilo.com\\\/radio\\\/2013\\\/01\\\/28\\\/connectat-programa-1\\\/#mainImage\",\"width\":500,\"height\":381},\"primaryImageOfPage\":{\"@id\":\"https:\\\/\\\/elcabilo.com\\\/radio\\\/2013\\\/01\\\/28\\\/connectat-programa-1\\\/#mainImage\"},\"datePublished\":\"2013-01-28T00:00:59+01:00\",\"dateModified\":\"2013-01-27T21:01:04+01:00\"},{\"@type\":\"WebSite\",\"@id\":\"https:\\\/\\\/elcabilo.com\\\/radio\\\/#website\",\"url\":\"https:\\\/\\\/elcabilo.com\\\/radio\\\/\",\"name\":\"Cabil\\u00f3 R\\u00e0dio\",\"description\":\"La r\\u00e0dio online de Sella\",\"inLanguage\":\"ca\",\"publisher\":{\"@id\":\"https:\\\/\\\/elcabilo.com\\\/radio\\\/#organization\"}}]}\n\t\t<\/script>\n\t\t<!-- All in One SEO -->\n\n","aioseo_head_json":{"title":"Connecta\u2019t \u2013 Programa 1 - Cabil\u00f3R\u00e0dio","description":"Hola, soc Virtu i espere en este temps que em cedixen poder parla-vos de les noves tecnologies. El meu objetiu es preparar unes xicotetes pildores informatives per donar-vos unes pautes, informar-vos o simplement contar-vos cosetes que em pareixen interessants al mon de la tecnologia \u2013especialment al de la seguretat inform\u00e0tica- i que crec que vos","canonical_url":"https:\/\/elcabilo.com\/radio\/2013\/01\/28\/connectat-programa-1\/","robots":"max-image-preview:large","keywords":"","webmasterTools":{"miscellaneous":""},"schema":{"@context":"https:\/\/schema.org","@graph":[{"@type":"BlogPosting","@id":"https:\/\/elcabilo.com\/radio\/2013\/01\/28\/connectat-programa-1\/#blogposting","name":"Connecta\u2019t \u2013 Programa 1 - Cabil\u00f3R\u00e0dio","headline":"Connecta&#8217;t &#8211; Programa 1","author":{"@id":"https:\/\/elcabilo.com\/radio\/author\/radio\/#author"},"publisher":{"@id":"https:\/\/elcabilo.com\/radio\/#organization"},"image":{"@type":"ImageObject","url":"https:\/\/elcabilo.com\/radio\/files\/2013\/01\/connecta.jpg","width":500,"height":381},"datePublished":"2013-01-28T00:00:59+01:00","dateModified":"2013-01-27T21:01:04+01:00","inLanguage":"ca","commentCount":3,"mainEntityOfPage":{"@id":"https:\/\/elcabilo.com\/radio\/2013\/01\/28\/connectat-programa-1\/#webpage"},"isPartOf":{"@id":"https:\/\/elcabilo.com\/radio\/2013\/01\/28\/connectat-programa-1\/#webpage"},"articleSection":"Connecta't"},{"@type":"BreadcrumbList","@id":"https:\/\/elcabilo.com\/radio\/2013\/01\/28\/connectat-programa-1\/#breadcrumblist","itemListElement":[{"@type":"ListItem","@id":"https:\/\/elcabilo.com\/radio#listItem","position":1,"name":"Home","item":"https:\/\/elcabilo.com\/radio","nextItem":{"@type":"ListItem","@id":"https:\/\/elcabilo.com\/radio\/category\/programes\/#listItem","name":"Programes"}},{"@type":"ListItem","@id":"https:\/\/elcabilo.com\/radio\/category\/programes\/#listItem","position":2,"name":"Programes","item":"https:\/\/elcabilo.com\/radio\/category\/programes\/","nextItem":{"@type":"ListItem","@id":"https:\/\/elcabilo.com\/radio\/category\/programes\/connectat\/#listItem","name":"Connecta't"},"previousItem":{"@type":"ListItem","@id":"https:\/\/elcabilo.com\/radio#listItem","name":"Home"}},{"@type":"ListItem","@id":"https:\/\/elcabilo.com\/radio\/category\/programes\/connectat\/#listItem","position":3,"name":"Connecta't","item":"https:\/\/elcabilo.com\/radio\/category\/programes\/connectat\/","nextItem":{"@type":"ListItem","@id":"https:\/\/elcabilo.com\/radio\/2013\/01\/28\/connectat-programa-1\/#listItem","name":"Connecta&#8217;t &#8211; Programa 1"},"previousItem":{"@type":"ListItem","@id":"https:\/\/elcabilo.com\/radio\/category\/programes\/#listItem","name":"Programes"}},{"@type":"ListItem","@id":"https:\/\/elcabilo.com\/radio\/2013\/01\/28\/connectat-programa-1\/#listItem","position":4,"name":"Connecta&#8217;t &#8211; Programa 1","previousItem":{"@type":"ListItem","@id":"https:\/\/elcabilo.com\/radio\/category\/programes\/connectat\/#listItem","name":"Connecta't"}}]},{"@type":"Organization","@id":"https:\/\/elcabilo.com\/radio\/#organization","name":"Cabil\u00f3 R\u00e0dio","description":"La r\u00e0dio online de Sella","url":"https:\/\/elcabilo.com\/radio\/","logo":{"@type":"ImageObject","url":"https:\/\/elcabilo.com\/radio\/files\/2023\/01\/cropped-logo_radio-1.gif","@id":"https:\/\/elcabilo.com\/radio\/2013\/01\/28\/connectat-programa-1\/#organizationLogo","width":250,"height":50},"image":{"@id":"https:\/\/elcabilo.com\/radio\/2013\/01\/28\/connectat-programa-1\/#organizationLogo"}},{"@type":"Person","@id":"https:\/\/elcabilo.com\/radio\/author\/radio\/#author","url":"https:\/\/elcabilo.com\/radio\/author\/radio\/","name":"radio","image":{"@type":"ImageObject","@id":"https:\/\/elcabilo.com\/radio\/2013\/01\/28\/connectat-programa-1\/#authorImage","url":"https:\/\/secure.gravatar.com\/avatar\/bb687b465db46b8e9255d0921cc346091032a91fe77f93721088d5decb8a2d1a?s=96&d=mm&r=g","width":96,"height":96,"caption":"radio"}},{"@type":"WebPage","@id":"https:\/\/elcabilo.com\/radio\/2013\/01\/28\/connectat-programa-1\/#webpage","url":"https:\/\/elcabilo.com\/radio\/2013\/01\/28\/connectat-programa-1\/","name":"Connecta\u2019t \u2013 Programa 1 - Cabil\u00f3R\u00e0dio","description":"Hola, soc Virtu i espere en este temps que em cedixen poder parla-vos de les noves tecnologies. El meu objetiu es preparar unes xicotetes pildores informatives per donar-vos unes pautes, informar-vos o simplement contar-vos cosetes que em pareixen interessants al mon de la tecnologia \u2013especialment al de la seguretat inform\u00e0tica- i que crec que vos","inLanguage":"ca","isPartOf":{"@id":"https:\/\/elcabilo.com\/radio\/#website"},"breadcrumb":{"@id":"https:\/\/elcabilo.com\/radio\/2013\/01\/28\/connectat-programa-1\/#breadcrumblist"},"author":{"@id":"https:\/\/elcabilo.com\/radio\/author\/radio\/#author"},"creator":{"@id":"https:\/\/elcabilo.com\/radio\/author\/radio\/#author"},"image":{"@type":"ImageObject","url":"https:\/\/elcabilo.com\/radio\/files\/2013\/01\/connecta.jpg","@id":"https:\/\/elcabilo.com\/radio\/2013\/01\/28\/connectat-programa-1\/#mainImage","width":500,"height":381},"primaryImageOfPage":{"@id":"https:\/\/elcabilo.com\/radio\/2013\/01\/28\/connectat-programa-1\/#mainImage"},"datePublished":"2013-01-28T00:00:59+01:00","dateModified":"2013-01-27T21:01:04+01:00"},{"@type":"WebSite","@id":"https:\/\/elcabilo.com\/radio\/#website","url":"https:\/\/elcabilo.com\/radio\/","name":"Cabil\u00f3 R\u00e0dio","description":"La r\u00e0dio online de Sella","inLanguage":"ca","publisher":{"@id":"https:\/\/elcabilo.com\/radio\/#organization"}}]},"og:locale":"ca_ES","og:site_name":"Cabil\u00f3R\u00e0dio - La r\u00e0dio online de Sella","og:type":"article","og:title":"Connecta\u2019t \u2013 Programa 1 - Cabil\u00f3R\u00e0dio","og:description":"Hola, soc Virtu i espere en este temps que em cedixen poder parla-vos de les noves tecnologies. El meu objetiu es preparar unes xicotetes pildores informatives per donar-vos unes pautes, informar-vos o simplement contar-vos cosetes que em pareixen interessants al mon de la tecnologia \u2013especialment al de la seguretat inform\u00e0tica- i que crec que vos","og:url":"https:\/\/elcabilo.com\/radio\/2013\/01\/28\/connectat-programa-1\/","og:image":"https:\/\/elcabilo.com\/radio\/files\/2023\/01\/cropped-logo_radio-1.gif","og:image:secure_url":"https:\/\/elcabilo.com\/radio\/files\/2023\/01\/cropped-logo_radio-1.gif","article:published_time":"2013-01-27T23:00:59+00:00","article:modified_time":"2013-01-27T20:01:04+00:00","twitter:card":"summary_large_image","twitter:title":"Connecta\u2019t \u2013 Programa 1 - Cabil\u00f3R\u00e0dio","twitter:description":"Hola, soc Virtu i espere en este temps que em cedixen poder parla-vos de les noves tecnologies. El meu objetiu es preparar unes xicotetes pildores informatives per donar-vos unes pautes, informar-vos o simplement contar-vos cosetes que em pareixen interessants al mon de la tecnologia \u2013especialment al de la seguretat inform\u00e0tica- i que crec que vos","twitter:image":"https:\/\/elcabilo.com\/radio\/files\/2023\/01\/cropped-logo_radio-1.gif"},"aioseo_meta_data":{"post_id":"386","title":null,"description":null,"keywords":null,"keyphrases":null,"primary_term":null,"canonical_url":null,"og_title":null,"og_description":null,"og_object_type":"default","og_image_type":"default","og_image_url":null,"og_image_width":null,"og_image_height":null,"og_image_custom_url":null,"og_image_custom_fields":null,"og_video":null,"og_custom_url":null,"og_article_section":null,"og_article_tags":null,"twitter_use_og":false,"twitter_card":"default","twitter_image_type":"default","twitter_image_url":null,"twitter_image_custom_url":null,"twitter_image_custom_fields":null,"twitter_title":null,"twitter_description":null,"schema":{"blockGraphs":[],"customGraphs":[],"default":{"data":{"Article":[],"Course":[],"Dataset":[],"FAQPage":[],"Movie":[],"Person":[],"Product":[],"ProductReview":[],"Car":[],"Recipe":[],"Service":[],"SoftwareApplication":[],"WebPage":[]},"graphName":"","isEnabled":true},"graphs":[]},"schema_type":"default","schema_type_options":null,"pillar_content":false,"robots_default":true,"robots_noindex":false,"robots_noarchive":false,"robots_nosnippet":false,"robots_nofollow":false,"robots_noimageindex":false,"robots_noodp":false,"robots_notranslate":false,"robots_max_snippet":null,"robots_max_videopreview":null,"robots_max_imagepreview":"large","priority":null,"frequency":null,"local_seo":null,"breadcrumb_settings":null,"limit_modified_date":false,"ai":null,"created":"2023-01-27 22:02:49","updated":"2025-06-08 18:57:43","seo_analyzer_scan_date":null,"focus_keyword":null,"additional_keywords":null,"truseo_locale":null},"aioseo_breadcrumb":"<div class=\"aioseo-breadcrumbs\"><span class=\"aioseo-breadcrumb\">\n\t\t\t<a href=\"https:\/\/elcabilo.com\/radio\" title=\"Home\">Home<\/a>\n\t\t<\/span><span class=\"aioseo-breadcrumb-separator\">&raquo;<\/span><span class=\"aioseo-breadcrumb\">\n\t\t\t<a href=\"https:\/\/elcabilo.com\/radio\/category\/programes\/\" title=\"Programes\">Programes<\/a>\n\t\t<\/span><span class=\"aioseo-breadcrumb-separator\">&raquo;<\/span><span class=\"aioseo-breadcrumb\">\n\t\t\t<a href=\"https:\/\/elcabilo.com\/radio\/category\/programes\/connectat\/\" title=\"Connecta&apos;t\">Connecta't<\/a>\n\t\t<\/span><span class=\"aioseo-breadcrumb-separator\">&raquo;<\/span><span class=\"aioseo-breadcrumb\">\n\t\t\tConnecta\u2019t \u2013 Programa 1\n\t\t<\/span><\/div>","aioseo_breadcrumb_json":[{"label":"Home","link":"https:\/\/elcabilo.com\/radio"},{"label":"Programes","link":"https:\/\/elcabilo.com\/radio\/category\/programes\/"},{"label":"Connecta't","link":"https:\/\/elcabilo.com\/radio\/category\/programes\/connectat\/"},{"label":"Connecta&#8217;t &#8211; Programa 1","link":"https:\/\/elcabilo.com\/radio\/2013\/01\/28\/connectat-programa-1\/"}],"_links":{"self":[{"href":"https:\/\/elcabilo.com\/radio\/wp-json\/wp\/v2\/posts\/386","targetHints":{"allow":["GET"]}}],"collection":[{"href":"https:\/\/elcabilo.com\/radio\/wp-json\/wp\/v2\/posts"}],"about":[{"href":"https:\/\/elcabilo.com\/radio\/wp-json\/wp\/v2\/types\/post"}],"author":[{"embeddable":true,"href":"https:\/\/elcabilo.com\/radio\/wp-json\/wp\/v2\/users\/272"}],"replies":[{"embeddable":true,"href":"https:\/\/elcabilo.com\/radio\/wp-json\/wp\/v2\/comments?post=386"}],"version-history":[{"count":0,"href":"https:\/\/elcabilo.com\/radio\/wp-json\/wp\/v2\/posts\/386\/revisions"}],"wp:featuredmedia":[{"embeddable":true,"href":"https:\/\/elcabilo.com\/radio\/wp-json\/wp\/v2\/media\/387"}],"wp:attachment":[{"href":"https:\/\/elcabilo.com\/radio\/wp-json\/wp\/v2\/media?parent=386"}],"wp:term":[{"taxonomy":"category","embeddable":true,"href":"https:\/\/elcabilo.com\/radio\/wp-json\/wp\/v2\/categories?post=386"},{"taxonomy":"post_tag","embeddable":true,"href":"https:\/\/elcabilo.com\/radio\/wp-json\/wp\/v2\/tags?post=386"}],"curies":[{"name":"wp","href":"https:\/\/api.w.org\/{rel}","templated":true}]}}