{"id":399,"date":"2013-01-28T02:00:28","date_gmt":"2013-01-28T01:00:28","guid":{"rendered":"http:\/\/elcabilo.com\/radio\/?p=399"},"modified":"2013-01-28T21:05:55","modified_gmt":"2013-01-28T20:05:55","slug":"la-tributeca-programa-2","status":"publish","type":"post","link":"https:\/\/elcabilo.com\/radio\/2013\/01\/28\/la-tributeca-programa-2\/","title":{"rendered":"La Tributeca &#8211; Programa 2"},"content":{"rendered":"<p style=\"text-align: justify;\">En este segundo programa realizamos cambios aparentes, en primer lugar grabamos en directo por lo que ahora todo tiene un toque especial.<br \/>\nHablaremos de formas de organizaci\u00f3n de la Tribu, consensos, asambleas&#8230;en fin c\u00f3mo tomamos decisiones conjuntas. Empezaremos con la secci\u00f3n de h\u00e1bitos saludables de Anscari quien nos guiar\u00e1 en este mundo de la acidez y la alcalinidad de nuestro cuerpo y c\u00f3mo mejorarlo.<\/p>\n<p style=\"text-align: justify;\">Por otra parte Xavi nos transmite una valiosa informaci\u00f3n acerca de las tecnolog\u00edas libres, donde explicar\u00e1 un texto de los a\u00f1os noventa que habla de un futuro pr\u00f3ximo, que es donde nos encontramos. Conocer leyes y normativas y c\u00f3mo se ha ido desarrollando todo este mundo tecnol\u00f3gico en estas \u00faltimas d\u00e9cadas.<\/p>\n<p style=\"text-align: justify;\">La agenda cultural de cada mes en la provincia nos deja algunas citas imperdibles de eventos de todo tipo.<\/p>\n<p style=\"text-align: justify;\">Por \u00faltimo acabamos con la nueva secci\u00f3n &#8220;Pensamiento Tribu&#8221;, un espacio donde los integrantes del proyecto de manera consensuada desarrollan un texto cada programa, hablaremos de un tema de nuestro inter\u00e9s desde un punto de vista cr\u00edtico y constructivo.<br \/>\nEsta semana hablaremos de c\u00f3mo ha sido la incursi\u00f3n de nuevos colectivos c\u00f3mo nosotros en las zonas rurales.<\/p>\n<p style=\"text-align: justify;\">Todo esto acompa\u00f1ado de una m\u00fasica amena y divertida e infinitas ganas de aprender.<\/p>\n<p style=\"text-align: center;\"><a href=\"http:\/\/archive.org\/download\/tributeca_gener_2013\/programa2_tributeca_final.mp3\">La Tributeca &#8211; Programa 2<\/a><\/p>\n<p>\u00a0Os esperamos en el pr\u00f3ximo programa!<\/p>\n<p>Salud y risas!<\/p>\n","protected":false},"excerpt":{"rendered":"<p>En este segundo programa realizamos cambios aparentes, en primer lugar grabamos en directo por lo que ahora todo tiene un toque especial. Hablaremos de formas de organizaci\u00f3n de la Tribu, consensos, asambleas&#8230;en fin c\u00f3mo tomamos decisiones conjuntas. Empezaremos con la secci\u00f3n de h\u00e1bitos saludables de Anscari quien nos guiar\u00e1 en este mundo de la acidez [&hellip;]<\/p>\n","protected":false},"author":272,"featured_media":154,"comment_status":"open","ping_status":"open","sticky":false,"template":"","format":"standard","meta":{"_exactmetrics_skip_tracking":false,"_exactmetrics_sitenote_active":false,"_exactmetrics_sitenote_note":"","_exactmetrics_sitenote_category":0,"footnotes":""},"categories":[11],"tags":[],"class_list":["post-399","post","type-post","status-publish","format-standard","has-post-thumbnail","hentry","category-la-tributeca"],"aioseo_notices":[],"_links":{"self":[{"href":"https:\/\/elcabilo.com\/radio\/wp-json\/wp\/v2\/posts\/399","targetHints":{"allow":["GET"]}}],"collection":[{"href":"https:\/\/elcabilo.com\/radio\/wp-json\/wp\/v2\/posts"}],"about":[{"href":"https:\/\/elcabilo.com\/radio\/wp-json\/wp\/v2\/types\/post"}],"author":[{"embeddable":true,"href":"https:\/\/elcabilo.com\/radio\/wp-json\/wp\/v2\/users\/272"}],"replies":[{"embeddable":true,"href":"https:\/\/elcabilo.com\/radio\/wp-json\/wp\/v2\/comments?post=399"}],"version-history":[{"count":0,"href":"https:\/\/elcabilo.com\/radio\/wp-json\/wp\/v2\/posts\/399\/revisions"}],"wp:featuredmedia":[{"embeddable":true,"href":"https:\/\/elcabilo.com\/radio\/wp-json\/wp\/v2\/media\/154"}],"wp:attachment":[{"href":"https:\/\/elcabilo.com\/radio\/wp-json\/wp\/v2\/media?parent=399"}],"wp:term":[{"taxonomy":"category","embeddable":true,"href":"https:\/\/elcabilo.com\/radio\/wp-json\/wp\/v2\/categories?post=399"},{"taxonomy":"post_tag","embeddable":true,"href":"https:\/\/elcabilo.com\/radio\/wp-json\/wp\/v2\/tags?post=399"}],"curies":[{"name":"wp","href":"https:\/\/api.w.org\/{rel}","templated":true}]}}